{"id":59541,"date":"2022-10-17T14:13:56","date_gmt":"2022-10-17T17:13:56","guid":{"rendered":"https:\/\/radiolifefm.com.br\/noticias\/?p=59541"},"modified":"2026-04-02T07:56:20","modified_gmt":"2026-04-02T10:56:20","slug":"em-acidente-veiculo-tomba-na-avenida-moyses-justino-da-silva","status":"publish","type":"post","link":"https:\/\/radiolifefm.com.br\/noticias\/em-acidente-veiculo-tomba-na-avenida-moyses-justino-da-silva\/","title":{"rendered":"Em acidente, ve\u00edculo tomba na Avenida Moys\u00e9s Justino da Silva"},"content":{"rendered":"<div id=\"fb-root\"><\/div>\n<div>\n<p>Em um acidente de tr\u00e2nsito no final da manh\u00e3 desta segunda-feira (17), um autom\u00f3vel de passeio tombou no in\u00edcio da Avenida Moys\u00e9s Justino da Silva, nas proximidades do Lar dos Velhos, em Adamantina. H\u00e1 um canteiro central de prote\u00e7\u00e3o a poste danificado, onde possivelmente tenha havido uma colis\u00e3o, antes do tombamento.<\/p>\n<p>O acidente foi pouco antes do meio dia, envolvendo um autom\u00f3vel Fiat Palio, com placas de Itupeva, ocupado por duas pessoas. A ocorr\u00eancia mobilizou equipes da Pol\u00edcia Militar e do Corpo de Bombeiros de Adamantina.<\/p>\n<p><img loading=\"lazy\" decoding=\"async\" class=\"aligncenter\" src=\"https:\/\/www.sigamais.com\/arquivo\/uploads\/seg6aapng1666022785634d7d81425c6.png\" alt=\"\" width=\"540\" height=\"304\" \/><\/p>\n<p><img loading=\"lazy\" decoding=\"async\" class=\"aligncenter\" src=\"https:\/\/www.sigamais.com\/arquivo\/uploads\/whatsapp-image-20221017-at-120106-2jpg1666022797634d7d8dbb6e1.jpg\" alt=\"\" width=\"540\" height=\"304\" \/><br \/>\n<img loading=\"lazy\" decoding=\"async\" class=\"aligncenter\" src=\"https:\/\/www.sigamais.com\/arquivo\/uploads\/whatsapp-image-20221017-at-120106-3jpg1666022810634d7d9a9d2c6.jpg\" alt=\"\" width=\"540\" height=\"304\" \/><\/p>\n<p>As equipes de resgate atuaram na estabiliza\u00e7\u00e3o do ve\u00edculo, para a retirada segura das v\u00edtimas, que foram socorridas conscientes e orientadas, imobilizadas e levadas ao pronto-socorro da Santa Casa de Adamantina. Uma ambul\u00e2ncia da Secretaria Municipal de Sa\u00fade tamb\u00e9m atuou, o que permitiu o deslocamento simult\u00e2neo das duas v\u00edtimas \u00e0 unidade de sa\u00fade, para avalia\u00e7\u00e3o medida e cuidados.<\/p>\n<p>O policiamento da PM atuou na preserva\u00e7\u00e3o da \u00e1rea e na seguran\u00e7a vi\u00e1ria, inclusive desviando temporariamente o fluxo de ve\u00edculos, no sentido Lar dos Velhos\/Rotat\u00f3ria, para um acesso lateral ao Lar dos Velhos, permitindo alcan\u00e7ar a rodovia Adamantina\/Mari\u00e1polis. Pouco antes das 13h o tr\u00e2nsito foi reaberto, permitindo o fluxo, em velocidade reduzida.<\/p>\n<figure style=\"width: 540px\" class=\"wp-caption aligncenter\"><img loading=\"lazy\" decoding=\"async\" src=\"https:\/\/www.sigamais.com\/arquivo\/uploads\/a4png1666023149634d7eed4b7c2.png\" alt=\"\" width=\"540\" height=\"304\" \/><figcaption class=\"wp-caption-text\">(Foto: Siga Mais).<\/figcaption><\/figure>\n<figure style=\"width: 540px\" class=\"wp-caption aligncenter\"><img loading=\"lazy\" decoding=\"async\" src=\"https:\/\/www.sigamais.com\/arquivo\/uploads\/a1jpg1666023130634d7edac5ccb.jpg\" alt=\"\" width=\"540\" height=\"304\" \/><figcaption class=\"wp-caption-text\">(Foto: Siga Mais).<\/figcaption><\/figure>\n<figure style=\"width: 540px\" class=\"wp-caption aligncenter\"><img loading=\"lazy\" decoding=\"async\" src=\"https:\/\/www.sigamais.com\/arquivo\/uploads\/a3png1666023117634d7ecde7cce.png\" alt=\"\" width=\"540\" height=\"304\" \/><figcaption class=\"wp-caption-text\">(Foto: Siga Mais).<\/figcaption><\/figure>\n<figure style=\"width: 540px\" class=\"wp-caption aligncenter\"><img loading=\"lazy\" decoding=\"async\" src=\"https:\/\/www.sigamais.com\/arquivo\/uploads\/a2png1666023172634d7f04c202f.png\" alt=\"\" width=\"540\" height=\"304\" \/><figcaption class=\"wp-caption-text\">(Foto: Siga Mais).<\/figcaption><\/figure>\n<p>O local do acidente ficou sob os cuidados da equipe da PM, para o trabalho dos peritos da Pol\u00edcia Cient\u00edfica. C\u00e2meras de monitoramento de uma empresa em frente ao local do acidente poder\u00e1 revelar as circunst\u00e2ncias do caso.<\/p>\n<p>A Avenida faz a liga\u00e7\u00e3o com bairros como Jardim Bela Vista, Dorigo e Bandeirantes, \u00e0s rodovias que d\u00e3o acesso a Luc\u00e9lia e Mari\u00e1polis.<\/p>\n<\/div>\n<p>Fonte: Siga Mais<\/p>\n","protected":false},"excerpt":{"rendered":"<p>Em um acidente de tr\u00e2nsito no final da manh\u00e3 desta segunda-feira (17), um autom\u00f3vel de passeio tombou no in\u00edcio da Avenida Moys\u00e9s Justino da Silva, nas proximidades do Lar dos Velhos, em Adamantina. H\u00e1 um canteiro central de prote\u00e7\u00e3o a poste danificado, onde possivelmente tenha havido uma colis\u00e3o, antes do tombamento. O acidente foi pouco [&hellip;]<\/p>\n","protected":false},"author":13,"featured_media":59542,"comment_status":"closed","ping_status":"open","sticky":false,"template":"","format":"standard","meta":{"_acf_changed":false,"_exactmetrics_skip_tracking":false,"_exactmetrics_sitenote_active":false,"_exactmetrics_sitenote_note":"","_exactmetrics_sitenote_category":0,"footnotes":""},"categories":[21],"tags":[],"class_list":["post-59541","post","type-post","status-publish","format-standard","has-post-thumbnail","hentry","category-adamantina"],"acf":[],"yoast_head":"<!-- This site is optimized with the Yoast SEO plugin v27.2 - https:\/\/yoast.com\/product\/yoast-seo-wordpress\/ -->\n<title>Em acidente, ve\u00edculo tomba na Avenida Moys\u00e9s Justino da Silva - R\u00e1dio Life FM<\/title>\n<meta name=\"robots\" content=\"index, follow, max-snippet:-1, max-image-preview:large, max-video-preview:-1\" \/>\n<link rel=\"canonical\" href=\"https:\/\/radiolifefm.com.br\/noticias\/em-acidente-veiculo-tomba-na-avenida-moyses-justino-da-silva\/\" \/>\n<meta property=\"og:locale\" content=\"pt_BR\" \/>\n<meta property=\"og:type\" content=\"article\" \/>\n<meta property=\"og:title\" content=\"Em acidente, ve\u00edculo tomba na Avenida Moys\u00e9s Justino da Silva - R\u00e1dio Life FM\" \/>\n<meta property=\"og:description\" content=\"Em um acidente de tr\u00e2nsito no final da manh\u00e3 desta segunda-feira (17), um autom\u00f3vel de passeio tombou no in\u00edcio da Avenida Moys\u00e9s Justino da Silva, nas proximidades do Lar dos Velhos, em Adamantina. H\u00e1 um canteiro central de prote\u00e7\u00e3o a poste danificado, onde possivelmente tenha havido uma colis\u00e3o, antes do tombamento. O acidente foi pouco [&hellip;]\" \/>\n<meta property=\"og:url\" content=\"https:\/\/radiolifefm.com.br\/noticias\/em-acidente-veiculo-tomba-na-avenida-moyses-justino-da-silva\/\" \/>\n<meta property=\"og:site_name\" content=\"R\u00e1dio Life FM\" \/>\n<meta property=\"article:publisher\" content=\"https:\/\/www.facebook.com\/radiolifefm\/\" \/>\n<meta property=\"article:published_time\" content=\"2022-10-17T17:13:56+00:00\" \/>\n<meta property=\"article:modified_time\" content=\"2026-04-02T10:56:20+00:00\" \/>\n<meta property=\"og:image\" content=\"https:\/\/radiolifefm.com.br\/noticias\/wp-content\/uploads\/2022\/10\/a2png1666023251634d7f53af5ae.jpg\" \/>\n\t<meta property=\"og:image:width\" content=\"600\" \/>\n\t<meta property=\"og:image:height\" content=\"337\" \/>\n\t<meta property=\"og:image:type\" content=\"image\/jpeg\" \/>\n<meta name=\"author\" content=\"ritanery\" \/>\n<meta name=\"twitter:card\" content=\"summary_large_image\" \/>\n<meta name=\"twitter:label1\" content=\"Escrito por\" \/>\n\t<meta name=\"twitter:data1\" content=\"ritanery\" \/>\n\t<meta name=\"twitter:label2\" content=\"Est. tempo de leitura\" \/>\n\t<meta name=\"twitter:data2\" content=\"3 minutos\" \/>\n<script type=\"application\/ld+json\" class=\"yoast-schema-graph\">{\"@context\":\"https:\/\/schema.org\",\"@graph\":[{\"@type\":\"Article\",\"@id\":\"https:\/\/radiolifefm.com.br\/noticias\/em-acidente-veiculo-tomba-na-avenida-moyses-justino-da-silva\/#article\",\"isPartOf\":{\"@id\":\"https:\/\/radiolifefm.com.br\/noticias\/em-acidente-veiculo-tomba-na-avenida-moyses-justino-da-silva\/\"},\"author\":{\"name\":\"ritanery\",\"@id\":\"https:\/\/radiolifefm.com.br\/noticias\/#\/schema\/person\/6339b9fac59d12b071dec680d7375d87\"},\"headline\":\"Em acidente, ve\u00edculo tomba na Avenida Moys\u00e9s Justino da Silva\",\"datePublished\":\"2022-10-17T17:13:56+00:00\",\"dateModified\":\"2026-04-02T10:56:20+00:00\",\"mainEntityOfPage\":{\"@id\":\"https:\/\/radiolifefm.com.br\/noticias\/em-acidente-veiculo-tomba-na-avenida-moyses-justino-da-silva\/\"},\"wordCount\":343,\"publisher\":{\"@id\":\"https:\/\/radiolifefm.com.br\/noticias\/#organization\"},\"image\":{\"@id\":\"https:\/\/radiolifefm.com.br\/noticias\/em-acidente-veiculo-tomba-na-avenida-moyses-justino-da-silva\/#primaryimage\"},\"thumbnailUrl\":\"https:\/\/radiolifefm.com.br\/noticias\/wp-content\/uploads\/2022\/10\/a2png1666023251634d7f53af5ae.jpg\",\"articleSection\":[\"Adamantina\"],\"inLanguage\":\"pt-BR\"},{\"@type\":\"WebPage\",\"@id\":\"https:\/\/radiolifefm.com.br\/noticias\/em-acidente-veiculo-tomba-na-avenida-moyses-justino-da-silva\/\",\"url\":\"https:\/\/radiolifefm.com.br\/noticias\/em-acidente-veiculo-tomba-na-avenida-moyses-justino-da-silva\/\",\"name\":\"Em acidente, ve\u00edculo tomba na Avenida Moys\u00e9s Justino da Silva - R\u00e1dio Life FM\",\"isPartOf\":{\"@id\":\"https:\/\/radiolifefm.com.br\/noticias\/#website\"},\"primaryImageOfPage\":{\"@id\":\"https:\/\/radiolifefm.com.br\/noticias\/em-acidente-veiculo-tomba-na-avenida-moyses-justino-da-silva\/#primaryimage\"},\"image\":{\"@id\":\"https:\/\/radiolifefm.com.br\/noticias\/em-acidente-veiculo-tomba-na-avenida-moyses-justino-da-silva\/#primaryimage\"},\"thumbnailUrl\":\"https:\/\/radiolifefm.com.br\/noticias\/wp-content\/uploads\/2022\/10\/a2png1666023251634d7f53af5ae.jpg\",\"datePublished\":\"2022-10-17T17:13:56+00:00\",\"dateModified\":\"2026-04-02T10:56:20+00:00\",\"breadcrumb\":{\"@id\":\"https:\/\/radiolifefm.com.br\/noticias\/em-acidente-veiculo-tomba-na-avenida-moyses-justino-da-silva\/#breadcrumb\"},\"inLanguage\":\"pt-BR\",\"potentialAction\":[{\"@type\":\"ReadAction\",\"target\":[\"https:\/\/radiolifefm.com.br\/noticias\/em-acidente-veiculo-tomba-na-avenida-moyses-justino-da-silva\/\"]}]},{\"@type\":\"ImageObject\",\"inLanguage\":\"pt-BR\",\"@id\":\"https:\/\/radiolifefm.com.br\/noticias\/em-acidente-veiculo-tomba-na-avenida-moyses-justino-da-silva\/#primaryimage\",\"url\":\"https:\/\/radiolifefm.com.br\/noticias\/wp-content\/uploads\/2022\/10\/a2png1666023251634d7f53af5ae.jpg\",\"contentUrl\":\"https:\/\/radiolifefm.com.br\/noticias\/wp-content\/uploads\/2022\/10\/a2png1666023251634d7f53af5ae.jpg\",\"width\":600,\"height\":337,\"caption\":\"Acidente foi no in\u00edcio da Avenida Moys\u00e9s Justino da Silva, proximidades do Lar dos Velhos (Foto: Siga Mais).\"},{\"@type\":\"BreadcrumbList\",\"@id\":\"https:\/\/radiolifefm.com.br\/noticias\/em-acidente-veiculo-tomba-na-avenida-moyses-justino-da-silva\/#breadcrumb\",\"itemListElement\":[{\"@type\":\"ListItem\",\"position\":1,\"name\":\"In\u00edcio\",\"item\":\"https:\/\/radiolifefm.com.br\/noticias\/\"},{\"@type\":\"ListItem\",\"position\":2,\"name\":\"Em acidente, ve\u00edculo tomba na Avenida Moys\u00e9s Justino da Silva\"}]},{\"@type\":\"WebSite\",\"@id\":\"https:\/\/radiolifefm.com.br\/noticias\/#website\",\"url\":\"https:\/\/radiolifefm.com.br\/noticias\/\",\"name\":\"R\u00e1dio Life FM\",\"description\":\"O Portal de Not\u00edcias de Adamantina\",\"publisher\":{\"@id\":\"https:\/\/radiolifefm.com.br\/noticias\/#organization\"},\"alternateName\":\"Life FM\",\"potentialAction\":[{\"@type\":\"SearchAction\",\"target\":{\"@type\":\"EntryPoint\",\"urlTemplate\":\"https:\/\/radiolifefm.com.br\/noticias\/?s={search_term_string}\"},\"query-input\":{\"@type\":\"PropertyValueSpecification\",\"valueRequired\":true,\"valueName\":\"search_term_string\"}}],\"inLanguage\":\"pt-BR\"},{\"@type\":\"Organization\",\"@id\":\"https:\/\/radiolifefm.com.br\/noticias\/#organization\",\"name\":\"R\u00e1dio Life FM\",\"alternateName\":\"Life FM\",\"url\":\"https:\/\/radiolifefm.com.br\/noticias\/\",\"logo\":{\"@type\":\"ImageObject\",\"inLanguage\":\"pt-BR\",\"@id\":\"https:\/\/radiolifefm.com.br\/noticias\/#\/schema\/logo\/image\/\",\"url\":\"https:\/\/static.radiolifefm.com.br\/noticias\/wp-content\/uploads\/2019\/10\/logo-lifefm.png\",\"contentUrl\":\"https:\/\/static.radiolifefm.com.br\/noticias\/wp-content\/uploads\/2019\/10\/logo-lifefm.png\",\"width\":196,\"height\":47,\"caption\":\"R\u00e1dio Life FM\"},\"image\":{\"@id\":\"https:\/\/radiolifefm.com.br\/noticias\/#\/schema\/logo\/image\/\"},\"sameAs\":[\"https:\/\/www.facebook.com\/radiolifefm\/\",\"https:\/\/www.instagram.com\/life1079fm\/\"]},{\"@type\":\"Person\",\"@id\":\"https:\/\/radiolifefm.com.br\/noticias\/#\/schema\/person\/6339b9fac59d12b071dec680d7375d87\",\"name\":\"ritanery\",\"image\":{\"@type\":\"ImageObject\",\"inLanguage\":\"pt-BR\",\"@id\":\"https:\/\/secure.gravatar.com\/avatar\/0e37bb19071f47c0b8a23f62a903df117c5a0e75f65a0c2901562f97cd41cf86?s=96&d=mm&r=g\",\"url\":\"https:\/\/secure.gravatar.com\/avatar\/0e37bb19071f47c0b8a23f62a903df117c5a0e75f65a0c2901562f97cd41cf86?s=96&d=mm&r=g\",\"contentUrl\":\"https:\/\/secure.gravatar.com\/avatar\/0e37bb19071f47c0b8a23f62a903df117c5a0e75f65a0c2901562f97cd41cf86?s=96&d=mm&r=g\",\"caption\":\"ritanery\"}}]}<\/script>\n<!-- \/ Yoast SEO plugin. -->","yoast_head_json":{"title":"Em acidente, ve\u00edculo tomba na Avenida Moys\u00e9s Justino da Silva - R\u00e1dio Life FM","robots":{"index":"index","follow":"follow","max-snippet":"max-snippet:-1","max-image-preview":"max-image-preview:large","max-video-preview":"max-video-preview:-1"},"canonical":"https:\/\/radiolifefm.com.br\/noticias\/em-acidente-veiculo-tomba-na-avenida-moyses-justino-da-silva\/","og_locale":"pt_BR","og_type":"article","og_title":"Em acidente, ve\u00edculo tomba na Avenida Moys\u00e9s Justino da Silva - R\u00e1dio Life FM","og_description":"Em um acidente de tr\u00e2nsito no final da manh\u00e3 desta segunda-feira (17), um autom\u00f3vel de passeio tombou no in\u00edcio da Avenida Moys\u00e9s Justino da Silva, nas proximidades do Lar dos Velhos, em Adamantina. H\u00e1 um canteiro central de prote\u00e7\u00e3o a poste danificado, onde possivelmente tenha havido uma colis\u00e3o, antes do tombamento. O acidente foi pouco [&hellip;]","og_url":"https:\/\/radiolifefm.com.br\/noticias\/em-acidente-veiculo-tomba-na-avenida-moyses-justino-da-silva\/","og_site_name":"R\u00e1dio Life FM","article_publisher":"https:\/\/www.facebook.com\/radiolifefm\/","article_published_time":"2022-10-17T17:13:56+00:00","article_modified_time":"2026-04-02T10:56:20+00:00","og_image":[{"width":600,"height":337,"url":"https:\/\/radiolifefm.com.br\/noticias\/wp-content\/uploads\/2022\/10\/a2png1666023251634d7f53af5ae.jpg","type":"image\/jpeg"}],"author":"ritanery","twitter_card":"summary_large_image","twitter_misc":{"Escrito por":"ritanery","Est. tempo de leitura":"3 minutos"},"schema":{"@context":"https:\/\/schema.org","@graph":[{"@type":"Article","@id":"https:\/\/radiolifefm.com.br\/noticias\/em-acidente-veiculo-tomba-na-avenida-moyses-justino-da-silva\/#article","isPartOf":{"@id":"https:\/\/radiolifefm.com.br\/noticias\/em-acidente-veiculo-tomba-na-avenida-moyses-justino-da-silva\/"},"author":{"name":"ritanery","@id":"https:\/\/radiolifefm.com.br\/noticias\/#\/schema\/person\/6339b9fac59d12b071dec680d7375d87"},"headline":"Em acidente, ve\u00edculo tomba na Avenida Moys\u00e9s Justino da Silva","datePublished":"2022-10-17T17:13:56+00:00","dateModified":"2026-04-02T10:56:20+00:00","mainEntityOfPage":{"@id":"https:\/\/radiolifefm.com.br\/noticias\/em-acidente-veiculo-tomba-na-avenida-moyses-justino-da-silva\/"},"wordCount":343,"publisher":{"@id":"https:\/\/radiolifefm.com.br\/noticias\/#organization"},"image":{"@id":"https:\/\/radiolifefm.com.br\/noticias\/em-acidente-veiculo-tomba-na-avenida-moyses-justino-da-silva\/#primaryimage"},"thumbnailUrl":"https:\/\/radiolifefm.com.br\/noticias\/wp-content\/uploads\/2022\/10\/a2png1666023251634d7f53af5ae.jpg","articleSection":["Adamantina"],"inLanguage":"pt-BR"},{"@type":"WebPage","@id":"https:\/\/radiolifefm.com.br\/noticias\/em-acidente-veiculo-tomba-na-avenida-moyses-justino-da-silva\/","url":"https:\/\/radiolifefm.com.br\/noticias\/em-acidente-veiculo-tomba-na-avenida-moyses-justino-da-silva\/","name":"Em acidente, ve\u00edculo tomba na Avenida Moys\u00e9s Justino da Silva - R\u00e1dio Life FM","isPartOf":{"@id":"https:\/\/radiolifefm.com.br\/noticias\/#website"},"primaryImageOfPage":{"@id":"https:\/\/radiolifefm.com.br\/noticias\/em-acidente-veiculo-tomba-na-avenida-moyses-justino-da-silva\/#primaryimage"},"image":{"@id":"https:\/\/radiolifefm.com.br\/noticias\/em-acidente-veiculo-tomba-na-avenida-moyses-justino-da-silva\/#primaryimage"},"thumbnailUrl":"https:\/\/radiolifefm.com.br\/noticias\/wp-content\/uploads\/2022\/10\/a2png1666023251634d7f53af5ae.jpg","datePublished":"2022-10-17T17:13:56+00:00","dateModified":"2026-04-02T10:56:20+00:00","breadcrumb":{"@id":"https:\/\/radiolifefm.com.br\/noticias\/em-acidente-veiculo-tomba-na-avenida-moyses-justino-da-silva\/#breadcrumb"},"inLanguage":"pt-BR","potentialAction":[{"@type":"ReadAction","target":["https:\/\/radiolifefm.com.br\/noticias\/em-acidente-veiculo-tomba-na-avenida-moyses-justino-da-silva\/"]}]},{"@type":"ImageObject","inLanguage":"pt-BR","@id":"https:\/\/radiolifefm.com.br\/noticias\/em-acidente-veiculo-tomba-na-avenida-moyses-justino-da-silva\/#primaryimage","url":"https:\/\/radiolifefm.com.br\/noticias\/wp-content\/uploads\/2022\/10\/a2png1666023251634d7f53af5ae.jpg","contentUrl":"https:\/\/radiolifefm.com.br\/noticias\/wp-content\/uploads\/2022\/10\/a2png1666023251634d7f53af5ae.jpg","width":600,"height":337,"caption":"Acidente foi no in\u00edcio da Avenida Moys\u00e9s Justino da Silva, proximidades do Lar dos Velhos (Foto: Siga Mais)."},{"@type":"BreadcrumbList","@id":"https:\/\/radiolifefm.com.br\/noticias\/em-acidente-veiculo-tomba-na-avenida-moyses-justino-da-silva\/#breadcrumb","itemListElement":[{"@type":"ListItem","position":1,"name":"In\u00edcio","item":"https:\/\/radiolifefm.com.br\/noticias\/"},{"@type":"ListItem","position":2,"name":"Em acidente, ve\u00edculo tomba na Avenida Moys\u00e9s Justino da Silva"}]},{"@type":"WebSite","@id":"https:\/\/radiolifefm.com.br\/noticias\/#website","url":"https:\/\/radiolifefm.com.br\/noticias\/","name":"R\u00e1dio Life FM","description":"O Portal de Not\u00edcias de Adamantina","publisher":{"@id":"https:\/\/radiolifefm.com.br\/noticias\/#organization"},"alternateName":"Life FM","potentialAction":[{"@type":"SearchAction","target":{"@type":"EntryPoint","urlTemplate":"https:\/\/radiolifefm.com.br\/noticias\/?s={search_term_string}"},"query-input":{"@type":"PropertyValueSpecification","valueRequired":true,"valueName":"search_term_string"}}],"inLanguage":"pt-BR"},{"@type":"Organization","@id":"https:\/\/radiolifefm.com.br\/noticias\/#organization","name":"R\u00e1dio Life FM","alternateName":"Life FM","url":"https:\/\/radiolifefm.com.br\/noticias\/","logo":{"@type":"ImageObject","inLanguage":"pt-BR","@id":"https:\/\/radiolifefm.com.br\/noticias\/#\/schema\/logo\/image\/","url":"https:\/\/static.radiolifefm.com.br\/noticias\/wp-content\/uploads\/2019\/10\/logo-lifefm.png","contentUrl":"https:\/\/static.radiolifefm.com.br\/noticias\/wp-content\/uploads\/2019\/10\/logo-lifefm.png","width":196,"height":47,"caption":"R\u00e1dio Life FM"},"image":{"@id":"https:\/\/radiolifefm.com.br\/noticias\/#\/schema\/logo\/image\/"},"sameAs":["https:\/\/www.facebook.com\/radiolifefm\/","https:\/\/www.instagram.com\/life1079fm\/"]},{"@type":"Person","@id":"https:\/\/radiolifefm.com.br\/noticias\/#\/schema\/person\/6339b9fac59d12b071dec680d7375d87","name":"ritanery","image":{"@type":"ImageObject","inLanguage":"pt-BR","@id":"https:\/\/secure.gravatar.com\/avatar\/0e37bb19071f47c0b8a23f62a903df117c5a0e75f65a0c2901562f97cd41cf86?s=96&d=mm&r=g","url":"https:\/\/secure.gravatar.com\/avatar\/0e37bb19071f47c0b8a23f62a903df117c5a0e75f65a0c2901562f97cd41cf86?s=96&d=mm&r=g","contentUrl":"https:\/\/secure.gravatar.com\/avatar\/0e37bb19071f47c0b8a23f62a903df117c5a0e75f65a0c2901562f97cd41cf86?s=96&d=mm&r=g","caption":"ritanery"}}]}},"amp_enabled":true,"_links":{"self":[{"href":"https:\/\/radiolifefm.com.br\/noticias\/wp-json\/wp\/v2\/posts\/59541","targetHints":{"allow":["GET"]}}],"collection":[{"href":"https:\/\/radiolifefm.com.br\/noticias\/wp-json\/wp\/v2\/posts"}],"about":[{"href":"https:\/\/radiolifefm.com.br\/noticias\/wp-json\/wp\/v2\/types\/post"}],"author":[{"embeddable":true,"href":"https:\/\/radiolifefm.com.br\/noticias\/wp-json\/wp\/v2\/users\/13"}],"replies":[{"embeddable":true,"href":"https:\/\/radiolifefm.com.br\/noticias\/wp-json\/wp\/v2\/comments?post=59541"}],"version-history":[{"count":5,"href":"https:\/\/radiolifefm.com.br\/noticias\/wp-json\/wp\/v2\/posts\/59541\/revisions"}],"predecessor-version":[{"id":59547,"href":"https:\/\/radiolifefm.com.br\/noticias\/wp-json\/wp\/v2\/posts\/59541\/revisions\/59547"}],"wp:featuredmedia":[{"embeddable":true,"href":"https:\/\/radiolifefm.com.br\/noticias\/wp-json\/wp\/v2\/media\/59542"}],"wp:attachment":[{"href":"https:\/\/radiolifefm.com.br\/noticias\/wp-json\/wp\/v2\/media?parent=59541"}],"wp:term":[{"taxonomy":"category","embeddable":true,"href":"https:\/\/radiolifefm.com.br\/noticias\/wp-json\/wp\/v2\/categories?post=59541"},{"taxonomy":"post_tag","embeddable":true,"href":"https:\/\/radiolifefm.com.br\/noticias\/wp-json\/wp\/v2\/tags?post=59541"}],"curies":[{"name":"wp","href":"https:\/\/api.w.org\/{rel}","templated":true}]}}