{"id":59459,"date":"2022-10-15T18:56:12","date_gmt":"2022-10-15T21:56:12","guid":{"rendered":"https:\/\/radiolifefm.com.br\/noticias\/?p=59459"},"modified":"2026-03-13T23:07:25","modified_gmt":"2026-03-14T02:07:25","slug":"a-importancia-do-tratamento-psicologico-aos-pacientes-oncologicosadamanti","status":"publish","type":"post","link":"https:\/\/radiolifefm.com.br\/noticias\/a-importancia-do-tratamento-psicologico-aos-pacientes-oncologicosadamanti\/","title":{"rendered":"A import\u00e2ncia do tratamento psicol\u00f3gico aos pacientes oncol\u00f3gicos."},"content":{"rendered":"<div id=\"fb-root\"><\/div>\n<p>O segundo epis\u00f3dio do\u00a0 PODCAST &#8220;Amigas da Rede&#8221;\u00a0 teve como tema o tratamento psicol\u00f3gico aos pacientes oncol\u00f3gicos.<\/p>\n<p>Foi emocionante o relato da paciente Patr\u00edcia Duarte Dias, ela teve o acompanhamento da\u00a0 psic\u00f3loga Beatriz Rocha Belone que se tornou parceira na luta di\u00e1ria e o tratamento psicol\u00f3gico ajudou a Patr\u00edcia em\u00a0 outras situa\u00e7\u00f5es da vida.<\/p>\n<p>A Val\u00e9ria Marinho fisioterapeuta P\u00e9lvica foi a apresentadora do segundo epis\u00f3dio, que tamb\u00e9m se\u00a0 emocionou com as convidadas.<\/p>\n<div class='flex flex-wrap items-center -mx-1'>\r\n<a class='thumbnail gallery p-1 w-1\/2 md:w-1\/4' href='https:\/\/radiolifefm.com.br\/noticias\/wp-content\/uploads\/2022\/10\/WhatsApp-Image-2022-10-15-at-17.00.54-2.jpeg'><img class='border border-white' src='https:\/\/radiolifefm.com.br\/noticias\/wp-content\/uploads\/2022\/10\/WhatsApp-Image-2022-10-15-at-17.00.54-2-200x200.jpeg' alt='WhatsApp Image 2022 10 15 At 17.00.54 (2)' \/><\/a><a class='thumbnail gallery p-1 w-1\/2 md:w-1\/4' href='https:\/\/radiolifefm.com.br\/noticias\/wp-content\/uploads\/2022\/10\/WhatsApp-Image-2022-10-15-at-17.00.52-2.jpeg'><img class='border border-white' src='https:\/\/radiolifefm.com.br\/noticias\/wp-content\/uploads\/2022\/10\/WhatsApp-Image-2022-10-15-at-17.00.52-2-200x200.jpeg' alt='WhatsApp Image 2022 10 15 At 17.00.52 (2)' \/><\/a><a class='thumbnail gallery p-1 w-1\/2 md:w-1\/4' href='https:\/\/radiolifefm.com.br\/noticias\/wp-content\/uploads\/2022\/10\/WhatsApp-Image-2022-10-15-at-17.00.00-1.jpeg'><img class='border border-white' src='https:\/\/radiolifefm.com.br\/noticias\/wp-content\/uploads\/2022\/10\/WhatsApp-Image-2022-10-15-at-17.00.00-1-200x200.jpeg' alt='WhatsApp Image 2022 10 15 At 17.00.00 (1)' \/><\/a><a class='thumbnail gallery p-1 w-1\/2 md:w-1\/4' href='https:\/\/radiolifefm.com.br\/noticias\/wp-content\/uploads\/2022\/10\/WhatsApp-Image-2022-10-15-at-17.00.52-1.jpeg'><img class='border border-white' src='https:\/\/radiolifefm.com.br\/noticias\/wp-content\/uploads\/2022\/10\/WhatsApp-Image-2022-10-15-at-17.00.52-1-200x200.jpeg' alt='WhatsApp Image 2022 10 15 At 17.00.52 (1)' \/><\/a><a class='thumbnail gallery p-1 w-1\/2 md:w-1\/4' href='https:\/\/radiolifefm.com.br\/noticias\/wp-content\/uploads\/2022\/10\/WhatsApp-Image-2022-10-15-at-17.00.54.jpeg'><img class='border border-white' src='https:\/\/radiolifefm.com.br\/noticias\/wp-content\/uploads\/2022\/10\/WhatsApp-Image-2022-10-15-at-17.00.54-200x200.jpeg' alt='WhatsApp Image 2022 10 15 At 17.00.54' \/><\/a><a class='thumbnail gallery p-1 w-1\/2 md:w-1\/4' href='https:\/\/radiolifefm.com.br\/noticias\/wp-content\/uploads\/2022\/10\/WhatsApp-Image-2022-10-15-at-17.00.53-2.jpeg'><img class='border border-white' src='https:\/\/radiolifefm.com.br\/noticias\/wp-content\/uploads\/2022\/10\/WhatsApp-Image-2022-10-15-at-17.00.53-2-200x200.jpeg' alt='WhatsApp Image 2022 10 15 At 17.00.53 (2)' \/><\/a><a class='thumbnail gallery p-1 w-1\/2 md:w-1\/4' href='https:\/\/radiolifefm.com.br\/noticias\/wp-content\/uploads\/2022\/10\/WhatsApp-Image-2022-10-15-at-17.00.54-1.jpeg'><img class='border border-white' src='https:\/\/radiolifefm.com.br\/noticias\/wp-content\/uploads\/2022\/10\/WhatsApp-Image-2022-10-15-at-17.00.54-1-200x200.jpeg' alt='WhatsApp Image 2022 10 15 At 17.00.54 (1)' \/><\/a><a class='thumbnail gallery p-1 w-1\/2 md:w-1\/4' href='https:\/\/radiolifefm.com.br\/noticias\/wp-content\/uploads\/2022\/10\/WhatsApp-Image-2022-10-15-at-17.00.53-1.jpeg'><img class='border border-white' src='https:\/\/radiolifefm.com.br\/noticias\/wp-content\/uploads\/2022\/10\/WhatsApp-Image-2022-10-15-at-17.00.53-1-200x200.jpeg' alt='WhatsApp Image 2022 10 15 At 17.00.53 (1)' \/><\/a><a class='thumbnail gallery p-1 w-1\/2 md:w-1\/4' href='https:\/\/radiolifefm.com.br\/noticias\/wp-content\/uploads\/2022\/10\/WhatsApp-Image-2022-10-15-at-17.00.53.jpeg'><img class='border border-white' src='https:\/\/radiolifefm.com.br\/noticias\/wp-content\/uploads\/2022\/10\/WhatsApp-Image-2022-10-15-at-17.00.53-200x200.jpeg' alt='WhatsApp Image 2022 10 15 At 17.00.53' \/><\/a><a class='thumbnail gallery p-1 w-1\/2 md:w-1\/4' href='https:\/\/radiolifefm.com.br\/noticias\/wp-content\/uploads\/2022\/10\/WhatsApp-Image-2022-10-15-at-17.00.52.jpeg'><img class='border border-white' src='https:\/\/radiolifefm.com.br\/noticias\/wp-content\/uploads\/2022\/10\/WhatsApp-Image-2022-10-15-at-17.00.52-200x200.jpeg' alt='WhatsApp Image 2022 10 15 At 17.00.52' \/><\/a><a class='thumbnail gallery p-1 w-1\/2 md:w-1\/4' href='https:\/\/radiolifefm.com.br\/noticias\/wp-content\/uploads\/2022\/10\/WhatsApp-Image-2022-10-15-at-17.00.51.jpeg'><img class='border border-white' src='https:\/\/radiolifefm.com.br\/noticias\/wp-content\/uploads\/2022\/10\/WhatsApp-Image-2022-10-15-at-17.00.51-200x200.jpeg' alt='WhatsApp Image 2022 10 15 At 17.00.51' \/><\/a><\/div>\n<p>Assista o Podcast acessando o link abaixo:<\/p>\n<p><iframe loading=\"lazy\" title=\"AMIGAS DA REDE #2\" width=\"500\" height=\"281\" src=\"https:\/\/www.youtube.com\/embed\/7lCfo-2nqag?feature=oembed\" frameborder=\"0\" allow=\"accelerometer; autoplay; clipboard-write; encrypted-media; gyroscope; picture-in-picture; web-share\" referrerpolicy=\"strict-origin-when-cross-origin\" allowfullscreen><\/iframe><\/p>\n<p>&nbsp;<\/p>\n","protected":false},"excerpt":{"rendered":"<p>O segundo epis\u00f3dio do\u00a0 PODCAST &#8220;Amigas da Rede&#8221;\u00a0 teve como tema o tratamento psicol\u00f3gico aos pacientes oncol\u00f3gicos. Foi emocionante o relato da paciente Patr\u00edcia Duarte Dias, ela teve o acompanhamento da\u00a0 psic\u00f3loga Beatriz Rocha Belone que se tornou parceira na luta di\u00e1ria e o tratamento psicol\u00f3gico ajudou a Patr\u00edcia em\u00a0 outras situa\u00e7\u00f5es da vida. A [&hellip;]<\/p>\n","protected":false},"author":13,"featured_media":59475,"comment_status":"closed","ping_status":"open","sticky":false,"template":"","format":"standard","meta":{"_acf_changed":false,"_exactmetrics_skip_tracking":false,"_exactmetrics_sitenote_active":false,"_exactmetrics_sitenote_note":"","_exactmetrics_sitenote_category":0,"footnotes":""},"categories":[21],"tags":[],"class_list":["post-59459","post","type-post","status-publish","format-standard","has-post-thumbnail","hentry","category-adamantina"],"acf":[],"yoast_head":"<!-- This site is optimized with the Yoast SEO plugin v27.2 - https:\/\/yoast.com\/product\/yoast-seo-wordpress\/ -->\n<title>A import\u00e2ncia do tratamento psicol\u00f3gico aos pacientes oncol\u00f3gicos. - R\u00e1dio Life FM<\/title>\n<meta name=\"robots\" content=\"index, follow, max-snippet:-1, max-image-preview:large, max-video-preview:-1\" \/>\n<link rel=\"canonical\" href=\"https:\/\/radiolifefm.com.br\/noticias\/a-importancia-do-tratamento-psicologico-aos-pacientes-oncologicosadamanti\/\" \/>\n<meta property=\"og:locale\" content=\"pt_BR\" \/>\n<meta property=\"og:type\" content=\"article\" \/>\n<meta property=\"og:title\" content=\"A import\u00e2ncia do tratamento psicol\u00f3gico aos pacientes oncol\u00f3gicos. - R\u00e1dio Life FM\" \/>\n<meta property=\"og:description\" content=\"O segundo epis\u00f3dio do\u00a0 PODCAST &#8220;Amigas da Rede&#8221;\u00a0 teve como tema o tratamento psicol\u00f3gico aos pacientes oncol\u00f3gicos. Foi emocionante o relato da paciente Patr\u00edcia Duarte Dias, ela teve o acompanhamento da\u00a0 psic\u00f3loga Beatriz Rocha Belone que se tornou parceira na luta di\u00e1ria e o tratamento psicol\u00f3gico ajudou a Patr\u00edcia em\u00a0 outras situa\u00e7\u00f5es da vida. A [&hellip;]\" \/>\n<meta property=\"og:url\" content=\"https:\/\/radiolifefm.com.br\/noticias\/a-importancia-do-tratamento-psicologico-aos-pacientes-oncologicosadamanti\/\" \/>\n<meta property=\"og:site_name\" content=\"R\u00e1dio Life FM\" \/>\n<meta property=\"article:publisher\" content=\"https:\/\/www.facebook.com\/radiolifefm\/\" \/>\n<meta property=\"article:published_time\" content=\"2022-10-15T21:56:12+00:00\" \/>\n<meta property=\"article:modified_time\" content=\"2026-03-14T02:07:25+00:00\" \/>\n<meta property=\"og:image\" content=\"https:\/\/radiolifefm.com.br\/noticias\/wp-content\/uploads\/2022\/10\/WhatsApp-Image-2022-10-15-at-19.30.59.jpeg\" \/>\n\t<meta property=\"og:image:width\" content=\"1239\" \/>\n\t<meta property=\"og:image:height\" content=\"873\" \/>\n\t<meta property=\"og:image:type\" content=\"image\/jpeg\" \/>\n<meta name=\"author\" content=\"ritanery\" \/>\n<meta name=\"twitter:card\" content=\"summary_large_image\" \/>\n<meta name=\"twitter:label1\" content=\"Escrito por\" \/>\n\t<meta name=\"twitter:data1\" content=\"ritanery\" \/>\n\t<meta name=\"twitter:label2\" content=\"Est. tempo de leitura\" \/>\n\t<meta name=\"twitter:data2\" content=\"1 minuto\" \/>\n<script type=\"application\/ld+json\" class=\"yoast-schema-graph\">{\"@context\":\"https:\/\/schema.org\",\"@graph\":[{\"@type\":\"Article\",\"@id\":\"https:\/\/radiolifefm.com.br\/noticias\/a-importancia-do-tratamento-psicologico-aos-pacientes-oncologicosadamanti\/#article\",\"isPartOf\":{\"@id\":\"https:\/\/radiolifefm.com.br\/noticias\/a-importancia-do-tratamento-psicologico-aos-pacientes-oncologicosadamanti\/\"},\"author\":{\"name\":\"ritanery\",\"@id\":\"https:\/\/radiolifefm.com.br\/noticias\/#\/schema\/person\/6339b9fac59d12b071dec680d7375d87\"},\"headline\":\"A import\u00e2ncia do tratamento psicol\u00f3gico aos pacientes oncol\u00f3gicos.\",\"datePublished\":\"2022-10-15T21:56:12+00:00\",\"dateModified\":\"2026-03-14T02:07:25+00:00\",\"mainEntityOfPage\":{\"@id\":\"https:\/\/radiolifefm.com.br\/noticias\/a-importancia-do-tratamento-psicologico-aos-pacientes-oncologicosadamanti\/\"},\"wordCount\":119,\"publisher\":{\"@id\":\"https:\/\/radiolifefm.com.br\/noticias\/#organization\"},\"image\":{\"@id\":\"https:\/\/radiolifefm.com.br\/noticias\/a-importancia-do-tratamento-psicologico-aos-pacientes-oncologicosadamanti\/#primaryimage\"},\"thumbnailUrl\":\"https:\/\/radiolifefm.com.br\/noticias\/wp-content\/uploads\/2022\/10\/WhatsApp-Image-2022-10-15-at-19.30.59.jpeg\",\"articleSection\":[\"Adamantina\"],\"inLanguage\":\"pt-BR\"},{\"@type\":\"WebPage\",\"@id\":\"https:\/\/radiolifefm.com.br\/noticias\/a-importancia-do-tratamento-psicologico-aos-pacientes-oncologicosadamanti\/\",\"url\":\"https:\/\/radiolifefm.com.br\/noticias\/a-importancia-do-tratamento-psicologico-aos-pacientes-oncologicosadamanti\/\",\"name\":\"A import\u00e2ncia do tratamento psicol\u00f3gico aos pacientes oncol\u00f3gicos. - R\u00e1dio Life FM\",\"isPartOf\":{\"@id\":\"https:\/\/radiolifefm.com.br\/noticias\/#website\"},\"primaryImageOfPage\":{\"@id\":\"https:\/\/radiolifefm.com.br\/noticias\/a-importancia-do-tratamento-psicologico-aos-pacientes-oncologicosadamanti\/#primaryimage\"},\"image\":{\"@id\":\"https:\/\/radiolifefm.com.br\/noticias\/a-importancia-do-tratamento-psicologico-aos-pacientes-oncologicosadamanti\/#primaryimage\"},\"thumbnailUrl\":\"https:\/\/radiolifefm.com.br\/noticias\/wp-content\/uploads\/2022\/10\/WhatsApp-Image-2022-10-15-at-19.30.59.jpeg\",\"datePublished\":\"2022-10-15T21:56:12+00:00\",\"dateModified\":\"2026-03-14T02:07:25+00:00\",\"breadcrumb\":{\"@id\":\"https:\/\/radiolifefm.com.br\/noticias\/a-importancia-do-tratamento-psicologico-aos-pacientes-oncologicosadamanti\/#breadcrumb\"},\"inLanguage\":\"pt-BR\",\"potentialAction\":[{\"@type\":\"ReadAction\",\"target\":[\"https:\/\/radiolifefm.com.br\/noticias\/a-importancia-do-tratamento-psicologico-aos-pacientes-oncologicosadamanti\/\"]}]},{\"@type\":\"ImageObject\",\"inLanguage\":\"pt-BR\",\"@id\":\"https:\/\/radiolifefm.com.br\/noticias\/a-importancia-do-tratamento-psicologico-aos-pacientes-oncologicosadamanti\/#primaryimage\",\"url\":\"https:\/\/radiolifefm.com.br\/noticias\/wp-content\/uploads\/2022\/10\/WhatsApp-Image-2022-10-15-at-19.30.59.jpeg\",\"contentUrl\":\"https:\/\/radiolifefm.com.br\/noticias\/wp-content\/uploads\/2022\/10\/WhatsApp-Image-2022-10-15-at-19.30.59.jpeg\",\"width\":1239,\"height\":873},{\"@type\":\"BreadcrumbList\",\"@id\":\"https:\/\/radiolifefm.com.br\/noticias\/a-importancia-do-tratamento-psicologico-aos-pacientes-oncologicosadamanti\/#breadcrumb\",\"itemListElement\":[{\"@type\":\"ListItem\",\"position\":1,\"name\":\"In\u00edcio\",\"item\":\"https:\/\/radiolifefm.com.br\/noticias\/\"},{\"@type\":\"ListItem\",\"position\":2,\"name\":\"A import\u00e2ncia do tratamento psicol\u00f3gico aos pacientes oncol\u00f3gicos.\"}]},{\"@type\":\"WebSite\",\"@id\":\"https:\/\/radiolifefm.com.br\/noticias\/#website\",\"url\":\"https:\/\/radiolifefm.com.br\/noticias\/\",\"name\":\"R\u00e1dio Life FM\",\"description\":\"O Portal de Not\u00edcias de Adamantina\",\"publisher\":{\"@id\":\"https:\/\/radiolifefm.com.br\/noticias\/#organization\"},\"alternateName\":\"Life FM\",\"potentialAction\":[{\"@type\":\"SearchAction\",\"target\":{\"@type\":\"EntryPoint\",\"urlTemplate\":\"https:\/\/radiolifefm.com.br\/noticias\/?s={search_term_string}\"},\"query-input\":{\"@type\":\"PropertyValueSpecification\",\"valueRequired\":true,\"valueName\":\"search_term_string\"}}],\"inLanguage\":\"pt-BR\"},{\"@type\":\"Organization\",\"@id\":\"https:\/\/radiolifefm.com.br\/noticias\/#organization\",\"name\":\"R\u00e1dio Life FM\",\"alternateName\":\"Life FM\",\"url\":\"https:\/\/radiolifefm.com.br\/noticias\/\",\"logo\":{\"@type\":\"ImageObject\",\"inLanguage\":\"pt-BR\",\"@id\":\"https:\/\/radiolifefm.com.br\/noticias\/#\/schema\/logo\/image\/\",\"url\":\"https:\/\/static.radiolifefm.com.br\/noticias\/wp-content\/uploads\/2019\/10\/logo-lifefm.png\",\"contentUrl\":\"https:\/\/static.radiolifefm.com.br\/noticias\/wp-content\/uploads\/2019\/10\/logo-lifefm.png\",\"width\":196,\"height\":47,\"caption\":\"R\u00e1dio Life FM\"},\"image\":{\"@id\":\"https:\/\/radiolifefm.com.br\/noticias\/#\/schema\/logo\/image\/\"},\"sameAs\":[\"https:\/\/www.facebook.com\/radiolifefm\/\",\"https:\/\/www.instagram.com\/life1079fm\/\"]},{\"@type\":\"Person\",\"@id\":\"https:\/\/radiolifefm.com.br\/noticias\/#\/schema\/person\/6339b9fac59d12b071dec680d7375d87\",\"name\":\"ritanery\",\"image\":{\"@type\":\"ImageObject\",\"inLanguage\":\"pt-BR\",\"@id\":\"https:\/\/secure.gravatar.com\/avatar\/0e37bb19071f47c0b8a23f62a903df117c5a0e75f65a0c2901562f97cd41cf86?s=96&d=mm&r=g\",\"url\":\"https:\/\/secure.gravatar.com\/avatar\/0e37bb19071f47c0b8a23f62a903df117c5a0e75f65a0c2901562f97cd41cf86?s=96&d=mm&r=g\",\"contentUrl\":\"https:\/\/secure.gravatar.com\/avatar\/0e37bb19071f47c0b8a23f62a903df117c5a0e75f65a0c2901562f97cd41cf86?s=96&d=mm&r=g\",\"caption\":\"ritanery\"}}]}<\/script>\n<!-- \/ Yoast SEO plugin. -->","yoast_head_json":{"title":"A import\u00e2ncia do tratamento psicol\u00f3gico aos pacientes oncol\u00f3gicos. - R\u00e1dio Life FM","robots":{"index":"index","follow":"follow","max-snippet":"max-snippet:-1","max-image-preview":"max-image-preview:large","max-video-preview":"max-video-preview:-1"},"canonical":"https:\/\/radiolifefm.com.br\/noticias\/a-importancia-do-tratamento-psicologico-aos-pacientes-oncologicosadamanti\/","og_locale":"pt_BR","og_type":"article","og_title":"A import\u00e2ncia do tratamento psicol\u00f3gico aos pacientes oncol\u00f3gicos. - R\u00e1dio Life FM","og_description":"O segundo epis\u00f3dio do\u00a0 PODCAST &#8220;Amigas da Rede&#8221;\u00a0 teve como tema o tratamento psicol\u00f3gico aos pacientes oncol\u00f3gicos. Foi emocionante o relato da paciente Patr\u00edcia Duarte Dias, ela teve o acompanhamento da\u00a0 psic\u00f3loga Beatriz Rocha Belone que se tornou parceira na luta di\u00e1ria e o tratamento psicol\u00f3gico ajudou a Patr\u00edcia em\u00a0 outras situa\u00e7\u00f5es da vida. A [&hellip;]","og_url":"https:\/\/radiolifefm.com.br\/noticias\/a-importancia-do-tratamento-psicologico-aos-pacientes-oncologicosadamanti\/","og_site_name":"R\u00e1dio Life FM","article_publisher":"https:\/\/www.facebook.com\/radiolifefm\/","article_published_time":"2022-10-15T21:56:12+00:00","article_modified_time":"2026-03-14T02:07:25+00:00","og_image":[{"width":1239,"height":873,"url":"https:\/\/radiolifefm.com.br\/noticias\/wp-content\/uploads\/2022\/10\/WhatsApp-Image-2022-10-15-at-19.30.59.jpeg","type":"image\/jpeg"}],"author":"ritanery","twitter_card":"summary_large_image","twitter_misc":{"Escrito por":"ritanery","Est. tempo de leitura":"1 minuto"},"schema":{"@context":"https:\/\/schema.org","@graph":[{"@type":"Article","@id":"https:\/\/radiolifefm.com.br\/noticias\/a-importancia-do-tratamento-psicologico-aos-pacientes-oncologicosadamanti\/#article","isPartOf":{"@id":"https:\/\/radiolifefm.com.br\/noticias\/a-importancia-do-tratamento-psicologico-aos-pacientes-oncologicosadamanti\/"},"author":{"name":"ritanery","@id":"https:\/\/radiolifefm.com.br\/noticias\/#\/schema\/person\/6339b9fac59d12b071dec680d7375d87"},"headline":"A import\u00e2ncia do tratamento psicol\u00f3gico aos pacientes oncol\u00f3gicos.","datePublished":"2022-10-15T21:56:12+00:00","dateModified":"2026-03-14T02:07:25+00:00","mainEntityOfPage":{"@id":"https:\/\/radiolifefm.com.br\/noticias\/a-importancia-do-tratamento-psicologico-aos-pacientes-oncologicosadamanti\/"},"wordCount":119,"publisher":{"@id":"https:\/\/radiolifefm.com.br\/noticias\/#organization"},"image":{"@id":"https:\/\/radiolifefm.com.br\/noticias\/a-importancia-do-tratamento-psicologico-aos-pacientes-oncologicosadamanti\/#primaryimage"},"thumbnailUrl":"https:\/\/radiolifefm.com.br\/noticias\/wp-content\/uploads\/2022\/10\/WhatsApp-Image-2022-10-15-at-19.30.59.jpeg","articleSection":["Adamantina"],"inLanguage":"pt-BR"},{"@type":"WebPage","@id":"https:\/\/radiolifefm.com.br\/noticias\/a-importancia-do-tratamento-psicologico-aos-pacientes-oncologicosadamanti\/","url":"https:\/\/radiolifefm.com.br\/noticias\/a-importancia-do-tratamento-psicologico-aos-pacientes-oncologicosadamanti\/","name":"A import\u00e2ncia do tratamento psicol\u00f3gico aos pacientes oncol\u00f3gicos. - R\u00e1dio Life FM","isPartOf":{"@id":"https:\/\/radiolifefm.com.br\/noticias\/#website"},"primaryImageOfPage":{"@id":"https:\/\/radiolifefm.com.br\/noticias\/a-importancia-do-tratamento-psicologico-aos-pacientes-oncologicosadamanti\/#primaryimage"},"image":{"@id":"https:\/\/radiolifefm.com.br\/noticias\/a-importancia-do-tratamento-psicologico-aos-pacientes-oncologicosadamanti\/#primaryimage"},"thumbnailUrl":"https:\/\/radiolifefm.com.br\/noticias\/wp-content\/uploads\/2022\/10\/WhatsApp-Image-2022-10-15-at-19.30.59.jpeg","datePublished":"2022-10-15T21:56:12+00:00","dateModified":"2026-03-14T02:07:25+00:00","breadcrumb":{"@id":"https:\/\/radiolifefm.com.br\/noticias\/a-importancia-do-tratamento-psicologico-aos-pacientes-oncologicosadamanti\/#breadcrumb"},"inLanguage":"pt-BR","potentialAction":[{"@type":"ReadAction","target":["https:\/\/radiolifefm.com.br\/noticias\/a-importancia-do-tratamento-psicologico-aos-pacientes-oncologicosadamanti\/"]}]},{"@type":"ImageObject","inLanguage":"pt-BR","@id":"https:\/\/radiolifefm.com.br\/noticias\/a-importancia-do-tratamento-psicologico-aos-pacientes-oncologicosadamanti\/#primaryimage","url":"https:\/\/radiolifefm.com.br\/noticias\/wp-content\/uploads\/2022\/10\/WhatsApp-Image-2022-10-15-at-19.30.59.jpeg","contentUrl":"https:\/\/radiolifefm.com.br\/noticias\/wp-content\/uploads\/2022\/10\/WhatsApp-Image-2022-10-15-at-19.30.59.jpeg","width":1239,"height":873},{"@type":"BreadcrumbList","@id":"https:\/\/radiolifefm.com.br\/noticias\/a-importancia-do-tratamento-psicologico-aos-pacientes-oncologicosadamanti\/#breadcrumb","itemListElement":[{"@type":"ListItem","position":1,"name":"In\u00edcio","item":"https:\/\/radiolifefm.com.br\/noticias\/"},{"@type":"ListItem","position":2,"name":"A import\u00e2ncia do tratamento psicol\u00f3gico aos pacientes oncol\u00f3gicos."}]},{"@type":"WebSite","@id":"https:\/\/radiolifefm.com.br\/noticias\/#website","url":"https:\/\/radiolifefm.com.br\/noticias\/","name":"R\u00e1dio Life FM","description":"O Portal de Not\u00edcias de Adamantina","publisher":{"@id":"https:\/\/radiolifefm.com.br\/noticias\/#organization"},"alternateName":"Life FM","potentialAction":[{"@type":"SearchAction","target":{"@type":"EntryPoint","urlTemplate":"https:\/\/radiolifefm.com.br\/noticias\/?s={search_term_string}"},"query-input":{"@type":"PropertyValueSpecification","valueRequired":true,"valueName":"search_term_string"}}],"inLanguage":"pt-BR"},{"@type":"Organization","@id":"https:\/\/radiolifefm.com.br\/noticias\/#organization","name":"R\u00e1dio Life FM","alternateName":"Life FM","url":"https:\/\/radiolifefm.com.br\/noticias\/","logo":{"@type":"ImageObject","inLanguage":"pt-BR","@id":"https:\/\/radiolifefm.com.br\/noticias\/#\/schema\/logo\/image\/","url":"https:\/\/static.radiolifefm.com.br\/noticias\/wp-content\/uploads\/2019\/10\/logo-lifefm.png","contentUrl":"https:\/\/static.radiolifefm.com.br\/noticias\/wp-content\/uploads\/2019\/10\/logo-lifefm.png","width":196,"height":47,"caption":"R\u00e1dio Life FM"},"image":{"@id":"https:\/\/radiolifefm.com.br\/noticias\/#\/schema\/logo\/image\/"},"sameAs":["https:\/\/www.facebook.com\/radiolifefm\/","https:\/\/www.instagram.com\/life1079fm\/"]},{"@type":"Person","@id":"https:\/\/radiolifefm.com.br\/noticias\/#\/schema\/person\/6339b9fac59d12b071dec680d7375d87","name":"ritanery","image":{"@type":"ImageObject","inLanguage":"pt-BR","@id":"https:\/\/secure.gravatar.com\/avatar\/0e37bb19071f47c0b8a23f62a903df117c5a0e75f65a0c2901562f97cd41cf86?s=96&d=mm&r=g","url":"https:\/\/secure.gravatar.com\/avatar\/0e37bb19071f47c0b8a23f62a903df117c5a0e75f65a0c2901562f97cd41cf86?s=96&d=mm&r=g","contentUrl":"https:\/\/secure.gravatar.com\/avatar\/0e37bb19071f47c0b8a23f62a903df117c5a0e75f65a0c2901562f97cd41cf86?s=96&d=mm&r=g","caption":"ritanery"}}]}},"amp_enabled":true,"_links":{"self":[{"href":"https:\/\/radiolifefm.com.br\/noticias\/wp-json\/wp\/v2\/posts\/59459","targetHints":{"allow":["GET"]}}],"collection":[{"href":"https:\/\/radiolifefm.com.br\/noticias\/wp-json\/wp\/v2\/posts"}],"about":[{"href":"https:\/\/radiolifefm.com.br\/noticias\/wp-json\/wp\/v2\/types\/post"}],"author":[{"embeddable":true,"href":"https:\/\/radiolifefm.com.br\/noticias\/wp-json\/wp\/v2\/users\/13"}],"replies":[{"embeddable":true,"href":"https:\/\/radiolifefm.com.br\/noticias\/wp-json\/wp\/v2\/comments?post=59459"}],"version-history":[{"count":3,"href":"https:\/\/radiolifefm.com.br\/noticias\/wp-json\/wp\/v2\/posts\/59459\/revisions"}],"predecessor-version":[{"id":59476,"href":"https:\/\/radiolifefm.com.br\/noticias\/wp-json\/wp\/v2\/posts\/59459\/revisions\/59476"}],"wp:featuredmedia":[{"embeddable":true,"href":"https:\/\/radiolifefm.com.br\/noticias\/wp-json\/wp\/v2\/media\/59475"}],"wp:attachment":[{"href":"https:\/\/radiolifefm.com.br\/noticias\/wp-json\/wp\/v2\/media?parent=59459"}],"wp:term":[{"taxonomy":"category","embeddable":true,"href":"https:\/\/radiolifefm.com.br\/noticias\/wp-json\/wp\/v2\/categories?post=59459"},{"taxonomy":"post_tag","embeddable":true,"href":"https:\/\/radiolifefm.com.br\/noticias\/wp-json\/wp\/v2\/tags?post=59459"}],"curies":[{"name":"wp","href":"https:\/\/api.w.org\/{rel}","templated":true}]}}