{"id":59437,"date":"2022-10-15T18:45:27","date_gmt":"2022-10-15T21:45:27","guid":{"rendered":"https:\/\/radiolifefm.com.br\/noticias\/?p=59437"},"modified":"2026-04-09T08:57:29","modified_gmt":"2026-04-09T11:57:29","slug":"o-jantar-em-comemoracao-ao-dia-do-professor-foi-realizado-na-noite-de-sexta-14-10-22-no-cpp-de-adamantina","status":"publish","type":"post","link":"https:\/\/radiolifefm.com.br\/noticias\/o-jantar-em-comemoracao-ao-dia-do-professor-foi-realizado-na-noite-de-sexta-14-10-22-no-cpp-de-adamantina\/","title":{"rendered":"O Jantar em comemora\u00e7\u00e3o ao Dia do Professor foi realizado na noite de sexta 14.10.22, no CPP de Adamantina"},"content":{"rendered":"<div id=\"fb-root\"><\/div>\n<p>As organizadoras do evento Marlene Ribeiro Esteves &#8211; diretora regional\u00a0 do CPP Adamantina e a Marli Ramos Mota Higarashi &#8211; diretora da APAMPESP da regi\u00e3o de Adamantina recepcionaram os professores, familiares e amigos que marcaram presen\u00e7a.\u00a0 A noite foi extremamente agrad\u00e1vel ao som de m\u00fasica ao vivo com a cantora Thais Luiza Neves.<\/p>\n<p>O card\u00e1pio ficou por conta do Chef Alex Cobo. Na ocasi\u00e3o as anfitri\u00e3s fizeram homenagem \u00e0 querida professora Assump\u00e7\u00e3o Mesas Dominato, que por problemas de sa\u00fade, n\u00e3o estava presente, mas bem representada pela filha Patr\u00edcia e toda fam\u00edlia que receberam a homenagem. Houve tamb\u00e9m o momento de ora\u00e7\u00e3o do PAI NOSSO, em prol de todos os professores.<\/p>\n<p>O CPP Adamantina \u00e9 um \u00a0clube com v\u00e1rios, ambientes, quadras, piscinas, \u00e1rea de lazer, aberto aos associados e a popula\u00e7\u00e3o que queira conhecer os diversos projetos realizados. O clube est\u00e1 em constante evolu\u00e7\u00e3o melhorando cada vez mais para receber a todos.<\/p>\n<div class='flex flex-wrap items-center -mx-1'>\r\n<a class='thumbnail gallery p-1 w-1\/2 md:w-1\/4' href='https:\/\/radiolifefm.com.br\/noticias\/wp-content\/uploads\/2022\/10\/WhatsApp-Image-2022-10-15-at-18.40.47-2.jpeg'><img class='border border-white' src='https:\/\/radiolifefm.com.br\/noticias\/wp-content\/uploads\/2022\/10\/WhatsApp-Image-2022-10-15-at-18.40.47-2-200x200.jpeg' alt='WhatsApp Image 2022 10 15 At 18.40.47 (2)' \/><\/a><a class='thumbnail gallery p-1 w-1\/2 md:w-1\/4' href='https:\/\/radiolifefm.com.br\/noticias\/wp-content\/uploads\/2022\/10\/WhatsApp-Image-2022-10-15-at-18.40.47-1.jpeg'><img class='border border-white' src='https:\/\/radiolifefm.com.br\/noticias\/wp-content\/uploads\/2022\/10\/WhatsApp-Image-2022-10-15-at-18.40.47-1-200x200.jpeg' alt='WhatsApp Image 2022 10 15 At 18.40.47 (1)' \/><\/a><a class='thumbnail gallery p-1 w-1\/2 md:w-1\/4' href='https:\/\/radiolifefm.com.br\/noticias\/wp-content\/uploads\/2022\/10\/WhatsApp-Image-2022-10-15-at-18.40.47.jpeg'><img class='border border-white' src='https:\/\/radiolifefm.com.br\/noticias\/wp-content\/uploads\/2022\/10\/WhatsApp-Image-2022-10-15-at-18.40.47-200x200.jpeg' alt='WhatsApp Image 2022 10 15 At 18.40.47' \/><\/a><a class='thumbnail gallery p-1 w-1\/2 md:w-1\/4' href='https:\/\/radiolifefm.com.br\/noticias\/wp-content\/uploads\/2022\/10\/WhatsApp-Image-2022-10-15-at-18.40.46-1.jpeg'><img class='border border-white' src='https:\/\/radiolifefm.com.br\/noticias\/wp-content\/uploads\/2022\/10\/WhatsApp-Image-2022-10-15-at-18.40.46-1-200x200.jpeg' alt='WhatsApp Image 2022 10 15 At 18.40.46 (1)' \/><\/a><a class='thumbnail gallery p-1 w-1\/2 md:w-1\/4' href='https:\/\/radiolifefm.com.br\/noticias\/wp-content\/uploads\/2022\/10\/WhatsApp-Image-2022-10-15-at-18.40.46.jpeg'><img class='border border-white' src='https:\/\/radiolifefm.com.br\/noticias\/wp-content\/uploads\/2022\/10\/WhatsApp-Image-2022-10-15-at-18.40.46-200x200.jpeg' alt='WhatsApp Image 2022 10 15 At 18.40.46' \/><\/a><a class='thumbnail gallery p-1 w-1\/2 md:w-1\/4' href='https:\/\/radiolifefm.com.br\/noticias\/wp-content\/uploads\/2022\/10\/WhatsApp-Image-2022-10-15-at-18.40.45-2.jpeg'><img class='border border-white' src='https:\/\/radiolifefm.com.br\/noticias\/wp-content\/uploads\/2022\/10\/WhatsApp-Image-2022-10-15-at-18.40.45-2-200x200.jpeg' alt='WhatsApp Image 2022 10 15 At 18.40.45 (2)' \/><\/a><a class='thumbnail gallery p-1 w-1\/2 md:w-1\/4' href='https:\/\/radiolifefm.com.br\/noticias\/wp-content\/uploads\/2022\/10\/WhatsApp-Image-2022-10-15-at-18.40.45-1.jpeg'><img class='border border-white' src='https:\/\/radiolifefm.com.br\/noticias\/wp-content\/uploads\/2022\/10\/WhatsApp-Image-2022-10-15-at-18.40.45-1-200x200.jpeg' alt='WhatsApp Image 2022 10 15 At 18.40.45 (1)' \/><\/a><a class='thumbnail gallery p-1 w-1\/2 md:w-1\/4' href='https:\/\/radiolifefm.com.br\/noticias\/wp-content\/uploads\/2022\/10\/WhatsApp-Image-2022-10-15-at-18.40.45.jpeg'><img class='border border-white' src='https:\/\/radiolifefm.com.br\/noticias\/wp-content\/uploads\/2022\/10\/WhatsApp-Image-2022-10-15-at-18.40.45-200x200.jpeg' alt='WhatsApp Image 2022 10 15 At 18.40.45' \/><\/a><a class='thumbnail gallery p-1 w-1\/2 md:w-1\/4' href='https:\/\/radiolifefm.com.br\/noticias\/wp-content\/uploads\/2022\/10\/WhatsApp-Image-2022-10-15-at-18.40.44-1.jpeg'><img class='border border-white' src='https:\/\/radiolifefm.com.br\/noticias\/wp-content\/uploads\/2022\/10\/WhatsApp-Image-2022-10-15-at-18.40.44-1-200x200.jpeg' alt='WhatsApp Image 2022 10 15 At 18.40.44 (1)' \/><\/a><a class='thumbnail gallery p-1 w-1\/2 md:w-1\/4' href='https:\/\/radiolifefm.com.br\/noticias\/wp-content\/uploads\/2022\/10\/WhatsApp-Image-2022-10-15-at-18.40.44.jpeg'><img class='border border-white' src='https:\/\/radiolifefm.com.br\/noticias\/wp-content\/uploads\/2022\/10\/WhatsApp-Image-2022-10-15-at-18.40.44-200x200.jpeg' alt='WhatsApp Image 2022 10 15 At 18.40.44' \/><\/a><a class='thumbnail gallery p-1 w-1\/2 md:w-1\/4' href='https:\/\/radiolifefm.com.br\/noticias\/wp-content\/uploads\/2022\/10\/WhatsApp-Image-2022-10-15-at-18.40.43-3.jpeg'><img class='border border-white' src='https:\/\/radiolifefm.com.br\/noticias\/wp-content\/uploads\/2022\/10\/WhatsApp-Image-2022-10-15-at-18.40.43-3-200x200.jpeg' alt='WhatsApp Image 2022 10 15 At 18.40.43 (3)' \/><\/a><a class='thumbnail gallery p-1 w-1\/2 md:w-1\/4' href='https:\/\/radiolifefm.com.br\/noticias\/wp-content\/uploads\/2022\/10\/WhatsApp-Image-2022-10-15-at-18.40.43-2.jpeg'><img class='border border-white' src='https:\/\/radiolifefm.com.br\/noticias\/wp-content\/uploads\/2022\/10\/WhatsApp-Image-2022-10-15-at-18.40.43-2-200x200.jpeg' alt='WhatsApp Image 2022 10 15 At 18.40.43 (2)' \/><\/a><a class='thumbnail gallery p-1 w-1\/2 md:w-1\/4' href='https:\/\/radiolifefm.com.br\/noticias\/wp-content\/uploads\/2022\/10\/WhatsApp-Image-2022-10-15-at-18.40.43-1.jpeg'><img class='border border-white' src='https:\/\/radiolifefm.com.br\/noticias\/wp-content\/uploads\/2022\/10\/WhatsApp-Image-2022-10-15-at-18.40.43-1-200x200.jpeg' alt='WhatsApp Image 2022 10 15 At 18.40.43 (1)' \/><\/a><a class='thumbnail gallery p-1 w-1\/2 md:w-1\/4' href='https:\/\/radiolifefm.com.br\/noticias\/wp-content\/uploads\/2022\/10\/WhatsApp-Image-2022-10-15-at-18.40.43.jpeg'><img class='border border-white' src='https:\/\/radiolifefm.com.br\/noticias\/wp-content\/uploads\/2022\/10\/WhatsApp-Image-2022-10-15-at-18.40.43-200x200.jpeg' alt='WhatsApp Image 2022 10 15 At 18.40.43' \/><\/a><a class='thumbnail gallery p-1 w-1\/2 md:w-1\/4' href='https:\/\/radiolifefm.com.br\/noticias\/wp-content\/uploads\/2022\/10\/WhatsApp-Image-2022-10-15-at-18.40.42-3.jpeg'><img class='border border-white' src='https:\/\/radiolifefm.com.br\/noticias\/wp-content\/uploads\/2022\/10\/WhatsApp-Image-2022-10-15-at-18.40.42-3-200x200.jpeg' alt='WhatsApp Image 2022 10 15 At 18.40.42 (3)' \/><\/a><a class='thumbnail gallery p-1 w-1\/2 md:w-1\/4' href='https:\/\/radiolifefm.com.br\/noticias\/wp-content\/uploads\/2022\/10\/WhatsApp-Image-2022-10-15-at-18.40.42-2.jpeg'><img class='border border-white' src='https:\/\/radiolifefm.com.br\/noticias\/wp-content\/uploads\/2022\/10\/WhatsApp-Image-2022-10-15-at-18.40.42-2-200x200.jpeg' alt='WhatsApp Image 2022 10 15 At 18.40.42 (2)' \/><\/a><a class='thumbnail gallery p-1 w-1\/2 md:w-1\/4' href='https:\/\/radiolifefm.com.br\/noticias\/wp-content\/uploads\/2022\/10\/WhatsApp-Image-2022-10-15-at-18.40.42-1.jpeg'><img class='border border-white' src='https:\/\/radiolifefm.com.br\/noticias\/wp-content\/uploads\/2022\/10\/WhatsApp-Image-2022-10-15-at-18.40.42-1-200x200.jpeg' alt='WhatsApp Image 2022 10 15 At 18.40.42 (1)' \/><\/a><a class='thumbnail gallery p-1 w-1\/2 md:w-1\/4' href='https:\/\/radiolifefm.com.br\/noticias\/wp-content\/uploads\/2022\/10\/WhatsApp-Image-2022-10-15-at-18.40.42.jpeg'><img class='border border-white' src='https:\/\/radiolifefm.com.br\/noticias\/wp-content\/uploads\/2022\/10\/WhatsApp-Image-2022-10-15-at-18.40.42-200x200.jpeg' alt='WhatsApp Image 2022 10 15 At 18.40.42' \/><\/a><\/div>\n","protected":false},"excerpt":{"rendered":"<p>As organizadoras do evento Marlene Ribeiro Esteves &#8211; diretora regional\u00a0 do CPP Adamantina e a Marli Ramos Mota Higarashi &#8211; diretora da APAMPESP da regi\u00e3o de Adamantina recepcionaram os professores, familiares e amigos que marcaram presen\u00e7a.\u00a0 A noite foi extremamente agrad\u00e1vel ao som de m\u00fasica ao vivo com a cantora Thais Luiza Neves. O card\u00e1pio [&hellip;]<\/p>\n","protected":false},"author":13,"featured_media":59438,"comment_status":"closed","ping_status":"open","sticky":false,"template":"","format":"standard","meta":{"_acf_changed":false,"_exactmetrics_skip_tracking":false,"_exactmetrics_sitenote_active":false,"_exactmetrics_sitenote_note":"","_exactmetrics_sitenote_category":0,"footnotes":""},"categories":[21],"tags":[],"class_list":["post-59437","post","type-post","status-publish","format-standard","has-post-thumbnail","hentry","category-adamantina"],"acf":[],"yoast_head":"<!-- This site is optimized with the Yoast SEO plugin v27.2 - https:\/\/yoast.com\/product\/yoast-seo-wordpress\/ -->\n<title>O Jantar em comemora\u00e7\u00e3o ao Dia do Professor foi realizado na noite de sexta 14.10.22, no CPP de Adamantina - R\u00e1dio Life FM<\/title>\n<meta name=\"robots\" content=\"index, follow, max-snippet:-1, max-image-preview:large, max-video-preview:-1\" \/>\n<link rel=\"canonical\" href=\"https:\/\/radiolifefm.com.br\/noticias\/o-jantar-em-comemoracao-ao-dia-do-professor-foi-realizado-na-noite-de-sexta-14-10-22-no-cpp-de-adamantina\/\" \/>\n<meta property=\"og:locale\" content=\"pt_BR\" \/>\n<meta property=\"og:type\" content=\"article\" \/>\n<meta property=\"og:title\" content=\"O Jantar em comemora\u00e7\u00e3o ao Dia do Professor foi realizado na noite de sexta 14.10.22, no CPP de Adamantina - R\u00e1dio Life FM\" \/>\n<meta property=\"og:description\" content=\"As organizadoras do evento Marlene Ribeiro Esteves &#8211; diretora regional\u00a0 do CPP Adamantina e a Marli Ramos Mota Higarashi &#8211; diretora da APAMPESP da regi\u00e3o de Adamantina recepcionaram os professores, familiares e amigos que marcaram presen\u00e7a.\u00a0 A noite foi extremamente agrad\u00e1vel ao som de m\u00fasica ao vivo com a cantora Thais Luiza Neves. O card\u00e1pio [&hellip;]\" \/>\n<meta property=\"og:url\" content=\"https:\/\/radiolifefm.com.br\/noticias\/o-jantar-em-comemoracao-ao-dia-do-professor-foi-realizado-na-noite-de-sexta-14-10-22-no-cpp-de-adamantina\/\" \/>\n<meta property=\"og:site_name\" content=\"R\u00e1dio Life FM\" \/>\n<meta property=\"article:publisher\" content=\"https:\/\/www.facebook.com\/radiolifefm\/\" \/>\n<meta property=\"article:published_time\" content=\"2022-10-15T21:45:27+00:00\" \/>\n<meta property=\"article:modified_time\" content=\"2026-04-09T11:57:29+00:00\" \/>\n<meta property=\"og:image\" content=\"https:\/\/radiolifefm.com.br\/noticias\/wp-content\/uploads\/2022\/10\/WhatsApp-Image-2022-10-15-at-18.40.48.jpeg\" \/>\n\t<meta property=\"og:image:width\" content=\"448\" \/>\n\t<meta property=\"og:image:height\" content=\"311\" \/>\n\t<meta property=\"og:image:type\" content=\"image\/jpeg\" \/>\n<meta name=\"author\" content=\"ritanery\" \/>\n<meta name=\"twitter:card\" content=\"summary_large_image\" \/>\n<meta name=\"twitter:label1\" content=\"Escrito por\" \/>\n\t<meta name=\"twitter:data1\" content=\"ritanery\" \/>\n\t<meta name=\"twitter:label2\" content=\"Est. tempo de leitura\" \/>\n\t<meta name=\"twitter:data2\" content=\"1 minuto\" \/>\n<script type=\"application\/ld+json\" class=\"yoast-schema-graph\">{\"@context\":\"https:\/\/schema.org\",\"@graph\":[{\"@type\":\"Article\",\"@id\":\"https:\/\/radiolifefm.com.br\/noticias\/o-jantar-em-comemoracao-ao-dia-do-professor-foi-realizado-na-noite-de-sexta-14-10-22-no-cpp-de-adamantina\/#article\",\"isPartOf\":{\"@id\":\"https:\/\/radiolifefm.com.br\/noticias\/o-jantar-em-comemoracao-ao-dia-do-professor-foi-realizado-na-noite-de-sexta-14-10-22-no-cpp-de-adamantina\/\"},\"author\":{\"name\":\"ritanery\",\"@id\":\"https:\/\/radiolifefm.com.br\/noticias\/#\/schema\/person\/6339b9fac59d12b071dec680d7375d87\"},\"headline\":\"O Jantar em comemora\u00e7\u00e3o ao Dia do Professor foi realizado na noite de sexta 14.10.22, no CPP de Adamantina\",\"datePublished\":\"2022-10-15T21:45:27+00:00\",\"dateModified\":\"2026-04-09T11:57:29+00:00\",\"mainEntityOfPage\":{\"@id\":\"https:\/\/radiolifefm.com.br\/noticias\/o-jantar-em-comemoracao-ao-dia-do-professor-foi-realizado-na-noite-de-sexta-14-10-22-no-cpp-de-adamantina\/\"},\"wordCount\":190,\"publisher\":{\"@id\":\"https:\/\/radiolifefm.com.br\/noticias\/#organization\"},\"image\":{\"@id\":\"https:\/\/radiolifefm.com.br\/noticias\/o-jantar-em-comemoracao-ao-dia-do-professor-foi-realizado-na-noite-de-sexta-14-10-22-no-cpp-de-adamantina\/#primaryimage\"},\"thumbnailUrl\":\"https:\/\/radiolifefm.com.br\/noticias\/wp-content\/uploads\/2022\/10\/WhatsApp-Image-2022-10-15-at-18.40.48.jpeg\",\"articleSection\":[\"Adamantina\"],\"inLanguage\":\"pt-BR\"},{\"@type\":\"WebPage\",\"@id\":\"https:\/\/radiolifefm.com.br\/noticias\/o-jantar-em-comemoracao-ao-dia-do-professor-foi-realizado-na-noite-de-sexta-14-10-22-no-cpp-de-adamantina\/\",\"url\":\"https:\/\/radiolifefm.com.br\/noticias\/o-jantar-em-comemoracao-ao-dia-do-professor-foi-realizado-na-noite-de-sexta-14-10-22-no-cpp-de-adamantina\/\",\"name\":\"O Jantar em comemora\u00e7\u00e3o ao Dia do Professor foi realizado na noite de sexta 14.10.22, no CPP de Adamantina - R\u00e1dio Life FM\",\"isPartOf\":{\"@id\":\"https:\/\/radiolifefm.com.br\/noticias\/#website\"},\"primaryImageOfPage\":{\"@id\":\"https:\/\/radiolifefm.com.br\/noticias\/o-jantar-em-comemoracao-ao-dia-do-professor-foi-realizado-na-noite-de-sexta-14-10-22-no-cpp-de-adamantina\/#primaryimage\"},\"image\":{\"@id\":\"https:\/\/radiolifefm.com.br\/noticias\/o-jantar-em-comemoracao-ao-dia-do-professor-foi-realizado-na-noite-de-sexta-14-10-22-no-cpp-de-adamantina\/#primaryimage\"},\"thumbnailUrl\":\"https:\/\/radiolifefm.com.br\/noticias\/wp-content\/uploads\/2022\/10\/WhatsApp-Image-2022-10-15-at-18.40.48.jpeg\",\"datePublished\":\"2022-10-15T21:45:27+00:00\",\"dateModified\":\"2026-04-09T11:57:29+00:00\",\"breadcrumb\":{\"@id\":\"https:\/\/radiolifefm.com.br\/noticias\/o-jantar-em-comemoracao-ao-dia-do-professor-foi-realizado-na-noite-de-sexta-14-10-22-no-cpp-de-adamantina\/#breadcrumb\"},\"inLanguage\":\"pt-BR\",\"potentialAction\":[{\"@type\":\"ReadAction\",\"target\":[\"https:\/\/radiolifefm.com.br\/noticias\/o-jantar-em-comemoracao-ao-dia-do-professor-foi-realizado-na-noite-de-sexta-14-10-22-no-cpp-de-adamantina\/\"]}]},{\"@type\":\"ImageObject\",\"inLanguage\":\"pt-BR\",\"@id\":\"https:\/\/radiolifefm.com.br\/noticias\/o-jantar-em-comemoracao-ao-dia-do-professor-foi-realizado-na-noite-de-sexta-14-10-22-no-cpp-de-adamantina\/#primaryimage\",\"url\":\"https:\/\/radiolifefm.com.br\/noticias\/wp-content\/uploads\/2022\/10\/WhatsApp-Image-2022-10-15-at-18.40.48.jpeg\",\"contentUrl\":\"https:\/\/radiolifefm.com.br\/noticias\/wp-content\/uploads\/2022\/10\/WhatsApp-Image-2022-10-15-at-18.40.48.jpeg\",\"width\":448,\"height\":311},{\"@type\":\"BreadcrumbList\",\"@id\":\"https:\/\/radiolifefm.com.br\/noticias\/o-jantar-em-comemoracao-ao-dia-do-professor-foi-realizado-na-noite-de-sexta-14-10-22-no-cpp-de-adamantina\/#breadcrumb\",\"itemListElement\":[{\"@type\":\"ListItem\",\"position\":1,\"name\":\"In\u00edcio\",\"item\":\"https:\/\/radiolifefm.com.br\/noticias\/\"},{\"@type\":\"ListItem\",\"position\":2,\"name\":\"O Jantar em comemora\u00e7\u00e3o ao Dia do Professor foi realizado na noite de sexta 14.10.22, no CPP de Adamantina\"}]},{\"@type\":\"WebSite\",\"@id\":\"https:\/\/radiolifefm.com.br\/noticias\/#website\",\"url\":\"https:\/\/radiolifefm.com.br\/noticias\/\",\"name\":\"R\u00e1dio Life FM\",\"description\":\"O Portal de Not\u00edcias de Adamantina\",\"publisher\":{\"@id\":\"https:\/\/radiolifefm.com.br\/noticias\/#organization\"},\"alternateName\":\"Life FM\",\"potentialAction\":[{\"@type\":\"SearchAction\",\"target\":{\"@type\":\"EntryPoint\",\"urlTemplate\":\"https:\/\/radiolifefm.com.br\/noticias\/?s={search_term_string}\"},\"query-input\":{\"@type\":\"PropertyValueSpecification\",\"valueRequired\":true,\"valueName\":\"search_term_string\"}}],\"inLanguage\":\"pt-BR\"},{\"@type\":\"Organization\",\"@id\":\"https:\/\/radiolifefm.com.br\/noticias\/#organization\",\"name\":\"R\u00e1dio Life FM\",\"alternateName\":\"Life FM\",\"url\":\"https:\/\/radiolifefm.com.br\/noticias\/\",\"logo\":{\"@type\":\"ImageObject\",\"inLanguage\":\"pt-BR\",\"@id\":\"https:\/\/radiolifefm.com.br\/noticias\/#\/schema\/logo\/image\/\",\"url\":\"https:\/\/static.radiolifefm.com.br\/noticias\/wp-content\/uploads\/2019\/10\/logo-lifefm.png\",\"contentUrl\":\"https:\/\/static.radiolifefm.com.br\/noticias\/wp-content\/uploads\/2019\/10\/logo-lifefm.png\",\"width\":196,\"height\":47,\"caption\":\"R\u00e1dio Life FM\"},\"image\":{\"@id\":\"https:\/\/radiolifefm.com.br\/noticias\/#\/schema\/logo\/image\/\"},\"sameAs\":[\"https:\/\/www.facebook.com\/radiolifefm\/\",\"https:\/\/www.instagram.com\/life1079fm\/\"]},{\"@type\":\"Person\",\"@id\":\"https:\/\/radiolifefm.com.br\/noticias\/#\/schema\/person\/6339b9fac59d12b071dec680d7375d87\",\"name\":\"ritanery\",\"image\":{\"@type\":\"ImageObject\",\"inLanguage\":\"pt-BR\",\"@id\":\"https:\/\/secure.gravatar.com\/avatar\/0e37bb19071f47c0b8a23f62a903df117c5a0e75f65a0c2901562f97cd41cf86?s=96&d=mm&r=g\",\"url\":\"https:\/\/secure.gravatar.com\/avatar\/0e37bb19071f47c0b8a23f62a903df117c5a0e75f65a0c2901562f97cd41cf86?s=96&d=mm&r=g\",\"contentUrl\":\"https:\/\/secure.gravatar.com\/avatar\/0e37bb19071f47c0b8a23f62a903df117c5a0e75f65a0c2901562f97cd41cf86?s=96&d=mm&r=g\",\"caption\":\"ritanery\"}}]}<\/script>\n<!-- \/ Yoast SEO plugin. -->","yoast_head_json":{"title":"O Jantar em comemora\u00e7\u00e3o ao Dia do Professor foi realizado na noite de sexta 14.10.22, no CPP de Adamantina - R\u00e1dio Life FM","robots":{"index":"index","follow":"follow","max-snippet":"max-snippet:-1","max-image-preview":"max-image-preview:large","max-video-preview":"max-video-preview:-1"},"canonical":"https:\/\/radiolifefm.com.br\/noticias\/o-jantar-em-comemoracao-ao-dia-do-professor-foi-realizado-na-noite-de-sexta-14-10-22-no-cpp-de-adamantina\/","og_locale":"pt_BR","og_type":"article","og_title":"O Jantar em comemora\u00e7\u00e3o ao Dia do Professor foi realizado na noite de sexta 14.10.22, no CPP de Adamantina - R\u00e1dio Life FM","og_description":"As organizadoras do evento Marlene Ribeiro Esteves &#8211; diretora regional\u00a0 do CPP Adamantina e a Marli Ramos Mota Higarashi &#8211; diretora da APAMPESP da regi\u00e3o de Adamantina recepcionaram os professores, familiares e amigos que marcaram presen\u00e7a.\u00a0 A noite foi extremamente agrad\u00e1vel ao som de m\u00fasica ao vivo com a cantora Thais Luiza Neves. O card\u00e1pio [&hellip;]","og_url":"https:\/\/radiolifefm.com.br\/noticias\/o-jantar-em-comemoracao-ao-dia-do-professor-foi-realizado-na-noite-de-sexta-14-10-22-no-cpp-de-adamantina\/","og_site_name":"R\u00e1dio Life FM","article_publisher":"https:\/\/www.facebook.com\/radiolifefm\/","article_published_time":"2022-10-15T21:45:27+00:00","article_modified_time":"2026-04-09T11:57:29+00:00","og_image":[{"width":448,"height":311,"url":"https:\/\/radiolifefm.com.br\/noticias\/wp-content\/uploads\/2022\/10\/WhatsApp-Image-2022-10-15-at-18.40.48.jpeg","type":"image\/jpeg"}],"author":"ritanery","twitter_card":"summary_large_image","twitter_misc":{"Escrito por":"ritanery","Est. tempo de leitura":"1 minuto"},"schema":{"@context":"https:\/\/schema.org","@graph":[{"@type":"Article","@id":"https:\/\/radiolifefm.com.br\/noticias\/o-jantar-em-comemoracao-ao-dia-do-professor-foi-realizado-na-noite-de-sexta-14-10-22-no-cpp-de-adamantina\/#article","isPartOf":{"@id":"https:\/\/radiolifefm.com.br\/noticias\/o-jantar-em-comemoracao-ao-dia-do-professor-foi-realizado-na-noite-de-sexta-14-10-22-no-cpp-de-adamantina\/"},"author":{"name":"ritanery","@id":"https:\/\/radiolifefm.com.br\/noticias\/#\/schema\/person\/6339b9fac59d12b071dec680d7375d87"},"headline":"O Jantar em comemora\u00e7\u00e3o ao Dia do Professor foi realizado na noite de sexta 14.10.22, no CPP de Adamantina","datePublished":"2022-10-15T21:45:27+00:00","dateModified":"2026-04-09T11:57:29+00:00","mainEntityOfPage":{"@id":"https:\/\/radiolifefm.com.br\/noticias\/o-jantar-em-comemoracao-ao-dia-do-professor-foi-realizado-na-noite-de-sexta-14-10-22-no-cpp-de-adamantina\/"},"wordCount":190,"publisher":{"@id":"https:\/\/radiolifefm.com.br\/noticias\/#organization"},"image":{"@id":"https:\/\/radiolifefm.com.br\/noticias\/o-jantar-em-comemoracao-ao-dia-do-professor-foi-realizado-na-noite-de-sexta-14-10-22-no-cpp-de-adamantina\/#primaryimage"},"thumbnailUrl":"https:\/\/radiolifefm.com.br\/noticias\/wp-content\/uploads\/2022\/10\/WhatsApp-Image-2022-10-15-at-18.40.48.jpeg","articleSection":["Adamantina"],"inLanguage":"pt-BR"},{"@type":"WebPage","@id":"https:\/\/radiolifefm.com.br\/noticias\/o-jantar-em-comemoracao-ao-dia-do-professor-foi-realizado-na-noite-de-sexta-14-10-22-no-cpp-de-adamantina\/","url":"https:\/\/radiolifefm.com.br\/noticias\/o-jantar-em-comemoracao-ao-dia-do-professor-foi-realizado-na-noite-de-sexta-14-10-22-no-cpp-de-adamantina\/","name":"O Jantar em comemora\u00e7\u00e3o ao Dia do Professor foi realizado na noite de sexta 14.10.22, no CPP de Adamantina - R\u00e1dio Life FM","isPartOf":{"@id":"https:\/\/radiolifefm.com.br\/noticias\/#website"},"primaryImageOfPage":{"@id":"https:\/\/radiolifefm.com.br\/noticias\/o-jantar-em-comemoracao-ao-dia-do-professor-foi-realizado-na-noite-de-sexta-14-10-22-no-cpp-de-adamantina\/#primaryimage"},"image":{"@id":"https:\/\/radiolifefm.com.br\/noticias\/o-jantar-em-comemoracao-ao-dia-do-professor-foi-realizado-na-noite-de-sexta-14-10-22-no-cpp-de-adamantina\/#primaryimage"},"thumbnailUrl":"https:\/\/radiolifefm.com.br\/noticias\/wp-content\/uploads\/2022\/10\/WhatsApp-Image-2022-10-15-at-18.40.48.jpeg","datePublished":"2022-10-15T21:45:27+00:00","dateModified":"2026-04-09T11:57:29+00:00","breadcrumb":{"@id":"https:\/\/radiolifefm.com.br\/noticias\/o-jantar-em-comemoracao-ao-dia-do-professor-foi-realizado-na-noite-de-sexta-14-10-22-no-cpp-de-adamantina\/#breadcrumb"},"inLanguage":"pt-BR","potentialAction":[{"@type":"ReadAction","target":["https:\/\/radiolifefm.com.br\/noticias\/o-jantar-em-comemoracao-ao-dia-do-professor-foi-realizado-na-noite-de-sexta-14-10-22-no-cpp-de-adamantina\/"]}]},{"@type":"ImageObject","inLanguage":"pt-BR","@id":"https:\/\/radiolifefm.com.br\/noticias\/o-jantar-em-comemoracao-ao-dia-do-professor-foi-realizado-na-noite-de-sexta-14-10-22-no-cpp-de-adamantina\/#primaryimage","url":"https:\/\/radiolifefm.com.br\/noticias\/wp-content\/uploads\/2022\/10\/WhatsApp-Image-2022-10-15-at-18.40.48.jpeg","contentUrl":"https:\/\/radiolifefm.com.br\/noticias\/wp-content\/uploads\/2022\/10\/WhatsApp-Image-2022-10-15-at-18.40.48.jpeg","width":448,"height":311},{"@type":"BreadcrumbList","@id":"https:\/\/radiolifefm.com.br\/noticias\/o-jantar-em-comemoracao-ao-dia-do-professor-foi-realizado-na-noite-de-sexta-14-10-22-no-cpp-de-adamantina\/#breadcrumb","itemListElement":[{"@type":"ListItem","position":1,"name":"In\u00edcio","item":"https:\/\/radiolifefm.com.br\/noticias\/"},{"@type":"ListItem","position":2,"name":"O Jantar em comemora\u00e7\u00e3o ao Dia do Professor foi realizado na noite de sexta 14.10.22, no CPP de Adamantina"}]},{"@type":"WebSite","@id":"https:\/\/radiolifefm.com.br\/noticias\/#website","url":"https:\/\/radiolifefm.com.br\/noticias\/","name":"R\u00e1dio Life FM","description":"O Portal de Not\u00edcias de Adamantina","publisher":{"@id":"https:\/\/radiolifefm.com.br\/noticias\/#organization"},"alternateName":"Life FM","potentialAction":[{"@type":"SearchAction","target":{"@type":"EntryPoint","urlTemplate":"https:\/\/radiolifefm.com.br\/noticias\/?s={search_term_string}"},"query-input":{"@type":"PropertyValueSpecification","valueRequired":true,"valueName":"search_term_string"}}],"inLanguage":"pt-BR"},{"@type":"Organization","@id":"https:\/\/radiolifefm.com.br\/noticias\/#organization","name":"R\u00e1dio Life FM","alternateName":"Life FM","url":"https:\/\/radiolifefm.com.br\/noticias\/","logo":{"@type":"ImageObject","inLanguage":"pt-BR","@id":"https:\/\/radiolifefm.com.br\/noticias\/#\/schema\/logo\/image\/","url":"https:\/\/static.radiolifefm.com.br\/noticias\/wp-content\/uploads\/2019\/10\/logo-lifefm.png","contentUrl":"https:\/\/static.radiolifefm.com.br\/noticias\/wp-content\/uploads\/2019\/10\/logo-lifefm.png","width":196,"height":47,"caption":"R\u00e1dio Life FM"},"image":{"@id":"https:\/\/radiolifefm.com.br\/noticias\/#\/schema\/logo\/image\/"},"sameAs":["https:\/\/www.facebook.com\/radiolifefm\/","https:\/\/www.instagram.com\/life1079fm\/"]},{"@type":"Person","@id":"https:\/\/radiolifefm.com.br\/noticias\/#\/schema\/person\/6339b9fac59d12b071dec680d7375d87","name":"ritanery","image":{"@type":"ImageObject","inLanguage":"pt-BR","@id":"https:\/\/secure.gravatar.com\/avatar\/0e37bb19071f47c0b8a23f62a903df117c5a0e75f65a0c2901562f97cd41cf86?s=96&d=mm&r=g","url":"https:\/\/secure.gravatar.com\/avatar\/0e37bb19071f47c0b8a23f62a903df117c5a0e75f65a0c2901562f97cd41cf86?s=96&d=mm&r=g","contentUrl":"https:\/\/secure.gravatar.com\/avatar\/0e37bb19071f47c0b8a23f62a903df117c5a0e75f65a0c2901562f97cd41cf86?s=96&d=mm&r=g","caption":"ritanery"}}]}},"amp_enabled":true,"_links":{"self":[{"href":"https:\/\/radiolifefm.com.br\/noticias\/wp-json\/wp\/v2\/posts\/59437","targetHints":{"allow":["GET"]}}],"collection":[{"href":"https:\/\/radiolifefm.com.br\/noticias\/wp-json\/wp\/v2\/posts"}],"about":[{"href":"https:\/\/radiolifefm.com.br\/noticias\/wp-json\/wp\/v2\/types\/post"}],"author":[{"embeddable":true,"href":"https:\/\/radiolifefm.com.br\/noticias\/wp-json\/wp\/v2\/users\/13"}],"replies":[{"embeddable":true,"href":"https:\/\/radiolifefm.com.br\/noticias\/wp-json\/wp\/v2\/comments?post=59437"}],"version-history":[{"count":2,"href":"https:\/\/radiolifefm.com.br\/noticias\/wp-json\/wp\/v2\/posts\/59437\/revisions"}],"predecessor-version":[{"id":59458,"href":"https:\/\/radiolifefm.com.br\/noticias\/wp-json\/wp\/v2\/posts\/59437\/revisions\/59458"}],"wp:featuredmedia":[{"embeddable":true,"href":"https:\/\/radiolifefm.com.br\/noticias\/wp-json\/wp\/v2\/media\/59438"}],"wp:attachment":[{"href":"https:\/\/radiolifefm.com.br\/noticias\/wp-json\/wp\/v2\/media?parent=59437"}],"wp:term":[{"taxonomy":"category","embeddable":true,"href":"https:\/\/radiolifefm.com.br\/noticias\/wp-json\/wp\/v2\/categories?post=59437"},{"taxonomy":"post_tag","embeddable":true,"href":"https:\/\/radiolifefm.com.br\/noticias\/wp-json\/wp\/v2\/tags?post=59437"}],"curies":[{"name":"wp","href":"https:\/\/api.w.org\/{rel}","templated":true}]}}