{"id":59367,"date":"2022-10-14T07:50:58","date_gmt":"2022-10-14T10:50:58","guid":{"rendered":"https:\/\/radiolifefm.com.br\/noticias\/?p=59367"},"modified":"2026-01-29T06:52:37","modified_gmt":"2026-01-29T09:52:37","slug":"pinoquio-e-alice-na-provincia-do-faz-de-conta","status":"publish","type":"post","link":"https:\/\/radiolifefm.com.br\/noticias\/pinoquio-e-alice-na-provincia-do-faz-de-conta\/","title":{"rendered":"&#8220;PIN\u00d3QUIO E ALICE&#8221; NA PROV\u00cdNCIA DO &#8220;FAZ DE CONTA&#8221;&#8230;"},"content":{"rendered":"<div id=\"fb-root\"><\/div>\n<p><em>&#8220;Quase todos os homens s\u00e3o capazes de suportar adversidades, mas se quiser por \u00e0 prova o car\u00e1ter de um homem, d\u00ea-lhe poder.&#8221; ( Abraham Lincoln )<\/em><\/p>\n<p><strong><em>S\u00e9rgio Barbosa (*)\u00a0 <\/em><\/strong><\/p>\n<p>E mais um final de ano se aproxima em terras provincianas para muitos desencontros deste ou do outro lado de um mesmo lado, assim, pode-se escrever que muito se falou sobre tudo e todos, por\u00e9m, poucas coisas ocorreram na pr\u00e1tica&#8230;<\/p>\n<p>Assim, a Prov\u00edncia, tamb\u00e9m, fica na &#8220;boca de espera&#8221; pra ver ou saber como as coisas v\u00e3o ficar daqui pra frente em todas as \u00e1reas, entre as quais, do lado do poder p\u00fablico municipal em meio \u00e0s diversas crises envolvendo isto e mais aquilo, bem como, quem vai sair na frente da busca pelo \u201cquinto andar\u201d e ponto quase final&#8230;<\/p>\n<p>Tamb\u00e9m, n\u00e3o se pode deixar de lado deste mesmo lado, as &#8220;paredes alvas&#8221;, neste momento, n\u00e3o t\u00e3o &#8220;alvas quanto \u00e0 neve&#8221;, tendo em vista os muitos ru\u00eddos entre o final do ano passado e o in\u00edcio deste com as trocas nada simb\u00f3licas das cadeiras aqui e ali, ainda, sem mais e sem menos&#8230;<\/p>\n<p>Mas, tal qual aquele personagem famoso, o nosso &#8220;Pin\u00f3quio provinciano&#8221; pode fazer a diferen\u00e7a, bem como, aquela outra personagem, &#8220;Alice no Pa\u00eds das Maravilhas&#8221;, afinal de contas, promessas s\u00e3o promessas, nada mais do que promessas&#8230;<\/p>\n<p>Nestes ocasos, afirma o outro dito popular: &#8220;de noite, todos os gatos s\u00e3o pardos&#8221;, por\u00e9m, ficam pendentes as &#8220;ratazanas provincianas&#8221; que circulam em todos os per\u00edodos, ou seja, &#8220;diurnoturnamente&#8221; em busca disto ou daquilo al\u00e9m dos bueiros provincianos&#8230;<\/p>\n<p>De um jeito ou de outro, corre-se contra o tempo do tempo para que as promessas sejam cumpridas, por\u00e9m, &#8220;Gepeto&#8221; continua de olho na sua criatura para que a mesma possa cumprir os acertos da campanha, mesmo assim, tudo pode ocorrer daqui pra frente&#8230;<\/p>\n<p>E tem mais, pelos ru\u00eddos provincianos que chegam do legislativo, parece que o &#8220;grupo&#8221; de apoio est\u00e1 mais ou menos, talvez, mais pra menos neste apoio em nome desta ou daquela proposta, portanto, al\u00e9m da &#8220;crise&#8221; geral que existe no &#8220;Pa\u00eds do faz de conta&#8221; na conta dos golpistas, existe duas ou mais crises com rela\u00e7\u00e3o aos donos do poder na Prov\u00edncia&#8230;<\/p>\n<p>Outra coisa desta mesma coisa, afinal de contas, &#8220;assim caminha a humanidade&#8221; em todos os cantos, portanto, por aqui tudo \u00e9 poss\u00edvel, at\u00e9 mesmo o imposs\u00edvel em nome da manuten\u00e7\u00e3o do &#8220;status quo&#8221; familiar ou do &#8220;grupo&#8221; que est\u00e1 cada vez mais restrito no n\u00famero e ponto quase final&#8230;<\/p>\n<p>Talvez, a melhor op\u00e7\u00e3o seja ficar no mesmo lugar pra ver como ficam tais desencontros com o poder centralizador, ou seja, aquela coisa que pensa estar acima de tudo e de todos&#8230;<\/p>\n<p>Como se trata de uma &#8220;coisa do outro mundo&#8221;, pode-se necess\u00e1rio contratar a turma que extermina tais pragas daninhas, pois, est\u00e1 cada vez mais complicado combater essas coisas, todavia, algu\u00e9m tem que colocar o guizo no pesco\u00e7o do gato&#8230;<\/p>\n<p>Entretanto, cada qual com suas op\u00e7\u00f5es neste cen\u00e1rio mais do que complicado para todos os lados do poder pelo poder com o poder, ainda, o tal &#8220;grupo de apoio&#8221; nas duas ou mais frentes, pelo jeito est\u00e1 dividido ou algumas cabe\u00e7as se mandaram por causa disto ou daquilo&#8230;<\/p>\n<p>Mesmo assim, &#8220;18 mil reais&#8221; pode fazer a diferen\u00e7a em qualquer bolso e neste caso, pode-se escrever e afirmar que todos os lados podem ficar &#8220;pardos&#8221; durante a luz solar&#8230;<\/p>\n<p>QUEM SOBREVIVER VAI SABER&#8230;<\/p>\n<p><strong><em>___________________________________<\/em><\/strong><\/p>\n<p><strong><em>(*) jornalista diplomado e professor universit\u00e1rio.<\/em><\/strong><\/p>\n<p><strong><em>e-mail: <\/em><\/strong><a href=\"mailto:barbosa.sebar@gmail.com\"><strong><em>barbosa.sebar@gmail.com<\/em><\/strong><\/a><\/p>\n<p><em>\u00a0<\/em><\/p>\n<p>&nbsp;<\/p>\n","protected":false},"excerpt":{"rendered":"<p>&#8220;Quase todos os homens s\u00e3o capazes de suportar adversidades, mas se quiser por \u00e0 prova o car\u00e1ter de um homem, d\u00ea-lhe poder.&#8221; ( Abraham Lincoln ) S\u00e9rgio Barbosa (*)\u00a0 E mais um final de ano se aproxima em terras provincianas para muitos desencontros deste ou do outro lado de um mesmo lado, assim, pode-se escrever [&hellip;]<\/p>\n","protected":false},"author":13,"featured_media":51988,"comment_status":"closed","ping_status":"open","sticky":false,"template":"","format":"standard","meta":{"_acf_changed":false,"_exactmetrics_skip_tracking":false,"_exactmetrics_sitenote_active":false,"_exactmetrics_sitenote_note":"","_exactmetrics_sitenote_category":0,"footnotes":""},"categories":[59],"tags":[],"class_list":["post-59367","post","type-post","status-publish","format-standard","has-post-thumbnail","hentry","category-opiniao"],"acf":[],"yoast_head":"<!-- This site is optimized with the Yoast SEO plugin v27.2 - https:\/\/yoast.com\/product\/yoast-seo-wordpress\/ -->\n<title>&quot;PIN\u00d3QUIO E ALICE&quot; NA PROV\u00cdNCIA DO &quot;FAZ DE CONTA&quot;... - R\u00e1dio Life FM<\/title>\n<meta name=\"robots\" content=\"index, follow, max-snippet:-1, max-image-preview:large, max-video-preview:-1\" \/>\n<link rel=\"canonical\" href=\"https:\/\/radiolifefm.com.br\/noticias\/pinoquio-e-alice-na-provincia-do-faz-de-conta\/\" \/>\n<meta property=\"og:locale\" content=\"pt_BR\" \/>\n<meta property=\"og:type\" content=\"article\" \/>\n<meta property=\"og:title\" content=\"&quot;PIN\u00d3QUIO E ALICE&quot; NA PROV\u00cdNCIA DO &quot;FAZ DE CONTA&quot;... - R\u00e1dio Life FM\" \/>\n<meta property=\"og:description\" content=\"&#8220;Quase todos os homens s\u00e3o capazes de suportar adversidades, mas se quiser por \u00e0 prova o car\u00e1ter de um homem, d\u00ea-lhe poder.&#8221; ( Abraham Lincoln ) S\u00e9rgio Barbosa (*)\u00a0 E mais um final de ano se aproxima em terras provincianas para muitos desencontros deste ou do outro lado de um mesmo lado, assim, pode-se escrever [&hellip;]\" \/>\n<meta property=\"og:url\" content=\"https:\/\/radiolifefm.com.br\/noticias\/pinoquio-e-alice-na-provincia-do-faz-de-conta\/\" \/>\n<meta property=\"og:site_name\" content=\"R\u00e1dio Life FM\" \/>\n<meta property=\"article:publisher\" content=\"https:\/\/www.facebook.com\/radiolifefm\/\" \/>\n<meta property=\"article:published_time\" content=\"2022-10-14T10:50:58+00:00\" \/>\n<meta property=\"article:modified_time\" content=\"2026-01-29T09:52:37+00:00\" \/>\n<meta property=\"og:image\" content=\"https:\/\/radiolifefm.com.br\/noticias\/wp-content\/uploads\/2022\/04\/WhatsApp-Image-2022-04-10-at-18.43.02.jpeg\" \/>\n\t<meta property=\"og:image:width\" content=\"972\" \/>\n\t<meta property=\"og:image:height\" content=\"1296\" \/>\n\t<meta property=\"og:image:type\" content=\"image\/jpeg\" \/>\n<meta name=\"author\" content=\"ritanery\" \/>\n<meta name=\"twitter:card\" content=\"summary_large_image\" \/>\n<meta name=\"twitter:label1\" content=\"Escrito por\" \/>\n\t<meta name=\"twitter:data1\" content=\"ritanery\" \/>\n\t<meta name=\"twitter:label2\" content=\"Est. tempo de leitura\" \/>\n\t<meta name=\"twitter:data2\" content=\"4 minutos\" \/>\n<script type=\"application\/ld+json\" class=\"yoast-schema-graph\">{\"@context\":\"https:\/\/schema.org\",\"@graph\":[{\"@type\":\"Article\",\"@id\":\"https:\/\/radiolifefm.com.br\/noticias\/pinoquio-e-alice-na-provincia-do-faz-de-conta\/#article\",\"isPartOf\":{\"@id\":\"https:\/\/radiolifefm.com.br\/noticias\/pinoquio-e-alice-na-provincia-do-faz-de-conta\/\"},\"author\":{\"name\":\"ritanery\",\"@id\":\"https:\/\/radiolifefm.com.br\/noticias\/#\/schema\/person\/6339b9fac59d12b071dec680d7375d87\"},\"headline\":\"&#8220;PIN\u00d3QUIO E ALICE&#8221; NA PROV\u00cdNCIA DO &#8220;FAZ DE CONTA&#8221;&#8230;\",\"datePublished\":\"2022-10-14T10:50:58+00:00\",\"dateModified\":\"2026-01-29T09:52:37+00:00\",\"mainEntityOfPage\":{\"@id\":\"https:\/\/radiolifefm.com.br\/noticias\/pinoquio-e-alice-na-provincia-do-faz-de-conta\/\"},\"wordCount\":622,\"publisher\":{\"@id\":\"https:\/\/radiolifefm.com.br\/noticias\/#organization\"},\"image\":{\"@id\":\"https:\/\/radiolifefm.com.br\/noticias\/pinoquio-e-alice-na-provincia-do-faz-de-conta\/#primaryimage\"},\"thumbnailUrl\":\"https:\/\/radiolifefm.com.br\/noticias\/wp-content\/uploads\/2022\/04\/WhatsApp-Image-2022-04-10-at-18.43.02.jpeg\",\"articleSection\":[\"Opini\u00e3o\"],\"inLanguage\":\"pt-BR\"},{\"@type\":\"WebPage\",\"@id\":\"https:\/\/radiolifefm.com.br\/noticias\/pinoquio-e-alice-na-provincia-do-faz-de-conta\/\",\"url\":\"https:\/\/radiolifefm.com.br\/noticias\/pinoquio-e-alice-na-provincia-do-faz-de-conta\/\",\"name\":\"\\\"PIN\u00d3QUIO E ALICE\\\" NA PROV\u00cdNCIA DO \\\"FAZ DE CONTA\\\"... - R\u00e1dio Life FM\",\"isPartOf\":{\"@id\":\"https:\/\/radiolifefm.com.br\/noticias\/#website\"},\"primaryImageOfPage\":{\"@id\":\"https:\/\/radiolifefm.com.br\/noticias\/pinoquio-e-alice-na-provincia-do-faz-de-conta\/#primaryimage\"},\"image\":{\"@id\":\"https:\/\/radiolifefm.com.br\/noticias\/pinoquio-e-alice-na-provincia-do-faz-de-conta\/#primaryimage\"},\"thumbnailUrl\":\"https:\/\/radiolifefm.com.br\/noticias\/wp-content\/uploads\/2022\/04\/WhatsApp-Image-2022-04-10-at-18.43.02.jpeg\",\"datePublished\":\"2022-10-14T10:50:58+00:00\",\"dateModified\":\"2026-01-29T09:52:37+00:00\",\"breadcrumb\":{\"@id\":\"https:\/\/radiolifefm.com.br\/noticias\/pinoquio-e-alice-na-provincia-do-faz-de-conta\/#breadcrumb\"},\"inLanguage\":\"pt-BR\",\"potentialAction\":[{\"@type\":\"ReadAction\",\"target\":[\"https:\/\/radiolifefm.com.br\/noticias\/pinoquio-e-alice-na-provincia-do-faz-de-conta\/\"]}]},{\"@type\":\"ImageObject\",\"inLanguage\":\"pt-BR\",\"@id\":\"https:\/\/radiolifefm.com.br\/noticias\/pinoquio-e-alice-na-provincia-do-faz-de-conta\/#primaryimage\",\"url\":\"https:\/\/radiolifefm.com.br\/noticias\/wp-content\/uploads\/2022\/04\/WhatsApp-Image-2022-04-10-at-18.43.02.jpeg\",\"contentUrl\":\"https:\/\/radiolifefm.com.br\/noticias\/wp-content\/uploads\/2022\/04\/WhatsApp-Image-2022-04-10-at-18.43.02.jpeg\",\"width\":972,\"height\":1296,\"caption\":\"S\u00e9rgio Barbosa\"},{\"@type\":\"BreadcrumbList\",\"@id\":\"https:\/\/radiolifefm.com.br\/noticias\/pinoquio-e-alice-na-provincia-do-faz-de-conta\/#breadcrumb\",\"itemListElement\":[{\"@type\":\"ListItem\",\"position\":1,\"name\":\"In\u00edcio\",\"item\":\"https:\/\/radiolifefm.com.br\/noticias\/\"},{\"@type\":\"ListItem\",\"position\":2,\"name\":\"&#8220;PIN\u00d3QUIO E ALICE&#8221; NA PROV\u00cdNCIA DO &#8220;FAZ DE CONTA&#8221;&#8230;\"}]},{\"@type\":\"WebSite\",\"@id\":\"https:\/\/radiolifefm.com.br\/noticias\/#website\",\"url\":\"https:\/\/radiolifefm.com.br\/noticias\/\",\"name\":\"R\u00e1dio Life FM\",\"description\":\"O Portal de Not\u00edcias de Adamantina\",\"publisher\":{\"@id\":\"https:\/\/radiolifefm.com.br\/noticias\/#organization\"},\"alternateName\":\"Life FM\",\"potentialAction\":[{\"@type\":\"SearchAction\",\"target\":{\"@type\":\"EntryPoint\",\"urlTemplate\":\"https:\/\/radiolifefm.com.br\/noticias\/?s={search_term_string}\"},\"query-input\":{\"@type\":\"PropertyValueSpecification\",\"valueRequired\":true,\"valueName\":\"search_term_string\"}}],\"inLanguage\":\"pt-BR\"},{\"@type\":\"Organization\",\"@id\":\"https:\/\/radiolifefm.com.br\/noticias\/#organization\",\"name\":\"R\u00e1dio Life FM\",\"alternateName\":\"Life FM\",\"url\":\"https:\/\/radiolifefm.com.br\/noticias\/\",\"logo\":{\"@type\":\"ImageObject\",\"inLanguage\":\"pt-BR\",\"@id\":\"https:\/\/radiolifefm.com.br\/noticias\/#\/schema\/logo\/image\/\",\"url\":\"https:\/\/static.radiolifefm.com.br\/noticias\/wp-content\/uploads\/2019\/10\/logo-lifefm.png\",\"contentUrl\":\"https:\/\/static.radiolifefm.com.br\/noticias\/wp-content\/uploads\/2019\/10\/logo-lifefm.png\",\"width\":196,\"height\":47,\"caption\":\"R\u00e1dio Life FM\"},\"image\":{\"@id\":\"https:\/\/radiolifefm.com.br\/noticias\/#\/schema\/logo\/image\/\"},\"sameAs\":[\"https:\/\/www.facebook.com\/radiolifefm\/\",\"https:\/\/www.instagram.com\/life1079fm\/\"]},{\"@type\":\"Person\",\"@id\":\"https:\/\/radiolifefm.com.br\/noticias\/#\/schema\/person\/6339b9fac59d12b071dec680d7375d87\",\"name\":\"ritanery\",\"image\":{\"@type\":\"ImageObject\",\"inLanguage\":\"pt-BR\",\"@id\":\"https:\/\/secure.gravatar.com\/avatar\/0e37bb19071f47c0b8a23f62a903df117c5a0e75f65a0c2901562f97cd41cf86?s=96&d=mm&r=g\",\"url\":\"https:\/\/secure.gravatar.com\/avatar\/0e37bb19071f47c0b8a23f62a903df117c5a0e75f65a0c2901562f97cd41cf86?s=96&d=mm&r=g\",\"contentUrl\":\"https:\/\/secure.gravatar.com\/avatar\/0e37bb19071f47c0b8a23f62a903df117c5a0e75f65a0c2901562f97cd41cf86?s=96&d=mm&r=g\",\"caption\":\"ritanery\"}}]}<\/script>\n<!-- \/ Yoast SEO plugin. -->","yoast_head_json":{"title":"\"PIN\u00d3QUIO E ALICE\" NA PROV\u00cdNCIA DO \"FAZ DE CONTA\"... - R\u00e1dio Life FM","robots":{"index":"index","follow":"follow","max-snippet":"max-snippet:-1","max-image-preview":"max-image-preview:large","max-video-preview":"max-video-preview:-1"},"canonical":"https:\/\/radiolifefm.com.br\/noticias\/pinoquio-e-alice-na-provincia-do-faz-de-conta\/","og_locale":"pt_BR","og_type":"article","og_title":"\"PIN\u00d3QUIO E ALICE\" NA PROV\u00cdNCIA DO \"FAZ DE CONTA\"... - R\u00e1dio Life FM","og_description":"&#8220;Quase todos os homens s\u00e3o capazes de suportar adversidades, mas se quiser por \u00e0 prova o car\u00e1ter de um homem, d\u00ea-lhe poder.&#8221; ( Abraham Lincoln ) S\u00e9rgio Barbosa (*)\u00a0 E mais um final de ano se aproxima em terras provincianas para muitos desencontros deste ou do outro lado de um mesmo lado, assim, pode-se escrever [&hellip;]","og_url":"https:\/\/radiolifefm.com.br\/noticias\/pinoquio-e-alice-na-provincia-do-faz-de-conta\/","og_site_name":"R\u00e1dio Life FM","article_publisher":"https:\/\/www.facebook.com\/radiolifefm\/","article_published_time":"2022-10-14T10:50:58+00:00","article_modified_time":"2026-01-29T09:52:37+00:00","og_image":[{"width":972,"height":1296,"url":"https:\/\/radiolifefm.com.br\/noticias\/wp-content\/uploads\/2022\/04\/WhatsApp-Image-2022-04-10-at-18.43.02.jpeg","type":"image\/jpeg"}],"author":"ritanery","twitter_card":"summary_large_image","twitter_misc":{"Escrito por":"ritanery","Est. tempo de leitura":"4 minutos"},"schema":{"@context":"https:\/\/schema.org","@graph":[{"@type":"Article","@id":"https:\/\/radiolifefm.com.br\/noticias\/pinoquio-e-alice-na-provincia-do-faz-de-conta\/#article","isPartOf":{"@id":"https:\/\/radiolifefm.com.br\/noticias\/pinoquio-e-alice-na-provincia-do-faz-de-conta\/"},"author":{"name":"ritanery","@id":"https:\/\/radiolifefm.com.br\/noticias\/#\/schema\/person\/6339b9fac59d12b071dec680d7375d87"},"headline":"&#8220;PIN\u00d3QUIO E ALICE&#8221; NA PROV\u00cdNCIA DO &#8220;FAZ DE CONTA&#8221;&#8230;","datePublished":"2022-10-14T10:50:58+00:00","dateModified":"2026-01-29T09:52:37+00:00","mainEntityOfPage":{"@id":"https:\/\/radiolifefm.com.br\/noticias\/pinoquio-e-alice-na-provincia-do-faz-de-conta\/"},"wordCount":622,"publisher":{"@id":"https:\/\/radiolifefm.com.br\/noticias\/#organization"},"image":{"@id":"https:\/\/radiolifefm.com.br\/noticias\/pinoquio-e-alice-na-provincia-do-faz-de-conta\/#primaryimage"},"thumbnailUrl":"https:\/\/radiolifefm.com.br\/noticias\/wp-content\/uploads\/2022\/04\/WhatsApp-Image-2022-04-10-at-18.43.02.jpeg","articleSection":["Opini\u00e3o"],"inLanguage":"pt-BR"},{"@type":"WebPage","@id":"https:\/\/radiolifefm.com.br\/noticias\/pinoquio-e-alice-na-provincia-do-faz-de-conta\/","url":"https:\/\/radiolifefm.com.br\/noticias\/pinoquio-e-alice-na-provincia-do-faz-de-conta\/","name":"\"PIN\u00d3QUIO E ALICE\" NA PROV\u00cdNCIA DO \"FAZ DE CONTA\"... - R\u00e1dio Life FM","isPartOf":{"@id":"https:\/\/radiolifefm.com.br\/noticias\/#website"},"primaryImageOfPage":{"@id":"https:\/\/radiolifefm.com.br\/noticias\/pinoquio-e-alice-na-provincia-do-faz-de-conta\/#primaryimage"},"image":{"@id":"https:\/\/radiolifefm.com.br\/noticias\/pinoquio-e-alice-na-provincia-do-faz-de-conta\/#primaryimage"},"thumbnailUrl":"https:\/\/radiolifefm.com.br\/noticias\/wp-content\/uploads\/2022\/04\/WhatsApp-Image-2022-04-10-at-18.43.02.jpeg","datePublished":"2022-10-14T10:50:58+00:00","dateModified":"2026-01-29T09:52:37+00:00","breadcrumb":{"@id":"https:\/\/radiolifefm.com.br\/noticias\/pinoquio-e-alice-na-provincia-do-faz-de-conta\/#breadcrumb"},"inLanguage":"pt-BR","potentialAction":[{"@type":"ReadAction","target":["https:\/\/radiolifefm.com.br\/noticias\/pinoquio-e-alice-na-provincia-do-faz-de-conta\/"]}]},{"@type":"ImageObject","inLanguage":"pt-BR","@id":"https:\/\/radiolifefm.com.br\/noticias\/pinoquio-e-alice-na-provincia-do-faz-de-conta\/#primaryimage","url":"https:\/\/radiolifefm.com.br\/noticias\/wp-content\/uploads\/2022\/04\/WhatsApp-Image-2022-04-10-at-18.43.02.jpeg","contentUrl":"https:\/\/radiolifefm.com.br\/noticias\/wp-content\/uploads\/2022\/04\/WhatsApp-Image-2022-04-10-at-18.43.02.jpeg","width":972,"height":1296,"caption":"S\u00e9rgio Barbosa"},{"@type":"BreadcrumbList","@id":"https:\/\/radiolifefm.com.br\/noticias\/pinoquio-e-alice-na-provincia-do-faz-de-conta\/#breadcrumb","itemListElement":[{"@type":"ListItem","position":1,"name":"In\u00edcio","item":"https:\/\/radiolifefm.com.br\/noticias\/"},{"@type":"ListItem","position":2,"name":"&#8220;PIN\u00d3QUIO E ALICE&#8221; NA PROV\u00cdNCIA DO &#8220;FAZ DE CONTA&#8221;&#8230;"}]},{"@type":"WebSite","@id":"https:\/\/radiolifefm.com.br\/noticias\/#website","url":"https:\/\/radiolifefm.com.br\/noticias\/","name":"R\u00e1dio Life FM","description":"O Portal de Not\u00edcias de Adamantina","publisher":{"@id":"https:\/\/radiolifefm.com.br\/noticias\/#organization"},"alternateName":"Life FM","potentialAction":[{"@type":"SearchAction","target":{"@type":"EntryPoint","urlTemplate":"https:\/\/radiolifefm.com.br\/noticias\/?s={search_term_string}"},"query-input":{"@type":"PropertyValueSpecification","valueRequired":true,"valueName":"search_term_string"}}],"inLanguage":"pt-BR"},{"@type":"Organization","@id":"https:\/\/radiolifefm.com.br\/noticias\/#organization","name":"R\u00e1dio Life FM","alternateName":"Life FM","url":"https:\/\/radiolifefm.com.br\/noticias\/","logo":{"@type":"ImageObject","inLanguage":"pt-BR","@id":"https:\/\/radiolifefm.com.br\/noticias\/#\/schema\/logo\/image\/","url":"https:\/\/static.radiolifefm.com.br\/noticias\/wp-content\/uploads\/2019\/10\/logo-lifefm.png","contentUrl":"https:\/\/static.radiolifefm.com.br\/noticias\/wp-content\/uploads\/2019\/10\/logo-lifefm.png","width":196,"height":47,"caption":"R\u00e1dio Life FM"},"image":{"@id":"https:\/\/radiolifefm.com.br\/noticias\/#\/schema\/logo\/image\/"},"sameAs":["https:\/\/www.facebook.com\/radiolifefm\/","https:\/\/www.instagram.com\/life1079fm\/"]},{"@type":"Person","@id":"https:\/\/radiolifefm.com.br\/noticias\/#\/schema\/person\/6339b9fac59d12b071dec680d7375d87","name":"ritanery","image":{"@type":"ImageObject","inLanguage":"pt-BR","@id":"https:\/\/secure.gravatar.com\/avatar\/0e37bb19071f47c0b8a23f62a903df117c5a0e75f65a0c2901562f97cd41cf86?s=96&d=mm&r=g","url":"https:\/\/secure.gravatar.com\/avatar\/0e37bb19071f47c0b8a23f62a903df117c5a0e75f65a0c2901562f97cd41cf86?s=96&d=mm&r=g","contentUrl":"https:\/\/secure.gravatar.com\/avatar\/0e37bb19071f47c0b8a23f62a903df117c5a0e75f65a0c2901562f97cd41cf86?s=96&d=mm&r=g","caption":"ritanery"}}]}},"amp_enabled":true,"_links":{"self":[{"href":"https:\/\/radiolifefm.com.br\/noticias\/wp-json\/wp\/v2\/posts\/59367","targetHints":{"allow":["GET"]}}],"collection":[{"href":"https:\/\/radiolifefm.com.br\/noticias\/wp-json\/wp\/v2\/posts"}],"about":[{"href":"https:\/\/radiolifefm.com.br\/noticias\/wp-json\/wp\/v2\/types\/post"}],"author":[{"embeddable":true,"href":"https:\/\/radiolifefm.com.br\/noticias\/wp-json\/wp\/v2\/users\/13"}],"replies":[{"embeddable":true,"href":"https:\/\/radiolifefm.com.br\/noticias\/wp-json\/wp\/v2\/comments?post=59367"}],"version-history":[{"count":1,"href":"https:\/\/radiolifefm.com.br\/noticias\/wp-json\/wp\/v2\/posts\/59367\/revisions"}],"predecessor-version":[{"id":59368,"href":"https:\/\/radiolifefm.com.br\/noticias\/wp-json\/wp\/v2\/posts\/59367\/revisions\/59368"}],"wp:featuredmedia":[{"embeddable":true,"href":"https:\/\/radiolifefm.com.br\/noticias\/wp-json\/wp\/v2\/media\/51988"}],"wp:attachment":[{"href":"https:\/\/radiolifefm.com.br\/noticias\/wp-json\/wp\/v2\/media?parent=59367"}],"wp:term":[{"taxonomy":"category","embeddable":true,"href":"https:\/\/radiolifefm.com.br\/noticias\/wp-json\/wp\/v2\/categories?post=59367"},{"taxonomy":"post_tag","embeddable":true,"href":"https:\/\/radiolifefm.com.br\/noticias\/wp-json\/wp\/v2\/tags?post=59367"}],"curies":[{"name":"wp","href":"https:\/\/api.w.org\/{rel}","templated":true}]}}