{"id":59345,"date":"2022-10-13T19:42:34","date_gmt":"2022-10-13T22:42:34","guid":{"rendered":"https:\/\/radiolifefm.com.br\/noticias\/?p=59345"},"modified":"2026-04-21T05:44:39","modified_gmt":"2026-04-21T08:44:39","slug":"festival-hoje-e-dia-de-rock-sera-realizado-sabado-15-no-parque-dos-pioneiros","status":"publish","type":"post","link":"https:\/\/radiolifefm.com.br\/noticias\/festival-hoje-e-dia-de-rock-sera-realizado-sabado-15-no-parque-dos-pioneiros\/","title":{"rendered":"\u201cFestival Hoje \u00e9 dia de Rock\u201d ser\u00e1 realizado s\u00e1bado (15) no Parque dos Pioneiros"},"content":{"rendered":"<div id=\"fb-root\"><\/div>\n<p style=\"font-weight: 400\">S\u00e1bado, 15 de outubro, a partir das 20h, o Parque dos Pioneiros recebe o &#8220;Festival Hoje \u00e9 dia de Rock\u201d. A realiza\u00e7\u00e3o \u00e9 uma iniciativa da Prefeitura de Adamantina, por meio da Secretaria de Cultura e Turismo.<\/p>\n<p style=\"font-weight: 400\">Participam do evento as bandas Very Body Rock, C\u00e3o, Cover Raul Seixas e Los Kandangos, Aero Vinil e Shiver.<\/p>\n<p style=\"font-weight: 400\">De acordo com o secret\u00e1rio de cultura e turismo, Sergio Vanderlei da Silva, o festival tem o objetivo de estimular as bandas que existem na cidade e, ainda, levar uma atra\u00e7\u00e3o diferente para um dos pontos tur\u00edsticos de Adamantina que \u00e9 o Parque dos Pioneiros.<\/p>\n<p style=\"font-weight: 400\">\u00a0\u201cQueremos que a popula\u00e7\u00e3o participe de mais uma iniciativa gratuita que estamos realizando em um dos cart\u00f5es postais de nossa cidade. Prestigiem\u201d, convida.<\/p>\n<p style=\"font-weight: 400\"><strong>Confira a programa\u00e7\u00e3o que ser\u00e1 realizada ainda no m\u00eas de outubro<\/strong><\/p>\n<p style=\"font-weight: 400\">No dia 17, segunda-feira, \u00e0s 20h, a Biblioteca Municipal Jurema Citeli recebe uma vernissage da exposi\u00e7\u00e3o A Vida e a Arte do Artista Pl\u00e1stico S\u00e9rgio Genaro. De 18 a 21 de\u00a0outubro, aqueles que quiserem conferir as obras podem visitar o local das 8h \u00e0s 17h.<\/p>\n<p style=\"font-weight: 400\">No dia 22, s\u00e1bado, acontece no Parque dos Pioneiros das 20h \u00e0s 23h30 a Festa do Flash Back DJ Alex On\u00e7a.<\/p>\n<p style=\"font-weight: 400\">J\u00e1 no dia 24, segunda-feira, mais uma vernissage da Expo Arte Cl\u00ednica Pai Nosso Lar acontece na Biblioteca Jurema Citelli a partir das 19h. As obras ficar\u00e3o expostas de 25 a 28 das 8h \u00e0s 17h na Biblioteca.<\/p>\n<p style=\"font-weight: 400\">No s\u00e1bado, 29, mais uma edi\u00e7\u00e3o do Meu Bairro em A\u00e7\u00e3o acontece. Agora, a programa\u00e7\u00e3o ser\u00e1 realizada no Centro Comunit\u00e1rio do Jardim Oiti\/Tipuanas a partir das 9h. No mesmo dia, das 16h \u00e0s 22h o Parque Caldeiras recebe a Feira Camale\u00e3o das 16h \u00e0s 22h.<\/p>\n<p style=\"font-weight: 400\">A programa\u00e7\u00e3o chega ao fim no domingo (30) com a\u00a0<em>Rollerween<\/em>\u00a0Bushido Patinador que ocorre no Parque dos Pioneiros a partir das 20h.<\/p>\n<p>&nbsp;<\/p>\n<p>Fonte: Assessoria de Imprensa<\/p>\n","protected":false},"excerpt":{"rendered":"<p>S\u00e1bado, 15 de outubro, a partir das 20h, o Parque dos Pioneiros recebe o &#8220;Festival Hoje \u00e9 dia de Rock\u201d. A realiza\u00e7\u00e3o \u00e9 uma iniciativa da Prefeitura de Adamantina, por meio da Secretaria de Cultura e Turismo. Participam do evento as bandas Very Body Rock, C\u00e3o, Cover Raul Seixas e Los Kandangos, Aero Vinil e [&hellip;]<\/p>\n","protected":false},"author":13,"featured_media":59274,"comment_status":"closed","ping_status":"open","sticky":false,"template":"","format":"standard","meta":{"_acf_changed":false,"_exactmetrics_skip_tracking":false,"_exactmetrics_sitenote_active":false,"_exactmetrics_sitenote_note":"","_exactmetrics_sitenote_category":0,"footnotes":""},"categories":[21],"tags":[],"class_list":["post-59345","post","type-post","status-publish","format-standard","has-post-thumbnail","hentry","category-adamantina"],"acf":[],"yoast_head":"<!-- This site is optimized with the Yoast SEO plugin v27.2 - https:\/\/yoast.com\/product\/yoast-seo-wordpress\/ -->\n<title>\u201cFestival Hoje \u00e9 dia de Rock\u201d ser\u00e1 realizado s\u00e1bado (15) no Parque dos Pioneiros - R\u00e1dio Life FM<\/title>\n<meta name=\"robots\" content=\"index, follow, max-snippet:-1, max-image-preview:large, max-video-preview:-1\" \/>\n<link rel=\"canonical\" href=\"https:\/\/radiolifefm.com.br\/noticias\/festival-hoje-e-dia-de-rock-sera-realizado-sabado-15-no-parque-dos-pioneiros\/\" \/>\n<meta property=\"og:locale\" content=\"pt_BR\" \/>\n<meta property=\"og:type\" content=\"article\" \/>\n<meta property=\"og:title\" content=\"\u201cFestival Hoje \u00e9 dia de Rock\u201d ser\u00e1 realizado s\u00e1bado (15) no Parque dos Pioneiros - R\u00e1dio Life FM\" \/>\n<meta property=\"og:description\" content=\"S\u00e1bado, 15 de outubro, a partir das 20h, o Parque dos Pioneiros recebe o &#8220;Festival Hoje \u00e9 dia de Rock\u201d. A realiza\u00e7\u00e3o \u00e9 uma iniciativa da Prefeitura de Adamantina, por meio da Secretaria de Cultura e Turismo. Participam do evento as bandas Very Body Rock, C\u00e3o, Cover Raul Seixas e Los Kandangos, Aero Vinil e [&hellip;]\" \/>\n<meta property=\"og:url\" content=\"https:\/\/radiolifefm.com.br\/noticias\/festival-hoje-e-dia-de-rock-sera-realizado-sabado-15-no-parque-dos-pioneiros\/\" \/>\n<meta property=\"og:site_name\" content=\"R\u00e1dio Life FM\" \/>\n<meta property=\"article:publisher\" content=\"https:\/\/www.facebook.com\/radiolifefm\/\" \/>\n<meta property=\"article:published_time\" content=\"2022-10-13T22:42:34+00:00\" \/>\n<meta property=\"article:modified_time\" content=\"2026-04-21T08:44:39+00:00\" \/>\n<meta property=\"og:image\" content=\"https:\/\/radiolifefm.com.br\/noticias\/wp-content\/uploads\/2022\/10\/ff80896b8ad2b161e9aa001a34e87f48.jpg\" \/>\n\t<meta property=\"og:image:width\" content=\"848\" \/>\n\t<meta property=\"og:image:height\" content=\"322\" \/>\n\t<meta property=\"og:image:type\" content=\"image\/jpeg\" \/>\n<meta name=\"author\" content=\"ritanery\" \/>\n<meta name=\"twitter:card\" content=\"summary_large_image\" \/>\n<meta name=\"twitter:label1\" content=\"Escrito por\" \/>\n\t<meta name=\"twitter:data1\" content=\"ritanery\" \/>\n\t<meta name=\"twitter:label2\" content=\"Est. tempo de leitura\" \/>\n\t<meta name=\"twitter:data2\" content=\"2 minutos\" \/>\n<script type=\"application\/ld+json\" class=\"yoast-schema-graph\">{\"@context\":\"https:\/\/schema.org\",\"@graph\":[{\"@type\":\"Article\",\"@id\":\"https:\/\/radiolifefm.com.br\/noticias\/festival-hoje-e-dia-de-rock-sera-realizado-sabado-15-no-parque-dos-pioneiros\/#article\",\"isPartOf\":{\"@id\":\"https:\/\/radiolifefm.com.br\/noticias\/festival-hoje-e-dia-de-rock-sera-realizado-sabado-15-no-parque-dos-pioneiros\/\"},\"author\":{\"name\":\"ritanery\",\"@id\":\"https:\/\/radiolifefm.com.br\/noticias\/#\/schema\/person\/6339b9fac59d12b071dec680d7375d87\"},\"headline\":\"\u201cFestival Hoje \u00e9 dia de Rock\u201d ser\u00e1 realizado s\u00e1bado (15) no Parque dos Pioneiros\",\"datePublished\":\"2022-10-13T22:42:34+00:00\",\"dateModified\":\"2026-04-21T08:44:39+00:00\",\"mainEntityOfPage\":{\"@id\":\"https:\/\/radiolifefm.com.br\/noticias\/festival-hoje-e-dia-de-rock-sera-realizado-sabado-15-no-parque-dos-pioneiros\/\"},\"wordCount\":338,\"publisher\":{\"@id\":\"https:\/\/radiolifefm.com.br\/noticias\/#organization\"},\"image\":{\"@id\":\"https:\/\/radiolifefm.com.br\/noticias\/festival-hoje-e-dia-de-rock-sera-realizado-sabado-15-no-parque-dos-pioneiros\/#primaryimage\"},\"thumbnailUrl\":\"https:\/\/radiolifefm.com.br\/noticias\/wp-content\/uploads\/2022\/10\/ff80896b8ad2b161e9aa001a34e87f48.jpg\",\"articleSection\":[\"Adamantina\"],\"inLanguage\":\"pt-BR\"},{\"@type\":\"WebPage\",\"@id\":\"https:\/\/radiolifefm.com.br\/noticias\/festival-hoje-e-dia-de-rock-sera-realizado-sabado-15-no-parque-dos-pioneiros\/\",\"url\":\"https:\/\/radiolifefm.com.br\/noticias\/festival-hoje-e-dia-de-rock-sera-realizado-sabado-15-no-parque-dos-pioneiros\/\",\"name\":\"\u201cFestival Hoje \u00e9 dia de Rock\u201d ser\u00e1 realizado s\u00e1bado (15) no Parque dos Pioneiros - R\u00e1dio Life FM\",\"isPartOf\":{\"@id\":\"https:\/\/radiolifefm.com.br\/noticias\/#website\"},\"primaryImageOfPage\":{\"@id\":\"https:\/\/radiolifefm.com.br\/noticias\/festival-hoje-e-dia-de-rock-sera-realizado-sabado-15-no-parque-dos-pioneiros\/#primaryimage\"},\"image\":{\"@id\":\"https:\/\/radiolifefm.com.br\/noticias\/festival-hoje-e-dia-de-rock-sera-realizado-sabado-15-no-parque-dos-pioneiros\/#primaryimage\"},\"thumbnailUrl\":\"https:\/\/radiolifefm.com.br\/noticias\/wp-content\/uploads\/2022\/10\/ff80896b8ad2b161e9aa001a34e87f48.jpg\",\"datePublished\":\"2022-10-13T22:42:34+00:00\",\"dateModified\":\"2026-04-21T08:44:39+00:00\",\"breadcrumb\":{\"@id\":\"https:\/\/radiolifefm.com.br\/noticias\/festival-hoje-e-dia-de-rock-sera-realizado-sabado-15-no-parque-dos-pioneiros\/#breadcrumb\"},\"inLanguage\":\"pt-BR\",\"potentialAction\":[{\"@type\":\"ReadAction\",\"target\":[\"https:\/\/radiolifefm.com.br\/noticias\/festival-hoje-e-dia-de-rock-sera-realizado-sabado-15-no-parque-dos-pioneiros\/\"]}]},{\"@type\":\"ImageObject\",\"inLanguage\":\"pt-BR\",\"@id\":\"https:\/\/radiolifefm.com.br\/noticias\/festival-hoje-e-dia-de-rock-sera-realizado-sabado-15-no-parque-dos-pioneiros\/#primaryimage\",\"url\":\"https:\/\/radiolifefm.com.br\/noticias\/wp-content\/uploads\/2022\/10\/ff80896b8ad2b161e9aa001a34e87f48.jpg\",\"contentUrl\":\"https:\/\/radiolifefm.com.br\/noticias\/wp-content\/uploads\/2022\/10\/ff80896b8ad2b161e9aa001a34e87f48.jpg\",\"width\":848,\"height\":322,\"caption\":\"Confira as programa\u00e7\u00f5es culturais que acontecem ainda no m\u00eas de outubro\"},{\"@type\":\"BreadcrumbList\",\"@id\":\"https:\/\/radiolifefm.com.br\/noticias\/festival-hoje-e-dia-de-rock-sera-realizado-sabado-15-no-parque-dos-pioneiros\/#breadcrumb\",\"itemListElement\":[{\"@type\":\"ListItem\",\"position\":1,\"name\":\"In\u00edcio\",\"item\":\"https:\/\/radiolifefm.com.br\/noticias\/\"},{\"@type\":\"ListItem\",\"position\":2,\"name\":\"\u201cFestival Hoje \u00e9 dia de Rock\u201d ser\u00e1 realizado s\u00e1bado (15) no Parque dos Pioneiros\"}]},{\"@type\":\"WebSite\",\"@id\":\"https:\/\/radiolifefm.com.br\/noticias\/#website\",\"url\":\"https:\/\/radiolifefm.com.br\/noticias\/\",\"name\":\"R\u00e1dio Life FM\",\"description\":\"O Portal de Not\u00edcias de Adamantina\",\"publisher\":{\"@id\":\"https:\/\/radiolifefm.com.br\/noticias\/#organization\"},\"alternateName\":\"Life FM\",\"potentialAction\":[{\"@type\":\"SearchAction\",\"target\":{\"@type\":\"EntryPoint\",\"urlTemplate\":\"https:\/\/radiolifefm.com.br\/noticias\/?s={search_term_string}\"},\"query-input\":{\"@type\":\"PropertyValueSpecification\",\"valueRequired\":true,\"valueName\":\"search_term_string\"}}],\"inLanguage\":\"pt-BR\"},{\"@type\":\"Organization\",\"@id\":\"https:\/\/radiolifefm.com.br\/noticias\/#organization\",\"name\":\"R\u00e1dio Life FM\",\"alternateName\":\"Life FM\",\"url\":\"https:\/\/radiolifefm.com.br\/noticias\/\",\"logo\":{\"@type\":\"ImageObject\",\"inLanguage\":\"pt-BR\",\"@id\":\"https:\/\/radiolifefm.com.br\/noticias\/#\/schema\/logo\/image\/\",\"url\":\"https:\/\/static.radiolifefm.com.br\/noticias\/wp-content\/uploads\/2019\/10\/logo-lifefm.png\",\"contentUrl\":\"https:\/\/static.radiolifefm.com.br\/noticias\/wp-content\/uploads\/2019\/10\/logo-lifefm.png\",\"width\":196,\"height\":47,\"caption\":\"R\u00e1dio Life FM\"},\"image\":{\"@id\":\"https:\/\/radiolifefm.com.br\/noticias\/#\/schema\/logo\/image\/\"},\"sameAs\":[\"https:\/\/www.facebook.com\/radiolifefm\/\",\"https:\/\/www.instagram.com\/life1079fm\/\"]},{\"@type\":\"Person\",\"@id\":\"https:\/\/radiolifefm.com.br\/noticias\/#\/schema\/person\/6339b9fac59d12b071dec680d7375d87\",\"name\":\"ritanery\",\"image\":{\"@type\":\"ImageObject\",\"inLanguage\":\"pt-BR\",\"@id\":\"https:\/\/secure.gravatar.com\/avatar\/0e37bb19071f47c0b8a23f62a903df117c5a0e75f65a0c2901562f97cd41cf86?s=96&d=mm&r=g\",\"url\":\"https:\/\/secure.gravatar.com\/avatar\/0e37bb19071f47c0b8a23f62a903df117c5a0e75f65a0c2901562f97cd41cf86?s=96&d=mm&r=g\",\"contentUrl\":\"https:\/\/secure.gravatar.com\/avatar\/0e37bb19071f47c0b8a23f62a903df117c5a0e75f65a0c2901562f97cd41cf86?s=96&d=mm&r=g\",\"caption\":\"ritanery\"}}]}<\/script>\n<!-- \/ Yoast SEO plugin. -->","yoast_head_json":{"title":"\u201cFestival Hoje \u00e9 dia de Rock\u201d ser\u00e1 realizado s\u00e1bado (15) no Parque dos Pioneiros - R\u00e1dio Life FM","robots":{"index":"index","follow":"follow","max-snippet":"max-snippet:-1","max-image-preview":"max-image-preview:large","max-video-preview":"max-video-preview:-1"},"canonical":"https:\/\/radiolifefm.com.br\/noticias\/festival-hoje-e-dia-de-rock-sera-realizado-sabado-15-no-parque-dos-pioneiros\/","og_locale":"pt_BR","og_type":"article","og_title":"\u201cFestival Hoje \u00e9 dia de Rock\u201d ser\u00e1 realizado s\u00e1bado (15) no Parque dos Pioneiros - R\u00e1dio Life FM","og_description":"S\u00e1bado, 15 de outubro, a partir das 20h, o Parque dos Pioneiros recebe o &#8220;Festival Hoje \u00e9 dia de Rock\u201d. A realiza\u00e7\u00e3o \u00e9 uma iniciativa da Prefeitura de Adamantina, por meio da Secretaria de Cultura e Turismo. Participam do evento as bandas Very Body Rock, C\u00e3o, Cover Raul Seixas e Los Kandangos, Aero Vinil e [&hellip;]","og_url":"https:\/\/radiolifefm.com.br\/noticias\/festival-hoje-e-dia-de-rock-sera-realizado-sabado-15-no-parque-dos-pioneiros\/","og_site_name":"R\u00e1dio Life FM","article_publisher":"https:\/\/www.facebook.com\/radiolifefm\/","article_published_time":"2022-10-13T22:42:34+00:00","article_modified_time":"2026-04-21T08:44:39+00:00","og_image":[{"width":848,"height":322,"url":"https:\/\/radiolifefm.com.br\/noticias\/wp-content\/uploads\/2022\/10\/ff80896b8ad2b161e9aa001a34e87f48.jpg","type":"image\/jpeg"}],"author":"ritanery","twitter_card":"summary_large_image","twitter_misc":{"Escrito por":"ritanery","Est. tempo de leitura":"2 minutos"},"schema":{"@context":"https:\/\/schema.org","@graph":[{"@type":"Article","@id":"https:\/\/radiolifefm.com.br\/noticias\/festival-hoje-e-dia-de-rock-sera-realizado-sabado-15-no-parque-dos-pioneiros\/#article","isPartOf":{"@id":"https:\/\/radiolifefm.com.br\/noticias\/festival-hoje-e-dia-de-rock-sera-realizado-sabado-15-no-parque-dos-pioneiros\/"},"author":{"name":"ritanery","@id":"https:\/\/radiolifefm.com.br\/noticias\/#\/schema\/person\/6339b9fac59d12b071dec680d7375d87"},"headline":"\u201cFestival Hoje \u00e9 dia de Rock\u201d ser\u00e1 realizado s\u00e1bado (15) no Parque dos Pioneiros","datePublished":"2022-10-13T22:42:34+00:00","dateModified":"2026-04-21T08:44:39+00:00","mainEntityOfPage":{"@id":"https:\/\/radiolifefm.com.br\/noticias\/festival-hoje-e-dia-de-rock-sera-realizado-sabado-15-no-parque-dos-pioneiros\/"},"wordCount":338,"publisher":{"@id":"https:\/\/radiolifefm.com.br\/noticias\/#organization"},"image":{"@id":"https:\/\/radiolifefm.com.br\/noticias\/festival-hoje-e-dia-de-rock-sera-realizado-sabado-15-no-parque-dos-pioneiros\/#primaryimage"},"thumbnailUrl":"https:\/\/radiolifefm.com.br\/noticias\/wp-content\/uploads\/2022\/10\/ff80896b8ad2b161e9aa001a34e87f48.jpg","articleSection":["Adamantina"],"inLanguage":"pt-BR"},{"@type":"WebPage","@id":"https:\/\/radiolifefm.com.br\/noticias\/festival-hoje-e-dia-de-rock-sera-realizado-sabado-15-no-parque-dos-pioneiros\/","url":"https:\/\/radiolifefm.com.br\/noticias\/festival-hoje-e-dia-de-rock-sera-realizado-sabado-15-no-parque-dos-pioneiros\/","name":"\u201cFestival Hoje \u00e9 dia de Rock\u201d ser\u00e1 realizado s\u00e1bado (15) no Parque dos Pioneiros - R\u00e1dio Life FM","isPartOf":{"@id":"https:\/\/radiolifefm.com.br\/noticias\/#website"},"primaryImageOfPage":{"@id":"https:\/\/radiolifefm.com.br\/noticias\/festival-hoje-e-dia-de-rock-sera-realizado-sabado-15-no-parque-dos-pioneiros\/#primaryimage"},"image":{"@id":"https:\/\/radiolifefm.com.br\/noticias\/festival-hoje-e-dia-de-rock-sera-realizado-sabado-15-no-parque-dos-pioneiros\/#primaryimage"},"thumbnailUrl":"https:\/\/radiolifefm.com.br\/noticias\/wp-content\/uploads\/2022\/10\/ff80896b8ad2b161e9aa001a34e87f48.jpg","datePublished":"2022-10-13T22:42:34+00:00","dateModified":"2026-04-21T08:44:39+00:00","breadcrumb":{"@id":"https:\/\/radiolifefm.com.br\/noticias\/festival-hoje-e-dia-de-rock-sera-realizado-sabado-15-no-parque-dos-pioneiros\/#breadcrumb"},"inLanguage":"pt-BR","potentialAction":[{"@type":"ReadAction","target":["https:\/\/radiolifefm.com.br\/noticias\/festival-hoje-e-dia-de-rock-sera-realizado-sabado-15-no-parque-dos-pioneiros\/"]}]},{"@type":"ImageObject","inLanguage":"pt-BR","@id":"https:\/\/radiolifefm.com.br\/noticias\/festival-hoje-e-dia-de-rock-sera-realizado-sabado-15-no-parque-dos-pioneiros\/#primaryimage","url":"https:\/\/radiolifefm.com.br\/noticias\/wp-content\/uploads\/2022\/10\/ff80896b8ad2b161e9aa001a34e87f48.jpg","contentUrl":"https:\/\/radiolifefm.com.br\/noticias\/wp-content\/uploads\/2022\/10\/ff80896b8ad2b161e9aa001a34e87f48.jpg","width":848,"height":322,"caption":"Confira as programa\u00e7\u00f5es culturais que acontecem ainda no m\u00eas de outubro"},{"@type":"BreadcrumbList","@id":"https:\/\/radiolifefm.com.br\/noticias\/festival-hoje-e-dia-de-rock-sera-realizado-sabado-15-no-parque-dos-pioneiros\/#breadcrumb","itemListElement":[{"@type":"ListItem","position":1,"name":"In\u00edcio","item":"https:\/\/radiolifefm.com.br\/noticias\/"},{"@type":"ListItem","position":2,"name":"\u201cFestival Hoje \u00e9 dia de Rock\u201d ser\u00e1 realizado s\u00e1bado (15) no Parque dos Pioneiros"}]},{"@type":"WebSite","@id":"https:\/\/radiolifefm.com.br\/noticias\/#website","url":"https:\/\/radiolifefm.com.br\/noticias\/","name":"R\u00e1dio Life FM","description":"O Portal de Not\u00edcias de Adamantina","publisher":{"@id":"https:\/\/radiolifefm.com.br\/noticias\/#organization"},"alternateName":"Life FM","potentialAction":[{"@type":"SearchAction","target":{"@type":"EntryPoint","urlTemplate":"https:\/\/radiolifefm.com.br\/noticias\/?s={search_term_string}"},"query-input":{"@type":"PropertyValueSpecification","valueRequired":true,"valueName":"search_term_string"}}],"inLanguage":"pt-BR"},{"@type":"Organization","@id":"https:\/\/radiolifefm.com.br\/noticias\/#organization","name":"R\u00e1dio Life FM","alternateName":"Life FM","url":"https:\/\/radiolifefm.com.br\/noticias\/","logo":{"@type":"ImageObject","inLanguage":"pt-BR","@id":"https:\/\/radiolifefm.com.br\/noticias\/#\/schema\/logo\/image\/","url":"https:\/\/static.radiolifefm.com.br\/noticias\/wp-content\/uploads\/2019\/10\/logo-lifefm.png","contentUrl":"https:\/\/static.radiolifefm.com.br\/noticias\/wp-content\/uploads\/2019\/10\/logo-lifefm.png","width":196,"height":47,"caption":"R\u00e1dio Life FM"},"image":{"@id":"https:\/\/radiolifefm.com.br\/noticias\/#\/schema\/logo\/image\/"},"sameAs":["https:\/\/www.facebook.com\/radiolifefm\/","https:\/\/www.instagram.com\/life1079fm\/"]},{"@type":"Person","@id":"https:\/\/radiolifefm.com.br\/noticias\/#\/schema\/person\/6339b9fac59d12b071dec680d7375d87","name":"ritanery","image":{"@type":"ImageObject","inLanguage":"pt-BR","@id":"https:\/\/secure.gravatar.com\/avatar\/0e37bb19071f47c0b8a23f62a903df117c5a0e75f65a0c2901562f97cd41cf86?s=96&d=mm&r=g","url":"https:\/\/secure.gravatar.com\/avatar\/0e37bb19071f47c0b8a23f62a903df117c5a0e75f65a0c2901562f97cd41cf86?s=96&d=mm&r=g","contentUrl":"https:\/\/secure.gravatar.com\/avatar\/0e37bb19071f47c0b8a23f62a903df117c5a0e75f65a0c2901562f97cd41cf86?s=96&d=mm&r=g","caption":"ritanery"}}]}},"amp_enabled":true,"_links":{"self":[{"href":"https:\/\/radiolifefm.com.br\/noticias\/wp-json\/wp\/v2\/posts\/59345","targetHints":{"allow":["GET"]}}],"collection":[{"href":"https:\/\/radiolifefm.com.br\/noticias\/wp-json\/wp\/v2\/posts"}],"about":[{"href":"https:\/\/radiolifefm.com.br\/noticias\/wp-json\/wp\/v2\/types\/post"}],"author":[{"embeddable":true,"href":"https:\/\/radiolifefm.com.br\/noticias\/wp-json\/wp\/v2\/users\/13"}],"replies":[{"embeddable":true,"href":"https:\/\/radiolifefm.com.br\/noticias\/wp-json\/wp\/v2\/comments?post=59345"}],"version-history":[{"count":4,"href":"https:\/\/radiolifefm.com.br\/noticias\/wp-json\/wp\/v2\/posts\/59345\/revisions"}],"predecessor-version":[{"id":59349,"href":"https:\/\/radiolifefm.com.br\/noticias\/wp-json\/wp\/v2\/posts\/59345\/revisions\/59349"}],"wp:featuredmedia":[{"embeddable":true,"href":"https:\/\/radiolifefm.com.br\/noticias\/wp-json\/wp\/v2\/media\/59274"}],"wp:attachment":[{"href":"https:\/\/radiolifefm.com.br\/noticias\/wp-json\/wp\/v2\/media?parent=59345"}],"wp:term":[{"taxonomy":"category","embeddable":true,"href":"https:\/\/radiolifefm.com.br\/noticias\/wp-json\/wp\/v2\/categories?post=59345"},{"taxonomy":"post_tag","embeddable":true,"href":"https:\/\/radiolifefm.com.br\/noticias\/wp-json\/wp\/v2\/tags?post=59345"}],"curies":[{"name":"wp","href":"https:\/\/api.w.org\/{rel}","templated":true}]}}