{"id":59336,"date":"2022-10-13T19:39:14","date_gmt":"2022-10-13T22:39:14","guid":{"rendered":"https:\/\/radiolifefm.com.br\/noticias\/?p=59336"},"modified":"2026-03-20T19:29:09","modified_gmt":"2026-03-20T22:29:09","slug":"secretaria-de-cultura-e-turismo-de-adamantina-promove-exposicao-a-vida-e-a-arte-do-artista-plastico-sergio-genaro","status":"publish","type":"post","link":"https:\/\/radiolifefm.com.br\/noticias\/secretaria-de-cultura-e-turismo-de-adamantina-promove-exposicao-a-vida-e-a-arte-do-artista-plastico-sergio-genaro\/","title":{"rendered":"Secretaria de Cultura e Turismo de Adamantina promove \u201cExposi\u00e7\u00e3o A Vida e a Arte do Artista Pl\u00e1stico S\u00e9rgio Genaro\u201d"},"content":{"rendered":"<div id=\"fb-root\"><\/div>\n<p style=\"font-weight: 400\">A Prefeitura de Adamantina, por meio da Secretaria de Cultura e Turismo, preparou para o m\u00eas de outubro uma ampla programa\u00e7\u00e3o cultural. Entre as a\u00e7\u00f5es, est\u00e1 a realiza\u00e7\u00e3o da Exposi\u00e7\u00e3o A Vida e a Arte do Artista Pl\u00e1stico S\u00e9rgio Genaro. A Vernissage acontece na segunda-feira (17), a partir das 20h na Biblioteca Municipal Jurema Citeli.<\/p>\n<p style=\"font-weight: 400\">O artista pl\u00e1stico conta que recebeu o convite do secret\u00e1rio de Cultura e Turismo, S\u00e9rgio Vanderlei, h\u00e1 dois anos. \u201cEle refor\u00e7ou o convite em junho ou julho e aceitei por ser um momento de retomada p\u00f3s-pandemia. Espero colaborar com a intensa programa\u00e7\u00e3o cultural que ele vem desenvolvendo\u201d, afirma.<\/p>\n<p style=\"font-weight: 400\">Conforme ele, o tema da exposi\u00e7\u00e3o foi proposto pelo secret\u00e1rio. \u201cAchei interessante a leitura que acredito que ele tenha feito. Eu respiro arte e n\u00e3o conseguiria viver sem ela, mesmo dando aula ela me persegue.\u00a0 Vida e Arte se misturam numa trajet\u00f3ria&#8230;ora tranquila e retil\u00ednea, ora sinuosa e conflituosa\u201d, assegura.<\/p>\n<p style=\"font-weight: 400\">A exposi\u00e7\u00e3o contar\u00e1 com telas j\u00e1 bem conhecidas e outras que foram pintadas nos \u00faltimos dois anos.<\/p>\n<p style=\"font-weight: 400\">Genaro relembra que come\u00e7ou a pintar com guache na escola Jo\u00e3o Gomes Martins em Martinopolis. \u201cMinha professora de Hist\u00f3ria, Minerva Zugeib, ao deparar com um retrato que fiz de George Washington me disse que eu devia fazer Belas Artes, isto em 1966. Da\u00ed, esqueci a Medicina e s\u00f3 busquei desenho, pintura e constru\u00e7\u00f5es geom\u00e9tricas.\u00a0 Cursei Belas Artes, curso superior de pintura\u201d, comenta.<\/p>\n<p style=\"font-weight: 400\">Al\u00e9m disso, o artista ainda \u00e9 professor e ministrou aulas nas p\u00fablicas de Adamantina, Anhumas, Tecainda, Vila Esc\u00f3cia, Martin\u00f3polis, Mariapolis, Luc\u00e9lia e nas universidades de Presidente Prudente na Unoeste e Objetivo, Unimar campus de Tup\u00e3 e UniFai e Objetivo de Adamantina.<\/p>\n<p style=\"font-weight: 400\">\u201cCentenas de artistas passaram por mim, inclusive nos meus cursos particulares de arte. Alguns se destacam no cen\u00e1rio nacional como arquitetos, fot\u00f3grafos, modelos fotogr\u00e1ficos, atores e m\u00fasicos. Enfim, 50 anos ensinando e descobrindo talentos. Isto \u00e9\u00a0 Vida, com certeza\u201d, finaliza.<\/p>\n<p>&nbsp;<\/p>\n<p>Fonte: Assessoria de Imprensa<\/p>\n","protected":false},"excerpt":{"rendered":"<p>A Prefeitura de Adamantina, por meio da Secretaria de Cultura e Turismo, preparou para o m\u00eas de outubro uma ampla programa\u00e7\u00e3o cultural. Entre as a\u00e7\u00f5es, est\u00e1 a realiza\u00e7\u00e3o da Exposi\u00e7\u00e3o A Vida e a Arte do Artista Pl\u00e1stico S\u00e9rgio Genaro. A Vernissage acontece na segunda-feira (17), a partir das 20h na Biblioteca Municipal Jurema Citeli. [&hellip;]<\/p>\n","protected":false},"author":13,"featured_media":59337,"comment_status":"closed","ping_status":"open","sticky":false,"template":"","format":"standard","meta":{"_acf_changed":false,"_exactmetrics_skip_tracking":false,"_exactmetrics_sitenote_active":false,"_exactmetrics_sitenote_note":"","_exactmetrics_sitenote_category":0,"footnotes":""},"categories":[21],"tags":[],"class_list":["post-59336","post","type-post","status-publish","format-standard","has-post-thumbnail","hentry","category-adamantina"],"acf":[],"yoast_head":"<!-- This site is optimized with the Yoast SEO plugin v27.2 - https:\/\/yoast.com\/product\/yoast-seo-wordpress\/ -->\n<title>Secretaria de Cultura e Turismo de Adamantina promove \u201cExposi\u00e7\u00e3o A Vida e a Arte do Artista Pl\u00e1stico S\u00e9rgio Genaro\u201d - R\u00e1dio Life FM<\/title>\n<meta name=\"robots\" content=\"index, follow, max-snippet:-1, max-image-preview:large, max-video-preview:-1\" \/>\n<link rel=\"canonical\" href=\"https:\/\/radiolifefm.com.br\/noticias\/secretaria-de-cultura-e-turismo-de-adamantina-promove-exposicao-a-vida-e-a-arte-do-artista-plastico-sergio-genaro\/\" \/>\n<meta property=\"og:locale\" content=\"pt_BR\" \/>\n<meta property=\"og:type\" content=\"article\" \/>\n<meta property=\"og:title\" content=\"Secretaria de Cultura e Turismo de Adamantina promove \u201cExposi\u00e7\u00e3o A Vida e a Arte do Artista Pl\u00e1stico S\u00e9rgio Genaro\u201d - R\u00e1dio Life FM\" \/>\n<meta property=\"og:description\" content=\"A Prefeitura de Adamantina, por meio da Secretaria de Cultura e Turismo, preparou para o m\u00eas de outubro uma ampla programa\u00e7\u00e3o cultural. Entre as a\u00e7\u00f5es, est\u00e1 a realiza\u00e7\u00e3o da Exposi\u00e7\u00e3o A Vida e a Arte do Artista Pl\u00e1stico S\u00e9rgio Genaro. A Vernissage acontece na segunda-feira (17), a partir das 20h na Biblioteca Municipal Jurema Citeli. [&hellip;]\" \/>\n<meta property=\"og:url\" content=\"https:\/\/radiolifefm.com.br\/noticias\/secretaria-de-cultura-e-turismo-de-adamantina-promove-exposicao-a-vida-e-a-arte-do-artista-plastico-sergio-genaro\/\" \/>\n<meta property=\"og:site_name\" content=\"R\u00e1dio Life FM\" \/>\n<meta property=\"article:publisher\" content=\"https:\/\/www.facebook.com\/radiolifefm\/\" \/>\n<meta property=\"article:published_time\" content=\"2022-10-13T22:39:14+00:00\" \/>\n<meta property=\"article:modified_time\" content=\"2026-03-20T22:29:09+00:00\" \/>\n<meta property=\"og:image\" content=\"https:\/\/radiolifefm.com.br\/noticias\/wp-content\/uploads\/2022\/10\/WhatsApp-Image-2022-10-13-at-11.36.35.jpeg\" \/>\n\t<meta property=\"og:image:width\" content=\"1280\" \/>\n\t<meta property=\"og:image:height\" content=\"1280\" \/>\n\t<meta property=\"og:image:type\" content=\"image\/jpeg\" \/>\n<meta name=\"author\" content=\"ritanery\" \/>\n<meta name=\"twitter:card\" content=\"summary_large_image\" \/>\n<meta name=\"twitter:label1\" content=\"Escrito por\" \/>\n\t<meta name=\"twitter:data1\" content=\"ritanery\" \/>\n\t<meta name=\"twitter:label2\" content=\"Est. tempo de leitura\" \/>\n\t<meta name=\"twitter:data2\" content=\"2 minutos\" \/>\n<script type=\"application\/ld+json\" class=\"yoast-schema-graph\">{\"@context\":\"https:\/\/schema.org\",\"@graph\":[{\"@type\":\"Article\",\"@id\":\"https:\/\/radiolifefm.com.br\/noticias\/secretaria-de-cultura-e-turismo-de-adamantina-promove-exposicao-a-vida-e-a-arte-do-artista-plastico-sergio-genaro\/#article\",\"isPartOf\":{\"@id\":\"https:\/\/radiolifefm.com.br\/noticias\/secretaria-de-cultura-e-turismo-de-adamantina-promove-exposicao-a-vida-e-a-arte-do-artista-plastico-sergio-genaro\/\"},\"author\":{\"name\":\"ritanery\",\"@id\":\"https:\/\/radiolifefm.com.br\/noticias\/#\/schema\/person\/6339b9fac59d12b071dec680d7375d87\"},\"headline\":\"Secretaria de Cultura e Turismo de Adamantina promove \u201cExposi\u00e7\u00e3o A Vida e a Arte do Artista Pl\u00e1stico S\u00e9rgio Genaro\u201d\",\"datePublished\":\"2022-10-13T22:39:14+00:00\",\"dateModified\":\"2026-03-20T22:29:09+00:00\",\"mainEntityOfPage\":{\"@id\":\"https:\/\/radiolifefm.com.br\/noticias\/secretaria-de-cultura-e-turismo-de-adamantina-promove-exposicao-a-vida-e-a-arte-do-artista-plastico-sergio-genaro\/\"},\"wordCount\":369,\"publisher\":{\"@id\":\"https:\/\/radiolifefm.com.br\/noticias\/#organization\"},\"image\":{\"@id\":\"https:\/\/radiolifefm.com.br\/noticias\/secretaria-de-cultura-e-turismo-de-adamantina-promove-exposicao-a-vida-e-a-arte-do-artista-plastico-sergio-genaro\/#primaryimage\"},\"thumbnailUrl\":\"https:\/\/radiolifefm.com.br\/noticias\/wp-content\/uploads\/2022\/10\/WhatsApp-Image-2022-10-13-at-11.36.35.jpeg\",\"articleSection\":[\"Adamantina\"],\"inLanguage\":\"pt-BR\"},{\"@type\":\"WebPage\",\"@id\":\"https:\/\/radiolifefm.com.br\/noticias\/secretaria-de-cultura-e-turismo-de-adamantina-promove-exposicao-a-vida-e-a-arte-do-artista-plastico-sergio-genaro\/\",\"url\":\"https:\/\/radiolifefm.com.br\/noticias\/secretaria-de-cultura-e-turismo-de-adamantina-promove-exposicao-a-vida-e-a-arte-do-artista-plastico-sergio-genaro\/\",\"name\":\"Secretaria de Cultura e Turismo de Adamantina promove \u201cExposi\u00e7\u00e3o A Vida e a Arte do Artista Pl\u00e1stico S\u00e9rgio Genaro\u201d - R\u00e1dio Life FM\",\"isPartOf\":{\"@id\":\"https:\/\/radiolifefm.com.br\/noticias\/#website\"},\"primaryImageOfPage\":{\"@id\":\"https:\/\/radiolifefm.com.br\/noticias\/secretaria-de-cultura-e-turismo-de-adamantina-promove-exposicao-a-vida-e-a-arte-do-artista-plastico-sergio-genaro\/#primaryimage\"},\"image\":{\"@id\":\"https:\/\/radiolifefm.com.br\/noticias\/secretaria-de-cultura-e-turismo-de-adamantina-promove-exposicao-a-vida-e-a-arte-do-artista-plastico-sergio-genaro\/#primaryimage\"},\"thumbnailUrl\":\"https:\/\/radiolifefm.com.br\/noticias\/wp-content\/uploads\/2022\/10\/WhatsApp-Image-2022-10-13-at-11.36.35.jpeg\",\"datePublished\":\"2022-10-13T22:39:14+00:00\",\"dateModified\":\"2026-03-20T22:29:09+00:00\",\"breadcrumb\":{\"@id\":\"https:\/\/radiolifefm.com.br\/noticias\/secretaria-de-cultura-e-turismo-de-adamantina-promove-exposicao-a-vida-e-a-arte-do-artista-plastico-sergio-genaro\/#breadcrumb\"},\"inLanguage\":\"pt-BR\",\"potentialAction\":[{\"@type\":\"ReadAction\",\"target\":[\"https:\/\/radiolifefm.com.br\/noticias\/secretaria-de-cultura-e-turismo-de-adamantina-promove-exposicao-a-vida-e-a-arte-do-artista-plastico-sergio-genaro\/\"]}]},{\"@type\":\"ImageObject\",\"inLanguage\":\"pt-BR\",\"@id\":\"https:\/\/radiolifefm.com.br\/noticias\/secretaria-de-cultura-e-turismo-de-adamantina-promove-exposicao-a-vida-e-a-arte-do-artista-plastico-sergio-genaro\/#primaryimage\",\"url\":\"https:\/\/radiolifefm.com.br\/noticias\/wp-content\/uploads\/2022\/10\/WhatsApp-Image-2022-10-13-at-11.36.35.jpeg\",\"contentUrl\":\"https:\/\/radiolifefm.com.br\/noticias\/wp-content\/uploads\/2022\/10\/WhatsApp-Image-2022-10-13-at-11.36.35.jpeg\",\"width\":1280,\"height\":1280,\"caption\":\"Vernissage acontece na segunda-feira (17), a partir das 20h na Biblioteca Municipal Jurema Citeli\"},{\"@type\":\"BreadcrumbList\",\"@id\":\"https:\/\/radiolifefm.com.br\/noticias\/secretaria-de-cultura-e-turismo-de-adamantina-promove-exposicao-a-vida-e-a-arte-do-artista-plastico-sergio-genaro\/#breadcrumb\",\"itemListElement\":[{\"@type\":\"ListItem\",\"position\":1,\"name\":\"In\u00edcio\",\"item\":\"https:\/\/radiolifefm.com.br\/noticias\/\"},{\"@type\":\"ListItem\",\"position\":2,\"name\":\"Secretaria de Cultura e Turismo de Adamantina promove \u201cExposi\u00e7\u00e3o A Vida e a Arte do Artista Pl\u00e1stico S\u00e9rgio Genaro\u201d\"}]},{\"@type\":\"WebSite\",\"@id\":\"https:\/\/radiolifefm.com.br\/noticias\/#website\",\"url\":\"https:\/\/radiolifefm.com.br\/noticias\/\",\"name\":\"R\u00e1dio Life FM\",\"description\":\"O Portal de Not\u00edcias de Adamantina\",\"publisher\":{\"@id\":\"https:\/\/radiolifefm.com.br\/noticias\/#organization\"},\"alternateName\":\"Life FM\",\"potentialAction\":[{\"@type\":\"SearchAction\",\"target\":{\"@type\":\"EntryPoint\",\"urlTemplate\":\"https:\/\/radiolifefm.com.br\/noticias\/?s={search_term_string}\"},\"query-input\":{\"@type\":\"PropertyValueSpecification\",\"valueRequired\":true,\"valueName\":\"search_term_string\"}}],\"inLanguage\":\"pt-BR\"},{\"@type\":\"Organization\",\"@id\":\"https:\/\/radiolifefm.com.br\/noticias\/#organization\",\"name\":\"R\u00e1dio Life FM\",\"alternateName\":\"Life FM\",\"url\":\"https:\/\/radiolifefm.com.br\/noticias\/\",\"logo\":{\"@type\":\"ImageObject\",\"inLanguage\":\"pt-BR\",\"@id\":\"https:\/\/radiolifefm.com.br\/noticias\/#\/schema\/logo\/image\/\",\"url\":\"https:\/\/static.radiolifefm.com.br\/noticias\/wp-content\/uploads\/2019\/10\/logo-lifefm.png\",\"contentUrl\":\"https:\/\/static.radiolifefm.com.br\/noticias\/wp-content\/uploads\/2019\/10\/logo-lifefm.png\",\"width\":196,\"height\":47,\"caption\":\"R\u00e1dio Life FM\"},\"image\":{\"@id\":\"https:\/\/radiolifefm.com.br\/noticias\/#\/schema\/logo\/image\/\"},\"sameAs\":[\"https:\/\/www.facebook.com\/radiolifefm\/\",\"https:\/\/www.instagram.com\/life1079fm\/\"]},{\"@type\":\"Person\",\"@id\":\"https:\/\/radiolifefm.com.br\/noticias\/#\/schema\/person\/6339b9fac59d12b071dec680d7375d87\",\"name\":\"ritanery\",\"image\":{\"@type\":\"ImageObject\",\"inLanguage\":\"pt-BR\",\"@id\":\"https:\/\/secure.gravatar.com\/avatar\/0e37bb19071f47c0b8a23f62a903df117c5a0e75f65a0c2901562f97cd41cf86?s=96&d=mm&r=g\",\"url\":\"https:\/\/secure.gravatar.com\/avatar\/0e37bb19071f47c0b8a23f62a903df117c5a0e75f65a0c2901562f97cd41cf86?s=96&d=mm&r=g\",\"contentUrl\":\"https:\/\/secure.gravatar.com\/avatar\/0e37bb19071f47c0b8a23f62a903df117c5a0e75f65a0c2901562f97cd41cf86?s=96&d=mm&r=g\",\"caption\":\"ritanery\"}}]}<\/script>\n<!-- \/ Yoast SEO plugin. -->","yoast_head_json":{"title":"Secretaria de Cultura e Turismo de Adamantina promove \u201cExposi\u00e7\u00e3o A Vida e a Arte do Artista Pl\u00e1stico S\u00e9rgio Genaro\u201d - R\u00e1dio Life FM","robots":{"index":"index","follow":"follow","max-snippet":"max-snippet:-1","max-image-preview":"max-image-preview:large","max-video-preview":"max-video-preview:-1"},"canonical":"https:\/\/radiolifefm.com.br\/noticias\/secretaria-de-cultura-e-turismo-de-adamantina-promove-exposicao-a-vida-e-a-arte-do-artista-plastico-sergio-genaro\/","og_locale":"pt_BR","og_type":"article","og_title":"Secretaria de Cultura e Turismo de Adamantina promove \u201cExposi\u00e7\u00e3o A Vida e a Arte do Artista Pl\u00e1stico S\u00e9rgio Genaro\u201d - R\u00e1dio Life FM","og_description":"A Prefeitura de Adamantina, por meio da Secretaria de Cultura e Turismo, preparou para o m\u00eas de outubro uma ampla programa\u00e7\u00e3o cultural. Entre as a\u00e7\u00f5es, est\u00e1 a realiza\u00e7\u00e3o da Exposi\u00e7\u00e3o A Vida e a Arte do Artista Pl\u00e1stico S\u00e9rgio Genaro. A Vernissage acontece na segunda-feira (17), a partir das 20h na Biblioteca Municipal Jurema Citeli. [&hellip;]","og_url":"https:\/\/radiolifefm.com.br\/noticias\/secretaria-de-cultura-e-turismo-de-adamantina-promove-exposicao-a-vida-e-a-arte-do-artista-plastico-sergio-genaro\/","og_site_name":"R\u00e1dio Life FM","article_publisher":"https:\/\/www.facebook.com\/radiolifefm\/","article_published_time":"2022-10-13T22:39:14+00:00","article_modified_time":"2026-03-20T22:29:09+00:00","og_image":[{"width":1280,"height":1280,"url":"https:\/\/radiolifefm.com.br\/noticias\/wp-content\/uploads\/2022\/10\/WhatsApp-Image-2022-10-13-at-11.36.35.jpeg","type":"image\/jpeg"}],"author":"ritanery","twitter_card":"summary_large_image","twitter_misc":{"Escrito por":"ritanery","Est. tempo de leitura":"2 minutos"},"schema":{"@context":"https:\/\/schema.org","@graph":[{"@type":"Article","@id":"https:\/\/radiolifefm.com.br\/noticias\/secretaria-de-cultura-e-turismo-de-adamantina-promove-exposicao-a-vida-e-a-arte-do-artista-plastico-sergio-genaro\/#article","isPartOf":{"@id":"https:\/\/radiolifefm.com.br\/noticias\/secretaria-de-cultura-e-turismo-de-adamantina-promove-exposicao-a-vida-e-a-arte-do-artista-plastico-sergio-genaro\/"},"author":{"name":"ritanery","@id":"https:\/\/radiolifefm.com.br\/noticias\/#\/schema\/person\/6339b9fac59d12b071dec680d7375d87"},"headline":"Secretaria de Cultura e Turismo de Adamantina promove \u201cExposi\u00e7\u00e3o A Vida e a Arte do Artista Pl\u00e1stico S\u00e9rgio Genaro\u201d","datePublished":"2022-10-13T22:39:14+00:00","dateModified":"2026-03-20T22:29:09+00:00","mainEntityOfPage":{"@id":"https:\/\/radiolifefm.com.br\/noticias\/secretaria-de-cultura-e-turismo-de-adamantina-promove-exposicao-a-vida-e-a-arte-do-artista-plastico-sergio-genaro\/"},"wordCount":369,"publisher":{"@id":"https:\/\/radiolifefm.com.br\/noticias\/#organization"},"image":{"@id":"https:\/\/radiolifefm.com.br\/noticias\/secretaria-de-cultura-e-turismo-de-adamantina-promove-exposicao-a-vida-e-a-arte-do-artista-plastico-sergio-genaro\/#primaryimage"},"thumbnailUrl":"https:\/\/radiolifefm.com.br\/noticias\/wp-content\/uploads\/2022\/10\/WhatsApp-Image-2022-10-13-at-11.36.35.jpeg","articleSection":["Adamantina"],"inLanguage":"pt-BR"},{"@type":"WebPage","@id":"https:\/\/radiolifefm.com.br\/noticias\/secretaria-de-cultura-e-turismo-de-adamantina-promove-exposicao-a-vida-e-a-arte-do-artista-plastico-sergio-genaro\/","url":"https:\/\/radiolifefm.com.br\/noticias\/secretaria-de-cultura-e-turismo-de-adamantina-promove-exposicao-a-vida-e-a-arte-do-artista-plastico-sergio-genaro\/","name":"Secretaria de Cultura e Turismo de Adamantina promove \u201cExposi\u00e7\u00e3o A Vida e a Arte do Artista Pl\u00e1stico S\u00e9rgio Genaro\u201d - R\u00e1dio Life FM","isPartOf":{"@id":"https:\/\/radiolifefm.com.br\/noticias\/#website"},"primaryImageOfPage":{"@id":"https:\/\/radiolifefm.com.br\/noticias\/secretaria-de-cultura-e-turismo-de-adamantina-promove-exposicao-a-vida-e-a-arte-do-artista-plastico-sergio-genaro\/#primaryimage"},"image":{"@id":"https:\/\/radiolifefm.com.br\/noticias\/secretaria-de-cultura-e-turismo-de-adamantina-promove-exposicao-a-vida-e-a-arte-do-artista-plastico-sergio-genaro\/#primaryimage"},"thumbnailUrl":"https:\/\/radiolifefm.com.br\/noticias\/wp-content\/uploads\/2022\/10\/WhatsApp-Image-2022-10-13-at-11.36.35.jpeg","datePublished":"2022-10-13T22:39:14+00:00","dateModified":"2026-03-20T22:29:09+00:00","breadcrumb":{"@id":"https:\/\/radiolifefm.com.br\/noticias\/secretaria-de-cultura-e-turismo-de-adamantina-promove-exposicao-a-vida-e-a-arte-do-artista-plastico-sergio-genaro\/#breadcrumb"},"inLanguage":"pt-BR","potentialAction":[{"@type":"ReadAction","target":["https:\/\/radiolifefm.com.br\/noticias\/secretaria-de-cultura-e-turismo-de-adamantina-promove-exposicao-a-vida-e-a-arte-do-artista-plastico-sergio-genaro\/"]}]},{"@type":"ImageObject","inLanguage":"pt-BR","@id":"https:\/\/radiolifefm.com.br\/noticias\/secretaria-de-cultura-e-turismo-de-adamantina-promove-exposicao-a-vida-e-a-arte-do-artista-plastico-sergio-genaro\/#primaryimage","url":"https:\/\/radiolifefm.com.br\/noticias\/wp-content\/uploads\/2022\/10\/WhatsApp-Image-2022-10-13-at-11.36.35.jpeg","contentUrl":"https:\/\/radiolifefm.com.br\/noticias\/wp-content\/uploads\/2022\/10\/WhatsApp-Image-2022-10-13-at-11.36.35.jpeg","width":1280,"height":1280,"caption":"Vernissage acontece na segunda-feira (17), a partir das 20h na Biblioteca Municipal Jurema Citeli"},{"@type":"BreadcrumbList","@id":"https:\/\/radiolifefm.com.br\/noticias\/secretaria-de-cultura-e-turismo-de-adamantina-promove-exposicao-a-vida-e-a-arte-do-artista-plastico-sergio-genaro\/#breadcrumb","itemListElement":[{"@type":"ListItem","position":1,"name":"In\u00edcio","item":"https:\/\/radiolifefm.com.br\/noticias\/"},{"@type":"ListItem","position":2,"name":"Secretaria de Cultura e Turismo de Adamantina promove \u201cExposi\u00e7\u00e3o A Vida e a Arte do Artista Pl\u00e1stico S\u00e9rgio Genaro\u201d"}]},{"@type":"WebSite","@id":"https:\/\/radiolifefm.com.br\/noticias\/#website","url":"https:\/\/radiolifefm.com.br\/noticias\/","name":"R\u00e1dio Life FM","description":"O Portal de Not\u00edcias de Adamantina","publisher":{"@id":"https:\/\/radiolifefm.com.br\/noticias\/#organization"},"alternateName":"Life FM","potentialAction":[{"@type":"SearchAction","target":{"@type":"EntryPoint","urlTemplate":"https:\/\/radiolifefm.com.br\/noticias\/?s={search_term_string}"},"query-input":{"@type":"PropertyValueSpecification","valueRequired":true,"valueName":"search_term_string"}}],"inLanguage":"pt-BR"},{"@type":"Organization","@id":"https:\/\/radiolifefm.com.br\/noticias\/#organization","name":"R\u00e1dio Life FM","alternateName":"Life FM","url":"https:\/\/radiolifefm.com.br\/noticias\/","logo":{"@type":"ImageObject","inLanguage":"pt-BR","@id":"https:\/\/radiolifefm.com.br\/noticias\/#\/schema\/logo\/image\/","url":"https:\/\/static.radiolifefm.com.br\/noticias\/wp-content\/uploads\/2019\/10\/logo-lifefm.png","contentUrl":"https:\/\/static.radiolifefm.com.br\/noticias\/wp-content\/uploads\/2019\/10\/logo-lifefm.png","width":196,"height":47,"caption":"R\u00e1dio Life FM"},"image":{"@id":"https:\/\/radiolifefm.com.br\/noticias\/#\/schema\/logo\/image\/"},"sameAs":["https:\/\/www.facebook.com\/radiolifefm\/","https:\/\/www.instagram.com\/life1079fm\/"]},{"@type":"Person","@id":"https:\/\/radiolifefm.com.br\/noticias\/#\/schema\/person\/6339b9fac59d12b071dec680d7375d87","name":"ritanery","image":{"@type":"ImageObject","inLanguage":"pt-BR","@id":"https:\/\/secure.gravatar.com\/avatar\/0e37bb19071f47c0b8a23f62a903df117c5a0e75f65a0c2901562f97cd41cf86?s=96&d=mm&r=g","url":"https:\/\/secure.gravatar.com\/avatar\/0e37bb19071f47c0b8a23f62a903df117c5a0e75f65a0c2901562f97cd41cf86?s=96&d=mm&r=g","contentUrl":"https:\/\/secure.gravatar.com\/avatar\/0e37bb19071f47c0b8a23f62a903df117c5a0e75f65a0c2901562f97cd41cf86?s=96&d=mm&r=g","caption":"ritanery"}}]}},"amp_enabled":true,"_links":{"self":[{"href":"https:\/\/radiolifefm.com.br\/noticias\/wp-json\/wp\/v2\/posts\/59336","targetHints":{"allow":["GET"]}}],"collection":[{"href":"https:\/\/radiolifefm.com.br\/noticias\/wp-json\/wp\/v2\/posts"}],"about":[{"href":"https:\/\/radiolifefm.com.br\/noticias\/wp-json\/wp\/v2\/types\/post"}],"author":[{"embeddable":true,"href":"https:\/\/radiolifefm.com.br\/noticias\/wp-json\/wp\/v2\/users\/13"}],"replies":[{"embeddable":true,"href":"https:\/\/radiolifefm.com.br\/noticias\/wp-json\/wp\/v2\/comments?post=59336"}],"version-history":[{"count":7,"href":"https:\/\/radiolifefm.com.br\/noticias\/wp-json\/wp\/v2\/posts\/59336\/revisions"}],"predecessor-version":[{"id":59344,"href":"https:\/\/radiolifefm.com.br\/noticias\/wp-json\/wp\/v2\/posts\/59336\/revisions\/59344"}],"wp:featuredmedia":[{"embeddable":true,"href":"https:\/\/radiolifefm.com.br\/noticias\/wp-json\/wp\/v2\/media\/59337"}],"wp:attachment":[{"href":"https:\/\/radiolifefm.com.br\/noticias\/wp-json\/wp\/v2\/media?parent=59336"}],"wp:term":[{"taxonomy":"category","embeddable":true,"href":"https:\/\/radiolifefm.com.br\/noticias\/wp-json\/wp\/v2\/categories?post=59336"},{"taxonomy":"post_tag","embeddable":true,"href":"https:\/\/radiolifefm.com.br\/noticias\/wp-json\/wp\/v2\/tags?post=59336"}],"curies":[{"name":"wp","href":"https:\/\/api.w.org\/{rel}","templated":true}]}}