{"id":59303,"date":"2022-10-13T09:56:51","date_gmt":"2022-10-13T12:56:51","guid":{"rendered":"https:\/\/radiolifefm.com.br\/noticias\/?p=59303"},"modified":"2025-09-14T09:49:13","modified_gmt":"2025-09-14T12:49:13","slug":"policia-civil-em-adamantina-celebra-dia-das-criancas-com-programacao-especial-na-delegacia-seccional","status":"publish","type":"post","link":"https:\/\/radiolifefm.com.br\/noticias\/policia-civil-em-adamantina-celebra-dia-das-criancas-com-programacao-especial-na-delegacia-seccional\/","title":{"rendered":"Pol\u00edcia Civil em Adamantina celebra Dia das Crian\u00e7as com programa\u00e7\u00e3o especial na Delegacia Seccional"},"content":{"rendered":"<div id=\"fb-root\"><\/div>\n<p>A Delegacia Seccional da Pol\u00edcia Civil em Adamantina promoveu na manh\u00e3 deste feriado (12) uma programa\u00e7\u00e3o especial voltada ao Dia das Crian\u00e7as. Mesmo com uma chuva leve pela manh\u00e3 as atividades foram mantidas, para crian\u00e7as filhos de policiais e da comunidade.<\/p>\n<p>A estrutura do espa\u00e7o abrigou esta\u00e7\u00f5es de lazer e recrea\u00e7\u00e3o com brinquedos infl\u00e1veis, pula-pula e atividades de pintura para crian\u00e7as. O p\u00fablico infantil ganhou pipoca, algod\u00e3o-doce, refrigerante e kits de guloseimas.<\/p>\n<p>As crian\u00e7as receberam crach\u00e1s de identifica\u00e7\u00e3o policial personalizados com fotos e dados pessoais, semelhante aos usados pelos policiais, e tamb\u00e9m fizeram passeio de viaturas. Mais de 200 crian\u00e7as participaram da programa\u00e7\u00e3o, durante toda a manh\u00e3.<\/p>\n<p>A iniciativa liderada pelo delegado seccional Carlos Roberto Vasconcelos teve a ades\u00e3o ativa de delegados e policiais da \u00e1rea da Seccional, que se mobilizaram na fase de prepara\u00e7\u00e3o da programa\u00e7\u00e3o e sua realiza\u00e7\u00e3o nesta quarta-feira. A atividade tamb\u00e9m permitiu celebrar a data e aproximar as crian\u00e7as \u00e0 estrutura operacional da Pol\u00edcia Civil de Adamantina.<\/p>\n<p><strong>Integra\u00e7\u00e3o e aproxima\u00e7\u00e3o <\/strong><\/p>\n<p>Ao SIGA MAIS, o delegado destacou que o objetivo da a\u00e7\u00e3o foi confraternizar a data com as crian\u00e7as, e aproxim\u00e1-las, tamb\u00e9m, do ambiente da Pol\u00edcia Civil. \u201cFoi uma manh\u00e3 gratificante para n\u00f3s. Por meio dessa intera\u00e7\u00e3o as crian\u00e7as tiveram a oportunidade de conhecer um pouco sobre o nosso trabalho aqui na Pol\u00edcia Civil\u201d, disse. \u201cA iniciativa tamb\u00e9m contribuiu para quebrar algum paradigma que possa existir em rela\u00e7\u00e3o \u00e0 pol\u00edcia. Por isso, essa aproxima\u00e7\u00e3o com as crian\u00e7as, sobretudo as mais carentes, \u00e9 muito importante para a institui\u00e7\u00e3o policial e para a comunidade, como um todo\u201d, continuou.<\/p>\n<figure style=\"width: 540px\" class=\"wp-caption aligncenter\"><img loading=\"lazy\" decoding=\"async\" src=\"https:\/\/www.sigamais.com\/arquivo\/uploads\/pc-1jpg1665598712634704f81ea2a.jpg\" alt=\"\" width=\"540\" height=\"960\" \/><figcaption class=\"wp-caption-text\">O delegado seccional Carlos Vasconcelos (Imagem: Siga Mais).<\/figcaption><\/figure>\n<p>O delegado frisou que a atua\u00e7\u00e3o do efetivo da Seccional, na atividade, se deu de maneira volunt\u00e1ria. \u201cNingu\u00e9m est\u00e1 aqui convocado, e compareceu com carinho e amor, para fazer o melhor a essas crian\u00e7as\u201d, ressaltou.<\/p>\n<figure style=\"width: 540px\" class=\"wp-caption aligncenter\"><img loading=\"lazy\" decoding=\"async\" src=\"https:\/\/www.sigamais.com\/arquivo\/uploads\/pc-4jpg1665598832634705707e2d5.jpg\" alt=\"\" width=\"540\" height=\"304\" \/><figcaption class=\"wp-caption-text\">Pol\u00edcia Civil em Adamantina celebra o Dia das Crian\u00e7as (Imagem: Siga Mais).<\/figcaption><\/figure>\n<figure style=\"width: 540px\" class=\"wp-caption aligncenter\"><img loading=\"lazy\" decoding=\"async\" src=\"https:\/\/www.sigamais.com\/arquivo\/uploads\/pc-3jpg16655988446347057c88caa.jpg\" alt=\"\" width=\"540\" height=\"304\" \/><figcaption class=\"wp-caption-text\">Pol\u00edcia Civil em Adamantina celebra o Dia das Crian\u00e7as (Imagem: Siga Mais).<\/figcaption><\/figure>\n<p>Ainda de acordo com o delegado seccional, a iniciativa j\u00e1 foi avaliada positivamente e poder\u00e1 ser repetida em outras edi\u00e7\u00f5es do Dia da Crian\u00e7a. \u201cEstamos t\u00e3o felizes quanto as crian\u00e7as que est\u00e3o com a gente aqui hoje. Foi maravilhoso receb\u00ea-las nesse dia t\u00e3o especial e festivo\u201d.<\/p>\n<figure style=\"width: 540px\" class=\"wp-caption aligncenter\"><img loading=\"lazy\" decoding=\"async\" src=\"https:\/\/www.sigamais.com\/arquivo\/uploads\/pc-2jpg1665598760634705287830a.jpg\" alt=\"\" width=\"540\" height=\"304\" \/><figcaption class=\"wp-caption-text\">Grupo da Emef Eurico Leite de Moraes (Imagem: Siga Mais).<\/figcaption><\/figure>\n<p>A Escola Municipal Eurico Leite de Moraes, localizada no Jardim Adamantina, participou da programa\u00e7\u00e3o com cerca de 20 crian\u00e7as. \u201cEssa programa\u00e7\u00e3o impacta diretamente na educa\u00e7\u00e3o. Temos que aproximar as nossas crian\u00e7as \u00e0 Pol\u00edcia\u201d, disse o diretor da unidade de ensino, Ricardo Mendes Ant\u00f4nio. \u201cQuero parabenizar a Pol\u00edcia Civil de Adamantina por essa aproxima\u00e7\u00e3o propiciada aos nossos alunos\u201d, encerrou.<\/p>\n<p>A programa\u00e7\u00e3o na manh\u00e3 desta quarta-feira n\u00e3o interferiu no funcionamento da reparti\u00e7\u00e3o. Nos feriados, \u00e0 noite e aos finais de semana o atendimento da Pol\u00edcia Civil na cidade \u00e9 realizado no plant\u00e3o, que fica em outro espa\u00e7o, na Alameda Santa Cruz.<\/p>\n<p>&nbsp;<\/p>\n<p>Fonte: Siga Mais<\/p>\n","protected":false},"excerpt":{"rendered":"<p>A Delegacia Seccional da Pol\u00edcia Civil em Adamantina promoveu na manh\u00e3 deste feriado (12) uma programa\u00e7\u00e3o especial voltada ao Dia das Crian\u00e7as. Mesmo com uma chuva leve pela manh\u00e3 as atividades foram mantidas, para crian\u00e7as filhos de policiais e da comunidade. A estrutura do espa\u00e7o abrigou esta\u00e7\u00f5es de lazer e recrea\u00e7\u00e3o com brinquedos infl\u00e1veis, pula-pula [&hellip;]<\/p>\n","protected":false},"author":13,"featured_media":59304,"comment_status":"closed","ping_status":"open","sticky":false,"template":"","format":"standard","meta":{"_acf_changed":false,"_exactmetrics_skip_tracking":false,"_exactmetrics_sitenote_active":false,"_exactmetrics_sitenote_note":"","_exactmetrics_sitenote_category":0,"footnotes":""},"categories":[21],"tags":[],"class_list":["post-59303","post","type-post","status-publish","format-standard","has-post-thumbnail","hentry","category-adamantina"],"acf":[],"yoast_head":"<!-- This site is optimized with the Yoast SEO plugin v27.2 - https:\/\/yoast.com\/product\/yoast-seo-wordpress\/ -->\n<title>Pol\u00edcia Civil em Adamantina celebra Dia das Crian\u00e7as com programa\u00e7\u00e3o especial na Delegacia Seccional - R\u00e1dio Life FM<\/title>\n<meta name=\"robots\" content=\"index, follow, max-snippet:-1, max-image-preview:large, max-video-preview:-1\" \/>\n<link rel=\"canonical\" href=\"https:\/\/radiolifefm.com.br\/noticias\/policia-civil-em-adamantina-celebra-dia-das-criancas-com-programacao-especial-na-delegacia-seccional\/\" \/>\n<meta property=\"og:locale\" content=\"pt_BR\" \/>\n<meta property=\"og:type\" content=\"article\" \/>\n<meta property=\"og:title\" content=\"Pol\u00edcia Civil em Adamantina celebra Dia das Crian\u00e7as com programa\u00e7\u00e3o especial na Delegacia Seccional - R\u00e1dio Life FM\" \/>\n<meta property=\"og:description\" content=\"A Delegacia Seccional da Pol\u00edcia Civil em Adamantina promoveu na manh\u00e3 deste feriado (12) uma programa\u00e7\u00e3o especial voltada ao Dia das Crian\u00e7as. Mesmo com uma chuva leve pela manh\u00e3 as atividades foram mantidas, para crian\u00e7as filhos de policiais e da comunidade. A estrutura do espa\u00e7o abrigou esta\u00e7\u00f5es de lazer e recrea\u00e7\u00e3o com brinquedos infl\u00e1veis, pula-pula [&hellip;]\" \/>\n<meta property=\"og:url\" content=\"https:\/\/radiolifefm.com.br\/noticias\/policia-civil-em-adamantina-celebra-dia-das-criancas-com-programacao-especial-na-delegacia-seccional\/\" \/>\n<meta property=\"og:site_name\" content=\"R\u00e1dio Life FM\" \/>\n<meta property=\"article:publisher\" content=\"https:\/\/www.facebook.com\/radiolifefm\/\" \/>\n<meta property=\"article:published_time\" content=\"2022-10-13T12:56:51+00:00\" \/>\n<meta property=\"article:modified_time\" content=\"2025-09-14T12:49:13+00:00\" \/>\n<meta property=\"og:image\" content=\"https:\/\/static.radiolifefm.com.br\/noticias\/wp-content\/uploads\/2022\/10\/pc-10jpg166559897663470600055e0.jpg\" \/>\n\t<meta property=\"og:image:width\" content=\"1300\" \/>\n\t<meta property=\"og:image:height\" content=\"731\" \/>\n\t<meta property=\"og:image:type\" content=\"image\/jpeg\" \/>\n<meta name=\"author\" content=\"ritanery\" \/>\n<meta name=\"twitter:card\" content=\"summary_large_image\" \/>\n<meta name=\"twitter:label1\" content=\"Escrito por\" \/>\n\t<meta name=\"twitter:data1\" content=\"ritanery\" \/>\n\t<meta name=\"twitter:label2\" content=\"Est. tempo de leitura\" \/>\n\t<meta name=\"twitter:data2\" content=\"4 minutos\" \/>\n<script type=\"application\/ld+json\" class=\"yoast-schema-graph\">{\"@context\":\"https:\/\/schema.org\",\"@graph\":[{\"@type\":\"Article\",\"@id\":\"https:\/\/radiolifefm.com.br\/noticias\/policia-civil-em-adamantina-celebra-dia-das-criancas-com-programacao-especial-na-delegacia-seccional\/#article\",\"isPartOf\":{\"@id\":\"https:\/\/radiolifefm.com.br\/noticias\/policia-civil-em-adamantina-celebra-dia-das-criancas-com-programacao-especial-na-delegacia-seccional\/\"},\"author\":{\"name\":\"ritanery\",\"@id\":\"https:\/\/radiolifefm.com.br\/noticias\/#\/schema\/person\/6339b9fac59d12b071dec680d7375d87\"},\"headline\":\"Pol\u00edcia Civil em Adamantina celebra Dia das Crian\u00e7as com programa\u00e7\u00e3o especial na Delegacia Seccional\",\"datePublished\":\"2022-10-13T12:56:51+00:00\",\"dateModified\":\"2025-09-14T12:49:13+00:00\",\"mainEntityOfPage\":{\"@id\":\"https:\/\/radiolifefm.com.br\/noticias\/policia-civil-em-adamantina-celebra-dia-das-criancas-com-programacao-especial-na-delegacia-seccional\/\"},\"wordCount\":588,\"publisher\":{\"@id\":\"https:\/\/radiolifefm.com.br\/noticias\/#organization\"},\"image\":{\"@id\":\"https:\/\/radiolifefm.com.br\/noticias\/policia-civil-em-adamantina-celebra-dia-das-criancas-com-programacao-especial-na-delegacia-seccional\/#primaryimage\"},\"thumbnailUrl\":\"https:\/\/radiolifefm.com.br\/noticias\/wp-content\/uploads\/2022\/10\/pc-10jpg166559897663470600055e0.jpg\",\"articleSection\":[\"Adamantina\"],\"inLanguage\":\"pt-BR\"},{\"@type\":\"WebPage\",\"@id\":\"https:\/\/radiolifefm.com.br\/noticias\/policia-civil-em-adamantina-celebra-dia-das-criancas-com-programacao-especial-na-delegacia-seccional\/\",\"url\":\"https:\/\/radiolifefm.com.br\/noticias\/policia-civil-em-adamantina-celebra-dia-das-criancas-com-programacao-especial-na-delegacia-seccional\/\",\"name\":\"Pol\u00edcia Civil em Adamantina celebra Dia das Crian\u00e7as com programa\u00e7\u00e3o especial na Delegacia Seccional - R\u00e1dio Life FM\",\"isPartOf\":{\"@id\":\"https:\/\/radiolifefm.com.br\/noticias\/#website\"},\"primaryImageOfPage\":{\"@id\":\"https:\/\/radiolifefm.com.br\/noticias\/policia-civil-em-adamantina-celebra-dia-das-criancas-com-programacao-especial-na-delegacia-seccional\/#primaryimage\"},\"image\":{\"@id\":\"https:\/\/radiolifefm.com.br\/noticias\/policia-civil-em-adamantina-celebra-dia-das-criancas-com-programacao-especial-na-delegacia-seccional\/#primaryimage\"},\"thumbnailUrl\":\"https:\/\/radiolifefm.com.br\/noticias\/wp-content\/uploads\/2022\/10\/pc-10jpg166559897663470600055e0.jpg\",\"datePublished\":\"2022-10-13T12:56:51+00:00\",\"dateModified\":\"2025-09-14T12:49:13+00:00\",\"breadcrumb\":{\"@id\":\"https:\/\/radiolifefm.com.br\/noticias\/policia-civil-em-adamantina-celebra-dia-das-criancas-com-programacao-especial-na-delegacia-seccional\/#breadcrumb\"},\"inLanguage\":\"pt-BR\",\"potentialAction\":[{\"@type\":\"ReadAction\",\"target\":[\"https:\/\/radiolifefm.com.br\/noticias\/policia-civil-em-adamantina-celebra-dia-das-criancas-com-programacao-especial-na-delegacia-seccional\/\"]}]},{\"@type\":\"ImageObject\",\"inLanguage\":\"pt-BR\",\"@id\":\"https:\/\/radiolifefm.com.br\/noticias\/policia-civil-em-adamantina-celebra-dia-das-criancas-com-programacao-especial-na-delegacia-seccional\/#primaryimage\",\"url\":\"https:\/\/radiolifefm.com.br\/noticias\/wp-content\/uploads\/2022\/10\/pc-10jpg166559897663470600055e0.jpg\",\"contentUrl\":\"https:\/\/radiolifefm.com.br\/noticias\/wp-content\/uploads\/2022\/10\/pc-10jpg166559897663470600055e0.jpg\",\"width\":1300,\"height\":731,\"caption\":\"Programa\u00e7\u00e3o foi realizada na Delegacia Seccional da Pol\u00edcia Civil em Adamantina (Imagem: Siga Mais).\"},{\"@type\":\"BreadcrumbList\",\"@id\":\"https:\/\/radiolifefm.com.br\/noticias\/policia-civil-em-adamantina-celebra-dia-das-criancas-com-programacao-especial-na-delegacia-seccional\/#breadcrumb\",\"itemListElement\":[{\"@type\":\"ListItem\",\"position\":1,\"name\":\"In\u00edcio\",\"item\":\"https:\/\/radiolifefm.com.br\/noticias\/\"},{\"@type\":\"ListItem\",\"position\":2,\"name\":\"Pol\u00edcia Civil em Adamantina celebra Dia das Crian\u00e7as com programa\u00e7\u00e3o especial na Delegacia Seccional\"}]},{\"@type\":\"WebSite\",\"@id\":\"https:\/\/radiolifefm.com.br\/noticias\/#website\",\"url\":\"https:\/\/radiolifefm.com.br\/noticias\/\",\"name\":\"R\u00e1dio Life FM\",\"description\":\"O Portal de Not\u00edcias de Adamantina\",\"publisher\":{\"@id\":\"https:\/\/radiolifefm.com.br\/noticias\/#organization\"},\"alternateName\":\"Life FM\",\"potentialAction\":[{\"@type\":\"SearchAction\",\"target\":{\"@type\":\"EntryPoint\",\"urlTemplate\":\"https:\/\/radiolifefm.com.br\/noticias\/?s={search_term_string}\"},\"query-input\":{\"@type\":\"PropertyValueSpecification\",\"valueRequired\":true,\"valueName\":\"search_term_string\"}}],\"inLanguage\":\"pt-BR\"},{\"@type\":\"Organization\",\"@id\":\"https:\/\/radiolifefm.com.br\/noticias\/#organization\",\"name\":\"R\u00e1dio Life FM\",\"alternateName\":\"Life FM\",\"url\":\"https:\/\/radiolifefm.com.br\/noticias\/\",\"logo\":{\"@type\":\"ImageObject\",\"inLanguage\":\"pt-BR\",\"@id\":\"https:\/\/radiolifefm.com.br\/noticias\/#\/schema\/logo\/image\/\",\"url\":\"https:\/\/static.radiolifefm.com.br\/noticias\/wp-content\/uploads\/2019\/10\/logo-lifefm.png\",\"contentUrl\":\"https:\/\/static.radiolifefm.com.br\/noticias\/wp-content\/uploads\/2019\/10\/logo-lifefm.png\",\"width\":196,\"height\":47,\"caption\":\"R\u00e1dio Life FM\"},\"image\":{\"@id\":\"https:\/\/radiolifefm.com.br\/noticias\/#\/schema\/logo\/image\/\"},\"sameAs\":[\"https:\/\/www.facebook.com\/radiolifefm\/\",\"https:\/\/www.instagram.com\/life1079fm\/\"]},{\"@type\":\"Person\",\"@id\":\"https:\/\/radiolifefm.com.br\/noticias\/#\/schema\/person\/6339b9fac59d12b071dec680d7375d87\",\"name\":\"ritanery\",\"image\":{\"@type\":\"ImageObject\",\"inLanguage\":\"pt-BR\",\"@id\":\"https:\/\/secure.gravatar.com\/avatar\/0e37bb19071f47c0b8a23f62a903df117c5a0e75f65a0c2901562f97cd41cf86?s=96&d=mm&r=g\",\"url\":\"https:\/\/secure.gravatar.com\/avatar\/0e37bb19071f47c0b8a23f62a903df117c5a0e75f65a0c2901562f97cd41cf86?s=96&d=mm&r=g\",\"contentUrl\":\"https:\/\/secure.gravatar.com\/avatar\/0e37bb19071f47c0b8a23f62a903df117c5a0e75f65a0c2901562f97cd41cf86?s=96&d=mm&r=g\",\"caption\":\"ritanery\"}}]}<\/script>\n<!-- \/ Yoast SEO plugin. -->","yoast_head_json":{"title":"Pol\u00edcia Civil em Adamantina celebra Dia das Crian\u00e7as com programa\u00e7\u00e3o especial na Delegacia Seccional - R\u00e1dio Life FM","robots":{"index":"index","follow":"follow","max-snippet":"max-snippet:-1","max-image-preview":"max-image-preview:large","max-video-preview":"max-video-preview:-1"},"canonical":"https:\/\/radiolifefm.com.br\/noticias\/policia-civil-em-adamantina-celebra-dia-das-criancas-com-programacao-especial-na-delegacia-seccional\/","og_locale":"pt_BR","og_type":"article","og_title":"Pol\u00edcia Civil em Adamantina celebra Dia das Crian\u00e7as com programa\u00e7\u00e3o especial na Delegacia Seccional - R\u00e1dio Life FM","og_description":"A Delegacia Seccional da Pol\u00edcia Civil em Adamantina promoveu na manh\u00e3 deste feriado (12) uma programa\u00e7\u00e3o especial voltada ao Dia das Crian\u00e7as. Mesmo com uma chuva leve pela manh\u00e3 as atividades foram mantidas, para crian\u00e7as filhos de policiais e da comunidade. A estrutura do espa\u00e7o abrigou esta\u00e7\u00f5es de lazer e recrea\u00e7\u00e3o com brinquedos infl\u00e1veis, pula-pula [&hellip;]","og_url":"https:\/\/radiolifefm.com.br\/noticias\/policia-civil-em-adamantina-celebra-dia-das-criancas-com-programacao-especial-na-delegacia-seccional\/","og_site_name":"R\u00e1dio Life FM","article_publisher":"https:\/\/www.facebook.com\/radiolifefm\/","article_published_time":"2022-10-13T12:56:51+00:00","article_modified_time":"2025-09-14T12:49:13+00:00","og_image":[{"width":1300,"height":731,"url":"https:\/\/static.radiolifefm.com.br\/noticias\/wp-content\/uploads\/2022\/10\/pc-10jpg166559897663470600055e0.jpg","type":"image\/jpeg"}],"author":"ritanery","twitter_card":"summary_large_image","twitter_misc":{"Escrito por":"ritanery","Est. tempo de leitura":"4 minutos"},"schema":{"@context":"https:\/\/schema.org","@graph":[{"@type":"Article","@id":"https:\/\/radiolifefm.com.br\/noticias\/policia-civil-em-adamantina-celebra-dia-das-criancas-com-programacao-especial-na-delegacia-seccional\/#article","isPartOf":{"@id":"https:\/\/radiolifefm.com.br\/noticias\/policia-civil-em-adamantina-celebra-dia-das-criancas-com-programacao-especial-na-delegacia-seccional\/"},"author":{"name":"ritanery","@id":"https:\/\/radiolifefm.com.br\/noticias\/#\/schema\/person\/6339b9fac59d12b071dec680d7375d87"},"headline":"Pol\u00edcia Civil em Adamantina celebra Dia das Crian\u00e7as com programa\u00e7\u00e3o especial na Delegacia Seccional","datePublished":"2022-10-13T12:56:51+00:00","dateModified":"2025-09-14T12:49:13+00:00","mainEntityOfPage":{"@id":"https:\/\/radiolifefm.com.br\/noticias\/policia-civil-em-adamantina-celebra-dia-das-criancas-com-programacao-especial-na-delegacia-seccional\/"},"wordCount":588,"publisher":{"@id":"https:\/\/radiolifefm.com.br\/noticias\/#organization"},"image":{"@id":"https:\/\/radiolifefm.com.br\/noticias\/policia-civil-em-adamantina-celebra-dia-das-criancas-com-programacao-especial-na-delegacia-seccional\/#primaryimage"},"thumbnailUrl":"https:\/\/radiolifefm.com.br\/noticias\/wp-content\/uploads\/2022\/10\/pc-10jpg166559897663470600055e0.jpg","articleSection":["Adamantina"],"inLanguage":"pt-BR"},{"@type":"WebPage","@id":"https:\/\/radiolifefm.com.br\/noticias\/policia-civil-em-adamantina-celebra-dia-das-criancas-com-programacao-especial-na-delegacia-seccional\/","url":"https:\/\/radiolifefm.com.br\/noticias\/policia-civil-em-adamantina-celebra-dia-das-criancas-com-programacao-especial-na-delegacia-seccional\/","name":"Pol\u00edcia Civil em Adamantina celebra Dia das Crian\u00e7as com programa\u00e7\u00e3o especial na Delegacia Seccional - R\u00e1dio Life FM","isPartOf":{"@id":"https:\/\/radiolifefm.com.br\/noticias\/#website"},"primaryImageOfPage":{"@id":"https:\/\/radiolifefm.com.br\/noticias\/policia-civil-em-adamantina-celebra-dia-das-criancas-com-programacao-especial-na-delegacia-seccional\/#primaryimage"},"image":{"@id":"https:\/\/radiolifefm.com.br\/noticias\/policia-civil-em-adamantina-celebra-dia-das-criancas-com-programacao-especial-na-delegacia-seccional\/#primaryimage"},"thumbnailUrl":"https:\/\/radiolifefm.com.br\/noticias\/wp-content\/uploads\/2022\/10\/pc-10jpg166559897663470600055e0.jpg","datePublished":"2022-10-13T12:56:51+00:00","dateModified":"2025-09-14T12:49:13+00:00","breadcrumb":{"@id":"https:\/\/radiolifefm.com.br\/noticias\/policia-civil-em-adamantina-celebra-dia-das-criancas-com-programacao-especial-na-delegacia-seccional\/#breadcrumb"},"inLanguage":"pt-BR","potentialAction":[{"@type":"ReadAction","target":["https:\/\/radiolifefm.com.br\/noticias\/policia-civil-em-adamantina-celebra-dia-das-criancas-com-programacao-especial-na-delegacia-seccional\/"]}]},{"@type":"ImageObject","inLanguage":"pt-BR","@id":"https:\/\/radiolifefm.com.br\/noticias\/policia-civil-em-adamantina-celebra-dia-das-criancas-com-programacao-especial-na-delegacia-seccional\/#primaryimage","url":"https:\/\/radiolifefm.com.br\/noticias\/wp-content\/uploads\/2022\/10\/pc-10jpg166559897663470600055e0.jpg","contentUrl":"https:\/\/radiolifefm.com.br\/noticias\/wp-content\/uploads\/2022\/10\/pc-10jpg166559897663470600055e0.jpg","width":1300,"height":731,"caption":"Programa\u00e7\u00e3o foi realizada na Delegacia Seccional da Pol\u00edcia Civil em Adamantina (Imagem: Siga Mais)."},{"@type":"BreadcrumbList","@id":"https:\/\/radiolifefm.com.br\/noticias\/policia-civil-em-adamantina-celebra-dia-das-criancas-com-programacao-especial-na-delegacia-seccional\/#breadcrumb","itemListElement":[{"@type":"ListItem","position":1,"name":"In\u00edcio","item":"https:\/\/radiolifefm.com.br\/noticias\/"},{"@type":"ListItem","position":2,"name":"Pol\u00edcia Civil em Adamantina celebra Dia das Crian\u00e7as com programa\u00e7\u00e3o especial na Delegacia Seccional"}]},{"@type":"WebSite","@id":"https:\/\/radiolifefm.com.br\/noticias\/#website","url":"https:\/\/radiolifefm.com.br\/noticias\/","name":"R\u00e1dio Life FM","description":"O Portal de Not\u00edcias de Adamantina","publisher":{"@id":"https:\/\/radiolifefm.com.br\/noticias\/#organization"},"alternateName":"Life FM","potentialAction":[{"@type":"SearchAction","target":{"@type":"EntryPoint","urlTemplate":"https:\/\/radiolifefm.com.br\/noticias\/?s={search_term_string}"},"query-input":{"@type":"PropertyValueSpecification","valueRequired":true,"valueName":"search_term_string"}}],"inLanguage":"pt-BR"},{"@type":"Organization","@id":"https:\/\/radiolifefm.com.br\/noticias\/#organization","name":"R\u00e1dio Life FM","alternateName":"Life FM","url":"https:\/\/radiolifefm.com.br\/noticias\/","logo":{"@type":"ImageObject","inLanguage":"pt-BR","@id":"https:\/\/radiolifefm.com.br\/noticias\/#\/schema\/logo\/image\/","url":"https:\/\/static.radiolifefm.com.br\/noticias\/wp-content\/uploads\/2019\/10\/logo-lifefm.png","contentUrl":"https:\/\/static.radiolifefm.com.br\/noticias\/wp-content\/uploads\/2019\/10\/logo-lifefm.png","width":196,"height":47,"caption":"R\u00e1dio Life FM"},"image":{"@id":"https:\/\/radiolifefm.com.br\/noticias\/#\/schema\/logo\/image\/"},"sameAs":["https:\/\/www.facebook.com\/radiolifefm\/","https:\/\/www.instagram.com\/life1079fm\/"]},{"@type":"Person","@id":"https:\/\/radiolifefm.com.br\/noticias\/#\/schema\/person\/6339b9fac59d12b071dec680d7375d87","name":"ritanery","image":{"@type":"ImageObject","inLanguage":"pt-BR","@id":"https:\/\/secure.gravatar.com\/avatar\/0e37bb19071f47c0b8a23f62a903df117c5a0e75f65a0c2901562f97cd41cf86?s=96&d=mm&r=g","url":"https:\/\/secure.gravatar.com\/avatar\/0e37bb19071f47c0b8a23f62a903df117c5a0e75f65a0c2901562f97cd41cf86?s=96&d=mm&r=g","contentUrl":"https:\/\/secure.gravatar.com\/avatar\/0e37bb19071f47c0b8a23f62a903df117c5a0e75f65a0c2901562f97cd41cf86?s=96&d=mm&r=g","caption":"ritanery"}}]}},"amp_enabled":true,"_links":{"self":[{"href":"https:\/\/radiolifefm.com.br\/noticias\/wp-json\/wp\/v2\/posts\/59303","targetHints":{"allow":["GET"]}}],"collection":[{"href":"https:\/\/radiolifefm.com.br\/noticias\/wp-json\/wp\/v2\/posts"}],"about":[{"href":"https:\/\/radiolifefm.com.br\/noticias\/wp-json\/wp\/v2\/types\/post"}],"author":[{"embeddable":true,"href":"https:\/\/radiolifefm.com.br\/noticias\/wp-json\/wp\/v2\/users\/13"}],"replies":[{"embeddable":true,"href":"https:\/\/radiolifefm.com.br\/noticias\/wp-json\/wp\/v2\/comments?post=59303"}],"version-history":[{"count":2,"href":"https:\/\/radiolifefm.com.br\/noticias\/wp-json\/wp\/v2\/posts\/59303\/revisions"}],"predecessor-version":[{"id":59306,"href":"https:\/\/radiolifefm.com.br\/noticias\/wp-json\/wp\/v2\/posts\/59303\/revisions\/59306"}],"wp:featuredmedia":[{"embeddable":true,"href":"https:\/\/radiolifefm.com.br\/noticias\/wp-json\/wp\/v2\/media\/59304"}],"wp:attachment":[{"href":"https:\/\/radiolifefm.com.br\/noticias\/wp-json\/wp\/v2\/media?parent=59303"}],"wp:term":[{"taxonomy":"category","embeddable":true,"href":"https:\/\/radiolifefm.com.br\/noticias\/wp-json\/wp\/v2\/categories?post=59303"},{"taxonomy":"post_tag","embeddable":true,"href":"https:\/\/radiolifefm.com.br\/noticias\/wp-json\/wp\/v2\/tags?post=59303"}],"curies":[{"name":"wp","href":"https:\/\/api.w.org\/{rel}","templated":true}]}}