{"id":59273,"date":"2022-10-12T13:26:56","date_gmt":"2022-10-12T16:26:56","guid":{"rendered":"https:\/\/radiolifefm.com.br\/noticias\/?p=59273"},"modified":"2026-04-14T22:42:27","modified_gmt":"2026-04-15T01:42:27","slug":"secretaria-de-cultura-e-turismo-de-adamantina-promove-o-festival-hoje-e-dia-de-rock","status":"publish","type":"post","link":"https:\/\/radiolifefm.com.br\/noticias\/secretaria-de-cultura-e-turismo-de-adamantina-promove-o-festival-hoje-e-dia-de-rock\/","title":{"rendered":"Secretaria de Cultura e Turismo de Adamantina promove o \u201cFestival Hoje \u00e9 dia de Rock\u201d"},"content":{"rendered":"<div id=\"fb-root\"><\/div>\n<p>S\u00e1bado (15), a partir das 20h, o Parque dos Pioneiros ser\u00e1 palco do \u201cFestival Hoje \u00e9 dia de Rock\u201d. Participam do evento as bandas Very Body Rock, C\u00e3o, Cover Raul Seixas e Los Kandangos, Aero Vinil e Shiver. A iniciativa \u00e9 realizada pela Prefeitura de Adamantina, por meio da Secretaria de Cultura e Turismo.<\/p>\n<p>De acordo com o vocalista e guitarrista da<i>\u00a0Very Body Rock<\/i>, Alem\u00e3o, a banda existe h\u00e1 15 anos com m\u00fasicas autorais. Al\u00e9m do vocalista, a banda ainda conta com Narrat na bateria.<\/p>\n<p>\u201cO projeto \u201cVery Bode Rock\u201d traz releituras dessas grava\u00e7\u00f5es que foram feitas nos dois discos com a Banda UMBIGO. As m\u00fasicas no formato guitarra e bateria, fazem uma viagem de diversos estilo do rock, do grunge ao psicod\u00e9lico\u201d, afirma Alem\u00e3o.<\/p>\n<p>A Banda Shiver tamb\u00e9m marca presen\u00e7a no evento. Ela \u00e9 formada pela vocalista e compositora Rafe Shiver, Gabriel Battistam como baterista, Henrique Massaferro como guitarrista e Eduardo Freitas como tecladista. Shiver \u00e9 um projeto de m\u00fasica autoral de origem em Adamantina, interior de S\u00e3o Paulo, com ra\u00edzes no pop\/rock.<\/p>\n<p>&#8220;Iniciou-se como projeto solo. Shiver sempre foi o nome que gostaria de ter como art\u00edstico. No entanto eu sempre quis trabalhar em conjunto e ter uma banda, foi quando comecei a tocar com o Gabriel, baterista e, posteriormente reencontrei meu amigo de inf\u00e2ncia Henrique, guitarrista. Senti que o projeto crescia por trabalhar com pessoas t\u00e3o talentosas e com o mesmo prop\u00f3sito que eu. Seguidamente, Eduardo Freitas entrou para somar no grupo. Temos uma finalidade em comum como banda, que \u00e9 o de proporcionar conex\u00e3o com o p\u00fablico de maneira absoluta, onde o ouvinte possa se reconhecer nas can\u00e7\u00f5es\u201d, assegura Rafe.<\/p>\n<p>Rafe acrescenta que est\u00e1 em Adamantina h\u00e1 dois anos e uma das coisas que sempre despertou sua aten\u00e7\u00e3o na cidade foi a considera\u00e7\u00e3o que a cidade tem com a cultura. \u201cCom certeza esse festival \u00e9 muito importante para estimular as bandas locais e abrir esse espa\u00e7o principalmente para o cen\u00e1rio do rock\u201d, diz.<\/p>\n<p>A Banda Aero Vinil tamb\u00e9m participar\u00e1 do festival de rock. Ela existe desde 2016 quando Adriano Mendes guitarrista, Marcelo Ferreira baixista, Guilherme Rombaldi Baterista e Marcelo Corradi no vocal se reuniram para tocar o que mais gostavam o bom e velho Rock&#8217;n roll.<\/p>\n<p>\u201cDesde o princ\u00edpio a proposta sempre foi fazer um som que envolvesse as m\u00fasicas das d\u00e9cadas de 70, 80, 90 principalmente e algumas mais recentes. O momento atual \u00e9 de continuar tocando este tipo de m\u00fasicas chamadas Cl\u00e1ssicas do Rock mas, tamb\u00e9m nunca foi deixado de lado a bandeira de fazermos m\u00fasicas pr\u00f3prias envolvendo sempre o estilo musical escolhido\u201d, salienta Adriano.<\/p>\n<p>De acordo com Gabriel Contiero Battistam, baterista, a banda C\u00e3o foi criada no final de 2018. A ideia foi do baixista e voz, Jo\u00e3o Pedro Gonzaga Panini quando ele tamb\u00e9m conheceu o guitarrista e voz, Gabriel Lucianetti.<\/p>\n<p>\u201cNo come\u00e7o, apelidamos o nome da banda como Skunk the dog! Que na verdade seria o nome de uma m\u00fasica que est\u00e1vamos produzindo, Skunk \u00e9 o cachorro do baixista. Como n\u00f3s tr\u00eas gostamos muito de cachorros, resolvemos alterar o nome da banda e abranger diretamente os cachorros, colocando o nome de c\u00e3o, deixando assim o nome skunk apenas para a nossa primeira m\u00fasica\u201d, relembra<\/p>\n<p>As m\u00fasicas de Raul Seixas tamb\u00e9m estar\u00e3o presentes, pois o Cover Raul Seixas e a Banda Los Kandangos v\u00e3o interpretar uma sele\u00e7\u00e3o de m\u00fasicas que marcaram \u00e9poca.<\/p>\n<p>De acordo com o secret\u00e1rio de cultura e turismo, Sergio Vanderlei da Silva, o festival tem o objetivo de estimular as bandas que existem na cidade e, ainda, levar uma atra\u00e7\u00e3o diferente para um dos pontos tur\u00edsticos de Adamantina que \u00e9 o Parque dos Pioneiros.<\/p>\n<p>\u201cQueremos que a popula\u00e7\u00e3o participe de mais uma iniciativa gratuita que estamos realizando em um dos cart\u00f5es postais de nossa cidade. Prestigiem!\u201d, finaliza.<\/p>\n<p>&nbsp;<\/p>\n<p>Fonte: Assessoria de Imprensa<\/p>\n","protected":false},"excerpt":{"rendered":"<p>S\u00e1bado (15), a partir das 20h, o Parque dos Pioneiros ser\u00e1 palco do \u201cFestival Hoje \u00e9 dia de Rock\u201d. Participam do evento as bandas Very Body Rock, C\u00e3o, Cover Raul Seixas e Los Kandangos, Aero Vinil e Shiver. A iniciativa \u00e9 realizada pela Prefeitura de Adamantina, por meio da Secretaria de Cultura e Turismo. De [&hellip;]<\/p>\n","protected":false},"author":13,"featured_media":59274,"comment_status":"closed","ping_status":"open","sticky":false,"template":"","format":"standard","meta":{"_acf_changed":false,"_exactmetrics_skip_tracking":false,"_exactmetrics_sitenote_active":false,"_exactmetrics_sitenote_note":"","_exactmetrics_sitenote_category":0,"footnotes":""},"categories":[21],"tags":[],"class_list":["post-59273","post","type-post","status-publish","format-standard","has-post-thumbnail","hentry","category-adamantina"],"acf":[],"yoast_head":"<!-- This site is optimized with the Yoast SEO plugin v27.2 - https:\/\/yoast.com\/product\/yoast-seo-wordpress\/ -->\n<title>Secretaria de Cultura e Turismo de Adamantina promove o \u201cFestival Hoje \u00e9 dia de Rock\u201d - R\u00e1dio Life FM<\/title>\n<meta name=\"robots\" content=\"index, follow, max-snippet:-1, max-image-preview:large, max-video-preview:-1\" \/>\n<link rel=\"canonical\" href=\"https:\/\/radiolifefm.com.br\/noticias\/secretaria-de-cultura-e-turismo-de-adamantina-promove-o-festival-hoje-e-dia-de-rock\/\" \/>\n<meta property=\"og:locale\" content=\"pt_BR\" \/>\n<meta property=\"og:type\" content=\"article\" \/>\n<meta property=\"og:title\" content=\"Secretaria de Cultura e Turismo de Adamantina promove o \u201cFestival Hoje \u00e9 dia de Rock\u201d - R\u00e1dio Life FM\" \/>\n<meta property=\"og:description\" content=\"S\u00e1bado (15), a partir das 20h, o Parque dos Pioneiros ser\u00e1 palco do \u201cFestival Hoje \u00e9 dia de Rock\u201d. Participam do evento as bandas Very Body Rock, C\u00e3o, Cover Raul Seixas e Los Kandangos, Aero Vinil e Shiver. A iniciativa \u00e9 realizada pela Prefeitura de Adamantina, por meio da Secretaria de Cultura e Turismo. De [&hellip;]\" \/>\n<meta property=\"og:url\" content=\"https:\/\/radiolifefm.com.br\/noticias\/secretaria-de-cultura-e-turismo-de-adamantina-promove-o-festival-hoje-e-dia-de-rock\/\" \/>\n<meta property=\"og:site_name\" content=\"R\u00e1dio Life FM\" \/>\n<meta property=\"article:publisher\" content=\"https:\/\/www.facebook.com\/radiolifefm\/\" \/>\n<meta property=\"article:published_time\" content=\"2022-10-12T16:26:56+00:00\" \/>\n<meta property=\"article:modified_time\" content=\"2026-04-15T01:42:27+00:00\" \/>\n<meta property=\"og:image\" content=\"https:\/\/radiolifefm.com.br\/noticias\/wp-content\/uploads\/2022\/10\/ff80896b8ad2b161e9aa001a34e87f48.jpg\" \/>\n\t<meta property=\"og:image:width\" content=\"848\" \/>\n\t<meta property=\"og:image:height\" content=\"322\" \/>\n\t<meta property=\"og:image:type\" content=\"image\/jpeg\" \/>\n<meta name=\"author\" content=\"ritanery\" \/>\n<meta name=\"twitter:card\" content=\"summary_large_image\" \/>\n<meta name=\"twitter:label1\" content=\"Escrito por\" \/>\n\t<meta name=\"twitter:data1\" content=\"ritanery\" \/>\n\t<meta name=\"twitter:label2\" content=\"Est. tempo de leitura\" \/>\n\t<meta name=\"twitter:data2\" content=\"4 minutos\" \/>\n<script type=\"application\/ld+json\" class=\"yoast-schema-graph\">{\"@context\":\"https:\/\/schema.org\",\"@graph\":[{\"@type\":\"Article\",\"@id\":\"https:\/\/radiolifefm.com.br\/noticias\/secretaria-de-cultura-e-turismo-de-adamantina-promove-o-festival-hoje-e-dia-de-rock\/#article\",\"isPartOf\":{\"@id\":\"https:\/\/radiolifefm.com.br\/noticias\/secretaria-de-cultura-e-turismo-de-adamantina-promove-o-festival-hoje-e-dia-de-rock\/\"},\"author\":{\"name\":\"ritanery\",\"@id\":\"https:\/\/radiolifefm.com.br\/noticias\/#\/schema\/person\/6339b9fac59d12b071dec680d7375d87\"},\"headline\":\"Secretaria de Cultura e Turismo de Adamantina promove o \u201cFestival Hoje \u00e9 dia de Rock\u201d\",\"datePublished\":\"2022-10-12T16:26:56+00:00\",\"dateModified\":\"2026-04-15T01:42:27+00:00\",\"mainEntityOfPage\":{\"@id\":\"https:\/\/radiolifefm.com.br\/noticias\/secretaria-de-cultura-e-turismo-de-adamantina-promove-o-festival-hoje-e-dia-de-rock\/\"},\"wordCount\":688,\"publisher\":{\"@id\":\"https:\/\/radiolifefm.com.br\/noticias\/#organization\"},\"image\":{\"@id\":\"https:\/\/radiolifefm.com.br\/noticias\/secretaria-de-cultura-e-turismo-de-adamantina-promove-o-festival-hoje-e-dia-de-rock\/#primaryimage\"},\"thumbnailUrl\":\"https:\/\/radiolifefm.com.br\/noticias\/wp-content\/uploads\/2022\/10\/ff80896b8ad2b161e9aa001a34e87f48.jpg\",\"articleSection\":[\"Adamantina\"],\"inLanguage\":\"pt-BR\"},{\"@type\":\"WebPage\",\"@id\":\"https:\/\/radiolifefm.com.br\/noticias\/secretaria-de-cultura-e-turismo-de-adamantina-promove-o-festival-hoje-e-dia-de-rock\/\",\"url\":\"https:\/\/radiolifefm.com.br\/noticias\/secretaria-de-cultura-e-turismo-de-adamantina-promove-o-festival-hoje-e-dia-de-rock\/\",\"name\":\"Secretaria de Cultura e Turismo de Adamantina promove o \u201cFestival Hoje \u00e9 dia de Rock\u201d - R\u00e1dio Life FM\",\"isPartOf\":{\"@id\":\"https:\/\/radiolifefm.com.br\/noticias\/#website\"},\"primaryImageOfPage\":{\"@id\":\"https:\/\/radiolifefm.com.br\/noticias\/secretaria-de-cultura-e-turismo-de-adamantina-promove-o-festival-hoje-e-dia-de-rock\/#primaryimage\"},\"image\":{\"@id\":\"https:\/\/radiolifefm.com.br\/noticias\/secretaria-de-cultura-e-turismo-de-adamantina-promove-o-festival-hoje-e-dia-de-rock\/#primaryimage\"},\"thumbnailUrl\":\"https:\/\/radiolifefm.com.br\/noticias\/wp-content\/uploads\/2022\/10\/ff80896b8ad2b161e9aa001a34e87f48.jpg\",\"datePublished\":\"2022-10-12T16:26:56+00:00\",\"dateModified\":\"2026-04-15T01:42:27+00:00\",\"breadcrumb\":{\"@id\":\"https:\/\/radiolifefm.com.br\/noticias\/secretaria-de-cultura-e-turismo-de-adamantina-promove-o-festival-hoje-e-dia-de-rock\/#breadcrumb\"},\"inLanguage\":\"pt-BR\",\"potentialAction\":[{\"@type\":\"ReadAction\",\"target\":[\"https:\/\/radiolifefm.com.br\/noticias\/secretaria-de-cultura-e-turismo-de-adamantina-promove-o-festival-hoje-e-dia-de-rock\/\"]}]},{\"@type\":\"ImageObject\",\"inLanguage\":\"pt-BR\",\"@id\":\"https:\/\/radiolifefm.com.br\/noticias\/secretaria-de-cultura-e-turismo-de-adamantina-promove-o-festival-hoje-e-dia-de-rock\/#primaryimage\",\"url\":\"https:\/\/radiolifefm.com.br\/noticias\/wp-content\/uploads\/2022\/10\/ff80896b8ad2b161e9aa001a34e87f48.jpg\",\"contentUrl\":\"https:\/\/radiolifefm.com.br\/noticias\/wp-content\/uploads\/2022\/10\/ff80896b8ad2b161e9aa001a34e87f48.jpg\",\"width\":848,\"height\":322,\"caption\":\"Confira as programa\u00e7\u00f5es culturais que acontecem ainda no m\u00eas de outubro\"},{\"@type\":\"BreadcrumbList\",\"@id\":\"https:\/\/radiolifefm.com.br\/noticias\/secretaria-de-cultura-e-turismo-de-adamantina-promove-o-festival-hoje-e-dia-de-rock\/#breadcrumb\",\"itemListElement\":[{\"@type\":\"ListItem\",\"position\":1,\"name\":\"In\u00edcio\",\"item\":\"https:\/\/radiolifefm.com.br\/noticias\/\"},{\"@type\":\"ListItem\",\"position\":2,\"name\":\"Secretaria de Cultura e Turismo de Adamantina promove o \u201cFestival Hoje \u00e9 dia de Rock\u201d\"}]},{\"@type\":\"WebSite\",\"@id\":\"https:\/\/radiolifefm.com.br\/noticias\/#website\",\"url\":\"https:\/\/radiolifefm.com.br\/noticias\/\",\"name\":\"R\u00e1dio Life FM\",\"description\":\"O Portal de Not\u00edcias de Adamantina\",\"publisher\":{\"@id\":\"https:\/\/radiolifefm.com.br\/noticias\/#organization\"},\"alternateName\":\"Life FM\",\"potentialAction\":[{\"@type\":\"SearchAction\",\"target\":{\"@type\":\"EntryPoint\",\"urlTemplate\":\"https:\/\/radiolifefm.com.br\/noticias\/?s={search_term_string}\"},\"query-input\":{\"@type\":\"PropertyValueSpecification\",\"valueRequired\":true,\"valueName\":\"search_term_string\"}}],\"inLanguage\":\"pt-BR\"},{\"@type\":\"Organization\",\"@id\":\"https:\/\/radiolifefm.com.br\/noticias\/#organization\",\"name\":\"R\u00e1dio Life FM\",\"alternateName\":\"Life FM\",\"url\":\"https:\/\/radiolifefm.com.br\/noticias\/\",\"logo\":{\"@type\":\"ImageObject\",\"inLanguage\":\"pt-BR\",\"@id\":\"https:\/\/radiolifefm.com.br\/noticias\/#\/schema\/logo\/image\/\",\"url\":\"https:\/\/static.radiolifefm.com.br\/noticias\/wp-content\/uploads\/2019\/10\/logo-lifefm.png\",\"contentUrl\":\"https:\/\/static.radiolifefm.com.br\/noticias\/wp-content\/uploads\/2019\/10\/logo-lifefm.png\",\"width\":196,\"height\":47,\"caption\":\"R\u00e1dio Life FM\"},\"image\":{\"@id\":\"https:\/\/radiolifefm.com.br\/noticias\/#\/schema\/logo\/image\/\"},\"sameAs\":[\"https:\/\/www.facebook.com\/radiolifefm\/\",\"https:\/\/www.instagram.com\/life1079fm\/\"]},{\"@type\":\"Person\",\"@id\":\"https:\/\/radiolifefm.com.br\/noticias\/#\/schema\/person\/6339b9fac59d12b071dec680d7375d87\",\"name\":\"ritanery\",\"image\":{\"@type\":\"ImageObject\",\"inLanguage\":\"pt-BR\",\"@id\":\"https:\/\/secure.gravatar.com\/avatar\/0e37bb19071f47c0b8a23f62a903df117c5a0e75f65a0c2901562f97cd41cf86?s=96&d=mm&r=g\",\"url\":\"https:\/\/secure.gravatar.com\/avatar\/0e37bb19071f47c0b8a23f62a903df117c5a0e75f65a0c2901562f97cd41cf86?s=96&d=mm&r=g\",\"contentUrl\":\"https:\/\/secure.gravatar.com\/avatar\/0e37bb19071f47c0b8a23f62a903df117c5a0e75f65a0c2901562f97cd41cf86?s=96&d=mm&r=g\",\"caption\":\"ritanery\"}}]}<\/script>\n<!-- \/ Yoast SEO plugin. -->","yoast_head_json":{"title":"Secretaria de Cultura e Turismo de Adamantina promove o \u201cFestival Hoje \u00e9 dia de Rock\u201d - R\u00e1dio Life FM","robots":{"index":"index","follow":"follow","max-snippet":"max-snippet:-1","max-image-preview":"max-image-preview:large","max-video-preview":"max-video-preview:-1"},"canonical":"https:\/\/radiolifefm.com.br\/noticias\/secretaria-de-cultura-e-turismo-de-adamantina-promove-o-festival-hoje-e-dia-de-rock\/","og_locale":"pt_BR","og_type":"article","og_title":"Secretaria de Cultura e Turismo de Adamantina promove o \u201cFestival Hoje \u00e9 dia de Rock\u201d - R\u00e1dio Life FM","og_description":"S\u00e1bado (15), a partir das 20h, o Parque dos Pioneiros ser\u00e1 palco do \u201cFestival Hoje \u00e9 dia de Rock\u201d. Participam do evento as bandas Very Body Rock, C\u00e3o, Cover Raul Seixas e Los Kandangos, Aero Vinil e Shiver. A iniciativa \u00e9 realizada pela Prefeitura de Adamantina, por meio da Secretaria de Cultura e Turismo. De [&hellip;]","og_url":"https:\/\/radiolifefm.com.br\/noticias\/secretaria-de-cultura-e-turismo-de-adamantina-promove-o-festival-hoje-e-dia-de-rock\/","og_site_name":"R\u00e1dio Life FM","article_publisher":"https:\/\/www.facebook.com\/radiolifefm\/","article_published_time":"2022-10-12T16:26:56+00:00","article_modified_time":"2026-04-15T01:42:27+00:00","og_image":[{"width":848,"height":322,"url":"https:\/\/radiolifefm.com.br\/noticias\/wp-content\/uploads\/2022\/10\/ff80896b8ad2b161e9aa001a34e87f48.jpg","type":"image\/jpeg"}],"author":"ritanery","twitter_card":"summary_large_image","twitter_misc":{"Escrito por":"ritanery","Est. tempo de leitura":"4 minutos"},"schema":{"@context":"https:\/\/schema.org","@graph":[{"@type":"Article","@id":"https:\/\/radiolifefm.com.br\/noticias\/secretaria-de-cultura-e-turismo-de-adamantina-promove-o-festival-hoje-e-dia-de-rock\/#article","isPartOf":{"@id":"https:\/\/radiolifefm.com.br\/noticias\/secretaria-de-cultura-e-turismo-de-adamantina-promove-o-festival-hoje-e-dia-de-rock\/"},"author":{"name":"ritanery","@id":"https:\/\/radiolifefm.com.br\/noticias\/#\/schema\/person\/6339b9fac59d12b071dec680d7375d87"},"headline":"Secretaria de Cultura e Turismo de Adamantina promove o \u201cFestival Hoje \u00e9 dia de Rock\u201d","datePublished":"2022-10-12T16:26:56+00:00","dateModified":"2026-04-15T01:42:27+00:00","mainEntityOfPage":{"@id":"https:\/\/radiolifefm.com.br\/noticias\/secretaria-de-cultura-e-turismo-de-adamantina-promove-o-festival-hoje-e-dia-de-rock\/"},"wordCount":688,"publisher":{"@id":"https:\/\/radiolifefm.com.br\/noticias\/#organization"},"image":{"@id":"https:\/\/radiolifefm.com.br\/noticias\/secretaria-de-cultura-e-turismo-de-adamantina-promove-o-festival-hoje-e-dia-de-rock\/#primaryimage"},"thumbnailUrl":"https:\/\/radiolifefm.com.br\/noticias\/wp-content\/uploads\/2022\/10\/ff80896b8ad2b161e9aa001a34e87f48.jpg","articleSection":["Adamantina"],"inLanguage":"pt-BR"},{"@type":"WebPage","@id":"https:\/\/radiolifefm.com.br\/noticias\/secretaria-de-cultura-e-turismo-de-adamantina-promove-o-festival-hoje-e-dia-de-rock\/","url":"https:\/\/radiolifefm.com.br\/noticias\/secretaria-de-cultura-e-turismo-de-adamantina-promove-o-festival-hoje-e-dia-de-rock\/","name":"Secretaria de Cultura e Turismo de Adamantina promove o \u201cFestival Hoje \u00e9 dia de Rock\u201d - R\u00e1dio Life FM","isPartOf":{"@id":"https:\/\/radiolifefm.com.br\/noticias\/#website"},"primaryImageOfPage":{"@id":"https:\/\/radiolifefm.com.br\/noticias\/secretaria-de-cultura-e-turismo-de-adamantina-promove-o-festival-hoje-e-dia-de-rock\/#primaryimage"},"image":{"@id":"https:\/\/radiolifefm.com.br\/noticias\/secretaria-de-cultura-e-turismo-de-adamantina-promove-o-festival-hoje-e-dia-de-rock\/#primaryimage"},"thumbnailUrl":"https:\/\/radiolifefm.com.br\/noticias\/wp-content\/uploads\/2022\/10\/ff80896b8ad2b161e9aa001a34e87f48.jpg","datePublished":"2022-10-12T16:26:56+00:00","dateModified":"2026-04-15T01:42:27+00:00","breadcrumb":{"@id":"https:\/\/radiolifefm.com.br\/noticias\/secretaria-de-cultura-e-turismo-de-adamantina-promove-o-festival-hoje-e-dia-de-rock\/#breadcrumb"},"inLanguage":"pt-BR","potentialAction":[{"@type":"ReadAction","target":["https:\/\/radiolifefm.com.br\/noticias\/secretaria-de-cultura-e-turismo-de-adamantina-promove-o-festival-hoje-e-dia-de-rock\/"]}]},{"@type":"ImageObject","inLanguage":"pt-BR","@id":"https:\/\/radiolifefm.com.br\/noticias\/secretaria-de-cultura-e-turismo-de-adamantina-promove-o-festival-hoje-e-dia-de-rock\/#primaryimage","url":"https:\/\/radiolifefm.com.br\/noticias\/wp-content\/uploads\/2022\/10\/ff80896b8ad2b161e9aa001a34e87f48.jpg","contentUrl":"https:\/\/radiolifefm.com.br\/noticias\/wp-content\/uploads\/2022\/10\/ff80896b8ad2b161e9aa001a34e87f48.jpg","width":848,"height":322,"caption":"Confira as programa\u00e7\u00f5es culturais que acontecem ainda no m\u00eas de outubro"},{"@type":"BreadcrumbList","@id":"https:\/\/radiolifefm.com.br\/noticias\/secretaria-de-cultura-e-turismo-de-adamantina-promove-o-festival-hoje-e-dia-de-rock\/#breadcrumb","itemListElement":[{"@type":"ListItem","position":1,"name":"In\u00edcio","item":"https:\/\/radiolifefm.com.br\/noticias\/"},{"@type":"ListItem","position":2,"name":"Secretaria de Cultura e Turismo de Adamantina promove o \u201cFestival Hoje \u00e9 dia de Rock\u201d"}]},{"@type":"WebSite","@id":"https:\/\/radiolifefm.com.br\/noticias\/#website","url":"https:\/\/radiolifefm.com.br\/noticias\/","name":"R\u00e1dio Life FM","description":"O Portal de Not\u00edcias de Adamantina","publisher":{"@id":"https:\/\/radiolifefm.com.br\/noticias\/#organization"},"alternateName":"Life FM","potentialAction":[{"@type":"SearchAction","target":{"@type":"EntryPoint","urlTemplate":"https:\/\/radiolifefm.com.br\/noticias\/?s={search_term_string}"},"query-input":{"@type":"PropertyValueSpecification","valueRequired":true,"valueName":"search_term_string"}}],"inLanguage":"pt-BR"},{"@type":"Organization","@id":"https:\/\/radiolifefm.com.br\/noticias\/#organization","name":"R\u00e1dio Life FM","alternateName":"Life FM","url":"https:\/\/radiolifefm.com.br\/noticias\/","logo":{"@type":"ImageObject","inLanguage":"pt-BR","@id":"https:\/\/radiolifefm.com.br\/noticias\/#\/schema\/logo\/image\/","url":"https:\/\/static.radiolifefm.com.br\/noticias\/wp-content\/uploads\/2019\/10\/logo-lifefm.png","contentUrl":"https:\/\/static.radiolifefm.com.br\/noticias\/wp-content\/uploads\/2019\/10\/logo-lifefm.png","width":196,"height":47,"caption":"R\u00e1dio Life FM"},"image":{"@id":"https:\/\/radiolifefm.com.br\/noticias\/#\/schema\/logo\/image\/"},"sameAs":["https:\/\/www.facebook.com\/radiolifefm\/","https:\/\/www.instagram.com\/life1079fm\/"]},{"@type":"Person","@id":"https:\/\/radiolifefm.com.br\/noticias\/#\/schema\/person\/6339b9fac59d12b071dec680d7375d87","name":"ritanery","image":{"@type":"ImageObject","inLanguage":"pt-BR","@id":"https:\/\/secure.gravatar.com\/avatar\/0e37bb19071f47c0b8a23f62a903df117c5a0e75f65a0c2901562f97cd41cf86?s=96&d=mm&r=g","url":"https:\/\/secure.gravatar.com\/avatar\/0e37bb19071f47c0b8a23f62a903df117c5a0e75f65a0c2901562f97cd41cf86?s=96&d=mm&r=g","contentUrl":"https:\/\/secure.gravatar.com\/avatar\/0e37bb19071f47c0b8a23f62a903df117c5a0e75f65a0c2901562f97cd41cf86?s=96&d=mm&r=g","caption":"ritanery"}}]}},"amp_enabled":true,"_links":{"self":[{"href":"https:\/\/radiolifefm.com.br\/noticias\/wp-json\/wp\/v2\/posts\/59273","targetHints":{"allow":["GET"]}}],"collection":[{"href":"https:\/\/radiolifefm.com.br\/noticias\/wp-json\/wp\/v2\/posts"}],"about":[{"href":"https:\/\/radiolifefm.com.br\/noticias\/wp-json\/wp\/v2\/types\/post"}],"author":[{"embeddable":true,"href":"https:\/\/radiolifefm.com.br\/noticias\/wp-json\/wp\/v2\/users\/13"}],"replies":[{"embeddable":true,"href":"https:\/\/radiolifefm.com.br\/noticias\/wp-json\/wp\/v2\/comments?post=59273"}],"version-history":[{"count":1,"href":"https:\/\/radiolifefm.com.br\/noticias\/wp-json\/wp\/v2\/posts\/59273\/revisions"}],"predecessor-version":[{"id":59275,"href":"https:\/\/radiolifefm.com.br\/noticias\/wp-json\/wp\/v2\/posts\/59273\/revisions\/59275"}],"wp:featuredmedia":[{"embeddable":true,"href":"https:\/\/radiolifefm.com.br\/noticias\/wp-json\/wp\/v2\/media\/59274"}],"wp:attachment":[{"href":"https:\/\/radiolifefm.com.br\/noticias\/wp-json\/wp\/v2\/media?parent=59273"}],"wp:term":[{"taxonomy":"category","embeddable":true,"href":"https:\/\/radiolifefm.com.br\/noticias\/wp-json\/wp\/v2\/categories?post=59273"},{"taxonomy":"post_tag","embeddable":true,"href":"https:\/\/radiolifefm.com.br\/noticias\/wp-json\/wp\/v2\/tags?post=59273"}],"curies":[{"name":"wp","href":"https:\/\/api.w.org\/{rel}","templated":true}]}}