{"id":59227,"date":"2022-10-12T08:20:18","date_gmt":"2022-10-12T11:20:18","guid":{"rendered":"https:\/\/radiolifefm.com.br\/noticias\/?p=59227"},"modified":"2026-03-29T03:03:46","modified_gmt":"2026-03-29T06:03:46","slug":"reflexao-sobre-linguagem-e-pos-globalizacao","status":"publish","type":"post","link":"https:\/\/radiolifefm.com.br\/noticias\/reflexao-sobre-linguagem-e-pos-globalizacao\/","title":{"rendered":"REFLEX\u00c3O SOBRE LINGUAGEM E P\u00d3S-GLOBALIZA\u00c7\u00c3O&#8230;"},"content":{"rendered":"<div id=\"fb-root\"><\/div>\n<p><strong><em>\u00a0\u201cAs fronteiras da minha linguagem s\u00e3o as fronteiras do meu universo.\u201d (<\/em><\/strong><strong><em><a href=\"https:\/\/www.pensador.com\/autor\/ludwig_wittgenstein\/\">Ludwig Wittgenstein<\/a>)<\/em><\/strong><\/p>\n<p><strong><em>\u00a0<\/em><\/strong><\/p>\n<p><strong><em>\u201cO homem \u00e9 um ser que se criou a si pr\u00f3prio ao criar uma linguagem. Pela palavra, o homem \u00e9 uma met\u00e1fora de si pr\u00f3prio.\u201d (<\/em><\/strong><strong><em><a href=\"https:\/\/www.pensador.com\/autor\/octavio_paz\/\">Octavio Paz<\/a>)<\/em><\/strong><\/p>\n<p><strong><em>\u00a0<\/em><\/strong><\/p>\n<p><strong>S\u00e9rgio Barbosa (*)<\/strong><\/p>\n<p>Numa destas semanas sem fim e muito menos come\u00e7o de alguma coisa em meio a coisa nenhuma, eis que aparece do nada para o tudo ou vice-versa, um autor perdido nos corredores de uma academia para fazer a diferen\u00e7a acima do denominado \u201csenso comum\u201d em terras provincianas&#8230;<\/p>\n<p>O mensageiro em pauta trazia debaixo dos bra\u00e7os um pacote, ao abrir o mesmo, eis que surge do sil\u00eancio das paredes de uma sala vazia, a linguagem para um entendimento al\u00e9m da nossa imagina\u00e7\u00e3o calada pela sabedoria sem fim de um tempo que permanece neste mesmo tempo com o outro tempo&#8230;<\/p>\n<p>Na comunica\u00e7\u00e3o verbal, o emissor caminha por meio da mensagem em busca do receptor, por\u00e9m, nos meandros da linguagem a proposta vem de encontro da l\u00edngua para os desencontros com a mensagem&#8230;<\/p>\n<p>Neste caso em pauta, a criatividade deve ser o ponto de partida para outras despedidas com a palavra nos textos formatados pelo autor em busca dos muitos significados da mensagem frente a percep\u00e7\u00e3o da reflex\u00e3o cr\u00edtica e os aspectos sutis elaborados pelo criador da obra&#8230;<\/p>\n<p>A tarefa de escrever sobre acontecimentos mediados pela realidade, bem como, com a fic\u00e7\u00e3o em narrativas da metalinguagem, trazem novas propostas para que os novos paradigmas fa\u00e7am a diferen\u00e7a neste tempo novo tempo&#8230;<\/p>\n<p>Entretanto, afirmou o pensador do passado que \u201cnada \u00e9 para sempre\u201d, assim, cada qual deve saber por onde entrar ou sair, todavia, o cen\u00e1rio continua o mesmo de sempre para todos os lados de um mesmo lado&#8230;<\/p>\n<p>As escritas est\u00e3o sempre em cima desta ou daquela mesa, haja vista os interesses que sempre est\u00e3o fazendo a diferen\u00e7a em meio aos desencontros com a mensagem e ponto quase final, talvez, um ponto e v\u00edrgula&#8230;<\/p>\n<p>De todas as respostas esperadas pelo autor do texto em pauta, talvez nada possa ser explicado com palavras escritas, entretanto, apenas quem est\u00e1 neste jogo pode saber qual a melhor escolha da pauta&#8230;<\/p>\n<p>O que permanece nestes ocasos de um talvez est\u00e1 mais ou menos em conex\u00e3o com a pluralidade do conhecimento mediados pela academia, todavia, na \u00e1rea denominada de \u201cCi\u00eancias Humanas\u201d, existem diversas contradi\u00e7\u00f5es sobre todas as quest\u00f5es que envolvem o pensamento humano&#8230;<\/p>\n<p>Pelo menos, o autor pode tentar caminhar de acordo com a Reflex\u00e3o cr\u00edtica que se apresenta neste contexto um tanto quanto complicado para quem continua buscando estar al\u00e9m deste tempo do tempo em busca do tempo&#8230;<\/p>\n<p>QUEM SOBREVIVER VAI SABER&#8230;<\/p>\n<p><strong><em>____________________________<\/em><\/strong><\/p>\n<p><strong><em>(*) jornalista diplomado, professor do curso de hist\u00f3ria da unifai e pesquisador da c\u00e1tedra unesco\/umesp de comunica\u00e7\u00e3o para o desenvolvimento regional.<\/em><\/strong><\/p>\n<p><strong><em>e-mail: <a href=\"mailto:barbosa.sebar@gmail.com\">barbosa.sebar@gmail.com<\/a><\/em><\/strong><\/p>\n<p>&nbsp;<\/p>\n","protected":false},"excerpt":{"rendered":"<p>\u00a0\u201cAs fronteiras da minha linguagem s\u00e3o as fronteiras do meu universo.\u201d (Ludwig Wittgenstein) \u00a0 \u201cO homem \u00e9 um ser que se criou a si pr\u00f3prio ao criar uma linguagem. Pela palavra, o homem \u00e9 uma met\u00e1fora de si pr\u00f3prio.\u201d (Octavio Paz) \u00a0 S\u00e9rgio Barbosa (*) Numa destas semanas sem fim e muito menos come\u00e7o de [&hellip;]<\/p>\n","protected":false},"author":13,"featured_media":51988,"comment_status":"closed","ping_status":"open","sticky":false,"template":"","format":"standard","meta":{"_acf_changed":false,"_exactmetrics_skip_tracking":false,"_exactmetrics_sitenote_active":false,"_exactmetrics_sitenote_note":"","_exactmetrics_sitenote_category":0,"footnotes":""},"categories":[59],"tags":[],"class_list":["post-59227","post","type-post","status-publish","format-standard","has-post-thumbnail","hentry","category-opiniao"],"acf":[],"yoast_head":"<!-- This site is optimized with the Yoast SEO plugin v27.2 - https:\/\/yoast.com\/product\/yoast-seo-wordpress\/ -->\n<title>REFLEX\u00c3O SOBRE LINGUAGEM E P\u00d3S-GLOBALIZA\u00c7\u00c3O... - R\u00e1dio Life FM<\/title>\n<meta name=\"robots\" content=\"index, follow, max-snippet:-1, max-image-preview:large, max-video-preview:-1\" \/>\n<link rel=\"canonical\" href=\"https:\/\/radiolifefm.com.br\/noticias\/reflexao-sobre-linguagem-e-pos-globalizacao\/\" \/>\n<meta property=\"og:locale\" content=\"pt_BR\" \/>\n<meta property=\"og:type\" content=\"article\" \/>\n<meta property=\"og:title\" content=\"REFLEX\u00c3O SOBRE LINGUAGEM E P\u00d3S-GLOBALIZA\u00c7\u00c3O... - R\u00e1dio Life FM\" \/>\n<meta property=\"og:description\" content=\"\u00a0\u201cAs fronteiras da minha linguagem s\u00e3o as fronteiras do meu universo.\u201d (Ludwig Wittgenstein) \u00a0 \u201cO homem \u00e9 um ser que se criou a si pr\u00f3prio ao criar uma linguagem. Pela palavra, o homem \u00e9 uma met\u00e1fora de si pr\u00f3prio.\u201d (Octavio Paz) \u00a0 S\u00e9rgio Barbosa (*) Numa destas semanas sem fim e muito menos come\u00e7o de [&hellip;]\" \/>\n<meta property=\"og:url\" content=\"https:\/\/radiolifefm.com.br\/noticias\/reflexao-sobre-linguagem-e-pos-globalizacao\/\" \/>\n<meta property=\"og:site_name\" content=\"R\u00e1dio Life FM\" \/>\n<meta property=\"article:publisher\" content=\"https:\/\/www.facebook.com\/radiolifefm\/\" \/>\n<meta property=\"article:published_time\" content=\"2022-10-12T11:20:18+00:00\" \/>\n<meta property=\"article:modified_time\" content=\"2026-03-29T06:03:46+00:00\" \/>\n<meta property=\"og:image\" content=\"https:\/\/radiolifefm.com.br\/noticias\/wp-content\/uploads\/2022\/04\/WhatsApp-Image-2022-04-10-at-18.43.02.jpeg\" \/>\n\t<meta property=\"og:image:width\" content=\"972\" \/>\n\t<meta property=\"og:image:height\" content=\"1296\" \/>\n\t<meta property=\"og:image:type\" content=\"image\/jpeg\" \/>\n<meta name=\"author\" content=\"ritanery\" \/>\n<meta name=\"twitter:card\" content=\"summary_large_image\" \/>\n<meta name=\"twitter:label1\" content=\"Escrito por\" \/>\n\t<meta name=\"twitter:data1\" content=\"ritanery\" \/>\n\t<meta name=\"twitter:label2\" content=\"Est. tempo de leitura\" \/>\n\t<meta name=\"twitter:data2\" content=\"3 minutos\" \/>\n<script type=\"application\/ld+json\" class=\"yoast-schema-graph\">{\"@context\":\"https:\/\/schema.org\",\"@graph\":[{\"@type\":\"Article\",\"@id\":\"https:\/\/radiolifefm.com.br\/noticias\/reflexao-sobre-linguagem-e-pos-globalizacao\/#article\",\"isPartOf\":{\"@id\":\"https:\/\/radiolifefm.com.br\/noticias\/reflexao-sobre-linguagem-e-pos-globalizacao\/\"},\"author\":{\"name\":\"ritanery\",\"@id\":\"https:\/\/radiolifefm.com.br\/noticias\/#\/schema\/person\/6339b9fac59d12b071dec680d7375d87\"},\"headline\":\"REFLEX\u00c3O SOBRE LINGUAGEM E P\u00d3S-GLOBALIZA\u00c7\u00c3O&#8230;\",\"datePublished\":\"2022-10-12T11:20:18+00:00\",\"dateModified\":\"2026-03-29T06:03:46+00:00\",\"mainEntityOfPage\":{\"@id\":\"https:\/\/radiolifefm.com.br\/noticias\/reflexao-sobre-linguagem-e-pos-globalizacao\/\"},\"wordCount\":504,\"publisher\":{\"@id\":\"https:\/\/radiolifefm.com.br\/noticias\/#organization\"},\"image\":{\"@id\":\"https:\/\/radiolifefm.com.br\/noticias\/reflexao-sobre-linguagem-e-pos-globalizacao\/#primaryimage\"},\"thumbnailUrl\":\"https:\/\/radiolifefm.com.br\/noticias\/wp-content\/uploads\/2022\/04\/WhatsApp-Image-2022-04-10-at-18.43.02.jpeg\",\"articleSection\":[\"Opini\u00e3o\"],\"inLanguage\":\"pt-BR\"},{\"@type\":\"WebPage\",\"@id\":\"https:\/\/radiolifefm.com.br\/noticias\/reflexao-sobre-linguagem-e-pos-globalizacao\/\",\"url\":\"https:\/\/radiolifefm.com.br\/noticias\/reflexao-sobre-linguagem-e-pos-globalizacao\/\",\"name\":\"REFLEX\u00c3O SOBRE LINGUAGEM E P\u00d3S-GLOBALIZA\u00c7\u00c3O... - R\u00e1dio Life FM\",\"isPartOf\":{\"@id\":\"https:\/\/radiolifefm.com.br\/noticias\/#website\"},\"primaryImageOfPage\":{\"@id\":\"https:\/\/radiolifefm.com.br\/noticias\/reflexao-sobre-linguagem-e-pos-globalizacao\/#primaryimage\"},\"image\":{\"@id\":\"https:\/\/radiolifefm.com.br\/noticias\/reflexao-sobre-linguagem-e-pos-globalizacao\/#primaryimage\"},\"thumbnailUrl\":\"https:\/\/radiolifefm.com.br\/noticias\/wp-content\/uploads\/2022\/04\/WhatsApp-Image-2022-04-10-at-18.43.02.jpeg\",\"datePublished\":\"2022-10-12T11:20:18+00:00\",\"dateModified\":\"2026-03-29T06:03:46+00:00\",\"breadcrumb\":{\"@id\":\"https:\/\/radiolifefm.com.br\/noticias\/reflexao-sobre-linguagem-e-pos-globalizacao\/#breadcrumb\"},\"inLanguage\":\"pt-BR\",\"potentialAction\":[{\"@type\":\"ReadAction\",\"target\":[\"https:\/\/radiolifefm.com.br\/noticias\/reflexao-sobre-linguagem-e-pos-globalizacao\/\"]}]},{\"@type\":\"ImageObject\",\"inLanguage\":\"pt-BR\",\"@id\":\"https:\/\/radiolifefm.com.br\/noticias\/reflexao-sobre-linguagem-e-pos-globalizacao\/#primaryimage\",\"url\":\"https:\/\/radiolifefm.com.br\/noticias\/wp-content\/uploads\/2022\/04\/WhatsApp-Image-2022-04-10-at-18.43.02.jpeg\",\"contentUrl\":\"https:\/\/radiolifefm.com.br\/noticias\/wp-content\/uploads\/2022\/04\/WhatsApp-Image-2022-04-10-at-18.43.02.jpeg\",\"width\":972,\"height\":1296,\"caption\":\"S\u00e9rgio Barbosa\"},{\"@type\":\"BreadcrumbList\",\"@id\":\"https:\/\/radiolifefm.com.br\/noticias\/reflexao-sobre-linguagem-e-pos-globalizacao\/#breadcrumb\",\"itemListElement\":[{\"@type\":\"ListItem\",\"position\":1,\"name\":\"In\u00edcio\",\"item\":\"https:\/\/radiolifefm.com.br\/noticias\/\"},{\"@type\":\"ListItem\",\"position\":2,\"name\":\"REFLEX\u00c3O SOBRE LINGUAGEM E P\u00d3S-GLOBALIZA\u00c7\u00c3O&#8230;\"}]},{\"@type\":\"WebSite\",\"@id\":\"https:\/\/radiolifefm.com.br\/noticias\/#website\",\"url\":\"https:\/\/radiolifefm.com.br\/noticias\/\",\"name\":\"R\u00e1dio Life FM\",\"description\":\"O Portal de Not\u00edcias de Adamantina\",\"publisher\":{\"@id\":\"https:\/\/radiolifefm.com.br\/noticias\/#organization\"},\"alternateName\":\"Life FM\",\"potentialAction\":[{\"@type\":\"SearchAction\",\"target\":{\"@type\":\"EntryPoint\",\"urlTemplate\":\"https:\/\/radiolifefm.com.br\/noticias\/?s={search_term_string}\"},\"query-input\":{\"@type\":\"PropertyValueSpecification\",\"valueRequired\":true,\"valueName\":\"search_term_string\"}}],\"inLanguage\":\"pt-BR\"},{\"@type\":\"Organization\",\"@id\":\"https:\/\/radiolifefm.com.br\/noticias\/#organization\",\"name\":\"R\u00e1dio Life FM\",\"alternateName\":\"Life FM\",\"url\":\"https:\/\/radiolifefm.com.br\/noticias\/\",\"logo\":{\"@type\":\"ImageObject\",\"inLanguage\":\"pt-BR\",\"@id\":\"https:\/\/radiolifefm.com.br\/noticias\/#\/schema\/logo\/image\/\",\"url\":\"https:\/\/static.radiolifefm.com.br\/noticias\/wp-content\/uploads\/2019\/10\/logo-lifefm.png\",\"contentUrl\":\"https:\/\/static.radiolifefm.com.br\/noticias\/wp-content\/uploads\/2019\/10\/logo-lifefm.png\",\"width\":196,\"height\":47,\"caption\":\"R\u00e1dio Life FM\"},\"image\":{\"@id\":\"https:\/\/radiolifefm.com.br\/noticias\/#\/schema\/logo\/image\/\"},\"sameAs\":[\"https:\/\/www.facebook.com\/radiolifefm\/\",\"https:\/\/www.instagram.com\/life1079fm\/\"]},{\"@type\":\"Person\",\"@id\":\"https:\/\/radiolifefm.com.br\/noticias\/#\/schema\/person\/6339b9fac59d12b071dec680d7375d87\",\"name\":\"ritanery\",\"image\":{\"@type\":\"ImageObject\",\"inLanguage\":\"pt-BR\",\"@id\":\"https:\/\/secure.gravatar.com\/avatar\/0e37bb19071f47c0b8a23f62a903df117c5a0e75f65a0c2901562f97cd41cf86?s=96&d=mm&r=g\",\"url\":\"https:\/\/secure.gravatar.com\/avatar\/0e37bb19071f47c0b8a23f62a903df117c5a0e75f65a0c2901562f97cd41cf86?s=96&d=mm&r=g\",\"contentUrl\":\"https:\/\/secure.gravatar.com\/avatar\/0e37bb19071f47c0b8a23f62a903df117c5a0e75f65a0c2901562f97cd41cf86?s=96&d=mm&r=g\",\"caption\":\"ritanery\"}}]}<\/script>\n<!-- \/ Yoast SEO plugin. -->","yoast_head_json":{"title":"REFLEX\u00c3O SOBRE LINGUAGEM E P\u00d3S-GLOBALIZA\u00c7\u00c3O... - R\u00e1dio Life FM","robots":{"index":"index","follow":"follow","max-snippet":"max-snippet:-1","max-image-preview":"max-image-preview:large","max-video-preview":"max-video-preview:-1"},"canonical":"https:\/\/radiolifefm.com.br\/noticias\/reflexao-sobre-linguagem-e-pos-globalizacao\/","og_locale":"pt_BR","og_type":"article","og_title":"REFLEX\u00c3O SOBRE LINGUAGEM E P\u00d3S-GLOBALIZA\u00c7\u00c3O... - R\u00e1dio Life FM","og_description":"\u00a0\u201cAs fronteiras da minha linguagem s\u00e3o as fronteiras do meu universo.\u201d (Ludwig Wittgenstein) \u00a0 \u201cO homem \u00e9 um ser que se criou a si pr\u00f3prio ao criar uma linguagem. Pela palavra, o homem \u00e9 uma met\u00e1fora de si pr\u00f3prio.\u201d (Octavio Paz) \u00a0 S\u00e9rgio Barbosa (*) Numa destas semanas sem fim e muito menos come\u00e7o de [&hellip;]","og_url":"https:\/\/radiolifefm.com.br\/noticias\/reflexao-sobre-linguagem-e-pos-globalizacao\/","og_site_name":"R\u00e1dio Life FM","article_publisher":"https:\/\/www.facebook.com\/radiolifefm\/","article_published_time":"2022-10-12T11:20:18+00:00","article_modified_time":"2026-03-29T06:03:46+00:00","og_image":[{"width":972,"height":1296,"url":"https:\/\/radiolifefm.com.br\/noticias\/wp-content\/uploads\/2022\/04\/WhatsApp-Image-2022-04-10-at-18.43.02.jpeg","type":"image\/jpeg"}],"author":"ritanery","twitter_card":"summary_large_image","twitter_misc":{"Escrito por":"ritanery","Est. tempo de leitura":"3 minutos"},"schema":{"@context":"https:\/\/schema.org","@graph":[{"@type":"Article","@id":"https:\/\/radiolifefm.com.br\/noticias\/reflexao-sobre-linguagem-e-pos-globalizacao\/#article","isPartOf":{"@id":"https:\/\/radiolifefm.com.br\/noticias\/reflexao-sobre-linguagem-e-pos-globalizacao\/"},"author":{"name":"ritanery","@id":"https:\/\/radiolifefm.com.br\/noticias\/#\/schema\/person\/6339b9fac59d12b071dec680d7375d87"},"headline":"REFLEX\u00c3O SOBRE LINGUAGEM E P\u00d3S-GLOBALIZA\u00c7\u00c3O&#8230;","datePublished":"2022-10-12T11:20:18+00:00","dateModified":"2026-03-29T06:03:46+00:00","mainEntityOfPage":{"@id":"https:\/\/radiolifefm.com.br\/noticias\/reflexao-sobre-linguagem-e-pos-globalizacao\/"},"wordCount":504,"publisher":{"@id":"https:\/\/radiolifefm.com.br\/noticias\/#organization"},"image":{"@id":"https:\/\/radiolifefm.com.br\/noticias\/reflexao-sobre-linguagem-e-pos-globalizacao\/#primaryimage"},"thumbnailUrl":"https:\/\/radiolifefm.com.br\/noticias\/wp-content\/uploads\/2022\/04\/WhatsApp-Image-2022-04-10-at-18.43.02.jpeg","articleSection":["Opini\u00e3o"],"inLanguage":"pt-BR"},{"@type":"WebPage","@id":"https:\/\/radiolifefm.com.br\/noticias\/reflexao-sobre-linguagem-e-pos-globalizacao\/","url":"https:\/\/radiolifefm.com.br\/noticias\/reflexao-sobre-linguagem-e-pos-globalizacao\/","name":"REFLEX\u00c3O SOBRE LINGUAGEM E P\u00d3S-GLOBALIZA\u00c7\u00c3O... - R\u00e1dio Life FM","isPartOf":{"@id":"https:\/\/radiolifefm.com.br\/noticias\/#website"},"primaryImageOfPage":{"@id":"https:\/\/radiolifefm.com.br\/noticias\/reflexao-sobre-linguagem-e-pos-globalizacao\/#primaryimage"},"image":{"@id":"https:\/\/radiolifefm.com.br\/noticias\/reflexao-sobre-linguagem-e-pos-globalizacao\/#primaryimage"},"thumbnailUrl":"https:\/\/radiolifefm.com.br\/noticias\/wp-content\/uploads\/2022\/04\/WhatsApp-Image-2022-04-10-at-18.43.02.jpeg","datePublished":"2022-10-12T11:20:18+00:00","dateModified":"2026-03-29T06:03:46+00:00","breadcrumb":{"@id":"https:\/\/radiolifefm.com.br\/noticias\/reflexao-sobre-linguagem-e-pos-globalizacao\/#breadcrumb"},"inLanguage":"pt-BR","potentialAction":[{"@type":"ReadAction","target":["https:\/\/radiolifefm.com.br\/noticias\/reflexao-sobre-linguagem-e-pos-globalizacao\/"]}]},{"@type":"ImageObject","inLanguage":"pt-BR","@id":"https:\/\/radiolifefm.com.br\/noticias\/reflexao-sobre-linguagem-e-pos-globalizacao\/#primaryimage","url":"https:\/\/radiolifefm.com.br\/noticias\/wp-content\/uploads\/2022\/04\/WhatsApp-Image-2022-04-10-at-18.43.02.jpeg","contentUrl":"https:\/\/radiolifefm.com.br\/noticias\/wp-content\/uploads\/2022\/04\/WhatsApp-Image-2022-04-10-at-18.43.02.jpeg","width":972,"height":1296,"caption":"S\u00e9rgio Barbosa"},{"@type":"BreadcrumbList","@id":"https:\/\/radiolifefm.com.br\/noticias\/reflexao-sobre-linguagem-e-pos-globalizacao\/#breadcrumb","itemListElement":[{"@type":"ListItem","position":1,"name":"In\u00edcio","item":"https:\/\/radiolifefm.com.br\/noticias\/"},{"@type":"ListItem","position":2,"name":"REFLEX\u00c3O SOBRE LINGUAGEM E P\u00d3S-GLOBALIZA\u00c7\u00c3O&#8230;"}]},{"@type":"WebSite","@id":"https:\/\/radiolifefm.com.br\/noticias\/#website","url":"https:\/\/radiolifefm.com.br\/noticias\/","name":"R\u00e1dio Life FM","description":"O Portal de Not\u00edcias de Adamantina","publisher":{"@id":"https:\/\/radiolifefm.com.br\/noticias\/#organization"},"alternateName":"Life FM","potentialAction":[{"@type":"SearchAction","target":{"@type":"EntryPoint","urlTemplate":"https:\/\/radiolifefm.com.br\/noticias\/?s={search_term_string}"},"query-input":{"@type":"PropertyValueSpecification","valueRequired":true,"valueName":"search_term_string"}}],"inLanguage":"pt-BR"},{"@type":"Organization","@id":"https:\/\/radiolifefm.com.br\/noticias\/#organization","name":"R\u00e1dio Life FM","alternateName":"Life FM","url":"https:\/\/radiolifefm.com.br\/noticias\/","logo":{"@type":"ImageObject","inLanguage":"pt-BR","@id":"https:\/\/radiolifefm.com.br\/noticias\/#\/schema\/logo\/image\/","url":"https:\/\/static.radiolifefm.com.br\/noticias\/wp-content\/uploads\/2019\/10\/logo-lifefm.png","contentUrl":"https:\/\/static.radiolifefm.com.br\/noticias\/wp-content\/uploads\/2019\/10\/logo-lifefm.png","width":196,"height":47,"caption":"R\u00e1dio Life FM"},"image":{"@id":"https:\/\/radiolifefm.com.br\/noticias\/#\/schema\/logo\/image\/"},"sameAs":["https:\/\/www.facebook.com\/radiolifefm\/","https:\/\/www.instagram.com\/life1079fm\/"]},{"@type":"Person","@id":"https:\/\/radiolifefm.com.br\/noticias\/#\/schema\/person\/6339b9fac59d12b071dec680d7375d87","name":"ritanery","image":{"@type":"ImageObject","inLanguage":"pt-BR","@id":"https:\/\/secure.gravatar.com\/avatar\/0e37bb19071f47c0b8a23f62a903df117c5a0e75f65a0c2901562f97cd41cf86?s=96&d=mm&r=g","url":"https:\/\/secure.gravatar.com\/avatar\/0e37bb19071f47c0b8a23f62a903df117c5a0e75f65a0c2901562f97cd41cf86?s=96&d=mm&r=g","contentUrl":"https:\/\/secure.gravatar.com\/avatar\/0e37bb19071f47c0b8a23f62a903df117c5a0e75f65a0c2901562f97cd41cf86?s=96&d=mm&r=g","caption":"ritanery"}}]}},"amp_enabled":true,"_links":{"self":[{"href":"https:\/\/radiolifefm.com.br\/noticias\/wp-json\/wp\/v2\/posts\/59227","targetHints":{"allow":["GET"]}}],"collection":[{"href":"https:\/\/radiolifefm.com.br\/noticias\/wp-json\/wp\/v2\/posts"}],"about":[{"href":"https:\/\/radiolifefm.com.br\/noticias\/wp-json\/wp\/v2\/types\/post"}],"author":[{"embeddable":true,"href":"https:\/\/radiolifefm.com.br\/noticias\/wp-json\/wp\/v2\/users\/13"}],"replies":[{"embeddable":true,"href":"https:\/\/radiolifefm.com.br\/noticias\/wp-json\/wp\/v2\/comments?post=59227"}],"version-history":[{"count":1,"href":"https:\/\/radiolifefm.com.br\/noticias\/wp-json\/wp\/v2\/posts\/59227\/revisions"}],"predecessor-version":[{"id":59228,"href":"https:\/\/radiolifefm.com.br\/noticias\/wp-json\/wp\/v2\/posts\/59227\/revisions\/59228"}],"wp:featuredmedia":[{"embeddable":true,"href":"https:\/\/radiolifefm.com.br\/noticias\/wp-json\/wp\/v2\/media\/51988"}],"wp:attachment":[{"href":"https:\/\/radiolifefm.com.br\/noticias\/wp-json\/wp\/v2\/media?parent=59227"}],"wp:term":[{"taxonomy":"category","embeddable":true,"href":"https:\/\/radiolifefm.com.br\/noticias\/wp-json\/wp\/v2\/categories?post=59227"},{"taxonomy":"post_tag","embeddable":true,"href":"https:\/\/radiolifefm.com.br\/noticias\/wp-json\/wp\/v2\/tags?post=59227"}],"curies":[{"name":"wp","href":"https:\/\/api.w.org\/{rel}","templated":true}]}}