{"id":59204,"date":"2022-10-11T08:56:56","date_gmt":"2022-10-11T11:56:56","guid":{"rendered":"https:\/\/radiolifefm.com.br\/noticias\/?p=59204"},"modified":"2025-10-03T04:50:14","modified_gmt":"2025-10-03T07:50:14","slug":"expoverde-custou-pelo-menos-r-11-milhao-mostra-portal-da-transparencia","status":"publish","type":"post","link":"https:\/\/radiolifefm.com.br\/noticias\/expoverde-custou-pelo-menos-r-11-milhao-mostra-portal-da-transparencia\/","title":{"rendered":"ExpoVerde custou pelo menos R$ 1,1 milh\u00e3o, mostra Portal da Transpar\u00eancia"},"content":{"rendered":"<div id=\"fb-root\"><\/div>\n<div>\n<p>Foi apurado junto ao Portal da Transpar\u00eancia da Prefeitura de Adamantina o total de R$ 1.091.225,61 em despesas empenhadas e pagas de 1\u00ba de junho deste ano at\u00e9 a \u00faltima sexta-feira (7), pela unidade or\u00e7ament\u00e1ria Fundo Municipal do Meio Ambiente, referentes \u00e0 ExpoVerde 2022, que aconteceu de 30 de agosto a 4 de setembro.<\/p>\n<p>Por\u00e9m, as despesas identificadas podem n\u00e3o ser o total do custo da festa assumido pelo munic\u00edpio, j\u00e1 que h\u00e1 outras despesas n\u00e3o listadas no Fundo Municipal do Meio Ambiente, possivelmente foram lan\u00e7adas em outras secretarias, como aquelas referentes \u00e0 reforma dos sanit\u00e1rios, pinturas, materiais diversos, e ainda as despesas geradas com combust\u00edveis da frota mobilizada para o evento na fase de pr\u00e9-produ\u00e7\u00e3o, durante e na desmontagem, e eventuais horas extras de pessoal.<\/p>\n<p>Desse montante de R$ 1.091.225,61, quase R$ 850 mil s\u00e3o referentes aos shows, dos quais, R$ 810.000,00 para pagamentos de cach\u00eas de artistas contratados pela Prefeitura \u2013 como <a href=\"https:\/\/www.sigamais.com\/noticias\/cidades\/shows-contratados-pela-prefeitura-de-adamantina-para-a-expoverde-2022-somam-r-810-mil-em-caches\/\" target=\"_blank\" rel=\"noopener\"><strong>divulgou<\/strong><\/a>o SIGA MAIS em 25 de agosto \u2013 e R$ 37.463,91 ao Ecad, acerca de direitos autoriais dos shows musicais. Outros R$ 165.000,00 s\u00e3o referentes \u00e0 contrata\u00e7\u00e3o do organizador do evento, que disp\u00f4s a estrutura no recinto e realiza\u00e7\u00e3o do rodeio.<\/p>\n<p>O montante restante das despesas identificadas \u2013 R$ 78.761,70 \u2013 se refere a custos diversos, como loca\u00e7\u00e3o de gerador, loca\u00e7\u00e3o de extintores de inc\u00eandio, aquisi\u00e7\u00e3o de madeiras, materiais de identifica\u00e7\u00e3o e m\u00eddia.<\/p>\n<p><strong>Em todas as noites a Expoverde 2022 foi sucesso de p\u00fablico<\/strong><\/p>\n<p>A Prefeitura de Adamantina, ap\u00f3s o evento, divulgou um <a href=\"https:\/\/www.sigamais.com\/noticias\/cidades\/30-edicao-da-expoverde-chega-ao-fim-com-recorde-de-publico\/\" target=\"_blank\" rel=\"noopener\"><strong>balan\u00e7o<\/strong><\/a>da atividade, destacando sucesso de p\u00fablico e organiza\u00e7\u00e3o. O conte\u00fado foi publicado pelo SIGA MAIS.<\/p>\n<p>Conforme o texto da administra\u00e7\u00e3o municipal, no final do rodeio que aconteceu na noite de s\u00e1bado (3 de setembro), o prefeito M\u00e1rcio Cardim anunciou que Gustavo Taniguchi Rufino ser\u00e1 o presidente da 31\u00aa edi\u00e7\u00e3o, que acontecer\u00e1 em setembro de 2023. \u201cTivemos uma festa linda, sem nenhum problema. Quando o Gustavo foi colocado no cargo de presidente, fiz um pedido para que ele se dedicasse e fizesse uma edi\u00e7\u00e3o hist\u00f3rica e assim foi. Parab\u00e9ns Gustavo e toda comiss\u00e3o organizadora pelo empenho\u201d, afirmou o prefeito M\u00e1rcio Cardim.<\/p>\n<p>Ainda conforme o texto divulgado pela Prefeitura, ap\u00f3s o evento, Gustavo Taniguchi Rufino disse estar surpreso com a nova nomea\u00e7\u00e3o para o cargo. \u201cGostaria de agradecer mais uma vez a confian\u00e7a do prefeito e ressaltar o trabalho de toda a comiss\u00e3o, pois sem o comprometimento de cada funcion\u00e1rio da Prefeitura de Adamantina isso n\u00e3o seria poss\u00edvel\u201d, finalizou.<\/p>\n<\/div>\n<p>Fonte: Siga Mais<\/p>\n","protected":false},"excerpt":{"rendered":"<p>Foi apurado junto ao Portal da Transpar\u00eancia da Prefeitura de Adamantina o total de R$ 1.091.225,61 em despesas empenhadas e pagas de 1\u00ba de junho deste ano at\u00e9 a \u00faltima sexta-feira (7), pela unidade or\u00e7ament\u00e1ria Fundo Municipal do Meio Ambiente, referentes \u00e0 ExpoVerde 2022, que aconteceu de 30 de agosto a 4 de setembro. Por\u00e9m, [&hellip;]<\/p>\n","protected":false},"author":13,"featured_media":59205,"comment_status":"closed","ping_status":"open","sticky":false,"template":"","format":"standard","meta":{"_acf_changed":false,"_exactmetrics_skip_tracking":false,"_exactmetrics_sitenote_active":false,"_exactmetrics_sitenote_note":"","_exactmetrics_sitenote_category":0,"footnotes":""},"categories":[21],"tags":[],"class_list":["post-59204","post","type-post","status-publish","format-standard","has-post-thumbnail","hentry","category-adamantina"],"acf":[],"yoast_head":"<!-- This site is optimized with the Yoast SEO plugin v27.2 - https:\/\/yoast.com\/product\/yoast-seo-wordpress\/ -->\n<title>ExpoVerde custou pelo menos R$ 1,1 milh\u00e3o, mostra Portal da Transpar\u00eancia - R\u00e1dio Life FM<\/title>\n<meta name=\"robots\" content=\"index, follow, max-snippet:-1, max-image-preview:large, max-video-preview:-1\" \/>\n<link rel=\"canonical\" href=\"https:\/\/radiolifefm.com.br\/noticias\/expoverde-custou-pelo-menos-r-11-milhao-mostra-portal-da-transparencia\/\" \/>\n<meta property=\"og:locale\" content=\"pt_BR\" \/>\n<meta property=\"og:type\" content=\"article\" \/>\n<meta property=\"og:title\" content=\"ExpoVerde custou pelo menos R$ 1,1 milh\u00e3o, mostra Portal da Transpar\u00eancia - R\u00e1dio Life FM\" \/>\n<meta property=\"og:description\" content=\"Foi apurado junto ao Portal da Transpar\u00eancia da Prefeitura de Adamantina o total de R$ 1.091.225,61 em despesas empenhadas e pagas de 1\u00ba de junho deste ano at\u00e9 a \u00faltima sexta-feira (7), pela unidade or\u00e7ament\u00e1ria Fundo Municipal do Meio Ambiente, referentes \u00e0 ExpoVerde 2022, que aconteceu de 30 de agosto a 4 de setembro. Por\u00e9m, [&hellip;]\" \/>\n<meta property=\"og:url\" content=\"https:\/\/radiolifefm.com.br\/noticias\/expoverde-custou-pelo-menos-r-11-milhao-mostra-portal-da-transparencia\/\" \/>\n<meta property=\"og:site_name\" content=\"R\u00e1dio Life FM\" \/>\n<meta property=\"article:publisher\" content=\"https:\/\/www.facebook.com\/radiolifefm\/\" \/>\n<meta property=\"article:published_time\" content=\"2022-10-11T11:56:56+00:00\" \/>\n<meta property=\"article:modified_time\" content=\"2025-10-03T07:50:14+00:00\" \/>\n<meta property=\"og:image\" content=\"https:\/\/static.radiolifefm.com.br\/noticias\/wp-content\/uploads\/2022\/10\/expo1png1665431493634477c51f811.jpg\" \/>\n\t<meta property=\"og:image:width\" content=\"600\" \/>\n\t<meta property=\"og:image:height\" content=\"337\" \/>\n\t<meta property=\"og:image:type\" content=\"image\/jpeg\" \/>\n<meta name=\"author\" content=\"ritanery\" \/>\n<meta name=\"twitter:card\" content=\"summary_large_image\" \/>\n<meta name=\"twitter:label1\" content=\"Escrito por\" \/>\n\t<meta name=\"twitter:data1\" content=\"ritanery\" \/>\n\t<meta name=\"twitter:label2\" content=\"Est. tempo de leitura\" \/>\n\t<meta name=\"twitter:data2\" content=\"3 minutos\" \/>\n<script type=\"application\/ld+json\" class=\"yoast-schema-graph\">{\"@context\":\"https:\/\/schema.org\",\"@graph\":[{\"@type\":\"Article\",\"@id\":\"https:\/\/radiolifefm.com.br\/noticias\/expoverde-custou-pelo-menos-r-11-milhao-mostra-portal-da-transparencia\/#article\",\"isPartOf\":{\"@id\":\"https:\/\/radiolifefm.com.br\/noticias\/expoverde-custou-pelo-menos-r-11-milhao-mostra-portal-da-transparencia\/\"},\"author\":{\"name\":\"ritanery\",\"@id\":\"https:\/\/radiolifefm.com.br\/noticias\/#\/schema\/person\/6339b9fac59d12b071dec680d7375d87\"},\"headline\":\"ExpoVerde custou pelo menos R$ 1,1 milh\u00e3o, mostra Portal da Transpar\u00eancia\",\"datePublished\":\"2022-10-11T11:56:56+00:00\",\"dateModified\":\"2025-10-03T07:50:14+00:00\",\"mainEntityOfPage\":{\"@id\":\"https:\/\/radiolifefm.com.br\/noticias\/expoverde-custou-pelo-menos-r-11-milhao-mostra-portal-da-transparencia\/\"},\"wordCount\":443,\"publisher\":{\"@id\":\"https:\/\/radiolifefm.com.br\/noticias\/#organization\"},\"image\":{\"@id\":\"https:\/\/radiolifefm.com.br\/noticias\/expoverde-custou-pelo-menos-r-11-milhao-mostra-portal-da-transparencia\/#primaryimage\"},\"thumbnailUrl\":\"https:\/\/radiolifefm.com.br\/noticias\/wp-content\/uploads\/2022\/10\/expo1png1665431493634477c51f811.jpg\",\"articleSection\":[\"Adamantina\"],\"inLanguage\":\"pt-BR\"},{\"@type\":\"WebPage\",\"@id\":\"https:\/\/radiolifefm.com.br\/noticias\/expoverde-custou-pelo-menos-r-11-milhao-mostra-portal-da-transparencia\/\",\"url\":\"https:\/\/radiolifefm.com.br\/noticias\/expoverde-custou-pelo-menos-r-11-milhao-mostra-portal-da-transparencia\/\",\"name\":\"ExpoVerde custou pelo menos R$ 1,1 milh\u00e3o, mostra Portal da Transpar\u00eancia - R\u00e1dio Life FM\",\"isPartOf\":{\"@id\":\"https:\/\/radiolifefm.com.br\/noticias\/#website\"},\"primaryImageOfPage\":{\"@id\":\"https:\/\/radiolifefm.com.br\/noticias\/expoverde-custou-pelo-menos-r-11-milhao-mostra-portal-da-transparencia\/#primaryimage\"},\"image\":{\"@id\":\"https:\/\/radiolifefm.com.br\/noticias\/expoverde-custou-pelo-menos-r-11-milhao-mostra-portal-da-transparencia\/#primaryimage\"},\"thumbnailUrl\":\"https:\/\/radiolifefm.com.br\/noticias\/wp-content\/uploads\/2022\/10\/expo1png1665431493634477c51f811.jpg\",\"datePublished\":\"2022-10-11T11:56:56+00:00\",\"dateModified\":\"2025-10-03T07:50:14+00:00\",\"breadcrumb\":{\"@id\":\"https:\/\/radiolifefm.com.br\/noticias\/expoverde-custou-pelo-menos-r-11-milhao-mostra-portal-da-transparencia\/#breadcrumb\"},\"inLanguage\":\"pt-BR\",\"potentialAction\":[{\"@type\":\"ReadAction\",\"target\":[\"https:\/\/radiolifefm.com.br\/noticias\/expoverde-custou-pelo-menos-r-11-milhao-mostra-portal-da-transparencia\/\"]}]},{\"@type\":\"ImageObject\",\"inLanguage\":\"pt-BR\",\"@id\":\"https:\/\/radiolifefm.com.br\/noticias\/expoverde-custou-pelo-menos-r-11-milhao-mostra-portal-da-transparencia\/#primaryimage\",\"url\":\"https:\/\/radiolifefm.com.br\/noticias\/wp-content\/uploads\/2022\/10\/expo1png1665431493634477c51f811.jpg\",\"contentUrl\":\"https:\/\/radiolifefm.com.br\/noticias\/wp-content\/uploads\/2022\/10\/expo1png1665431493634477c51f811.jpg\",\"width\":600,\"height\":337,\"caption\":\"ExpoVerde 2022 foi realizada de 30 de agosto a 4 de abril, sucesso de p\u00fablico\"},{\"@type\":\"BreadcrumbList\",\"@id\":\"https:\/\/radiolifefm.com.br\/noticias\/expoverde-custou-pelo-menos-r-11-milhao-mostra-portal-da-transparencia\/#breadcrumb\",\"itemListElement\":[{\"@type\":\"ListItem\",\"position\":1,\"name\":\"In\u00edcio\",\"item\":\"https:\/\/radiolifefm.com.br\/noticias\/\"},{\"@type\":\"ListItem\",\"position\":2,\"name\":\"ExpoVerde custou pelo menos R$ 1,1 milh\u00e3o, mostra Portal da Transpar\u00eancia\"}]},{\"@type\":\"WebSite\",\"@id\":\"https:\/\/radiolifefm.com.br\/noticias\/#website\",\"url\":\"https:\/\/radiolifefm.com.br\/noticias\/\",\"name\":\"R\u00e1dio Life FM\",\"description\":\"O Portal de Not\u00edcias de Adamantina\",\"publisher\":{\"@id\":\"https:\/\/radiolifefm.com.br\/noticias\/#organization\"},\"alternateName\":\"Life FM\",\"potentialAction\":[{\"@type\":\"SearchAction\",\"target\":{\"@type\":\"EntryPoint\",\"urlTemplate\":\"https:\/\/radiolifefm.com.br\/noticias\/?s={search_term_string}\"},\"query-input\":{\"@type\":\"PropertyValueSpecification\",\"valueRequired\":true,\"valueName\":\"search_term_string\"}}],\"inLanguage\":\"pt-BR\"},{\"@type\":\"Organization\",\"@id\":\"https:\/\/radiolifefm.com.br\/noticias\/#organization\",\"name\":\"R\u00e1dio Life FM\",\"alternateName\":\"Life FM\",\"url\":\"https:\/\/radiolifefm.com.br\/noticias\/\",\"logo\":{\"@type\":\"ImageObject\",\"inLanguage\":\"pt-BR\",\"@id\":\"https:\/\/radiolifefm.com.br\/noticias\/#\/schema\/logo\/image\/\",\"url\":\"https:\/\/static.radiolifefm.com.br\/noticias\/wp-content\/uploads\/2019\/10\/logo-lifefm.png\",\"contentUrl\":\"https:\/\/static.radiolifefm.com.br\/noticias\/wp-content\/uploads\/2019\/10\/logo-lifefm.png\",\"width\":196,\"height\":47,\"caption\":\"R\u00e1dio Life FM\"},\"image\":{\"@id\":\"https:\/\/radiolifefm.com.br\/noticias\/#\/schema\/logo\/image\/\"},\"sameAs\":[\"https:\/\/www.facebook.com\/radiolifefm\/\",\"https:\/\/www.instagram.com\/life1079fm\/\"]},{\"@type\":\"Person\",\"@id\":\"https:\/\/radiolifefm.com.br\/noticias\/#\/schema\/person\/6339b9fac59d12b071dec680d7375d87\",\"name\":\"ritanery\",\"image\":{\"@type\":\"ImageObject\",\"inLanguage\":\"pt-BR\",\"@id\":\"https:\/\/secure.gravatar.com\/avatar\/0e37bb19071f47c0b8a23f62a903df117c5a0e75f65a0c2901562f97cd41cf86?s=96&d=mm&r=g\",\"url\":\"https:\/\/secure.gravatar.com\/avatar\/0e37bb19071f47c0b8a23f62a903df117c5a0e75f65a0c2901562f97cd41cf86?s=96&d=mm&r=g\",\"contentUrl\":\"https:\/\/secure.gravatar.com\/avatar\/0e37bb19071f47c0b8a23f62a903df117c5a0e75f65a0c2901562f97cd41cf86?s=96&d=mm&r=g\",\"caption\":\"ritanery\"}}]}<\/script>\n<!-- \/ Yoast SEO plugin. -->","yoast_head_json":{"title":"ExpoVerde custou pelo menos R$ 1,1 milh\u00e3o, mostra Portal da Transpar\u00eancia - R\u00e1dio Life FM","robots":{"index":"index","follow":"follow","max-snippet":"max-snippet:-1","max-image-preview":"max-image-preview:large","max-video-preview":"max-video-preview:-1"},"canonical":"https:\/\/radiolifefm.com.br\/noticias\/expoverde-custou-pelo-menos-r-11-milhao-mostra-portal-da-transparencia\/","og_locale":"pt_BR","og_type":"article","og_title":"ExpoVerde custou pelo menos R$ 1,1 milh\u00e3o, mostra Portal da Transpar\u00eancia - R\u00e1dio Life FM","og_description":"Foi apurado junto ao Portal da Transpar\u00eancia da Prefeitura de Adamantina o total de R$ 1.091.225,61 em despesas empenhadas e pagas de 1\u00ba de junho deste ano at\u00e9 a \u00faltima sexta-feira (7), pela unidade or\u00e7ament\u00e1ria Fundo Municipal do Meio Ambiente, referentes \u00e0 ExpoVerde 2022, que aconteceu de 30 de agosto a 4 de setembro. Por\u00e9m, [&hellip;]","og_url":"https:\/\/radiolifefm.com.br\/noticias\/expoverde-custou-pelo-menos-r-11-milhao-mostra-portal-da-transparencia\/","og_site_name":"R\u00e1dio Life FM","article_publisher":"https:\/\/www.facebook.com\/radiolifefm\/","article_published_time":"2022-10-11T11:56:56+00:00","article_modified_time":"2025-10-03T07:50:14+00:00","og_image":[{"width":600,"height":337,"url":"https:\/\/static.radiolifefm.com.br\/noticias\/wp-content\/uploads\/2022\/10\/expo1png1665431493634477c51f811.jpg","type":"image\/jpeg"}],"author":"ritanery","twitter_card":"summary_large_image","twitter_misc":{"Escrito por":"ritanery","Est. tempo de leitura":"3 minutos"},"schema":{"@context":"https:\/\/schema.org","@graph":[{"@type":"Article","@id":"https:\/\/radiolifefm.com.br\/noticias\/expoverde-custou-pelo-menos-r-11-milhao-mostra-portal-da-transparencia\/#article","isPartOf":{"@id":"https:\/\/radiolifefm.com.br\/noticias\/expoverde-custou-pelo-menos-r-11-milhao-mostra-portal-da-transparencia\/"},"author":{"name":"ritanery","@id":"https:\/\/radiolifefm.com.br\/noticias\/#\/schema\/person\/6339b9fac59d12b071dec680d7375d87"},"headline":"ExpoVerde custou pelo menos R$ 1,1 milh\u00e3o, mostra Portal da Transpar\u00eancia","datePublished":"2022-10-11T11:56:56+00:00","dateModified":"2025-10-03T07:50:14+00:00","mainEntityOfPage":{"@id":"https:\/\/radiolifefm.com.br\/noticias\/expoverde-custou-pelo-menos-r-11-milhao-mostra-portal-da-transparencia\/"},"wordCount":443,"publisher":{"@id":"https:\/\/radiolifefm.com.br\/noticias\/#organization"},"image":{"@id":"https:\/\/radiolifefm.com.br\/noticias\/expoverde-custou-pelo-menos-r-11-milhao-mostra-portal-da-transparencia\/#primaryimage"},"thumbnailUrl":"https:\/\/radiolifefm.com.br\/noticias\/wp-content\/uploads\/2022\/10\/expo1png1665431493634477c51f811.jpg","articleSection":["Adamantina"],"inLanguage":"pt-BR"},{"@type":"WebPage","@id":"https:\/\/radiolifefm.com.br\/noticias\/expoverde-custou-pelo-menos-r-11-milhao-mostra-portal-da-transparencia\/","url":"https:\/\/radiolifefm.com.br\/noticias\/expoverde-custou-pelo-menos-r-11-milhao-mostra-portal-da-transparencia\/","name":"ExpoVerde custou pelo menos R$ 1,1 milh\u00e3o, mostra Portal da Transpar\u00eancia - R\u00e1dio Life FM","isPartOf":{"@id":"https:\/\/radiolifefm.com.br\/noticias\/#website"},"primaryImageOfPage":{"@id":"https:\/\/radiolifefm.com.br\/noticias\/expoverde-custou-pelo-menos-r-11-milhao-mostra-portal-da-transparencia\/#primaryimage"},"image":{"@id":"https:\/\/radiolifefm.com.br\/noticias\/expoverde-custou-pelo-menos-r-11-milhao-mostra-portal-da-transparencia\/#primaryimage"},"thumbnailUrl":"https:\/\/radiolifefm.com.br\/noticias\/wp-content\/uploads\/2022\/10\/expo1png1665431493634477c51f811.jpg","datePublished":"2022-10-11T11:56:56+00:00","dateModified":"2025-10-03T07:50:14+00:00","breadcrumb":{"@id":"https:\/\/radiolifefm.com.br\/noticias\/expoverde-custou-pelo-menos-r-11-milhao-mostra-portal-da-transparencia\/#breadcrumb"},"inLanguage":"pt-BR","potentialAction":[{"@type":"ReadAction","target":["https:\/\/radiolifefm.com.br\/noticias\/expoverde-custou-pelo-menos-r-11-milhao-mostra-portal-da-transparencia\/"]}]},{"@type":"ImageObject","inLanguage":"pt-BR","@id":"https:\/\/radiolifefm.com.br\/noticias\/expoverde-custou-pelo-menos-r-11-milhao-mostra-portal-da-transparencia\/#primaryimage","url":"https:\/\/radiolifefm.com.br\/noticias\/wp-content\/uploads\/2022\/10\/expo1png1665431493634477c51f811.jpg","contentUrl":"https:\/\/radiolifefm.com.br\/noticias\/wp-content\/uploads\/2022\/10\/expo1png1665431493634477c51f811.jpg","width":600,"height":337,"caption":"ExpoVerde 2022 foi realizada de 30 de agosto a 4 de abril, sucesso de p\u00fablico"},{"@type":"BreadcrumbList","@id":"https:\/\/radiolifefm.com.br\/noticias\/expoverde-custou-pelo-menos-r-11-milhao-mostra-portal-da-transparencia\/#breadcrumb","itemListElement":[{"@type":"ListItem","position":1,"name":"In\u00edcio","item":"https:\/\/radiolifefm.com.br\/noticias\/"},{"@type":"ListItem","position":2,"name":"ExpoVerde custou pelo menos R$ 1,1 milh\u00e3o, mostra Portal da Transpar\u00eancia"}]},{"@type":"WebSite","@id":"https:\/\/radiolifefm.com.br\/noticias\/#website","url":"https:\/\/radiolifefm.com.br\/noticias\/","name":"R\u00e1dio Life FM","description":"O Portal de Not\u00edcias de Adamantina","publisher":{"@id":"https:\/\/radiolifefm.com.br\/noticias\/#organization"},"alternateName":"Life FM","potentialAction":[{"@type":"SearchAction","target":{"@type":"EntryPoint","urlTemplate":"https:\/\/radiolifefm.com.br\/noticias\/?s={search_term_string}"},"query-input":{"@type":"PropertyValueSpecification","valueRequired":true,"valueName":"search_term_string"}}],"inLanguage":"pt-BR"},{"@type":"Organization","@id":"https:\/\/radiolifefm.com.br\/noticias\/#organization","name":"R\u00e1dio Life FM","alternateName":"Life FM","url":"https:\/\/radiolifefm.com.br\/noticias\/","logo":{"@type":"ImageObject","inLanguage":"pt-BR","@id":"https:\/\/radiolifefm.com.br\/noticias\/#\/schema\/logo\/image\/","url":"https:\/\/static.radiolifefm.com.br\/noticias\/wp-content\/uploads\/2019\/10\/logo-lifefm.png","contentUrl":"https:\/\/static.radiolifefm.com.br\/noticias\/wp-content\/uploads\/2019\/10\/logo-lifefm.png","width":196,"height":47,"caption":"R\u00e1dio Life FM"},"image":{"@id":"https:\/\/radiolifefm.com.br\/noticias\/#\/schema\/logo\/image\/"},"sameAs":["https:\/\/www.facebook.com\/radiolifefm\/","https:\/\/www.instagram.com\/life1079fm\/"]},{"@type":"Person","@id":"https:\/\/radiolifefm.com.br\/noticias\/#\/schema\/person\/6339b9fac59d12b071dec680d7375d87","name":"ritanery","image":{"@type":"ImageObject","inLanguage":"pt-BR","@id":"https:\/\/secure.gravatar.com\/avatar\/0e37bb19071f47c0b8a23f62a903df117c5a0e75f65a0c2901562f97cd41cf86?s=96&d=mm&r=g","url":"https:\/\/secure.gravatar.com\/avatar\/0e37bb19071f47c0b8a23f62a903df117c5a0e75f65a0c2901562f97cd41cf86?s=96&d=mm&r=g","contentUrl":"https:\/\/secure.gravatar.com\/avatar\/0e37bb19071f47c0b8a23f62a903df117c5a0e75f65a0c2901562f97cd41cf86?s=96&d=mm&r=g","caption":"ritanery"}}]}},"amp_enabled":true,"_links":{"self":[{"href":"https:\/\/radiolifefm.com.br\/noticias\/wp-json\/wp\/v2\/posts\/59204","targetHints":{"allow":["GET"]}}],"collection":[{"href":"https:\/\/radiolifefm.com.br\/noticias\/wp-json\/wp\/v2\/posts"}],"about":[{"href":"https:\/\/radiolifefm.com.br\/noticias\/wp-json\/wp\/v2\/types\/post"}],"author":[{"embeddable":true,"href":"https:\/\/radiolifefm.com.br\/noticias\/wp-json\/wp\/v2\/users\/13"}],"replies":[{"embeddable":true,"href":"https:\/\/radiolifefm.com.br\/noticias\/wp-json\/wp\/v2\/comments?post=59204"}],"version-history":[{"count":2,"href":"https:\/\/radiolifefm.com.br\/noticias\/wp-json\/wp\/v2\/posts\/59204\/revisions"}],"predecessor-version":[{"id":59207,"href":"https:\/\/radiolifefm.com.br\/noticias\/wp-json\/wp\/v2\/posts\/59204\/revisions\/59207"}],"wp:featuredmedia":[{"embeddable":true,"href":"https:\/\/radiolifefm.com.br\/noticias\/wp-json\/wp\/v2\/media\/59205"}],"wp:attachment":[{"href":"https:\/\/radiolifefm.com.br\/noticias\/wp-json\/wp\/v2\/media?parent=59204"}],"wp:term":[{"taxonomy":"category","embeddable":true,"href":"https:\/\/radiolifefm.com.br\/noticias\/wp-json\/wp\/v2\/categories?post=59204"},{"taxonomy":"post_tag","embeddable":true,"href":"https:\/\/radiolifefm.com.br\/noticias\/wp-json\/wp\/v2\/tags?post=59204"}],"curies":[{"name":"wp","href":"https:\/\/api.w.org\/{rel}","templated":true}]}}