{"id":59145,"date":"2022-10-10T10:44:54","date_gmt":"2022-10-10T13:44:54","guid":{"rendered":"https:\/\/radiolifefm.com.br\/noticias\/?p=59145"},"modified":"2026-04-10T07:07:42","modified_gmt":"2026-04-10T10:07:42","slug":"projeto-feira-livre-e-sucesso-na-estacao-recreio","status":"publish","type":"post","link":"https:\/\/radiolifefm.com.br\/noticias\/projeto-feira-livre-e-sucesso-na-estacao-recreio\/","title":{"rendered":"Projeto Feira Livre \u00e9 sucesso na Esta\u00e7\u00e3o Recreio!"},"content":{"rendered":"<div id=\"fb-root\"><\/div>\n<p>Deve-se registrar que a promo\u00e7\u00e3o de atividades na \u00e1rea cultural \u00e9 mais do que desafio para todos os setores que atuam na \u00e1rea, tendo em vista que existem, quase sempre, outras prioridades pendentes, ainda mais quando se trata do Poder P\u00fablico.<\/p>\n<p>Entretanto, no domingo, 9, a partir das 9h, ocorreu a \u201c3\u00aa. Edi\u00e7\u00e3o\u201d do Projeto \u201cFeira Livre\u201d, considerando que a proposta musical \u00e9 resgatar o tradicional estilo denominado de \u201csertanejo raiz\u201d, tamb\u00e9m, conhecido como \u201cm\u00fasica caipira\u201d.<\/p>\n<p>Foram quase duas horas de atividades art\u00edsticas com duplas e trios de Adamantina que est\u00e3o nesta estrada do \u201craiz\u201d, portanto, as cantorias deram um toque especial para aquelas pessoas que transitavam no espa\u00e7o da \u201cFeira\u201d na Esta\u00e7\u00e3o Recreio.<\/p>\n<p><strong>M\u00fasicos convidados<\/strong><\/p>\n<p>Tamb\u00e9m, registra-se que a promo\u00e7\u00e3o e execu\u00e7\u00e3o do Projeto Feira Livre \u00e9 da SMCT-Secretaria Municipal de Cultura e Turismo, ainda, em parceria com a R\u00e1dio Cultura FM, 99,3 MHZ, \u201cuma op\u00e7\u00e3o diferente no ar\u201d, mantida e administrada pela UniFAI; tamb\u00e9m, apoio institucional da C\u00e1tedra Unesco\/Umesp de Comunica\u00e7\u00e3o-Universidade Metodista de S\u00e3o Paulo.<\/p>\n<figure id=\"attachment_59147\" aria-describedby=\"caption-attachment-59147\" style=\"width: 300px\" class=\"wp-caption aligncenter\"><img loading=\"lazy\" decoding=\"async\" class=\"size-medium wp-image-59147\" src=\"https:\/\/static.radiolifefm.com.br\/wp-content\/uploads\/sites\/2\/2022\/10\/WhatsApp-Image-2022-10-10-at-10.08.55-300x225.jpeg\" alt=\"\" width=\"300\" height=\"225\" srcset=\"https:\/\/radiolifefm.com.br\/noticias\/wp-content\/uploads\/2022\/10\/WhatsApp-Image-2022-10-10-at-10.08.55-300x225.jpeg 300w, https:\/\/radiolifefm.com.br\/noticias\/wp-content\/uploads\/2022\/10\/WhatsApp-Image-2022-10-10-at-10.08.55-1024x768.jpeg 1024w, https:\/\/radiolifefm.com.br\/noticias\/wp-content\/uploads\/2022\/10\/WhatsApp-Image-2022-10-10-at-10.08.55-768x576.jpeg 768w, https:\/\/radiolifefm.com.br\/noticias\/wp-content\/uploads\/2022\/10\/WhatsApp-Image-2022-10-10-at-10.08.55.jpeg 1280w\" sizes=\"auto, (max-width: 300px) 100vw, 300px\" \/><figcaption id=\"caption-attachment-59147\" class=\"wp-caption-text\">J\u00f4 Lima, Natal e Natel<\/figcaption><\/figure>\n<p>Desta forma, marcaram presen\u00e7a musical os seguintes artistas por ordem de apresenta\u00e7\u00e3o, a saber: <em>Jos\u00e9 Carlos, Z\u00e9 Roberto e Adriano; Natal e Natel; Carlinhos e Dami\u00e3o<\/em>, al\u00e9m do trio, <em>Paul\u00e3o, Chic\u00e3o e Pezinho<\/em>.<\/p>\n<figure id=\"attachment_59148\" aria-describedby=\"caption-attachment-59148\" style=\"width: 225px\" class=\"wp-caption aligncenter\"><img loading=\"lazy\" decoding=\"async\" class=\"size-medium wp-image-59148\" src=\"https:\/\/static.radiolifefm.com.br\/wp-content\/uploads\/sites\/2\/2022\/10\/WhatsApp-Image-2022-10-10-at-10.13.09-225x300.jpeg\" alt=\"\" width=\"225\" height=\"300\" srcset=\"https:\/\/radiolifefm.com.br\/noticias\/wp-content\/uploads\/2022\/10\/WhatsApp-Image-2022-10-10-at-10.13.09-225x300.jpeg 225w, https:\/\/radiolifefm.com.br\/noticias\/wp-content\/uploads\/2022\/10\/WhatsApp-Image-2022-10-10-at-10.13.09-768x1024.jpeg 768w, https:\/\/radiolifefm.com.br\/noticias\/wp-content\/uploads\/2022\/10\/WhatsApp-Image-2022-10-10-at-10.13.09.jpeg 960w\" sizes=\"auto, (max-width: 225px) 100vw, 225px\" \/><figcaption id=\"caption-attachment-59148\" class=\"wp-caption-text\">Jos\u00e9 Carlos, Z\u0117 Roberto e Adriano.<\/figcaption><\/figure>\n<p>Neste contexto, deve-se destacar que o evento musical continua promovendo e fortalecendo o estilo \u201csertanejo raiz\u201d em n\u00edvel regional, ainda, registrando que a proposta da SMCT nesta parceria com a Cultura FM, pode fazer a diferen\u00e7a daqui pra frente na \u00e1rea cultural para Adamantina e regi\u00e3o.<\/p>\n<p><strong>Equipe e apoio cultural<\/strong><\/p>\n<p>Ainda, como sempre, \u201cA C\u00e9sar o que de C\u00e9sar\u201d, neste caso, a Equipe de Apoio da Secretaria de Cultura, mais uma vez, marcou presen\u00e7a efetiva com a coordena\u00e7\u00e3o t\u00e9cnica do \u201cTerrinha\u201d e apoio na assessoria de \u201cCa\u00edque\u201d.<\/p>\n<p>As devidas apresenta\u00e7\u00f5es musicais estiveram sob o comando do carism\u00e1tico, \u201cJ\u00f4 Lima\u201d para dar aquele toque especial quanto aos m\u00fasicos em ritmo popular.<\/p>\n<figure id=\"attachment_59149\" aria-describedby=\"caption-attachment-59149\" style=\"width: 300px\" class=\"wp-caption aligncenter\"><img loading=\"lazy\" decoding=\"async\" class=\"size-medium wp-image-59149\" src=\"https:\/\/static.radiolifefm.com.br\/wp-content\/uploads\/sites\/2\/2022\/10\/WhatsApp-Image-2022-10-10-at-10.11.14-300x225.jpeg\" alt=\"\" width=\"300\" height=\"225\" srcset=\"https:\/\/radiolifefm.com.br\/noticias\/wp-content\/uploads\/2022\/10\/WhatsApp-Image-2022-10-10-at-10.11.14-300x225.jpeg 300w, https:\/\/radiolifefm.com.br\/noticias\/wp-content\/uploads\/2022\/10\/WhatsApp-Image-2022-10-10-at-10.11.14-1024x768.jpeg 1024w, https:\/\/radiolifefm.com.br\/noticias\/wp-content\/uploads\/2022\/10\/WhatsApp-Image-2022-10-10-at-10.11.14-768x576.jpeg 768w, https:\/\/radiolifefm.com.br\/noticias\/wp-content\/uploads\/2022\/10\/WhatsApp-Image-2022-10-10-at-10.11.14.jpeg 1280w\" sizes=\"auto, (max-width: 300px) 100vw, 300px\" \/><figcaption id=\"caption-attachment-59149\" class=\"wp-caption-text\">Equipe de apoio com Caique e Terrinha<\/figcaption><\/figure>\n<p>Deve-se destacar nesta terceira edi\u00e7\u00e3o, o Apoio Cultural para as atividades desenvolvidas por meio do Feira Livre das seguintes organiza\u00e7\u00f5es: <em>Posto do Zeca; Re\/Max Imobili\u00e1ria e Casa S\u00e3o Jos\u00e9<\/em>.<\/p>\n<p>Neste contexto, a RE\/MAX Imobili\u00e1ria de Adamantina, refor\u00e7ou que estar\u00e1 presente nas edi\u00e7\u00f5es seguintes do Feita Livre, ainda, com Apoio Cultura, considerando que se trata de uma Organiza\u00e7\u00e3o que acredita e investe na promo\u00e7\u00e3o da cultura em n\u00edvel regional.<\/p>\n<p><strong>S\u00e9rgio Barbosa \/ UniFAI-Cultura FM<\/strong><\/p>\n","protected":false},"excerpt":{"rendered":"<p>Deve-se registrar que a promo\u00e7\u00e3o de atividades na \u00e1rea cultural \u00e9 mais do que desafio para todos os setores que atuam na \u00e1rea, tendo em vista que existem, quase sempre, outras prioridades pendentes, ainda mais quando se trata do Poder P\u00fablico. Entretanto, no domingo, 9, a partir das 9h, ocorreu a \u201c3\u00aa. Edi\u00e7\u00e3o\u201d do Projeto [&hellip;]<\/p>\n","protected":false},"author":13,"featured_media":59146,"comment_status":"closed","ping_status":"open","sticky":false,"template":"","format":"standard","meta":{"_acf_changed":false,"_exactmetrics_skip_tracking":false,"_exactmetrics_sitenote_active":false,"_exactmetrics_sitenote_note":"","_exactmetrics_sitenote_category":0,"footnotes":""},"categories":[21],"tags":[],"class_list":["post-59145","post","type-post","status-publish","format-standard","has-post-thumbnail","hentry","category-adamantina"],"acf":[],"yoast_head":"<!-- This site is optimized with the Yoast SEO plugin v27.2 - https:\/\/yoast.com\/product\/yoast-seo-wordpress\/ -->\n<title>Projeto Feira Livre \u00e9 sucesso na Esta\u00e7\u00e3o Recreio! - R\u00e1dio Life FM<\/title>\n<meta name=\"robots\" content=\"index, follow, max-snippet:-1, max-image-preview:large, max-video-preview:-1\" \/>\n<link rel=\"canonical\" href=\"https:\/\/radiolifefm.com.br\/noticias\/projeto-feira-livre-e-sucesso-na-estacao-recreio\/\" \/>\n<meta property=\"og:locale\" content=\"pt_BR\" \/>\n<meta property=\"og:type\" content=\"article\" \/>\n<meta property=\"og:title\" content=\"Projeto Feira Livre \u00e9 sucesso na Esta\u00e7\u00e3o Recreio! - R\u00e1dio Life FM\" \/>\n<meta property=\"og:description\" content=\"Deve-se registrar que a promo\u00e7\u00e3o de atividades na \u00e1rea cultural \u00e9 mais do que desafio para todos os setores que atuam na \u00e1rea, tendo em vista que existem, quase sempre, outras prioridades pendentes, ainda mais quando se trata do Poder P\u00fablico. Entretanto, no domingo, 9, a partir das 9h, ocorreu a \u201c3\u00aa. Edi\u00e7\u00e3o\u201d do Projeto [&hellip;]\" \/>\n<meta property=\"og:url\" content=\"https:\/\/radiolifefm.com.br\/noticias\/projeto-feira-livre-e-sucesso-na-estacao-recreio\/\" \/>\n<meta property=\"og:site_name\" content=\"R\u00e1dio Life FM\" \/>\n<meta property=\"article:publisher\" content=\"https:\/\/www.facebook.com\/radiolifefm\/\" \/>\n<meta property=\"article:published_time\" content=\"2022-10-10T13:44:54+00:00\" \/>\n<meta property=\"article:modified_time\" content=\"2026-04-10T10:07:42+00:00\" \/>\n<meta property=\"og:image\" content=\"https:\/\/radiolifefm.com.br\/noticias\/wp-content\/uploads\/2022\/10\/WhatsApp-Image-2022-10-10-at-10.16.57.jpeg\" \/>\n\t<meta property=\"og:image:width\" content=\"1280\" \/>\n\t<meta property=\"og:image:height\" content=\"960\" \/>\n\t<meta property=\"og:image:type\" content=\"image\/jpeg\" \/>\n<meta name=\"author\" content=\"ritanery\" \/>\n<meta name=\"twitter:card\" content=\"summary_large_image\" \/>\n<meta name=\"twitter:label1\" content=\"Escrito por\" \/>\n\t<meta name=\"twitter:data1\" content=\"ritanery\" \/>\n\t<meta name=\"twitter:label2\" content=\"Est. tempo de leitura\" \/>\n\t<meta name=\"twitter:data2\" content=\"3 minutos\" \/>\n<script type=\"application\/ld+json\" class=\"yoast-schema-graph\">{\"@context\":\"https:\/\/schema.org\",\"@graph\":[{\"@type\":\"Article\",\"@id\":\"https:\/\/radiolifefm.com.br\/noticias\/projeto-feira-livre-e-sucesso-na-estacao-recreio\/#article\",\"isPartOf\":{\"@id\":\"https:\/\/radiolifefm.com.br\/noticias\/projeto-feira-livre-e-sucesso-na-estacao-recreio\/\"},\"author\":{\"name\":\"ritanery\",\"@id\":\"https:\/\/radiolifefm.com.br\/noticias\/#\/schema\/person\/6339b9fac59d12b071dec680d7375d87\"},\"headline\":\"Projeto Feira Livre \u00e9 sucesso na Esta\u00e7\u00e3o Recreio!\",\"datePublished\":\"2022-10-10T13:44:54+00:00\",\"dateModified\":\"2026-04-10T10:07:42+00:00\",\"mainEntityOfPage\":{\"@id\":\"https:\/\/radiolifefm.com.br\/noticias\/projeto-feira-livre-e-sucesso-na-estacao-recreio\/\"},\"wordCount\":474,\"publisher\":{\"@id\":\"https:\/\/radiolifefm.com.br\/noticias\/#organization\"},\"image\":{\"@id\":\"https:\/\/radiolifefm.com.br\/noticias\/projeto-feira-livre-e-sucesso-na-estacao-recreio\/#primaryimage\"},\"thumbnailUrl\":\"https:\/\/radiolifefm.com.br\/noticias\/wp-content\/uploads\/2022\/10\/WhatsApp-Image-2022-10-10-at-10.16.57.jpeg\",\"articleSection\":[\"Adamantina\"],\"inLanguage\":\"pt-BR\"},{\"@type\":\"WebPage\",\"@id\":\"https:\/\/radiolifefm.com.br\/noticias\/projeto-feira-livre-e-sucesso-na-estacao-recreio\/\",\"url\":\"https:\/\/radiolifefm.com.br\/noticias\/projeto-feira-livre-e-sucesso-na-estacao-recreio\/\",\"name\":\"Projeto Feira Livre \u00e9 sucesso na Esta\u00e7\u00e3o Recreio! - R\u00e1dio Life FM\",\"isPartOf\":{\"@id\":\"https:\/\/radiolifefm.com.br\/noticias\/#website\"},\"primaryImageOfPage\":{\"@id\":\"https:\/\/radiolifefm.com.br\/noticias\/projeto-feira-livre-e-sucesso-na-estacao-recreio\/#primaryimage\"},\"image\":{\"@id\":\"https:\/\/radiolifefm.com.br\/noticias\/projeto-feira-livre-e-sucesso-na-estacao-recreio\/#primaryimage\"},\"thumbnailUrl\":\"https:\/\/radiolifefm.com.br\/noticias\/wp-content\/uploads\/2022\/10\/WhatsApp-Image-2022-10-10-at-10.16.57.jpeg\",\"datePublished\":\"2022-10-10T13:44:54+00:00\",\"dateModified\":\"2026-04-10T10:07:42+00:00\",\"breadcrumb\":{\"@id\":\"https:\/\/radiolifefm.com.br\/noticias\/projeto-feira-livre-e-sucesso-na-estacao-recreio\/#breadcrumb\"},\"inLanguage\":\"pt-BR\",\"potentialAction\":[{\"@type\":\"ReadAction\",\"target\":[\"https:\/\/radiolifefm.com.br\/noticias\/projeto-feira-livre-e-sucesso-na-estacao-recreio\/\"]}]},{\"@type\":\"ImageObject\",\"inLanguage\":\"pt-BR\",\"@id\":\"https:\/\/radiolifefm.com.br\/noticias\/projeto-feira-livre-e-sucesso-na-estacao-recreio\/#primaryimage\",\"url\":\"https:\/\/radiolifefm.com.br\/noticias\/wp-content\/uploads\/2022\/10\/WhatsApp-Image-2022-10-10-at-10.16.57.jpeg\",\"contentUrl\":\"https:\/\/radiolifefm.com.br\/noticias\/wp-content\/uploads\/2022\/10\/WhatsApp-Image-2022-10-10-at-10.16.57.jpeg\",\"width\":1280,\"height\":960,\"caption\":\"Paul\u00e3o, Chic\u00e3o e Pezinho\"},{\"@type\":\"BreadcrumbList\",\"@id\":\"https:\/\/radiolifefm.com.br\/noticias\/projeto-feira-livre-e-sucesso-na-estacao-recreio\/#breadcrumb\",\"itemListElement\":[{\"@type\":\"ListItem\",\"position\":1,\"name\":\"In\u00edcio\",\"item\":\"https:\/\/radiolifefm.com.br\/noticias\/\"},{\"@type\":\"ListItem\",\"position\":2,\"name\":\"Projeto Feira Livre \u00e9 sucesso na Esta\u00e7\u00e3o Recreio!\"}]},{\"@type\":\"WebSite\",\"@id\":\"https:\/\/radiolifefm.com.br\/noticias\/#website\",\"url\":\"https:\/\/radiolifefm.com.br\/noticias\/\",\"name\":\"R\u00e1dio Life FM\",\"description\":\"O Portal de Not\u00edcias de Adamantina\",\"publisher\":{\"@id\":\"https:\/\/radiolifefm.com.br\/noticias\/#organization\"},\"alternateName\":\"Life FM\",\"potentialAction\":[{\"@type\":\"SearchAction\",\"target\":{\"@type\":\"EntryPoint\",\"urlTemplate\":\"https:\/\/radiolifefm.com.br\/noticias\/?s={search_term_string}\"},\"query-input\":{\"@type\":\"PropertyValueSpecification\",\"valueRequired\":true,\"valueName\":\"search_term_string\"}}],\"inLanguage\":\"pt-BR\"},{\"@type\":\"Organization\",\"@id\":\"https:\/\/radiolifefm.com.br\/noticias\/#organization\",\"name\":\"R\u00e1dio Life FM\",\"alternateName\":\"Life FM\",\"url\":\"https:\/\/radiolifefm.com.br\/noticias\/\",\"logo\":{\"@type\":\"ImageObject\",\"inLanguage\":\"pt-BR\",\"@id\":\"https:\/\/radiolifefm.com.br\/noticias\/#\/schema\/logo\/image\/\",\"url\":\"https:\/\/static.radiolifefm.com.br\/noticias\/wp-content\/uploads\/2019\/10\/logo-lifefm.png\",\"contentUrl\":\"https:\/\/static.radiolifefm.com.br\/noticias\/wp-content\/uploads\/2019\/10\/logo-lifefm.png\",\"width\":196,\"height\":47,\"caption\":\"R\u00e1dio Life FM\"},\"image\":{\"@id\":\"https:\/\/radiolifefm.com.br\/noticias\/#\/schema\/logo\/image\/\"},\"sameAs\":[\"https:\/\/www.facebook.com\/radiolifefm\/\",\"https:\/\/www.instagram.com\/life1079fm\/\"]},{\"@type\":\"Person\",\"@id\":\"https:\/\/radiolifefm.com.br\/noticias\/#\/schema\/person\/6339b9fac59d12b071dec680d7375d87\",\"name\":\"ritanery\",\"image\":{\"@type\":\"ImageObject\",\"inLanguage\":\"pt-BR\",\"@id\":\"https:\/\/secure.gravatar.com\/avatar\/0e37bb19071f47c0b8a23f62a903df117c5a0e75f65a0c2901562f97cd41cf86?s=96&d=mm&r=g\",\"url\":\"https:\/\/secure.gravatar.com\/avatar\/0e37bb19071f47c0b8a23f62a903df117c5a0e75f65a0c2901562f97cd41cf86?s=96&d=mm&r=g\",\"contentUrl\":\"https:\/\/secure.gravatar.com\/avatar\/0e37bb19071f47c0b8a23f62a903df117c5a0e75f65a0c2901562f97cd41cf86?s=96&d=mm&r=g\",\"caption\":\"ritanery\"}}]}<\/script>\n<!-- \/ Yoast SEO plugin. -->","yoast_head_json":{"title":"Projeto Feira Livre \u00e9 sucesso na Esta\u00e7\u00e3o Recreio! - R\u00e1dio Life FM","robots":{"index":"index","follow":"follow","max-snippet":"max-snippet:-1","max-image-preview":"max-image-preview:large","max-video-preview":"max-video-preview:-1"},"canonical":"https:\/\/radiolifefm.com.br\/noticias\/projeto-feira-livre-e-sucesso-na-estacao-recreio\/","og_locale":"pt_BR","og_type":"article","og_title":"Projeto Feira Livre \u00e9 sucesso na Esta\u00e7\u00e3o Recreio! - R\u00e1dio Life FM","og_description":"Deve-se registrar que a promo\u00e7\u00e3o de atividades na \u00e1rea cultural \u00e9 mais do que desafio para todos os setores que atuam na \u00e1rea, tendo em vista que existem, quase sempre, outras prioridades pendentes, ainda mais quando se trata do Poder P\u00fablico. Entretanto, no domingo, 9, a partir das 9h, ocorreu a \u201c3\u00aa. Edi\u00e7\u00e3o\u201d do Projeto [&hellip;]","og_url":"https:\/\/radiolifefm.com.br\/noticias\/projeto-feira-livre-e-sucesso-na-estacao-recreio\/","og_site_name":"R\u00e1dio Life FM","article_publisher":"https:\/\/www.facebook.com\/radiolifefm\/","article_published_time":"2022-10-10T13:44:54+00:00","article_modified_time":"2026-04-10T10:07:42+00:00","og_image":[{"width":1280,"height":960,"url":"https:\/\/radiolifefm.com.br\/noticias\/wp-content\/uploads\/2022\/10\/WhatsApp-Image-2022-10-10-at-10.16.57.jpeg","type":"image\/jpeg"}],"author":"ritanery","twitter_card":"summary_large_image","twitter_misc":{"Escrito por":"ritanery","Est. tempo de leitura":"3 minutos"},"schema":{"@context":"https:\/\/schema.org","@graph":[{"@type":"Article","@id":"https:\/\/radiolifefm.com.br\/noticias\/projeto-feira-livre-e-sucesso-na-estacao-recreio\/#article","isPartOf":{"@id":"https:\/\/radiolifefm.com.br\/noticias\/projeto-feira-livre-e-sucesso-na-estacao-recreio\/"},"author":{"name":"ritanery","@id":"https:\/\/radiolifefm.com.br\/noticias\/#\/schema\/person\/6339b9fac59d12b071dec680d7375d87"},"headline":"Projeto Feira Livre \u00e9 sucesso na Esta\u00e7\u00e3o Recreio!","datePublished":"2022-10-10T13:44:54+00:00","dateModified":"2026-04-10T10:07:42+00:00","mainEntityOfPage":{"@id":"https:\/\/radiolifefm.com.br\/noticias\/projeto-feira-livre-e-sucesso-na-estacao-recreio\/"},"wordCount":474,"publisher":{"@id":"https:\/\/radiolifefm.com.br\/noticias\/#organization"},"image":{"@id":"https:\/\/radiolifefm.com.br\/noticias\/projeto-feira-livre-e-sucesso-na-estacao-recreio\/#primaryimage"},"thumbnailUrl":"https:\/\/radiolifefm.com.br\/noticias\/wp-content\/uploads\/2022\/10\/WhatsApp-Image-2022-10-10-at-10.16.57.jpeg","articleSection":["Adamantina"],"inLanguage":"pt-BR"},{"@type":"WebPage","@id":"https:\/\/radiolifefm.com.br\/noticias\/projeto-feira-livre-e-sucesso-na-estacao-recreio\/","url":"https:\/\/radiolifefm.com.br\/noticias\/projeto-feira-livre-e-sucesso-na-estacao-recreio\/","name":"Projeto Feira Livre \u00e9 sucesso na Esta\u00e7\u00e3o Recreio! - R\u00e1dio Life FM","isPartOf":{"@id":"https:\/\/radiolifefm.com.br\/noticias\/#website"},"primaryImageOfPage":{"@id":"https:\/\/radiolifefm.com.br\/noticias\/projeto-feira-livre-e-sucesso-na-estacao-recreio\/#primaryimage"},"image":{"@id":"https:\/\/radiolifefm.com.br\/noticias\/projeto-feira-livre-e-sucesso-na-estacao-recreio\/#primaryimage"},"thumbnailUrl":"https:\/\/radiolifefm.com.br\/noticias\/wp-content\/uploads\/2022\/10\/WhatsApp-Image-2022-10-10-at-10.16.57.jpeg","datePublished":"2022-10-10T13:44:54+00:00","dateModified":"2026-04-10T10:07:42+00:00","breadcrumb":{"@id":"https:\/\/radiolifefm.com.br\/noticias\/projeto-feira-livre-e-sucesso-na-estacao-recreio\/#breadcrumb"},"inLanguage":"pt-BR","potentialAction":[{"@type":"ReadAction","target":["https:\/\/radiolifefm.com.br\/noticias\/projeto-feira-livre-e-sucesso-na-estacao-recreio\/"]}]},{"@type":"ImageObject","inLanguage":"pt-BR","@id":"https:\/\/radiolifefm.com.br\/noticias\/projeto-feira-livre-e-sucesso-na-estacao-recreio\/#primaryimage","url":"https:\/\/radiolifefm.com.br\/noticias\/wp-content\/uploads\/2022\/10\/WhatsApp-Image-2022-10-10-at-10.16.57.jpeg","contentUrl":"https:\/\/radiolifefm.com.br\/noticias\/wp-content\/uploads\/2022\/10\/WhatsApp-Image-2022-10-10-at-10.16.57.jpeg","width":1280,"height":960,"caption":"Paul\u00e3o, Chic\u00e3o e Pezinho"},{"@type":"BreadcrumbList","@id":"https:\/\/radiolifefm.com.br\/noticias\/projeto-feira-livre-e-sucesso-na-estacao-recreio\/#breadcrumb","itemListElement":[{"@type":"ListItem","position":1,"name":"In\u00edcio","item":"https:\/\/radiolifefm.com.br\/noticias\/"},{"@type":"ListItem","position":2,"name":"Projeto Feira Livre \u00e9 sucesso na Esta\u00e7\u00e3o Recreio!"}]},{"@type":"WebSite","@id":"https:\/\/radiolifefm.com.br\/noticias\/#website","url":"https:\/\/radiolifefm.com.br\/noticias\/","name":"R\u00e1dio Life FM","description":"O Portal de Not\u00edcias de Adamantina","publisher":{"@id":"https:\/\/radiolifefm.com.br\/noticias\/#organization"},"alternateName":"Life FM","potentialAction":[{"@type":"SearchAction","target":{"@type":"EntryPoint","urlTemplate":"https:\/\/radiolifefm.com.br\/noticias\/?s={search_term_string}"},"query-input":{"@type":"PropertyValueSpecification","valueRequired":true,"valueName":"search_term_string"}}],"inLanguage":"pt-BR"},{"@type":"Organization","@id":"https:\/\/radiolifefm.com.br\/noticias\/#organization","name":"R\u00e1dio Life FM","alternateName":"Life FM","url":"https:\/\/radiolifefm.com.br\/noticias\/","logo":{"@type":"ImageObject","inLanguage":"pt-BR","@id":"https:\/\/radiolifefm.com.br\/noticias\/#\/schema\/logo\/image\/","url":"https:\/\/static.radiolifefm.com.br\/noticias\/wp-content\/uploads\/2019\/10\/logo-lifefm.png","contentUrl":"https:\/\/static.radiolifefm.com.br\/noticias\/wp-content\/uploads\/2019\/10\/logo-lifefm.png","width":196,"height":47,"caption":"R\u00e1dio Life FM"},"image":{"@id":"https:\/\/radiolifefm.com.br\/noticias\/#\/schema\/logo\/image\/"},"sameAs":["https:\/\/www.facebook.com\/radiolifefm\/","https:\/\/www.instagram.com\/life1079fm\/"]},{"@type":"Person","@id":"https:\/\/radiolifefm.com.br\/noticias\/#\/schema\/person\/6339b9fac59d12b071dec680d7375d87","name":"ritanery","image":{"@type":"ImageObject","inLanguage":"pt-BR","@id":"https:\/\/secure.gravatar.com\/avatar\/0e37bb19071f47c0b8a23f62a903df117c5a0e75f65a0c2901562f97cd41cf86?s=96&d=mm&r=g","url":"https:\/\/secure.gravatar.com\/avatar\/0e37bb19071f47c0b8a23f62a903df117c5a0e75f65a0c2901562f97cd41cf86?s=96&d=mm&r=g","contentUrl":"https:\/\/secure.gravatar.com\/avatar\/0e37bb19071f47c0b8a23f62a903df117c5a0e75f65a0c2901562f97cd41cf86?s=96&d=mm&r=g","caption":"ritanery"}}]}},"amp_enabled":true,"_links":{"self":[{"href":"https:\/\/radiolifefm.com.br\/noticias\/wp-json\/wp\/v2\/posts\/59145","targetHints":{"allow":["GET"]}}],"collection":[{"href":"https:\/\/radiolifefm.com.br\/noticias\/wp-json\/wp\/v2\/posts"}],"about":[{"href":"https:\/\/radiolifefm.com.br\/noticias\/wp-json\/wp\/v2\/types\/post"}],"author":[{"embeddable":true,"href":"https:\/\/radiolifefm.com.br\/noticias\/wp-json\/wp\/v2\/users\/13"}],"replies":[{"embeddable":true,"href":"https:\/\/radiolifefm.com.br\/noticias\/wp-json\/wp\/v2\/comments?post=59145"}],"version-history":[{"count":2,"href":"https:\/\/radiolifefm.com.br\/noticias\/wp-json\/wp\/v2\/posts\/59145\/revisions"}],"predecessor-version":[{"id":59151,"href":"https:\/\/radiolifefm.com.br\/noticias\/wp-json\/wp\/v2\/posts\/59145\/revisions\/59151"}],"wp:featuredmedia":[{"embeddable":true,"href":"https:\/\/radiolifefm.com.br\/noticias\/wp-json\/wp\/v2\/media\/59146"}],"wp:attachment":[{"href":"https:\/\/radiolifefm.com.br\/noticias\/wp-json\/wp\/v2\/media?parent=59145"}],"wp:term":[{"taxonomy":"category","embeddable":true,"href":"https:\/\/radiolifefm.com.br\/noticias\/wp-json\/wp\/v2\/categories?post=59145"},{"taxonomy":"post_tag","embeddable":true,"href":"https:\/\/radiolifefm.com.br\/noticias\/wp-json\/wp\/v2\/tags?post=59145"}],"curies":[{"name":"wp","href":"https:\/\/api.w.org\/{rel}","templated":true}]}}