{"id":59124,"date":"2022-10-10T07:51:20","date_gmt":"2022-10-10T10:51:20","guid":{"rendered":"https:\/\/radiolifefm.com.br\/noticias\/?p=59124"},"modified":"2026-02-20T04:14:47","modified_gmt":"2026-02-20T07:14:47","slug":"provincia-circo-e-mentes-mediocres","status":"publish","type":"post","link":"https:\/\/radiolifefm.com.br\/noticias\/provincia-circo-e-mentes-mediocres\/","title":{"rendered":"Prov\u00edncia, Circo e Mentes Med\u00edocres&#8230;"},"content":{"rendered":"<div id=\"fb-root\"><\/div>\n<p><strong><em>\u00a0\u201cPenso que 50 milh\u00f5es de pessoas que votaram no candidato que riu das pessoas sem ar, riu dos n\u00fameros de suic\u00eddio, xinga jornalistas mulheres, ataca a imprensa, n\u00e3o comprou vacinas; disse n\u00e3o ser coveiro, isso n\u00e3o \u00e9 voto envergonhado, isso \u00e9 ser c\u00famplice do horror\u201d. (Ana Fontes)<\/em><\/strong><\/p>\n<p><strong><em>\u201cNo palco, na pra\u00e7a, no circo, num banco de jardim, correndo no escuro, pichado no muro&#8230; Voc\u00ea vai saber de mim.\u201d (<\/em><\/strong><a href=\"https:\/\/www.pensador.com\/autor\/chico_buarque\/\"><strong><em>Chico Buarque<\/em><\/strong><\/a><strong><em>)<\/em><\/strong><\/p>\n<p><strong><em>\u00a0<\/em><\/strong><\/p>\n<p><strong><em>\u00c0s v\u00edtimas da PANDEMIA (in memoriam), dedico! <\/em><\/strong><\/p>\n<p><strong>\u00a0<\/strong><\/p>\n<p><strong>S\u00e9rgio Barbosa (*)<\/strong><\/p>\n<p>Mais uma vez, o COISO conseguiu maioria de VOTOS nesta PROV\u00cdNCIA DO FAZ DE CONTA, foram mais de 13 mil mentes med\u00edocres VOTANDO deste DESGOVERNO BOZZONARO&#8230;<\/p>\n<p>Lament\u00e1vel tal ESCOLHA, com certeza, tais ELEITORES\/AS n\u00e3o tiveram nenhum FAMILIAR, AMIGO\/A ou at\u00e9 mesmo CONEHCIDO que partiram para o outro lado por causa do N\u00c3O COMPROMETIMENTO do COISO com as VACINAS&#8230;<\/p>\n<p>Portanto, acredito que daqui pra frente N\u00c3O SE PODE ESPERAR mais nada de nada desta PROV\u00cdNCIA DO FAZ DE CONTA, ainda bem que mais de 4 MIL PROVINCIANOS\/AS votaram na PAZ e no DESENVOLVIMENTO deste PA\u00cdS DO FAZ DE CONTA&#8230;<\/p>\n<p>Assim, a outra ESCOLHA quando ao COISO com suas MENTES MED\u00cdOCRES que gostam de seguir o BERRANTE\/BUZINAS em suas CARRETAS e MOTOCIATAS, ficaram do lado do ATRASO TOTAL em \u00e1reas priorit\u00e1rias para o PA\u00cdS em n\u00edvel GLOCAL, ou seja, do GLOBAL para o LOCAL&#8230;.<\/p>\n<p>Ah! E aqueles que se dizem EVANG\u00c9LICOS, esses sim foram de LASCAR mesmo, com certeza desconhecem os valores da F\u00c9 CRIST\u00c3 e assim por diante&#8230;<\/p>\n<p>Mas, NADA COMO DIA DEPOIS DO OUTRO, ainda mais neste CEN\u00c1RIO PROVINCIANO, considerando que deste lado, MUDAM AS MOSCAS, MAS A M&#8230; \u00c9 SEMPRE A MESMA&#8230;<\/p>\n<p>Outra coisa (sic) deste COISO, se tiverem alguma coloca\u00e7\u00e3o quanto ao ARTIGO, escrevam as suas considera\u00e7\u00f5es em DEFESA deste DESGOVERNO BOZZONARO, todavia, ter\u00e3o que ASSINAR O TEXTO e tudo mais, pois, se ESCONDER ATR\u00c1S DE UM VOTO \u00e9 pra continuar sendo sempre uma MENTE MED\u00cdOCRE&#8230;<\/p>\n<p>Al\u00e9m do mais e com muito menos, o tal que \u00e9 apoiado pelo COISO para GOVERNADOR, tamb\u00e9m, levou a maioria dos votos dos\/as PROVINCIANOS\/AS, tal qual aquele ASTRONAUTA DE ARAQUE e acabou com as \u00e1reas da PESQUISA ACAD\u00caMICA com o desmonte das AG\u00caNCIAS de FOMETNO, tais como: CAPES e CNPq&#8230;<\/p>\n<p>Ent\u00e3o ELEITOR\/A do COISO, voc\u00ea est\u00e1 apostando no RETROCESSO GERAL das CONQUISTAS efetivadas em nome do SOCIAL, da EDUCA\u00c7\u00c3O e da SA\u00daDE&#8230;<\/p>\n<p>Mas, como sempre, CADA CABE\u00c7A UMA SENTEN\u00c7A, ainda mais com tantas MENTES MED\u00cdOCRES espalhadas no interior do estado paulista e em outros cantos deste PA\u00cdS DO FAZ DE CONTA&#8230;<\/p>\n<p>Estava esquecendo, usei a palavra CIRCO no t\u00edtulo deste artigo OPINATIVO, todavia, fica para uma outra oportunidade a REFLEX\u00c3O CR\u00cdTICA sobre este CEN\u00c1RIO PROVINCIANO&#8230;<\/p>\n<p>QUEM SOBREVIVER VAI SABER&#8230;<\/p>\n<p><strong><em>___________________________<\/em><\/strong><\/p>\n<p><strong><em>(*) jornalista diplomado e professor universit\u00e1rio.<\/em><\/strong><\/p>\n<p><strong><em>e-mal: <\/em><\/strong><a href=\"mailto:barbosa.sebar@gmail.com\"><strong><em>barbosa.sebar@gmail.com<\/em><\/strong><\/a><\/p>\n<p><strong><em>\u00a0<\/em><\/strong><\/p>\n<p>&nbsp;<\/p>\n","protected":false},"excerpt":{"rendered":"<p>\u00a0\u201cPenso que 50 milh\u00f5es de pessoas que votaram no candidato que riu das pessoas sem ar, riu dos n\u00fameros de suic\u00eddio, xinga jornalistas mulheres, ataca a imprensa, n\u00e3o comprou vacinas; disse n\u00e3o ser coveiro, isso n\u00e3o \u00e9 voto envergonhado, isso \u00e9 ser c\u00famplice do horror\u201d. (Ana Fontes) \u201cNo palco, na pra\u00e7a, no circo, num banco [&hellip;]<\/p>\n","protected":false},"author":13,"featured_media":51988,"comment_status":"closed","ping_status":"open","sticky":false,"template":"","format":"standard","meta":{"_acf_changed":false,"_exactmetrics_skip_tracking":false,"_exactmetrics_sitenote_active":false,"_exactmetrics_sitenote_note":"","_exactmetrics_sitenote_category":0,"footnotes":""},"categories":[59],"tags":[],"class_list":["post-59124","post","type-post","status-publish","format-standard","has-post-thumbnail","hentry","category-opiniao"],"acf":[],"yoast_head":"<!-- This site is optimized with the Yoast SEO plugin v27.2 - https:\/\/yoast.com\/product\/yoast-seo-wordpress\/ -->\n<title>Prov\u00edncia, Circo e Mentes Med\u00edocres... - R\u00e1dio Life FM<\/title>\n<meta name=\"robots\" content=\"index, follow, max-snippet:-1, max-image-preview:large, max-video-preview:-1\" \/>\n<link rel=\"canonical\" href=\"https:\/\/radiolifefm.com.br\/noticias\/provincia-circo-e-mentes-mediocres\/\" \/>\n<meta property=\"og:locale\" content=\"pt_BR\" \/>\n<meta property=\"og:type\" content=\"article\" \/>\n<meta property=\"og:title\" content=\"Prov\u00edncia, Circo e Mentes Med\u00edocres... - R\u00e1dio Life FM\" \/>\n<meta property=\"og:description\" content=\"\u00a0\u201cPenso que 50 milh\u00f5es de pessoas que votaram no candidato que riu das pessoas sem ar, riu dos n\u00fameros de suic\u00eddio, xinga jornalistas mulheres, ataca a imprensa, n\u00e3o comprou vacinas; disse n\u00e3o ser coveiro, isso n\u00e3o \u00e9 voto envergonhado, isso \u00e9 ser c\u00famplice do horror\u201d. (Ana Fontes) \u201cNo palco, na pra\u00e7a, no circo, num banco [&hellip;]\" \/>\n<meta property=\"og:url\" content=\"https:\/\/radiolifefm.com.br\/noticias\/provincia-circo-e-mentes-mediocres\/\" \/>\n<meta property=\"og:site_name\" content=\"R\u00e1dio Life FM\" \/>\n<meta property=\"article:publisher\" content=\"https:\/\/www.facebook.com\/radiolifefm\/\" \/>\n<meta property=\"article:published_time\" content=\"2022-10-10T10:51:20+00:00\" \/>\n<meta property=\"article:modified_time\" content=\"2026-02-20T07:14:47+00:00\" \/>\n<meta property=\"og:image\" content=\"https:\/\/radiolifefm.com.br\/noticias\/wp-content\/uploads\/2022\/04\/WhatsApp-Image-2022-04-10-at-18.43.02.jpeg\" \/>\n\t<meta property=\"og:image:width\" content=\"972\" \/>\n\t<meta property=\"og:image:height\" content=\"1296\" \/>\n\t<meta property=\"og:image:type\" content=\"image\/jpeg\" \/>\n<meta name=\"author\" content=\"ritanery\" \/>\n<meta name=\"twitter:card\" content=\"summary_large_image\" \/>\n<meta name=\"twitter:label1\" content=\"Escrito por\" \/>\n\t<meta name=\"twitter:data1\" content=\"ritanery\" \/>\n\t<meta name=\"twitter:label2\" content=\"Est. tempo de leitura\" \/>\n\t<meta name=\"twitter:data2\" content=\"3 minutos\" \/>\n<script type=\"application\/ld+json\" class=\"yoast-schema-graph\">{\"@context\":\"https:\/\/schema.org\",\"@graph\":[{\"@type\":\"Article\",\"@id\":\"https:\/\/radiolifefm.com.br\/noticias\/provincia-circo-e-mentes-mediocres\/#article\",\"isPartOf\":{\"@id\":\"https:\/\/radiolifefm.com.br\/noticias\/provincia-circo-e-mentes-mediocres\/\"},\"author\":{\"name\":\"ritanery\",\"@id\":\"https:\/\/radiolifefm.com.br\/noticias\/#\/schema\/person\/6339b9fac59d12b071dec680d7375d87\"},\"headline\":\"Prov\u00edncia, Circo e Mentes Med\u00edocres&#8230;\",\"datePublished\":\"2022-10-10T10:51:20+00:00\",\"dateModified\":\"2026-02-20T07:14:47+00:00\",\"mainEntityOfPage\":{\"@id\":\"https:\/\/radiolifefm.com.br\/noticias\/provincia-circo-e-mentes-mediocres\/\"},\"wordCount\":508,\"publisher\":{\"@id\":\"https:\/\/radiolifefm.com.br\/noticias\/#organization\"},\"image\":{\"@id\":\"https:\/\/radiolifefm.com.br\/noticias\/provincia-circo-e-mentes-mediocres\/#primaryimage\"},\"thumbnailUrl\":\"https:\/\/radiolifefm.com.br\/noticias\/wp-content\/uploads\/2022\/04\/WhatsApp-Image-2022-04-10-at-18.43.02.jpeg\",\"articleSection\":[\"Opini\u00e3o\"],\"inLanguage\":\"pt-BR\"},{\"@type\":\"WebPage\",\"@id\":\"https:\/\/radiolifefm.com.br\/noticias\/provincia-circo-e-mentes-mediocres\/\",\"url\":\"https:\/\/radiolifefm.com.br\/noticias\/provincia-circo-e-mentes-mediocres\/\",\"name\":\"Prov\u00edncia, Circo e Mentes Med\u00edocres... - R\u00e1dio Life FM\",\"isPartOf\":{\"@id\":\"https:\/\/radiolifefm.com.br\/noticias\/#website\"},\"primaryImageOfPage\":{\"@id\":\"https:\/\/radiolifefm.com.br\/noticias\/provincia-circo-e-mentes-mediocres\/#primaryimage\"},\"image\":{\"@id\":\"https:\/\/radiolifefm.com.br\/noticias\/provincia-circo-e-mentes-mediocres\/#primaryimage\"},\"thumbnailUrl\":\"https:\/\/radiolifefm.com.br\/noticias\/wp-content\/uploads\/2022\/04\/WhatsApp-Image-2022-04-10-at-18.43.02.jpeg\",\"datePublished\":\"2022-10-10T10:51:20+00:00\",\"dateModified\":\"2026-02-20T07:14:47+00:00\",\"breadcrumb\":{\"@id\":\"https:\/\/radiolifefm.com.br\/noticias\/provincia-circo-e-mentes-mediocres\/#breadcrumb\"},\"inLanguage\":\"pt-BR\",\"potentialAction\":[{\"@type\":\"ReadAction\",\"target\":[\"https:\/\/radiolifefm.com.br\/noticias\/provincia-circo-e-mentes-mediocres\/\"]}]},{\"@type\":\"ImageObject\",\"inLanguage\":\"pt-BR\",\"@id\":\"https:\/\/radiolifefm.com.br\/noticias\/provincia-circo-e-mentes-mediocres\/#primaryimage\",\"url\":\"https:\/\/radiolifefm.com.br\/noticias\/wp-content\/uploads\/2022\/04\/WhatsApp-Image-2022-04-10-at-18.43.02.jpeg\",\"contentUrl\":\"https:\/\/radiolifefm.com.br\/noticias\/wp-content\/uploads\/2022\/04\/WhatsApp-Image-2022-04-10-at-18.43.02.jpeg\",\"width\":972,\"height\":1296,\"caption\":\"S\u00e9rgio Barbosa\"},{\"@type\":\"BreadcrumbList\",\"@id\":\"https:\/\/radiolifefm.com.br\/noticias\/provincia-circo-e-mentes-mediocres\/#breadcrumb\",\"itemListElement\":[{\"@type\":\"ListItem\",\"position\":1,\"name\":\"In\u00edcio\",\"item\":\"https:\/\/radiolifefm.com.br\/noticias\/\"},{\"@type\":\"ListItem\",\"position\":2,\"name\":\"Prov\u00edncia, Circo e Mentes Med\u00edocres&#8230;\"}]},{\"@type\":\"WebSite\",\"@id\":\"https:\/\/radiolifefm.com.br\/noticias\/#website\",\"url\":\"https:\/\/radiolifefm.com.br\/noticias\/\",\"name\":\"R\u00e1dio Life FM\",\"description\":\"O Portal de Not\u00edcias de Adamantina\",\"publisher\":{\"@id\":\"https:\/\/radiolifefm.com.br\/noticias\/#organization\"},\"alternateName\":\"Life FM\",\"potentialAction\":[{\"@type\":\"SearchAction\",\"target\":{\"@type\":\"EntryPoint\",\"urlTemplate\":\"https:\/\/radiolifefm.com.br\/noticias\/?s={search_term_string}\"},\"query-input\":{\"@type\":\"PropertyValueSpecification\",\"valueRequired\":true,\"valueName\":\"search_term_string\"}}],\"inLanguage\":\"pt-BR\"},{\"@type\":\"Organization\",\"@id\":\"https:\/\/radiolifefm.com.br\/noticias\/#organization\",\"name\":\"R\u00e1dio Life FM\",\"alternateName\":\"Life FM\",\"url\":\"https:\/\/radiolifefm.com.br\/noticias\/\",\"logo\":{\"@type\":\"ImageObject\",\"inLanguage\":\"pt-BR\",\"@id\":\"https:\/\/radiolifefm.com.br\/noticias\/#\/schema\/logo\/image\/\",\"url\":\"https:\/\/static.radiolifefm.com.br\/noticias\/wp-content\/uploads\/2019\/10\/logo-lifefm.png\",\"contentUrl\":\"https:\/\/static.radiolifefm.com.br\/noticias\/wp-content\/uploads\/2019\/10\/logo-lifefm.png\",\"width\":196,\"height\":47,\"caption\":\"R\u00e1dio Life FM\"},\"image\":{\"@id\":\"https:\/\/radiolifefm.com.br\/noticias\/#\/schema\/logo\/image\/\"},\"sameAs\":[\"https:\/\/www.facebook.com\/radiolifefm\/\",\"https:\/\/www.instagram.com\/life1079fm\/\"]},{\"@type\":\"Person\",\"@id\":\"https:\/\/radiolifefm.com.br\/noticias\/#\/schema\/person\/6339b9fac59d12b071dec680d7375d87\",\"name\":\"ritanery\",\"image\":{\"@type\":\"ImageObject\",\"inLanguage\":\"pt-BR\",\"@id\":\"https:\/\/secure.gravatar.com\/avatar\/0e37bb19071f47c0b8a23f62a903df117c5a0e75f65a0c2901562f97cd41cf86?s=96&d=mm&r=g\",\"url\":\"https:\/\/secure.gravatar.com\/avatar\/0e37bb19071f47c0b8a23f62a903df117c5a0e75f65a0c2901562f97cd41cf86?s=96&d=mm&r=g\",\"contentUrl\":\"https:\/\/secure.gravatar.com\/avatar\/0e37bb19071f47c0b8a23f62a903df117c5a0e75f65a0c2901562f97cd41cf86?s=96&d=mm&r=g\",\"caption\":\"ritanery\"}}]}<\/script>\n<!-- \/ Yoast SEO plugin. -->","yoast_head_json":{"title":"Prov\u00edncia, Circo e Mentes Med\u00edocres... - R\u00e1dio Life FM","robots":{"index":"index","follow":"follow","max-snippet":"max-snippet:-1","max-image-preview":"max-image-preview:large","max-video-preview":"max-video-preview:-1"},"canonical":"https:\/\/radiolifefm.com.br\/noticias\/provincia-circo-e-mentes-mediocres\/","og_locale":"pt_BR","og_type":"article","og_title":"Prov\u00edncia, Circo e Mentes Med\u00edocres... - R\u00e1dio Life FM","og_description":"\u00a0\u201cPenso que 50 milh\u00f5es de pessoas que votaram no candidato que riu das pessoas sem ar, riu dos n\u00fameros de suic\u00eddio, xinga jornalistas mulheres, ataca a imprensa, n\u00e3o comprou vacinas; disse n\u00e3o ser coveiro, isso n\u00e3o \u00e9 voto envergonhado, isso \u00e9 ser c\u00famplice do horror\u201d. (Ana Fontes) \u201cNo palco, na pra\u00e7a, no circo, num banco [&hellip;]","og_url":"https:\/\/radiolifefm.com.br\/noticias\/provincia-circo-e-mentes-mediocres\/","og_site_name":"R\u00e1dio Life FM","article_publisher":"https:\/\/www.facebook.com\/radiolifefm\/","article_published_time":"2022-10-10T10:51:20+00:00","article_modified_time":"2026-02-20T07:14:47+00:00","og_image":[{"width":972,"height":1296,"url":"https:\/\/radiolifefm.com.br\/noticias\/wp-content\/uploads\/2022\/04\/WhatsApp-Image-2022-04-10-at-18.43.02.jpeg","type":"image\/jpeg"}],"author":"ritanery","twitter_card":"summary_large_image","twitter_misc":{"Escrito por":"ritanery","Est. tempo de leitura":"3 minutos"},"schema":{"@context":"https:\/\/schema.org","@graph":[{"@type":"Article","@id":"https:\/\/radiolifefm.com.br\/noticias\/provincia-circo-e-mentes-mediocres\/#article","isPartOf":{"@id":"https:\/\/radiolifefm.com.br\/noticias\/provincia-circo-e-mentes-mediocres\/"},"author":{"name":"ritanery","@id":"https:\/\/radiolifefm.com.br\/noticias\/#\/schema\/person\/6339b9fac59d12b071dec680d7375d87"},"headline":"Prov\u00edncia, Circo e Mentes Med\u00edocres&#8230;","datePublished":"2022-10-10T10:51:20+00:00","dateModified":"2026-02-20T07:14:47+00:00","mainEntityOfPage":{"@id":"https:\/\/radiolifefm.com.br\/noticias\/provincia-circo-e-mentes-mediocres\/"},"wordCount":508,"publisher":{"@id":"https:\/\/radiolifefm.com.br\/noticias\/#organization"},"image":{"@id":"https:\/\/radiolifefm.com.br\/noticias\/provincia-circo-e-mentes-mediocres\/#primaryimage"},"thumbnailUrl":"https:\/\/radiolifefm.com.br\/noticias\/wp-content\/uploads\/2022\/04\/WhatsApp-Image-2022-04-10-at-18.43.02.jpeg","articleSection":["Opini\u00e3o"],"inLanguage":"pt-BR"},{"@type":"WebPage","@id":"https:\/\/radiolifefm.com.br\/noticias\/provincia-circo-e-mentes-mediocres\/","url":"https:\/\/radiolifefm.com.br\/noticias\/provincia-circo-e-mentes-mediocres\/","name":"Prov\u00edncia, Circo e Mentes Med\u00edocres... - R\u00e1dio Life FM","isPartOf":{"@id":"https:\/\/radiolifefm.com.br\/noticias\/#website"},"primaryImageOfPage":{"@id":"https:\/\/radiolifefm.com.br\/noticias\/provincia-circo-e-mentes-mediocres\/#primaryimage"},"image":{"@id":"https:\/\/radiolifefm.com.br\/noticias\/provincia-circo-e-mentes-mediocres\/#primaryimage"},"thumbnailUrl":"https:\/\/radiolifefm.com.br\/noticias\/wp-content\/uploads\/2022\/04\/WhatsApp-Image-2022-04-10-at-18.43.02.jpeg","datePublished":"2022-10-10T10:51:20+00:00","dateModified":"2026-02-20T07:14:47+00:00","breadcrumb":{"@id":"https:\/\/radiolifefm.com.br\/noticias\/provincia-circo-e-mentes-mediocres\/#breadcrumb"},"inLanguage":"pt-BR","potentialAction":[{"@type":"ReadAction","target":["https:\/\/radiolifefm.com.br\/noticias\/provincia-circo-e-mentes-mediocres\/"]}]},{"@type":"ImageObject","inLanguage":"pt-BR","@id":"https:\/\/radiolifefm.com.br\/noticias\/provincia-circo-e-mentes-mediocres\/#primaryimage","url":"https:\/\/radiolifefm.com.br\/noticias\/wp-content\/uploads\/2022\/04\/WhatsApp-Image-2022-04-10-at-18.43.02.jpeg","contentUrl":"https:\/\/radiolifefm.com.br\/noticias\/wp-content\/uploads\/2022\/04\/WhatsApp-Image-2022-04-10-at-18.43.02.jpeg","width":972,"height":1296,"caption":"S\u00e9rgio Barbosa"},{"@type":"BreadcrumbList","@id":"https:\/\/radiolifefm.com.br\/noticias\/provincia-circo-e-mentes-mediocres\/#breadcrumb","itemListElement":[{"@type":"ListItem","position":1,"name":"In\u00edcio","item":"https:\/\/radiolifefm.com.br\/noticias\/"},{"@type":"ListItem","position":2,"name":"Prov\u00edncia, Circo e Mentes Med\u00edocres&#8230;"}]},{"@type":"WebSite","@id":"https:\/\/radiolifefm.com.br\/noticias\/#website","url":"https:\/\/radiolifefm.com.br\/noticias\/","name":"R\u00e1dio Life FM","description":"O Portal de Not\u00edcias de Adamantina","publisher":{"@id":"https:\/\/radiolifefm.com.br\/noticias\/#organization"},"alternateName":"Life FM","potentialAction":[{"@type":"SearchAction","target":{"@type":"EntryPoint","urlTemplate":"https:\/\/radiolifefm.com.br\/noticias\/?s={search_term_string}"},"query-input":{"@type":"PropertyValueSpecification","valueRequired":true,"valueName":"search_term_string"}}],"inLanguage":"pt-BR"},{"@type":"Organization","@id":"https:\/\/radiolifefm.com.br\/noticias\/#organization","name":"R\u00e1dio Life FM","alternateName":"Life FM","url":"https:\/\/radiolifefm.com.br\/noticias\/","logo":{"@type":"ImageObject","inLanguage":"pt-BR","@id":"https:\/\/radiolifefm.com.br\/noticias\/#\/schema\/logo\/image\/","url":"https:\/\/static.radiolifefm.com.br\/noticias\/wp-content\/uploads\/2019\/10\/logo-lifefm.png","contentUrl":"https:\/\/static.radiolifefm.com.br\/noticias\/wp-content\/uploads\/2019\/10\/logo-lifefm.png","width":196,"height":47,"caption":"R\u00e1dio Life FM"},"image":{"@id":"https:\/\/radiolifefm.com.br\/noticias\/#\/schema\/logo\/image\/"},"sameAs":["https:\/\/www.facebook.com\/radiolifefm\/","https:\/\/www.instagram.com\/life1079fm\/"]},{"@type":"Person","@id":"https:\/\/radiolifefm.com.br\/noticias\/#\/schema\/person\/6339b9fac59d12b071dec680d7375d87","name":"ritanery","image":{"@type":"ImageObject","inLanguage":"pt-BR","@id":"https:\/\/secure.gravatar.com\/avatar\/0e37bb19071f47c0b8a23f62a903df117c5a0e75f65a0c2901562f97cd41cf86?s=96&d=mm&r=g","url":"https:\/\/secure.gravatar.com\/avatar\/0e37bb19071f47c0b8a23f62a903df117c5a0e75f65a0c2901562f97cd41cf86?s=96&d=mm&r=g","contentUrl":"https:\/\/secure.gravatar.com\/avatar\/0e37bb19071f47c0b8a23f62a903df117c5a0e75f65a0c2901562f97cd41cf86?s=96&d=mm&r=g","caption":"ritanery"}}]}},"amp_enabled":true,"_links":{"self":[{"href":"https:\/\/radiolifefm.com.br\/noticias\/wp-json\/wp\/v2\/posts\/59124","targetHints":{"allow":["GET"]}}],"collection":[{"href":"https:\/\/radiolifefm.com.br\/noticias\/wp-json\/wp\/v2\/posts"}],"about":[{"href":"https:\/\/radiolifefm.com.br\/noticias\/wp-json\/wp\/v2\/types\/post"}],"author":[{"embeddable":true,"href":"https:\/\/radiolifefm.com.br\/noticias\/wp-json\/wp\/v2\/users\/13"}],"replies":[{"embeddable":true,"href":"https:\/\/radiolifefm.com.br\/noticias\/wp-json\/wp\/v2\/comments?post=59124"}],"version-history":[{"count":1,"href":"https:\/\/radiolifefm.com.br\/noticias\/wp-json\/wp\/v2\/posts\/59124\/revisions"}],"predecessor-version":[{"id":59125,"href":"https:\/\/radiolifefm.com.br\/noticias\/wp-json\/wp\/v2\/posts\/59124\/revisions\/59125"}],"wp:featuredmedia":[{"embeddable":true,"href":"https:\/\/radiolifefm.com.br\/noticias\/wp-json\/wp\/v2\/media\/51988"}],"wp:attachment":[{"href":"https:\/\/radiolifefm.com.br\/noticias\/wp-json\/wp\/v2\/media?parent=59124"}],"wp:term":[{"taxonomy":"category","embeddable":true,"href":"https:\/\/radiolifefm.com.br\/noticias\/wp-json\/wp\/v2\/categories?post=59124"},{"taxonomy":"post_tag","embeddable":true,"href":"https:\/\/radiolifefm.com.br\/noticias\/wp-json\/wp\/v2\/tags?post=59124"}],"curies":[{"name":"wp","href":"https:\/\/api.w.org\/{rel}","templated":true}]}}