{"id":59105,"date":"2022-10-08T15:22:02","date_gmt":"2022-10-08T18:22:02","guid":{"rendered":"https:\/\/radiolifefm.com.br\/noticias\/?p=59105"},"modified":"2025-10-28T11:13:27","modified_gmt":"2025-10-28T14:13:27","slug":"feira-livre-de-volta-neste-domingo-na-estacao-recreio","status":"publish","type":"post","link":"https:\/\/radiolifefm.com.br\/noticias\/feira-livre-de-volta-neste-domingo-na-estacao-recreio\/","title":{"rendered":"Feira Livre de volta neste domingo na Esta\u00e7\u00e3o Recreio"},"content":{"rendered":"<div id=\"fb-root\"><\/div>\n<p>Na \u00e1rea da Cultura, deve-se dar espa\u00e7o para todas as vozes e estilos musicais, tendo em vista que o cen\u00e1rio atual em n\u00edvel de mercado est\u00e1 focado essencialmente nas denominadas Redes Sociais.<\/p>\n<p>Portanto, torna-se necess\u00e1rio abrir espa\u00e7o para outras propostas que est\u00e3o circulando na \u00e1rea musical, entre as quais, o estilo mais do que consagrado do \u201cSertanejo raiz\u201d.<\/p>\n<p><strong>Projeto Feira Livre<\/strong><\/p>\n<p>Neste domingo, 9 de outubro, das 9h \u00e0s 11h, na Esta\u00e7\u00e3o \u201cRecreio\u201d, regi\u00e3o central de Adamantina, ocorre a 3\u00aa. edi\u00e7\u00e3o deste ano do Projeto \u201cFeira Livre\u201d.<\/p>\n<p>A promo\u00e7\u00e3o e execu\u00e7\u00e3o das atividades deste Projeto s\u00e3o da Secretaria Municipal de Cultura e Turismo, ainda, em parceria com a R\u00e1dio Cultura FM, 99,3 MHz, mantida e administrada pela UniFai-Centro Universit\u00e1rio de Adamantina, bem como, apoio institucional da C\u00e1tedra UNESCO\/UMESP de Comunica\u00e7\u00e3o para o Desenvolvimento Regional.<\/p>\n<p>O \u201cFeira Livre\u201d \u00e9 uma marca mais do que registrada, isso \u00e9, quando se trata da divulga\u00e7\u00e3o da m\u00fasica \u201csertaneja de raiz\u201d com apresenta\u00e7\u00f5es diversas dos artistas (individual, duplas, trios e outros).<\/p>\n<p><strong>Artistas deste domingo<\/strong><\/p>\n<p>Estar\u00e3o marcando presen\u00e7a na Esta\u00e7\u00e3o \u201cRecreio\u201d, a partir das 9h deste domingo, a partir das 9h da manh\u00e3, os artistas, a saber: <em>Jos\u00e9 Carlos, Z\u00e9 Roberto e Adriano; Natal e Natel, ainda, Carlinhos e Dami\u00e3o<\/em>.<\/p>\n<p>As atividades realizadas pelo Projeto \u201cFeira Livre\u201d est\u00e3o abertas para toda a comunidade local e regional, portanto, apare\u00e7a no local para dar o seu apoio aos artistas que promovem a cultura \u201ccaipira\u201d com m\u00fasicas e muitas vezes, com os famosos \u201ccausos\u201d deste ou daquele fato que ocorreu no passado.<\/p>\n<p>Venha para a Esta\u00e7\u00e3o \u201cRecreio\u201d neste domingo, 9, a partir das 9h e participe em ritmo de m\u00fasica \u201csertaneja de raiz\u201d.<\/p>\n<p>&nbsp;<\/p>\n<p><strong>\u00a0<\/strong><\/p>\n<p><strong>S\u00e9rgio Barbosa \/ UniFAI-Cultura FM<\/strong><\/p>\n","protected":false},"excerpt":{"rendered":"<p>Na \u00e1rea da Cultura, deve-se dar espa\u00e7o para todas as vozes e estilos musicais, tendo em vista que o cen\u00e1rio atual em n\u00edvel de mercado est\u00e1 focado essencialmente nas denominadas Redes Sociais. Portanto, torna-se necess\u00e1rio abrir espa\u00e7o para outras propostas que est\u00e3o circulando na \u00e1rea musical, entre as quais, o estilo mais do que consagrado [&hellip;]<\/p>\n","protected":false},"author":13,"featured_media":59106,"comment_status":"closed","ping_status":"open","sticky":false,"template":"","format":"standard","meta":{"_acf_changed":false,"_exactmetrics_skip_tracking":false,"_exactmetrics_sitenote_active":false,"_exactmetrics_sitenote_note":"","_exactmetrics_sitenote_category":0,"footnotes":""},"categories":[21],"tags":[],"class_list":["post-59105","post","type-post","status-publish","format-standard","has-post-thumbnail","hentry","category-adamantina"],"acf":[],"yoast_head":"<!-- This site is optimized with the Yoast SEO plugin v27.2 - https:\/\/yoast.com\/product\/yoast-seo-wordpress\/ -->\n<title>Feira Livre de volta neste domingo na Esta\u00e7\u00e3o Recreio - R\u00e1dio Life FM<\/title>\n<meta name=\"robots\" content=\"index, follow, max-snippet:-1, max-image-preview:large, max-video-preview:-1\" \/>\n<link rel=\"canonical\" href=\"https:\/\/radiolifefm.com.br\/noticias\/feira-livre-de-volta-neste-domingo-na-estacao-recreio\/\" \/>\n<meta property=\"og:locale\" content=\"pt_BR\" \/>\n<meta property=\"og:type\" content=\"article\" \/>\n<meta property=\"og:title\" content=\"Feira Livre de volta neste domingo na Esta\u00e7\u00e3o Recreio - R\u00e1dio Life FM\" \/>\n<meta property=\"og:description\" content=\"Na \u00e1rea da Cultura, deve-se dar espa\u00e7o para todas as vozes e estilos musicais, tendo em vista que o cen\u00e1rio atual em n\u00edvel de mercado est\u00e1 focado essencialmente nas denominadas Redes Sociais. Portanto, torna-se necess\u00e1rio abrir espa\u00e7o para outras propostas que est\u00e3o circulando na \u00e1rea musical, entre as quais, o estilo mais do que consagrado [&hellip;]\" \/>\n<meta property=\"og:url\" content=\"https:\/\/radiolifefm.com.br\/noticias\/feira-livre-de-volta-neste-domingo-na-estacao-recreio\/\" \/>\n<meta property=\"og:site_name\" content=\"R\u00e1dio Life FM\" \/>\n<meta property=\"article:publisher\" content=\"https:\/\/www.facebook.com\/radiolifefm\/\" \/>\n<meta property=\"article:published_time\" content=\"2022-10-08T18:22:02+00:00\" \/>\n<meta property=\"article:modified_time\" content=\"2025-10-28T14:13:27+00:00\" \/>\n<meta property=\"og:image\" content=\"https:\/\/static.radiolifefm.com.br\/noticias\/wp-content\/uploads\/2022\/10\/WhatsApp-Image-2022-10-05-at-15.14.15.jpeg\" \/>\n\t<meta property=\"og:image:width\" content=\"1280\" \/>\n\t<meta property=\"og:image:height\" content=\"1280\" \/>\n\t<meta property=\"og:image:type\" content=\"image\/jpeg\" \/>\n<meta name=\"author\" content=\"ritanery\" \/>\n<meta name=\"twitter:card\" content=\"summary_large_image\" \/>\n<meta name=\"twitter:label1\" content=\"Escrito por\" \/>\n\t<meta name=\"twitter:data1\" content=\"ritanery\" \/>\n\t<meta name=\"twitter:label2\" content=\"Est. tempo de leitura\" \/>\n\t<meta name=\"twitter:data2\" content=\"2 minutos\" \/>\n<script type=\"application\/ld+json\" class=\"yoast-schema-graph\">{\"@context\":\"https:\/\/schema.org\",\"@graph\":[{\"@type\":\"Article\",\"@id\":\"https:\/\/radiolifefm.com.br\/noticias\/feira-livre-de-volta-neste-domingo-na-estacao-recreio\/#article\",\"isPartOf\":{\"@id\":\"https:\/\/radiolifefm.com.br\/noticias\/feira-livre-de-volta-neste-domingo-na-estacao-recreio\/\"},\"author\":{\"name\":\"ritanery\",\"@id\":\"https:\/\/radiolifefm.com.br\/noticias\/#\/schema\/person\/6339b9fac59d12b071dec680d7375d87\"},\"headline\":\"Feira Livre de volta neste domingo na Esta\u00e7\u00e3o Recreio\",\"datePublished\":\"2022-10-08T18:22:02+00:00\",\"dateModified\":\"2025-10-28T14:13:27+00:00\",\"mainEntityOfPage\":{\"@id\":\"https:\/\/radiolifefm.com.br\/noticias\/feira-livre-de-volta-neste-domingo-na-estacao-recreio\/\"},\"wordCount\":313,\"publisher\":{\"@id\":\"https:\/\/radiolifefm.com.br\/noticias\/#organization\"},\"image\":{\"@id\":\"https:\/\/radiolifefm.com.br\/noticias\/feira-livre-de-volta-neste-domingo-na-estacao-recreio\/#primaryimage\"},\"thumbnailUrl\":\"https:\/\/radiolifefm.com.br\/noticias\/wp-content\/uploads\/2022\/10\/WhatsApp-Image-2022-10-05-at-15.14.15.jpeg\",\"articleSection\":[\"Adamantina\"],\"inLanguage\":\"pt-BR\"},{\"@type\":\"WebPage\",\"@id\":\"https:\/\/radiolifefm.com.br\/noticias\/feira-livre-de-volta-neste-domingo-na-estacao-recreio\/\",\"url\":\"https:\/\/radiolifefm.com.br\/noticias\/feira-livre-de-volta-neste-domingo-na-estacao-recreio\/\",\"name\":\"Feira Livre de volta neste domingo na Esta\u00e7\u00e3o Recreio - R\u00e1dio Life FM\",\"isPartOf\":{\"@id\":\"https:\/\/radiolifefm.com.br\/noticias\/#website\"},\"primaryImageOfPage\":{\"@id\":\"https:\/\/radiolifefm.com.br\/noticias\/feira-livre-de-volta-neste-domingo-na-estacao-recreio\/#primaryimage\"},\"image\":{\"@id\":\"https:\/\/radiolifefm.com.br\/noticias\/feira-livre-de-volta-neste-domingo-na-estacao-recreio\/#primaryimage\"},\"thumbnailUrl\":\"https:\/\/radiolifefm.com.br\/noticias\/wp-content\/uploads\/2022\/10\/WhatsApp-Image-2022-10-05-at-15.14.15.jpeg\",\"datePublished\":\"2022-10-08T18:22:02+00:00\",\"dateModified\":\"2025-10-28T14:13:27+00:00\",\"breadcrumb\":{\"@id\":\"https:\/\/radiolifefm.com.br\/noticias\/feira-livre-de-volta-neste-domingo-na-estacao-recreio\/#breadcrumb\"},\"inLanguage\":\"pt-BR\",\"potentialAction\":[{\"@type\":\"ReadAction\",\"target\":[\"https:\/\/radiolifefm.com.br\/noticias\/feira-livre-de-volta-neste-domingo-na-estacao-recreio\/\"]}]},{\"@type\":\"ImageObject\",\"inLanguage\":\"pt-BR\",\"@id\":\"https:\/\/radiolifefm.com.br\/noticias\/feira-livre-de-volta-neste-domingo-na-estacao-recreio\/#primaryimage\",\"url\":\"https:\/\/radiolifefm.com.br\/noticias\/wp-content\/uploads\/2022\/10\/WhatsApp-Image-2022-10-05-at-15.14.15.jpeg\",\"contentUrl\":\"https:\/\/radiolifefm.com.br\/noticias\/wp-content\/uploads\/2022\/10\/WhatsApp-Image-2022-10-05-at-15.14.15.jpeg\",\"width\":1280,\"height\":1280},{\"@type\":\"BreadcrumbList\",\"@id\":\"https:\/\/radiolifefm.com.br\/noticias\/feira-livre-de-volta-neste-domingo-na-estacao-recreio\/#breadcrumb\",\"itemListElement\":[{\"@type\":\"ListItem\",\"position\":1,\"name\":\"In\u00edcio\",\"item\":\"https:\/\/radiolifefm.com.br\/noticias\/\"},{\"@type\":\"ListItem\",\"position\":2,\"name\":\"Feira Livre de volta neste domingo na Esta\u00e7\u00e3o Recreio\"}]},{\"@type\":\"WebSite\",\"@id\":\"https:\/\/radiolifefm.com.br\/noticias\/#website\",\"url\":\"https:\/\/radiolifefm.com.br\/noticias\/\",\"name\":\"R\u00e1dio Life FM\",\"description\":\"O Portal de Not\u00edcias de Adamantina\",\"publisher\":{\"@id\":\"https:\/\/radiolifefm.com.br\/noticias\/#organization\"},\"alternateName\":\"Life FM\",\"potentialAction\":[{\"@type\":\"SearchAction\",\"target\":{\"@type\":\"EntryPoint\",\"urlTemplate\":\"https:\/\/radiolifefm.com.br\/noticias\/?s={search_term_string}\"},\"query-input\":{\"@type\":\"PropertyValueSpecification\",\"valueRequired\":true,\"valueName\":\"search_term_string\"}}],\"inLanguage\":\"pt-BR\"},{\"@type\":\"Organization\",\"@id\":\"https:\/\/radiolifefm.com.br\/noticias\/#organization\",\"name\":\"R\u00e1dio Life FM\",\"alternateName\":\"Life FM\",\"url\":\"https:\/\/radiolifefm.com.br\/noticias\/\",\"logo\":{\"@type\":\"ImageObject\",\"inLanguage\":\"pt-BR\",\"@id\":\"https:\/\/radiolifefm.com.br\/noticias\/#\/schema\/logo\/image\/\",\"url\":\"https:\/\/static.radiolifefm.com.br\/noticias\/wp-content\/uploads\/2019\/10\/logo-lifefm.png\",\"contentUrl\":\"https:\/\/static.radiolifefm.com.br\/noticias\/wp-content\/uploads\/2019\/10\/logo-lifefm.png\",\"width\":196,\"height\":47,\"caption\":\"R\u00e1dio Life FM\"},\"image\":{\"@id\":\"https:\/\/radiolifefm.com.br\/noticias\/#\/schema\/logo\/image\/\"},\"sameAs\":[\"https:\/\/www.facebook.com\/radiolifefm\/\",\"https:\/\/www.instagram.com\/life1079fm\/\"]},{\"@type\":\"Person\",\"@id\":\"https:\/\/radiolifefm.com.br\/noticias\/#\/schema\/person\/6339b9fac59d12b071dec680d7375d87\",\"name\":\"ritanery\",\"image\":{\"@type\":\"ImageObject\",\"inLanguage\":\"pt-BR\",\"@id\":\"https:\/\/secure.gravatar.com\/avatar\/0e37bb19071f47c0b8a23f62a903df117c5a0e75f65a0c2901562f97cd41cf86?s=96&d=mm&r=g\",\"url\":\"https:\/\/secure.gravatar.com\/avatar\/0e37bb19071f47c0b8a23f62a903df117c5a0e75f65a0c2901562f97cd41cf86?s=96&d=mm&r=g\",\"contentUrl\":\"https:\/\/secure.gravatar.com\/avatar\/0e37bb19071f47c0b8a23f62a903df117c5a0e75f65a0c2901562f97cd41cf86?s=96&d=mm&r=g\",\"caption\":\"ritanery\"}}]}<\/script>\n<!-- \/ Yoast SEO plugin. -->","yoast_head_json":{"title":"Feira Livre de volta neste domingo na Esta\u00e7\u00e3o Recreio - R\u00e1dio Life FM","robots":{"index":"index","follow":"follow","max-snippet":"max-snippet:-1","max-image-preview":"max-image-preview:large","max-video-preview":"max-video-preview:-1"},"canonical":"https:\/\/radiolifefm.com.br\/noticias\/feira-livre-de-volta-neste-domingo-na-estacao-recreio\/","og_locale":"pt_BR","og_type":"article","og_title":"Feira Livre de volta neste domingo na Esta\u00e7\u00e3o Recreio - R\u00e1dio Life FM","og_description":"Na \u00e1rea da Cultura, deve-se dar espa\u00e7o para todas as vozes e estilos musicais, tendo em vista que o cen\u00e1rio atual em n\u00edvel de mercado est\u00e1 focado essencialmente nas denominadas Redes Sociais. Portanto, torna-se necess\u00e1rio abrir espa\u00e7o para outras propostas que est\u00e3o circulando na \u00e1rea musical, entre as quais, o estilo mais do que consagrado [&hellip;]","og_url":"https:\/\/radiolifefm.com.br\/noticias\/feira-livre-de-volta-neste-domingo-na-estacao-recreio\/","og_site_name":"R\u00e1dio Life FM","article_publisher":"https:\/\/www.facebook.com\/radiolifefm\/","article_published_time":"2022-10-08T18:22:02+00:00","article_modified_time":"2025-10-28T14:13:27+00:00","og_image":[{"width":1280,"height":1280,"url":"https:\/\/static.radiolifefm.com.br\/noticias\/wp-content\/uploads\/2022\/10\/WhatsApp-Image-2022-10-05-at-15.14.15.jpeg","type":"image\/jpeg"}],"author":"ritanery","twitter_card":"summary_large_image","twitter_misc":{"Escrito por":"ritanery","Est. tempo de leitura":"2 minutos"},"schema":{"@context":"https:\/\/schema.org","@graph":[{"@type":"Article","@id":"https:\/\/radiolifefm.com.br\/noticias\/feira-livre-de-volta-neste-domingo-na-estacao-recreio\/#article","isPartOf":{"@id":"https:\/\/radiolifefm.com.br\/noticias\/feira-livre-de-volta-neste-domingo-na-estacao-recreio\/"},"author":{"name":"ritanery","@id":"https:\/\/radiolifefm.com.br\/noticias\/#\/schema\/person\/6339b9fac59d12b071dec680d7375d87"},"headline":"Feira Livre de volta neste domingo na Esta\u00e7\u00e3o Recreio","datePublished":"2022-10-08T18:22:02+00:00","dateModified":"2025-10-28T14:13:27+00:00","mainEntityOfPage":{"@id":"https:\/\/radiolifefm.com.br\/noticias\/feira-livre-de-volta-neste-domingo-na-estacao-recreio\/"},"wordCount":313,"publisher":{"@id":"https:\/\/radiolifefm.com.br\/noticias\/#organization"},"image":{"@id":"https:\/\/radiolifefm.com.br\/noticias\/feira-livre-de-volta-neste-domingo-na-estacao-recreio\/#primaryimage"},"thumbnailUrl":"https:\/\/radiolifefm.com.br\/noticias\/wp-content\/uploads\/2022\/10\/WhatsApp-Image-2022-10-05-at-15.14.15.jpeg","articleSection":["Adamantina"],"inLanguage":"pt-BR"},{"@type":"WebPage","@id":"https:\/\/radiolifefm.com.br\/noticias\/feira-livre-de-volta-neste-domingo-na-estacao-recreio\/","url":"https:\/\/radiolifefm.com.br\/noticias\/feira-livre-de-volta-neste-domingo-na-estacao-recreio\/","name":"Feira Livre de volta neste domingo na Esta\u00e7\u00e3o Recreio - R\u00e1dio Life FM","isPartOf":{"@id":"https:\/\/radiolifefm.com.br\/noticias\/#website"},"primaryImageOfPage":{"@id":"https:\/\/radiolifefm.com.br\/noticias\/feira-livre-de-volta-neste-domingo-na-estacao-recreio\/#primaryimage"},"image":{"@id":"https:\/\/radiolifefm.com.br\/noticias\/feira-livre-de-volta-neste-domingo-na-estacao-recreio\/#primaryimage"},"thumbnailUrl":"https:\/\/radiolifefm.com.br\/noticias\/wp-content\/uploads\/2022\/10\/WhatsApp-Image-2022-10-05-at-15.14.15.jpeg","datePublished":"2022-10-08T18:22:02+00:00","dateModified":"2025-10-28T14:13:27+00:00","breadcrumb":{"@id":"https:\/\/radiolifefm.com.br\/noticias\/feira-livre-de-volta-neste-domingo-na-estacao-recreio\/#breadcrumb"},"inLanguage":"pt-BR","potentialAction":[{"@type":"ReadAction","target":["https:\/\/radiolifefm.com.br\/noticias\/feira-livre-de-volta-neste-domingo-na-estacao-recreio\/"]}]},{"@type":"ImageObject","inLanguage":"pt-BR","@id":"https:\/\/radiolifefm.com.br\/noticias\/feira-livre-de-volta-neste-domingo-na-estacao-recreio\/#primaryimage","url":"https:\/\/radiolifefm.com.br\/noticias\/wp-content\/uploads\/2022\/10\/WhatsApp-Image-2022-10-05-at-15.14.15.jpeg","contentUrl":"https:\/\/radiolifefm.com.br\/noticias\/wp-content\/uploads\/2022\/10\/WhatsApp-Image-2022-10-05-at-15.14.15.jpeg","width":1280,"height":1280},{"@type":"BreadcrumbList","@id":"https:\/\/radiolifefm.com.br\/noticias\/feira-livre-de-volta-neste-domingo-na-estacao-recreio\/#breadcrumb","itemListElement":[{"@type":"ListItem","position":1,"name":"In\u00edcio","item":"https:\/\/radiolifefm.com.br\/noticias\/"},{"@type":"ListItem","position":2,"name":"Feira Livre de volta neste domingo na Esta\u00e7\u00e3o Recreio"}]},{"@type":"WebSite","@id":"https:\/\/radiolifefm.com.br\/noticias\/#website","url":"https:\/\/radiolifefm.com.br\/noticias\/","name":"R\u00e1dio Life FM","description":"O Portal de Not\u00edcias de Adamantina","publisher":{"@id":"https:\/\/radiolifefm.com.br\/noticias\/#organization"},"alternateName":"Life FM","potentialAction":[{"@type":"SearchAction","target":{"@type":"EntryPoint","urlTemplate":"https:\/\/radiolifefm.com.br\/noticias\/?s={search_term_string}"},"query-input":{"@type":"PropertyValueSpecification","valueRequired":true,"valueName":"search_term_string"}}],"inLanguage":"pt-BR"},{"@type":"Organization","@id":"https:\/\/radiolifefm.com.br\/noticias\/#organization","name":"R\u00e1dio Life FM","alternateName":"Life FM","url":"https:\/\/radiolifefm.com.br\/noticias\/","logo":{"@type":"ImageObject","inLanguage":"pt-BR","@id":"https:\/\/radiolifefm.com.br\/noticias\/#\/schema\/logo\/image\/","url":"https:\/\/static.radiolifefm.com.br\/noticias\/wp-content\/uploads\/2019\/10\/logo-lifefm.png","contentUrl":"https:\/\/static.radiolifefm.com.br\/noticias\/wp-content\/uploads\/2019\/10\/logo-lifefm.png","width":196,"height":47,"caption":"R\u00e1dio Life FM"},"image":{"@id":"https:\/\/radiolifefm.com.br\/noticias\/#\/schema\/logo\/image\/"},"sameAs":["https:\/\/www.facebook.com\/radiolifefm\/","https:\/\/www.instagram.com\/life1079fm\/"]},{"@type":"Person","@id":"https:\/\/radiolifefm.com.br\/noticias\/#\/schema\/person\/6339b9fac59d12b071dec680d7375d87","name":"ritanery","image":{"@type":"ImageObject","inLanguage":"pt-BR","@id":"https:\/\/secure.gravatar.com\/avatar\/0e37bb19071f47c0b8a23f62a903df117c5a0e75f65a0c2901562f97cd41cf86?s=96&d=mm&r=g","url":"https:\/\/secure.gravatar.com\/avatar\/0e37bb19071f47c0b8a23f62a903df117c5a0e75f65a0c2901562f97cd41cf86?s=96&d=mm&r=g","contentUrl":"https:\/\/secure.gravatar.com\/avatar\/0e37bb19071f47c0b8a23f62a903df117c5a0e75f65a0c2901562f97cd41cf86?s=96&d=mm&r=g","caption":"ritanery"}}]}},"amp_enabled":true,"_links":{"self":[{"href":"https:\/\/radiolifefm.com.br\/noticias\/wp-json\/wp\/v2\/posts\/59105","targetHints":{"allow":["GET"]}}],"collection":[{"href":"https:\/\/radiolifefm.com.br\/noticias\/wp-json\/wp\/v2\/posts"}],"about":[{"href":"https:\/\/radiolifefm.com.br\/noticias\/wp-json\/wp\/v2\/types\/post"}],"author":[{"embeddable":true,"href":"https:\/\/radiolifefm.com.br\/noticias\/wp-json\/wp\/v2\/users\/13"}],"replies":[{"embeddable":true,"href":"https:\/\/radiolifefm.com.br\/noticias\/wp-json\/wp\/v2\/comments?post=59105"}],"version-history":[{"count":1,"href":"https:\/\/radiolifefm.com.br\/noticias\/wp-json\/wp\/v2\/posts\/59105\/revisions"}],"predecessor-version":[{"id":59107,"href":"https:\/\/radiolifefm.com.br\/noticias\/wp-json\/wp\/v2\/posts\/59105\/revisions\/59107"}],"wp:featuredmedia":[{"embeddable":true,"href":"https:\/\/radiolifefm.com.br\/noticias\/wp-json\/wp\/v2\/media\/59106"}],"wp:attachment":[{"href":"https:\/\/radiolifefm.com.br\/noticias\/wp-json\/wp\/v2\/media?parent=59105"}],"wp:term":[{"taxonomy":"category","embeddable":true,"href":"https:\/\/radiolifefm.com.br\/noticias\/wp-json\/wp\/v2\/categories?post=59105"},{"taxonomy":"post_tag","embeddable":true,"href":"https:\/\/radiolifefm.com.br\/noticias\/wp-json\/wp\/v2\/tags?post=59105"}],"curies":[{"name":"wp","href":"https:\/\/api.w.org\/{rel}","templated":true}]}}