{"id":59094,"date":"2022-10-07T23:01:07","date_gmt":"2022-10-08T02:01:07","guid":{"rendered":"https:\/\/radiolifefm.com.br\/noticias\/?p=59094"},"modified":"2026-04-19T19:20:19","modified_gmt":"2026-04-19T22:20:19","slug":"policiais-militares-de-adamantina-sao-escolhidos-como-policiais-do-mes-da-area-do-25o-batalhao-da-pm","status":"publish","type":"post","link":"https:\/\/radiolifefm.com.br\/noticias\/policiais-militares-de-adamantina-sao-escolhidos-como-policiais-do-mes-da-area-do-25o-batalhao-da-pm\/","title":{"rendered":"Policiais Militares de Adamantina s\u00e3o escolhidos como policiais do m\u00eas da \u00e1rea do 25\u00ba Batalh\u00e3o da PM"},"content":{"rendered":"<div id=\"fb-root\"><\/div>\n<p>Os policiais militares cabo Nelson Welton Fortunato e soldado Anderson Luzo Rocha, pertencentes ao efetivo territorial da 2\u00aa Companhia da PM de Adamantina, local onde exercem suas atividades no Programa de Radiopatrulha, foram eleitos \u201cPM do M\u00eas\u201d em setembro, na \u00e1rea do 25\u00ba Batalh\u00e3o da PM, sediado em Dracena. Os dois policiais foram reconhecidos pela atua\u00e7\u00e3o no <a href=\"https:\/\/www.sigamais.com\/noticias\/policia\/policias-militares-em-adamantina-salvam-idosa-e-cinco-filhotes-de-gatos-em-incendio-a-residencia\/\" target=\"_blank\" rel=\"noopener\"><strong>salvamento de uma idosa de 68 anos e uma ninhada de gatos, em um inc\u00eandio a resid\u00eancia<\/strong><\/a>, no Jardim Bela Vista, em Adamantina, no dia 19 deste m\u00eas (relembre abaixo).<\/p>\n<p>O reconhecimento do 25\u00ba Batalh\u00e3o foi informado \u00e0 imprensa por meio de nota. &#8220;Desta forma os policiais demonstraram um excelente preparo, alto grau de profissionalismo, efici\u00eancia, comprometimento com a vida, coragem e envolvimento com os objetivos e interesses de nossa corpora\u00e7\u00e3o. Destaco ainda, a seriedade no trabalho dos valorosos policias militares, o qual teve destaque positivo junto \u00e0 comunidade e a imprensa local e regional, enaltecendo o nome de nossa gloriosa Corpora\u00e7\u00e3o&#8221;, diz o texto.<\/p>\n<p>No final do m\u00eas passado os mesmos policiais <a href=\"https:\/\/www.sigamais.com\/noticias\/policia\/policiais-que-salvaram-idosa-e-gatos-de-incendio-sao-homenageados-pelo-comando-geral-da-pm-em-sp\/\" target=\"_blank\" rel=\"noopener\"><strong>foram homenageados em raz\u00e3o mesma ocorr\u00eancia em solenidade no quartel do Comando Geral da Pol\u00edcia Militar do Estado de S\u00e3o Paulo,<\/strong><\/a> na capital paulista. Os homenageados receberam os certificados e o pr\u00eamio &#8220;Preserva\u00e7\u00e3o da Vida&#8221; das m\u00e3os do comandante geral da Pol\u00edcia Militar, coronel Ronaldo Miguel Vieira.<\/p>\n<p><strong>Relembre<\/strong><\/p>\n<p>Na madrugada de 19 de setembro, por volta das 2h25, a Pol\u00edcia Militar em Adamantina foi acionada no Jardim Bela Vista para atendimento de ocorr\u00eancia de inc\u00eandio em resid\u00eancia e v\u00edtima dentro do im\u00f3vel.<\/p>\n<figure style=\"width: 540px\" class=\"wp-caption aligncenter\"><img loading=\"lazy\" decoding=\"async\" src=\"https:\/\/www.sigamais.com\/arquivo\/uploads\/whatsapp-image-20220919-at-101927-1jpg1663595089632872513328b.jpg\" alt=\"\" width=\"540\" height=\"720\" \/><figcaption class=\"wp-caption-text\">(Foto: Diego Fernandes\/Folha Regional &#8211; Divulga\u00e7\u00e3o\/PM).<\/figcaption><\/figure>\n<p>&nbsp;<\/p>\n<p><em>\u00a0<\/em><\/p>\n<p>Com a chegada r\u00e1pida da equipe policial foi observado a resid\u00eancia com focos de inc\u00eandios e muita fuma\u00e7a. E segundo uma testemunha \u2013 vizinha da resid\u00eancia \u2013 a moradora do local, uma idosa de 68 anos, estaria dentro do im\u00f3vel.<\/p>\n<p>Conforme a nota \u00e0 imprensa do 25\u00ba Batalh\u00e3o da Pol\u00edcia Militar, de imediato a equipe policial transpassou a propriedade pulando a grade, devido os port\u00f5es estarem com cadeados. A casa tamb\u00e9m estava com as portas e janelas trancadas com cadeados, sendo necess\u00e1rio que a equipe arrombasse uma das portas.<\/p>\n<p>&nbsp;<\/p>\n<p>Logo que a equipe conseguiu arrombar a porta, a casa estava toda tomada por fuma\u00e7a e v\u00e1rios focos de inc\u00eandio, vindo os policiais militares visualizar a moradora do im\u00f3vel ca\u00edda ao ch\u00e3o, entre a porta do quarto e a sala.<\/p>\n<p>Nesse momento, sem hesitar, os policiais militares adentram \u00e0 resid\u00eancia, agachados, arriscando as suas vidas, e conseguiram arrastar a senhora para \u00e1rea externa, aparentemente sem les\u00f5es, por\u00e9m totalmente atordoada pois havia inalado muita fuma\u00e7a.<\/p>\n<p>Na sequ\u00eancia, em uma segunda a\u00e7\u00e3o, os policiais voltaram ao interior da moradia e retiraram uma caixa com cinco filhotes de gatos.<\/p>\n<figure style=\"width: 540px\" class=\"wp-caption aligncenter\"><img loading=\"lazy\" decoding=\"async\" src=\"https:\/\/www.sigamais.com\/arquivo\/uploads\/whatsapp-image-20220919-at-120800jpg1663600853632888d540ab3.jpg\" alt=\"\" width=\"540\" height=\"539\" \/><figcaption class=\"wp-caption-text\">(Divulga\u00e7\u00e3o\/PM).<\/figcaption><\/figure>\n<p>Em ato cont\u00ednuo aos trabalhos dos policiais militares \u2013 informa o 25\u00ba BPM \u2013 chegaram ao local as viaturas do Corpo de Bombeiros, os quais providenciaram o encaminhamento da moradora ao pronto-socorro da Santa Casa local, tendo outra equipe atuado no inc\u00eandio \u00e0s edifica\u00e7\u00f5es.<\/p>\n<p>A v\u00edtima foi atendida pela equipe m\u00e9dica do pronto-socorro e ficou em observa\u00e7\u00e3o devido \u00e0 fuma\u00e7a inalada.<\/p>\n<p>&nbsp;<\/p>\n<p>Fonte: Siga Mais<\/p>\n","protected":false},"excerpt":{"rendered":"<p>Os policiais militares cabo Nelson Welton Fortunato e soldado Anderson Luzo Rocha, pertencentes ao efetivo territorial da 2\u00aa Companhia da PM de Adamantina, local onde exercem suas atividades no Programa de Radiopatrulha, foram eleitos \u201cPM do M\u00eas\u201d em setembro, na \u00e1rea do 25\u00ba Batalh\u00e3o da PM, sediado em Dracena. Os dois policiais foram reconhecidos pela [&hellip;]<\/p>\n","protected":false},"author":13,"featured_media":59095,"comment_status":"open","ping_status":"open","sticky":false,"template":"","format":"standard","meta":{"_acf_changed":false,"_exactmetrics_skip_tracking":false,"_exactmetrics_sitenote_active":false,"_exactmetrics_sitenote_note":"","_exactmetrics_sitenote_category":0,"footnotes":""},"categories":[21],"tags":[],"class_list":["post-59094","post","type-post","status-publish","format-standard","has-post-thumbnail","hentry","category-adamantina"],"acf":[],"yoast_head":"<!-- This site is optimized with the Yoast SEO plugin v27.2 - https:\/\/yoast.com\/product\/yoast-seo-wordpress\/ -->\n<title>Policiais Militares de Adamantina s\u00e3o escolhidos como policiais do m\u00eas da \u00e1rea do 25\u00ba Batalh\u00e3o da PM - R\u00e1dio Life FM<\/title>\n<meta name=\"robots\" content=\"index, follow, max-snippet:-1, max-image-preview:large, max-video-preview:-1\" \/>\n<link rel=\"canonical\" href=\"https:\/\/radiolifefm.com.br\/noticias\/policiais-militares-de-adamantina-sao-escolhidos-como-policiais-do-mes-da-area-do-25o-batalhao-da-pm\/\" \/>\n<meta property=\"og:locale\" content=\"pt_BR\" \/>\n<meta property=\"og:type\" content=\"article\" \/>\n<meta property=\"og:title\" content=\"Policiais Militares de Adamantina s\u00e3o escolhidos como policiais do m\u00eas da \u00e1rea do 25\u00ba Batalh\u00e3o da PM - R\u00e1dio Life FM\" \/>\n<meta property=\"og:description\" content=\"Os policiais militares cabo Nelson Welton Fortunato e soldado Anderson Luzo Rocha, pertencentes ao efetivo territorial da 2\u00aa Companhia da PM de Adamantina, local onde exercem suas atividades no Programa de Radiopatrulha, foram eleitos \u201cPM do M\u00eas\u201d em setembro, na \u00e1rea do 25\u00ba Batalh\u00e3o da PM, sediado em Dracena. Os dois policiais foram reconhecidos pela [&hellip;]\" \/>\n<meta property=\"og:url\" content=\"https:\/\/radiolifefm.com.br\/noticias\/policiais-militares-de-adamantina-sao-escolhidos-como-policiais-do-mes-da-area-do-25o-batalhao-da-pm\/\" \/>\n<meta property=\"og:site_name\" content=\"R\u00e1dio Life FM\" \/>\n<meta property=\"article:publisher\" content=\"https:\/\/www.facebook.com\/radiolifefm\/\" \/>\n<meta property=\"article:published_time\" content=\"2022-10-08T02:01:07+00:00\" \/>\n<meta property=\"article:modified_time\" content=\"2026-04-19T22:20:19+00:00\" \/>\n<meta property=\"og:image\" content=\"https:\/\/radiolifefm.com.br\/noticias\/wp-content\/uploads\/2022\/10\/whatsapp-image-20221006-at-144452jpeg166516711763406f0d7ef53.jpeg\" \/>\n\t<meta property=\"og:image:width\" content=\"600\" \/>\n\t<meta property=\"og:image:height\" content=\"338\" \/>\n\t<meta property=\"og:image:type\" content=\"image\/jpeg\" \/>\n<meta name=\"author\" content=\"ritanery\" \/>\n<meta name=\"twitter:card\" content=\"summary_large_image\" \/>\n<meta name=\"twitter:label1\" content=\"Escrito por\" \/>\n\t<meta name=\"twitter:data1\" content=\"ritanery\" \/>\n\t<meta name=\"twitter:label2\" content=\"Est. tempo de leitura\" \/>\n\t<meta name=\"twitter:data2\" content=\"4 minutos\" \/>\n<script type=\"application\/ld+json\" class=\"yoast-schema-graph\">{\"@context\":\"https:\/\/schema.org\",\"@graph\":[{\"@type\":\"Article\",\"@id\":\"https:\/\/radiolifefm.com.br\/noticias\/policiais-militares-de-adamantina-sao-escolhidos-como-policiais-do-mes-da-area-do-25o-batalhao-da-pm\/#article\",\"isPartOf\":{\"@id\":\"https:\/\/radiolifefm.com.br\/noticias\/policiais-militares-de-adamantina-sao-escolhidos-como-policiais-do-mes-da-area-do-25o-batalhao-da-pm\/\"},\"author\":{\"name\":\"ritanery\",\"@id\":\"https:\/\/radiolifefm.com.br\/noticias\/#\/schema\/person\/6339b9fac59d12b071dec680d7375d87\"},\"headline\":\"Policiais Militares de Adamantina s\u00e3o escolhidos como policiais do m\u00eas da \u00e1rea do 25\u00ba Batalh\u00e3o da PM\",\"datePublished\":\"2022-10-08T02:01:07+00:00\",\"dateModified\":\"2026-04-19T22:20:19+00:00\",\"mainEntityOfPage\":{\"@id\":\"https:\/\/radiolifefm.com.br\/noticias\/policiais-militares-de-adamantina-sao-escolhidos-como-policiais-do-mes-da-area-do-25o-batalhao-da-pm\/\"},\"wordCount\":584,\"commentCount\":0,\"publisher\":{\"@id\":\"https:\/\/radiolifefm.com.br\/noticias\/#organization\"},\"image\":{\"@id\":\"https:\/\/radiolifefm.com.br\/noticias\/policiais-militares-de-adamantina-sao-escolhidos-como-policiais-do-mes-da-area-do-25o-batalhao-da-pm\/#primaryimage\"},\"thumbnailUrl\":\"https:\/\/radiolifefm.com.br\/noticias\/wp-content\/uploads\/2022\/10\/whatsapp-image-20221006-at-144452jpeg166516711763406f0d7ef53.jpeg\",\"articleSection\":[\"Adamantina\"],\"inLanguage\":\"pt-BR\",\"potentialAction\":[{\"@type\":\"CommentAction\",\"name\":\"Comment\",\"target\":[\"https:\/\/radiolifefm.com.br\/noticias\/policiais-militares-de-adamantina-sao-escolhidos-como-policiais-do-mes-da-area-do-25o-batalhao-da-pm\/#respond\"]}]},{\"@type\":\"WebPage\",\"@id\":\"https:\/\/radiolifefm.com.br\/noticias\/policiais-militares-de-adamantina-sao-escolhidos-como-policiais-do-mes-da-area-do-25o-batalhao-da-pm\/\",\"url\":\"https:\/\/radiolifefm.com.br\/noticias\/policiais-militares-de-adamantina-sao-escolhidos-como-policiais-do-mes-da-area-do-25o-batalhao-da-pm\/\",\"name\":\"Policiais Militares de Adamantina s\u00e3o escolhidos como policiais do m\u00eas da \u00e1rea do 25\u00ba Batalh\u00e3o da PM - R\u00e1dio Life FM\",\"isPartOf\":{\"@id\":\"https:\/\/radiolifefm.com.br\/noticias\/#website\"},\"primaryImageOfPage\":{\"@id\":\"https:\/\/radiolifefm.com.br\/noticias\/policiais-militares-de-adamantina-sao-escolhidos-como-policiais-do-mes-da-area-do-25o-batalhao-da-pm\/#primaryimage\"},\"image\":{\"@id\":\"https:\/\/radiolifefm.com.br\/noticias\/policiais-militares-de-adamantina-sao-escolhidos-como-policiais-do-mes-da-area-do-25o-batalhao-da-pm\/#primaryimage\"},\"thumbnailUrl\":\"https:\/\/radiolifefm.com.br\/noticias\/wp-content\/uploads\/2022\/10\/whatsapp-image-20221006-at-144452jpeg166516711763406f0d7ef53.jpeg\",\"datePublished\":\"2022-10-08T02:01:07+00:00\",\"dateModified\":\"2026-04-19T22:20:19+00:00\",\"breadcrumb\":{\"@id\":\"https:\/\/radiolifefm.com.br\/noticias\/policiais-militares-de-adamantina-sao-escolhidos-como-policiais-do-mes-da-area-do-25o-batalhao-da-pm\/#breadcrumb\"},\"inLanguage\":\"pt-BR\",\"potentialAction\":[{\"@type\":\"ReadAction\",\"target\":[\"https:\/\/radiolifefm.com.br\/noticias\/policiais-militares-de-adamantina-sao-escolhidos-como-policiais-do-mes-da-area-do-25o-batalhao-da-pm\/\"]}]},{\"@type\":\"ImageObject\",\"inLanguage\":\"pt-BR\",\"@id\":\"https:\/\/radiolifefm.com.br\/noticias\/policiais-militares-de-adamantina-sao-escolhidos-como-policiais-do-mes-da-area-do-25o-batalhao-da-pm\/#primaryimage\",\"url\":\"https:\/\/radiolifefm.com.br\/noticias\/wp-content\/uploads\/2022\/10\/whatsapp-image-20221006-at-144452jpeg166516711763406f0d7ef53.jpeg\",\"contentUrl\":\"https:\/\/radiolifefm.com.br\/noticias\/wp-content\/uploads\/2022\/10\/whatsapp-image-20221006-at-144452jpeg166516711763406f0d7ef53.jpeg\",\"width\":600,\"height\":338,\"caption\":\"Cabo Fortunato e soldado Luzo recebem nova homenagem pela atua\u00e7\u00e3o profissional no exerc\u00edcio da fun\u00e7\u00e3o (Divulga\u00e7\u00e3o\/PM).\"},{\"@type\":\"BreadcrumbList\",\"@id\":\"https:\/\/radiolifefm.com.br\/noticias\/policiais-militares-de-adamantina-sao-escolhidos-como-policiais-do-mes-da-area-do-25o-batalhao-da-pm\/#breadcrumb\",\"itemListElement\":[{\"@type\":\"ListItem\",\"position\":1,\"name\":\"In\u00edcio\",\"item\":\"https:\/\/radiolifefm.com.br\/noticias\/\"},{\"@type\":\"ListItem\",\"position\":2,\"name\":\"Policiais Militares de Adamantina s\u00e3o escolhidos como policiais do m\u00eas da \u00e1rea do 25\u00ba Batalh\u00e3o da PM\"}]},{\"@type\":\"WebSite\",\"@id\":\"https:\/\/radiolifefm.com.br\/noticias\/#website\",\"url\":\"https:\/\/radiolifefm.com.br\/noticias\/\",\"name\":\"R\u00e1dio Life FM\",\"description\":\"O Portal de Not\u00edcias de Adamantina\",\"publisher\":{\"@id\":\"https:\/\/radiolifefm.com.br\/noticias\/#organization\"},\"alternateName\":\"Life FM\",\"potentialAction\":[{\"@type\":\"SearchAction\",\"target\":{\"@type\":\"EntryPoint\",\"urlTemplate\":\"https:\/\/radiolifefm.com.br\/noticias\/?s={search_term_string}\"},\"query-input\":{\"@type\":\"PropertyValueSpecification\",\"valueRequired\":true,\"valueName\":\"search_term_string\"}}],\"inLanguage\":\"pt-BR\"},{\"@type\":\"Organization\",\"@id\":\"https:\/\/radiolifefm.com.br\/noticias\/#organization\",\"name\":\"R\u00e1dio Life FM\",\"alternateName\":\"Life FM\",\"url\":\"https:\/\/radiolifefm.com.br\/noticias\/\",\"logo\":{\"@type\":\"ImageObject\",\"inLanguage\":\"pt-BR\",\"@id\":\"https:\/\/radiolifefm.com.br\/noticias\/#\/schema\/logo\/image\/\",\"url\":\"https:\/\/static.radiolifefm.com.br\/noticias\/wp-content\/uploads\/2019\/10\/logo-lifefm.png\",\"contentUrl\":\"https:\/\/static.radiolifefm.com.br\/noticias\/wp-content\/uploads\/2019\/10\/logo-lifefm.png\",\"width\":196,\"height\":47,\"caption\":\"R\u00e1dio Life FM\"},\"image\":{\"@id\":\"https:\/\/radiolifefm.com.br\/noticias\/#\/schema\/logo\/image\/\"},\"sameAs\":[\"https:\/\/www.facebook.com\/radiolifefm\/\",\"https:\/\/www.instagram.com\/life1079fm\/\"]},{\"@type\":\"Person\",\"@id\":\"https:\/\/radiolifefm.com.br\/noticias\/#\/schema\/person\/6339b9fac59d12b071dec680d7375d87\",\"name\":\"ritanery\",\"image\":{\"@type\":\"ImageObject\",\"inLanguage\":\"pt-BR\",\"@id\":\"https:\/\/secure.gravatar.com\/avatar\/0e37bb19071f47c0b8a23f62a903df117c5a0e75f65a0c2901562f97cd41cf86?s=96&d=mm&r=g\",\"url\":\"https:\/\/secure.gravatar.com\/avatar\/0e37bb19071f47c0b8a23f62a903df117c5a0e75f65a0c2901562f97cd41cf86?s=96&d=mm&r=g\",\"contentUrl\":\"https:\/\/secure.gravatar.com\/avatar\/0e37bb19071f47c0b8a23f62a903df117c5a0e75f65a0c2901562f97cd41cf86?s=96&d=mm&r=g\",\"caption\":\"ritanery\"}}]}<\/script>\n<!-- \/ Yoast SEO plugin. -->","yoast_head_json":{"title":"Policiais Militares de Adamantina s\u00e3o escolhidos como policiais do m\u00eas da \u00e1rea do 25\u00ba Batalh\u00e3o da PM - R\u00e1dio Life FM","robots":{"index":"index","follow":"follow","max-snippet":"max-snippet:-1","max-image-preview":"max-image-preview:large","max-video-preview":"max-video-preview:-1"},"canonical":"https:\/\/radiolifefm.com.br\/noticias\/policiais-militares-de-adamantina-sao-escolhidos-como-policiais-do-mes-da-area-do-25o-batalhao-da-pm\/","og_locale":"pt_BR","og_type":"article","og_title":"Policiais Militares de Adamantina s\u00e3o escolhidos como policiais do m\u00eas da \u00e1rea do 25\u00ba Batalh\u00e3o da PM - R\u00e1dio Life FM","og_description":"Os policiais militares cabo Nelson Welton Fortunato e soldado Anderson Luzo Rocha, pertencentes ao efetivo territorial da 2\u00aa Companhia da PM de Adamantina, local onde exercem suas atividades no Programa de Radiopatrulha, foram eleitos \u201cPM do M\u00eas\u201d em setembro, na \u00e1rea do 25\u00ba Batalh\u00e3o da PM, sediado em Dracena. Os dois policiais foram reconhecidos pela [&hellip;]","og_url":"https:\/\/radiolifefm.com.br\/noticias\/policiais-militares-de-adamantina-sao-escolhidos-como-policiais-do-mes-da-area-do-25o-batalhao-da-pm\/","og_site_name":"R\u00e1dio Life FM","article_publisher":"https:\/\/www.facebook.com\/radiolifefm\/","article_published_time":"2022-10-08T02:01:07+00:00","article_modified_time":"2026-04-19T22:20:19+00:00","og_image":[{"width":600,"height":338,"url":"https:\/\/radiolifefm.com.br\/noticias\/wp-content\/uploads\/2022\/10\/whatsapp-image-20221006-at-144452jpeg166516711763406f0d7ef53.jpeg","type":"image\/jpeg"}],"author":"ritanery","twitter_card":"summary_large_image","twitter_misc":{"Escrito por":"ritanery","Est. tempo de leitura":"4 minutos"},"schema":{"@context":"https:\/\/schema.org","@graph":[{"@type":"Article","@id":"https:\/\/radiolifefm.com.br\/noticias\/policiais-militares-de-adamantina-sao-escolhidos-como-policiais-do-mes-da-area-do-25o-batalhao-da-pm\/#article","isPartOf":{"@id":"https:\/\/radiolifefm.com.br\/noticias\/policiais-militares-de-adamantina-sao-escolhidos-como-policiais-do-mes-da-area-do-25o-batalhao-da-pm\/"},"author":{"name":"ritanery","@id":"https:\/\/radiolifefm.com.br\/noticias\/#\/schema\/person\/6339b9fac59d12b071dec680d7375d87"},"headline":"Policiais Militares de Adamantina s\u00e3o escolhidos como policiais do m\u00eas da \u00e1rea do 25\u00ba Batalh\u00e3o da PM","datePublished":"2022-10-08T02:01:07+00:00","dateModified":"2026-04-19T22:20:19+00:00","mainEntityOfPage":{"@id":"https:\/\/radiolifefm.com.br\/noticias\/policiais-militares-de-adamantina-sao-escolhidos-como-policiais-do-mes-da-area-do-25o-batalhao-da-pm\/"},"wordCount":584,"commentCount":0,"publisher":{"@id":"https:\/\/radiolifefm.com.br\/noticias\/#organization"},"image":{"@id":"https:\/\/radiolifefm.com.br\/noticias\/policiais-militares-de-adamantina-sao-escolhidos-como-policiais-do-mes-da-area-do-25o-batalhao-da-pm\/#primaryimage"},"thumbnailUrl":"https:\/\/radiolifefm.com.br\/noticias\/wp-content\/uploads\/2022\/10\/whatsapp-image-20221006-at-144452jpeg166516711763406f0d7ef53.jpeg","articleSection":["Adamantina"],"inLanguage":"pt-BR","potentialAction":[{"@type":"CommentAction","name":"Comment","target":["https:\/\/radiolifefm.com.br\/noticias\/policiais-militares-de-adamantina-sao-escolhidos-como-policiais-do-mes-da-area-do-25o-batalhao-da-pm\/#respond"]}]},{"@type":"WebPage","@id":"https:\/\/radiolifefm.com.br\/noticias\/policiais-militares-de-adamantina-sao-escolhidos-como-policiais-do-mes-da-area-do-25o-batalhao-da-pm\/","url":"https:\/\/radiolifefm.com.br\/noticias\/policiais-militares-de-adamantina-sao-escolhidos-como-policiais-do-mes-da-area-do-25o-batalhao-da-pm\/","name":"Policiais Militares de Adamantina s\u00e3o escolhidos como policiais do m\u00eas da \u00e1rea do 25\u00ba Batalh\u00e3o da PM - R\u00e1dio Life FM","isPartOf":{"@id":"https:\/\/radiolifefm.com.br\/noticias\/#website"},"primaryImageOfPage":{"@id":"https:\/\/radiolifefm.com.br\/noticias\/policiais-militares-de-adamantina-sao-escolhidos-como-policiais-do-mes-da-area-do-25o-batalhao-da-pm\/#primaryimage"},"image":{"@id":"https:\/\/radiolifefm.com.br\/noticias\/policiais-militares-de-adamantina-sao-escolhidos-como-policiais-do-mes-da-area-do-25o-batalhao-da-pm\/#primaryimage"},"thumbnailUrl":"https:\/\/radiolifefm.com.br\/noticias\/wp-content\/uploads\/2022\/10\/whatsapp-image-20221006-at-144452jpeg166516711763406f0d7ef53.jpeg","datePublished":"2022-10-08T02:01:07+00:00","dateModified":"2026-04-19T22:20:19+00:00","breadcrumb":{"@id":"https:\/\/radiolifefm.com.br\/noticias\/policiais-militares-de-adamantina-sao-escolhidos-como-policiais-do-mes-da-area-do-25o-batalhao-da-pm\/#breadcrumb"},"inLanguage":"pt-BR","potentialAction":[{"@type":"ReadAction","target":["https:\/\/radiolifefm.com.br\/noticias\/policiais-militares-de-adamantina-sao-escolhidos-como-policiais-do-mes-da-area-do-25o-batalhao-da-pm\/"]}]},{"@type":"ImageObject","inLanguage":"pt-BR","@id":"https:\/\/radiolifefm.com.br\/noticias\/policiais-militares-de-adamantina-sao-escolhidos-como-policiais-do-mes-da-area-do-25o-batalhao-da-pm\/#primaryimage","url":"https:\/\/radiolifefm.com.br\/noticias\/wp-content\/uploads\/2022\/10\/whatsapp-image-20221006-at-144452jpeg166516711763406f0d7ef53.jpeg","contentUrl":"https:\/\/radiolifefm.com.br\/noticias\/wp-content\/uploads\/2022\/10\/whatsapp-image-20221006-at-144452jpeg166516711763406f0d7ef53.jpeg","width":600,"height":338,"caption":"Cabo Fortunato e soldado Luzo recebem nova homenagem pela atua\u00e7\u00e3o profissional no exerc\u00edcio da fun\u00e7\u00e3o (Divulga\u00e7\u00e3o\/PM)."},{"@type":"BreadcrumbList","@id":"https:\/\/radiolifefm.com.br\/noticias\/policiais-militares-de-adamantina-sao-escolhidos-como-policiais-do-mes-da-area-do-25o-batalhao-da-pm\/#breadcrumb","itemListElement":[{"@type":"ListItem","position":1,"name":"In\u00edcio","item":"https:\/\/radiolifefm.com.br\/noticias\/"},{"@type":"ListItem","position":2,"name":"Policiais Militares de Adamantina s\u00e3o escolhidos como policiais do m\u00eas da \u00e1rea do 25\u00ba Batalh\u00e3o da PM"}]},{"@type":"WebSite","@id":"https:\/\/radiolifefm.com.br\/noticias\/#website","url":"https:\/\/radiolifefm.com.br\/noticias\/","name":"R\u00e1dio Life FM","description":"O Portal de Not\u00edcias de Adamantina","publisher":{"@id":"https:\/\/radiolifefm.com.br\/noticias\/#organization"},"alternateName":"Life FM","potentialAction":[{"@type":"SearchAction","target":{"@type":"EntryPoint","urlTemplate":"https:\/\/radiolifefm.com.br\/noticias\/?s={search_term_string}"},"query-input":{"@type":"PropertyValueSpecification","valueRequired":true,"valueName":"search_term_string"}}],"inLanguage":"pt-BR"},{"@type":"Organization","@id":"https:\/\/radiolifefm.com.br\/noticias\/#organization","name":"R\u00e1dio Life FM","alternateName":"Life FM","url":"https:\/\/radiolifefm.com.br\/noticias\/","logo":{"@type":"ImageObject","inLanguage":"pt-BR","@id":"https:\/\/radiolifefm.com.br\/noticias\/#\/schema\/logo\/image\/","url":"https:\/\/static.radiolifefm.com.br\/noticias\/wp-content\/uploads\/2019\/10\/logo-lifefm.png","contentUrl":"https:\/\/static.radiolifefm.com.br\/noticias\/wp-content\/uploads\/2019\/10\/logo-lifefm.png","width":196,"height":47,"caption":"R\u00e1dio Life FM"},"image":{"@id":"https:\/\/radiolifefm.com.br\/noticias\/#\/schema\/logo\/image\/"},"sameAs":["https:\/\/www.facebook.com\/radiolifefm\/","https:\/\/www.instagram.com\/life1079fm\/"]},{"@type":"Person","@id":"https:\/\/radiolifefm.com.br\/noticias\/#\/schema\/person\/6339b9fac59d12b071dec680d7375d87","name":"ritanery","image":{"@type":"ImageObject","inLanguage":"pt-BR","@id":"https:\/\/secure.gravatar.com\/avatar\/0e37bb19071f47c0b8a23f62a903df117c5a0e75f65a0c2901562f97cd41cf86?s=96&d=mm&r=g","url":"https:\/\/secure.gravatar.com\/avatar\/0e37bb19071f47c0b8a23f62a903df117c5a0e75f65a0c2901562f97cd41cf86?s=96&d=mm&r=g","contentUrl":"https:\/\/secure.gravatar.com\/avatar\/0e37bb19071f47c0b8a23f62a903df117c5a0e75f65a0c2901562f97cd41cf86?s=96&d=mm&r=g","caption":"ritanery"}}]}},"amp_enabled":true,"_links":{"self":[{"href":"https:\/\/radiolifefm.com.br\/noticias\/wp-json\/wp\/v2\/posts\/59094","targetHints":{"allow":["GET"]}}],"collection":[{"href":"https:\/\/radiolifefm.com.br\/noticias\/wp-json\/wp\/v2\/posts"}],"about":[{"href":"https:\/\/radiolifefm.com.br\/noticias\/wp-json\/wp\/v2\/types\/post"}],"author":[{"embeddable":true,"href":"https:\/\/radiolifefm.com.br\/noticias\/wp-json\/wp\/v2\/users\/13"}],"replies":[{"embeddable":true,"href":"https:\/\/radiolifefm.com.br\/noticias\/wp-json\/wp\/v2\/comments?post=59094"}],"version-history":[{"count":2,"href":"https:\/\/radiolifefm.com.br\/noticias\/wp-json\/wp\/v2\/posts\/59094\/revisions"}],"predecessor-version":[{"id":59097,"href":"https:\/\/radiolifefm.com.br\/noticias\/wp-json\/wp\/v2\/posts\/59094\/revisions\/59097"}],"wp:featuredmedia":[{"embeddable":true,"href":"https:\/\/radiolifefm.com.br\/noticias\/wp-json\/wp\/v2\/media\/59095"}],"wp:attachment":[{"href":"https:\/\/radiolifefm.com.br\/noticias\/wp-json\/wp\/v2\/media?parent=59094"}],"wp:term":[{"taxonomy":"category","embeddable":true,"href":"https:\/\/radiolifefm.com.br\/noticias\/wp-json\/wp\/v2\/categories?post=59094"},{"taxonomy":"post_tag","embeddable":true,"href":"https:\/\/radiolifefm.com.br\/noticias\/wp-json\/wp\/v2\/tags?post=59094"}],"curies":[{"name":"wp","href":"https:\/\/api.w.org\/{rel}","templated":true}]}}