{"id":59014,"date":"2022-10-06T21:05:59","date_gmt":"2022-10-07T00:05:59","guid":{"rendered":"https:\/\/radiolifefm.com.br\/noticias\/?p=59014"},"modified":"2026-03-25T20:37:59","modified_gmt":"2026-03-25T23:37:59","slug":"procon-de-adamantina-da-dicas-sobre-cuidados-na-hora-de-comprar-brinquedos","status":"publish","type":"post","link":"https:\/\/radiolifefm.com.br\/noticias\/procon-de-adamantina-da-dicas-sobre-cuidados-na-hora-de-comprar-brinquedos\/","title":{"rendered":"Procon de Adamantina d\u00e1 dicas sobre cuidados na hora de comprar brinquedos"},"content":{"rendered":"<div id=\"fb-root\"><\/div>\n<p style=\"font-weight: 400\">O brinquedo \u00e9 um importante instrumento para estimular as crian\u00e7as a descobrirem o mundo que as cerca, as brincadeiras e os brinquedos contribuem para o desenvolvimento da socializa\u00e7\u00e3o, concentra\u00e7\u00e3o, iniciativa e imagina\u00e7\u00e3o.<\/p>\n<p style=\"font-weight: 400\">Com a aproxima\u00e7\u00e3o do Dia das Crian\u00e7as, o Procon de Adamantina, \u00f3rg\u00e3o da Secretaria Municipal de Desenvolvimento Econ\u00f4mico, elaborou algumas dicas sobre os cuidados na hora de comprar um brinquedo:<\/p>\n<p style=\"font-weight: 400\">\n<p style=\"font-weight: 400\">&#8211; Considere a idade, o interesse e a habilidade da crian\u00e7a;<\/p>\n<p style=\"font-weight: 400\">&#8211; Prefira brinquedos educativos que estimulem a coordena\u00e7\u00e3o motora, a intelig\u00eancia, a afetividade, a criatividade e a socializa\u00e7\u00e3o;<\/p>\n<p style=\"font-weight: 400\">&#8211; Examine o brinquedo, a Lei Estadual 8.124\/92 determina que as lojas sejam obrigadas a manter amostra de jogos e brinquedos sem lacre, abertos, para que possam ser testados pelo consumidor;<\/p>\n<p style=\"font-weight: 400\">&#8211; Verifique a identifica\u00e7\u00e3o do fabricante (nome, CNPJ, endere\u00e7o);<\/p>\n<p style=\"font-weight: 400\">&#8211; O Selo de seguran\u00e7a do Inmetro, que indica que o produto foi fabricado e comercializado de acordo com as normas t\u00e9cnicas, e o selo de \u00f3rg\u00e3o credenciado (IQB, Falc\u00e3o Bauer);<\/p>\n<p style=\"font-weight: 400\">\n<p style=\"font-weight: 400\">A quest\u00e3o de seguran\u00e7a merece aten\u00e7\u00e3o, \u00e9 comum crian\u00e7as precisarem de cuidados m\u00e9dicos devido a ferimentos acidentais provocados por brinquedos.<\/p>\n<p style=\"font-weight: 400\">Caso o brinquedo apresente qualquer problema de fabrica\u00e7\u00e3o, o fornecedor tem at\u00e9 30 dias para reparar e entregar o bem em perfeitas condi\u00e7\u00f5es. Se ap\u00f3s esse prazo o problema n\u00e3o for resolvido, o consumidor poder\u00e1 escolher entre: a troca do produto; abatimento no pre\u00e7o; ou o dinheiro de volta, corrigido monetariamente.<\/p>\n<p style=\"font-weight: 400\">\n<p style=\"font-weight: 400\">Lembre-se que a NOTA FISCAL, t\u00edquete do caixa, recibo ou equivalente s\u00e3o documentos importantes caso voc\u00ea consumidor precise fazer valer os seus direitos e formalizar uma reclama\u00e7\u00e3o. Exija e Guarde.<\/p>\n<p style=\"font-weight: 400\">O Procon Municipal funciona no pr\u00e9dio do Poupatempo que est\u00e1 situado na Avenida da Saudade, n\u00ba 1072.<\/p>\n<p>&nbsp;<\/p>\n<p>Fonte: Assessoria de Imprensa<\/p>\n","protected":false},"excerpt":{"rendered":"<p>O brinquedo \u00e9 um importante instrumento para estimular as crian\u00e7as a descobrirem o mundo que as cerca, as brincadeiras e os brinquedos contribuem para o desenvolvimento da socializa\u00e7\u00e3o, concentra\u00e7\u00e3o, iniciativa e imagina\u00e7\u00e3o. Com a aproxima\u00e7\u00e3o do Dia das Crian\u00e7as, o Procon de Adamantina, \u00f3rg\u00e3o da Secretaria Municipal de Desenvolvimento Econ\u00f4mico, elaborou algumas dicas sobre os [&hellip;]<\/p>\n","protected":false},"author":13,"featured_media":27598,"comment_status":"closed","ping_status":"open","sticky":false,"template":"","format":"standard","meta":{"_acf_changed":false,"_exactmetrics_skip_tracking":false,"_exactmetrics_sitenote_active":false,"_exactmetrics_sitenote_note":"","_exactmetrics_sitenote_category":0,"footnotes":""},"categories":[21],"tags":[],"class_list":["post-59014","post","type-post","status-publish","format-standard","has-post-thumbnail","hentry","category-adamantina"],"acf":[],"yoast_head":"<!-- This site is optimized with the Yoast SEO plugin v27.2 - https:\/\/yoast.com\/product\/yoast-seo-wordpress\/ -->\n<title>Procon de Adamantina d\u00e1 dicas sobre cuidados na hora de comprar brinquedos - R\u00e1dio Life FM<\/title>\n<meta name=\"robots\" content=\"index, follow, max-snippet:-1, max-image-preview:large, max-video-preview:-1\" \/>\n<link rel=\"canonical\" href=\"https:\/\/radiolifefm.com.br\/noticias\/procon-de-adamantina-da-dicas-sobre-cuidados-na-hora-de-comprar-brinquedos\/\" \/>\n<meta property=\"og:locale\" content=\"pt_BR\" \/>\n<meta property=\"og:type\" content=\"article\" \/>\n<meta property=\"og:title\" content=\"Procon de Adamantina d\u00e1 dicas sobre cuidados na hora de comprar brinquedos - R\u00e1dio Life FM\" \/>\n<meta property=\"og:description\" content=\"O brinquedo \u00e9 um importante instrumento para estimular as crian\u00e7as a descobrirem o mundo que as cerca, as brincadeiras e os brinquedos contribuem para o desenvolvimento da socializa\u00e7\u00e3o, concentra\u00e7\u00e3o, iniciativa e imagina\u00e7\u00e3o. Com a aproxima\u00e7\u00e3o do Dia das Crian\u00e7as, o Procon de Adamantina, \u00f3rg\u00e3o da Secretaria Municipal de Desenvolvimento Econ\u00f4mico, elaborou algumas dicas sobre os [&hellip;]\" \/>\n<meta property=\"og:url\" content=\"https:\/\/radiolifefm.com.br\/noticias\/procon-de-adamantina-da-dicas-sobre-cuidados-na-hora-de-comprar-brinquedos\/\" \/>\n<meta property=\"og:site_name\" content=\"R\u00e1dio Life FM\" \/>\n<meta property=\"article:publisher\" content=\"https:\/\/www.facebook.com\/radiolifefm\/\" \/>\n<meta property=\"article:published_time\" content=\"2022-10-07T00:05:59+00:00\" \/>\n<meta property=\"article:modified_time\" content=\"2026-03-25T23:37:59+00:00\" \/>\n<meta property=\"og:image\" content=\"https:\/\/radiolifefm.com.br\/noticias\/wp-content\/uploads\/2020\/09\/LOGO-PROCON.jpg\" \/>\n\t<meta property=\"og:image:width\" content=\"500\" \/>\n\t<meta property=\"og:image:height\" content=\"348\" \/>\n\t<meta property=\"og:image:type\" content=\"image\/jpeg\" \/>\n<meta name=\"author\" content=\"ritanery\" \/>\n<meta name=\"twitter:card\" content=\"summary_large_image\" \/>\n<meta name=\"twitter:label1\" content=\"Escrito por\" \/>\n\t<meta name=\"twitter:data1\" content=\"ritanery\" \/>\n\t<meta name=\"twitter:label2\" content=\"Est. tempo de leitura\" \/>\n\t<meta name=\"twitter:data2\" content=\"2 minutos\" \/>\n<script type=\"application\/ld+json\" class=\"yoast-schema-graph\">{\"@context\":\"https:\/\/schema.org\",\"@graph\":[{\"@type\":\"Article\",\"@id\":\"https:\/\/radiolifefm.com.br\/noticias\/procon-de-adamantina-da-dicas-sobre-cuidados-na-hora-de-comprar-brinquedos\/#article\",\"isPartOf\":{\"@id\":\"https:\/\/radiolifefm.com.br\/noticias\/procon-de-adamantina-da-dicas-sobre-cuidados-na-hora-de-comprar-brinquedos\/\"},\"author\":{\"name\":\"ritanery\",\"@id\":\"https:\/\/radiolifefm.com.br\/noticias\/#\/schema\/person\/6339b9fac59d12b071dec680d7375d87\"},\"headline\":\"Procon de Adamantina d\u00e1 dicas sobre cuidados na hora de comprar brinquedos\",\"datePublished\":\"2022-10-07T00:05:59+00:00\",\"dateModified\":\"2026-03-25T23:37:59+00:00\",\"mainEntityOfPage\":{\"@id\":\"https:\/\/radiolifefm.com.br\/noticias\/procon-de-adamantina-da-dicas-sobre-cuidados-na-hora-de-comprar-brinquedos\/\"},\"wordCount\":324,\"publisher\":{\"@id\":\"https:\/\/radiolifefm.com.br\/noticias\/#organization\"},\"image\":{\"@id\":\"https:\/\/radiolifefm.com.br\/noticias\/procon-de-adamantina-da-dicas-sobre-cuidados-na-hora-de-comprar-brinquedos\/#primaryimage\"},\"thumbnailUrl\":\"https:\/\/radiolifefm.com.br\/noticias\/wp-content\/uploads\/2020\/09\/LOGO-PROCON.jpg\",\"articleSection\":[\"Adamantina\"],\"inLanguage\":\"pt-BR\"},{\"@type\":\"WebPage\",\"@id\":\"https:\/\/radiolifefm.com.br\/noticias\/procon-de-adamantina-da-dicas-sobre-cuidados-na-hora-de-comprar-brinquedos\/\",\"url\":\"https:\/\/radiolifefm.com.br\/noticias\/procon-de-adamantina-da-dicas-sobre-cuidados-na-hora-de-comprar-brinquedos\/\",\"name\":\"Procon de Adamantina d\u00e1 dicas sobre cuidados na hora de comprar brinquedos - R\u00e1dio Life FM\",\"isPartOf\":{\"@id\":\"https:\/\/radiolifefm.com.br\/noticias\/#website\"},\"primaryImageOfPage\":{\"@id\":\"https:\/\/radiolifefm.com.br\/noticias\/procon-de-adamantina-da-dicas-sobre-cuidados-na-hora-de-comprar-brinquedos\/#primaryimage\"},\"image\":{\"@id\":\"https:\/\/radiolifefm.com.br\/noticias\/procon-de-adamantina-da-dicas-sobre-cuidados-na-hora-de-comprar-brinquedos\/#primaryimage\"},\"thumbnailUrl\":\"https:\/\/radiolifefm.com.br\/noticias\/wp-content\/uploads\/2020\/09\/LOGO-PROCON.jpg\",\"datePublished\":\"2022-10-07T00:05:59+00:00\",\"dateModified\":\"2026-03-25T23:37:59+00:00\",\"breadcrumb\":{\"@id\":\"https:\/\/radiolifefm.com.br\/noticias\/procon-de-adamantina-da-dicas-sobre-cuidados-na-hora-de-comprar-brinquedos\/#breadcrumb\"},\"inLanguage\":\"pt-BR\",\"potentialAction\":[{\"@type\":\"ReadAction\",\"target\":[\"https:\/\/radiolifefm.com.br\/noticias\/procon-de-adamantina-da-dicas-sobre-cuidados-na-hora-de-comprar-brinquedos\/\"]}]},{\"@type\":\"ImageObject\",\"inLanguage\":\"pt-BR\",\"@id\":\"https:\/\/radiolifefm.com.br\/noticias\/procon-de-adamantina-da-dicas-sobre-cuidados-na-hora-de-comprar-brinquedos\/#primaryimage\",\"url\":\"https:\/\/radiolifefm.com.br\/noticias\/wp-content\/uploads\/2020\/09\/LOGO-PROCON.jpg\",\"contentUrl\":\"https:\/\/radiolifefm.com.br\/noticias\/wp-content\/uploads\/2020\/09\/LOGO-PROCON.jpg\",\"width\":500,\"height\":348},{\"@type\":\"BreadcrumbList\",\"@id\":\"https:\/\/radiolifefm.com.br\/noticias\/procon-de-adamantina-da-dicas-sobre-cuidados-na-hora-de-comprar-brinquedos\/#breadcrumb\",\"itemListElement\":[{\"@type\":\"ListItem\",\"position\":1,\"name\":\"In\u00edcio\",\"item\":\"https:\/\/radiolifefm.com.br\/noticias\/\"},{\"@type\":\"ListItem\",\"position\":2,\"name\":\"Procon de Adamantina d\u00e1 dicas sobre cuidados na hora de comprar brinquedos\"}]},{\"@type\":\"WebSite\",\"@id\":\"https:\/\/radiolifefm.com.br\/noticias\/#website\",\"url\":\"https:\/\/radiolifefm.com.br\/noticias\/\",\"name\":\"R\u00e1dio Life FM\",\"description\":\"O Portal de Not\u00edcias de Adamantina\",\"publisher\":{\"@id\":\"https:\/\/radiolifefm.com.br\/noticias\/#organization\"},\"alternateName\":\"Life FM\",\"potentialAction\":[{\"@type\":\"SearchAction\",\"target\":{\"@type\":\"EntryPoint\",\"urlTemplate\":\"https:\/\/radiolifefm.com.br\/noticias\/?s={search_term_string}\"},\"query-input\":{\"@type\":\"PropertyValueSpecification\",\"valueRequired\":true,\"valueName\":\"search_term_string\"}}],\"inLanguage\":\"pt-BR\"},{\"@type\":\"Organization\",\"@id\":\"https:\/\/radiolifefm.com.br\/noticias\/#organization\",\"name\":\"R\u00e1dio Life FM\",\"alternateName\":\"Life FM\",\"url\":\"https:\/\/radiolifefm.com.br\/noticias\/\",\"logo\":{\"@type\":\"ImageObject\",\"inLanguage\":\"pt-BR\",\"@id\":\"https:\/\/radiolifefm.com.br\/noticias\/#\/schema\/logo\/image\/\",\"url\":\"https:\/\/static.radiolifefm.com.br\/noticias\/wp-content\/uploads\/2019\/10\/logo-lifefm.png\",\"contentUrl\":\"https:\/\/static.radiolifefm.com.br\/noticias\/wp-content\/uploads\/2019\/10\/logo-lifefm.png\",\"width\":196,\"height\":47,\"caption\":\"R\u00e1dio Life FM\"},\"image\":{\"@id\":\"https:\/\/radiolifefm.com.br\/noticias\/#\/schema\/logo\/image\/\"},\"sameAs\":[\"https:\/\/www.facebook.com\/radiolifefm\/\",\"https:\/\/www.instagram.com\/life1079fm\/\"]},{\"@type\":\"Person\",\"@id\":\"https:\/\/radiolifefm.com.br\/noticias\/#\/schema\/person\/6339b9fac59d12b071dec680d7375d87\",\"name\":\"ritanery\",\"image\":{\"@type\":\"ImageObject\",\"inLanguage\":\"pt-BR\",\"@id\":\"https:\/\/secure.gravatar.com\/avatar\/0e37bb19071f47c0b8a23f62a903df117c5a0e75f65a0c2901562f97cd41cf86?s=96&d=mm&r=g\",\"url\":\"https:\/\/secure.gravatar.com\/avatar\/0e37bb19071f47c0b8a23f62a903df117c5a0e75f65a0c2901562f97cd41cf86?s=96&d=mm&r=g\",\"contentUrl\":\"https:\/\/secure.gravatar.com\/avatar\/0e37bb19071f47c0b8a23f62a903df117c5a0e75f65a0c2901562f97cd41cf86?s=96&d=mm&r=g\",\"caption\":\"ritanery\"}}]}<\/script>\n<!-- \/ Yoast SEO plugin. -->","yoast_head_json":{"title":"Procon de Adamantina d\u00e1 dicas sobre cuidados na hora de comprar brinquedos - R\u00e1dio Life FM","robots":{"index":"index","follow":"follow","max-snippet":"max-snippet:-1","max-image-preview":"max-image-preview:large","max-video-preview":"max-video-preview:-1"},"canonical":"https:\/\/radiolifefm.com.br\/noticias\/procon-de-adamantina-da-dicas-sobre-cuidados-na-hora-de-comprar-brinquedos\/","og_locale":"pt_BR","og_type":"article","og_title":"Procon de Adamantina d\u00e1 dicas sobre cuidados na hora de comprar brinquedos - R\u00e1dio Life FM","og_description":"O brinquedo \u00e9 um importante instrumento para estimular as crian\u00e7as a descobrirem o mundo que as cerca, as brincadeiras e os brinquedos contribuem para o desenvolvimento da socializa\u00e7\u00e3o, concentra\u00e7\u00e3o, iniciativa e imagina\u00e7\u00e3o. Com a aproxima\u00e7\u00e3o do Dia das Crian\u00e7as, o Procon de Adamantina, \u00f3rg\u00e3o da Secretaria Municipal de Desenvolvimento Econ\u00f4mico, elaborou algumas dicas sobre os [&hellip;]","og_url":"https:\/\/radiolifefm.com.br\/noticias\/procon-de-adamantina-da-dicas-sobre-cuidados-na-hora-de-comprar-brinquedos\/","og_site_name":"R\u00e1dio Life FM","article_publisher":"https:\/\/www.facebook.com\/radiolifefm\/","article_published_time":"2022-10-07T00:05:59+00:00","article_modified_time":"2026-03-25T23:37:59+00:00","og_image":[{"width":500,"height":348,"url":"https:\/\/radiolifefm.com.br\/noticias\/wp-content\/uploads\/2020\/09\/LOGO-PROCON.jpg","type":"image\/jpeg"}],"author":"ritanery","twitter_card":"summary_large_image","twitter_misc":{"Escrito por":"ritanery","Est. tempo de leitura":"2 minutos"},"schema":{"@context":"https:\/\/schema.org","@graph":[{"@type":"Article","@id":"https:\/\/radiolifefm.com.br\/noticias\/procon-de-adamantina-da-dicas-sobre-cuidados-na-hora-de-comprar-brinquedos\/#article","isPartOf":{"@id":"https:\/\/radiolifefm.com.br\/noticias\/procon-de-adamantina-da-dicas-sobre-cuidados-na-hora-de-comprar-brinquedos\/"},"author":{"name":"ritanery","@id":"https:\/\/radiolifefm.com.br\/noticias\/#\/schema\/person\/6339b9fac59d12b071dec680d7375d87"},"headline":"Procon de Adamantina d\u00e1 dicas sobre cuidados na hora de comprar brinquedos","datePublished":"2022-10-07T00:05:59+00:00","dateModified":"2026-03-25T23:37:59+00:00","mainEntityOfPage":{"@id":"https:\/\/radiolifefm.com.br\/noticias\/procon-de-adamantina-da-dicas-sobre-cuidados-na-hora-de-comprar-brinquedos\/"},"wordCount":324,"publisher":{"@id":"https:\/\/radiolifefm.com.br\/noticias\/#organization"},"image":{"@id":"https:\/\/radiolifefm.com.br\/noticias\/procon-de-adamantina-da-dicas-sobre-cuidados-na-hora-de-comprar-brinquedos\/#primaryimage"},"thumbnailUrl":"https:\/\/radiolifefm.com.br\/noticias\/wp-content\/uploads\/2020\/09\/LOGO-PROCON.jpg","articleSection":["Adamantina"],"inLanguage":"pt-BR"},{"@type":"WebPage","@id":"https:\/\/radiolifefm.com.br\/noticias\/procon-de-adamantina-da-dicas-sobre-cuidados-na-hora-de-comprar-brinquedos\/","url":"https:\/\/radiolifefm.com.br\/noticias\/procon-de-adamantina-da-dicas-sobre-cuidados-na-hora-de-comprar-brinquedos\/","name":"Procon de Adamantina d\u00e1 dicas sobre cuidados na hora de comprar brinquedos - R\u00e1dio Life FM","isPartOf":{"@id":"https:\/\/radiolifefm.com.br\/noticias\/#website"},"primaryImageOfPage":{"@id":"https:\/\/radiolifefm.com.br\/noticias\/procon-de-adamantina-da-dicas-sobre-cuidados-na-hora-de-comprar-brinquedos\/#primaryimage"},"image":{"@id":"https:\/\/radiolifefm.com.br\/noticias\/procon-de-adamantina-da-dicas-sobre-cuidados-na-hora-de-comprar-brinquedos\/#primaryimage"},"thumbnailUrl":"https:\/\/radiolifefm.com.br\/noticias\/wp-content\/uploads\/2020\/09\/LOGO-PROCON.jpg","datePublished":"2022-10-07T00:05:59+00:00","dateModified":"2026-03-25T23:37:59+00:00","breadcrumb":{"@id":"https:\/\/radiolifefm.com.br\/noticias\/procon-de-adamantina-da-dicas-sobre-cuidados-na-hora-de-comprar-brinquedos\/#breadcrumb"},"inLanguage":"pt-BR","potentialAction":[{"@type":"ReadAction","target":["https:\/\/radiolifefm.com.br\/noticias\/procon-de-adamantina-da-dicas-sobre-cuidados-na-hora-de-comprar-brinquedos\/"]}]},{"@type":"ImageObject","inLanguage":"pt-BR","@id":"https:\/\/radiolifefm.com.br\/noticias\/procon-de-adamantina-da-dicas-sobre-cuidados-na-hora-de-comprar-brinquedos\/#primaryimage","url":"https:\/\/radiolifefm.com.br\/noticias\/wp-content\/uploads\/2020\/09\/LOGO-PROCON.jpg","contentUrl":"https:\/\/radiolifefm.com.br\/noticias\/wp-content\/uploads\/2020\/09\/LOGO-PROCON.jpg","width":500,"height":348},{"@type":"BreadcrumbList","@id":"https:\/\/radiolifefm.com.br\/noticias\/procon-de-adamantina-da-dicas-sobre-cuidados-na-hora-de-comprar-brinquedos\/#breadcrumb","itemListElement":[{"@type":"ListItem","position":1,"name":"In\u00edcio","item":"https:\/\/radiolifefm.com.br\/noticias\/"},{"@type":"ListItem","position":2,"name":"Procon de Adamantina d\u00e1 dicas sobre cuidados na hora de comprar brinquedos"}]},{"@type":"WebSite","@id":"https:\/\/radiolifefm.com.br\/noticias\/#website","url":"https:\/\/radiolifefm.com.br\/noticias\/","name":"R\u00e1dio Life FM","description":"O Portal de Not\u00edcias de Adamantina","publisher":{"@id":"https:\/\/radiolifefm.com.br\/noticias\/#organization"},"alternateName":"Life FM","potentialAction":[{"@type":"SearchAction","target":{"@type":"EntryPoint","urlTemplate":"https:\/\/radiolifefm.com.br\/noticias\/?s={search_term_string}"},"query-input":{"@type":"PropertyValueSpecification","valueRequired":true,"valueName":"search_term_string"}}],"inLanguage":"pt-BR"},{"@type":"Organization","@id":"https:\/\/radiolifefm.com.br\/noticias\/#organization","name":"R\u00e1dio Life FM","alternateName":"Life FM","url":"https:\/\/radiolifefm.com.br\/noticias\/","logo":{"@type":"ImageObject","inLanguage":"pt-BR","@id":"https:\/\/radiolifefm.com.br\/noticias\/#\/schema\/logo\/image\/","url":"https:\/\/static.radiolifefm.com.br\/noticias\/wp-content\/uploads\/2019\/10\/logo-lifefm.png","contentUrl":"https:\/\/static.radiolifefm.com.br\/noticias\/wp-content\/uploads\/2019\/10\/logo-lifefm.png","width":196,"height":47,"caption":"R\u00e1dio Life FM"},"image":{"@id":"https:\/\/radiolifefm.com.br\/noticias\/#\/schema\/logo\/image\/"},"sameAs":["https:\/\/www.facebook.com\/radiolifefm\/","https:\/\/www.instagram.com\/life1079fm\/"]},{"@type":"Person","@id":"https:\/\/radiolifefm.com.br\/noticias\/#\/schema\/person\/6339b9fac59d12b071dec680d7375d87","name":"ritanery","image":{"@type":"ImageObject","inLanguage":"pt-BR","@id":"https:\/\/secure.gravatar.com\/avatar\/0e37bb19071f47c0b8a23f62a903df117c5a0e75f65a0c2901562f97cd41cf86?s=96&d=mm&r=g","url":"https:\/\/secure.gravatar.com\/avatar\/0e37bb19071f47c0b8a23f62a903df117c5a0e75f65a0c2901562f97cd41cf86?s=96&d=mm&r=g","contentUrl":"https:\/\/secure.gravatar.com\/avatar\/0e37bb19071f47c0b8a23f62a903df117c5a0e75f65a0c2901562f97cd41cf86?s=96&d=mm&r=g","caption":"ritanery"}}]}},"amp_enabled":true,"_links":{"self":[{"href":"https:\/\/radiolifefm.com.br\/noticias\/wp-json\/wp\/v2\/posts\/59014","targetHints":{"allow":["GET"]}}],"collection":[{"href":"https:\/\/radiolifefm.com.br\/noticias\/wp-json\/wp\/v2\/posts"}],"about":[{"href":"https:\/\/radiolifefm.com.br\/noticias\/wp-json\/wp\/v2\/types\/post"}],"author":[{"embeddable":true,"href":"https:\/\/radiolifefm.com.br\/noticias\/wp-json\/wp\/v2\/users\/13"}],"replies":[{"embeddable":true,"href":"https:\/\/radiolifefm.com.br\/noticias\/wp-json\/wp\/v2\/comments?post=59014"}],"version-history":[{"count":4,"href":"https:\/\/radiolifefm.com.br\/noticias\/wp-json\/wp\/v2\/posts\/59014\/revisions"}],"predecessor-version":[{"id":59019,"href":"https:\/\/radiolifefm.com.br\/noticias\/wp-json\/wp\/v2\/posts\/59014\/revisions\/59019"}],"wp:featuredmedia":[{"embeddable":true,"href":"https:\/\/radiolifefm.com.br\/noticias\/wp-json\/wp\/v2\/media\/27598"}],"wp:attachment":[{"href":"https:\/\/radiolifefm.com.br\/noticias\/wp-json\/wp\/v2\/media?parent=59014"}],"wp:term":[{"taxonomy":"category","embeddable":true,"href":"https:\/\/radiolifefm.com.br\/noticias\/wp-json\/wp\/v2\/categories?post=59014"},{"taxonomy":"post_tag","embeddable":true,"href":"https:\/\/radiolifefm.com.br\/noticias\/wp-json\/wp\/v2\/tags?post=59014"}],"curies":[{"name":"wp","href":"https:\/\/api.w.org\/{rel}","templated":true}]}}