{"id":58942,"date":"2022-10-05T19:58:28","date_gmt":"2022-10-05T22:58:28","guid":{"rendered":"https:\/\/radiolifefm.com.br\/noticias\/?p=58942"},"modified":"2025-10-02T15:27:14","modified_gmt":"2025-10-02T18:27:14","slug":"adamantina-e-nucleo-da-escola-federativa","status":"publish","type":"post","link":"https:\/\/radiolifefm.com.br\/noticias\/adamantina-e-nucleo-da-escola-federativa\/","title":{"rendered":"Adamantina \u00e9 N\u00facleo da Escola Federativa"},"content":{"rendered":"<div id=\"fb-root\"><\/div>\n<p style=\"font-weight: 400\">Com o objetivo de capacitar os servidores p\u00fablicos, agentes pol\u00edticos e a popula\u00e7\u00e3o, a Prefeitura de Adamantina assinou termo de ades\u00e3o ao Projeto Escola Federativa da Secretaria de Governo da Presid\u00eancia da Rep\u00fablica, celebrado entre a Secretaria Especial de Assuntos Federativos e a Prefeitura de Adamantina, atrav\u00e9s da Secretaria de Desenvolvimento Econ\u00f4mico.<\/p>\n<p>A atua\u00e7\u00e3o do N\u00facleo da Escola Federativa ser\u00e1 realizada por meio de processos de forma\u00e7\u00e3o, capacita\u00e7\u00e3o, desenvolvimento e a\u00e7\u00f5es especiais para garantir o aprimoramento da gest\u00e3o p\u00fablica.<\/p>\n<p>Adamantina \u00e9 o N\u00facleo da Escola Federativa que consiste em uma plataforma que oferece gratuitamente cursos, semin\u00e1rios e atividades voltadas \u00e0 capacita\u00e7\u00e3o de servidores p\u00fablicos, prefeitos e vereadores.<\/p>\n<p>De acordo com o site da Secretaria de Governo, os 5 cursos que s\u00e3o: Gest\u00e3o da Informa\u00e7\u00e3o e Documenta\u00e7\u00e3o \u2013 Conceitos B\u00e1sicos em Gest\u00e3o Documental; Pol\u00edticas P\u00fablicas e Governo Local; Nova Lei de Licita\u00e7\u00f5es: Gest\u00e3o Contratual; Gest\u00e3o Or\u00e7ament\u00e1ria e Financeira e \u00c9tica e Servi\u00e7o P\u00fablico consistem na Trilha B\u00e1sica do Conhecimento voltada a gest\u00e3o p\u00fablica.<\/p>\n<p>No entanto, em\u00a0<a href=\"http:\/\/www.gov.br\/secretariadegoverno\/pt-br\/portalfederativo\/escola-federativa\" data-saferedirecturl=\"https:\/\/www.google.com\/url?q=http:\/\/www.gov.br\/secretariadegoverno\/pt-br\/portalfederativo\/escola-federativa&amp;source=gmail&amp;ust=1665096331482000&amp;usg=AOvVaw2CbUc0Hjny5DjvlU23zHoY\">www.gov.br\/secretariadegoverno\/pt-br\/portalfederativo\/escola-federativa<\/a>, a pessoa tem acesso a diferentes cursos nas \u00e1reas de compras governamentais, controles na administra\u00e7\u00e3o p\u00fablica, cultura, defesa civil, educa\u00e7\u00e3o, educa\u00e7\u00e3o especial, gest\u00e3o de pessoas, governan\u00e7a, gest\u00e3o e planejamento, inform\u00e1tica, infraestrutura, jur\u00eddico, meio ambiente, poder legislativo, or\u00e7amento e finan\u00e7as, sa\u00fade, seguran\u00e7a p\u00fablica social, turismo e transfer\u00eancias da uni\u00e3o.<\/p>\n<p>&#8220;Os cursos s\u00e3o atualizados periodicamente, oferecendo a possibilidade para diversos segmentos se especializarem. As capacita\u00e7\u00f5es s\u00e3o fundamentais em todos os setores,\u00a0pois possibilitam\u00a0que os colaboradores tenham o conhecimento necess\u00e1rio para desempenhar suas fun\u00e7\u00f5es com o m\u00e1ximo de qualidade. Tamb\u00e9m o treinamento e o desenvolvimento s\u00e3o fatores de motiva\u00e7\u00e3o, pois contribuem para o crescimento pessoal e da carreira dos profissionais&#8221;,\u00a0 afirma a secret\u00e1ria de Desenvolvimento Econ\u00f4mico. Luciana Pereira.<\/p>\n<p>&nbsp;<\/p>\n<p>Fonte: Assessoria de Imprensa<\/p>\n","protected":false},"excerpt":{"rendered":"<p>Com o objetivo de capacitar os servidores p\u00fablicos, agentes pol\u00edticos e a popula\u00e7\u00e3o, a Prefeitura de Adamantina assinou termo de ades\u00e3o ao Projeto Escola Federativa da Secretaria de Governo da Presid\u00eancia da Rep\u00fablica, celebrado entre a Secretaria Especial de Assuntos Federativos e a Prefeitura de Adamantina, atrav\u00e9s da Secretaria de Desenvolvimento Econ\u00f4mico. A atua\u00e7\u00e3o do [&hellip;]<\/p>\n","protected":false},"author":13,"featured_media":58943,"comment_status":"closed","ping_status":"open","sticky":false,"template":"","format":"standard","meta":{"_acf_changed":false,"_exactmetrics_skip_tracking":false,"_exactmetrics_sitenote_active":false,"_exactmetrics_sitenote_note":"","_exactmetrics_sitenote_category":0,"footnotes":""},"categories":[21],"tags":[],"class_list":["post-58942","post","type-post","status-publish","format-standard","has-post-thumbnail","hentry","category-adamantina"],"acf":[],"yoast_head":"<!-- This site is optimized with the Yoast SEO plugin v27.2 - https:\/\/yoast.com\/product\/yoast-seo-wordpress\/ -->\n<title>Adamantina \u00e9 N\u00facleo da Escola Federativa - R\u00e1dio Life FM<\/title>\n<meta name=\"robots\" content=\"index, follow, max-snippet:-1, max-image-preview:large, max-video-preview:-1\" \/>\n<link rel=\"canonical\" href=\"https:\/\/radiolifefm.com.br\/noticias\/adamantina-e-nucleo-da-escola-federativa\/\" \/>\n<meta property=\"og:locale\" content=\"pt_BR\" \/>\n<meta property=\"og:type\" content=\"article\" \/>\n<meta property=\"og:title\" content=\"Adamantina \u00e9 N\u00facleo da Escola Federativa - R\u00e1dio Life FM\" \/>\n<meta property=\"og:description\" content=\"Com o objetivo de capacitar os servidores p\u00fablicos, agentes pol\u00edticos e a popula\u00e7\u00e3o, a Prefeitura de Adamantina assinou termo de ades\u00e3o ao Projeto Escola Federativa da Secretaria de Governo da Presid\u00eancia da Rep\u00fablica, celebrado entre a Secretaria Especial de Assuntos Federativos e a Prefeitura de Adamantina, atrav\u00e9s da Secretaria de Desenvolvimento Econ\u00f4mico. A atua\u00e7\u00e3o do [&hellip;]\" \/>\n<meta property=\"og:url\" content=\"https:\/\/radiolifefm.com.br\/noticias\/adamantina-e-nucleo-da-escola-federativa\/\" \/>\n<meta property=\"og:site_name\" content=\"R\u00e1dio Life FM\" \/>\n<meta property=\"article:publisher\" content=\"https:\/\/www.facebook.com\/radiolifefm\/\" \/>\n<meta property=\"article:published_time\" content=\"2022-10-05T22:58:28+00:00\" \/>\n<meta property=\"article:modified_time\" content=\"2025-10-02T18:27:14+00:00\" \/>\n<meta property=\"og:image\" content=\"https:\/\/static.radiolifefm.com.br\/noticias\/wp-content\/uploads\/2022\/10\/download-2.jpeg\" \/>\n\t<meta property=\"og:image:width\" content=\"278\" \/>\n\t<meta property=\"og:image:height\" content=\"181\" \/>\n\t<meta property=\"og:image:type\" content=\"image\/jpeg\" \/>\n<meta name=\"author\" content=\"ritanery\" \/>\n<meta name=\"twitter:card\" content=\"summary_large_image\" \/>\n<meta name=\"twitter:label1\" content=\"Escrito por\" \/>\n\t<meta name=\"twitter:data1\" content=\"ritanery\" \/>\n\t<meta name=\"twitter:label2\" content=\"Est. tempo de leitura\" \/>\n\t<meta name=\"twitter:data2\" content=\"2 minutos\" \/>\n<script type=\"application\/ld+json\" class=\"yoast-schema-graph\">{\"@context\":\"https:\/\/schema.org\",\"@graph\":[{\"@type\":\"Article\",\"@id\":\"https:\/\/radiolifefm.com.br\/noticias\/adamantina-e-nucleo-da-escola-federativa\/#article\",\"isPartOf\":{\"@id\":\"https:\/\/radiolifefm.com.br\/noticias\/adamantina-e-nucleo-da-escola-federativa\/\"},\"author\":{\"name\":\"ritanery\",\"@id\":\"https:\/\/radiolifefm.com.br\/noticias\/#\/schema\/person\/6339b9fac59d12b071dec680d7375d87\"},\"headline\":\"Adamantina \u00e9 N\u00facleo da Escola Federativa\",\"datePublished\":\"2022-10-05T22:58:28+00:00\",\"dateModified\":\"2025-10-02T18:27:14+00:00\",\"mainEntityOfPage\":{\"@id\":\"https:\/\/radiolifefm.com.br\/noticias\/adamantina-e-nucleo-da-escola-federativa\/\"},\"wordCount\":359,\"publisher\":{\"@id\":\"https:\/\/radiolifefm.com.br\/noticias\/#organization\"},\"image\":{\"@id\":\"https:\/\/radiolifefm.com.br\/noticias\/adamantina-e-nucleo-da-escola-federativa\/#primaryimage\"},\"thumbnailUrl\":\"https:\/\/radiolifefm.com.br\/noticias\/wp-content\/uploads\/2022\/10\/download-2.jpeg\",\"articleSection\":[\"Adamantina\"],\"inLanguage\":\"pt-BR\"},{\"@type\":\"WebPage\",\"@id\":\"https:\/\/radiolifefm.com.br\/noticias\/adamantina-e-nucleo-da-escola-federativa\/\",\"url\":\"https:\/\/radiolifefm.com.br\/noticias\/adamantina-e-nucleo-da-escola-federativa\/\",\"name\":\"Adamantina \u00e9 N\u00facleo da Escola Federativa - R\u00e1dio Life FM\",\"isPartOf\":{\"@id\":\"https:\/\/radiolifefm.com.br\/noticias\/#website\"},\"primaryImageOfPage\":{\"@id\":\"https:\/\/radiolifefm.com.br\/noticias\/adamantina-e-nucleo-da-escola-federativa\/#primaryimage\"},\"image\":{\"@id\":\"https:\/\/radiolifefm.com.br\/noticias\/adamantina-e-nucleo-da-escola-federativa\/#primaryimage\"},\"thumbnailUrl\":\"https:\/\/radiolifefm.com.br\/noticias\/wp-content\/uploads\/2022\/10\/download-2.jpeg\",\"datePublished\":\"2022-10-05T22:58:28+00:00\",\"dateModified\":\"2025-10-02T18:27:14+00:00\",\"breadcrumb\":{\"@id\":\"https:\/\/radiolifefm.com.br\/noticias\/adamantina-e-nucleo-da-escola-federativa\/#breadcrumb\"},\"inLanguage\":\"pt-BR\",\"potentialAction\":[{\"@type\":\"ReadAction\",\"target\":[\"https:\/\/radiolifefm.com.br\/noticias\/adamantina-e-nucleo-da-escola-federativa\/\"]}]},{\"@type\":\"ImageObject\",\"inLanguage\":\"pt-BR\",\"@id\":\"https:\/\/radiolifefm.com.br\/noticias\/adamantina-e-nucleo-da-escola-federativa\/#primaryimage\",\"url\":\"https:\/\/radiolifefm.com.br\/noticias\/wp-content\/uploads\/2022\/10\/download-2.jpeg\",\"contentUrl\":\"https:\/\/radiolifefm.com.br\/noticias\/wp-content\/uploads\/2022\/10\/download-2.jpeg\",\"width\":278,\"height\":181,\"caption\":\"Plataforma oferece gratuitamente cursos, semin\u00e1rios e atividades voltadas a capacita\u00e7\u00e3o de servidores p\u00fablicos, agentes p\u00fablicos e popula\u00e7\u00e3o\"},{\"@type\":\"BreadcrumbList\",\"@id\":\"https:\/\/radiolifefm.com.br\/noticias\/adamantina-e-nucleo-da-escola-federativa\/#breadcrumb\",\"itemListElement\":[{\"@type\":\"ListItem\",\"position\":1,\"name\":\"In\u00edcio\",\"item\":\"https:\/\/radiolifefm.com.br\/noticias\/\"},{\"@type\":\"ListItem\",\"position\":2,\"name\":\"Adamantina \u00e9 N\u00facleo da Escola Federativa\"}]},{\"@type\":\"WebSite\",\"@id\":\"https:\/\/radiolifefm.com.br\/noticias\/#website\",\"url\":\"https:\/\/radiolifefm.com.br\/noticias\/\",\"name\":\"R\u00e1dio Life FM\",\"description\":\"O Portal de Not\u00edcias de Adamantina\",\"publisher\":{\"@id\":\"https:\/\/radiolifefm.com.br\/noticias\/#organization\"},\"alternateName\":\"Life FM\",\"potentialAction\":[{\"@type\":\"SearchAction\",\"target\":{\"@type\":\"EntryPoint\",\"urlTemplate\":\"https:\/\/radiolifefm.com.br\/noticias\/?s={search_term_string}\"},\"query-input\":{\"@type\":\"PropertyValueSpecification\",\"valueRequired\":true,\"valueName\":\"search_term_string\"}}],\"inLanguage\":\"pt-BR\"},{\"@type\":\"Organization\",\"@id\":\"https:\/\/radiolifefm.com.br\/noticias\/#organization\",\"name\":\"R\u00e1dio Life FM\",\"alternateName\":\"Life FM\",\"url\":\"https:\/\/radiolifefm.com.br\/noticias\/\",\"logo\":{\"@type\":\"ImageObject\",\"inLanguage\":\"pt-BR\",\"@id\":\"https:\/\/radiolifefm.com.br\/noticias\/#\/schema\/logo\/image\/\",\"url\":\"https:\/\/static.radiolifefm.com.br\/noticias\/wp-content\/uploads\/2019\/10\/logo-lifefm.png\",\"contentUrl\":\"https:\/\/static.radiolifefm.com.br\/noticias\/wp-content\/uploads\/2019\/10\/logo-lifefm.png\",\"width\":196,\"height\":47,\"caption\":\"R\u00e1dio Life FM\"},\"image\":{\"@id\":\"https:\/\/radiolifefm.com.br\/noticias\/#\/schema\/logo\/image\/\"},\"sameAs\":[\"https:\/\/www.facebook.com\/radiolifefm\/\",\"https:\/\/www.instagram.com\/life1079fm\/\"]},{\"@type\":\"Person\",\"@id\":\"https:\/\/radiolifefm.com.br\/noticias\/#\/schema\/person\/6339b9fac59d12b071dec680d7375d87\",\"name\":\"ritanery\",\"image\":{\"@type\":\"ImageObject\",\"inLanguage\":\"pt-BR\",\"@id\":\"https:\/\/secure.gravatar.com\/avatar\/0e37bb19071f47c0b8a23f62a903df117c5a0e75f65a0c2901562f97cd41cf86?s=96&d=mm&r=g\",\"url\":\"https:\/\/secure.gravatar.com\/avatar\/0e37bb19071f47c0b8a23f62a903df117c5a0e75f65a0c2901562f97cd41cf86?s=96&d=mm&r=g\",\"contentUrl\":\"https:\/\/secure.gravatar.com\/avatar\/0e37bb19071f47c0b8a23f62a903df117c5a0e75f65a0c2901562f97cd41cf86?s=96&d=mm&r=g\",\"caption\":\"ritanery\"}}]}<\/script>\n<!-- \/ Yoast SEO plugin. -->","yoast_head_json":{"title":"Adamantina \u00e9 N\u00facleo da Escola Federativa - R\u00e1dio Life FM","robots":{"index":"index","follow":"follow","max-snippet":"max-snippet:-1","max-image-preview":"max-image-preview:large","max-video-preview":"max-video-preview:-1"},"canonical":"https:\/\/radiolifefm.com.br\/noticias\/adamantina-e-nucleo-da-escola-federativa\/","og_locale":"pt_BR","og_type":"article","og_title":"Adamantina \u00e9 N\u00facleo da Escola Federativa - R\u00e1dio Life FM","og_description":"Com o objetivo de capacitar os servidores p\u00fablicos, agentes pol\u00edticos e a popula\u00e7\u00e3o, a Prefeitura de Adamantina assinou termo de ades\u00e3o ao Projeto Escola Federativa da Secretaria de Governo da Presid\u00eancia da Rep\u00fablica, celebrado entre a Secretaria Especial de Assuntos Federativos e a Prefeitura de Adamantina, atrav\u00e9s da Secretaria de Desenvolvimento Econ\u00f4mico. A atua\u00e7\u00e3o do [&hellip;]","og_url":"https:\/\/radiolifefm.com.br\/noticias\/adamantina-e-nucleo-da-escola-federativa\/","og_site_name":"R\u00e1dio Life FM","article_publisher":"https:\/\/www.facebook.com\/radiolifefm\/","article_published_time":"2022-10-05T22:58:28+00:00","article_modified_time":"2025-10-02T18:27:14+00:00","og_image":[{"width":278,"height":181,"url":"https:\/\/static.radiolifefm.com.br\/noticias\/wp-content\/uploads\/2022\/10\/download-2.jpeg","type":"image\/jpeg"}],"author":"ritanery","twitter_card":"summary_large_image","twitter_misc":{"Escrito por":"ritanery","Est. tempo de leitura":"2 minutos"},"schema":{"@context":"https:\/\/schema.org","@graph":[{"@type":"Article","@id":"https:\/\/radiolifefm.com.br\/noticias\/adamantina-e-nucleo-da-escola-federativa\/#article","isPartOf":{"@id":"https:\/\/radiolifefm.com.br\/noticias\/adamantina-e-nucleo-da-escola-federativa\/"},"author":{"name":"ritanery","@id":"https:\/\/radiolifefm.com.br\/noticias\/#\/schema\/person\/6339b9fac59d12b071dec680d7375d87"},"headline":"Adamantina \u00e9 N\u00facleo da Escola Federativa","datePublished":"2022-10-05T22:58:28+00:00","dateModified":"2025-10-02T18:27:14+00:00","mainEntityOfPage":{"@id":"https:\/\/radiolifefm.com.br\/noticias\/adamantina-e-nucleo-da-escola-federativa\/"},"wordCount":359,"publisher":{"@id":"https:\/\/radiolifefm.com.br\/noticias\/#organization"},"image":{"@id":"https:\/\/radiolifefm.com.br\/noticias\/adamantina-e-nucleo-da-escola-federativa\/#primaryimage"},"thumbnailUrl":"https:\/\/radiolifefm.com.br\/noticias\/wp-content\/uploads\/2022\/10\/download-2.jpeg","articleSection":["Adamantina"],"inLanguage":"pt-BR"},{"@type":"WebPage","@id":"https:\/\/radiolifefm.com.br\/noticias\/adamantina-e-nucleo-da-escola-federativa\/","url":"https:\/\/radiolifefm.com.br\/noticias\/adamantina-e-nucleo-da-escola-federativa\/","name":"Adamantina \u00e9 N\u00facleo da Escola Federativa - R\u00e1dio Life FM","isPartOf":{"@id":"https:\/\/radiolifefm.com.br\/noticias\/#website"},"primaryImageOfPage":{"@id":"https:\/\/radiolifefm.com.br\/noticias\/adamantina-e-nucleo-da-escola-federativa\/#primaryimage"},"image":{"@id":"https:\/\/radiolifefm.com.br\/noticias\/adamantina-e-nucleo-da-escola-federativa\/#primaryimage"},"thumbnailUrl":"https:\/\/radiolifefm.com.br\/noticias\/wp-content\/uploads\/2022\/10\/download-2.jpeg","datePublished":"2022-10-05T22:58:28+00:00","dateModified":"2025-10-02T18:27:14+00:00","breadcrumb":{"@id":"https:\/\/radiolifefm.com.br\/noticias\/adamantina-e-nucleo-da-escola-federativa\/#breadcrumb"},"inLanguage":"pt-BR","potentialAction":[{"@type":"ReadAction","target":["https:\/\/radiolifefm.com.br\/noticias\/adamantina-e-nucleo-da-escola-federativa\/"]}]},{"@type":"ImageObject","inLanguage":"pt-BR","@id":"https:\/\/radiolifefm.com.br\/noticias\/adamantina-e-nucleo-da-escola-federativa\/#primaryimage","url":"https:\/\/radiolifefm.com.br\/noticias\/wp-content\/uploads\/2022\/10\/download-2.jpeg","contentUrl":"https:\/\/radiolifefm.com.br\/noticias\/wp-content\/uploads\/2022\/10\/download-2.jpeg","width":278,"height":181,"caption":"Plataforma oferece gratuitamente cursos, semin\u00e1rios e atividades voltadas a capacita\u00e7\u00e3o de servidores p\u00fablicos, agentes p\u00fablicos e popula\u00e7\u00e3o"},{"@type":"BreadcrumbList","@id":"https:\/\/radiolifefm.com.br\/noticias\/adamantina-e-nucleo-da-escola-federativa\/#breadcrumb","itemListElement":[{"@type":"ListItem","position":1,"name":"In\u00edcio","item":"https:\/\/radiolifefm.com.br\/noticias\/"},{"@type":"ListItem","position":2,"name":"Adamantina \u00e9 N\u00facleo da Escola Federativa"}]},{"@type":"WebSite","@id":"https:\/\/radiolifefm.com.br\/noticias\/#website","url":"https:\/\/radiolifefm.com.br\/noticias\/","name":"R\u00e1dio Life FM","description":"O Portal de Not\u00edcias de Adamantina","publisher":{"@id":"https:\/\/radiolifefm.com.br\/noticias\/#organization"},"alternateName":"Life FM","potentialAction":[{"@type":"SearchAction","target":{"@type":"EntryPoint","urlTemplate":"https:\/\/radiolifefm.com.br\/noticias\/?s={search_term_string}"},"query-input":{"@type":"PropertyValueSpecification","valueRequired":true,"valueName":"search_term_string"}}],"inLanguage":"pt-BR"},{"@type":"Organization","@id":"https:\/\/radiolifefm.com.br\/noticias\/#organization","name":"R\u00e1dio Life FM","alternateName":"Life FM","url":"https:\/\/radiolifefm.com.br\/noticias\/","logo":{"@type":"ImageObject","inLanguage":"pt-BR","@id":"https:\/\/radiolifefm.com.br\/noticias\/#\/schema\/logo\/image\/","url":"https:\/\/static.radiolifefm.com.br\/noticias\/wp-content\/uploads\/2019\/10\/logo-lifefm.png","contentUrl":"https:\/\/static.radiolifefm.com.br\/noticias\/wp-content\/uploads\/2019\/10\/logo-lifefm.png","width":196,"height":47,"caption":"R\u00e1dio Life FM"},"image":{"@id":"https:\/\/radiolifefm.com.br\/noticias\/#\/schema\/logo\/image\/"},"sameAs":["https:\/\/www.facebook.com\/radiolifefm\/","https:\/\/www.instagram.com\/life1079fm\/"]},{"@type":"Person","@id":"https:\/\/radiolifefm.com.br\/noticias\/#\/schema\/person\/6339b9fac59d12b071dec680d7375d87","name":"ritanery","image":{"@type":"ImageObject","inLanguage":"pt-BR","@id":"https:\/\/secure.gravatar.com\/avatar\/0e37bb19071f47c0b8a23f62a903df117c5a0e75f65a0c2901562f97cd41cf86?s=96&d=mm&r=g","url":"https:\/\/secure.gravatar.com\/avatar\/0e37bb19071f47c0b8a23f62a903df117c5a0e75f65a0c2901562f97cd41cf86?s=96&d=mm&r=g","contentUrl":"https:\/\/secure.gravatar.com\/avatar\/0e37bb19071f47c0b8a23f62a903df117c5a0e75f65a0c2901562f97cd41cf86?s=96&d=mm&r=g","caption":"ritanery"}}]}},"amp_enabled":true,"_links":{"self":[{"href":"https:\/\/radiolifefm.com.br\/noticias\/wp-json\/wp\/v2\/posts\/58942","targetHints":{"allow":["GET"]}}],"collection":[{"href":"https:\/\/radiolifefm.com.br\/noticias\/wp-json\/wp\/v2\/posts"}],"about":[{"href":"https:\/\/radiolifefm.com.br\/noticias\/wp-json\/wp\/v2\/types\/post"}],"author":[{"embeddable":true,"href":"https:\/\/radiolifefm.com.br\/noticias\/wp-json\/wp\/v2\/users\/13"}],"replies":[{"embeddable":true,"href":"https:\/\/radiolifefm.com.br\/noticias\/wp-json\/wp\/v2\/comments?post=58942"}],"version-history":[{"count":4,"href":"https:\/\/radiolifefm.com.br\/noticias\/wp-json\/wp\/v2\/posts\/58942\/revisions"}],"predecessor-version":[{"id":58947,"href":"https:\/\/radiolifefm.com.br\/noticias\/wp-json\/wp\/v2\/posts\/58942\/revisions\/58947"}],"wp:featuredmedia":[{"embeddable":true,"href":"https:\/\/radiolifefm.com.br\/noticias\/wp-json\/wp\/v2\/media\/58943"}],"wp:attachment":[{"href":"https:\/\/radiolifefm.com.br\/noticias\/wp-json\/wp\/v2\/media?parent=58942"}],"wp:term":[{"taxonomy":"category","embeddable":true,"href":"https:\/\/radiolifefm.com.br\/noticias\/wp-json\/wp\/v2\/categories?post=58942"},{"taxonomy":"post_tag","embeddable":true,"href":"https:\/\/radiolifefm.com.br\/noticias\/wp-json\/wp\/v2\/tags?post=58942"}],"curies":[{"name":"wp","href":"https:\/\/api.w.org\/{rel}","templated":true}]}}