{"id":58839,"date":"2022-10-03T08:28:07","date_gmt":"2022-10-03T11:28:07","guid":{"rendered":"https:\/\/radiolifefm.com.br\/noticias\/?p=58839"},"modified":"2026-04-24T10:11:08","modified_gmt":"2026-04-24T13:11:08","slug":"eleicoes-em-adamantina-sp-veja-como-foi-a-votacao-no-1o-turno","status":"publish","type":"post","link":"https:\/\/radiolifefm.com.br\/noticias\/eleicoes-em-adamantina-sp-veja-como-foi-a-votacao-no-1o-turno\/","title":{"rendered":"Elei\u00e7\u00f5es em Adamantina (SP): Veja como foi a vota\u00e7\u00e3o no 1\u00ba turno"},"content":{"rendered":"<div id=\"fb-root\"><\/div>\n<div class=\"mc-column content-text active-extra-styles active-capital-letter\" data-block-type=\"unstyled\" data-block-weight=\"24\" data-block-id=\"2\">\n<p class=\"content-text__container theme-color-primary-first-letter\" data-track-category=\"Link no Texto\" data-track-links=\"\">Adamantina (SP) definiu os votos para presidente, governador, senador, deputado federal e deputado estadual no primeiro turno das elei\u00e7\u00f5es 2022, realizado neste domingo (2).<\/p>\n<\/div>\n<div class=\"wall protected-content\">\n<div class=\"mc-column content-text active-extra-styles \" data-block-type=\"unstyled\" data-block-weight=\"32\" data-block-id=\"3\">\n<p class=\"content-text__container \" data-track-category=\"Link no Texto\" data-track-links=\"\">Os candidatos mais votados na cidade n\u00e3o foram necessariamente eleitos, j\u00e1 que esta \u00e9 uma elei\u00e7\u00e3o de \u00e2mbito estadual e nacional. Os n\u00fameros abaixo se referem apenas aos votos em Adamantina (SP)<\/p>\n<\/div>\n<div class=\"mc-column content-text active-extra-styles \" data-block-type=\"unstyled\" data-block-weight=\"29\" data-block-id=\"4\">\n<p class=\"content-text__container \" data-track-category=\"Link no Texto\" data-track-links=\"\">Jair Bolsonaro, do PL, foi o candidato mais votado para a Presid\u00eancia da Rep\u00fablica na cidade. Para o cargo de governador de SP, Tarc\u00edsio, do REP, recebeu mais votos.<\/p>\n<div class=\"mc-column content-text active-extra-styles \" data-block-type=\"unstyled\" data-block-weight=\"32\" data-block-id=\"6\">\n<p class=\"content-text__container \" data-track-category=\"Link no Texto\" data-track-links=\"\">Ao fim da apura\u00e7\u00e3o na cidade, Jair Bolsonaro, do PL, teve 68,80% dos votos para a Presid\u00eancia (13.529 votos), enquanto Lula foi a escolha de 23,89% dos eleitores (4.697 votos) do munic\u00edpio.<\/p>\n<\/div>\n<div class=\"mc-column content-text active-extra-styles \" data-block-type=\"unstyled\" data-block-weight=\"30\" data-block-id=\"7\">\n<p class=\"content-text__container \" data-track-category=\"Link no Texto\" data-track-links=\"\">Para o cargo de governador, Tarc\u00edsio recebeu 66,00% dos votos (11.940 votos) entre os eleitores de Adamantina (SP). O segundo colocado nesse cen\u00e1rio foi Fernando Haddad, com 18,45% (3.337 votos).<\/p>\n<\/div>\n<div class=\"mc-column content-text active-extra-styles \" data-block-type=\"unstyled\" data-block-weight=\"24\" data-block-id=\"8\">\n<p class=\"content-text__container \" data-track-category=\"Link no Texto\" data-track-links=\"\">Para o Senado, Astronauta Marcos Pontes liderou as escolhas do munic\u00edpio, com 12431 votos, vence quem obtiver a maior soma de votos no estado.<\/p>\n<\/div>\n<div class=\"mc-column content-text active-extra-styles \" data-block-type=\"unstyled\" data-block-weight=\"45\" data-block-id=\"9\">\n<p class=\"content-text__container \" data-track-category=\"Link no Texto\" data-track-links=\"\">Guilherme Piai foi o mais votado pela cidade para ocupar um cargo na C\u00e2mara dos Deputados, com 2477 votos \u2013 para se eleger, \u00e9 preciso que o candidato e seu partido estejam entre os mais votados no estado para\u00a0<a href=\"https:\/\/g1.globo.com\/politica\/eleicoes\/2018\/noticia\/2018\/09\/18\/funciona-assim-como-sao-escolhidos-os-deputados-e-senadores.ghtml\">atingir o quociente eleitoral e partid\u00e1rio<\/a>.<\/p>\n<\/div>\n<div class=\"content-ads content-ads--reveal\" data-block-type=\"ads\" data-block-id=\"10\"><\/div>\n<div class=\"mc-column content-text active-extra-styles \" data-block-type=\"unstyled\" data-block-weight=\"47\" data-block-id=\"11\">\n<p class=\"content-text__container \" data-track-category=\"Link no Texto\" data-track-links=\"\">Para o cargo de deputado estadual, H\u00e9lio Malheiros foi o mais votado pela cidade, com 2073 votos \u2013 assim como ocorre para o cargo federal, \u00e9 preciso que o candidato e seu partido estejam entre os mais votados no estado para atingir o quociente eleitoral e partid\u00e1rio.<\/p>\n<\/div>\n<div class=\"mc-column content-text active-extra-styles \" data-block-type=\"unstyled\" data-block-weight=\"9\" data-block-id=\"12\">\n<p class=\"content-text__container \" data-track-category=\"Link no Texto\" data-track-links=\"\">A elei\u00e7\u00e3o em Adamantina (SP) teve 25,30% de absten\u00e7\u00e3o.<\/p>\n<\/div>\n<div class=\"mc-column content-text active-extra-styles \" data-block-type=\"unstyled\" data-block-weight=\"9\" data-block-id=\"13\">\n<p class=\"content-text__container \" data-track-category=\"Link no Texto\" data-track-links=\"\">Veja abaixo como cada candidato se saiu em Adamantina\/SP:<\/p>\n<div class=\"mc-column content-text active-extra-styles \" data-block-type=\"unstyled\" data-block-weight=\"8\" data-block-id=\"14\">\n<p class=\"content-text__container \" data-track-category=\"Link no Texto\" data-track-links=\"\"><strong>Presidente da Rep\u00fablica &#8211; vota\u00e7\u00e3o em Adamantina (SP)<\/strong><\/p>\n<\/div>\n<div class=\"mc-column content-text active-extra-styles\" data-block-type=\"raw\" data-block-weight=\"71\" data-block-id=\"15\">\n<p class=\"content-text__container\">\n<ul class=\"content-unordered-list\">\n<li>Jair Bolsonaro (PL): 13.529 votos (68,80%)<\/li>\n<li>Lula (PT): 4.697 votos (23,89%)<\/li>\n<li>Simone Tebet (MDB): 810 votos (4,12%)<\/li>\n<li>Ciro Gomes (PDT): 406 votos (2,06%)<\/li>\n<li>Soraya Thronicke (UNI\u00c3O): 113 votos (0,57%)<\/li>\n<li>Felipe D Avila (Novo): 81 votos (0,41%)<\/li>\n<li>Sofia Manzano (PCB): 13 votos (0,07%)<\/li>\n<li>Padre Kelmon (PTB): 9 votos (0,05%)<\/li>\n<li>L\u00e9o P\u00e9ricles (UP): 3 votos (0,02%)<\/li>\n<li>Vera (PSTU): 2 votos (0,01%)<\/li>\n<li>Constituinte Eymael (DC): 0 votos (0,00%)<\/li>\n<li>Brancos &#8211; 2,25%<\/li>\n<li>Nulos &#8211; 2,49%<\/li>\n<\/ul>\n<p>&nbsp;<\/p>\n<\/div>\n<div class=\"mc-column content-text active-extra-styles \" data-block-type=\"unstyled\" data-block-weight=\"6\" data-block-id=\"16\">\n<p class=\"content-text__container \" data-track-category=\"Link no Texto\" data-track-links=\"\"><strong>Governador &#8211; vota\u00e7\u00e3o em Adamantina (SP)<\/strong><\/p>\n<\/div>\n<div class=\"mc-column content-text active-extra-styles\" data-block-type=\"raw\" data-block-weight=\"64\" data-block-id=\"17\">\n<p class=\"content-text__container\">\n<ul class=\"content-unordered-list\">\n<li>Tarc\u00edsio (REP): 11.940 votos (66,00%)<\/li>\n<li>Fernando Haddad (PT): 3.337 votos (18,45%)<\/li>\n<li>Rodrigo Garcia (PSDB): 2.496 votos (13,80%)<\/li>\n<li>Vinicius Poit (Novo): 149 votos (0,82%)<\/li>\n<li>Elvis Cezar (PDT): 104 votos (0,57%)<\/li>\n<li>Carol Vigliar (UP): 25 votos (0,14%)<\/li>\n<li>Gabriel Colombo (PCB): 23 votos (0,13%)<\/li>\n<li>Altino (PSTU): 7 votos (0,04%)<\/li>\n<li>Edson Dorta (PCO): 5 votos (0,03%)<\/li>\n<li>Antonio Jorge (DC): 5 votos (0,03%)<\/li>\n<li>Brancos &#8211; 6,23%<\/li>\n<li>Nulos &#8211; 6,13%<\/li>\n<\/ul>\n<p>&nbsp;<\/p>\n<\/div>\n<div class=\"content-ads content-ads--reveal\" data-block-type=\"ads\" data-block-id=\"18\"><\/div>\n<div class=\"mc-column content-text active-extra-styles \" data-block-type=\"unstyled\" data-block-weight=\"6\" data-block-id=\"19\">\n<p class=\"content-text__container \" data-track-category=\"Link no Texto\" data-track-links=\"\"><strong>Senador &#8211; vota\u00e7\u00e3o em Adamantina (SP)<\/strong><\/p>\n<\/div>\n<div class=\"mc-column content-text active-extra-styles\" data-block-type=\"raw\" data-block-weight=\"82\" data-block-id=\"20\">\n<p class=\"content-text__container\">\n<ul class=\"content-unordered-list\">\n<li>Astronauta Marcos Pontes (PL): 12431 votos (72,17%)<\/li>\n<li>M\u00e1rcio Fran\u00e7a (PSB): 3026 votos (17,57%)<\/li>\n<li>Edson Aparecido (MDB): 1285 votos (7,46%)<\/li>\n<li>Janaina Paschoal (PRTB): 168 votos (0,98%)<\/li>\n<li>Aldo Rebelo (PDT): 129 votos (0,75%)<\/li>\n<li>Ricardo Mell\u00e3o (Novo): 91 votos (0,53%)<\/li>\n<li>Vivian Mendes (UNIDADE POPULAR): 58 votos (0,34%)<\/li>\n<li>Prof. Tito Bellini (PCB): 18 votos (0,10%)<\/li>\n<li>Dr. Azkoul (DC): 10 votos (0,06%)<\/li>\n<li>Ant\u00f4nio Carlos (PCO): 7 votos (0,04%) *candidatura anulada &#8211; candidato recorre<\/li>\n<li>Mancha Coletivo Socialista (PSTU): 2 votos (0,01%)<\/li>\n<li>Brancos &#8211; 9,18%<\/li>\n<li>Nulos &#8211; 7,37%<\/li>\n<\/ul>\n<p>&nbsp;<\/p>\n<\/div>\n<div class=\"mc-column content-text active-extra-styles \" data-block-type=\"unstyled\" data-block-weight=\"9\" data-block-id=\"21\">\n<p class=\"content-text__container \" data-track-category=\"Link no Texto\" data-track-links=\"\"><strong>Os 10 deputados federais mais votados em Adamantina (SP)<\/strong><\/p>\n<\/div>\n<div class=\"mc-column content-text active-extra-styles\" data-block-type=\"raw\" data-block-weight=\"67\" data-block-id=\"22\">\n<p class=\"content-text__container\">\n<ul class=\"content-unordered-list\">\n<li>Guilherme Piai (Republicanos): 2477 votos (13,63%)<\/li>\n<li>Vinicius Marchese (PSD): 1247 votos (6,86%)<\/li>\n<li>Reinaldo Alguz (UNI\u00c3O BRASIL): 970 votos (5,34%)<\/li>\n<li>Carla Zambelli (PL): 841 votos (4,63%)<\/li>\n<li>Ricardo Salles (PL): 762 votos (4,19%)<\/li>\n<li>Gilberto Nascimento (PSC): 707 votos (3,89%)<\/li>\n<li>Eduardo Bolsonaro (PL): 678 votos (3,73%)<\/li>\n<li>Vanderlei Macris (PSDB): 402 votos (2,21%)<\/li>\n<li>Vinicius Carvalho (Republicanos): 334 votos (1,84%)<\/li>\n<li>Fausto Pinato (PROGRESSISTAS): 308 votos (1,69%)<\/li>\n<li>Brancos &#8211; 8,20%<\/li>\n<li>Nulos &#8211; 3,75%<\/li>\n<\/ul>\n<p>&nbsp;<\/p>\n<\/div>\n<div class=\"mc-column content-text active-extra-styles \" data-block-type=\"unstyled\" data-block-weight=\"9\" data-block-id=\"23\">\n<p class=\"content-text__container \" data-track-category=\"Link no Texto\" data-track-links=\"\"><strong>Os 10 deputados estaduais mais votados em Adamantina (SP)<\/strong><\/p>\n<\/div>\n<div class=\"mc-column content-text active-extra-styles\" data-block-type=\"raw\" data-block-weight=\"69\" data-block-id=\"24\">\n<p class=\"content-text__container\">\n<ul class=\"content-unordered-list\">\n<li>H\u00e9lio Malheiros (UNI\u00c3O BRASIL): 2073 votos (11,46%)<\/li>\n<li>Mauro Bragato (PSDB): 2036 votos (11,26%)<\/li>\n<li>Prof H\u00e9lio (PROGRESSISTAS): 1705 votos (9,43%)<\/li>\n<li>Everton Sodario (PATRIOTAS): 1027 votos (5,68%)<\/li>\n<li>Valeria Bolsonaro (PL): 739 votos (4,09%)<\/li>\n<li>Marcos Lama (MDB): 549 votos (3,04%)<\/li>\n<li>Delegado Gustavo Mesquita (PSC): 534 votos (2,95%)<\/li>\n<li>Marcio Barreto (PDT): 352 votos (1,95%)<\/li>\n<li>T\u00e2nia Fruchi (UNI\u00c3O BRASIL): 331 votos (1,83%)<\/li>\n<li>Sebasti\u00e3o Santos (Republicanos): 328 votos (1,81%)<\/li>\n<li>Brancos &#8211; 8,75%<\/li>\n<li>Nulos &#8211; 3,63%\n<p>Fonte:G1<\/li>\n<\/ul>\n<\/div>\n<\/div>\n<\/div>\n<\/div>\n","protected":false},"excerpt":{"rendered":"<p>Adamantina (SP) definiu os votos para presidente, governador, senador, deputado federal e deputado estadual no primeiro turno das elei\u00e7\u00f5es 2022, realizado neste domingo (2). Os candidatos mais votados na cidade n\u00e3o foram necessariamente eleitos, j\u00e1 que esta \u00e9 uma elei\u00e7\u00e3o de \u00e2mbito estadual e nacional. Os n\u00fameros abaixo se referem apenas aos votos em Adamantina [&hellip;]<\/p>\n","protected":false},"author":13,"featured_media":58840,"comment_status":"closed","ping_status":"open","sticky":false,"template":"","format":"standard","meta":{"_acf_changed":false,"_exactmetrics_skip_tracking":false,"_exactmetrics_sitenote_active":false,"_exactmetrics_sitenote_note":"","_exactmetrics_sitenote_category":0,"footnotes":""},"categories":[21],"tags":[],"class_list":["post-58839","post","type-post","status-publish","format-standard","has-post-thumbnail","hentry","category-adamantina"],"acf":[],"yoast_head":"<!-- This site is optimized with the Yoast SEO plugin v27.2 - https:\/\/yoast.com\/product\/yoast-seo-wordpress\/ -->\n<title>Elei\u00e7\u00f5es em Adamantina (SP): Veja como foi a vota\u00e7\u00e3o no 1\u00ba turno - R\u00e1dio Life FM<\/title>\n<meta name=\"robots\" content=\"index, follow, max-snippet:-1, max-image-preview:large, max-video-preview:-1\" \/>\n<link rel=\"canonical\" href=\"https:\/\/radiolifefm.com.br\/noticias\/eleicoes-em-adamantina-sp-veja-como-foi-a-votacao-no-1o-turno\/\" \/>\n<meta property=\"og:locale\" content=\"pt_BR\" \/>\n<meta property=\"og:type\" content=\"article\" \/>\n<meta property=\"og:title\" content=\"Elei\u00e7\u00f5es em Adamantina (SP): Veja como foi a vota\u00e7\u00e3o no 1\u00ba turno - R\u00e1dio Life FM\" \/>\n<meta property=\"og:description\" content=\"Adamantina (SP) definiu os votos para presidente, governador, senador, deputado federal e deputado estadual no primeiro turno das elei\u00e7\u00f5es 2022, realizado neste domingo (2). Os candidatos mais votados na cidade n\u00e3o foram necessariamente eleitos, j\u00e1 que esta \u00e9 uma elei\u00e7\u00e3o de \u00e2mbito estadual e nacional. Os n\u00fameros abaixo se referem apenas aos votos em Adamantina [&hellip;]\" \/>\n<meta property=\"og:url\" content=\"https:\/\/radiolifefm.com.br\/noticias\/eleicoes-em-adamantina-sp-veja-como-foi-a-votacao-no-1o-turno\/\" \/>\n<meta property=\"og:site_name\" content=\"R\u00e1dio Life FM\" \/>\n<meta property=\"article:publisher\" content=\"https:\/\/www.facebook.com\/radiolifefm\/\" \/>\n<meta property=\"article:published_time\" content=\"2022-10-03T11:28:07+00:00\" \/>\n<meta property=\"article:modified_time\" content=\"2026-04-24T13:11:08+00:00\" \/>\n<meta property=\"og:image\" content=\"https:\/\/radiolifefm.com.br\/noticias\/wp-content\/uploads\/2022\/10\/eleicoes-1170x700-destaque-materia_2022-08-08.jpg\" \/>\n\t<meta property=\"og:image:width\" content=\"1170\" \/>\n\t<meta property=\"og:image:height\" content=\"700\" \/>\n\t<meta property=\"og:image:type\" content=\"image\/jpeg\" \/>\n<meta name=\"author\" content=\"ritanery\" \/>\n<meta name=\"twitter:card\" content=\"summary_large_image\" \/>\n<meta name=\"twitter:label1\" content=\"Escrito por\" \/>\n\t<meta name=\"twitter:data1\" content=\"ritanery\" \/>\n\t<meta name=\"twitter:label2\" content=\"Est. tempo de leitura\" \/>\n\t<meta name=\"twitter:data2\" content=\"4 minutos\" \/>\n<script type=\"application\/ld+json\" class=\"yoast-schema-graph\">{\"@context\":\"https:\/\/schema.org\",\"@graph\":[{\"@type\":\"Article\",\"@id\":\"https:\/\/radiolifefm.com.br\/noticias\/eleicoes-em-adamantina-sp-veja-como-foi-a-votacao-no-1o-turno\/#article\",\"isPartOf\":{\"@id\":\"https:\/\/radiolifefm.com.br\/noticias\/eleicoes-em-adamantina-sp-veja-como-foi-a-votacao-no-1o-turno\/\"},\"author\":{\"name\":\"ritanery\",\"@id\":\"https:\/\/radiolifefm.com.br\/noticias\/#\/schema\/person\/6339b9fac59d12b071dec680d7375d87\"},\"headline\":\"Elei\u00e7\u00f5es em Adamantina (SP): Veja como foi a vota\u00e7\u00e3o no 1\u00ba turno\",\"datePublished\":\"2022-10-03T11:28:07+00:00\",\"dateModified\":\"2026-04-24T13:11:08+00:00\",\"mainEntityOfPage\":{\"@id\":\"https:\/\/radiolifefm.com.br\/noticias\/eleicoes-em-adamantina-sp-veja-como-foi-a-votacao-no-1o-turno\/\"},\"wordCount\":594,\"publisher\":{\"@id\":\"https:\/\/radiolifefm.com.br\/noticias\/#organization\"},\"image\":{\"@id\":\"https:\/\/radiolifefm.com.br\/noticias\/eleicoes-em-adamantina-sp-veja-como-foi-a-votacao-no-1o-turno\/#primaryimage\"},\"thumbnailUrl\":\"https:\/\/radiolifefm.com.br\/noticias\/wp-content\/uploads\/2022\/10\/eleicoes-1170x700-destaque-materia_2022-08-08.jpg\",\"articleSection\":[\"Adamantina\"],\"inLanguage\":\"pt-BR\"},{\"@type\":\"WebPage\",\"@id\":\"https:\/\/radiolifefm.com.br\/noticias\/eleicoes-em-adamantina-sp-veja-como-foi-a-votacao-no-1o-turno\/\",\"url\":\"https:\/\/radiolifefm.com.br\/noticias\/eleicoes-em-adamantina-sp-veja-como-foi-a-votacao-no-1o-turno\/\",\"name\":\"Elei\u00e7\u00f5es em Adamantina (SP): Veja como foi a vota\u00e7\u00e3o no 1\u00ba turno - R\u00e1dio Life FM\",\"isPartOf\":{\"@id\":\"https:\/\/radiolifefm.com.br\/noticias\/#website\"},\"primaryImageOfPage\":{\"@id\":\"https:\/\/radiolifefm.com.br\/noticias\/eleicoes-em-adamantina-sp-veja-como-foi-a-votacao-no-1o-turno\/#primaryimage\"},\"image\":{\"@id\":\"https:\/\/radiolifefm.com.br\/noticias\/eleicoes-em-adamantina-sp-veja-como-foi-a-votacao-no-1o-turno\/#primaryimage\"},\"thumbnailUrl\":\"https:\/\/radiolifefm.com.br\/noticias\/wp-content\/uploads\/2022\/10\/eleicoes-1170x700-destaque-materia_2022-08-08.jpg\",\"datePublished\":\"2022-10-03T11:28:07+00:00\",\"dateModified\":\"2026-04-24T13:11:08+00:00\",\"breadcrumb\":{\"@id\":\"https:\/\/radiolifefm.com.br\/noticias\/eleicoes-em-adamantina-sp-veja-como-foi-a-votacao-no-1o-turno\/#breadcrumb\"},\"inLanguage\":\"pt-BR\",\"potentialAction\":[{\"@type\":\"ReadAction\",\"target\":[\"https:\/\/radiolifefm.com.br\/noticias\/eleicoes-em-adamantina-sp-veja-como-foi-a-votacao-no-1o-turno\/\"]}]},{\"@type\":\"ImageObject\",\"inLanguage\":\"pt-BR\",\"@id\":\"https:\/\/radiolifefm.com.br\/noticias\/eleicoes-em-adamantina-sp-veja-como-foi-a-votacao-no-1o-turno\/#primaryimage\",\"url\":\"https:\/\/radiolifefm.com.br\/noticias\/wp-content\/uploads\/2022\/10\/eleicoes-1170x700-destaque-materia_2022-08-08.jpg\",\"contentUrl\":\"https:\/\/radiolifefm.com.br\/noticias\/wp-content\/uploads\/2022\/10\/eleicoes-1170x700-destaque-materia_2022-08-08.jpg\",\"width\":1170,\"height\":700,\"caption\":\"Lei vale tamb\u00e9m para fiscal eleitoral, mes\u00e1rio e delegado de partido\"},{\"@type\":\"BreadcrumbList\",\"@id\":\"https:\/\/radiolifefm.com.br\/noticias\/eleicoes-em-adamantina-sp-veja-como-foi-a-votacao-no-1o-turno\/#breadcrumb\",\"itemListElement\":[{\"@type\":\"ListItem\",\"position\":1,\"name\":\"In\u00edcio\",\"item\":\"https:\/\/radiolifefm.com.br\/noticias\/\"},{\"@type\":\"ListItem\",\"position\":2,\"name\":\"Elei\u00e7\u00f5es em Adamantina (SP): Veja como foi a vota\u00e7\u00e3o no 1\u00ba turno\"}]},{\"@type\":\"WebSite\",\"@id\":\"https:\/\/radiolifefm.com.br\/noticias\/#website\",\"url\":\"https:\/\/radiolifefm.com.br\/noticias\/\",\"name\":\"R\u00e1dio Life FM\",\"description\":\"O Portal de Not\u00edcias de Adamantina\",\"publisher\":{\"@id\":\"https:\/\/radiolifefm.com.br\/noticias\/#organization\"},\"alternateName\":\"Life FM\",\"potentialAction\":[{\"@type\":\"SearchAction\",\"target\":{\"@type\":\"EntryPoint\",\"urlTemplate\":\"https:\/\/radiolifefm.com.br\/noticias\/?s={search_term_string}\"},\"query-input\":{\"@type\":\"PropertyValueSpecification\",\"valueRequired\":true,\"valueName\":\"search_term_string\"}}],\"inLanguage\":\"pt-BR\"},{\"@type\":\"Organization\",\"@id\":\"https:\/\/radiolifefm.com.br\/noticias\/#organization\",\"name\":\"R\u00e1dio Life FM\",\"alternateName\":\"Life FM\",\"url\":\"https:\/\/radiolifefm.com.br\/noticias\/\",\"logo\":{\"@type\":\"ImageObject\",\"inLanguage\":\"pt-BR\",\"@id\":\"https:\/\/radiolifefm.com.br\/noticias\/#\/schema\/logo\/image\/\",\"url\":\"https:\/\/static.radiolifefm.com.br\/noticias\/wp-content\/uploads\/2019\/10\/logo-lifefm.png\",\"contentUrl\":\"https:\/\/static.radiolifefm.com.br\/noticias\/wp-content\/uploads\/2019\/10\/logo-lifefm.png\",\"width\":196,\"height\":47,\"caption\":\"R\u00e1dio Life FM\"},\"image\":{\"@id\":\"https:\/\/radiolifefm.com.br\/noticias\/#\/schema\/logo\/image\/\"},\"sameAs\":[\"https:\/\/www.facebook.com\/radiolifefm\/\",\"https:\/\/www.instagram.com\/life1079fm\/\"]},{\"@type\":\"Person\",\"@id\":\"https:\/\/radiolifefm.com.br\/noticias\/#\/schema\/person\/6339b9fac59d12b071dec680d7375d87\",\"name\":\"ritanery\",\"image\":{\"@type\":\"ImageObject\",\"inLanguage\":\"pt-BR\",\"@id\":\"https:\/\/secure.gravatar.com\/avatar\/0e37bb19071f47c0b8a23f62a903df117c5a0e75f65a0c2901562f97cd41cf86?s=96&d=mm&r=g\",\"url\":\"https:\/\/secure.gravatar.com\/avatar\/0e37bb19071f47c0b8a23f62a903df117c5a0e75f65a0c2901562f97cd41cf86?s=96&d=mm&r=g\",\"contentUrl\":\"https:\/\/secure.gravatar.com\/avatar\/0e37bb19071f47c0b8a23f62a903df117c5a0e75f65a0c2901562f97cd41cf86?s=96&d=mm&r=g\",\"caption\":\"ritanery\"}}]}<\/script>\n<!-- \/ Yoast SEO plugin. -->","yoast_head_json":{"title":"Elei\u00e7\u00f5es em Adamantina (SP): Veja como foi a vota\u00e7\u00e3o no 1\u00ba turno - R\u00e1dio Life FM","robots":{"index":"index","follow":"follow","max-snippet":"max-snippet:-1","max-image-preview":"max-image-preview:large","max-video-preview":"max-video-preview:-1"},"canonical":"https:\/\/radiolifefm.com.br\/noticias\/eleicoes-em-adamantina-sp-veja-como-foi-a-votacao-no-1o-turno\/","og_locale":"pt_BR","og_type":"article","og_title":"Elei\u00e7\u00f5es em Adamantina (SP): Veja como foi a vota\u00e7\u00e3o no 1\u00ba turno - R\u00e1dio Life FM","og_description":"Adamantina (SP) definiu os votos para presidente, governador, senador, deputado federal e deputado estadual no primeiro turno das elei\u00e7\u00f5es 2022, realizado neste domingo (2). Os candidatos mais votados na cidade n\u00e3o foram necessariamente eleitos, j\u00e1 que esta \u00e9 uma elei\u00e7\u00e3o de \u00e2mbito estadual e nacional. Os n\u00fameros abaixo se referem apenas aos votos em Adamantina [&hellip;]","og_url":"https:\/\/radiolifefm.com.br\/noticias\/eleicoes-em-adamantina-sp-veja-como-foi-a-votacao-no-1o-turno\/","og_site_name":"R\u00e1dio Life FM","article_publisher":"https:\/\/www.facebook.com\/radiolifefm\/","article_published_time":"2022-10-03T11:28:07+00:00","article_modified_time":"2026-04-24T13:11:08+00:00","og_image":[{"width":1170,"height":700,"url":"https:\/\/radiolifefm.com.br\/noticias\/wp-content\/uploads\/2022\/10\/eleicoes-1170x700-destaque-materia_2022-08-08.jpg","type":"image\/jpeg"}],"author":"ritanery","twitter_card":"summary_large_image","twitter_misc":{"Escrito por":"ritanery","Est. tempo de leitura":"4 minutos"},"schema":{"@context":"https:\/\/schema.org","@graph":[{"@type":"Article","@id":"https:\/\/radiolifefm.com.br\/noticias\/eleicoes-em-adamantina-sp-veja-como-foi-a-votacao-no-1o-turno\/#article","isPartOf":{"@id":"https:\/\/radiolifefm.com.br\/noticias\/eleicoes-em-adamantina-sp-veja-como-foi-a-votacao-no-1o-turno\/"},"author":{"name":"ritanery","@id":"https:\/\/radiolifefm.com.br\/noticias\/#\/schema\/person\/6339b9fac59d12b071dec680d7375d87"},"headline":"Elei\u00e7\u00f5es em Adamantina (SP): Veja como foi a vota\u00e7\u00e3o no 1\u00ba turno","datePublished":"2022-10-03T11:28:07+00:00","dateModified":"2026-04-24T13:11:08+00:00","mainEntityOfPage":{"@id":"https:\/\/radiolifefm.com.br\/noticias\/eleicoes-em-adamantina-sp-veja-como-foi-a-votacao-no-1o-turno\/"},"wordCount":594,"publisher":{"@id":"https:\/\/radiolifefm.com.br\/noticias\/#organization"},"image":{"@id":"https:\/\/radiolifefm.com.br\/noticias\/eleicoes-em-adamantina-sp-veja-como-foi-a-votacao-no-1o-turno\/#primaryimage"},"thumbnailUrl":"https:\/\/radiolifefm.com.br\/noticias\/wp-content\/uploads\/2022\/10\/eleicoes-1170x700-destaque-materia_2022-08-08.jpg","articleSection":["Adamantina"],"inLanguage":"pt-BR"},{"@type":"WebPage","@id":"https:\/\/radiolifefm.com.br\/noticias\/eleicoes-em-adamantina-sp-veja-como-foi-a-votacao-no-1o-turno\/","url":"https:\/\/radiolifefm.com.br\/noticias\/eleicoes-em-adamantina-sp-veja-como-foi-a-votacao-no-1o-turno\/","name":"Elei\u00e7\u00f5es em Adamantina (SP): Veja como foi a vota\u00e7\u00e3o no 1\u00ba turno - R\u00e1dio Life FM","isPartOf":{"@id":"https:\/\/radiolifefm.com.br\/noticias\/#website"},"primaryImageOfPage":{"@id":"https:\/\/radiolifefm.com.br\/noticias\/eleicoes-em-adamantina-sp-veja-como-foi-a-votacao-no-1o-turno\/#primaryimage"},"image":{"@id":"https:\/\/radiolifefm.com.br\/noticias\/eleicoes-em-adamantina-sp-veja-como-foi-a-votacao-no-1o-turno\/#primaryimage"},"thumbnailUrl":"https:\/\/radiolifefm.com.br\/noticias\/wp-content\/uploads\/2022\/10\/eleicoes-1170x700-destaque-materia_2022-08-08.jpg","datePublished":"2022-10-03T11:28:07+00:00","dateModified":"2026-04-24T13:11:08+00:00","breadcrumb":{"@id":"https:\/\/radiolifefm.com.br\/noticias\/eleicoes-em-adamantina-sp-veja-como-foi-a-votacao-no-1o-turno\/#breadcrumb"},"inLanguage":"pt-BR","potentialAction":[{"@type":"ReadAction","target":["https:\/\/radiolifefm.com.br\/noticias\/eleicoes-em-adamantina-sp-veja-como-foi-a-votacao-no-1o-turno\/"]}]},{"@type":"ImageObject","inLanguage":"pt-BR","@id":"https:\/\/radiolifefm.com.br\/noticias\/eleicoes-em-adamantina-sp-veja-como-foi-a-votacao-no-1o-turno\/#primaryimage","url":"https:\/\/radiolifefm.com.br\/noticias\/wp-content\/uploads\/2022\/10\/eleicoes-1170x700-destaque-materia_2022-08-08.jpg","contentUrl":"https:\/\/radiolifefm.com.br\/noticias\/wp-content\/uploads\/2022\/10\/eleicoes-1170x700-destaque-materia_2022-08-08.jpg","width":1170,"height":700,"caption":"Lei vale tamb\u00e9m para fiscal eleitoral, mes\u00e1rio e delegado de partido"},{"@type":"BreadcrumbList","@id":"https:\/\/radiolifefm.com.br\/noticias\/eleicoes-em-adamantina-sp-veja-como-foi-a-votacao-no-1o-turno\/#breadcrumb","itemListElement":[{"@type":"ListItem","position":1,"name":"In\u00edcio","item":"https:\/\/radiolifefm.com.br\/noticias\/"},{"@type":"ListItem","position":2,"name":"Elei\u00e7\u00f5es em Adamantina (SP): Veja como foi a vota\u00e7\u00e3o no 1\u00ba turno"}]},{"@type":"WebSite","@id":"https:\/\/radiolifefm.com.br\/noticias\/#website","url":"https:\/\/radiolifefm.com.br\/noticias\/","name":"R\u00e1dio Life FM","description":"O Portal de Not\u00edcias de Adamantina","publisher":{"@id":"https:\/\/radiolifefm.com.br\/noticias\/#organization"},"alternateName":"Life FM","potentialAction":[{"@type":"SearchAction","target":{"@type":"EntryPoint","urlTemplate":"https:\/\/radiolifefm.com.br\/noticias\/?s={search_term_string}"},"query-input":{"@type":"PropertyValueSpecification","valueRequired":true,"valueName":"search_term_string"}}],"inLanguage":"pt-BR"},{"@type":"Organization","@id":"https:\/\/radiolifefm.com.br\/noticias\/#organization","name":"R\u00e1dio Life FM","alternateName":"Life FM","url":"https:\/\/radiolifefm.com.br\/noticias\/","logo":{"@type":"ImageObject","inLanguage":"pt-BR","@id":"https:\/\/radiolifefm.com.br\/noticias\/#\/schema\/logo\/image\/","url":"https:\/\/static.radiolifefm.com.br\/noticias\/wp-content\/uploads\/2019\/10\/logo-lifefm.png","contentUrl":"https:\/\/static.radiolifefm.com.br\/noticias\/wp-content\/uploads\/2019\/10\/logo-lifefm.png","width":196,"height":47,"caption":"R\u00e1dio Life FM"},"image":{"@id":"https:\/\/radiolifefm.com.br\/noticias\/#\/schema\/logo\/image\/"},"sameAs":["https:\/\/www.facebook.com\/radiolifefm\/","https:\/\/www.instagram.com\/life1079fm\/"]},{"@type":"Person","@id":"https:\/\/radiolifefm.com.br\/noticias\/#\/schema\/person\/6339b9fac59d12b071dec680d7375d87","name":"ritanery","image":{"@type":"ImageObject","inLanguage":"pt-BR","@id":"https:\/\/secure.gravatar.com\/avatar\/0e37bb19071f47c0b8a23f62a903df117c5a0e75f65a0c2901562f97cd41cf86?s=96&d=mm&r=g","url":"https:\/\/secure.gravatar.com\/avatar\/0e37bb19071f47c0b8a23f62a903df117c5a0e75f65a0c2901562f97cd41cf86?s=96&d=mm&r=g","contentUrl":"https:\/\/secure.gravatar.com\/avatar\/0e37bb19071f47c0b8a23f62a903df117c5a0e75f65a0c2901562f97cd41cf86?s=96&d=mm&r=g","caption":"ritanery"}}]}},"amp_enabled":true,"_links":{"self":[{"href":"https:\/\/radiolifefm.com.br\/noticias\/wp-json\/wp\/v2\/posts\/58839","targetHints":{"allow":["GET"]}}],"collection":[{"href":"https:\/\/radiolifefm.com.br\/noticias\/wp-json\/wp\/v2\/posts"}],"about":[{"href":"https:\/\/radiolifefm.com.br\/noticias\/wp-json\/wp\/v2\/types\/post"}],"author":[{"embeddable":true,"href":"https:\/\/radiolifefm.com.br\/noticias\/wp-json\/wp\/v2\/users\/13"}],"replies":[{"embeddable":true,"href":"https:\/\/radiolifefm.com.br\/noticias\/wp-json\/wp\/v2\/comments?post=58839"}],"version-history":[{"count":2,"href":"https:\/\/radiolifefm.com.br\/noticias\/wp-json\/wp\/v2\/posts\/58839\/revisions"}],"predecessor-version":[{"id":58842,"href":"https:\/\/radiolifefm.com.br\/noticias\/wp-json\/wp\/v2\/posts\/58839\/revisions\/58842"}],"wp:featuredmedia":[{"embeddable":true,"href":"https:\/\/radiolifefm.com.br\/noticias\/wp-json\/wp\/v2\/media\/58840"}],"wp:attachment":[{"href":"https:\/\/radiolifefm.com.br\/noticias\/wp-json\/wp\/v2\/media?parent=58839"}],"wp:term":[{"taxonomy":"category","embeddable":true,"href":"https:\/\/radiolifefm.com.br\/noticias\/wp-json\/wp\/v2\/categories?post=58839"},{"taxonomy":"post_tag","embeddable":true,"href":"https:\/\/radiolifefm.com.br\/noticias\/wp-json\/wp\/v2\/tags?post=58839"}],"curies":[{"name":"wp","href":"https:\/\/api.w.org\/{rel}","templated":true}]}}