{"id":58762,"date":"2022-09-30T08:33:33","date_gmt":"2022-09-30T11:33:33","guid":{"rendered":"https:\/\/radiolifefm.com.br\/noticias\/?p=58762"},"modified":"2026-03-07T01:18:44","modified_gmt":"2026-03-07T04:18:44","slug":"eleicoes-e-gatos-pardos-em-terras-provincianas","status":"publish","type":"post","link":"https:\/\/radiolifefm.com.br\/noticias\/eleicoes-e-gatos-pardos-em-terras-provincianas\/","title":{"rendered":"ELEI\u00c7\u00d5ES E GATOS PARDOS EM TERRAS PROVINCIANAS&#8230;."},"content":{"rendered":"<div id=\"fb-root\"><\/div>\n<p>&nbsp;<\/p>\n<p>\u201c<strong>\u00c0 noite todos os gatos s\u00e3o pardos<\/strong>\u201d \u00e9 uma express\u00e3o popular da l\u00edngua portuguesa que remete a ideia de que todas as coisas s\u00e3o semelhantes ou iguais no escuro.<\/p>\n<p>&nbsp;<\/p>\n<p>&nbsp;<\/p>\n<p>\u201c\u00c0 noite, alguns\u00a0<em><strong>gatos<\/strong><\/em>\u00a0s\u00e3o\u00a0<em><strong>pardos<\/strong><\/em>. Outros, bem tapados, coitados. Chaninho, de sete vidas, perdeu uma de bobeira, escorregou na soleira,\u201d<\/p>\n<p><strong><a href=\"\/www.pensador.com\u00a0\u203a%20Frases%20sobre%20Gatos)%0d\">(In https:\/\/www.pensador.com\u00a0\u203a Frases sobre Gatos)<\/a><\/strong><\/p>\n<p><strong>\u00a0<\/strong><\/p>\n<p>&nbsp;<\/p>\n<ul>\n<li><\/li>\n<\/ul>\n<p><strong><em>S\u00e9rgio Barbosa (*)<\/em><\/strong><\/p>\n<p>&nbsp;<\/p>\n<p>Bom, estamos quase pr\u00f3ximos das festividades natalinas, por\u00e9m, as especula\u00e7\u00f5es est\u00e3o em todas as rodinhas provincianas visando poss\u00edveis ACORDOS para isto ou aquilo, tendo em vista as ELEI\u00c7\u00d5ES DEMOCR\u00c1TICAS deste dia 2 de outubro&#8230;<\/p>\n<p>Mesmo assim, num clima de p\u00f3s festa da EXPO VERDE, bem como, na expectativa de outros DESENCONTROS nesta denominada e idolatrada, PROV\u00cdNCIA DO FAZ DE CONTA, muitos desencontros est\u00e3o presentes para um sinal al\u00e9m da nossa imagina\u00e7\u00e3o, at\u00e9 mesmo, da nossa v\u00e3 filosofia como afirmou o PENSADOR do outro tempo do tempo&#8230;<\/p>\n<p>Diz o OUTRO perdido em suas reflex\u00f5es sobre o momento atual da PROV\u00cdNCIA, ou seja, \u201ctem gente com mentes med\u00edocres\u201d por estes lados, portanto, a preven\u00e7\u00e3o a partir desta frase passa a ser o mote para evitar novos focos de uma doen\u00e7a denominada de \u201cMEDRIOCRIS\u201d, todavia, neste meio do caminho, pode-se, ainda, encontrar DE TUDO UM POUCO&#8230;<\/p>\n<p>Neste CEN\u00c1RIO PROVINCIANO, estariam, mais do que nunca, com seus dias contados neste contexto em nexo, talvez, com muito sexo pelo plexus do tal do escritor Miller e ponto e v\u00edrgula&#8230;<\/p>\n<p>As perdas est\u00e3o come\u00e7ando a se fazer presente neste cen\u00e1rio de reden\u00e7\u00e3o pelo per\u00edodo da PANDEMIA, afinal, depois das charges com o profeta do outro lado, fica aqui, apenas uma pergunta, por\u00e9m, deve exigir muitas respostas deste novo tempo que vem por meio das propostas mediadas pelo PIETISMO DO CRISTIANISMO&#8230;<\/p>\n<p>Numa an\u00e1lise conjuntura, quando as teorias por meio das pr\u00e1ticas podem determinar qual o caminho a seguir deste rebanho transloucado pelas mentes bovinas, possivelmente, com apoio da tropa de choque das aves em decomposi\u00e7\u00e3o pela tal \u201cgripe avi\u00e1ria\u201d em nome dos deuses do al\u00e9m mar&#8230;<\/p>\n<p>A metalinguagem pode ser a vanguarda de um artigo perdido em algum canto provinciano, talvez, pressionado pela vontade do saber sem a sabedoria do passado, apenas, um detalhe e nada mais neste contexto sem o texto visando o futuro e muito menos, retratando o presente para uma reflex\u00e3o cr\u00edtica das \u201cpalavras aos ventos\u201d, tamb\u00e9m, poderia ser \u201cp\u00e9rolas aos porcos&#8230;\u201d<\/p>\n<p>&nbsp;<\/p>\n<p><strong>Futuro, presente e passado<\/strong><\/p>\n<p>&nbsp;<\/p>\n<p>O JOGO PROVINCIANO carece de bons jogadores, todavia, existe uma ou outra jogadora, talvez algumas exce\u00e7\u00f5es que n\u00e3o fazem a regra numa conjuntura GLOVINCIANA, ou seja, do GLOBAL para a PROV\u00cdNCIA em tempo de p\u00f3s-globaliza\u00e7\u00e3o midi\u00e1tica&#8230;<\/p>\n<p>As cinderelas se perdem em suas contradi\u00e7\u00f5es de Pen\u00e9lope charmosas numa corrida maluca, buscando, desta forma, algum \u201clugar ao sol\u201d neste tabuleiro em branco e preto, talvez, branco no preto, ainda, um verdadeiro jardim zool\u00f3gico sem grades para segurarem os bichos em nome da seguran\u00e7a dos anos vindouros em terras provincianas&#8230;<\/p>\n<p>Existem, ainda, os desavisados de sempre, \u201cmarinheiros de primeira viagem\u201d, por\u00e9m, necess\u00e1rios para comporem o jogo em andamento, alguns, perdidos em suas neuroses pessoais&#8230;<\/p>\n<p>Outros, calados pela incapacidade nesta ou naquela \u00e1rea do MERCADO e assim por diante, mas, \u201cnada como um dia depois do outro\u201d para mostrar as caras metades destas MENTES MED\u00cdOCRES e sem lideran\u00e7a para um FUTURO sem PRESENTE e muito menos, PASSADO&#8230;<\/p>\n<p>Talvez, seja necess\u00e1rio algu\u00e9m colocar o \u201csino de alerta\u201d naquele que comanda o espet\u00e1culo circense, todavia, apenas com os palha\u00e7os em sua volta, aqui, com TODO O RESPEITO para os ARTISTAS desta ARTE SECULARO&#8230;<\/p>\n<p>Tamb\u00e9m, deve-se ressaltar aquela est\u00f3ria de quem colocaria o \u201cguizo\u201d no pesco\u00e7o do gato para avisar os pobres ratinhos perdidos nos esconderijos escuros e podres de uma PROV\u00cdNCIA DO FAZ DE CONTA com seus COISOS e COISAS&#8230;<\/p>\n<p>QUEM SOBREVIVER VAI SABER&#8230;<\/p>\n<p>ESTOU AVISANDO&#8230; ELLE N\u00c3O&#8230; O COISO&#8230;<\/p>\n<p>FORA BOZZONARO!!!<\/p>\n<p>&nbsp;<\/p>\n<p><strong><em>\u00a0(*) Jornalista diplomado e professor universit\u00e1rio.<\/em><\/strong><\/p>\n<p><strong><em>barbosa,sebar@gmail.com<\/em><\/strong><\/p>\n","protected":false},"excerpt":{"rendered":"<p>&nbsp; \u201c\u00c0 noite todos os gatos s\u00e3o pardos\u201d \u00e9 uma express\u00e3o popular da l\u00edngua portuguesa que remete a ideia de que todas as coisas s\u00e3o semelhantes ou iguais no escuro. &nbsp; &nbsp; \u201c\u00c0 noite, alguns\u00a0gatos\u00a0s\u00e3o\u00a0pardos. Outros, bem tapados, coitados. Chaninho, de sete vidas, perdeu uma de bobeira, escorregou na soleira,\u201d (In https:\/\/www.pensador.com\u00a0\u203a Frases sobre Gatos) [&hellip;]<\/p>\n","protected":false},"author":13,"featured_media":51988,"comment_status":"closed","ping_status":"open","sticky":false,"template":"","format":"standard","meta":{"_acf_changed":false,"_exactmetrics_skip_tracking":false,"_exactmetrics_sitenote_active":false,"_exactmetrics_sitenote_note":"","_exactmetrics_sitenote_category":0,"footnotes":""},"categories":[59],"tags":[],"class_list":["post-58762","post","type-post","status-publish","format-standard","has-post-thumbnail","hentry","category-opiniao"],"acf":[],"yoast_head":"<!-- This site is optimized with the Yoast SEO plugin v27.2 - https:\/\/yoast.com\/product\/yoast-seo-wordpress\/ -->\n<title>ELEI\u00c7\u00d5ES E GATOS PARDOS EM TERRAS PROVINCIANAS.... - R\u00e1dio Life FM<\/title>\n<meta name=\"robots\" content=\"index, follow, max-snippet:-1, max-image-preview:large, max-video-preview:-1\" \/>\n<link rel=\"canonical\" href=\"https:\/\/radiolifefm.com.br\/noticias\/eleicoes-e-gatos-pardos-em-terras-provincianas\/\" \/>\n<meta property=\"og:locale\" content=\"pt_BR\" \/>\n<meta property=\"og:type\" content=\"article\" \/>\n<meta property=\"og:title\" content=\"ELEI\u00c7\u00d5ES E GATOS PARDOS EM TERRAS PROVINCIANAS.... - R\u00e1dio Life FM\" \/>\n<meta property=\"og:description\" content=\"&nbsp; \u201c\u00c0 noite todos os gatos s\u00e3o pardos\u201d \u00e9 uma express\u00e3o popular da l\u00edngua portuguesa que remete a ideia de que todas as coisas s\u00e3o semelhantes ou iguais no escuro. &nbsp; &nbsp; \u201c\u00c0 noite, alguns\u00a0gatos\u00a0s\u00e3o\u00a0pardos. Outros, bem tapados, coitados. Chaninho, de sete vidas, perdeu uma de bobeira, escorregou na soleira,\u201d (In https:\/\/www.pensador.com\u00a0\u203a Frases sobre Gatos) [&hellip;]\" \/>\n<meta property=\"og:url\" content=\"https:\/\/radiolifefm.com.br\/noticias\/eleicoes-e-gatos-pardos-em-terras-provincianas\/\" \/>\n<meta property=\"og:site_name\" content=\"R\u00e1dio Life FM\" \/>\n<meta property=\"article:publisher\" content=\"https:\/\/www.facebook.com\/radiolifefm\/\" \/>\n<meta property=\"article:published_time\" content=\"2022-09-30T11:33:33+00:00\" \/>\n<meta property=\"article:modified_time\" content=\"2026-03-07T04:18:44+00:00\" \/>\n<meta property=\"og:image\" content=\"https:\/\/radiolifefm.com.br\/noticias\/wp-content\/uploads\/2022\/04\/WhatsApp-Image-2022-04-10-at-18.43.02.jpeg\" \/>\n\t<meta property=\"og:image:width\" content=\"972\" \/>\n\t<meta property=\"og:image:height\" content=\"1296\" \/>\n\t<meta property=\"og:image:type\" content=\"image\/jpeg\" \/>\n<meta name=\"author\" content=\"ritanery\" \/>\n<meta name=\"twitter:card\" content=\"summary_large_image\" \/>\n<meta name=\"twitter:label1\" content=\"Escrito por\" \/>\n\t<meta name=\"twitter:data1\" content=\"ritanery\" \/>\n\t<meta name=\"twitter:label2\" content=\"Est. tempo de leitura\" \/>\n\t<meta name=\"twitter:data2\" content=\"4 minutos\" \/>\n<script type=\"application\/ld+json\" class=\"yoast-schema-graph\">{\"@context\":\"https:\/\/schema.org\",\"@graph\":[{\"@type\":\"Article\",\"@id\":\"https:\/\/radiolifefm.com.br\/noticias\/eleicoes-e-gatos-pardos-em-terras-provincianas\/#article\",\"isPartOf\":{\"@id\":\"https:\/\/radiolifefm.com.br\/noticias\/eleicoes-e-gatos-pardos-em-terras-provincianas\/\"},\"author\":{\"name\":\"ritanery\",\"@id\":\"https:\/\/radiolifefm.com.br\/noticias\/#\/schema\/person\/6339b9fac59d12b071dec680d7375d87\"},\"headline\":\"ELEI\u00c7\u00d5ES E GATOS PARDOS EM TERRAS PROVINCIANAS&#8230;.\",\"datePublished\":\"2022-09-30T11:33:33+00:00\",\"dateModified\":\"2026-03-07T04:18:44+00:00\",\"mainEntityOfPage\":{\"@id\":\"https:\/\/radiolifefm.com.br\/noticias\/eleicoes-e-gatos-pardos-em-terras-provincianas\/\"},\"wordCount\":713,\"publisher\":{\"@id\":\"https:\/\/radiolifefm.com.br\/noticias\/#organization\"},\"image\":{\"@id\":\"https:\/\/radiolifefm.com.br\/noticias\/eleicoes-e-gatos-pardos-em-terras-provincianas\/#primaryimage\"},\"thumbnailUrl\":\"https:\/\/radiolifefm.com.br\/noticias\/wp-content\/uploads\/2022\/04\/WhatsApp-Image-2022-04-10-at-18.43.02.jpeg\",\"articleSection\":[\"Opini\u00e3o\"],\"inLanguage\":\"pt-BR\"},{\"@type\":\"WebPage\",\"@id\":\"https:\/\/radiolifefm.com.br\/noticias\/eleicoes-e-gatos-pardos-em-terras-provincianas\/\",\"url\":\"https:\/\/radiolifefm.com.br\/noticias\/eleicoes-e-gatos-pardos-em-terras-provincianas\/\",\"name\":\"ELEI\u00c7\u00d5ES E GATOS PARDOS EM TERRAS PROVINCIANAS.... - R\u00e1dio Life FM\",\"isPartOf\":{\"@id\":\"https:\/\/radiolifefm.com.br\/noticias\/#website\"},\"primaryImageOfPage\":{\"@id\":\"https:\/\/radiolifefm.com.br\/noticias\/eleicoes-e-gatos-pardos-em-terras-provincianas\/#primaryimage\"},\"image\":{\"@id\":\"https:\/\/radiolifefm.com.br\/noticias\/eleicoes-e-gatos-pardos-em-terras-provincianas\/#primaryimage\"},\"thumbnailUrl\":\"https:\/\/radiolifefm.com.br\/noticias\/wp-content\/uploads\/2022\/04\/WhatsApp-Image-2022-04-10-at-18.43.02.jpeg\",\"datePublished\":\"2022-09-30T11:33:33+00:00\",\"dateModified\":\"2026-03-07T04:18:44+00:00\",\"breadcrumb\":{\"@id\":\"https:\/\/radiolifefm.com.br\/noticias\/eleicoes-e-gatos-pardos-em-terras-provincianas\/#breadcrumb\"},\"inLanguage\":\"pt-BR\",\"potentialAction\":[{\"@type\":\"ReadAction\",\"target\":[\"https:\/\/radiolifefm.com.br\/noticias\/eleicoes-e-gatos-pardos-em-terras-provincianas\/\"]}]},{\"@type\":\"ImageObject\",\"inLanguage\":\"pt-BR\",\"@id\":\"https:\/\/radiolifefm.com.br\/noticias\/eleicoes-e-gatos-pardos-em-terras-provincianas\/#primaryimage\",\"url\":\"https:\/\/radiolifefm.com.br\/noticias\/wp-content\/uploads\/2022\/04\/WhatsApp-Image-2022-04-10-at-18.43.02.jpeg\",\"contentUrl\":\"https:\/\/radiolifefm.com.br\/noticias\/wp-content\/uploads\/2022\/04\/WhatsApp-Image-2022-04-10-at-18.43.02.jpeg\",\"width\":972,\"height\":1296,\"caption\":\"S\u00e9rgio Barbosa\"},{\"@type\":\"BreadcrumbList\",\"@id\":\"https:\/\/radiolifefm.com.br\/noticias\/eleicoes-e-gatos-pardos-em-terras-provincianas\/#breadcrumb\",\"itemListElement\":[{\"@type\":\"ListItem\",\"position\":1,\"name\":\"In\u00edcio\",\"item\":\"https:\/\/radiolifefm.com.br\/noticias\/\"},{\"@type\":\"ListItem\",\"position\":2,\"name\":\"ELEI\u00c7\u00d5ES E GATOS PARDOS EM TERRAS PROVINCIANAS&#8230;.\"}]},{\"@type\":\"WebSite\",\"@id\":\"https:\/\/radiolifefm.com.br\/noticias\/#website\",\"url\":\"https:\/\/radiolifefm.com.br\/noticias\/\",\"name\":\"R\u00e1dio Life FM\",\"description\":\"O Portal de Not\u00edcias de Adamantina\",\"publisher\":{\"@id\":\"https:\/\/radiolifefm.com.br\/noticias\/#organization\"},\"alternateName\":\"Life FM\",\"potentialAction\":[{\"@type\":\"SearchAction\",\"target\":{\"@type\":\"EntryPoint\",\"urlTemplate\":\"https:\/\/radiolifefm.com.br\/noticias\/?s={search_term_string}\"},\"query-input\":{\"@type\":\"PropertyValueSpecification\",\"valueRequired\":true,\"valueName\":\"search_term_string\"}}],\"inLanguage\":\"pt-BR\"},{\"@type\":\"Organization\",\"@id\":\"https:\/\/radiolifefm.com.br\/noticias\/#organization\",\"name\":\"R\u00e1dio Life FM\",\"alternateName\":\"Life FM\",\"url\":\"https:\/\/radiolifefm.com.br\/noticias\/\",\"logo\":{\"@type\":\"ImageObject\",\"inLanguage\":\"pt-BR\",\"@id\":\"https:\/\/radiolifefm.com.br\/noticias\/#\/schema\/logo\/image\/\",\"url\":\"https:\/\/static.radiolifefm.com.br\/noticias\/wp-content\/uploads\/2019\/10\/logo-lifefm.png\",\"contentUrl\":\"https:\/\/static.radiolifefm.com.br\/noticias\/wp-content\/uploads\/2019\/10\/logo-lifefm.png\",\"width\":196,\"height\":47,\"caption\":\"R\u00e1dio Life FM\"},\"image\":{\"@id\":\"https:\/\/radiolifefm.com.br\/noticias\/#\/schema\/logo\/image\/\"},\"sameAs\":[\"https:\/\/www.facebook.com\/radiolifefm\/\",\"https:\/\/www.instagram.com\/life1079fm\/\"]},{\"@type\":\"Person\",\"@id\":\"https:\/\/radiolifefm.com.br\/noticias\/#\/schema\/person\/6339b9fac59d12b071dec680d7375d87\",\"name\":\"ritanery\",\"image\":{\"@type\":\"ImageObject\",\"inLanguage\":\"pt-BR\",\"@id\":\"https:\/\/secure.gravatar.com\/avatar\/0e37bb19071f47c0b8a23f62a903df117c5a0e75f65a0c2901562f97cd41cf86?s=96&d=mm&r=g\",\"url\":\"https:\/\/secure.gravatar.com\/avatar\/0e37bb19071f47c0b8a23f62a903df117c5a0e75f65a0c2901562f97cd41cf86?s=96&d=mm&r=g\",\"contentUrl\":\"https:\/\/secure.gravatar.com\/avatar\/0e37bb19071f47c0b8a23f62a903df117c5a0e75f65a0c2901562f97cd41cf86?s=96&d=mm&r=g\",\"caption\":\"ritanery\"}}]}<\/script>\n<!-- \/ Yoast SEO plugin. -->","yoast_head_json":{"title":"ELEI\u00c7\u00d5ES E GATOS PARDOS EM TERRAS PROVINCIANAS.... - R\u00e1dio Life FM","robots":{"index":"index","follow":"follow","max-snippet":"max-snippet:-1","max-image-preview":"max-image-preview:large","max-video-preview":"max-video-preview:-1"},"canonical":"https:\/\/radiolifefm.com.br\/noticias\/eleicoes-e-gatos-pardos-em-terras-provincianas\/","og_locale":"pt_BR","og_type":"article","og_title":"ELEI\u00c7\u00d5ES E GATOS PARDOS EM TERRAS PROVINCIANAS.... - R\u00e1dio Life FM","og_description":"&nbsp; \u201c\u00c0 noite todos os gatos s\u00e3o pardos\u201d \u00e9 uma express\u00e3o popular da l\u00edngua portuguesa que remete a ideia de que todas as coisas s\u00e3o semelhantes ou iguais no escuro. &nbsp; &nbsp; \u201c\u00c0 noite, alguns\u00a0gatos\u00a0s\u00e3o\u00a0pardos. Outros, bem tapados, coitados. Chaninho, de sete vidas, perdeu uma de bobeira, escorregou na soleira,\u201d (In https:\/\/www.pensador.com\u00a0\u203a Frases sobre Gatos) [&hellip;]","og_url":"https:\/\/radiolifefm.com.br\/noticias\/eleicoes-e-gatos-pardos-em-terras-provincianas\/","og_site_name":"R\u00e1dio Life FM","article_publisher":"https:\/\/www.facebook.com\/radiolifefm\/","article_published_time":"2022-09-30T11:33:33+00:00","article_modified_time":"2026-03-07T04:18:44+00:00","og_image":[{"width":972,"height":1296,"url":"https:\/\/radiolifefm.com.br\/noticias\/wp-content\/uploads\/2022\/04\/WhatsApp-Image-2022-04-10-at-18.43.02.jpeg","type":"image\/jpeg"}],"author":"ritanery","twitter_card":"summary_large_image","twitter_misc":{"Escrito por":"ritanery","Est. tempo de leitura":"4 minutos"},"schema":{"@context":"https:\/\/schema.org","@graph":[{"@type":"Article","@id":"https:\/\/radiolifefm.com.br\/noticias\/eleicoes-e-gatos-pardos-em-terras-provincianas\/#article","isPartOf":{"@id":"https:\/\/radiolifefm.com.br\/noticias\/eleicoes-e-gatos-pardos-em-terras-provincianas\/"},"author":{"name":"ritanery","@id":"https:\/\/radiolifefm.com.br\/noticias\/#\/schema\/person\/6339b9fac59d12b071dec680d7375d87"},"headline":"ELEI\u00c7\u00d5ES E GATOS PARDOS EM TERRAS PROVINCIANAS&#8230;.","datePublished":"2022-09-30T11:33:33+00:00","dateModified":"2026-03-07T04:18:44+00:00","mainEntityOfPage":{"@id":"https:\/\/radiolifefm.com.br\/noticias\/eleicoes-e-gatos-pardos-em-terras-provincianas\/"},"wordCount":713,"publisher":{"@id":"https:\/\/radiolifefm.com.br\/noticias\/#organization"},"image":{"@id":"https:\/\/radiolifefm.com.br\/noticias\/eleicoes-e-gatos-pardos-em-terras-provincianas\/#primaryimage"},"thumbnailUrl":"https:\/\/radiolifefm.com.br\/noticias\/wp-content\/uploads\/2022\/04\/WhatsApp-Image-2022-04-10-at-18.43.02.jpeg","articleSection":["Opini\u00e3o"],"inLanguage":"pt-BR"},{"@type":"WebPage","@id":"https:\/\/radiolifefm.com.br\/noticias\/eleicoes-e-gatos-pardos-em-terras-provincianas\/","url":"https:\/\/radiolifefm.com.br\/noticias\/eleicoes-e-gatos-pardos-em-terras-provincianas\/","name":"ELEI\u00c7\u00d5ES E GATOS PARDOS EM TERRAS PROVINCIANAS.... - R\u00e1dio Life FM","isPartOf":{"@id":"https:\/\/radiolifefm.com.br\/noticias\/#website"},"primaryImageOfPage":{"@id":"https:\/\/radiolifefm.com.br\/noticias\/eleicoes-e-gatos-pardos-em-terras-provincianas\/#primaryimage"},"image":{"@id":"https:\/\/radiolifefm.com.br\/noticias\/eleicoes-e-gatos-pardos-em-terras-provincianas\/#primaryimage"},"thumbnailUrl":"https:\/\/radiolifefm.com.br\/noticias\/wp-content\/uploads\/2022\/04\/WhatsApp-Image-2022-04-10-at-18.43.02.jpeg","datePublished":"2022-09-30T11:33:33+00:00","dateModified":"2026-03-07T04:18:44+00:00","breadcrumb":{"@id":"https:\/\/radiolifefm.com.br\/noticias\/eleicoes-e-gatos-pardos-em-terras-provincianas\/#breadcrumb"},"inLanguage":"pt-BR","potentialAction":[{"@type":"ReadAction","target":["https:\/\/radiolifefm.com.br\/noticias\/eleicoes-e-gatos-pardos-em-terras-provincianas\/"]}]},{"@type":"ImageObject","inLanguage":"pt-BR","@id":"https:\/\/radiolifefm.com.br\/noticias\/eleicoes-e-gatos-pardos-em-terras-provincianas\/#primaryimage","url":"https:\/\/radiolifefm.com.br\/noticias\/wp-content\/uploads\/2022\/04\/WhatsApp-Image-2022-04-10-at-18.43.02.jpeg","contentUrl":"https:\/\/radiolifefm.com.br\/noticias\/wp-content\/uploads\/2022\/04\/WhatsApp-Image-2022-04-10-at-18.43.02.jpeg","width":972,"height":1296,"caption":"S\u00e9rgio Barbosa"},{"@type":"BreadcrumbList","@id":"https:\/\/radiolifefm.com.br\/noticias\/eleicoes-e-gatos-pardos-em-terras-provincianas\/#breadcrumb","itemListElement":[{"@type":"ListItem","position":1,"name":"In\u00edcio","item":"https:\/\/radiolifefm.com.br\/noticias\/"},{"@type":"ListItem","position":2,"name":"ELEI\u00c7\u00d5ES E GATOS PARDOS EM TERRAS PROVINCIANAS&#8230;."}]},{"@type":"WebSite","@id":"https:\/\/radiolifefm.com.br\/noticias\/#website","url":"https:\/\/radiolifefm.com.br\/noticias\/","name":"R\u00e1dio Life FM","description":"O Portal de Not\u00edcias de Adamantina","publisher":{"@id":"https:\/\/radiolifefm.com.br\/noticias\/#organization"},"alternateName":"Life FM","potentialAction":[{"@type":"SearchAction","target":{"@type":"EntryPoint","urlTemplate":"https:\/\/radiolifefm.com.br\/noticias\/?s={search_term_string}"},"query-input":{"@type":"PropertyValueSpecification","valueRequired":true,"valueName":"search_term_string"}}],"inLanguage":"pt-BR"},{"@type":"Organization","@id":"https:\/\/radiolifefm.com.br\/noticias\/#organization","name":"R\u00e1dio Life FM","alternateName":"Life FM","url":"https:\/\/radiolifefm.com.br\/noticias\/","logo":{"@type":"ImageObject","inLanguage":"pt-BR","@id":"https:\/\/radiolifefm.com.br\/noticias\/#\/schema\/logo\/image\/","url":"https:\/\/static.radiolifefm.com.br\/noticias\/wp-content\/uploads\/2019\/10\/logo-lifefm.png","contentUrl":"https:\/\/static.radiolifefm.com.br\/noticias\/wp-content\/uploads\/2019\/10\/logo-lifefm.png","width":196,"height":47,"caption":"R\u00e1dio Life FM"},"image":{"@id":"https:\/\/radiolifefm.com.br\/noticias\/#\/schema\/logo\/image\/"},"sameAs":["https:\/\/www.facebook.com\/radiolifefm\/","https:\/\/www.instagram.com\/life1079fm\/"]},{"@type":"Person","@id":"https:\/\/radiolifefm.com.br\/noticias\/#\/schema\/person\/6339b9fac59d12b071dec680d7375d87","name":"ritanery","image":{"@type":"ImageObject","inLanguage":"pt-BR","@id":"https:\/\/secure.gravatar.com\/avatar\/0e37bb19071f47c0b8a23f62a903df117c5a0e75f65a0c2901562f97cd41cf86?s=96&d=mm&r=g","url":"https:\/\/secure.gravatar.com\/avatar\/0e37bb19071f47c0b8a23f62a903df117c5a0e75f65a0c2901562f97cd41cf86?s=96&d=mm&r=g","contentUrl":"https:\/\/secure.gravatar.com\/avatar\/0e37bb19071f47c0b8a23f62a903df117c5a0e75f65a0c2901562f97cd41cf86?s=96&d=mm&r=g","caption":"ritanery"}}]}},"amp_enabled":true,"_links":{"self":[{"href":"https:\/\/radiolifefm.com.br\/noticias\/wp-json\/wp\/v2\/posts\/58762","targetHints":{"allow":["GET"]}}],"collection":[{"href":"https:\/\/radiolifefm.com.br\/noticias\/wp-json\/wp\/v2\/posts"}],"about":[{"href":"https:\/\/radiolifefm.com.br\/noticias\/wp-json\/wp\/v2\/types\/post"}],"author":[{"embeddable":true,"href":"https:\/\/radiolifefm.com.br\/noticias\/wp-json\/wp\/v2\/users\/13"}],"replies":[{"embeddable":true,"href":"https:\/\/radiolifefm.com.br\/noticias\/wp-json\/wp\/v2\/comments?post=58762"}],"version-history":[{"count":4,"href":"https:\/\/radiolifefm.com.br\/noticias\/wp-json\/wp\/v2\/posts\/58762\/revisions"}],"predecessor-version":[{"id":58766,"href":"https:\/\/radiolifefm.com.br\/noticias\/wp-json\/wp\/v2\/posts\/58762\/revisions\/58766"}],"wp:featuredmedia":[{"embeddable":true,"href":"https:\/\/radiolifefm.com.br\/noticias\/wp-json\/wp\/v2\/media\/51988"}],"wp:attachment":[{"href":"https:\/\/radiolifefm.com.br\/noticias\/wp-json\/wp\/v2\/media?parent=58762"}],"wp:term":[{"taxonomy":"category","embeddable":true,"href":"https:\/\/radiolifefm.com.br\/noticias\/wp-json\/wp\/v2\/categories?post=58762"},{"taxonomy":"post_tag","embeddable":true,"href":"https:\/\/radiolifefm.com.br\/noticias\/wp-json\/wp\/v2\/tags?post=58762"}],"curies":[{"name":"wp","href":"https:\/\/api.w.org\/{rel}","templated":true}]}}