{"id":58743,"date":"2022-09-29T21:33:53","date_gmt":"2022-09-30T00:33:53","guid":{"rendered":"https:\/\/radiolifefm.com.br\/noticias\/?p=58743"},"modified":"2026-04-19T01:45:14","modified_gmt":"2026-04-19T04:45:14","slug":"praca-elio-micheloni-tera-fonte-luminosa","status":"publish","type":"post","link":"https:\/\/radiolifefm.com.br\/noticias\/praca-elio-micheloni-tera-fonte-luminosa\/","title":{"rendered":"Pra\u00e7a \u00c9lio Micheloni ter\u00e1 fonte luminosa"},"content":{"rendered":"<div id=\"fb-root\"><\/div>\n<p>Imagine uma fonte com muitas cores, sons e com jatos de \u00e1gua que interagem conforme o ritmo da m\u00fasica. Assim ser\u00e1 a fonte que ser\u00e1 instalada na Pra\u00e7a \u00c9lio Micheloni.<\/p>\n<p>Essa implanta\u00e7\u00e3o ser\u00e1 feita com recursos destinados ao munic\u00edpio pelo Governo do Estado de S\u00e3o Paulo, pois Adamantina \u00e9 Munic\u00edpio de Interesse Tur\u00edstico (MIT).<\/p>\n<p>Para a execu\u00e7\u00e3o das obras na pra\u00e7a \u00c9lio Micheloni que contemplam a constru\u00e7\u00e3o dos banheiros, troca de ilumina\u00e7\u00e3o, revitaliza\u00e7\u00e3o da estrutura da fonte e, ainda, implanta\u00e7\u00e3o da nova fonte \u00e9 de R$615.073,96 provenientes do Governo do Estado e mais R$172.966,57 em recursos pr\u00f3prios.<\/p>\n<p>Na primeira etapa, ser\u00e1 executado o servi\u00e7o de alvenaria, impermeabiliza\u00e7\u00e3o e revestimento dos tanques. Para posteriormente serem instalados os jatos da fonte.<\/p>\n<p>&nbsp;<\/p>\n<p>A pra\u00e7a ainda vai ganhar paisagismo. De acordo com o secret\u00e1rio de Agricultura, Abastecimento e Meio Ambiente (SAAMA), Thiago Benet\u00e3o, ser\u00e1 plantada grama resistente \u00e0 sombra em raz\u00e3o das \u00e1rvores do local e plantas de v\u00e1rias esp\u00e9cies. Ser\u00e1 instalado ainda um sistema de irriga\u00e7\u00e3o destinado a manuten\u00e7\u00e3o do local.<\/p>\n<p>\u201cA pra\u00e7a \u00c9lio Micheloni \u00e9 um dos cart\u00f5es de visita da cidade, portanto vamos deix\u00e1-la do jeito que Adamantina merece, com vida, beleza e entretenimento, mas para isso contamos com a ajuda da popula\u00e7\u00e3o, vamos cuidar do que \u00e9 nosso! N\u00e3o danifique, n\u00e3o arranque as mudas e se vir algu\u00e9m o fazendo, denuncie\u201d, pede Benet\u00e3o.<\/p>\n<p><strong>Banheiros<\/strong><\/p>\n<p>Ainda na Pra\u00e7a, a constru\u00e7\u00e3o dos banheiros se aproxima da conclus\u00e3o. J\u00e1 foi executada 93% da obra e a expectativa \u00e9 que de 30 a 60 dias ela seja entregue.<\/p>\n<p>A constru\u00e7\u00e3o dos banheiros contempla infraestrutura, superestrutura, cobertura, esquadrias, sistemas de instala\u00e7\u00f5es hidrossanit\u00e1rias, sistemas e instala\u00e7\u00f5es el\u00e9tricas, revestimentos para paredes e pisos e pintura.<\/p>\n<p><strong>Obras\u00a0com\u00a0recursos\u00a0do\u00a0MIT\u00a0j\u00e1\u00a0executadas<\/strong><\/p>\n<p>O Parque dos Pioneiros recebeu ilumina\u00e7\u00e3o com\u00a0recursos\u00a0provenientes do\u00a0MIT\u00a0e os pontos beneficiados foram academia ao ar livre, no parque infantil e na \u00e1rea esportiva. Para a execu\u00e7\u00e3o da\u00a0obra, foram investidos no local R$315.930,91 de repasse e mais R$24.126,44 em contrapartida do munic\u00edpio. A inaugura\u00e7\u00e3o da\u00a0obra\u00a0aconteceu em agosto de 2020.<\/p>\n<p><strong>Pra\u00e7a Euclides Romanini<\/strong><\/p>\n<p>Outro ponto\u00a0j\u00e1\u00a0beneficiado na cidade com o repasse desse\u00a0recurso\u00a0\u00e9 a Lagoa dos Patos que est\u00e1 instalada na Pra\u00e7a Euclides Romanini. No local, foram investidos R$80 mil mais o montante de R$13.561,25 em contrapartida para a reforma do alambrado e para adequa\u00e7\u00e3o do sistema de drenagem da lagoa.<\/p>\n<p><strong>Projeto Turismo 2022<\/strong><\/p>\n<p>A Prefeitura de Adamantina, por meio da Secretaria de Cultura e Turismo, promoveu o lan\u00e7amento do Projeto Turismo 2022. A a\u00e7\u00e3o conta com um v\u00eddeo institucional que apresenta os atrativos tur\u00edsticos do munic\u00edpio e, ainda, um aplicativo que est\u00e1 dispon\u00edvel gratuitamente nas lojas de app<\/p>\n<p>&nbsp;<\/p>\n<p>O v\u00eddeo pode ser assistido e compartilhado. Ele est\u00e1 dispon\u00edvel na p\u00e1gina da Prefeitura de Adamantina (@prefeitura.adamantina)<\/p>\n<p>&nbsp;<\/p>\n<p>&nbsp;<\/p>\n<p>Fonte: Assessoria de Imprensa<\/p>\n","protected":false},"excerpt":{"rendered":"<p>Imagine uma fonte com muitas cores, sons e com jatos de \u00e1gua que interagem conforme o ritmo da m\u00fasica. Assim ser\u00e1 a fonte que ser\u00e1 instalada na Pra\u00e7a \u00c9lio Micheloni. Essa implanta\u00e7\u00e3o ser\u00e1 feita com recursos destinados ao munic\u00edpio pelo Governo do Estado de S\u00e3o Paulo, pois Adamantina \u00e9 Munic\u00edpio de Interesse Tur\u00edstico (MIT). Para [&hellip;]<\/p>\n","protected":false},"author":13,"featured_media":58744,"comment_status":"closed","ping_status":"open","sticky":false,"template":"","format":"standard","meta":{"_acf_changed":false,"_exactmetrics_skip_tracking":false,"_exactmetrics_sitenote_active":false,"_exactmetrics_sitenote_note":"","_exactmetrics_sitenote_category":0,"footnotes":""},"categories":[21],"tags":[],"class_list":["post-58743","post","type-post","status-publish","format-standard","has-post-thumbnail","hentry","category-adamantina"],"acf":[],"yoast_head":"<!-- This site is optimized with the Yoast SEO plugin v27.2 - https:\/\/yoast.com\/product\/yoast-seo-wordpress\/ -->\n<title>Pra\u00e7a \u00c9lio Micheloni ter\u00e1 fonte luminosa - R\u00e1dio Life FM<\/title>\n<meta name=\"robots\" content=\"index, follow, max-snippet:-1, max-image-preview:large, max-video-preview:-1\" \/>\n<link rel=\"canonical\" href=\"https:\/\/radiolifefm.com.br\/noticias\/praca-elio-micheloni-tera-fonte-luminosa\/\" \/>\n<meta property=\"og:locale\" content=\"pt_BR\" \/>\n<meta property=\"og:type\" content=\"article\" \/>\n<meta property=\"og:title\" content=\"Pra\u00e7a \u00c9lio Micheloni ter\u00e1 fonte luminosa - R\u00e1dio Life FM\" \/>\n<meta property=\"og:description\" content=\"Imagine uma fonte com muitas cores, sons e com jatos de \u00e1gua que interagem conforme o ritmo da m\u00fasica. Assim ser\u00e1 a fonte que ser\u00e1 instalada na Pra\u00e7a \u00c9lio Micheloni. Essa implanta\u00e7\u00e3o ser\u00e1 feita com recursos destinados ao munic\u00edpio pelo Governo do Estado de S\u00e3o Paulo, pois Adamantina \u00e9 Munic\u00edpio de Interesse Tur\u00edstico (MIT). Para [&hellip;]\" \/>\n<meta property=\"og:url\" content=\"https:\/\/radiolifefm.com.br\/noticias\/praca-elio-micheloni-tera-fonte-luminosa\/\" \/>\n<meta property=\"og:site_name\" content=\"R\u00e1dio Life FM\" \/>\n<meta property=\"article:publisher\" content=\"https:\/\/www.facebook.com\/radiolifefm\/\" \/>\n<meta property=\"article:published_time\" content=\"2022-09-30T00:33:53+00:00\" \/>\n<meta property=\"article:modified_time\" content=\"2026-04-19T04:45:14+00:00\" \/>\n<meta property=\"og:image\" content=\"https:\/\/radiolifefm.com.br\/noticias\/wp-content\/uploads\/2022\/09\/foto-8.jpeg\" \/>\n\t<meta property=\"og:image:width\" content=\"1600\" \/>\n\t<meta property=\"og:image:height\" content=\"1004\" \/>\n\t<meta property=\"og:image:type\" content=\"image\/jpeg\" \/>\n<meta name=\"author\" content=\"ritanery\" \/>\n<meta name=\"twitter:card\" content=\"summary_large_image\" \/>\n<meta name=\"twitter:label1\" content=\"Escrito por\" \/>\n\t<meta name=\"twitter:data1\" content=\"ritanery\" \/>\n\t<meta name=\"twitter:label2\" content=\"Est. tempo de leitura\" \/>\n\t<meta name=\"twitter:data2\" content=\"3 minutos\" \/>\n<script type=\"application\/ld+json\" class=\"yoast-schema-graph\">{\"@context\":\"https:\/\/schema.org\",\"@graph\":[{\"@type\":\"Article\",\"@id\":\"https:\/\/radiolifefm.com.br\/noticias\/praca-elio-micheloni-tera-fonte-luminosa\/#article\",\"isPartOf\":{\"@id\":\"https:\/\/radiolifefm.com.br\/noticias\/praca-elio-micheloni-tera-fonte-luminosa\/\"},\"author\":{\"name\":\"ritanery\",\"@id\":\"https:\/\/radiolifefm.com.br\/noticias\/#\/schema\/person\/6339b9fac59d12b071dec680d7375d87\"},\"headline\":\"Pra\u00e7a \u00c9lio Micheloni ter\u00e1 fonte luminosa\",\"datePublished\":\"2022-09-30T00:33:53+00:00\",\"dateModified\":\"2026-04-19T04:45:14+00:00\",\"mainEntityOfPage\":{\"@id\":\"https:\/\/radiolifefm.com.br\/noticias\/praca-elio-micheloni-tera-fonte-luminosa\/\"},\"wordCount\":517,\"publisher\":{\"@id\":\"https:\/\/radiolifefm.com.br\/noticias\/#organization\"},\"image\":{\"@id\":\"https:\/\/radiolifefm.com.br\/noticias\/praca-elio-micheloni-tera-fonte-luminosa\/#primaryimage\"},\"thumbnailUrl\":\"https:\/\/radiolifefm.com.br\/noticias\/wp-content\/uploads\/2022\/09\/foto-8.jpeg\",\"articleSection\":[\"Adamantina\"],\"inLanguage\":\"pt-BR\"},{\"@type\":\"WebPage\",\"@id\":\"https:\/\/radiolifefm.com.br\/noticias\/praca-elio-micheloni-tera-fonte-luminosa\/\",\"url\":\"https:\/\/radiolifefm.com.br\/noticias\/praca-elio-micheloni-tera-fonte-luminosa\/\",\"name\":\"Pra\u00e7a \u00c9lio Micheloni ter\u00e1 fonte luminosa - R\u00e1dio Life FM\",\"isPartOf\":{\"@id\":\"https:\/\/radiolifefm.com.br\/noticias\/#website\"},\"primaryImageOfPage\":{\"@id\":\"https:\/\/radiolifefm.com.br\/noticias\/praca-elio-micheloni-tera-fonte-luminosa\/#primaryimage\"},\"image\":{\"@id\":\"https:\/\/radiolifefm.com.br\/noticias\/praca-elio-micheloni-tera-fonte-luminosa\/#primaryimage\"},\"thumbnailUrl\":\"https:\/\/radiolifefm.com.br\/noticias\/wp-content\/uploads\/2022\/09\/foto-8.jpeg\",\"datePublished\":\"2022-09-30T00:33:53+00:00\",\"dateModified\":\"2026-04-19T04:45:14+00:00\",\"breadcrumb\":{\"@id\":\"https:\/\/radiolifefm.com.br\/noticias\/praca-elio-micheloni-tera-fonte-luminosa\/#breadcrumb\"},\"inLanguage\":\"pt-BR\",\"potentialAction\":[{\"@type\":\"ReadAction\",\"target\":[\"https:\/\/radiolifefm.com.br\/noticias\/praca-elio-micheloni-tera-fonte-luminosa\/\"]}]},{\"@type\":\"ImageObject\",\"inLanguage\":\"pt-BR\",\"@id\":\"https:\/\/radiolifefm.com.br\/noticias\/praca-elio-micheloni-tera-fonte-luminosa\/#primaryimage\",\"url\":\"https:\/\/radiolifefm.com.br\/noticias\/wp-content\/uploads\/2022\/09\/foto-8.jpeg\",\"contentUrl\":\"https:\/\/radiolifefm.com.br\/noticias\/wp-content\/uploads\/2022\/09\/foto-8.jpeg\",\"width\":1600,\"height\":1004},{\"@type\":\"BreadcrumbList\",\"@id\":\"https:\/\/radiolifefm.com.br\/noticias\/praca-elio-micheloni-tera-fonte-luminosa\/#breadcrumb\",\"itemListElement\":[{\"@type\":\"ListItem\",\"position\":1,\"name\":\"In\u00edcio\",\"item\":\"https:\/\/radiolifefm.com.br\/noticias\/\"},{\"@type\":\"ListItem\",\"position\":2,\"name\":\"Pra\u00e7a \u00c9lio Micheloni ter\u00e1 fonte luminosa\"}]},{\"@type\":\"WebSite\",\"@id\":\"https:\/\/radiolifefm.com.br\/noticias\/#website\",\"url\":\"https:\/\/radiolifefm.com.br\/noticias\/\",\"name\":\"R\u00e1dio Life FM\",\"description\":\"O Portal de Not\u00edcias de Adamantina\",\"publisher\":{\"@id\":\"https:\/\/radiolifefm.com.br\/noticias\/#organization\"},\"alternateName\":\"Life FM\",\"potentialAction\":[{\"@type\":\"SearchAction\",\"target\":{\"@type\":\"EntryPoint\",\"urlTemplate\":\"https:\/\/radiolifefm.com.br\/noticias\/?s={search_term_string}\"},\"query-input\":{\"@type\":\"PropertyValueSpecification\",\"valueRequired\":true,\"valueName\":\"search_term_string\"}}],\"inLanguage\":\"pt-BR\"},{\"@type\":\"Organization\",\"@id\":\"https:\/\/radiolifefm.com.br\/noticias\/#organization\",\"name\":\"R\u00e1dio Life FM\",\"alternateName\":\"Life FM\",\"url\":\"https:\/\/radiolifefm.com.br\/noticias\/\",\"logo\":{\"@type\":\"ImageObject\",\"inLanguage\":\"pt-BR\",\"@id\":\"https:\/\/radiolifefm.com.br\/noticias\/#\/schema\/logo\/image\/\",\"url\":\"https:\/\/static.radiolifefm.com.br\/noticias\/wp-content\/uploads\/2019\/10\/logo-lifefm.png\",\"contentUrl\":\"https:\/\/static.radiolifefm.com.br\/noticias\/wp-content\/uploads\/2019\/10\/logo-lifefm.png\",\"width\":196,\"height\":47,\"caption\":\"R\u00e1dio Life FM\"},\"image\":{\"@id\":\"https:\/\/radiolifefm.com.br\/noticias\/#\/schema\/logo\/image\/\"},\"sameAs\":[\"https:\/\/www.facebook.com\/radiolifefm\/\",\"https:\/\/www.instagram.com\/life1079fm\/\"]},{\"@type\":\"Person\",\"@id\":\"https:\/\/radiolifefm.com.br\/noticias\/#\/schema\/person\/6339b9fac59d12b071dec680d7375d87\",\"name\":\"ritanery\",\"image\":{\"@type\":\"ImageObject\",\"inLanguage\":\"pt-BR\",\"@id\":\"https:\/\/secure.gravatar.com\/avatar\/0e37bb19071f47c0b8a23f62a903df117c5a0e75f65a0c2901562f97cd41cf86?s=96&d=mm&r=g\",\"url\":\"https:\/\/secure.gravatar.com\/avatar\/0e37bb19071f47c0b8a23f62a903df117c5a0e75f65a0c2901562f97cd41cf86?s=96&d=mm&r=g\",\"contentUrl\":\"https:\/\/secure.gravatar.com\/avatar\/0e37bb19071f47c0b8a23f62a903df117c5a0e75f65a0c2901562f97cd41cf86?s=96&d=mm&r=g\",\"caption\":\"ritanery\"}}]}<\/script>\n<!-- \/ Yoast SEO plugin. -->","yoast_head_json":{"title":"Pra\u00e7a \u00c9lio Micheloni ter\u00e1 fonte luminosa - R\u00e1dio Life FM","robots":{"index":"index","follow":"follow","max-snippet":"max-snippet:-1","max-image-preview":"max-image-preview:large","max-video-preview":"max-video-preview:-1"},"canonical":"https:\/\/radiolifefm.com.br\/noticias\/praca-elio-micheloni-tera-fonte-luminosa\/","og_locale":"pt_BR","og_type":"article","og_title":"Pra\u00e7a \u00c9lio Micheloni ter\u00e1 fonte luminosa - R\u00e1dio Life FM","og_description":"Imagine uma fonte com muitas cores, sons e com jatos de \u00e1gua que interagem conforme o ritmo da m\u00fasica. Assim ser\u00e1 a fonte que ser\u00e1 instalada na Pra\u00e7a \u00c9lio Micheloni. Essa implanta\u00e7\u00e3o ser\u00e1 feita com recursos destinados ao munic\u00edpio pelo Governo do Estado de S\u00e3o Paulo, pois Adamantina \u00e9 Munic\u00edpio de Interesse Tur\u00edstico (MIT). Para [&hellip;]","og_url":"https:\/\/radiolifefm.com.br\/noticias\/praca-elio-micheloni-tera-fonte-luminosa\/","og_site_name":"R\u00e1dio Life FM","article_publisher":"https:\/\/www.facebook.com\/radiolifefm\/","article_published_time":"2022-09-30T00:33:53+00:00","article_modified_time":"2026-04-19T04:45:14+00:00","og_image":[{"width":1600,"height":1004,"url":"https:\/\/radiolifefm.com.br\/noticias\/wp-content\/uploads\/2022\/09\/foto-8.jpeg","type":"image\/jpeg"}],"author":"ritanery","twitter_card":"summary_large_image","twitter_misc":{"Escrito por":"ritanery","Est. tempo de leitura":"3 minutos"},"schema":{"@context":"https:\/\/schema.org","@graph":[{"@type":"Article","@id":"https:\/\/radiolifefm.com.br\/noticias\/praca-elio-micheloni-tera-fonte-luminosa\/#article","isPartOf":{"@id":"https:\/\/radiolifefm.com.br\/noticias\/praca-elio-micheloni-tera-fonte-luminosa\/"},"author":{"name":"ritanery","@id":"https:\/\/radiolifefm.com.br\/noticias\/#\/schema\/person\/6339b9fac59d12b071dec680d7375d87"},"headline":"Pra\u00e7a \u00c9lio Micheloni ter\u00e1 fonte luminosa","datePublished":"2022-09-30T00:33:53+00:00","dateModified":"2026-04-19T04:45:14+00:00","mainEntityOfPage":{"@id":"https:\/\/radiolifefm.com.br\/noticias\/praca-elio-micheloni-tera-fonte-luminosa\/"},"wordCount":517,"publisher":{"@id":"https:\/\/radiolifefm.com.br\/noticias\/#organization"},"image":{"@id":"https:\/\/radiolifefm.com.br\/noticias\/praca-elio-micheloni-tera-fonte-luminosa\/#primaryimage"},"thumbnailUrl":"https:\/\/radiolifefm.com.br\/noticias\/wp-content\/uploads\/2022\/09\/foto-8.jpeg","articleSection":["Adamantina"],"inLanguage":"pt-BR"},{"@type":"WebPage","@id":"https:\/\/radiolifefm.com.br\/noticias\/praca-elio-micheloni-tera-fonte-luminosa\/","url":"https:\/\/radiolifefm.com.br\/noticias\/praca-elio-micheloni-tera-fonte-luminosa\/","name":"Pra\u00e7a \u00c9lio Micheloni ter\u00e1 fonte luminosa - R\u00e1dio Life FM","isPartOf":{"@id":"https:\/\/radiolifefm.com.br\/noticias\/#website"},"primaryImageOfPage":{"@id":"https:\/\/radiolifefm.com.br\/noticias\/praca-elio-micheloni-tera-fonte-luminosa\/#primaryimage"},"image":{"@id":"https:\/\/radiolifefm.com.br\/noticias\/praca-elio-micheloni-tera-fonte-luminosa\/#primaryimage"},"thumbnailUrl":"https:\/\/radiolifefm.com.br\/noticias\/wp-content\/uploads\/2022\/09\/foto-8.jpeg","datePublished":"2022-09-30T00:33:53+00:00","dateModified":"2026-04-19T04:45:14+00:00","breadcrumb":{"@id":"https:\/\/radiolifefm.com.br\/noticias\/praca-elio-micheloni-tera-fonte-luminosa\/#breadcrumb"},"inLanguage":"pt-BR","potentialAction":[{"@type":"ReadAction","target":["https:\/\/radiolifefm.com.br\/noticias\/praca-elio-micheloni-tera-fonte-luminosa\/"]}]},{"@type":"ImageObject","inLanguage":"pt-BR","@id":"https:\/\/radiolifefm.com.br\/noticias\/praca-elio-micheloni-tera-fonte-luminosa\/#primaryimage","url":"https:\/\/radiolifefm.com.br\/noticias\/wp-content\/uploads\/2022\/09\/foto-8.jpeg","contentUrl":"https:\/\/radiolifefm.com.br\/noticias\/wp-content\/uploads\/2022\/09\/foto-8.jpeg","width":1600,"height":1004},{"@type":"BreadcrumbList","@id":"https:\/\/radiolifefm.com.br\/noticias\/praca-elio-micheloni-tera-fonte-luminosa\/#breadcrumb","itemListElement":[{"@type":"ListItem","position":1,"name":"In\u00edcio","item":"https:\/\/radiolifefm.com.br\/noticias\/"},{"@type":"ListItem","position":2,"name":"Pra\u00e7a \u00c9lio Micheloni ter\u00e1 fonte luminosa"}]},{"@type":"WebSite","@id":"https:\/\/radiolifefm.com.br\/noticias\/#website","url":"https:\/\/radiolifefm.com.br\/noticias\/","name":"R\u00e1dio Life FM","description":"O Portal de Not\u00edcias de Adamantina","publisher":{"@id":"https:\/\/radiolifefm.com.br\/noticias\/#organization"},"alternateName":"Life FM","potentialAction":[{"@type":"SearchAction","target":{"@type":"EntryPoint","urlTemplate":"https:\/\/radiolifefm.com.br\/noticias\/?s={search_term_string}"},"query-input":{"@type":"PropertyValueSpecification","valueRequired":true,"valueName":"search_term_string"}}],"inLanguage":"pt-BR"},{"@type":"Organization","@id":"https:\/\/radiolifefm.com.br\/noticias\/#organization","name":"R\u00e1dio Life FM","alternateName":"Life FM","url":"https:\/\/radiolifefm.com.br\/noticias\/","logo":{"@type":"ImageObject","inLanguage":"pt-BR","@id":"https:\/\/radiolifefm.com.br\/noticias\/#\/schema\/logo\/image\/","url":"https:\/\/static.radiolifefm.com.br\/noticias\/wp-content\/uploads\/2019\/10\/logo-lifefm.png","contentUrl":"https:\/\/static.radiolifefm.com.br\/noticias\/wp-content\/uploads\/2019\/10\/logo-lifefm.png","width":196,"height":47,"caption":"R\u00e1dio Life FM"},"image":{"@id":"https:\/\/radiolifefm.com.br\/noticias\/#\/schema\/logo\/image\/"},"sameAs":["https:\/\/www.facebook.com\/radiolifefm\/","https:\/\/www.instagram.com\/life1079fm\/"]},{"@type":"Person","@id":"https:\/\/radiolifefm.com.br\/noticias\/#\/schema\/person\/6339b9fac59d12b071dec680d7375d87","name":"ritanery","image":{"@type":"ImageObject","inLanguage":"pt-BR","@id":"https:\/\/secure.gravatar.com\/avatar\/0e37bb19071f47c0b8a23f62a903df117c5a0e75f65a0c2901562f97cd41cf86?s=96&d=mm&r=g","url":"https:\/\/secure.gravatar.com\/avatar\/0e37bb19071f47c0b8a23f62a903df117c5a0e75f65a0c2901562f97cd41cf86?s=96&d=mm&r=g","contentUrl":"https:\/\/secure.gravatar.com\/avatar\/0e37bb19071f47c0b8a23f62a903df117c5a0e75f65a0c2901562f97cd41cf86?s=96&d=mm&r=g","caption":"ritanery"}}]}},"amp_enabled":true,"_links":{"self":[{"href":"https:\/\/radiolifefm.com.br\/noticias\/wp-json\/wp\/v2\/posts\/58743","targetHints":{"allow":["GET"]}}],"collection":[{"href":"https:\/\/radiolifefm.com.br\/noticias\/wp-json\/wp\/v2\/posts"}],"about":[{"href":"https:\/\/radiolifefm.com.br\/noticias\/wp-json\/wp\/v2\/types\/post"}],"author":[{"embeddable":true,"href":"https:\/\/radiolifefm.com.br\/noticias\/wp-json\/wp\/v2\/users\/13"}],"replies":[{"embeddable":true,"href":"https:\/\/radiolifefm.com.br\/noticias\/wp-json\/wp\/v2\/comments?post=58743"}],"version-history":[{"count":2,"href":"https:\/\/radiolifefm.com.br\/noticias\/wp-json\/wp\/v2\/posts\/58743\/revisions"}],"predecessor-version":[{"id":58746,"href":"https:\/\/radiolifefm.com.br\/noticias\/wp-json\/wp\/v2\/posts\/58743\/revisions\/58746"}],"wp:featuredmedia":[{"embeddable":true,"href":"https:\/\/radiolifefm.com.br\/noticias\/wp-json\/wp\/v2\/media\/58744"}],"wp:attachment":[{"href":"https:\/\/radiolifefm.com.br\/noticias\/wp-json\/wp\/v2\/media?parent=58743"}],"wp:term":[{"taxonomy":"category","embeddable":true,"href":"https:\/\/radiolifefm.com.br\/noticias\/wp-json\/wp\/v2\/categories?post=58743"},{"taxonomy":"post_tag","embeddable":true,"href":"https:\/\/radiolifefm.com.br\/noticias\/wp-json\/wp\/v2\/tags?post=58743"}],"curies":[{"name":"wp","href":"https:\/\/api.w.org\/{rel}","templated":true}]}}