{"id":58689,"date":"2022-09-28T21:38:37","date_gmt":"2022-09-29T00:38:37","guid":{"rendered":"https:\/\/radiolifefm.com.br\/noticias\/?p=58689"},"modified":"2026-04-07T23:40:18","modified_gmt":"2026-04-08T02:40:18","slug":"adamantina-sedia-ii-encontro-regional-de-creas-da-nova-alta-paulista","status":"publish","type":"post","link":"https:\/\/radiolifefm.com.br\/noticias\/adamantina-sedia-ii-encontro-regional-de-creas-da-nova-alta-paulista\/","title":{"rendered":"Adamantina sedia II Encontro Regional de CREAS da Nova Alta Paulista"},"content":{"rendered":"<div id=\"fb-root\"><\/div>\n<p style=\"font-weight: 400\">Sexta-feira (30), a partir das 8h na Associa\u00e7\u00e3o Comercial e Empresarial de Adamantina, ser\u00e1 realizado o II Encontro Regional dos Centros de Refer\u00eancia Especializado de Assist\u00eancia Social (CREAS) da Nova Alta Paulista.<\/p>\n<p style=\"font-weight: 400\">\n<p style=\"font-weight: 400\">Al\u00e9m de Adamantina, participar\u00e3o do evento as cidades de Luc\u00e9lia, Dracena, Osvaldo Cruz e Junqueir\u00f3polis. Estar\u00e3o presentes ainda os munic\u00edpios que atendem \u00e0 demanda de m\u00e9dia e alta complexidade no org\u00e3o gestor como \u00e9 o caso de Adamantina, In\u00fabia Paulista, Tupi Paulista, Monte Castelo, Ouro Verde, Pacaembu e Sagres.<\/p>\n<p style=\"font-weight: 400\">\n<p style=\"font-weight: 400\">Na oportunidade, a especialista em viol\u00eancia dom\u00e9stica, Leila Maria Ramos trar\u00e1 uma abordagem a respeito da viol\u00eancia e suas interfaces.<\/p>\n<p style=\"font-weight: 400\">\n<p style=\"font-weight: 400\">A iniciativa vem sendo realizada com o objetivo de trocar experi\u00eancias e dialogar a respeito dos servi\u00e7os que s\u00e3o ofertados pelo CREAS, as diversas demandas e sua complexidade, resultando em fortalecimento das equipes e uniformiza\u00e7\u00e3o dos atendimentos prestados na regi\u00e3o da Nova Alta Paulista.<\/p>\n<p style=\"font-weight: 400\">\n<p style=\"font-weight: 400\"><strong>Relembre<\/strong><\/p>\n<p style=\"font-weight: 400\">No come\u00e7o do m\u00eas, Adamantina tamb\u00e9m sediou o Encontro Regional dos Centros de Refer\u00eancia em Assist\u00eancia Social (CRAS).<\/p>\n<p style=\"font-weight: 400\">\u00a0Participaram tamb\u00e9m os munic\u00edpios de Nova Guataporanga, Osvaldo Cruz, Pracinha, Santa Mercedes, Fl\u00f3rida Paulista, S\u00e3o Jo\u00e3o do Pau D\u2019Alho, In\u00fabia Paulista, Pacaembu, Monte Castelo, Tupi Paulista, Sagres, Junqueir\u00f3polis, Mari\u00e1polis, Dracena, Luc\u00e9lia, Irapuru, Panorama, Salmour\u00e3o e Ouro Verde.<\/p>\n<p>&nbsp;<\/p>\n<p>Fonte: Assessoria de Imprensa<\/p>\n","protected":false},"excerpt":{"rendered":"<p>Sexta-feira (30), a partir das 8h na Associa\u00e7\u00e3o Comercial e Empresarial de Adamantina, ser\u00e1 realizado o II Encontro Regional dos Centros de Refer\u00eancia Especializado de Assist\u00eancia Social (CREAS) da Nova Alta Paulista. Al\u00e9m de Adamantina, participar\u00e3o do evento as cidades de Luc\u00e9lia, Dracena, Osvaldo Cruz e Junqueir\u00f3polis. Estar\u00e3o presentes ainda os munic\u00edpios que atendem \u00e0 [&hellip;]<\/p>\n","protected":false},"author":13,"featured_media":58690,"comment_status":"closed","ping_status":"open","sticky":false,"template":"","format":"standard","meta":{"_acf_changed":false,"_exactmetrics_skip_tracking":false,"_exactmetrics_sitenote_active":false,"_exactmetrics_sitenote_note":"","_exactmetrics_sitenote_category":0,"footnotes":""},"categories":[21],"tags":[],"class_list":["post-58689","post","type-post","status-publish","format-standard","has-post-thumbnail","hentry","category-adamantina"],"acf":[],"yoast_head":"<!-- This site is optimized with the Yoast SEO plugin v27.2 - https:\/\/yoast.com\/product\/yoast-seo-wordpress\/ -->\n<title>Adamantina sedia II Encontro Regional de CREAS da Nova Alta Paulista - R\u00e1dio Life FM<\/title>\n<meta name=\"robots\" content=\"index, follow, max-snippet:-1, max-image-preview:large, max-video-preview:-1\" \/>\n<link rel=\"canonical\" href=\"https:\/\/radiolifefm.com.br\/noticias\/adamantina-sedia-ii-encontro-regional-de-creas-da-nova-alta-paulista\/\" \/>\n<meta property=\"og:locale\" content=\"pt_BR\" \/>\n<meta property=\"og:type\" content=\"article\" \/>\n<meta property=\"og:title\" content=\"Adamantina sedia II Encontro Regional de CREAS da Nova Alta Paulista - R\u00e1dio Life FM\" \/>\n<meta property=\"og:description\" content=\"Sexta-feira (30), a partir das 8h na Associa\u00e7\u00e3o Comercial e Empresarial de Adamantina, ser\u00e1 realizado o II Encontro Regional dos Centros de Refer\u00eancia Especializado de Assist\u00eancia Social (CREAS) da Nova Alta Paulista. Al\u00e9m de Adamantina, participar\u00e3o do evento as cidades de Luc\u00e9lia, Dracena, Osvaldo Cruz e Junqueir\u00f3polis. Estar\u00e3o presentes ainda os munic\u00edpios que atendem \u00e0 [&hellip;]\" \/>\n<meta property=\"og:url\" content=\"https:\/\/radiolifefm.com.br\/noticias\/adamantina-sedia-ii-encontro-regional-de-creas-da-nova-alta-paulista\/\" \/>\n<meta property=\"og:site_name\" content=\"R\u00e1dio Life FM\" \/>\n<meta property=\"article:publisher\" content=\"https:\/\/www.facebook.com\/radiolifefm\/\" \/>\n<meta property=\"article:published_time\" content=\"2022-09-29T00:38:37+00:00\" \/>\n<meta property=\"article:modified_time\" content=\"2026-04-08T02:40:18+00:00\" \/>\n<meta property=\"og:image\" content=\"https:\/\/radiolifefm.com.br\/noticias\/wp-content\/uploads\/2022\/09\/af24f77bd36550c828b0c929592cf087.jpg\" \/>\n\t<meta property=\"og:image:width\" content=\"827\" \/>\n\t<meta property=\"og:image:height\" content=\"465\" \/>\n\t<meta property=\"og:image:type\" content=\"image\/jpeg\" \/>\n<meta name=\"author\" content=\"ritanery\" \/>\n<meta name=\"twitter:card\" content=\"summary_large_image\" \/>\n<meta name=\"twitter:label1\" content=\"Escrito por\" \/>\n\t<meta name=\"twitter:data1\" content=\"ritanery\" \/>\n\t<meta name=\"twitter:label2\" content=\"Est. tempo de leitura\" \/>\n\t<meta name=\"twitter:data2\" content=\"2 minutos\" \/>\n<script type=\"application\/ld+json\" class=\"yoast-schema-graph\">{\"@context\":\"https:\/\/schema.org\",\"@graph\":[{\"@type\":\"Article\",\"@id\":\"https:\/\/radiolifefm.com.br\/noticias\/adamantina-sedia-ii-encontro-regional-de-creas-da-nova-alta-paulista\/#article\",\"isPartOf\":{\"@id\":\"https:\/\/radiolifefm.com.br\/noticias\/adamantina-sedia-ii-encontro-regional-de-creas-da-nova-alta-paulista\/\"},\"author\":{\"name\":\"ritanery\",\"@id\":\"https:\/\/radiolifefm.com.br\/noticias\/#\/schema\/person\/6339b9fac59d12b071dec680d7375d87\"},\"headline\":\"Adamantina sedia II Encontro Regional de CREAS da Nova Alta Paulista\",\"datePublished\":\"2022-09-29T00:38:37+00:00\",\"dateModified\":\"2026-04-08T02:40:18+00:00\",\"mainEntityOfPage\":{\"@id\":\"https:\/\/radiolifefm.com.br\/noticias\/adamantina-sedia-ii-encontro-regional-de-creas-da-nova-alta-paulista\/\"},\"wordCount\":250,\"publisher\":{\"@id\":\"https:\/\/radiolifefm.com.br\/noticias\/#organization\"},\"image\":{\"@id\":\"https:\/\/radiolifefm.com.br\/noticias\/adamantina-sedia-ii-encontro-regional-de-creas-da-nova-alta-paulista\/#primaryimage\"},\"thumbnailUrl\":\"https:\/\/radiolifefm.com.br\/noticias\/wp-content\/uploads\/2022\/09\/af24f77bd36550c828b0c929592cf087.jpg\",\"articleSection\":[\"Adamantina\"],\"inLanguage\":\"pt-BR\"},{\"@type\":\"WebPage\",\"@id\":\"https:\/\/radiolifefm.com.br\/noticias\/adamantina-sedia-ii-encontro-regional-de-creas-da-nova-alta-paulista\/\",\"url\":\"https:\/\/radiolifefm.com.br\/noticias\/adamantina-sedia-ii-encontro-regional-de-creas-da-nova-alta-paulista\/\",\"name\":\"Adamantina sedia II Encontro Regional de CREAS da Nova Alta Paulista - R\u00e1dio Life FM\",\"isPartOf\":{\"@id\":\"https:\/\/radiolifefm.com.br\/noticias\/#website\"},\"primaryImageOfPage\":{\"@id\":\"https:\/\/radiolifefm.com.br\/noticias\/adamantina-sedia-ii-encontro-regional-de-creas-da-nova-alta-paulista\/#primaryimage\"},\"image\":{\"@id\":\"https:\/\/radiolifefm.com.br\/noticias\/adamantina-sedia-ii-encontro-regional-de-creas-da-nova-alta-paulista\/#primaryimage\"},\"thumbnailUrl\":\"https:\/\/radiolifefm.com.br\/noticias\/wp-content\/uploads\/2022\/09\/af24f77bd36550c828b0c929592cf087.jpg\",\"datePublished\":\"2022-09-29T00:38:37+00:00\",\"dateModified\":\"2026-04-08T02:40:18+00:00\",\"breadcrumb\":{\"@id\":\"https:\/\/radiolifefm.com.br\/noticias\/adamantina-sedia-ii-encontro-regional-de-creas-da-nova-alta-paulista\/#breadcrumb\"},\"inLanguage\":\"pt-BR\",\"potentialAction\":[{\"@type\":\"ReadAction\",\"target\":[\"https:\/\/radiolifefm.com.br\/noticias\/adamantina-sedia-ii-encontro-regional-de-creas-da-nova-alta-paulista\/\"]}]},{\"@type\":\"ImageObject\",\"inLanguage\":\"pt-BR\",\"@id\":\"https:\/\/radiolifefm.com.br\/noticias\/adamantina-sedia-ii-encontro-regional-de-creas-da-nova-alta-paulista\/#primaryimage\",\"url\":\"https:\/\/radiolifefm.com.br\/noticias\/wp-content\/uploads\/2022\/09\/af24f77bd36550c828b0c929592cf087.jpg\",\"contentUrl\":\"https:\/\/radiolifefm.com.br\/noticias\/wp-content\/uploads\/2022\/09\/af24f77bd36550c828b0c929592cf087.jpg\",\"width\":827,\"height\":465,\"caption\":\"A\u00e7\u00e3o acontece sexta-feira (30), a partir das 8h\"},{\"@type\":\"BreadcrumbList\",\"@id\":\"https:\/\/radiolifefm.com.br\/noticias\/adamantina-sedia-ii-encontro-regional-de-creas-da-nova-alta-paulista\/#breadcrumb\",\"itemListElement\":[{\"@type\":\"ListItem\",\"position\":1,\"name\":\"In\u00edcio\",\"item\":\"https:\/\/radiolifefm.com.br\/noticias\/\"},{\"@type\":\"ListItem\",\"position\":2,\"name\":\"Adamantina sedia II Encontro Regional de CREAS da Nova Alta Paulista\"}]},{\"@type\":\"WebSite\",\"@id\":\"https:\/\/radiolifefm.com.br\/noticias\/#website\",\"url\":\"https:\/\/radiolifefm.com.br\/noticias\/\",\"name\":\"R\u00e1dio Life FM\",\"description\":\"O Portal de Not\u00edcias de Adamantina\",\"publisher\":{\"@id\":\"https:\/\/radiolifefm.com.br\/noticias\/#organization\"},\"alternateName\":\"Life FM\",\"potentialAction\":[{\"@type\":\"SearchAction\",\"target\":{\"@type\":\"EntryPoint\",\"urlTemplate\":\"https:\/\/radiolifefm.com.br\/noticias\/?s={search_term_string}\"},\"query-input\":{\"@type\":\"PropertyValueSpecification\",\"valueRequired\":true,\"valueName\":\"search_term_string\"}}],\"inLanguage\":\"pt-BR\"},{\"@type\":\"Organization\",\"@id\":\"https:\/\/radiolifefm.com.br\/noticias\/#organization\",\"name\":\"R\u00e1dio Life FM\",\"alternateName\":\"Life FM\",\"url\":\"https:\/\/radiolifefm.com.br\/noticias\/\",\"logo\":{\"@type\":\"ImageObject\",\"inLanguage\":\"pt-BR\",\"@id\":\"https:\/\/radiolifefm.com.br\/noticias\/#\/schema\/logo\/image\/\",\"url\":\"https:\/\/static.radiolifefm.com.br\/noticias\/wp-content\/uploads\/2019\/10\/logo-lifefm.png\",\"contentUrl\":\"https:\/\/static.radiolifefm.com.br\/noticias\/wp-content\/uploads\/2019\/10\/logo-lifefm.png\",\"width\":196,\"height\":47,\"caption\":\"R\u00e1dio Life FM\"},\"image\":{\"@id\":\"https:\/\/radiolifefm.com.br\/noticias\/#\/schema\/logo\/image\/\"},\"sameAs\":[\"https:\/\/www.facebook.com\/radiolifefm\/\",\"https:\/\/www.instagram.com\/life1079fm\/\"]},{\"@type\":\"Person\",\"@id\":\"https:\/\/radiolifefm.com.br\/noticias\/#\/schema\/person\/6339b9fac59d12b071dec680d7375d87\",\"name\":\"ritanery\",\"image\":{\"@type\":\"ImageObject\",\"inLanguage\":\"pt-BR\",\"@id\":\"https:\/\/secure.gravatar.com\/avatar\/0e37bb19071f47c0b8a23f62a903df117c5a0e75f65a0c2901562f97cd41cf86?s=96&d=mm&r=g\",\"url\":\"https:\/\/secure.gravatar.com\/avatar\/0e37bb19071f47c0b8a23f62a903df117c5a0e75f65a0c2901562f97cd41cf86?s=96&d=mm&r=g\",\"contentUrl\":\"https:\/\/secure.gravatar.com\/avatar\/0e37bb19071f47c0b8a23f62a903df117c5a0e75f65a0c2901562f97cd41cf86?s=96&d=mm&r=g\",\"caption\":\"ritanery\"}}]}<\/script>\n<!-- \/ Yoast SEO plugin. -->","yoast_head_json":{"title":"Adamantina sedia II Encontro Regional de CREAS da Nova Alta Paulista - R\u00e1dio Life FM","robots":{"index":"index","follow":"follow","max-snippet":"max-snippet:-1","max-image-preview":"max-image-preview:large","max-video-preview":"max-video-preview:-1"},"canonical":"https:\/\/radiolifefm.com.br\/noticias\/adamantina-sedia-ii-encontro-regional-de-creas-da-nova-alta-paulista\/","og_locale":"pt_BR","og_type":"article","og_title":"Adamantina sedia II Encontro Regional de CREAS da Nova Alta Paulista - R\u00e1dio Life FM","og_description":"Sexta-feira (30), a partir das 8h na Associa\u00e7\u00e3o Comercial e Empresarial de Adamantina, ser\u00e1 realizado o II Encontro Regional dos Centros de Refer\u00eancia Especializado de Assist\u00eancia Social (CREAS) da Nova Alta Paulista. Al\u00e9m de Adamantina, participar\u00e3o do evento as cidades de Luc\u00e9lia, Dracena, Osvaldo Cruz e Junqueir\u00f3polis. Estar\u00e3o presentes ainda os munic\u00edpios que atendem \u00e0 [&hellip;]","og_url":"https:\/\/radiolifefm.com.br\/noticias\/adamantina-sedia-ii-encontro-regional-de-creas-da-nova-alta-paulista\/","og_site_name":"R\u00e1dio Life FM","article_publisher":"https:\/\/www.facebook.com\/radiolifefm\/","article_published_time":"2022-09-29T00:38:37+00:00","article_modified_time":"2026-04-08T02:40:18+00:00","og_image":[{"width":827,"height":465,"url":"https:\/\/radiolifefm.com.br\/noticias\/wp-content\/uploads\/2022\/09\/af24f77bd36550c828b0c929592cf087.jpg","type":"image\/jpeg"}],"author":"ritanery","twitter_card":"summary_large_image","twitter_misc":{"Escrito por":"ritanery","Est. tempo de leitura":"2 minutos"},"schema":{"@context":"https:\/\/schema.org","@graph":[{"@type":"Article","@id":"https:\/\/radiolifefm.com.br\/noticias\/adamantina-sedia-ii-encontro-regional-de-creas-da-nova-alta-paulista\/#article","isPartOf":{"@id":"https:\/\/radiolifefm.com.br\/noticias\/adamantina-sedia-ii-encontro-regional-de-creas-da-nova-alta-paulista\/"},"author":{"name":"ritanery","@id":"https:\/\/radiolifefm.com.br\/noticias\/#\/schema\/person\/6339b9fac59d12b071dec680d7375d87"},"headline":"Adamantina sedia II Encontro Regional de CREAS da Nova Alta Paulista","datePublished":"2022-09-29T00:38:37+00:00","dateModified":"2026-04-08T02:40:18+00:00","mainEntityOfPage":{"@id":"https:\/\/radiolifefm.com.br\/noticias\/adamantina-sedia-ii-encontro-regional-de-creas-da-nova-alta-paulista\/"},"wordCount":250,"publisher":{"@id":"https:\/\/radiolifefm.com.br\/noticias\/#organization"},"image":{"@id":"https:\/\/radiolifefm.com.br\/noticias\/adamantina-sedia-ii-encontro-regional-de-creas-da-nova-alta-paulista\/#primaryimage"},"thumbnailUrl":"https:\/\/radiolifefm.com.br\/noticias\/wp-content\/uploads\/2022\/09\/af24f77bd36550c828b0c929592cf087.jpg","articleSection":["Adamantina"],"inLanguage":"pt-BR"},{"@type":"WebPage","@id":"https:\/\/radiolifefm.com.br\/noticias\/adamantina-sedia-ii-encontro-regional-de-creas-da-nova-alta-paulista\/","url":"https:\/\/radiolifefm.com.br\/noticias\/adamantina-sedia-ii-encontro-regional-de-creas-da-nova-alta-paulista\/","name":"Adamantina sedia II Encontro Regional de CREAS da Nova Alta Paulista - R\u00e1dio Life FM","isPartOf":{"@id":"https:\/\/radiolifefm.com.br\/noticias\/#website"},"primaryImageOfPage":{"@id":"https:\/\/radiolifefm.com.br\/noticias\/adamantina-sedia-ii-encontro-regional-de-creas-da-nova-alta-paulista\/#primaryimage"},"image":{"@id":"https:\/\/radiolifefm.com.br\/noticias\/adamantina-sedia-ii-encontro-regional-de-creas-da-nova-alta-paulista\/#primaryimage"},"thumbnailUrl":"https:\/\/radiolifefm.com.br\/noticias\/wp-content\/uploads\/2022\/09\/af24f77bd36550c828b0c929592cf087.jpg","datePublished":"2022-09-29T00:38:37+00:00","dateModified":"2026-04-08T02:40:18+00:00","breadcrumb":{"@id":"https:\/\/radiolifefm.com.br\/noticias\/adamantina-sedia-ii-encontro-regional-de-creas-da-nova-alta-paulista\/#breadcrumb"},"inLanguage":"pt-BR","potentialAction":[{"@type":"ReadAction","target":["https:\/\/radiolifefm.com.br\/noticias\/adamantina-sedia-ii-encontro-regional-de-creas-da-nova-alta-paulista\/"]}]},{"@type":"ImageObject","inLanguage":"pt-BR","@id":"https:\/\/radiolifefm.com.br\/noticias\/adamantina-sedia-ii-encontro-regional-de-creas-da-nova-alta-paulista\/#primaryimage","url":"https:\/\/radiolifefm.com.br\/noticias\/wp-content\/uploads\/2022\/09\/af24f77bd36550c828b0c929592cf087.jpg","contentUrl":"https:\/\/radiolifefm.com.br\/noticias\/wp-content\/uploads\/2022\/09\/af24f77bd36550c828b0c929592cf087.jpg","width":827,"height":465,"caption":"A\u00e7\u00e3o acontece sexta-feira (30), a partir das 8h"},{"@type":"BreadcrumbList","@id":"https:\/\/radiolifefm.com.br\/noticias\/adamantina-sedia-ii-encontro-regional-de-creas-da-nova-alta-paulista\/#breadcrumb","itemListElement":[{"@type":"ListItem","position":1,"name":"In\u00edcio","item":"https:\/\/radiolifefm.com.br\/noticias\/"},{"@type":"ListItem","position":2,"name":"Adamantina sedia II Encontro Regional de CREAS da Nova Alta Paulista"}]},{"@type":"WebSite","@id":"https:\/\/radiolifefm.com.br\/noticias\/#website","url":"https:\/\/radiolifefm.com.br\/noticias\/","name":"R\u00e1dio Life FM","description":"O Portal de Not\u00edcias de Adamantina","publisher":{"@id":"https:\/\/radiolifefm.com.br\/noticias\/#organization"},"alternateName":"Life FM","potentialAction":[{"@type":"SearchAction","target":{"@type":"EntryPoint","urlTemplate":"https:\/\/radiolifefm.com.br\/noticias\/?s={search_term_string}"},"query-input":{"@type":"PropertyValueSpecification","valueRequired":true,"valueName":"search_term_string"}}],"inLanguage":"pt-BR"},{"@type":"Organization","@id":"https:\/\/radiolifefm.com.br\/noticias\/#organization","name":"R\u00e1dio Life FM","alternateName":"Life FM","url":"https:\/\/radiolifefm.com.br\/noticias\/","logo":{"@type":"ImageObject","inLanguage":"pt-BR","@id":"https:\/\/radiolifefm.com.br\/noticias\/#\/schema\/logo\/image\/","url":"https:\/\/static.radiolifefm.com.br\/noticias\/wp-content\/uploads\/2019\/10\/logo-lifefm.png","contentUrl":"https:\/\/static.radiolifefm.com.br\/noticias\/wp-content\/uploads\/2019\/10\/logo-lifefm.png","width":196,"height":47,"caption":"R\u00e1dio Life FM"},"image":{"@id":"https:\/\/radiolifefm.com.br\/noticias\/#\/schema\/logo\/image\/"},"sameAs":["https:\/\/www.facebook.com\/radiolifefm\/","https:\/\/www.instagram.com\/life1079fm\/"]},{"@type":"Person","@id":"https:\/\/radiolifefm.com.br\/noticias\/#\/schema\/person\/6339b9fac59d12b071dec680d7375d87","name":"ritanery","image":{"@type":"ImageObject","inLanguage":"pt-BR","@id":"https:\/\/secure.gravatar.com\/avatar\/0e37bb19071f47c0b8a23f62a903df117c5a0e75f65a0c2901562f97cd41cf86?s=96&d=mm&r=g","url":"https:\/\/secure.gravatar.com\/avatar\/0e37bb19071f47c0b8a23f62a903df117c5a0e75f65a0c2901562f97cd41cf86?s=96&d=mm&r=g","contentUrl":"https:\/\/secure.gravatar.com\/avatar\/0e37bb19071f47c0b8a23f62a903df117c5a0e75f65a0c2901562f97cd41cf86?s=96&d=mm&r=g","caption":"ritanery"}}]}},"amp_enabled":true,"_links":{"self":[{"href":"https:\/\/radiolifefm.com.br\/noticias\/wp-json\/wp\/v2\/posts\/58689","targetHints":{"allow":["GET"]}}],"collection":[{"href":"https:\/\/radiolifefm.com.br\/noticias\/wp-json\/wp\/v2\/posts"}],"about":[{"href":"https:\/\/radiolifefm.com.br\/noticias\/wp-json\/wp\/v2\/types\/post"}],"author":[{"embeddable":true,"href":"https:\/\/radiolifefm.com.br\/noticias\/wp-json\/wp\/v2\/users\/13"}],"replies":[{"embeddable":true,"href":"https:\/\/radiolifefm.com.br\/noticias\/wp-json\/wp\/v2\/comments?post=58689"}],"version-history":[{"count":4,"href":"https:\/\/radiolifefm.com.br\/noticias\/wp-json\/wp\/v2\/posts\/58689\/revisions"}],"predecessor-version":[{"id":58694,"href":"https:\/\/radiolifefm.com.br\/noticias\/wp-json\/wp\/v2\/posts\/58689\/revisions\/58694"}],"wp:featuredmedia":[{"embeddable":true,"href":"https:\/\/radiolifefm.com.br\/noticias\/wp-json\/wp\/v2\/media\/58690"}],"wp:attachment":[{"href":"https:\/\/radiolifefm.com.br\/noticias\/wp-json\/wp\/v2\/media?parent=58689"}],"wp:term":[{"taxonomy":"category","embeddable":true,"href":"https:\/\/radiolifefm.com.br\/noticias\/wp-json\/wp\/v2\/categories?post=58689"},{"taxonomy":"post_tag","embeddable":true,"href":"https:\/\/radiolifefm.com.br\/noticias\/wp-json\/wp\/v2\/tags?post=58689"}],"curies":[{"name":"wp","href":"https:\/\/api.w.org\/{rel}","templated":true}]}}