{"id":58648,"date":"2022-09-27T20:16:54","date_gmt":"2022-09-27T23:16:54","guid":{"rendered":"https:\/\/radiolifefm.com.br\/noticias\/?p=58648"},"modified":"2026-04-13T11:27:22","modified_gmt":"2026-04-13T14:27:22","slug":"acidente-envolve-dois-veiculos-na-sp-294-em-adamantina-tres-sao-socorridos","status":"publish","type":"post","link":"https:\/\/radiolifefm.com.br\/noticias\/acidente-envolve-dois-veiculos-na-sp-294-em-adamantina-tres-sao-socorridos\/","title":{"rendered":"Acidente envolve dois ve\u00edculos na SP-294, em Adamantina; tr\u00eas s\u00e3o socorridos"},"content":{"rendered":"<div id=\"fb-root\"><\/div>\n<p style=\"font-weight: 400\">Um grave acidente envolveu dois ve\u00edculos no in\u00edcio da noite desta ter\u00e7a-feira (27) na Rodovia Comandante Jo\u00e3o Ribeiro de Barros (SP-294), em Adamantina. O trecho da colis\u00e3o fica entre o trevo de acesso ao campus II do Centro Universit\u00e1rio de Adamantina (UniFAI) e a base de atendimento ao usu\u00e1rio da concession\u00e1ria Eixo SP.<\/p>\n<p style=\"font-weight: 400\">Conforme o SIGA MAIS apurou no local, o acidente envolveu um autom\u00f3vel de passeio e uma picape. Por motivos a apurar houve a colis\u00e3o. Com o choque, o carro ficou com danos sobretudo nas partes frontal e esquerda, e parou no meio da faixa sentido Adamantina\/Fl\u00f3rida Paulista. J\u00e1 a camionete parou al\u00e9m do acostamento, em uma faixa de terra, onde capotou.<\/p>\n<p style=\"font-weight: 400\">Tr\u00eas pessoas foram socorridas com ferimentos avaliados no momento como de natureza grave, sendo duas mulheres ocupantes do autom\u00f3vel de passeio e um homem da camionete.<\/p>\n<p style=\"font-weight: 400\">Os tr\u00eas foram levados por ambul\u00e2ncias da Concession\u00e1ria, do Corpo de Bombeiros e da Prefeitura de Adamantina ao pronto-socorro da Santa Casa local, onde ficaram sob os cuidados das equipes de plant\u00e3o.<\/p>\n<p style=\"font-weight: 400\">O atendimento \u00e0 ocorr\u00eancia mobilizou equipes da Pol\u00edcia Militar Rodovi\u00e1ria, Pol\u00edcia Militar territorial, Corpo de Bombeiros, da Concession\u00e1ria e do servi\u00e7o de ambul\u00e2ncia municipal. O tr\u00e2nsito n\u00e3o foi interrompido no local, por\u00e9m uma das vias de circula\u00e7\u00e3o foi deslocada para a margem da pista, fluindo com velocidade reduzida. Chovia no momento do acidente.<\/p>\n<p style=\"font-weight: 400\">As circunst\u00e2ncias e eventuais responsabilidades dever\u00e3o ser investigadas pela Pol\u00edcia Civil, onde o caso dever\u00e1 ser apresentado pela PM Rodovi\u00e1ria. O local e os ve\u00edculos devem ser periciados pelos agentes da Pol\u00edcia Cient\u00edfica.\u00a0<em>(Conte\u00fado sujeito a atualiza\u00e7\u00e3o)<\/em><\/p>\n<p style=\"font-weight: 400\"><strong>Acidente pr\u00f3ximo do local duas semanas atr\u00e1s<\/strong><\/p>\n<p style=\"font-weight: 400\">Duas semanas atr\u00e1s, no dia 14 de setembro,\u00a0<a href=\"https:\/\/www.sigamais.com\/noticias\/policia\/caminhao-tomba-na-sp294-em-adamantina-altura-do-trevo-da-unifaicampus-ii\/\"><strong>um caminh\u00e3o ba\u00fa tombou na regi\u00e3o onde ocorreu o acidente desta ter\u00e7a-feir<\/strong><\/a>a, na altura do km 594+400, no in\u00edcio do acesso ao trevo do campus II da UniFAI. O condutor se feriu levemente, sem gravidade, levado pelas equipes de resgate ao pronto-socorro da Santa Cassa local.<\/p>\n<p>&nbsp;<\/p>\n<p>Fonte: Siga Mais<\/p>\n","protected":false},"excerpt":{"rendered":"<p>Um grave acidente envolveu dois ve\u00edculos no in\u00edcio da noite desta ter\u00e7a-feira (27) na Rodovia Comandante Jo\u00e3o Ribeiro de Barros (SP-294), em Adamantina. O trecho da colis\u00e3o fica entre o trevo de acesso ao campus II do Centro Universit\u00e1rio de Adamantina (UniFAI) e a base de atendimento ao usu\u00e1rio da concession\u00e1ria Eixo SP. Conforme o [&hellip;]<\/p>\n","protected":false},"author":13,"featured_media":58649,"comment_status":"open","ping_status":"open","sticky":false,"template":"","format":"standard","meta":{"_acf_changed":false,"_exactmetrics_skip_tracking":false,"_exactmetrics_sitenote_active":false,"_exactmetrics_sitenote_note":"","_exactmetrics_sitenote_category":0,"footnotes":""},"categories":[21],"tags":[],"class_list":["post-58648","post","type-post","status-publish","format-standard","has-post-thumbnail","hentry","category-adamantina"],"acf":[],"yoast_head":"<!-- This site is optimized with the Yoast SEO plugin v27.2 - https:\/\/yoast.com\/product\/yoast-seo-wordpress\/ -->\n<title>Acidente envolve dois ve\u00edculos na SP-294, em Adamantina; tr\u00eas s\u00e3o socorridos - R\u00e1dio Life FM<\/title>\n<meta name=\"robots\" content=\"index, follow, max-snippet:-1, max-image-preview:large, max-video-preview:-1\" \/>\n<link rel=\"canonical\" href=\"https:\/\/radiolifefm.com.br\/noticias\/acidente-envolve-dois-veiculos-na-sp-294-em-adamantina-tres-sao-socorridos\/\" \/>\n<meta property=\"og:locale\" content=\"pt_BR\" \/>\n<meta property=\"og:type\" content=\"article\" \/>\n<meta property=\"og:title\" content=\"Acidente envolve dois ve\u00edculos na SP-294, em Adamantina; tr\u00eas s\u00e3o socorridos - R\u00e1dio Life FM\" \/>\n<meta property=\"og:description\" content=\"Um grave acidente envolveu dois ve\u00edculos no in\u00edcio da noite desta ter\u00e7a-feira (27) na Rodovia Comandante Jo\u00e3o Ribeiro de Barros (SP-294), em Adamantina. O trecho da colis\u00e3o fica entre o trevo de acesso ao campus II do Centro Universit\u00e1rio de Adamantina (UniFAI) e a base de atendimento ao usu\u00e1rio da concession\u00e1ria Eixo SP. Conforme o [&hellip;]\" \/>\n<meta property=\"og:url\" content=\"https:\/\/radiolifefm.com.br\/noticias\/acidente-envolve-dois-veiculos-na-sp-294-em-adamantina-tres-sao-socorridos\/\" \/>\n<meta property=\"og:site_name\" content=\"R\u00e1dio Life FM\" \/>\n<meta property=\"article:publisher\" content=\"https:\/\/www.facebook.com\/radiolifefm\/\" \/>\n<meta property=\"article:published_time\" content=\"2022-09-27T23:16:54+00:00\" \/>\n<meta property=\"article:modified_time\" content=\"2026-04-13T14:27:22+00:00\" \/>\n<meta property=\"og:image\" content=\"https:\/\/radiolifefm.com.br\/noticias\/wp-content\/uploads\/2022\/09\/acidtjpg16643200076333820729595.jpg\" \/>\n\t<meta property=\"og:image:width\" content=\"600\" \/>\n\t<meta property=\"og:image:height\" content=\"337\" \/>\n\t<meta property=\"og:image:type\" content=\"image\/jpeg\" \/>\n<meta name=\"author\" content=\"ritanery\" \/>\n<meta name=\"twitter:card\" content=\"summary_large_image\" \/>\n<meta name=\"twitter:label1\" content=\"Escrito por\" \/>\n\t<meta name=\"twitter:data1\" content=\"ritanery\" \/>\n\t<meta name=\"twitter:label2\" content=\"Est. tempo de leitura\" \/>\n\t<meta name=\"twitter:data2\" content=\"2 minutos\" \/>\n<script type=\"application\/ld+json\" class=\"yoast-schema-graph\">{\"@context\":\"https:\/\/schema.org\",\"@graph\":[{\"@type\":\"Article\",\"@id\":\"https:\/\/radiolifefm.com.br\/noticias\/acidente-envolve-dois-veiculos-na-sp-294-em-adamantina-tres-sao-socorridos\/#article\",\"isPartOf\":{\"@id\":\"https:\/\/radiolifefm.com.br\/noticias\/acidente-envolve-dois-veiculos-na-sp-294-em-adamantina-tres-sao-socorridos\/\"},\"author\":{\"name\":\"ritanery\",\"@id\":\"https:\/\/radiolifefm.com.br\/noticias\/#\/schema\/person\/6339b9fac59d12b071dec680d7375d87\"},\"headline\":\"Acidente envolve dois ve\u00edculos na SP-294, em Adamantina; tr\u00eas s\u00e3o socorridos\",\"datePublished\":\"2022-09-27T23:16:54+00:00\",\"dateModified\":\"2026-04-13T14:27:22+00:00\",\"mainEntityOfPage\":{\"@id\":\"https:\/\/radiolifefm.com.br\/noticias\/acidente-envolve-dois-veiculos-na-sp-294-em-adamantina-tres-sao-socorridos\/\"},\"wordCount\":384,\"commentCount\":0,\"publisher\":{\"@id\":\"https:\/\/radiolifefm.com.br\/noticias\/#organization\"},\"image\":{\"@id\":\"https:\/\/radiolifefm.com.br\/noticias\/acidente-envolve-dois-veiculos-na-sp-294-em-adamantina-tres-sao-socorridos\/#primaryimage\"},\"thumbnailUrl\":\"https:\/\/radiolifefm.com.br\/noticias\/wp-content\/uploads\/2022\/09\/acidtjpg16643200076333820729595.jpg\",\"articleSection\":[\"Adamantina\"],\"inLanguage\":\"pt-BR\",\"potentialAction\":[{\"@type\":\"CommentAction\",\"name\":\"Comment\",\"target\":[\"https:\/\/radiolifefm.com.br\/noticias\/acidente-envolve-dois-veiculos-na-sp-294-em-adamantina-tres-sao-socorridos\/#respond\"]}]},{\"@type\":\"WebPage\",\"@id\":\"https:\/\/radiolifefm.com.br\/noticias\/acidente-envolve-dois-veiculos-na-sp-294-em-adamantina-tres-sao-socorridos\/\",\"url\":\"https:\/\/radiolifefm.com.br\/noticias\/acidente-envolve-dois-veiculos-na-sp-294-em-adamantina-tres-sao-socorridos\/\",\"name\":\"Acidente envolve dois ve\u00edculos na SP-294, em Adamantina; tr\u00eas s\u00e3o socorridos - R\u00e1dio Life FM\",\"isPartOf\":{\"@id\":\"https:\/\/radiolifefm.com.br\/noticias\/#website\"},\"primaryImageOfPage\":{\"@id\":\"https:\/\/radiolifefm.com.br\/noticias\/acidente-envolve-dois-veiculos-na-sp-294-em-adamantina-tres-sao-socorridos\/#primaryimage\"},\"image\":{\"@id\":\"https:\/\/radiolifefm.com.br\/noticias\/acidente-envolve-dois-veiculos-na-sp-294-em-adamantina-tres-sao-socorridos\/#primaryimage\"},\"thumbnailUrl\":\"https:\/\/radiolifefm.com.br\/noticias\/wp-content\/uploads\/2022\/09\/acidtjpg16643200076333820729595.jpg\",\"datePublished\":\"2022-09-27T23:16:54+00:00\",\"dateModified\":\"2026-04-13T14:27:22+00:00\",\"breadcrumb\":{\"@id\":\"https:\/\/radiolifefm.com.br\/noticias\/acidente-envolve-dois-veiculos-na-sp-294-em-adamantina-tres-sao-socorridos\/#breadcrumb\"},\"inLanguage\":\"pt-BR\",\"potentialAction\":[{\"@type\":\"ReadAction\",\"target\":[\"https:\/\/radiolifefm.com.br\/noticias\/acidente-envolve-dois-veiculos-na-sp-294-em-adamantina-tres-sao-socorridos\/\"]}]},{\"@type\":\"ImageObject\",\"inLanguage\":\"pt-BR\",\"@id\":\"https:\/\/radiolifefm.com.br\/noticias\/acidente-envolve-dois-veiculos-na-sp-294-em-adamantina-tres-sao-socorridos\/#primaryimage\",\"url\":\"https:\/\/radiolifefm.com.br\/noticias\/wp-content\/uploads\/2022\/09\/acidtjpg16643200076333820729595.jpg\",\"contentUrl\":\"https:\/\/radiolifefm.com.br\/noticias\/wp-content\/uploads\/2022\/09\/acidtjpg16643200076333820729595.jpg\",\"width\":600,\"height\":337,\"caption\":\"Os dois ve\u00edculos envolvidos no acidente (Foto: Siga Mais).\"},{\"@type\":\"BreadcrumbList\",\"@id\":\"https:\/\/radiolifefm.com.br\/noticias\/acidente-envolve-dois-veiculos-na-sp-294-em-adamantina-tres-sao-socorridos\/#breadcrumb\",\"itemListElement\":[{\"@type\":\"ListItem\",\"position\":1,\"name\":\"In\u00edcio\",\"item\":\"https:\/\/radiolifefm.com.br\/noticias\/\"},{\"@type\":\"ListItem\",\"position\":2,\"name\":\"Acidente envolve dois ve\u00edculos na SP-294, em Adamantina; tr\u00eas s\u00e3o socorridos\"}]},{\"@type\":\"WebSite\",\"@id\":\"https:\/\/radiolifefm.com.br\/noticias\/#website\",\"url\":\"https:\/\/radiolifefm.com.br\/noticias\/\",\"name\":\"R\u00e1dio Life FM\",\"description\":\"O Portal de Not\u00edcias de Adamantina\",\"publisher\":{\"@id\":\"https:\/\/radiolifefm.com.br\/noticias\/#organization\"},\"alternateName\":\"Life FM\",\"potentialAction\":[{\"@type\":\"SearchAction\",\"target\":{\"@type\":\"EntryPoint\",\"urlTemplate\":\"https:\/\/radiolifefm.com.br\/noticias\/?s={search_term_string}\"},\"query-input\":{\"@type\":\"PropertyValueSpecification\",\"valueRequired\":true,\"valueName\":\"search_term_string\"}}],\"inLanguage\":\"pt-BR\"},{\"@type\":\"Organization\",\"@id\":\"https:\/\/radiolifefm.com.br\/noticias\/#organization\",\"name\":\"R\u00e1dio Life FM\",\"alternateName\":\"Life FM\",\"url\":\"https:\/\/radiolifefm.com.br\/noticias\/\",\"logo\":{\"@type\":\"ImageObject\",\"inLanguage\":\"pt-BR\",\"@id\":\"https:\/\/radiolifefm.com.br\/noticias\/#\/schema\/logo\/image\/\",\"url\":\"https:\/\/static.radiolifefm.com.br\/noticias\/wp-content\/uploads\/2019\/10\/logo-lifefm.png\",\"contentUrl\":\"https:\/\/static.radiolifefm.com.br\/noticias\/wp-content\/uploads\/2019\/10\/logo-lifefm.png\",\"width\":196,\"height\":47,\"caption\":\"R\u00e1dio Life FM\"},\"image\":{\"@id\":\"https:\/\/radiolifefm.com.br\/noticias\/#\/schema\/logo\/image\/\"},\"sameAs\":[\"https:\/\/www.facebook.com\/radiolifefm\/\",\"https:\/\/www.instagram.com\/life1079fm\/\"]},{\"@type\":\"Person\",\"@id\":\"https:\/\/radiolifefm.com.br\/noticias\/#\/schema\/person\/6339b9fac59d12b071dec680d7375d87\",\"name\":\"ritanery\",\"image\":{\"@type\":\"ImageObject\",\"inLanguage\":\"pt-BR\",\"@id\":\"https:\/\/secure.gravatar.com\/avatar\/0e37bb19071f47c0b8a23f62a903df117c5a0e75f65a0c2901562f97cd41cf86?s=96&d=mm&r=g\",\"url\":\"https:\/\/secure.gravatar.com\/avatar\/0e37bb19071f47c0b8a23f62a903df117c5a0e75f65a0c2901562f97cd41cf86?s=96&d=mm&r=g\",\"contentUrl\":\"https:\/\/secure.gravatar.com\/avatar\/0e37bb19071f47c0b8a23f62a903df117c5a0e75f65a0c2901562f97cd41cf86?s=96&d=mm&r=g\",\"caption\":\"ritanery\"}}]}<\/script>\n<!-- \/ Yoast SEO plugin. -->","yoast_head_json":{"title":"Acidente envolve dois ve\u00edculos na SP-294, em Adamantina; tr\u00eas s\u00e3o socorridos - R\u00e1dio Life FM","robots":{"index":"index","follow":"follow","max-snippet":"max-snippet:-1","max-image-preview":"max-image-preview:large","max-video-preview":"max-video-preview:-1"},"canonical":"https:\/\/radiolifefm.com.br\/noticias\/acidente-envolve-dois-veiculos-na-sp-294-em-adamantina-tres-sao-socorridos\/","og_locale":"pt_BR","og_type":"article","og_title":"Acidente envolve dois ve\u00edculos na SP-294, em Adamantina; tr\u00eas s\u00e3o socorridos - R\u00e1dio Life FM","og_description":"Um grave acidente envolveu dois ve\u00edculos no in\u00edcio da noite desta ter\u00e7a-feira (27) na Rodovia Comandante Jo\u00e3o Ribeiro de Barros (SP-294), em Adamantina. O trecho da colis\u00e3o fica entre o trevo de acesso ao campus II do Centro Universit\u00e1rio de Adamantina (UniFAI) e a base de atendimento ao usu\u00e1rio da concession\u00e1ria Eixo SP. Conforme o [&hellip;]","og_url":"https:\/\/radiolifefm.com.br\/noticias\/acidente-envolve-dois-veiculos-na-sp-294-em-adamantina-tres-sao-socorridos\/","og_site_name":"R\u00e1dio Life FM","article_publisher":"https:\/\/www.facebook.com\/radiolifefm\/","article_published_time":"2022-09-27T23:16:54+00:00","article_modified_time":"2026-04-13T14:27:22+00:00","og_image":[{"width":600,"height":337,"url":"https:\/\/radiolifefm.com.br\/noticias\/wp-content\/uploads\/2022\/09\/acidtjpg16643200076333820729595.jpg","type":"image\/jpeg"}],"author":"ritanery","twitter_card":"summary_large_image","twitter_misc":{"Escrito por":"ritanery","Est. tempo de leitura":"2 minutos"},"schema":{"@context":"https:\/\/schema.org","@graph":[{"@type":"Article","@id":"https:\/\/radiolifefm.com.br\/noticias\/acidente-envolve-dois-veiculos-na-sp-294-em-adamantina-tres-sao-socorridos\/#article","isPartOf":{"@id":"https:\/\/radiolifefm.com.br\/noticias\/acidente-envolve-dois-veiculos-na-sp-294-em-adamantina-tres-sao-socorridos\/"},"author":{"name":"ritanery","@id":"https:\/\/radiolifefm.com.br\/noticias\/#\/schema\/person\/6339b9fac59d12b071dec680d7375d87"},"headline":"Acidente envolve dois ve\u00edculos na SP-294, em Adamantina; tr\u00eas s\u00e3o socorridos","datePublished":"2022-09-27T23:16:54+00:00","dateModified":"2026-04-13T14:27:22+00:00","mainEntityOfPage":{"@id":"https:\/\/radiolifefm.com.br\/noticias\/acidente-envolve-dois-veiculos-na-sp-294-em-adamantina-tres-sao-socorridos\/"},"wordCount":384,"commentCount":0,"publisher":{"@id":"https:\/\/radiolifefm.com.br\/noticias\/#organization"},"image":{"@id":"https:\/\/radiolifefm.com.br\/noticias\/acidente-envolve-dois-veiculos-na-sp-294-em-adamantina-tres-sao-socorridos\/#primaryimage"},"thumbnailUrl":"https:\/\/radiolifefm.com.br\/noticias\/wp-content\/uploads\/2022\/09\/acidtjpg16643200076333820729595.jpg","articleSection":["Adamantina"],"inLanguage":"pt-BR","potentialAction":[{"@type":"CommentAction","name":"Comment","target":["https:\/\/radiolifefm.com.br\/noticias\/acidente-envolve-dois-veiculos-na-sp-294-em-adamantina-tres-sao-socorridos\/#respond"]}]},{"@type":"WebPage","@id":"https:\/\/radiolifefm.com.br\/noticias\/acidente-envolve-dois-veiculos-na-sp-294-em-adamantina-tres-sao-socorridos\/","url":"https:\/\/radiolifefm.com.br\/noticias\/acidente-envolve-dois-veiculos-na-sp-294-em-adamantina-tres-sao-socorridos\/","name":"Acidente envolve dois ve\u00edculos na SP-294, em Adamantina; tr\u00eas s\u00e3o socorridos - R\u00e1dio Life FM","isPartOf":{"@id":"https:\/\/radiolifefm.com.br\/noticias\/#website"},"primaryImageOfPage":{"@id":"https:\/\/radiolifefm.com.br\/noticias\/acidente-envolve-dois-veiculos-na-sp-294-em-adamantina-tres-sao-socorridos\/#primaryimage"},"image":{"@id":"https:\/\/radiolifefm.com.br\/noticias\/acidente-envolve-dois-veiculos-na-sp-294-em-adamantina-tres-sao-socorridos\/#primaryimage"},"thumbnailUrl":"https:\/\/radiolifefm.com.br\/noticias\/wp-content\/uploads\/2022\/09\/acidtjpg16643200076333820729595.jpg","datePublished":"2022-09-27T23:16:54+00:00","dateModified":"2026-04-13T14:27:22+00:00","breadcrumb":{"@id":"https:\/\/radiolifefm.com.br\/noticias\/acidente-envolve-dois-veiculos-na-sp-294-em-adamantina-tres-sao-socorridos\/#breadcrumb"},"inLanguage":"pt-BR","potentialAction":[{"@type":"ReadAction","target":["https:\/\/radiolifefm.com.br\/noticias\/acidente-envolve-dois-veiculos-na-sp-294-em-adamantina-tres-sao-socorridos\/"]}]},{"@type":"ImageObject","inLanguage":"pt-BR","@id":"https:\/\/radiolifefm.com.br\/noticias\/acidente-envolve-dois-veiculos-na-sp-294-em-adamantina-tres-sao-socorridos\/#primaryimage","url":"https:\/\/radiolifefm.com.br\/noticias\/wp-content\/uploads\/2022\/09\/acidtjpg16643200076333820729595.jpg","contentUrl":"https:\/\/radiolifefm.com.br\/noticias\/wp-content\/uploads\/2022\/09\/acidtjpg16643200076333820729595.jpg","width":600,"height":337,"caption":"Os dois ve\u00edculos envolvidos no acidente (Foto: Siga Mais)."},{"@type":"BreadcrumbList","@id":"https:\/\/radiolifefm.com.br\/noticias\/acidente-envolve-dois-veiculos-na-sp-294-em-adamantina-tres-sao-socorridos\/#breadcrumb","itemListElement":[{"@type":"ListItem","position":1,"name":"In\u00edcio","item":"https:\/\/radiolifefm.com.br\/noticias\/"},{"@type":"ListItem","position":2,"name":"Acidente envolve dois ve\u00edculos na SP-294, em Adamantina; tr\u00eas s\u00e3o socorridos"}]},{"@type":"WebSite","@id":"https:\/\/radiolifefm.com.br\/noticias\/#website","url":"https:\/\/radiolifefm.com.br\/noticias\/","name":"R\u00e1dio Life FM","description":"O Portal de Not\u00edcias de Adamantina","publisher":{"@id":"https:\/\/radiolifefm.com.br\/noticias\/#organization"},"alternateName":"Life FM","potentialAction":[{"@type":"SearchAction","target":{"@type":"EntryPoint","urlTemplate":"https:\/\/radiolifefm.com.br\/noticias\/?s={search_term_string}"},"query-input":{"@type":"PropertyValueSpecification","valueRequired":true,"valueName":"search_term_string"}}],"inLanguage":"pt-BR"},{"@type":"Organization","@id":"https:\/\/radiolifefm.com.br\/noticias\/#organization","name":"R\u00e1dio Life FM","alternateName":"Life FM","url":"https:\/\/radiolifefm.com.br\/noticias\/","logo":{"@type":"ImageObject","inLanguage":"pt-BR","@id":"https:\/\/radiolifefm.com.br\/noticias\/#\/schema\/logo\/image\/","url":"https:\/\/static.radiolifefm.com.br\/noticias\/wp-content\/uploads\/2019\/10\/logo-lifefm.png","contentUrl":"https:\/\/static.radiolifefm.com.br\/noticias\/wp-content\/uploads\/2019\/10\/logo-lifefm.png","width":196,"height":47,"caption":"R\u00e1dio Life FM"},"image":{"@id":"https:\/\/radiolifefm.com.br\/noticias\/#\/schema\/logo\/image\/"},"sameAs":["https:\/\/www.facebook.com\/radiolifefm\/","https:\/\/www.instagram.com\/life1079fm\/"]},{"@type":"Person","@id":"https:\/\/radiolifefm.com.br\/noticias\/#\/schema\/person\/6339b9fac59d12b071dec680d7375d87","name":"ritanery","image":{"@type":"ImageObject","inLanguage":"pt-BR","@id":"https:\/\/secure.gravatar.com\/avatar\/0e37bb19071f47c0b8a23f62a903df117c5a0e75f65a0c2901562f97cd41cf86?s=96&d=mm&r=g","url":"https:\/\/secure.gravatar.com\/avatar\/0e37bb19071f47c0b8a23f62a903df117c5a0e75f65a0c2901562f97cd41cf86?s=96&d=mm&r=g","contentUrl":"https:\/\/secure.gravatar.com\/avatar\/0e37bb19071f47c0b8a23f62a903df117c5a0e75f65a0c2901562f97cd41cf86?s=96&d=mm&r=g","caption":"ritanery"}}]}},"amp_enabled":true,"_links":{"self":[{"href":"https:\/\/radiolifefm.com.br\/noticias\/wp-json\/wp\/v2\/posts\/58648","targetHints":{"allow":["GET"]}}],"collection":[{"href":"https:\/\/radiolifefm.com.br\/noticias\/wp-json\/wp\/v2\/posts"}],"about":[{"href":"https:\/\/radiolifefm.com.br\/noticias\/wp-json\/wp\/v2\/types\/post"}],"author":[{"embeddable":true,"href":"https:\/\/radiolifefm.com.br\/noticias\/wp-json\/wp\/v2\/users\/13"}],"replies":[{"embeddable":true,"href":"https:\/\/radiolifefm.com.br\/noticias\/wp-json\/wp\/v2\/comments?post=58648"}],"version-history":[{"count":4,"href":"https:\/\/radiolifefm.com.br\/noticias\/wp-json\/wp\/v2\/posts\/58648\/revisions"}],"predecessor-version":[{"id":58653,"href":"https:\/\/radiolifefm.com.br\/noticias\/wp-json\/wp\/v2\/posts\/58648\/revisions\/58653"}],"wp:featuredmedia":[{"embeddable":true,"href":"https:\/\/radiolifefm.com.br\/noticias\/wp-json\/wp\/v2\/media\/58649"}],"wp:attachment":[{"href":"https:\/\/radiolifefm.com.br\/noticias\/wp-json\/wp\/v2\/media?parent=58648"}],"wp:term":[{"taxonomy":"category","embeddable":true,"href":"https:\/\/radiolifefm.com.br\/noticias\/wp-json\/wp\/v2\/categories?post=58648"},{"taxonomy":"post_tag","embeddable":true,"href":"https:\/\/radiolifefm.com.br\/noticias\/wp-json\/wp\/v2\/tags?post=58648"}],"curies":[{"name":"wp","href":"https:\/\/api.w.org\/{rel}","templated":true}]}}