{"id":58555,"date":"2022-09-26T19:15:30","date_gmt":"2022-09-26T22:15:30","guid":{"rendered":"https:\/\/radiolifefm.com.br\/noticias\/?p=58555"},"modified":"2026-04-07T20:10:31","modified_gmt":"2026-04-07T23:10:31","slug":"adamantina-encerra-semana-nacional-de-transito-com-a-simulacao-de-um-acidente-de-transito-com-vitimas","status":"publish","type":"post","link":"https:\/\/radiolifefm.com.br\/noticias\/adamantina-encerra-semana-nacional-de-transito-com-a-simulacao-de-um-acidente-de-transito-com-vitimas\/","title":{"rendered":"Adamantina encerra Semana Nacional de Tr\u00e2nsito com a simula\u00e7\u00e3o de um acidente de tr\u00e2nsito com v\u00edtimas"},"content":{"rendered":"<div id=\"fb-root\"><\/div>\n<p style=\"font-weight: 400\">Uma simula\u00e7\u00e3o de um acidente de tr\u00e2nsito envolvendo um \u00f4nibus e cerca de 30 v\u00edtimas. Assim, chegou ao fim a programa\u00e7\u00e3o realizada pela Prefeitura de Adamantina, por meio da Secretaria de Planejamento e de Sa\u00fade, Departamento Municipal de Tr\u00e2nsito, Pol\u00edcia Militar, Corpo de Bombeiros e Lions Club de Adamantina na Semana Nacional de Tr\u00e2nsito.<\/p>\n<p>A a\u00e7\u00e3o que foi realizada na tarde de s\u00e1bado (24), no Parque dos Pioneiros reuniu algumas pessoas que est\u00e3o interessadas em acompanhar a atua\u00e7\u00e3o do Corpo de Bombeiros.<\/p>\n<p>De acordo com o tenente Poli, felizmente esse tipo de ocorr\u00eancia n\u00e3o acontece com frequ\u00eancia, mas os bombeiros precisam estar prontos e treinados para colocar em pr\u00e1tica todas as t\u00e9cnicas necess\u00e1rias para o salvamento.<\/p>\n<p>\u201cEncerramos a Semana Nacional do Tr\u00e2nsito com uma a\u00e7\u00e3o que teve como objetivo refor\u00e7ar o quanto a seguran\u00e7a na condu\u00e7\u00e3o vi\u00e1ria \u00e9 fundamental. Sempre torcemos para n\u00e3o acontecer situa\u00e7\u00f5es como essa, mas estamos prontos caso venham a acontecer\u201d, assegura.<\/p>\n<p>O sargento Ferramosca, foi quem comandou a opera\u00e7\u00e3o. Ele explicou que os bombeiros trabalham com v\u00e1rias ferramentas e utilizam diferentes t\u00e9cnicas. Durante a a\u00e7\u00e3o, foi preciso promover a substitui\u00e7\u00e3o deles. \u201cPrecisamos estar preparados para agir. Sempre treinamos para n\u00e3o acontecer, mas estamos prontos, caso aconte\u00e7a!\u201d, comenta.<\/p>\n<p style=\"font-weight: 400\">A secret\u00e1ria de sa\u00fade, Franciele Anselmo, agradeceu aos profissionais de sa\u00fade e as demais pessoas que apoiaram a realiza\u00e7\u00e3o do treinamento. \u201cUma situa\u00e7\u00e3o que quase n\u00e3o acontece, mas poder simular \u00e9 extremamente v\u00e1lido\u201d, afirma.<\/p>\n<p style=\"font-weight: 400\">A professora do curso t\u00e9cnico de enfermagem da Etec Prof. Eud\u00e9cio Luiz Vicente participou da simula\u00e7\u00e3o com os seus alunos. Para ela, a simula\u00e7\u00e3o real\u00edstica fala muito mais que uma aula onde as t\u00e9cnicas s\u00e3o apresentadas.<\/p>\n<p style=\"font-weight: 400\">\u201cNem sempre no est\u00e1gio eles tem esse tipo de atendimento, gra\u00e7as a Deus. As simula\u00e7\u00f5es s\u00e3o importantes, porque simulam a realidade. Estamos de portas abertas para a Secretaria de Sa\u00fade e o Corpo de Bombeiros, para trabalharmos juntos\u201d, finaliza.<\/p>\n<p>&nbsp;<\/p>\n<p>Fonte: Assessoria de Imprensa<\/p>\n","protected":false},"excerpt":{"rendered":"<p>Uma simula\u00e7\u00e3o de um acidente de tr\u00e2nsito envolvendo um \u00f4nibus e cerca de 30 v\u00edtimas. Assim, chegou ao fim a programa\u00e7\u00e3o realizada pela Prefeitura de Adamantina, por meio da Secretaria de Planejamento e de Sa\u00fade, Departamento Municipal de Tr\u00e2nsito, Pol\u00edcia Militar, Corpo de Bombeiros e Lions Club de Adamantina na Semana Nacional de Tr\u00e2nsito. A [&hellip;]<\/p>\n","protected":false},"author":13,"featured_media":58556,"comment_status":"closed","ping_status":"open","sticky":false,"template":"","format":"standard","meta":{"_acf_changed":false,"_exactmetrics_skip_tracking":false,"_exactmetrics_sitenote_active":false,"_exactmetrics_sitenote_note":"","_exactmetrics_sitenote_category":0,"footnotes":""},"categories":[21],"tags":[],"class_list":["post-58555","post","type-post","status-publish","format-standard","has-post-thumbnail","hentry","category-adamantina"],"acf":[],"yoast_head":"<!-- This site is optimized with the Yoast SEO plugin v27.2 - https:\/\/yoast.com\/product\/yoast-seo-wordpress\/ -->\n<title>Adamantina encerra Semana Nacional de Tr\u00e2nsito com a simula\u00e7\u00e3o de um acidente de tr\u00e2nsito com v\u00edtimas - R\u00e1dio Life FM<\/title>\n<meta name=\"robots\" content=\"index, follow, max-snippet:-1, max-image-preview:large, max-video-preview:-1\" \/>\n<link rel=\"canonical\" href=\"https:\/\/radiolifefm.com.br\/noticias\/adamantina-encerra-semana-nacional-de-transito-com-a-simulacao-de-um-acidente-de-transito-com-vitimas\/\" \/>\n<meta property=\"og:locale\" content=\"pt_BR\" \/>\n<meta property=\"og:type\" content=\"article\" \/>\n<meta property=\"og:title\" content=\"Adamantina encerra Semana Nacional de Tr\u00e2nsito com a simula\u00e7\u00e3o de um acidente de tr\u00e2nsito com v\u00edtimas - R\u00e1dio Life FM\" \/>\n<meta property=\"og:description\" content=\"Uma simula\u00e7\u00e3o de um acidente de tr\u00e2nsito envolvendo um \u00f4nibus e cerca de 30 v\u00edtimas. Assim, chegou ao fim a programa\u00e7\u00e3o realizada pela Prefeitura de Adamantina, por meio da Secretaria de Planejamento e de Sa\u00fade, Departamento Municipal de Tr\u00e2nsito, Pol\u00edcia Militar, Corpo de Bombeiros e Lions Club de Adamantina na Semana Nacional de Tr\u00e2nsito. A [&hellip;]\" \/>\n<meta property=\"og:url\" content=\"https:\/\/radiolifefm.com.br\/noticias\/adamantina-encerra-semana-nacional-de-transito-com-a-simulacao-de-um-acidente-de-transito-com-vitimas\/\" \/>\n<meta property=\"og:site_name\" content=\"R\u00e1dio Life FM\" \/>\n<meta property=\"article:publisher\" content=\"https:\/\/www.facebook.com\/radiolifefm\/\" \/>\n<meta property=\"article:published_time\" content=\"2022-09-26T22:15:30+00:00\" \/>\n<meta property=\"article:modified_time\" content=\"2026-04-07T23:10:31+00:00\" \/>\n<meta property=\"og:image\" content=\"https:\/\/radiolifefm.com.br\/noticias\/wp-content\/uploads\/2022\/09\/foto-2-1-scaled.jpg\" \/>\n\t<meta property=\"og:image:width\" content=\"2560\" \/>\n\t<meta property=\"og:image:height\" content=\"1711\" \/>\n\t<meta property=\"og:image:type\" content=\"image\/jpeg\" \/>\n<meta name=\"author\" content=\"ritanery\" \/>\n<meta name=\"twitter:card\" content=\"summary_large_image\" \/>\n<meta name=\"twitter:label1\" content=\"Escrito por\" \/>\n\t<meta name=\"twitter:data1\" content=\"ritanery\" \/>\n\t<meta name=\"twitter:label2\" content=\"Est. tempo de leitura\" \/>\n\t<meta name=\"twitter:data2\" content=\"2 minutos\" \/>\n<script type=\"application\/ld+json\" class=\"yoast-schema-graph\">{\"@context\":\"https:\/\/schema.org\",\"@graph\":[{\"@type\":\"Article\",\"@id\":\"https:\/\/radiolifefm.com.br\/noticias\/adamantina-encerra-semana-nacional-de-transito-com-a-simulacao-de-um-acidente-de-transito-com-vitimas\/#article\",\"isPartOf\":{\"@id\":\"https:\/\/radiolifefm.com.br\/noticias\/adamantina-encerra-semana-nacional-de-transito-com-a-simulacao-de-um-acidente-de-transito-com-vitimas\/\"},\"author\":{\"name\":\"ritanery\",\"@id\":\"https:\/\/radiolifefm.com.br\/noticias\/#\/schema\/person\/6339b9fac59d12b071dec680d7375d87\"},\"headline\":\"Adamantina encerra Semana Nacional de Tr\u00e2nsito com a simula\u00e7\u00e3o de um acidente de tr\u00e2nsito com v\u00edtimas\",\"datePublished\":\"2022-09-26T22:15:30+00:00\",\"dateModified\":\"2026-04-07T23:10:31+00:00\",\"mainEntityOfPage\":{\"@id\":\"https:\/\/radiolifefm.com.br\/noticias\/adamantina-encerra-semana-nacional-de-transito-com-a-simulacao-de-um-acidente-de-transito-com-vitimas\/\"},\"wordCount\":383,\"publisher\":{\"@id\":\"https:\/\/radiolifefm.com.br\/noticias\/#organization\"},\"image\":{\"@id\":\"https:\/\/radiolifefm.com.br\/noticias\/adamantina-encerra-semana-nacional-de-transito-com-a-simulacao-de-um-acidente-de-transito-com-vitimas\/#primaryimage\"},\"thumbnailUrl\":\"https:\/\/radiolifefm.com.br\/noticias\/wp-content\/uploads\/2022\/09\/foto-2-1-scaled.jpg\",\"articleSection\":[\"Adamantina\"],\"inLanguage\":\"pt-BR\"},{\"@type\":\"WebPage\",\"@id\":\"https:\/\/radiolifefm.com.br\/noticias\/adamantina-encerra-semana-nacional-de-transito-com-a-simulacao-de-um-acidente-de-transito-com-vitimas\/\",\"url\":\"https:\/\/radiolifefm.com.br\/noticias\/adamantina-encerra-semana-nacional-de-transito-com-a-simulacao-de-um-acidente-de-transito-com-vitimas\/\",\"name\":\"Adamantina encerra Semana Nacional de Tr\u00e2nsito com a simula\u00e7\u00e3o de um acidente de tr\u00e2nsito com v\u00edtimas - R\u00e1dio Life FM\",\"isPartOf\":{\"@id\":\"https:\/\/radiolifefm.com.br\/noticias\/#website\"},\"primaryImageOfPage\":{\"@id\":\"https:\/\/radiolifefm.com.br\/noticias\/adamantina-encerra-semana-nacional-de-transito-com-a-simulacao-de-um-acidente-de-transito-com-vitimas\/#primaryimage\"},\"image\":{\"@id\":\"https:\/\/radiolifefm.com.br\/noticias\/adamantina-encerra-semana-nacional-de-transito-com-a-simulacao-de-um-acidente-de-transito-com-vitimas\/#primaryimage\"},\"thumbnailUrl\":\"https:\/\/radiolifefm.com.br\/noticias\/wp-content\/uploads\/2022\/09\/foto-2-1-scaled.jpg\",\"datePublished\":\"2022-09-26T22:15:30+00:00\",\"dateModified\":\"2026-04-07T23:10:31+00:00\",\"breadcrumb\":{\"@id\":\"https:\/\/radiolifefm.com.br\/noticias\/adamantina-encerra-semana-nacional-de-transito-com-a-simulacao-de-um-acidente-de-transito-com-vitimas\/#breadcrumb\"},\"inLanguage\":\"pt-BR\",\"potentialAction\":[{\"@type\":\"ReadAction\",\"target\":[\"https:\/\/radiolifefm.com.br\/noticias\/adamantina-encerra-semana-nacional-de-transito-com-a-simulacao-de-um-acidente-de-transito-com-vitimas\/\"]}]},{\"@type\":\"ImageObject\",\"inLanguage\":\"pt-BR\",\"@id\":\"https:\/\/radiolifefm.com.br\/noticias\/adamantina-encerra-semana-nacional-de-transito-com-a-simulacao-de-um-acidente-de-transito-com-vitimas\/#primaryimage\",\"url\":\"https:\/\/radiolifefm.com.br\/noticias\/wp-content\/uploads\/2022\/09\/foto-2-1-scaled.jpg\",\"contentUrl\":\"https:\/\/radiolifefm.com.br\/noticias\/wp-content\/uploads\/2022\/09\/foto-2-1-scaled.jpg\",\"width\":2560,\"height\":1711},{\"@type\":\"BreadcrumbList\",\"@id\":\"https:\/\/radiolifefm.com.br\/noticias\/adamantina-encerra-semana-nacional-de-transito-com-a-simulacao-de-um-acidente-de-transito-com-vitimas\/#breadcrumb\",\"itemListElement\":[{\"@type\":\"ListItem\",\"position\":1,\"name\":\"In\u00edcio\",\"item\":\"https:\/\/radiolifefm.com.br\/noticias\/\"},{\"@type\":\"ListItem\",\"position\":2,\"name\":\"Adamantina encerra Semana Nacional de Tr\u00e2nsito com a simula\u00e7\u00e3o de um acidente de tr\u00e2nsito com v\u00edtimas\"}]},{\"@type\":\"WebSite\",\"@id\":\"https:\/\/radiolifefm.com.br\/noticias\/#website\",\"url\":\"https:\/\/radiolifefm.com.br\/noticias\/\",\"name\":\"R\u00e1dio Life FM\",\"description\":\"O Portal de Not\u00edcias de Adamantina\",\"publisher\":{\"@id\":\"https:\/\/radiolifefm.com.br\/noticias\/#organization\"},\"alternateName\":\"Life FM\",\"potentialAction\":[{\"@type\":\"SearchAction\",\"target\":{\"@type\":\"EntryPoint\",\"urlTemplate\":\"https:\/\/radiolifefm.com.br\/noticias\/?s={search_term_string}\"},\"query-input\":{\"@type\":\"PropertyValueSpecification\",\"valueRequired\":true,\"valueName\":\"search_term_string\"}}],\"inLanguage\":\"pt-BR\"},{\"@type\":\"Organization\",\"@id\":\"https:\/\/radiolifefm.com.br\/noticias\/#organization\",\"name\":\"R\u00e1dio Life FM\",\"alternateName\":\"Life FM\",\"url\":\"https:\/\/radiolifefm.com.br\/noticias\/\",\"logo\":{\"@type\":\"ImageObject\",\"inLanguage\":\"pt-BR\",\"@id\":\"https:\/\/radiolifefm.com.br\/noticias\/#\/schema\/logo\/image\/\",\"url\":\"https:\/\/static.radiolifefm.com.br\/noticias\/wp-content\/uploads\/2019\/10\/logo-lifefm.png\",\"contentUrl\":\"https:\/\/static.radiolifefm.com.br\/noticias\/wp-content\/uploads\/2019\/10\/logo-lifefm.png\",\"width\":196,\"height\":47,\"caption\":\"R\u00e1dio Life FM\"},\"image\":{\"@id\":\"https:\/\/radiolifefm.com.br\/noticias\/#\/schema\/logo\/image\/\"},\"sameAs\":[\"https:\/\/www.facebook.com\/radiolifefm\/\",\"https:\/\/www.instagram.com\/life1079fm\/\"]},{\"@type\":\"Person\",\"@id\":\"https:\/\/radiolifefm.com.br\/noticias\/#\/schema\/person\/6339b9fac59d12b071dec680d7375d87\",\"name\":\"ritanery\",\"image\":{\"@type\":\"ImageObject\",\"inLanguage\":\"pt-BR\",\"@id\":\"https:\/\/secure.gravatar.com\/avatar\/0e37bb19071f47c0b8a23f62a903df117c5a0e75f65a0c2901562f97cd41cf86?s=96&d=mm&r=g\",\"url\":\"https:\/\/secure.gravatar.com\/avatar\/0e37bb19071f47c0b8a23f62a903df117c5a0e75f65a0c2901562f97cd41cf86?s=96&d=mm&r=g\",\"contentUrl\":\"https:\/\/secure.gravatar.com\/avatar\/0e37bb19071f47c0b8a23f62a903df117c5a0e75f65a0c2901562f97cd41cf86?s=96&d=mm&r=g\",\"caption\":\"ritanery\"}}]}<\/script>\n<!-- \/ Yoast SEO plugin. -->","yoast_head_json":{"title":"Adamantina encerra Semana Nacional de Tr\u00e2nsito com a simula\u00e7\u00e3o de um acidente de tr\u00e2nsito com v\u00edtimas - R\u00e1dio Life FM","robots":{"index":"index","follow":"follow","max-snippet":"max-snippet:-1","max-image-preview":"max-image-preview:large","max-video-preview":"max-video-preview:-1"},"canonical":"https:\/\/radiolifefm.com.br\/noticias\/adamantina-encerra-semana-nacional-de-transito-com-a-simulacao-de-um-acidente-de-transito-com-vitimas\/","og_locale":"pt_BR","og_type":"article","og_title":"Adamantina encerra Semana Nacional de Tr\u00e2nsito com a simula\u00e7\u00e3o de um acidente de tr\u00e2nsito com v\u00edtimas - R\u00e1dio Life FM","og_description":"Uma simula\u00e7\u00e3o de um acidente de tr\u00e2nsito envolvendo um \u00f4nibus e cerca de 30 v\u00edtimas. Assim, chegou ao fim a programa\u00e7\u00e3o realizada pela Prefeitura de Adamantina, por meio da Secretaria de Planejamento e de Sa\u00fade, Departamento Municipal de Tr\u00e2nsito, Pol\u00edcia Militar, Corpo de Bombeiros e Lions Club de Adamantina na Semana Nacional de Tr\u00e2nsito. A [&hellip;]","og_url":"https:\/\/radiolifefm.com.br\/noticias\/adamantina-encerra-semana-nacional-de-transito-com-a-simulacao-de-um-acidente-de-transito-com-vitimas\/","og_site_name":"R\u00e1dio Life FM","article_publisher":"https:\/\/www.facebook.com\/radiolifefm\/","article_published_time":"2022-09-26T22:15:30+00:00","article_modified_time":"2026-04-07T23:10:31+00:00","og_image":[{"width":2560,"height":1711,"url":"https:\/\/radiolifefm.com.br\/noticias\/wp-content\/uploads\/2022\/09\/foto-2-1-scaled.jpg","type":"image\/jpeg"}],"author":"ritanery","twitter_card":"summary_large_image","twitter_misc":{"Escrito por":"ritanery","Est. tempo de leitura":"2 minutos"},"schema":{"@context":"https:\/\/schema.org","@graph":[{"@type":"Article","@id":"https:\/\/radiolifefm.com.br\/noticias\/adamantina-encerra-semana-nacional-de-transito-com-a-simulacao-de-um-acidente-de-transito-com-vitimas\/#article","isPartOf":{"@id":"https:\/\/radiolifefm.com.br\/noticias\/adamantina-encerra-semana-nacional-de-transito-com-a-simulacao-de-um-acidente-de-transito-com-vitimas\/"},"author":{"name":"ritanery","@id":"https:\/\/radiolifefm.com.br\/noticias\/#\/schema\/person\/6339b9fac59d12b071dec680d7375d87"},"headline":"Adamantina encerra Semana Nacional de Tr\u00e2nsito com a simula\u00e7\u00e3o de um acidente de tr\u00e2nsito com v\u00edtimas","datePublished":"2022-09-26T22:15:30+00:00","dateModified":"2026-04-07T23:10:31+00:00","mainEntityOfPage":{"@id":"https:\/\/radiolifefm.com.br\/noticias\/adamantina-encerra-semana-nacional-de-transito-com-a-simulacao-de-um-acidente-de-transito-com-vitimas\/"},"wordCount":383,"publisher":{"@id":"https:\/\/radiolifefm.com.br\/noticias\/#organization"},"image":{"@id":"https:\/\/radiolifefm.com.br\/noticias\/adamantina-encerra-semana-nacional-de-transito-com-a-simulacao-de-um-acidente-de-transito-com-vitimas\/#primaryimage"},"thumbnailUrl":"https:\/\/radiolifefm.com.br\/noticias\/wp-content\/uploads\/2022\/09\/foto-2-1-scaled.jpg","articleSection":["Adamantina"],"inLanguage":"pt-BR"},{"@type":"WebPage","@id":"https:\/\/radiolifefm.com.br\/noticias\/adamantina-encerra-semana-nacional-de-transito-com-a-simulacao-de-um-acidente-de-transito-com-vitimas\/","url":"https:\/\/radiolifefm.com.br\/noticias\/adamantina-encerra-semana-nacional-de-transito-com-a-simulacao-de-um-acidente-de-transito-com-vitimas\/","name":"Adamantina encerra Semana Nacional de Tr\u00e2nsito com a simula\u00e7\u00e3o de um acidente de tr\u00e2nsito com v\u00edtimas - R\u00e1dio Life FM","isPartOf":{"@id":"https:\/\/radiolifefm.com.br\/noticias\/#website"},"primaryImageOfPage":{"@id":"https:\/\/radiolifefm.com.br\/noticias\/adamantina-encerra-semana-nacional-de-transito-com-a-simulacao-de-um-acidente-de-transito-com-vitimas\/#primaryimage"},"image":{"@id":"https:\/\/radiolifefm.com.br\/noticias\/adamantina-encerra-semana-nacional-de-transito-com-a-simulacao-de-um-acidente-de-transito-com-vitimas\/#primaryimage"},"thumbnailUrl":"https:\/\/radiolifefm.com.br\/noticias\/wp-content\/uploads\/2022\/09\/foto-2-1-scaled.jpg","datePublished":"2022-09-26T22:15:30+00:00","dateModified":"2026-04-07T23:10:31+00:00","breadcrumb":{"@id":"https:\/\/radiolifefm.com.br\/noticias\/adamantina-encerra-semana-nacional-de-transito-com-a-simulacao-de-um-acidente-de-transito-com-vitimas\/#breadcrumb"},"inLanguage":"pt-BR","potentialAction":[{"@type":"ReadAction","target":["https:\/\/radiolifefm.com.br\/noticias\/adamantina-encerra-semana-nacional-de-transito-com-a-simulacao-de-um-acidente-de-transito-com-vitimas\/"]}]},{"@type":"ImageObject","inLanguage":"pt-BR","@id":"https:\/\/radiolifefm.com.br\/noticias\/adamantina-encerra-semana-nacional-de-transito-com-a-simulacao-de-um-acidente-de-transito-com-vitimas\/#primaryimage","url":"https:\/\/radiolifefm.com.br\/noticias\/wp-content\/uploads\/2022\/09\/foto-2-1-scaled.jpg","contentUrl":"https:\/\/radiolifefm.com.br\/noticias\/wp-content\/uploads\/2022\/09\/foto-2-1-scaled.jpg","width":2560,"height":1711},{"@type":"BreadcrumbList","@id":"https:\/\/radiolifefm.com.br\/noticias\/adamantina-encerra-semana-nacional-de-transito-com-a-simulacao-de-um-acidente-de-transito-com-vitimas\/#breadcrumb","itemListElement":[{"@type":"ListItem","position":1,"name":"In\u00edcio","item":"https:\/\/radiolifefm.com.br\/noticias\/"},{"@type":"ListItem","position":2,"name":"Adamantina encerra Semana Nacional de Tr\u00e2nsito com a simula\u00e7\u00e3o de um acidente de tr\u00e2nsito com v\u00edtimas"}]},{"@type":"WebSite","@id":"https:\/\/radiolifefm.com.br\/noticias\/#website","url":"https:\/\/radiolifefm.com.br\/noticias\/","name":"R\u00e1dio Life FM","description":"O Portal de Not\u00edcias de Adamantina","publisher":{"@id":"https:\/\/radiolifefm.com.br\/noticias\/#organization"},"alternateName":"Life FM","potentialAction":[{"@type":"SearchAction","target":{"@type":"EntryPoint","urlTemplate":"https:\/\/radiolifefm.com.br\/noticias\/?s={search_term_string}"},"query-input":{"@type":"PropertyValueSpecification","valueRequired":true,"valueName":"search_term_string"}}],"inLanguage":"pt-BR"},{"@type":"Organization","@id":"https:\/\/radiolifefm.com.br\/noticias\/#organization","name":"R\u00e1dio Life FM","alternateName":"Life FM","url":"https:\/\/radiolifefm.com.br\/noticias\/","logo":{"@type":"ImageObject","inLanguage":"pt-BR","@id":"https:\/\/radiolifefm.com.br\/noticias\/#\/schema\/logo\/image\/","url":"https:\/\/static.radiolifefm.com.br\/noticias\/wp-content\/uploads\/2019\/10\/logo-lifefm.png","contentUrl":"https:\/\/static.radiolifefm.com.br\/noticias\/wp-content\/uploads\/2019\/10\/logo-lifefm.png","width":196,"height":47,"caption":"R\u00e1dio Life FM"},"image":{"@id":"https:\/\/radiolifefm.com.br\/noticias\/#\/schema\/logo\/image\/"},"sameAs":["https:\/\/www.facebook.com\/radiolifefm\/","https:\/\/www.instagram.com\/life1079fm\/"]},{"@type":"Person","@id":"https:\/\/radiolifefm.com.br\/noticias\/#\/schema\/person\/6339b9fac59d12b071dec680d7375d87","name":"ritanery","image":{"@type":"ImageObject","inLanguage":"pt-BR","@id":"https:\/\/secure.gravatar.com\/avatar\/0e37bb19071f47c0b8a23f62a903df117c5a0e75f65a0c2901562f97cd41cf86?s=96&d=mm&r=g","url":"https:\/\/secure.gravatar.com\/avatar\/0e37bb19071f47c0b8a23f62a903df117c5a0e75f65a0c2901562f97cd41cf86?s=96&d=mm&r=g","contentUrl":"https:\/\/secure.gravatar.com\/avatar\/0e37bb19071f47c0b8a23f62a903df117c5a0e75f65a0c2901562f97cd41cf86?s=96&d=mm&r=g","caption":"ritanery"}}]}},"amp_enabled":true,"_links":{"self":[{"href":"https:\/\/radiolifefm.com.br\/noticias\/wp-json\/wp\/v2\/posts\/58555","targetHints":{"allow":["GET"]}}],"collection":[{"href":"https:\/\/radiolifefm.com.br\/noticias\/wp-json\/wp\/v2\/posts"}],"about":[{"href":"https:\/\/radiolifefm.com.br\/noticias\/wp-json\/wp\/v2\/types\/post"}],"author":[{"embeddable":true,"href":"https:\/\/radiolifefm.com.br\/noticias\/wp-json\/wp\/v2\/users\/13"}],"replies":[{"embeddable":true,"href":"https:\/\/radiolifefm.com.br\/noticias\/wp-json\/wp\/v2\/comments?post=58555"}],"version-history":[{"count":4,"href":"https:\/\/radiolifefm.com.br\/noticias\/wp-json\/wp\/v2\/posts\/58555\/revisions"}],"predecessor-version":[{"id":58560,"href":"https:\/\/radiolifefm.com.br\/noticias\/wp-json\/wp\/v2\/posts\/58555\/revisions\/58560"}],"wp:featuredmedia":[{"embeddable":true,"href":"https:\/\/radiolifefm.com.br\/noticias\/wp-json\/wp\/v2\/media\/58556"}],"wp:attachment":[{"href":"https:\/\/radiolifefm.com.br\/noticias\/wp-json\/wp\/v2\/media?parent=58555"}],"wp:term":[{"taxonomy":"category","embeddable":true,"href":"https:\/\/radiolifefm.com.br\/noticias\/wp-json\/wp\/v2\/categories?post=58555"},{"taxonomy":"post_tag","embeddable":true,"href":"https:\/\/radiolifefm.com.br\/noticias\/wp-json\/wp\/v2\/tags?post=58555"}],"curies":[{"name":"wp","href":"https:\/\/api.w.org\/{rel}","templated":true}]}}