{"id":58543,"date":"2022-09-26T19:11:33","date_gmt":"2022-09-26T22:11:33","guid":{"rendered":"https:\/\/radiolifefm.com.br\/noticias\/?p=58543"},"modified":"2026-04-12T11:46:40","modified_gmt":"2026-04-12T14:46:40","slug":"prefeitura-de-adamantina-inscreve-programa-municipal-de-producao-resiliente-de-alimentos-no-premio-cidades-empreendedoras","status":"publish","type":"post","link":"https:\/\/radiolifefm.com.br\/noticias\/prefeitura-de-adamantina-inscreve-programa-municipal-de-producao-resiliente-de-alimentos-no-premio-cidades-empreendedoras\/","title":{"rendered":"Prefeitura de Adamantina inscreve Programa Municipal de Produ\u00e7\u00e3o Resiliente de Alimentos no Pr\u00eamio Cidades Empreendedoras"},"content":{"rendered":"<div id=\"fb-root\"><\/div>\n<p style=\"font-weight: 400\">A Prefeitura de Adamantina, por meio das Secretarias de Desenvolvimento Econ\u00f4mico e Agricultura, Abastecimento e Meio Ambiente (SAAMA), inscreveu o \u201cPrograma de Produ\u00e7\u00e3o Resiliente de Alimentos de Adamantina\u201d para concorrer ao Pr\u00eamio Cidades Empreendedoras do Escola Nacional de Administra\u00e7\u00e3o P\u00fablica (ENAP).<\/p>\n<p style=\"font-weight: 400\">\n<p style=\"font-weight: 400\">O projeto foi inscrito na modalidade munic\u00edpios at\u00e9 50 mil habitantes e concorre a um pr\u00eamio no valor de R$250 mil reais.<\/p>\n<p style=\"font-weight: 400\">\u201cO programa de produ\u00e7\u00e3o resiliente de alimentos \u00e9 pioneiro no pa\u00eds. A parceria com a Energisa, Uni\u00e3o Europeia e UniFAI contribu\u00edram muito no projeto, alinhado ao importante trabalho dos t\u00e9cnicos. Temos em Adamantina um projeto inovador que j\u00e1 vem sendo visitado por outros munic\u00edpios do estado para multiplicar. Queremos levar ainda mais longe\u201d, assegura a secret\u00e1ria de Desenvolvimento Econ\u00f4mico, Luciana Pereira.<\/p>\n<p style=\"font-weight: 400\">\n<p style=\"font-weight: 400\">A avalia\u00e7\u00e3o final do projeto acontecer\u00e1 em 13 de janeiro de 2023 de acordo com o cronograma do edital.<\/p>\n<p style=\"font-weight: 400\">\n<p style=\"font-weight: 400\"><strong>Entenda o que \u00e9 o Programa Municipal de Produ\u00e7\u00e3o Resiliente de Alimentos<\/strong><\/p>\n<p style=\"font-weight: 400\">O Programa Municipal de Produ\u00e7\u00e3o Resiliente de Alimentos consiste na execu\u00e7\u00e3o de dois programas que s\u00e3o o Programa de Efici\u00eancia Energ\u00e9tica que foi implantado em parceria com a Energisa e hoje \u00e9 executado apenas com recursos pr\u00f3prios e o Euroclima +<\/p>\n<p style=\"font-weight: 400\">\n<p style=\"font-weight: 400\">O Projeto de Efici\u00eancia Energ\u00e9tica visa o aproveitamento dos res\u00edduos de poda de \u00e1rvores e os res\u00edduos org\u00e2nicos das cozinhas das escolas municipais para serem transformados em adubo e destinados \u00e0 popula\u00e7\u00e3o por meio do programa Agricultura Familiar e para os participantes dos programas sociais da Secretaria de Assist\u00eancia e Desenvolvimento Social.<\/p>\n<p style=\"font-weight: 400\">\n<p style=\"font-weight: 400\">O Euroclima+ \u00e9 um programa que incentiva a\u00e7\u00f5es \u00e0s boas pr\u00e1ticas agr\u00edcolas, como a utiliza\u00e7\u00e3o de compostos org\u00e2nicos, reaproveitamento de alimento e implanta\u00e7\u00e3o de outras pr\u00e1ticas sustent\u00e1veis.<\/p>\n<p style=\"font-weight: 400\">\n<p style=\"font-weight: 400\">A a\u00e7\u00e3o foi desenvolvida em parceria com Prefeitura de Adamantina, UniFAI e Comunidade Trinacional Fronteiri\u00e7a Rio Lempa (Mancomunidad Trinacional Fronteriza R\u00edo Lempa, no nome original em espanhol, composto por nove munic\u00edpios da Guatemala, El Salvador e Honduras, pa\u00edses da Am\u00e9rica Central que integram um programa que tem como foco a produ\u00e7\u00e3o resiliente de alimentos frente \u00e0 mudan\u00e7a clim\u00e1tica.<\/p>\n<p style=\"font-weight: 400\">\n<p style=\"font-weight: 400\">Por meio dos recursos recebidos foram contratados t\u00e9cnicos que auxiliaram os agricultores no desenvolvimento de boas pr\u00e1ticas sustent\u00e1veis. Devido a implementa\u00e7\u00e3o e os bons resultados obtidos, apesar do encerramento do parceria, a Prefeitura de Adamantina contratou um profissional para continuidade do programa agora municipal.<\/p>\n<p style=\"font-weight: 400\">\n<p style=\"font-weight: 400\">\n<p style=\"font-weight: 400\"><strong>Pr\u00eamio Cidades Empreendedoras<\/strong><\/p>\n<p style=\"font-weight: 400\">O Pr\u00eamio Cidades Empreendedoras \u00e9 uma iniciativa da Subsecretaria de Desenvolvimento das Micro e Pequenas Empresas, Empreendedorismo e Artesanato \u2013 Sempe, em parceria com a Enap. A Sempe acredita que as boas pr\u00e1ticas trazidas por cidades menores devem ser conhecidas, a fim de servir de inspira\u00e7\u00e3o para o aprimoramento de pol\u00edticas p\u00fablicas, tornando-as pass\u00edveis de implementa\u00e7\u00e3o em todas as regi\u00f5es do Pa\u00eds.<\/p>\n<p style=\"font-weight: 400\">\n<p style=\"font-weight: 400\">Diante disso, a Secretaria resolveu premiar iniciativas que apresentem os melhores resultados de desenvolvimento econ\u00f4mico, por meio de relatos de empreendedorismo que promovam a competitividade empresarial e contribuam para o crescimento econ\u00f4mico das cidades.<\/p>\n<p style=\"font-weight: 400\">\n<p style=\"font-weight: 400\">Acredita-se que as iniciativas premiadas poder\u00e3o ajudar o gestor p\u00fablico, as empresas e os cidad\u00e3os com insumos importantes para o desenvolvimento local.<\/p>\n<p>&nbsp;<\/p>\n<p>Fonte: Assessoria de Imprensa<\/p>\n","protected":false},"excerpt":{"rendered":"<p>A Prefeitura de Adamantina, por meio das Secretarias de Desenvolvimento Econ\u00f4mico e Agricultura, Abastecimento e Meio Ambiente (SAAMA), inscreveu o \u201cPrograma de Produ\u00e7\u00e3o Resiliente de Alimentos de Adamantina\u201d para concorrer ao Pr\u00eamio Cidades Empreendedoras do Escola Nacional de Administra\u00e7\u00e3o P\u00fablica (ENAP). O projeto foi inscrito na modalidade munic\u00edpios at\u00e9 50 mil habitantes e concorre a [&hellip;]<\/p>\n","protected":false},"author":13,"featured_media":58544,"comment_status":"closed","ping_status":"open","sticky":false,"template":"","format":"standard","meta":{"_acf_changed":false,"_exactmetrics_skip_tracking":false,"_exactmetrics_sitenote_active":false,"_exactmetrics_sitenote_note":"","_exactmetrics_sitenote_category":0,"footnotes":""},"categories":[21],"tags":[],"class_list":["post-58543","post","type-post","status-publish","format-standard","has-post-thumbnail","hentry","category-adamantina"],"acf":[],"yoast_head":"<!-- This site is optimized with the Yoast SEO plugin v27.2 - https:\/\/yoast.com\/product\/yoast-seo-wordpress\/ -->\n<title>Prefeitura de Adamantina inscreve Programa Municipal de Produ\u00e7\u00e3o Resiliente de Alimentos no Pr\u00eamio Cidades Empreendedoras - R\u00e1dio Life FM<\/title>\n<meta name=\"robots\" content=\"index, follow, max-snippet:-1, max-image-preview:large, max-video-preview:-1\" \/>\n<link rel=\"canonical\" href=\"https:\/\/radiolifefm.com.br\/noticias\/prefeitura-de-adamantina-inscreve-programa-municipal-de-producao-resiliente-de-alimentos-no-premio-cidades-empreendedoras\/\" \/>\n<meta property=\"og:locale\" content=\"pt_BR\" \/>\n<meta property=\"og:type\" content=\"article\" \/>\n<meta property=\"og:title\" content=\"Prefeitura de Adamantina inscreve Programa Municipal de Produ\u00e7\u00e3o Resiliente de Alimentos no Pr\u00eamio Cidades Empreendedoras - R\u00e1dio Life FM\" \/>\n<meta property=\"og:description\" content=\"A Prefeitura de Adamantina, por meio das Secretarias de Desenvolvimento Econ\u00f4mico e Agricultura, Abastecimento e Meio Ambiente (SAAMA), inscreveu o \u201cPrograma de Produ\u00e7\u00e3o Resiliente de Alimentos de Adamantina\u201d para concorrer ao Pr\u00eamio Cidades Empreendedoras do Escola Nacional de Administra\u00e7\u00e3o P\u00fablica (ENAP). O projeto foi inscrito na modalidade munic\u00edpios at\u00e9 50 mil habitantes e concorre a [&hellip;]\" \/>\n<meta property=\"og:url\" content=\"https:\/\/radiolifefm.com.br\/noticias\/prefeitura-de-adamantina-inscreve-programa-municipal-de-producao-resiliente-de-alimentos-no-premio-cidades-empreendedoras\/\" \/>\n<meta property=\"og:site_name\" content=\"R\u00e1dio Life FM\" \/>\n<meta property=\"article:publisher\" content=\"https:\/\/www.facebook.com\/radiolifefm\/\" \/>\n<meta property=\"article:published_time\" content=\"2022-09-26T22:11:33+00:00\" \/>\n<meta property=\"article:modified_time\" content=\"2026-04-12T14:46:40+00:00\" \/>\n<meta property=\"og:image\" content=\"https:\/\/radiolifefm.com.br\/noticias\/wp-content\/uploads\/2022\/09\/0386a26baf58ea67e25610c6c62db2e2.jpg\" \/>\n\t<meta property=\"og:image:width\" content=\"848\" \/>\n\t<meta property=\"og:image:height\" content=\"321\" \/>\n\t<meta property=\"og:image:type\" content=\"image\/jpeg\" \/>\n<meta name=\"author\" content=\"ritanery\" \/>\n<meta name=\"twitter:card\" content=\"summary_large_image\" \/>\n<meta name=\"twitter:label1\" content=\"Escrito por\" \/>\n\t<meta name=\"twitter:data1\" content=\"ritanery\" \/>\n\t<meta name=\"twitter:label2\" content=\"Est. tempo de leitura\" \/>\n\t<meta name=\"twitter:data2\" content=\"3 minutos\" \/>\n<script type=\"application\/ld+json\" class=\"yoast-schema-graph\">{\"@context\":\"https:\/\/schema.org\",\"@graph\":[{\"@type\":\"Article\",\"@id\":\"https:\/\/radiolifefm.com.br\/noticias\/prefeitura-de-adamantina-inscreve-programa-municipal-de-producao-resiliente-de-alimentos-no-premio-cidades-empreendedoras\/#article\",\"isPartOf\":{\"@id\":\"https:\/\/radiolifefm.com.br\/noticias\/prefeitura-de-adamantina-inscreve-programa-municipal-de-producao-resiliente-de-alimentos-no-premio-cidades-empreendedoras\/\"},\"author\":{\"name\":\"ritanery\",\"@id\":\"https:\/\/radiolifefm.com.br\/noticias\/#\/schema\/person\/6339b9fac59d12b071dec680d7375d87\"},\"headline\":\"Prefeitura de Adamantina inscreve Programa Municipal de Produ\u00e7\u00e3o Resiliente de Alimentos no Pr\u00eamio Cidades Empreendedoras\",\"datePublished\":\"2022-09-26T22:11:33+00:00\",\"dateModified\":\"2026-04-12T14:46:40+00:00\",\"mainEntityOfPage\":{\"@id\":\"https:\/\/radiolifefm.com.br\/noticias\/prefeitura-de-adamantina-inscreve-programa-municipal-de-producao-resiliente-de-alimentos-no-premio-cidades-empreendedoras\/\"},\"wordCount\":574,\"publisher\":{\"@id\":\"https:\/\/radiolifefm.com.br\/noticias\/#organization\"},\"image\":{\"@id\":\"https:\/\/radiolifefm.com.br\/noticias\/prefeitura-de-adamantina-inscreve-programa-municipal-de-producao-resiliente-de-alimentos-no-premio-cidades-empreendedoras\/#primaryimage\"},\"thumbnailUrl\":\"https:\/\/radiolifefm.com.br\/noticias\/wp-content\/uploads\/2022\/09\/0386a26baf58ea67e25610c6c62db2e2.jpg\",\"articleSection\":[\"Adamantina\"],\"inLanguage\":\"pt-BR\"},{\"@type\":\"WebPage\",\"@id\":\"https:\/\/radiolifefm.com.br\/noticias\/prefeitura-de-adamantina-inscreve-programa-municipal-de-producao-resiliente-de-alimentos-no-premio-cidades-empreendedoras\/\",\"url\":\"https:\/\/radiolifefm.com.br\/noticias\/prefeitura-de-adamantina-inscreve-programa-municipal-de-producao-resiliente-de-alimentos-no-premio-cidades-empreendedoras\/\",\"name\":\"Prefeitura de Adamantina inscreve Programa Municipal de Produ\u00e7\u00e3o Resiliente de Alimentos no Pr\u00eamio Cidades Empreendedoras - R\u00e1dio Life FM\",\"isPartOf\":{\"@id\":\"https:\/\/radiolifefm.com.br\/noticias\/#website\"},\"primaryImageOfPage\":{\"@id\":\"https:\/\/radiolifefm.com.br\/noticias\/prefeitura-de-adamantina-inscreve-programa-municipal-de-producao-resiliente-de-alimentos-no-premio-cidades-empreendedoras\/#primaryimage\"},\"image\":{\"@id\":\"https:\/\/radiolifefm.com.br\/noticias\/prefeitura-de-adamantina-inscreve-programa-municipal-de-producao-resiliente-de-alimentos-no-premio-cidades-empreendedoras\/#primaryimage\"},\"thumbnailUrl\":\"https:\/\/radiolifefm.com.br\/noticias\/wp-content\/uploads\/2022\/09\/0386a26baf58ea67e25610c6c62db2e2.jpg\",\"datePublished\":\"2022-09-26T22:11:33+00:00\",\"dateModified\":\"2026-04-12T14:46:40+00:00\",\"breadcrumb\":{\"@id\":\"https:\/\/radiolifefm.com.br\/noticias\/prefeitura-de-adamantina-inscreve-programa-municipal-de-producao-resiliente-de-alimentos-no-premio-cidades-empreendedoras\/#breadcrumb\"},\"inLanguage\":\"pt-BR\",\"potentialAction\":[{\"@type\":\"ReadAction\",\"target\":[\"https:\/\/radiolifefm.com.br\/noticias\/prefeitura-de-adamantina-inscreve-programa-municipal-de-producao-resiliente-de-alimentos-no-premio-cidades-empreendedoras\/\"]}]},{\"@type\":\"ImageObject\",\"inLanguage\":\"pt-BR\",\"@id\":\"https:\/\/radiolifefm.com.br\/noticias\/prefeitura-de-adamantina-inscreve-programa-municipal-de-producao-resiliente-de-alimentos-no-premio-cidades-empreendedoras\/#primaryimage\",\"url\":\"https:\/\/radiolifefm.com.br\/noticias\/wp-content\/uploads\/2022\/09\/0386a26baf58ea67e25610c6c62db2e2.jpg\",\"contentUrl\":\"https:\/\/radiolifefm.com.br\/noticias\/wp-content\/uploads\/2022\/09\/0386a26baf58ea67e25610c6c62db2e2.jpg\",\"width\":848,\"height\":321},{\"@type\":\"BreadcrumbList\",\"@id\":\"https:\/\/radiolifefm.com.br\/noticias\/prefeitura-de-adamantina-inscreve-programa-municipal-de-producao-resiliente-de-alimentos-no-premio-cidades-empreendedoras\/#breadcrumb\",\"itemListElement\":[{\"@type\":\"ListItem\",\"position\":1,\"name\":\"In\u00edcio\",\"item\":\"https:\/\/radiolifefm.com.br\/noticias\/\"},{\"@type\":\"ListItem\",\"position\":2,\"name\":\"Prefeitura de Adamantina inscreve Programa Municipal de Produ\u00e7\u00e3o Resiliente de Alimentos no Pr\u00eamio Cidades Empreendedoras\"}]},{\"@type\":\"WebSite\",\"@id\":\"https:\/\/radiolifefm.com.br\/noticias\/#website\",\"url\":\"https:\/\/radiolifefm.com.br\/noticias\/\",\"name\":\"R\u00e1dio Life FM\",\"description\":\"O Portal de Not\u00edcias de Adamantina\",\"publisher\":{\"@id\":\"https:\/\/radiolifefm.com.br\/noticias\/#organization\"},\"alternateName\":\"Life FM\",\"potentialAction\":[{\"@type\":\"SearchAction\",\"target\":{\"@type\":\"EntryPoint\",\"urlTemplate\":\"https:\/\/radiolifefm.com.br\/noticias\/?s={search_term_string}\"},\"query-input\":{\"@type\":\"PropertyValueSpecification\",\"valueRequired\":true,\"valueName\":\"search_term_string\"}}],\"inLanguage\":\"pt-BR\"},{\"@type\":\"Organization\",\"@id\":\"https:\/\/radiolifefm.com.br\/noticias\/#organization\",\"name\":\"R\u00e1dio Life FM\",\"alternateName\":\"Life FM\",\"url\":\"https:\/\/radiolifefm.com.br\/noticias\/\",\"logo\":{\"@type\":\"ImageObject\",\"inLanguage\":\"pt-BR\",\"@id\":\"https:\/\/radiolifefm.com.br\/noticias\/#\/schema\/logo\/image\/\",\"url\":\"https:\/\/static.radiolifefm.com.br\/noticias\/wp-content\/uploads\/2019\/10\/logo-lifefm.png\",\"contentUrl\":\"https:\/\/static.radiolifefm.com.br\/noticias\/wp-content\/uploads\/2019\/10\/logo-lifefm.png\",\"width\":196,\"height\":47,\"caption\":\"R\u00e1dio Life FM\"},\"image\":{\"@id\":\"https:\/\/radiolifefm.com.br\/noticias\/#\/schema\/logo\/image\/\"},\"sameAs\":[\"https:\/\/www.facebook.com\/radiolifefm\/\",\"https:\/\/www.instagram.com\/life1079fm\/\"]},{\"@type\":\"Person\",\"@id\":\"https:\/\/radiolifefm.com.br\/noticias\/#\/schema\/person\/6339b9fac59d12b071dec680d7375d87\",\"name\":\"ritanery\",\"image\":{\"@type\":\"ImageObject\",\"inLanguage\":\"pt-BR\",\"@id\":\"https:\/\/secure.gravatar.com\/avatar\/0e37bb19071f47c0b8a23f62a903df117c5a0e75f65a0c2901562f97cd41cf86?s=96&d=mm&r=g\",\"url\":\"https:\/\/secure.gravatar.com\/avatar\/0e37bb19071f47c0b8a23f62a903df117c5a0e75f65a0c2901562f97cd41cf86?s=96&d=mm&r=g\",\"contentUrl\":\"https:\/\/secure.gravatar.com\/avatar\/0e37bb19071f47c0b8a23f62a903df117c5a0e75f65a0c2901562f97cd41cf86?s=96&d=mm&r=g\",\"caption\":\"ritanery\"}}]}<\/script>\n<!-- \/ Yoast SEO plugin. -->","yoast_head_json":{"title":"Prefeitura de Adamantina inscreve Programa Municipal de Produ\u00e7\u00e3o Resiliente de Alimentos no Pr\u00eamio Cidades Empreendedoras - R\u00e1dio Life FM","robots":{"index":"index","follow":"follow","max-snippet":"max-snippet:-1","max-image-preview":"max-image-preview:large","max-video-preview":"max-video-preview:-1"},"canonical":"https:\/\/radiolifefm.com.br\/noticias\/prefeitura-de-adamantina-inscreve-programa-municipal-de-producao-resiliente-de-alimentos-no-premio-cidades-empreendedoras\/","og_locale":"pt_BR","og_type":"article","og_title":"Prefeitura de Adamantina inscreve Programa Municipal de Produ\u00e7\u00e3o Resiliente de Alimentos no Pr\u00eamio Cidades Empreendedoras - R\u00e1dio Life FM","og_description":"A Prefeitura de Adamantina, por meio das Secretarias de Desenvolvimento Econ\u00f4mico e Agricultura, Abastecimento e Meio Ambiente (SAAMA), inscreveu o \u201cPrograma de Produ\u00e7\u00e3o Resiliente de Alimentos de Adamantina\u201d para concorrer ao Pr\u00eamio Cidades Empreendedoras do Escola Nacional de Administra\u00e7\u00e3o P\u00fablica (ENAP). O projeto foi inscrito na modalidade munic\u00edpios at\u00e9 50 mil habitantes e concorre a [&hellip;]","og_url":"https:\/\/radiolifefm.com.br\/noticias\/prefeitura-de-adamantina-inscreve-programa-municipal-de-producao-resiliente-de-alimentos-no-premio-cidades-empreendedoras\/","og_site_name":"R\u00e1dio Life FM","article_publisher":"https:\/\/www.facebook.com\/radiolifefm\/","article_published_time":"2022-09-26T22:11:33+00:00","article_modified_time":"2026-04-12T14:46:40+00:00","og_image":[{"width":848,"height":321,"url":"https:\/\/radiolifefm.com.br\/noticias\/wp-content\/uploads\/2022\/09\/0386a26baf58ea67e25610c6c62db2e2.jpg","type":"image\/jpeg"}],"author":"ritanery","twitter_card":"summary_large_image","twitter_misc":{"Escrito por":"ritanery","Est. tempo de leitura":"3 minutos"},"schema":{"@context":"https:\/\/schema.org","@graph":[{"@type":"Article","@id":"https:\/\/radiolifefm.com.br\/noticias\/prefeitura-de-adamantina-inscreve-programa-municipal-de-producao-resiliente-de-alimentos-no-premio-cidades-empreendedoras\/#article","isPartOf":{"@id":"https:\/\/radiolifefm.com.br\/noticias\/prefeitura-de-adamantina-inscreve-programa-municipal-de-producao-resiliente-de-alimentos-no-premio-cidades-empreendedoras\/"},"author":{"name":"ritanery","@id":"https:\/\/radiolifefm.com.br\/noticias\/#\/schema\/person\/6339b9fac59d12b071dec680d7375d87"},"headline":"Prefeitura de Adamantina inscreve Programa Municipal de Produ\u00e7\u00e3o Resiliente de Alimentos no Pr\u00eamio Cidades Empreendedoras","datePublished":"2022-09-26T22:11:33+00:00","dateModified":"2026-04-12T14:46:40+00:00","mainEntityOfPage":{"@id":"https:\/\/radiolifefm.com.br\/noticias\/prefeitura-de-adamantina-inscreve-programa-municipal-de-producao-resiliente-de-alimentos-no-premio-cidades-empreendedoras\/"},"wordCount":574,"publisher":{"@id":"https:\/\/radiolifefm.com.br\/noticias\/#organization"},"image":{"@id":"https:\/\/radiolifefm.com.br\/noticias\/prefeitura-de-adamantina-inscreve-programa-municipal-de-producao-resiliente-de-alimentos-no-premio-cidades-empreendedoras\/#primaryimage"},"thumbnailUrl":"https:\/\/radiolifefm.com.br\/noticias\/wp-content\/uploads\/2022\/09\/0386a26baf58ea67e25610c6c62db2e2.jpg","articleSection":["Adamantina"],"inLanguage":"pt-BR"},{"@type":"WebPage","@id":"https:\/\/radiolifefm.com.br\/noticias\/prefeitura-de-adamantina-inscreve-programa-municipal-de-producao-resiliente-de-alimentos-no-premio-cidades-empreendedoras\/","url":"https:\/\/radiolifefm.com.br\/noticias\/prefeitura-de-adamantina-inscreve-programa-municipal-de-producao-resiliente-de-alimentos-no-premio-cidades-empreendedoras\/","name":"Prefeitura de Adamantina inscreve Programa Municipal de Produ\u00e7\u00e3o Resiliente de Alimentos no Pr\u00eamio Cidades Empreendedoras - R\u00e1dio Life FM","isPartOf":{"@id":"https:\/\/radiolifefm.com.br\/noticias\/#website"},"primaryImageOfPage":{"@id":"https:\/\/radiolifefm.com.br\/noticias\/prefeitura-de-adamantina-inscreve-programa-municipal-de-producao-resiliente-de-alimentos-no-premio-cidades-empreendedoras\/#primaryimage"},"image":{"@id":"https:\/\/radiolifefm.com.br\/noticias\/prefeitura-de-adamantina-inscreve-programa-municipal-de-producao-resiliente-de-alimentos-no-premio-cidades-empreendedoras\/#primaryimage"},"thumbnailUrl":"https:\/\/radiolifefm.com.br\/noticias\/wp-content\/uploads\/2022\/09\/0386a26baf58ea67e25610c6c62db2e2.jpg","datePublished":"2022-09-26T22:11:33+00:00","dateModified":"2026-04-12T14:46:40+00:00","breadcrumb":{"@id":"https:\/\/radiolifefm.com.br\/noticias\/prefeitura-de-adamantina-inscreve-programa-municipal-de-producao-resiliente-de-alimentos-no-premio-cidades-empreendedoras\/#breadcrumb"},"inLanguage":"pt-BR","potentialAction":[{"@type":"ReadAction","target":["https:\/\/radiolifefm.com.br\/noticias\/prefeitura-de-adamantina-inscreve-programa-municipal-de-producao-resiliente-de-alimentos-no-premio-cidades-empreendedoras\/"]}]},{"@type":"ImageObject","inLanguage":"pt-BR","@id":"https:\/\/radiolifefm.com.br\/noticias\/prefeitura-de-adamantina-inscreve-programa-municipal-de-producao-resiliente-de-alimentos-no-premio-cidades-empreendedoras\/#primaryimage","url":"https:\/\/radiolifefm.com.br\/noticias\/wp-content\/uploads\/2022\/09\/0386a26baf58ea67e25610c6c62db2e2.jpg","contentUrl":"https:\/\/radiolifefm.com.br\/noticias\/wp-content\/uploads\/2022\/09\/0386a26baf58ea67e25610c6c62db2e2.jpg","width":848,"height":321},{"@type":"BreadcrumbList","@id":"https:\/\/radiolifefm.com.br\/noticias\/prefeitura-de-adamantina-inscreve-programa-municipal-de-producao-resiliente-de-alimentos-no-premio-cidades-empreendedoras\/#breadcrumb","itemListElement":[{"@type":"ListItem","position":1,"name":"In\u00edcio","item":"https:\/\/radiolifefm.com.br\/noticias\/"},{"@type":"ListItem","position":2,"name":"Prefeitura de Adamantina inscreve Programa Municipal de Produ\u00e7\u00e3o Resiliente de Alimentos no Pr\u00eamio Cidades Empreendedoras"}]},{"@type":"WebSite","@id":"https:\/\/radiolifefm.com.br\/noticias\/#website","url":"https:\/\/radiolifefm.com.br\/noticias\/","name":"R\u00e1dio Life FM","description":"O Portal de Not\u00edcias de Adamantina","publisher":{"@id":"https:\/\/radiolifefm.com.br\/noticias\/#organization"},"alternateName":"Life FM","potentialAction":[{"@type":"SearchAction","target":{"@type":"EntryPoint","urlTemplate":"https:\/\/radiolifefm.com.br\/noticias\/?s={search_term_string}"},"query-input":{"@type":"PropertyValueSpecification","valueRequired":true,"valueName":"search_term_string"}}],"inLanguage":"pt-BR"},{"@type":"Organization","@id":"https:\/\/radiolifefm.com.br\/noticias\/#organization","name":"R\u00e1dio Life FM","alternateName":"Life FM","url":"https:\/\/radiolifefm.com.br\/noticias\/","logo":{"@type":"ImageObject","inLanguage":"pt-BR","@id":"https:\/\/radiolifefm.com.br\/noticias\/#\/schema\/logo\/image\/","url":"https:\/\/static.radiolifefm.com.br\/noticias\/wp-content\/uploads\/2019\/10\/logo-lifefm.png","contentUrl":"https:\/\/static.radiolifefm.com.br\/noticias\/wp-content\/uploads\/2019\/10\/logo-lifefm.png","width":196,"height":47,"caption":"R\u00e1dio Life FM"},"image":{"@id":"https:\/\/radiolifefm.com.br\/noticias\/#\/schema\/logo\/image\/"},"sameAs":["https:\/\/www.facebook.com\/radiolifefm\/","https:\/\/www.instagram.com\/life1079fm\/"]},{"@type":"Person","@id":"https:\/\/radiolifefm.com.br\/noticias\/#\/schema\/person\/6339b9fac59d12b071dec680d7375d87","name":"ritanery","image":{"@type":"ImageObject","inLanguage":"pt-BR","@id":"https:\/\/secure.gravatar.com\/avatar\/0e37bb19071f47c0b8a23f62a903df117c5a0e75f65a0c2901562f97cd41cf86?s=96&d=mm&r=g","url":"https:\/\/secure.gravatar.com\/avatar\/0e37bb19071f47c0b8a23f62a903df117c5a0e75f65a0c2901562f97cd41cf86?s=96&d=mm&r=g","contentUrl":"https:\/\/secure.gravatar.com\/avatar\/0e37bb19071f47c0b8a23f62a903df117c5a0e75f65a0c2901562f97cd41cf86?s=96&d=mm&r=g","caption":"ritanery"}}]}},"amp_enabled":true,"_links":{"self":[{"href":"https:\/\/radiolifefm.com.br\/noticias\/wp-json\/wp\/v2\/posts\/58543","targetHints":{"allow":["GET"]}}],"collection":[{"href":"https:\/\/radiolifefm.com.br\/noticias\/wp-json\/wp\/v2\/posts"}],"about":[{"href":"https:\/\/radiolifefm.com.br\/noticias\/wp-json\/wp\/v2\/types\/post"}],"author":[{"embeddable":true,"href":"https:\/\/radiolifefm.com.br\/noticias\/wp-json\/wp\/v2\/users\/13"}],"replies":[{"embeddable":true,"href":"https:\/\/radiolifefm.com.br\/noticias\/wp-json\/wp\/v2\/comments?post=58543"}],"version-history":[{"count":4,"href":"https:\/\/radiolifefm.com.br\/noticias\/wp-json\/wp\/v2\/posts\/58543\/revisions"}],"predecessor-version":[{"id":58548,"href":"https:\/\/radiolifefm.com.br\/noticias\/wp-json\/wp\/v2\/posts\/58543\/revisions\/58548"}],"wp:featuredmedia":[{"embeddable":true,"href":"https:\/\/radiolifefm.com.br\/noticias\/wp-json\/wp\/v2\/media\/58544"}],"wp:attachment":[{"href":"https:\/\/radiolifefm.com.br\/noticias\/wp-json\/wp\/v2\/media?parent=58543"}],"wp:term":[{"taxonomy":"category","embeddable":true,"href":"https:\/\/radiolifefm.com.br\/noticias\/wp-json\/wp\/v2\/categories?post=58543"},{"taxonomy":"post_tag","embeddable":true,"href":"https:\/\/radiolifefm.com.br\/noticias\/wp-json\/wp\/v2\/tags?post=58543"}],"curies":[{"name":"wp","href":"https:\/\/api.w.org\/{rel}","templated":true}]}}