{"id":58516,"date":"2022-09-25T18:13:09","date_gmt":"2022-09-25T21:13:09","guid":{"rendered":"https:\/\/radiolifefm.com.br\/noticias\/?p=58516"},"modified":"2026-04-06T00:06:27","modified_gmt":"2026-04-06T03:06:27","slug":"justica-eleitoral-em-adamantina-faz-a-preparacao-das-urnas-eletronicas-para-as-eleicoes-de-domingo","status":"publish","type":"post","link":"https:\/\/radiolifefm.com.br\/noticias\/justica-eleitoral-em-adamantina-faz-a-preparacao-das-urnas-eletronicas-para-as-eleicoes-de-domingo\/","title":{"rendered":"Justi\u00e7a Eleitoral em Adamantina faz a prepara\u00e7\u00e3o das urnas eletr\u00f4nicas para as elei\u00e7\u00f5es de domingo"},"content":{"rendered":"<div id=\"fb-root\"><\/div>\n<div>\n<p>A Justi\u00e7a Eleitoral em Adamantina realizou neste domingo (25) a prepara\u00e7\u00e3o final das urnas eletr\u00f4nicas que ser\u00e3o usadas no pr\u00f3ximo domingo nas 128 sess\u00f5es eleitorais da Comarca, nas cidades de Adamantina, Mari\u00e1polis e Fl\u00f3rida Paulista.<\/p>\n<p>Essa etapa foi iniciada na \u00faltima quarta-feira (21) com a grava\u00e7\u00e3o em cart\u00f5es de mem\u00f3ria dos dados de eleitores da comarca e de candidatos a deputados estadual, federal, senador, govenador e presidente, passando pela inser\u00e7\u00e3o desses dados nas urnas, at\u00e9 a lacra\u00e7\u00e3o.<\/p>\n<figure style=\"width: 540px\" class=\"wp-caption aligncenter\"><img loading=\"lazy\" decoding=\"async\" src=\"https:\/\/www.sigamais.com\/arquivo\/uploads\/u2jpg16641334366330a93cb61af.jpg\" alt=\"\" width=\"540\" height=\"304\" \/><figcaption class=\"wp-caption-text\">Urnas recebem lacres produzidos pela Casa da Moeda e assinados pelo juiz eleitoral.\u00a0<\/figcaption><\/figure>\n<p>&nbsp;<\/p>\n<figure style=\"width: 540px\" class=\"wp-caption aligncenter\"><img loading=\"lazy\" decoding=\"async\" src=\"https:\/\/www.sigamais.com\/arquivo\/uploads\/u1jpg16641334566330a950cf87f.jpg\" alt=\"\" width=\"540\" height=\"304\" \/><figcaption class=\"wp-caption-text\">Comarca de Adamantina recebeu 52 urnas eletr\u00f4nicas no novo modelo .<\/figcaption><\/figure>\n<p>Nesse est\u00e1gio final, cada uma das urnas eletr\u00f4nicas recebe os lacres produzidos pela Casa da Moeda e assinados pelo juiz eleitoral da Comarca de Adamantina. Agora, do Cart\u00f3rio Eleitoral, as urnas seguir\u00e3o no pr\u00f3ximo s\u00e1bado (1), v\u00e9spera do dia da elei\u00e7\u00e3o, para os locais de vota\u00e7\u00e3o, nas tr\u00eas cidades.<\/p>\n<p>Conforme a Justi\u00e7a Eleitoral, a grava\u00e7\u00e3o das m\u00eddias que d\u00e3o a carga nas urnas n\u00e3o \u00e9 feita pela internet, mas sim por meio de sistema espec\u00edfico para gera\u00e7\u00e3o das m\u00eddias, certificado pelo TSE, n\u00e3o sendo poss\u00edvel extrair esses dados por outro meio que n\u00e3o o sistema, que tem acesso restrito a servidores autorizados pelo juiz eleitoral.<\/p>\n<p><strong>N\u00fameros<\/strong><\/p>\n<p>De acordo com a Justi\u00e7a Eleitoral, para a Comarca de Adamantina foram preparadas 136 urnas, das quais 128 ser\u00e3o instaladas nas sess\u00f5es de vota\u00e7\u00e3o, e as demais ficam como reserva de conting\u00eancia caso alguma das 128 urnas a serem ativadas, no dia da vota\u00e7\u00e3o, apresentem algum problema.<\/p>\n<p>Das 128 urnas eletr\u00f4nicas das sess\u00f5es eleitorais da Comarca, 83 s\u00e3o de sess\u00f5es existentes em Adamantina. As demais \u2013 45 \u2013 s\u00e3o das sess\u00f5es em Fl\u00f3rida Paulista e Mari\u00e1polis.<\/p>\n<figure style=\"width: 540px\" class=\"wp-caption aligncenter\"><img loading=\"lazy\" decoding=\"async\" src=\"https:\/\/www.sigamais.com\/arquivo\/uploads\/u5jpg16641334846330a96cddb40.jpg\" alt=\"\" width=\"540\" height=\"540\" \/><figcaption class=\"wp-caption-text\">M\u00eddias com dados dos eleitores da comarca e dos candidatos s\u00e3o inseridas nas urnas.\u00a0<\/figcaption><\/figure>\n<p>Ainda de acordo com a Justi\u00e7a Eleitoral, das 136 urnas eletr\u00f4nicas na Comarca, 52 s\u00e3o do novo modelo. Dessas, 46 estar\u00e3o em uso no pr\u00f3ximo domingo as demais s\u00e3o reserva de conting\u00eancia.<\/p>\n<p>Adamantina tem 27.465 inscritos, aptos a votar. Em Fl\u00f3rida Paulista s\u00e3o 8.303. Em Mari\u00e1polis,<\/p>\n<p>No estado de S\u00e3o Paulo s\u00e3o preparadas 115.557 urnas para as elei\u00e7\u00f5es de 2 de outubro.<\/p>\n<\/div>\n<p>Fonte: Siga Mais<\/p>\n","protected":false},"excerpt":{"rendered":"<p>A Justi\u00e7a Eleitoral em Adamantina realizou neste domingo (25) a prepara\u00e7\u00e3o final das urnas eletr\u00f4nicas que ser\u00e3o usadas no pr\u00f3ximo domingo nas 128 sess\u00f5es eleitorais da Comarca, nas cidades de Adamantina, Mari\u00e1polis e Fl\u00f3rida Paulista. Essa etapa foi iniciada na \u00faltima quarta-feira (21) com a grava\u00e7\u00e3o em cart\u00f5es de mem\u00f3ria dos dados de eleitores da [&hellip;]<\/p>\n","protected":false},"author":13,"featured_media":58517,"comment_status":"closed","ping_status":"open","sticky":false,"template":"","format":"standard","meta":{"_acf_changed":false,"_exactmetrics_skip_tracking":false,"_exactmetrics_sitenote_active":false,"_exactmetrics_sitenote_note":"","_exactmetrics_sitenote_category":0,"footnotes":""},"categories":[21],"tags":[],"class_list":["post-58516","post","type-post","status-publish","format-standard","has-post-thumbnail","hentry","category-adamantina"],"acf":[],"yoast_head":"<!-- This site is optimized with the Yoast SEO plugin v27.2 - https:\/\/yoast.com\/product\/yoast-seo-wordpress\/ -->\n<title>Justi\u00e7a Eleitoral em Adamantina faz a prepara\u00e7\u00e3o das urnas eletr\u00f4nicas para as elei\u00e7\u00f5es de domingo - R\u00e1dio Life FM<\/title>\n<meta name=\"robots\" content=\"index, follow, max-snippet:-1, max-image-preview:large, max-video-preview:-1\" \/>\n<link rel=\"canonical\" href=\"https:\/\/radiolifefm.com.br\/noticias\/justica-eleitoral-em-adamantina-faz-a-preparacao-das-urnas-eletronicas-para-as-eleicoes-de-domingo\/\" \/>\n<meta property=\"og:locale\" content=\"pt_BR\" \/>\n<meta property=\"og:type\" content=\"article\" \/>\n<meta property=\"og:title\" content=\"Justi\u00e7a Eleitoral em Adamantina faz a prepara\u00e7\u00e3o das urnas eletr\u00f4nicas para as elei\u00e7\u00f5es de domingo - R\u00e1dio Life FM\" \/>\n<meta property=\"og:description\" content=\"A Justi\u00e7a Eleitoral em Adamantina realizou neste domingo (25) a prepara\u00e7\u00e3o final das urnas eletr\u00f4nicas que ser\u00e3o usadas no pr\u00f3ximo domingo nas 128 sess\u00f5es eleitorais da Comarca, nas cidades de Adamantina, Mari\u00e1polis e Fl\u00f3rida Paulista. Essa etapa foi iniciada na \u00faltima quarta-feira (21) com a grava\u00e7\u00e3o em cart\u00f5es de mem\u00f3ria dos dados de eleitores da [&hellip;]\" \/>\n<meta property=\"og:url\" content=\"https:\/\/radiolifefm.com.br\/noticias\/justica-eleitoral-em-adamantina-faz-a-preparacao-das-urnas-eletronicas-para-as-eleicoes-de-domingo\/\" \/>\n<meta property=\"og:site_name\" content=\"R\u00e1dio Life FM\" \/>\n<meta property=\"article:publisher\" content=\"https:\/\/www.facebook.com\/radiolifefm\/\" \/>\n<meta property=\"article:published_time\" content=\"2022-09-25T21:13:09+00:00\" \/>\n<meta property=\"article:modified_time\" content=\"2026-04-06T03:06:27+00:00\" \/>\n<meta property=\"og:image\" content=\"https:\/\/radiolifefm.com.br\/noticias\/wp-content\/uploads\/2022\/09\/u3jpg16641333136330a8c14f2da.jpg\" \/>\n\t<meta property=\"og:image:width\" content=\"600\" \/>\n\t<meta property=\"og:image:height\" content=\"337\" \/>\n\t<meta property=\"og:image:type\" content=\"image\/jpeg\" \/>\n<meta name=\"author\" content=\"ritanery\" \/>\n<meta name=\"twitter:card\" content=\"summary_large_image\" \/>\n<meta name=\"twitter:label1\" content=\"Escrito por\" \/>\n\t<meta name=\"twitter:data1\" content=\"ritanery\" \/>\n\t<meta name=\"twitter:label2\" content=\"Est. tempo de leitura\" \/>\n\t<meta name=\"twitter:data2\" content=\"3 minutos\" \/>\n<script type=\"application\/ld+json\" class=\"yoast-schema-graph\">{\"@context\":\"https:\/\/schema.org\",\"@graph\":[{\"@type\":\"Article\",\"@id\":\"https:\/\/radiolifefm.com.br\/noticias\/justica-eleitoral-em-adamantina-faz-a-preparacao-das-urnas-eletronicas-para-as-eleicoes-de-domingo\/#article\",\"isPartOf\":{\"@id\":\"https:\/\/radiolifefm.com.br\/noticias\/justica-eleitoral-em-adamantina-faz-a-preparacao-das-urnas-eletronicas-para-as-eleicoes-de-domingo\/\"},\"author\":{\"name\":\"ritanery\",\"@id\":\"https:\/\/radiolifefm.com.br\/noticias\/#\/schema\/person\/6339b9fac59d12b071dec680d7375d87\"},\"headline\":\"Justi\u00e7a Eleitoral em Adamantina faz a prepara\u00e7\u00e3o das urnas eletr\u00f4nicas para as elei\u00e7\u00f5es de domingo\",\"datePublished\":\"2022-09-25T21:13:09+00:00\",\"dateModified\":\"2026-04-06T03:06:27+00:00\",\"mainEntityOfPage\":{\"@id\":\"https:\/\/radiolifefm.com.br\/noticias\/justica-eleitoral-em-adamantina-faz-a-preparacao-das-urnas-eletronicas-para-as-eleicoes-de-domingo\/\"},\"wordCount\":443,\"publisher\":{\"@id\":\"https:\/\/radiolifefm.com.br\/noticias\/#organization\"},\"image\":{\"@id\":\"https:\/\/radiolifefm.com.br\/noticias\/justica-eleitoral-em-adamantina-faz-a-preparacao-das-urnas-eletronicas-para-as-eleicoes-de-domingo\/#primaryimage\"},\"thumbnailUrl\":\"https:\/\/radiolifefm.com.br\/noticias\/wp-content\/uploads\/2022\/09\/u3jpg16641333136330a8c14f2da.jpg\",\"articleSection\":[\"Adamantina\"],\"inLanguage\":\"pt-BR\"},{\"@type\":\"WebPage\",\"@id\":\"https:\/\/radiolifefm.com.br\/noticias\/justica-eleitoral-em-adamantina-faz-a-preparacao-das-urnas-eletronicas-para-as-eleicoes-de-domingo\/\",\"url\":\"https:\/\/radiolifefm.com.br\/noticias\/justica-eleitoral-em-adamantina-faz-a-preparacao-das-urnas-eletronicas-para-as-eleicoes-de-domingo\/\",\"name\":\"Justi\u00e7a Eleitoral em Adamantina faz a prepara\u00e7\u00e3o das urnas eletr\u00f4nicas para as elei\u00e7\u00f5es de domingo - R\u00e1dio Life FM\",\"isPartOf\":{\"@id\":\"https:\/\/radiolifefm.com.br\/noticias\/#website\"},\"primaryImageOfPage\":{\"@id\":\"https:\/\/radiolifefm.com.br\/noticias\/justica-eleitoral-em-adamantina-faz-a-preparacao-das-urnas-eletronicas-para-as-eleicoes-de-domingo\/#primaryimage\"},\"image\":{\"@id\":\"https:\/\/radiolifefm.com.br\/noticias\/justica-eleitoral-em-adamantina-faz-a-preparacao-das-urnas-eletronicas-para-as-eleicoes-de-domingo\/#primaryimage\"},\"thumbnailUrl\":\"https:\/\/radiolifefm.com.br\/noticias\/wp-content\/uploads\/2022\/09\/u3jpg16641333136330a8c14f2da.jpg\",\"datePublished\":\"2022-09-25T21:13:09+00:00\",\"dateModified\":\"2026-04-06T03:06:27+00:00\",\"breadcrumb\":{\"@id\":\"https:\/\/radiolifefm.com.br\/noticias\/justica-eleitoral-em-adamantina-faz-a-preparacao-das-urnas-eletronicas-para-as-eleicoes-de-domingo\/#breadcrumb\"},\"inLanguage\":\"pt-BR\",\"potentialAction\":[{\"@type\":\"ReadAction\",\"target\":[\"https:\/\/radiolifefm.com.br\/noticias\/justica-eleitoral-em-adamantina-faz-a-preparacao-das-urnas-eletronicas-para-as-eleicoes-de-domingo\/\"]}]},{\"@type\":\"ImageObject\",\"inLanguage\":\"pt-BR\",\"@id\":\"https:\/\/radiolifefm.com.br\/noticias\/justica-eleitoral-em-adamantina-faz-a-preparacao-das-urnas-eletronicas-para-as-eleicoes-de-domingo\/#primaryimage\",\"url\":\"https:\/\/radiolifefm.com.br\/noticias\/wp-content\/uploads\/2022\/09\/u3jpg16641333136330a8c14f2da.jpg\",\"contentUrl\":\"https:\/\/radiolifefm.com.br\/noticias\/wp-content\/uploads\/2022\/09\/u3jpg16641333136330a8c14f2da.jpg\",\"width\":600,\"height\":337,\"caption\":\"Justi\u00e7a Eleitoral em Adamantina faz a prepara\u00e7\u00e3o de 136 urnas eletr\u00f4nicas\"},{\"@type\":\"BreadcrumbList\",\"@id\":\"https:\/\/radiolifefm.com.br\/noticias\/justica-eleitoral-em-adamantina-faz-a-preparacao-das-urnas-eletronicas-para-as-eleicoes-de-domingo\/#breadcrumb\",\"itemListElement\":[{\"@type\":\"ListItem\",\"position\":1,\"name\":\"In\u00edcio\",\"item\":\"https:\/\/radiolifefm.com.br\/noticias\/\"},{\"@type\":\"ListItem\",\"position\":2,\"name\":\"Justi\u00e7a Eleitoral em Adamantina faz a prepara\u00e7\u00e3o das urnas eletr\u00f4nicas para as elei\u00e7\u00f5es de domingo\"}]},{\"@type\":\"WebSite\",\"@id\":\"https:\/\/radiolifefm.com.br\/noticias\/#website\",\"url\":\"https:\/\/radiolifefm.com.br\/noticias\/\",\"name\":\"R\u00e1dio Life FM\",\"description\":\"O Portal de Not\u00edcias de Adamantina\",\"publisher\":{\"@id\":\"https:\/\/radiolifefm.com.br\/noticias\/#organization\"},\"alternateName\":\"Life FM\",\"potentialAction\":[{\"@type\":\"SearchAction\",\"target\":{\"@type\":\"EntryPoint\",\"urlTemplate\":\"https:\/\/radiolifefm.com.br\/noticias\/?s={search_term_string}\"},\"query-input\":{\"@type\":\"PropertyValueSpecification\",\"valueRequired\":true,\"valueName\":\"search_term_string\"}}],\"inLanguage\":\"pt-BR\"},{\"@type\":\"Organization\",\"@id\":\"https:\/\/radiolifefm.com.br\/noticias\/#organization\",\"name\":\"R\u00e1dio Life FM\",\"alternateName\":\"Life FM\",\"url\":\"https:\/\/radiolifefm.com.br\/noticias\/\",\"logo\":{\"@type\":\"ImageObject\",\"inLanguage\":\"pt-BR\",\"@id\":\"https:\/\/radiolifefm.com.br\/noticias\/#\/schema\/logo\/image\/\",\"url\":\"https:\/\/static.radiolifefm.com.br\/noticias\/wp-content\/uploads\/2019\/10\/logo-lifefm.png\",\"contentUrl\":\"https:\/\/static.radiolifefm.com.br\/noticias\/wp-content\/uploads\/2019\/10\/logo-lifefm.png\",\"width\":196,\"height\":47,\"caption\":\"R\u00e1dio Life FM\"},\"image\":{\"@id\":\"https:\/\/radiolifefm.com.br\/noticias\/#\/schema\/logo\/image\/\"},\"sameAs\":[\"https:\/\/www.facebook.com\/radiolifefm\/\",\"https:\/\/www.instagram.com\/life1079fm\/\"]},{\"@type\":\"Person\",\"@id\":\"https:\/\/radiolifefm.com.br\/noticias\/#\/schema\/person\/6339b9fac59d12b071dec680d7375d87\",\"name\":\"ritanery\",\"image\":{\"@type\":\"ImageObject\",\"inLanguage\":\"pt-BR\",\"@id\":\"https:\/\/secure.gravatar.com\/avatar\/0e37bb19071f47c0b8a23f62a903df117c5a0e75f65a0c2901562f97cd41cf86?s=96&d=mm&r=g\",\"url\":\"https:\/\/secure.gravatar.com\/avatar\/0e37bb19071f47c0b8a23f62a903df117c5a0e75f65a0c2901562f97cd41cf86?s=96&d=mm&r=g\",\"contentUrl\":\"https:\/\/secure.gravatar.com\/avatar\/0e37bb19071f47c0b8a23f62a903df117c5a0e75f65a0c2901562f97cd41cf86?s=96&d=mm&r=g\",\"caption\":\"ritanery\"}}]}<\/script>\n<!-- \/ Yoast SEO plugin. -->","yoast_head_json":{"title":"Justi\u00e7a Eleitoral em Adamantina faz a prepara\u00e7\u00e3o das urnas eletr\u00f4nicas para as elei\u00e7\u00f5es de domingo - R\u00e1dio Life FM","robots":{"index":"index","follow":"follow","max-snippet":"max-snippet:-1","max-image-preview":"max-image-preview:large","max-video-preview":"max-video-preview:-1"},"canonical":"https:\/\/radiolifefm.com.br\/noticias\/justica-eleitoral-em-adamantina-faz-a-preparacao-das-urnas-eletronicas-para-as-eleicoes-de-domingo\/","og_locale":"pt_BR","og_type":"article","og_title":"Justi\u00e7a Eleitoral em Adamantina faz a prepara\u00e7\u00e3o das urnas eletr\u00f4nicas para as elei\u00e7\u00f5es de domingo - R\u00e1dio Life FM","og_description":"A Justi\u00e7a Eleitoral em Adamantina realizou neste domingo (25) a prepara\u00e7\u00e3o final das urnas eletr\u00f4nicas que ser\u00e3o usadas no pr\u00f3ximo domingo nas 128 sess\u00f5es eleitorais da Comarca, nas cidades de Adamantina, Mari\u00e1polis e Fl\u00f3rida Paulista. Essa etapa foi iniciada na \u00faltima quarta-feira (21) com a grava\u00e7\u00e3o em cart\u00f5es de mem\u00f3ria dos dados de eleitores da [&hellip;]","og_url":"https:\/\/radiolifefm.com.br\/noticias\/justica-eleitoral-em-adamantina-faz-a-preparacao-das-urnas-eletronicas-para-as-eleicoes-de-domingo\/","og_site_name":"R\u00e1dio Life FM","article_publisher":"https:\/\/www.facebook.com\/radiolifefm\/","article_published_time":"2022-09-25T21:13:09+00:00","article_modified_time":"2026-04-06T03:06:27+00:00","og_image":[{"width":600,"height":337,"url":"https:\/\/radiolifefm.com.br\/noticias\/wp-content\/uploads\/2022\/09\/u3jpg16641333136330a8c14f2da.jpg","type":"image\/jpeg"}],"author":"ritanery","twitter_card":"summary_large_image","twitter_misc":{"Escrito por":"ritanery","Est. tempo de leitura":"3 minutos"},"schema":{"@context":"https:\/\/schema.org","@graph":[{"@type":"Article","@id":"https:\/\/radiolifefm.com.br\/noticias\/justica-eleitoral-em-adamantina-faz-a-preparacao-das-urnas-eletronicas-para-as-eleicoes-de-domingo\/#article","isPartOf":{"@id":"https:\/\/radiolifefm.com.br\/noticias\/justica-eleitoral-em-adamantina-faz-a-preparacao-das-urnas-eletronicas-para-as-eleicoes-de-domingo\/"},"author":{"name":"ritanery","@id":"https:\/\/radiolifefm.com.br\/noticias\/#\/schema\/person\/6339b9fac59d12b071dec680d7375d87"},"headline":"Justi\u00e7a Eleitoral em Adamantina faz a prepara\u00e7\u00e3o das urnas eletr\u00f4nicas para as elei\u00e7\u00f5es de domingo","datePublished":"2022-09-25T21:13:09+00:00","dateModified":"2026-04-06T03:06:27+00:00","mainEntityOfPage":{"@id":"https:\/\/radiolifefm.com.br\/noticias\/justica-eleitoral-em-adamantina-faz-a-preparacao-das-urnas-eletronicas-para-as-eleicoes-de-domingo\/"},"wordCount":443,"publisher":{"@id":"https:\/\/radiolifefm.com.br\/noticias\/#organization"},"image":{"@id":"https:\/\/radiolifefm.com.br\/noticias\/justica-eleitoral-em-adamantina-faz-a-preparacao-das-urnas-eletronicas-para-as-eleicoes-de-domingo\/#primaryimage"},"thumbnailUrl":"https:\/\/radiolifefm.com.br\/noticias\/wp-content\/uploads\/2022\/09\/u3jpg16641333136330a8c14f2da.jpg","articleSection":["Adamantina"],"inLanguage":"pt-BR"},{"@type":"WebPage","@id":"https:\/\/radiolifefm.com.br\/noticias\/justica-eleitoral-em-adamantina-faz-a-preparacao-das-urnas-eletronicas-para-as-eleicoes-de-domingo\/","url":"https:\/\/radiolifefm.com.br\/noticias\/justica-eleitoral-em-adamantina-faz-a-preparacao-das-urnas-eletronicas-para-as-eleicoes-de-domingo\/","name":"Justi\u00e7a Eleitoral em Adamantina faz a prepara\u00e7\u00e3o das urnas eletr\u00f4nicas para as elei\u00e7\u00f5es de domingo - R\u00e1dio Life FM","isPartOf":{"@id":"https:\/\/radiolifefm.com.br\/noticias\/#website"},"primaryImageOfPage":{"@id":"https:\/\/radiolifefm.com.br\/noticias\/justica-eleitoral-em-adamantina-faz-a-preparacao-das-urnas-eletronicas-para-as-eleicoes-de-domingo\/#primaryimage"},"image":{"@id":"https:\/\/radiolifefm.com.br\/noticias\/justica-eleitoral-em-adamantina-faz-a-preparacao-das-urnas-eletronicas-para-as-eleicoes-de-domingo\/#primaryimage"},"thumbnailUrl":"https:\/\/radiolifefm.com.br\/noticias\/wp-content\/uploads\/2022\/09\/u3jpg16641333136330a8c14f2da.jpg","datePublished":"2022-09-25T21:13:09+00:00","dateModified":"2026-04-06T03:06:27+00:00","breadcrumb":{"@id":"https:\/\/radiolifefm.com.br\/noticias\/justica-eleitoral-em-adamantina-faz-a-preparacao-das-urnas-eletronicas-para-as-eleicoes-de-domingo\/#breadcrumb"},"inLanguage":"pt-BR","potentialAction":[{"@type":"ReadAction","target":["https:\/\/radiolifefm.com.br\/noticias\/justica-eleitoral-em-adamantina-faz-a-preparacao-das-urnas-eletronicas-para-as-eleicoes-de-domingo\/"]}]},{"@type":"ImageObject","inLanguage":"pt-BR","@id":"https:\/\/radiolifefm.com.br\/noticias\/justica-eleitoral-em-adamantina-faz-a-preparacao-das-urnas-eletronicas-para-as-eleicoes-de-domingo\/#primaryimage","url":"https:\/\/radiolifefm.com.br\/noticias\/wp-content\/uploads\/2022\/09\/u3jpg16641333136330a8c14f2da.jpg","contentUrl":"https:\/\/radiolifefm.com.br\/noticias\/wp-content\/uploads\/2022\/09\/u3jpg16641333136330a8c14f2da.jpg","width":600,"height":337,"caption":"Justi\u00e7a Eleitoral em Adamantina faz a prepara\u00e7\u00e3o de 136 urnas eletr\u00f4nicas"},{"@type":"BreadcrumbList","@id":"https:\/\/radiolifefm.com.br\/noticias\/justica-eleitoral-em-adamantina-faz-a-preparacao-das-urnas-eletronicas-para-as-eleicoes-de-domingo\/#breadcrumb","itemListElement":[{"@type":"ListItem","position":1,"name":"In\u00edcio","item":"https:\/\/radiolifefm.com.br\/noticias\/"},{"@type":"ListItem","position":2,"name":"Justi\u00e7a Eleitoral em Adamantina faz a prepara\u00e7\u00e3o das urnas eletr\u00f4nicas para as elei\u00e7\u00f5es de domingo"}]},{"@type":"WebSite","@id":"https:\/\/radiolifefm.com.br\/noticias\/#website","url":"https:\/\/radiolifefm.com.br\/noticias\/","name":"R\u00e1dio Life FM","description":"O Portal de Not\u00edcias de Adamantina","publisher":{"@id":"https:\/\/radiolifefm.com.br\/noticias\/#organization"},"alternateName":"Life FM","potentialAction":[{"@type":"SearchAction","target":{"@type":"EntryPoint","urlTemplate":"https:\/\/radiolifefm.com.br\/noticias\/?s={search_term_string}"},"query-input":{"@type":"PropertyValueSpecification","valueRequired":true,"valueName":"search_term_string"}}],"inLanguage":"pt-BR"},{"@type":"Organization","@id":"https:\/\/radiolifefm.com.br\/noticias\/#organization","name":"R\u00e1dio Life FM","alternateName":"Life FM","url":"https:\/\/radiolifefm.com.br\/noticias\/","logo":{"@type":"ImageObject","inLanguage":"pt-BR","@id":"https:\/\/radiolifefm.com.br\/noticias\/#\/schema\/logo\/image\/","url":"https:\/\/static.radiolifefm.com.br\/noticias\/wp-content\/uploads\/2019\/10\/logo-lifefm.png","contentUrl":"https:\/\/static.radiolifefm.com.br\/noticias\/wp-content\/uploads\/2019\/10\/logo-lifefm.png","width":196,"height":47,"caption":"R\u00e1dio Life FM"},"image":{"@id":"https:\/\/radiolifefm.com.br\/noticias\/#\/schema\/logo\/image\/"},"sameAs":["https:\/\/www.facebook.com\/radiolifefm\/","https:\/\/www.instagram.com\/life1079fm\/"]},{"@type":"Person","@id":"https:\/\/radiolifefm.com.br\/noticias\/#\/schema\/person\/6339b9fac59d12b071dec680d7375d87","name":"ritanery","image":{"@type":"ImageObject","inLanguage":"pt-BR","@id":"https:\/\/secure.gravatar.com\/avatar\/0e37bb19071f47c0b8a23f62a903df117c5a0e75f65a0c2901562f97cd41cf86?s=96&d=mm&r=g","url":"https:\/\/secure.gravatar.com\/avatar\/0e37bb19071f47c0b8a23f62a903df117c5a0e75f65a0c2901562f97cd41cf86?s=96&d=mm&r=g","contentUrl":"https:\/\/secure.gravatar.com\/avatar\/0e37bb19071f47c0b8a23f62a903df117c5a0e75f65a0c2901562f97cd41cf86?s=96&d=mm&r=g","caption":"ritanery"}}]}},"amp_enabled":true,"_links":{"self":[{"href":"https:\/\/radiolifefm.com.br\/noticias\/wp-json\/wp\/v2\/posts\/58516","targetHints":{"allow":["GET"]}}],"collection":[{"href":"https:\/\/radiolifefm.com.br\/noticias\/wp-json\/wp\/v2\/posts"}],"about":[{"href":"https:\/\/radiolifefm.com.br\/noticias\/wp-json\/wp\/v2\/types\/post"}],"author":[{"embeddable":true,"href":"https:\/\/radiolifefm.com.br\/noticias\/wp-json\/wp\/v2\/users\/13"}],"replies":[{"embeddable":true,"href":"https:\/\/radiolifefm.com.br\/noticias\/wp-json\/wp\/v2\/comments?post=58516"}],"version-history":[{"count":2,"href":"https:\/\/radiolifefm.com.br\/noticias\/wp-json\/wp\/v2\/posts\/58516\/revisions"}],"predecessor-version":[{"id":58519,"href":"https:\/\/radiolifefm.com.br\/noticias\/wp-json\/wp\/v2\/posts\/58516\/revisions\/58519"}],"wp:featuredmedia":[{"embeddable":true,"href":"https:\/\/radiolifefm.com.br\/noticias\/wp-json\/wp\/v2\/media\/58517"}],"wp:attachment":[{"href":"https:\/\/radiolifefm.com.br\/noticias\/wp-json\/wp\/v2\/media?parent=58516"}],"wp:term":[{"taxonomy":"category","embeddable":true,"href":"https:\/\/radiolifefm.com.br\/noticias\/wp-json\/wp\/v2\/categories?post=58516"},{"taxonomy":"post_tag","embeddable":true,"href":"https:\/\/radiolifefm.com.br\/noticias\/wp-json\/wp\/v2\/tags?post=58516"}],"curies":[{"name":"wp","href":"https:\/\/api.w.org\/{rel}","templated":true}]}}