{"id":58445,"date":"2022-09-22T20:47:26","date_gmt":"2022-09-22T23:47:26","guid":{"rendered":"https:\/\/radiolifefm.com.br\/noticias\/?p=58445"},"modified":"2026-04-19T17:39:05","modified_gmt":"2026-04-19T20:39:05","slug":"concurso-natal-magico-visa-estimular-comercio-a-enfeitar-as-lojas","status":"publish","type":"post","link":"https:\/\/radiolifefm.com.br\/noticias\/concurso-natal-magico-visa-estimular-comercio-a-enfeitar-as-lojas\/","title":{"rendered":"Concurso Natal M\u00e1gico visa estimular com\u00e9rcio a enfeitar as lojas"},"content":{"rendered":"<div id=\"fb-root\"><\/div>\n<p style=\"font-weight: 400\">Com a aproxima\u00e7\u00e3o do final do ano, as aten\u00e7\u00f5es se voltam para o per\u00edodo mais aguardado do ano que \u00e9 o Natal. Por isso, a Prefeitura de Adamantina definiu a programa\u00e7\u00e3o que vai movimentar a cidade j\u00e1 a partir de novembro.<\/p>\n<p>Aliado a isso, a Prefeitura de Adamantina, por meio da Secretaria de Desenvolvimento Econ\u00f4mico, tamb\u00e9m visa estimular o com\u00e9rcio, pois a cidade \u00e9 Munic\u00edpio de Interesse Tur\u00edstico com foco no Turismo de Neg\u00f3cios. Para isso, ser\u00e1 realizado o concurso\u00a0&#8220;Natal\u00a0M\u00e1gico&#8221;.<\/p>\n<p><strong>Entenda o que \u00e9 Concurso Natal M\u00e1gico<\/strong><\/p>\n<p>A a\u00e7\u00e3o tem como foco despertar o interesse do com\u00e9rcio para investir na decora\u00e7\u00e3o natalina luminosa em frente aos im\u00f3veis do com\u00e9rcio em geral, visando o embelezamento da cidade no per\u00edodo das festas comemorativas do\u00a0Natal, despertando o interesse das pessoas em estar pelas ruas apreciando a decora\u00e7\u00e3o natalina e consequentemente fomentando o com\u00e9rcio local.<\/p>\n<p><strong>Premia\u00e7\u00e3o<\/strong><\/p>\n<p>A iniciativa premiar\u00e1 os mais bem classificados com o valor de R$25 mil divididos entre os que ficarem em primeiro, segundo e terceiro lugar.<\/p>\n<p>Os pr\u00eamios ser\u00e3o oferecidos a duas diferentes categorias de lojistas e comerciantes, sendo elas:\u00a0comerciantes e lojistas qualificados, por meio da apresenta\u00e7\u00e3o do cart\u00e3o CNPJ da empresa no ato da inscri\u00e7\u00e3o, como MEI, micro ou pequena empresa e comerciantes e lojistas qualificados, por meio da apresenta\u00e7\u00e3o do cart\u00e3o CNPJ da empresa e como empresa de m\u00e9dio ou grande porte.<\/p>\n<p><strong>Quando o concurso ter\u00e1 in\u00edcio?<\/strong><\/p>\n<p>O\u00a0concurso\u00a0ser\u00e1 realizado nos meses de novembro e dezembro. Em novembro, os interessados devem efetuar sua inscri\u00e7\u00e3o. O julgamento das decora\u00e7\u00f5es acontecer\u00e1 de 5 a 9 de dezembro e a premia\u00e7\u00e3o ser\u00e1 no dia 16.<\/p>\n<p>O pr\u00eamio ser\u00e1 concedido ap\u00f3s o julgamento por meio de uma comiss\u00e3o que vai avaliar criatividade, beleza, originalidade e sustentabilidade ambiental da decora\u00e7\u00e3o<\/p>\n<p>Conforme a secret\u00e1ria, ser\u00e1 formada uma comiss\u00e3o julgadora para escolher as melhores decora\u00e7\u00f5es. As tratativas para a defini\u00e7\u00e3o dos membros come\u00e7am na pr\u00f3xima semana.<\/p>\n<p>\u201cDefinimos a programa\u00e7\u00e3o para o per\u00edodo mais festivo do ano. Vamos ter o acender das luzes ainda em novembro, a chegada do Papai Noel, a premia\u00e7\u00e3o dos vencedores do Concurso Natal M\u00e1gico e, ainda, uma parada de natal. Com todas essas a\u00e7\u00f5es, esperamos fomentar o com\u00e9rcio, gerar novas oportunidades de neg\u00f3cios e atrair pessoas\u201d, afirma a secret\u00e1ria de desenvolvimento econ\u00f4mico, Luciana Pereira.<\/p>\n<p>&nbsp;<\/p>\n<p>Fonte: Assessoria de Imprensa<\/p>\n","protected":false},"excerpt":{"rendered":"<p>Com a aproxima\u00e7\u00e3o do final do ano, as aten\u00e7\u00f5es se voltam para o per\u00edodo mais aguardado do ano que \u00e9 o Natal. Por isso, a Prefeitura de Adamantina definiu a programa\u00e7\u00e3o que vai movimentar a cidade j\u00e1 a partir de novembro. Aliado a isso, a Prefeitura de Adamantina, por meio da Secretaria de Desenvolvimento Econ\u00f4mico, [&hellip;]<\/p>\n","protected":false},"author":13,"featured_media":58446,"comment_status":"closed","ping_status":"open","sticky":false,"template":"","format":"standard","meta":{"_acf_changed":false,"_exactmetrics_skip_tracking":false,"_exactmetrics_sitenote_active":false,"_exactmetrics_sitenote_note":"","_exactmetrics_sitenote_category":0,"footnotes":""},"categories":[21],"tags":[],"class_list":["post-58445","post","type-post","status-publish","format-standard","has-post-thumbnail","hentry","category-adamantina"],"acf":[],"yoast_head":"<!-- This site is optimized with the Yoast SEO plugin v27.2 - https:\/\/yoast.com\/product\/yoast-seo-wordpress\/ -->\n<title>Concurso Natal M\u00e1gico visa estimular com\u00e9rcio a enfeitar as lojas - R\u00e1dio Life FM<\/title>\n<meta name=\"robots\" content=\"index, follow, max-snippet:-1, max-image-preview:large, max-video-preview:-1\" \/>\n<link rel=\"canonical\" href=\"https:\/\/radiolifefm.com.br\/noticias\/concurso-natal-magico-visa-estimular-comercio-a-enfeitar-as-lojas\/\" \/>\n<meta property=\"og:locale\" content=\"pt_BR\" \/>\n<meta property=\"og:type\" content=\"article\" \/>\n<meta property=\"og:title\" content=\"Concurso Natal M\u00e1gico visa estimular com\u00e9rcio a enfeitar as lojas - R\u00e1dio Life FM\" \/>\n<meta property=\"og:description\" content=\"Com a aproxima\u00e7\u00e3o do final do ano, as aten\u00e7\u00f5es se voltam para o per\u00edodo mais aguardado do ano que \u00e9 o Natal. Por isso, a Prefeitura de Adamantina definiu a programa\u00e7\u00e3o que vai movimentar a cidade j\u00e1 a partir de novembro. Aliado a isso, a Prefeitura de Adamantina, por meio da Secretaria de Desenvolvimento Econ\u00f4mico, [&hellip;]\" \/>\n<meta property=\"og:url\" content=\"https:\/\/radiolifefm.com.br\/noticias\/concurso-natal-magico-visa-estimular-comercio-a-enfeitar-as-lojas\/\" \/>\n<meta property=\"og:site_name\" content=\"R\u00e1dio Life FM\" \/>\n<meta property=\"article:publisher\" content=\"https:\/\/www.facebook.com\/radiolifefm\/\" \/>\n<meta property=\"article:published_time\" content=\"2022-09-22T23:47:26+00:00\" \/>\n<meta property=\"article:modified_time\" content=\"2026-04-19T20:39:05+00:00\" \/>\n<meta property=\"og:image\" content=\"https:\/\/radiolifefm.com.br\/noticias\/wp-content\/uploads\/2022\/09\/acd664bc4905ad7bc85c74a6c1c0dcb3.jpg\" \/>\n\t<meta property=\"og:image:width\" content=\"848\" \/>\n\t<meta property=\"og:image:height\" content=\"307\" \/>\n\t<meta property=\"og:image:type\" content=\"image\/jpeg\" \/>\n<meta name=\"author\" content=\"ritanery\" \/>\n<meta name=\"twitter:card\" content=\"summary_large_image\" \/>\n<meta name=\"twitter:label1\" content=\"Escrito por\" \/>\n\t<meta name=\"twitter:data1\" content=\"ritanery\" \/>\n\t<meta name=\"twitter:label2\" content=\"Est. tempo de leitura\" \/>\n\t<meta name=\"twitter:data2\" content=\"3 minutos\" \/>\n<script type=\"application\/ld+json\" class=\"yoast-schema-graph\">{\"@context\":\"https:\/\/schema.org\",\"@graph\":[{\"@type\":\"Article\",\"@id\":\"https:\/\/radiolifefm.com.br\/noticias\/concurso-natal-magico-visa-estimular-comercio-a-enfeitar-as-lojas\/#article\",\"isPartOf\":{\"@id\":\"https:\/\/radiolifefm.com.br\/noticias\/concurso-natal-magico-visa-estimular-comercio-a-enfeitar-as-lojas\/\"},\"author\":{\"name\":\"ritanery\",\"@id\":\"https:\/\/radiolifefm.com.br\/noticias\/#\/schema\/person\/6339b9fac59d12b071dec680d7375d87\"},\"headline\":\"Concurso Natal M\u00e1gico visa estimular com\u00e9rcio a enfeitar as lojas\",\"datePublished\":\"2022-09-22T23:47:26+00:00\",\"dateModified\":\"2026-04-19T20:39:05+00:00\",\"mainEntityOfPage\":{\"@id\":\"https:\/\/radiolifefm.com.br\/noticias\/concurso-natal-magico-visa-estimular-comercio-a-enfeitar-as-lojas\/\"},\"wordCount\":441,\"publisher\":{\"@id\":\"https:\/\/radiolifefm.com.br\/noticias\/#organization\"},\"image\":{\"@id\":\"https:\/\/radiolifefm.com.br\/noticias\/concurso-natal-magico-visa-estimular-comercio-a-enfeitar-as-lojas\/#primaryimage\"},\"thumbnailUrl\":\"https:\/\/radiolifefm.com.br\/noticias\/wp-content\/uploads\/2022\/09\/acd664bc4905ad7bc85c74a6c1c0dcb3.jpg\",\"articleSection\":[\"Adamantina\"],\"inLanguage\":\"pt-BR\"},{\"@type\":\"WebPage\",\"@id\":\"https:\/\/radiolifefm.com.br\/noticias\/concurso-natal-magico-visa-estimular-comercio-a-enfeitar-as-lojas\/\",\"url\":\"https:\/\/radiolifefm.com.br\/noticias\/concurso-natal-magico-visa-estimular-comercio-a-enfeitar-as-lojas\/\",\"name\":\"Concurso Natal M\u00e1gico visa estimular com\u00e9rcio a enfeitar as lojas - R\u00e1dio Life FM\",\"isPartOf\":{\"@id\":\"https:\/\/radiolifefm.com.br\/noticias\/#website\"},\"primaryImageOfPage\":{\"@id\":\"https:\/\/radiolifefm.com.br\/noticias\/concurso-natal-magico-visa-estimular-comercio-a-enfeitar-as-lojas\/#primaryimage\"},\"image\":{\"@id\":\"https:\/\/radiolifefm.com.br\/noticias\/concurso-natal-magico-visa-estimular-comercio-a-enfeitar-as-lojas\/#primaryimage\"},\"thumbnailUrl\":\"https:\/\/radiolifefm.com.br\/noticias\/wp-content\/uploads\/2022\/09\/acd664bc4905ad7bc85c74a6c1c0dcb3.jpg\",\"datePublished\":\"2022-09-22T23:47:26+00:00\",\"dateModified\":\"2026-04-19T20:39:05+00:00\",\"breadcrumb\":{\"@id\":\"https:\/\/radiolifefm.com.br\/noticias\/concurso-natal-magico-visa-estimular-comercio-a-enfeitar-as-lojas\/#breadcrumb\"},\"inLanguage\":\"pt-BR\",\"potentialAction\":[{\"@type\":\"ReadAction\",\"target\":[\"https:\/\/radiolifefm.com.br\/noticias\/concurso-natal-magico-visa-estimular-comercio-a-enfeitar-as-lojas\/\"]}]},{\"@type\":\"ImageObject\",\"inLanguage\":\"pt-BR\",\"@id\":\"https:\/\/radiolifefm.com.br\/noticias\/concurso-natal-magico-visa-estimular-comercio-a-enfeitar-as-lojas\/#primaryimage\",\"url\":\"https:\/\/radiolifefm.com.br\/noticias\/wp-content\/uploads\/2022\/09\/acd664bc4905ad7bc85c74a6c1c0dcb3.jpg\",\"contentUrl\":\"https:\/\/radiolifefm.com.br\/noticias\/wp-content\/uploads\/2022\/09\/acd664bc4905ad7bc85c74a6c1c0dcb3.jpg\",\"width\":848,\"height\":307},{\"@type\":\"BreadcrumbList\",\"@id\":\"https:\/\/radiolifefm.com.br\/noticias\/concurso-natal-magico-visa-estimular-comercio-a-enfeitar-as-lojas\/#breadcrumb\",\"itemListElement\":[{\"@type\":\"ListItem\",\"position\":1,\"name\":\"In\u00edcio\",\"item\":\"https:\/\/radiolifefm.com.br\/noticias\/\"},{\"@type\":\"ListItem\",\"position\":2,\"name\":\"Concurso Natal M\u00e1gico visa estimular com\u00e9rcio a enfeitar as lojas\"}]},{\"@type\":\"WebSite\",\"@id\":\"https:\/\/radiolifefm.com.br\/noticias\/#website\",\"url\":\"https:\/\/radiolifefm.com.br\/noticias\/\",\"name\":\"R\u00e1dio Life FM\",\"description\":\"O Portal de Not\u00edcias de Adamantina\",\"publisher\":{\"@id\":\"https:\/\/radiolifefm.com.br\/noticias\/#organization\"},\"alternateName\":\"Life FM\",\"potentialAction\":[{\"@type\":\"SearchAction\",\"target\":{\"@type\":\"EntryPoint\",\"urlTemplate\":\"https:\/\/radiolifefm.com.br\/noticias\/?s={search_term_string}\"},\"query-input\":{\"@type\":\"PropertyValueSpecification\",\"valueRequired\":true,\"valueName\":\"search_term_string\"}}],\"inLanguage\":\"pt-BR\"},{\"@type\":\"Organization\",\"@id\":\"https:\/\/radiolifefm.com.br\/noticias\/#organization\",\"name\":\"R\u00e1dio Life FM\",\"alternateName\":\"Life FM\",\"url\":\"https:\/\/radiolifefm.com.br\/noticias\/\",\"logo\":{\"@type\":\"ImageObject\",\"inLanguage\":\"pt-BR\",\"@id\":\"https:\/\/radiolifefm.com.br\/noticias\/#\/schema\/logo\/image\/\",\"url\":\"https:\/\/static.radiolifefm.com.br\/noticias\/wp-content\/uploads\/2019\/10\/logo-lifefm.png\",\"contentUrl\":\"https:\/\/static.radiolifefm.com.br\/noticias\/wp-content\/uploads\/2019\/10\/logo-lifefm.png\",\"width\":196,\"height\":47,\"caption\":\"R\u00e1dio Life FM\"},\"image\":{\"@id\":\"https:\/\/radiolifefm.com.br\/noticias\/#\/schema\/logo\/image\/\"},\"sameAs\":[\"https:\/\/www.facebook.com\/radiolifefm\/\",\"https:\/\/www.instagram.com\/life1079fm\/\"]},{\"@type\":\"Person\",\"@id\":\"https:\/\/radiolifefm.com.br\/noticias\/#\/schema\/person\/6339b9fac59d12b071dec680d7375d87\",\"name\":\"ritanery\",\"image\":{\"@type\":\"ImageObject\",\"inLanguage\":\"pt-BR\",\"@id\":\"https:\/\/secure.gravatar.com\/avatar\/0e37bb19071f47c0b8a23f62a903df117c5a0e75f65a0c2901562f97cd41cf86?s=96&d=mm&r=g\",\"url\":\"https:\/\/secure.gravatar.com\/avatar\/0e37bb19071f47c0b8a23f62a903df117c5a0e75f65a0c2901562f97cd41cf86?s=96&d=mm&r=g\",\"contentUrl\":\"https:\/\/secure.gravatar.com\/avatar\/0e37bb19071f47c0b8a23f62a903df117c5a0e75f65a0c2901562f97cd41cf86?s=96&d=mm&r=g\",\"caption\":\"ritanery\"}}]}<\/script>\n<!-- \/ Yoast SEO plugin. -->","yoast_head_json":{"title":"Concurso Natal M\u00e1gico visa estimular com\u00e9rcio a enfeitar as lojas - R\u00e1dio Life FM","robots":{"index":"index","follow":"follow","max-snippet":"max-snippet:-1","max-image-preview":"max-image-preview:large","max-video-preview":"max-video-preview:-1"},"canonical":"https:\/\/radiolifefm.com.br\/noticias\/concurso-natal-magico-visa-estimular-comercio-a-enfeitar-as-lojas\/","og_locale":"pt_BR","og_type":"article","og_title":"Concurso Natal M\u00e1gico visa estimular com\u00e9rcio a enfeitar as lojas - R\u00e1dio Life FM","og_description":"Com a aproxima\u00e7\u00e3o do final do ano, as aten\u00e7\u00f5es se voltam para o per\u00edodo mais aguardado do ano que \u00e9 o Natal. Por isso, a Prefeitura de Adamantina definiu a programa\u00e7\u00e3o que vai movimentar a cidade j\u00e1 a partir de novembro. Aliado a isso, a Prefeitura de Adamantina, por meio da Secretaria de Desenvolvimento Econ\u00f4mico, [&hellip;]","og_url":"https:\/\/radiolifefm.com.br\/noticias\/concurso-natal-magico-visa-estimular-comercio-a-enfeitar-as-lojas\/","og_site_name":"R\u00e1dio Life FM","article_publisher":"https:\/\/www.facebook.com\/radiolifefm\/","article_published_time":"2022-09-22T23:47:26+00:00","article_modified_time":"2026-04-19T20:39:05+00:00","og_image":[{"width":848,"height":307,"url":"https:\/\/radiolifefm.com.br\/noticias\/wp-content\/uploads\/2022\/09\/acd664bc4905ad7bc85c74a6c1c0dcb3.jpg","type":"image\/jpeg"}],"author":"ritanery","twitter_card":"summary_large_image","twitter_misc":{"Escrito por":"ritanery","Est. tempo de leitura":"3 minutos"},"schema":{"@context":"https:\/\/schema.org","@graph":[{"@type":"Article","@id":"https:\/\/radiolifefm.com.br\/noticias\/concurso-natal-magico-visa-estimular-comercio-a-enfeitar-as-lojas\/#article","isPartOf":{"@id":"https:\/\/radiolifefm.com.br\/noticias\/concurso-natal-magico-visa-estimular-comercio-a-enfeitar-as-lojas\/"},"author":{"name":"ritanery","@id":"https:\/\/radiolifefm.com.br\/noticias\/#\/schema\/person\/6339b9fac59d12b071dec680d7375d87"},"headline":"Concurso Natal M\u00e1gico visa estimular com\u00e9rcio a enfeitar as lojas","datePublished":"2022-09-22T23:47:26+00:00","dateModified":"2026-04-19T20:39:05+00:00","mainEntityOfPage":{"@id":"https:\/\/radiolifefm.com.br\/noticias\/concurso-natal-magico-visa-estimular-comercio-a-enfeitar-as-lojas\/"},"wordCount":441,"publisher":{"@id":"https:\/\/radiolifefm.com.br\/noticias\/#organization"},"image":{"@id":"https:\/\/radiolifefm.com.br\/noticias\/concurso-natal-magico-visa-estimular-comercio-a-enfeitar-as-lojas\/#primaryimage"},"thumbnailUrl":"https:\/\/radiolifefm.com.br\/noticias\/wp-content\/uploads\/2022\/09\/acd664bc4905ad7bc85c74a6c1c0dcb3.jpg","articleSection":["Adamantina"],"inLanguage":"pt-BR"},{"@type":"WebPage","@id":"https:\/\/radiolifefm.com.br\/noticias\/concurso-natal-magico-visa-estimular-comercio-a-enfeitar-as-lojas\/","url":"https:\/\/radiolifefm.com.br\/noticias\/concurso-natal-magico-visa-estimular-comercio-a-enfeitar-as-lojas\/","name":"Concurso Natal M\u00e1gico visa estimular com\u00e9rcio a enfeitar as lojas - R\u00e1dio Life FM","isPartOf":{"@id":"https:\/\/radiolifefm.com.br\/noticias\/#website"},"primaryImageOfPage":{"@id":"https:\/\/radiolifefm.com.br\/noticias\/concurso-natal-magico-visa-estimular-comercio-a-enfeitar-as-lojas\/#primaryimage"},"image":{"@id":"https:\/\/radiolifefm.com.br\/noticias\/concurso-natal-magico-visa-estimular-comercio-a-enfeitar-as-lojas\/#primaryimage"},"thumbnailUrl":"https:\/\/radiolifefm.com.br\/noticias\/wp-content\/uploads\/2022\/09\/acd664bc4905ad7bc85c74a6c1c0dcb3.jpg","datePublished":"2022-09-22T23:47:26+00:00","dateModified":"2026-04-19T20:39:05+00:00","breadcrumb":{"@id":"https:\/\/radiolifefm.com.br\/noticias\/concurso-natal-magico-visa-estimular-comercio-a-enfeitar-as-lojas\/#breadcrumb"},"inLanguage":"pt-BR","potentialAction":[{"@type":"ReadAction","target":["https:\/\/radiolifefm.com.br\/noticias\/concurso-natal-magico-visa-estimular-comercio-a-enfeitar-as-lojas\/"]}]},{"@type":"ImageObject","inLanguage":"pt-BR","@id":"https:\/\/radiolifefm.com.br\/noticias\/concurso-natal-magico-visa-estimular-comercio-a-enfeitar-as-lojas\/#primaryimage","url":"https:\/\/radiolifefm.com.br\/noticias\/wp-content\/uploads\/2022\/09\/acd664bc4905ad7bc85c74a6c1c0dcb3.jpg","contentUrl":"https:\/\/radiolifefm.com.br\/noticias\/wp-content\/uploads\/2022\/09\/acd664bc4905ad7bc85c74a6c1c0dcb3.jpg","width":848,"height":307},{"@type":"BreadcrumbList","@id":"https:\/\/radiolifefm.com.br\/noticias\/concurso-natal-magico-visa-estimular-comercio-a-enfeitar-as-lojas\/#breadcrumb","itemListElement":[{"@type":"ListItem","position":1,"name":"In\u00edcio","item":"https:\/\/radiolifefm.com.br\/noticias\/"},{"@type":"ListItem","position":2,"name":"Concurso Natal M\u00e1gico visa estimular com\u00e9rcio a enfeitar as lojas"}]},{"@type":"WebSite","@id":"https:\/\/radiolifefm.com.br\/noticias\/#website","url":"https:\/\/radiolifefm.com.br\/noticias\/","name":"R\u00e1dio Life FM","description":"O Portal de Not\u00edcias de Adamantina","publisher":{"@id":"https:\/\/radiolifefm.com.br\/noticias\/#organization"},"alternateName":"Life FM","potentialAction":[{"@type":"SearchAction","target":{"@type":"EntryPoint","urlTemplate":"https:\/\/radiolifefm.com.br\/noticias\/?s={search_term_string}"},"query-input":{"@type":"PropertyValueSpecification","valueRequired":true,"valueName":"search_term_string"}}],"inLanguage":"pt-BR"},{"@type":"Organization","@id":"https:\/\/radiolifefm.com.br\/noticias\/#organization","name":"R\u00e1dio Life FM","alternateName":"Life FM","url":"https:\/\/radiolifefm.com.br\/noticias\/","logo":{"@type":"ImageObject","inLanguage":"pt-BR","@id":"https:\/\/radiolifefm.com.br\/noticias\/#\/schema\/logo\/image\/","url":"https:\/\/static.radiolifefm.com.br\/noticias\/wp-content\/uploads\/2019\/10\/logo-lifefm.png","contentUrl":"https:\/\/static.radiolifefm.com.br\/noticias\/wp-content\/uploads\/2019\/10\/logo-lifefm.png","width":196,"height":47,"caption":"R\u00e1dio Life FM"},"image":{"@id":"https:\/\/radiolifefm.com.br\/noticias\/#\/schema\/logo\/image\/"},"sameAs":["https:\/\/www.facebook.com\/radiolifefm\/","https:\/\/www.instagram.com\/life1079fm\/"]},{"@type":"Person","@id":"https:\/\/radiolifefm.com.br\/noticias\/#\/schema\/person\/6339b9fac59d12b071dec680d7375d87","name":"ritanery","image":{"@type":"ImageObject","inLanguage":"pt-BR","@id":"https:\/\/secure.gravatar.com\/avatar\/0e37bb19071f47c0b8a23f62a903df117c5a0e75f65a0c2901562f97cd41cf86?s=96&d=mm&r=g","url":"https:\/\/secure.gravatar.com\/avatar\/0e37bb19071f47c0b8a23f62a903df117c5a0e75f65a0c2901562f97cd41cf86?s=96&d=mm&r=g","contentUrl":"https:\/\/secure.gravatar.com\/avatar\/0e37bb19071f47c0b8a23f62a903df117c5a0e75f65a0c2901562f97cd41cf86?s=96&d=mm&r=g","caption":"ritanery"}}]}},"amp_enabled":true,"_links":{"self":[{"href":"https:\/\/radiolifefm.com.br\/noticias\/wp-json\/wp\/v2\/posts\/58445","targetHints":{"allow":["GET"]}}],"collection":[{"href":"https:\/\/radiolifefm.com.br\/noticias\/wp-json\/wp\/v2\/posts"}],"about":[{"href":"https:\/\/radiolifefm.com.br\/noticias\/wp-json\/wp\/v2\/types\/post"}],"author":[{"embeddable":true,"href":"https:\/\/radiolifefm.com.br\/noticias\/wp-json\/wp\/v2\/users\/13"}],"replies":[{"embeddable":true,"href":"https:\/\/radiolifefm.com.br\/noticias\/wp-json\/wp\/v2\/comments?post=58445"}],"version-history":[{"count":4,"href":"https:\/\/radiolifefm.com.br\/noticias\/wp-json\/wp\/v2\/posts\/58445\/revisions"}],"predecessor-version":[{"id":58450,"href":"https:\/\/radiolifefm.com.br\/noticias\/wp-json\/wp\/v2\/posts\/58445\/revisions\/58450"}],"wp:featuredmedia":[{"embeddable":true,"href":"https:\/\/radiolifefm.com.br\/noticias\/wp-json\/wp\/v2\/media\/58446"}],"wp:attachment":[{"href":"https:\/\/radiolifefm.com.br\/noticias\/wp-json\/wp\/v2\/media?parent=58445"}],"wp:term":[{"taxonomy":"category","embeddable":true,"href":"https:\/\/radiolifefm.com.br\/noticias\/wp-json\/wp\/v2\/categories?post=58445"},{"taxonomy":"post_tag","embeddable":true,"href":"https:\/\/radiolifefm.com.br\/noticias\/wp-json\/wp\/v2\/tags?post=58445"}],"curies":[{"name":"wp","href":"https:\/\/api.w.org\/{rel}","templated":true}]}}