{"id":58430,"date":"2022-09-22T20:39:28","date_gmt":"2022-09-22T23:39:28","guid":{"rendered":"https:\/\/radiolifefm.com.br\/noticias\/?p=58430"},"modified":"2026-03-12T04:16:21","modified_gmt":"2026-03-12T07:16:21","slug":"conselho-municipal-de-pessoa-idosa-de-adamantina-divulga-programacao-alusiva-a-semana-da-pessoa-idosa","status":"publish","type":"post","link":"https:\/\/radiolifefm.com.br\/noticias\/conselho-municipal-de-pessoa-idosa-de-adamantina-divulga-programacao-alusiva-a-semana-da-pessoa-idosa\/","title":{"rendered":"Conselho Municipal de Pessoa Idosa de Adamantina divulga programa\u00e7\u00e3o alusiva a Semana da Pessoa Idosa"},"content":{"rendered":"<div id=\"fb-root\"><\/div>\n<p style=\"font-weight: 400\">No dia 1 de outubro \u00e9 comemorado o Dia Nacional do Idoso e o Dia Internacional da Terceira Idade. Devido a isso, o Conselho Municipal da Pessoa Idosa preparou uma programa\u00e7\u00e3o alusiva \u00e0 data. As atividades ser\u00e3o realizadas de 26 a 30 de setembro.<\/p>\n<p style=\"font-weight: 400\">Abrindo as programa\u00e7\u00f5es, na segunda-feira (26), Ilza Cilene Mota Constantino,\u00a0 presidente do Conselho Municipal da Pessoa Idosa (CPMI) far\u00e1 uma entrevista para apresenta\u00e7\u00e3o de todas as atividades e das atribui\u00e7\u00f5es que o CPMI possui.<\/p>\n<p style=\"font-weight: 400\">Na ter\u00e7a-feira (27), ser\u00e1 realizada a solenidade de abertura da Semana no Idoso no Anfiteatro Municipal Fernando Paloni a partir das 8h30. A programa\u00e7\u00e3o conta com a apresenta\u00e7\u00e3o da Banda Los Kandangos e uma palestra com a psic\u00f3loga Patr\u00edcia Esteves com o tema \u201cResponsabilidade da participa\u00e7\u00e3o da fam\u00edlia do idoso e seu cuidado\u201d.<\/p>\n<p style=\"font-weight: 400\">Ainda na ter\u00e7a-feira (27), ser\u00e1 publicado nas redes sociais da Prefeitura de Adamantina um v\u00eddeo com as atividades desenvolvidas com os idosos do Lar dos Velhos e ser\u00e1 realizada uma missa campal tamb\u00e9m no Lar dos Velhos a partir das 15h.<\/p>\n<p style=\"font-weight: 400\">A programa\u00e7\u00e3o continua na quarta-feira (28), com um caf\u00e9 da manh\u00e3 com capoterapia no Residencial Geri\u00e1trico Vila Anna a partir das 8h30. Nas redes sociais tamb\u00e9m ser\u00e1 postado um v\u00eddeo sobre o tema \u201cParticipa\u00e7\u00e3o da fam\u00edlia no trato do idoso com o profissional Leandro Cunha.<\/p>\n<p style=\"font-weight: 400\">No dia 29, quinta-feira, acontecer\u00e1 uma Intera\u00e7\u00e3o Multiprofissional de Sa\u00fade com os idosos dos servi\u00e7os do CRAS, Fundo Social, Residencial Geri\u00e1trico Villa Anna e Lar dos Velhos no Campus 3 da UniFAI a partir das 8h30.<\/p>\n<p style=\"font-weight: 400\">A Semana da Pessoa Idosa chega ao fim com uma passeata que percorrer\u00e1 a avenida Rio Branco at\u00e9 a Pra\u00e7a \u00c9lio Micheloni. Na chegada, o Grupo de Viola Caipira e a equipe que participou dos Jogos da Melhor Idade far\u00e3o uma apresenta\u00e7\u00e3o.<\/p>\n<p style=\"font-weight: 400\">Todas as atividades contam com a participa\u00e7\u00e3o da Prefeitura de Adamantina, Secretaria Municipal de Assist\u00eancia Social, Secretaria Municipal de Cultural, Secretaria Municipal de Sa\u00fade, Secretaria de Educa\u00e7\u00e3o, CMPI, CRAS, CREAS, Projeto ASA, IAMA, Lar dos Velhos, Residencial Geri\u00e1trico Vila Anna, UniFAI, Fundo Social de Solidariedade, Pol\u00edcia Militar e Corpo de Bombeiros.<\/p>\n<p>&nbsp;<\/p>\n<p>Fonte: Assessoria de Imprensa<\/p>\n","protected":false},"excerpt":{"rendered":"<p>No dia 1 de outubro \u00e9 comemorado o Dia Nacional do Idoso e o Dia Internacional da Terceira Idade. Devido a isso, o Conselho Municipal da Pessoa Idosa preparou uma programa\u00e7\u00e3o alusiva \u00e0 data. As atividades ser\u00e3o realizadas de 26 a 30 de setembro. Abrindo as programa\u00e7\u00f5es, na segunda-feira (26), Ilza Cilene Mota Constantino,\u00a0 presidente [&hellip;]<\/p>\n","protected":false},"author":13,"featured_media":58431,"comment_status":"closed","ping_status":"open","sticky":false,"template":"","format":"standard","meta":{"_acf_changed":false,"_exactmetrics_skip_tracking":false,"_exactmetrics_sitenote_active":false,"_exactmetrics_sitenote_note":"","_exactmetrics_sitenote_category":0,"footnotes":""},"categories":[21],"tags":[],"class_list":["post-58430","post","type-post","status-publish","format-standard","has-post-thumbnail","hentry","category-adamantina"],"acf":[],"yoast_head":"<!-- This site is optimized with the Yoast SEO plugin v27.2 - https:\/\/yoast.com\/product\/yoast-seo-wordpress\/ -->\n<title>Conselho Municipal de Pessoa Idosa de Adamantina divulga programa\u00e7\u00e3o alusiva a Semana da Pessoa Idosa - R\u00e1dio Life FM<\/title>\n<meta name=\"robots\" content=\"index, follow, max-snippet:-1, max-image-preview:large, max-video-preview:-1\" \/>\n<link rel=\"canonical\" href=\"https:\/\/radiolifefm.com.br\/noticias\/conselho-municipal-de-pessoa-idosa-de-adamantina-divulga-programacao-alusiva-a-semana-da-pessoa-idosa\/\" \/>\n<meta property=\"og:locale\" content=\"pt_BR\" \/>\n<meta property=\"og:type\" content=\"article\" \/>\n<meta property=\"og:title\" content=\"Conselho Municipal de Pessoa Idosa de Adamantina divulga programa\u00e7\u00e3o alusiva a Semana da Pessoa Idosa - R\u00e1dio Life FM\" \/>\n<meta property=\"og:description\" content=\"No dia 1 de outubro \u00e9 comemorado o Dia Nacional do Idoso e o Dia Internacional da Terceira Idade. Devido a isso, o Conselho Municipal da Pessoa Idosa preparou uma programa\u00e7\u00e3o alusiva \u00e0 data. As atividades ser\u00e3o realizadas de 26 a 30 de setembro. Abrindo as programa\u00e7\u00f5es, na segunda-feira (26), Ilza Cilene Mota Constantino,\u00a0 presidente [&hellip;]\" \/>\n<meta property=\"og:url\" content=\"https:\/\/radiolifefm.com.br\/noticias\/conselho-municipal-de-pessoa-idosa-de-adamantina-divulga-programacao-alusiva-a-semana-da-pessoa-idosa\/\" \/>\n<meta property=\"og:site_name\" content=\"R\u00e1dio Life FM\" \/>\n<meta property=\"article:publisher\" content=\"https:\/\/www.facebook.com\/radiolifefm\/\" \/>\n<meta property=\"article:published_time\" content=\"2022-09-22T23:39:28+00:00\" \/>\n<meta property=\"article:modified_time\" content=\"2026-03-12T07:16:21+00:00\" \/>\n<meta property=\"og:image\" content=\"https:\/\/radiolifefm.com.br\/noticias\/wp-content\/uploads\/2022\/09\/d26ab12920e90f4dae0641efc9947a3d.jpg\" \/>\n\t<meta property=\"og:image:width\" content=\"848\" \/>\n\t<meta property=\"og:image:height\" content=\"307\" \/>\n\t<meta property=\"og:image:type\" content=\"image\/jpeg\" \/>\n<meta name=\"author\" content=\"ritanery\" \/>\n<meta name=\"twitter:card\" content=\"summary_large_image\" \/>\n<meta name=\"twitter:label1\" content=\"Escrito por\" \/>\n\t<meta name=\"twitter:data1\" content=\"ritanery\" \/>\n\t<meta name=\"twitter:label2\" content=\"Est. tempo de leitura\" \/>\n\t<meta name=\"twitter:data2\" content=\"2 minutos\" \/>\n<script type=\"application\/ld+json\" class=\"yoast-schema-graph\">{\"@context\":\"https:\/\/schema.org\",\"@graph\":[{\"@type\":\"Article\",\"@id\":\"https:\/\/radiolifefm.com.br\/noticias\/conselho-municipal-de-pessoa-idosa-de-adamantina-divulga-programacao-alusiva-a-semana-da-pessoa-idosa\/#article\",\"isPartOf\":{\"@id\":\"https:\/\/radiolifefm.com.br\/noticias\/conselho-municipal-de-pessoa-idosa-de-adamantina-divulga-programacao-alusiva-a-semana-da-pessoa-idosa\/\"},\"author\":{\"name\":\"ritanery\",\"@id\":\"https:\/\/radiolifefm.com.br\/noticias\/#\/schema\/person\/6339b9fac59d12b071dec680d7375d87\"},\"headline\":\"Conselho Municipal de Pessoa Idosa de Adamantina divulga programa\u00e7\u00e3o alusiva a Semana da Pessoa Idosa\",\"datePublished\":\"2022-09-22T23:39:28+00:00\",\"dateModified\":\"2026-03-12T07:16:21+00:00\",\"mainEntityOfPage\":{\"@id\":\"https:\/\/radiolifefm.com.br\/noticias\/conselho-municipal-de-pessoa-idosa-de-adamantina-divulga-programacao-alusiva-a-semana-da-pessoa-idosa\/\"},\"wordCount\":390,\"publisher\":{\"@id\":\"https:\/\/radiolifefm.com.br\/noticias\/#organization\"},\"image\":{\"@id\":\"https:\/\/radiolifefm.com.br\/noticias\/conselho-municipal-de-pessoa-idosa-de-adamantina-divulga-programacao-alusiva-a-semana-da-pessoa-idosa\/#primaryimage\"},\"thumbnailUrl\":\"https:\/\/radiolifefm.com.br\/noticias\/wp-content\/uploads\/2022\/09\/d26ab12920e90f4dae0641efc9947a3d.jpg\",\"articleSection\":[\"Adamantina\"],\"inLanguage\":\"pt-BR\"},{\"@type\":\"WebPage\",\"@id\":\"https:\/\/radiolifefm.com.br\/noticias\/conselho-municipal-de-pessoa-idosa-de-adamantina-divulga-programacao-alusiva-a-semana-da-pessoa-idosa\/\",\"url\":\"https:\/\/radiolifefm.com.br\/noticias\/conselho-municipal-de-pessoa-idosa-de-adamantina-divulga-programacao-alusiva-a-semana-da-pessoa-idosa\/\",\"name\":\"Conselho Municipal de Pessoa Idosa de Adamantina divulga programa\u00e7\u00e3o alusiva a Semana da Pessoa Idosa - R\u00e1dio Life FM\",\"isPartOf\":{\"@id\":\"https:\/\/radiolifefm.com.br\/noticias\/#website\"},\"primaryImageOfPage\":{\"@id\":\"https:\/\/radiolifefm.com.br\/noticias\/conselho-municipal-de-pessoa-idosa-de-adamantina-divulga-programacao-alusiva-a-semana-da-pessoa-idosa\/#primaryimage\"},\"image\":{\"@id\":\"https:\/\/radiolifefm.com.br\/noticias\/conselho-municipal-de-pessoa-idosa-de-adamantina-divulga-programacao-alusiva-a-semana-da-pessoa-idosa\/#primaryimage\"},\"thumbnailUrl\":\"https:\/\/radiolifefm.com.br\/noticias\/wp-content\/uploads\/2022\/09\/d26ab12920e90f4dae0641efc9947a3d.jpg\",\"datePublished\":\"2022-09-22T23:39:28+00:00\",\"dateModified\":\"2026-03-12T07:16:21+00:00\",\"breadcrumb\":{\"@id\":\"https:\/\/radiolifefm.com.br\/noticias\/conselho-municipal-de-pessoa-idosa-de-adamantina-divulga-programacao-alusiva-a-semana-da-pessoa-idosa\/#breadcrumb\"},\"inLanguage\":\"pt-BR\",\"potentialAction\":[{\"@type\":\"ReadAction\",\"target\":[\"https:\/\/radiolifefm.com.br\/noticias\/conselho-municipal-de-pessoa-idosa-de-adamantina-divulga-programacao-alusiva-a-semana-da-pessoa-idosa\/\"]}]},{\"@type\":\"ImageObject\",\"inLanguage\":\"pt-BR\",\"@id\":\"https:\/\/radiolifefm.com.br\/noticias\/conselho-municipal-de-pessoa-idosa-de-adamantina-divulga-programacao-alusiva-a-semana-da-pessoa-idosa\/#primaryimage\",\"url\":\"https:\/\/radiolifefm.com.br\/noticias\/wp-content\/uploads\/2022\/09\/d26ab12920e90f4dae0641efc9947a3d.jpg\",\"contentUrl\":\"https:\/\/radiolifefm.com.br\/noticias\/wp-content\/uploads\/2022\/09\/d26ab12920e90f4dae0641efc9947a3d.jpg\",\"width\":848,\"height\":307},{\"@type\":\"BreadcrumbList\",\"@id\":\"https:\/\/radiolifefm.com.br\/noticias\/conselho-municipal-de-pessoa-idosa-de-adamantina-divulga-programacao-alusiva-a-semana-da-pessoa-idosa\/#breadcrumb\",\"itemListElement\":[{\"@type\":\"ListItem\",\"position\":1,\"name\":\"In\u00edcio\",\"item\":\"https:\/\/radiolifefm.com.br\/noticias\/\"},{\"@type\":\"ListItem\",\"position\":2,\"name\":\"Conselho Municipal de Pessoa Idosa de Adamantina divulga programa\u00e7\u00e3o alusiva a Semana da Pessoa Idosa\"}]},{\"@type\":\"WebSite\",\"@id\":\"https:\/\/radiolifefm.com.br\/noticias\/#website\",\"url\":\"https:\/\/radiolifefm.com.br\/noticias\/\",\"name\":\"R\u00e1dio Life FM\",\"description\":\"O Portal de Not\u00edcias de Adamantina\",\"publisher\":{\"@id\":\"https:\/\/radiolifefm.com.br\/noticias\/#organization\"},\"alternateName\":\"Life FM\",\"potentialAction\":[{\"@type\":\"SearchAction\",\"target\":{\"@type\":\"EntryPoint\",\"urlTemplate\":\"https:\/\/radiolifefm.com.br\/noticias\/?s={search_term_string}\"},\"query-input\":{\"@type\":\"PropertyValueSpecification\",\"valueRequired\":true,\"valueName\":\"search_term_string\"}}],\"inLanguage\":\"pt-BR\"},{\"@type\":\"Organization\",\"@id\":\"https:\/\/radiolifefm.com.br\/noticias\/#organization\",\"name\":\"R\u00e1dio Life FM\",\"alternateName\":\"Life FM\",\"url\":\"https:\/\/radiolifefm.com.br\/noticias\/\",\"logo\":{\"@type\":\"ImageObject\",\"inLanguage\":\"pt-BR\",\"@id\":\"https:\/\/radiolifefm.com.br\/noticias\/#\/schema\/logo\/image\/\",\"url\":\"https:\/\/static.radiolifefm.com.br\/noticias\/wp-content\/uploads\/2019\/10\/logo-lifefm.png\",\"contentUrl\":\"https:\/\/static.radiolifefm.com.br\/noticias\/wp-content\/uploads\/2019\/10\/logo-lifefm.png\",\"width\":196,\"height\":47,\"caption\":\"R\u00e1dio Life FM\"},\"image\":{\"@id\":\"https:\/\/radiolifefm.com.br\/noticias\/#\/schema\/logo\/image\/\"},\"sameAs\":[\"https:\/\/www.facebook.com\/radiolifefm\/\",\"https:\/\/www.instagram.com\/life1079fm\/\"]},{\"@type\":\"Person\",\"@id\":\"https:\/\/radiolifefm.com.br\/noticias\/#\/schema\/person\/6339b9fac59d12b071dec680d7375d87\",\"name\":\"ritanery\",\"image\":{\"@type\":\"ImageObject\",\"inLanguage\":\"pt-BR\",\"@id\":\"https:\/\/secure.gravatar.com\/avatar\/0e37bb19071f47c0b8a23f62a903df117c5a0e75f65a0c2901562f97cd41cf86?s=96&d=mm&r=g\",\"url\":\"https:\/\/secure.gravatar.com\/avatar\/0e37bb19071f47c0b8a23f62a903df117c5a0e75f65a0c2901562f97cd41cf86?s=96&d=mm&r=g\",\"contentUrl\":\"https:\/\/secure.gravatar.com\/avatar\/0e37bb19071f47c0b8a23f62a903df117c5a0e75f65a0c2901562f97cd41cf86?s=96&d=mm&r=g\",\"caption\":\"ritanery\"}}]}<\/script>\n<!-- \/ Yoast SEO plugin. -->","yoast_head_json":{"title":"Conselho Municipal de Pessoa Idosa de Adamantina divulga programa\u00e7\u00e3o alusiva a Semana da Pessoa Idosa - R\u00e1dio Life FM","robots":{"index":"index","follow":"follow","max-snippet":"max-snippet:-1","max-image-preview":"max-image-preview:large","max-video-preview":"max-video-preview:-1"},"canonical":"https:\/\/radiolifefm.com.br\/noticias\/conselho-municipal-de-pessoa-idosa-de-adamantina-divulga-programacao-alusiva-a-semana-da-pessoa-idosa\/","og_locale":"pt_BR","og_type":"article","og_title":"Conselho Municipal de Pessoa Idosa de Adamantina divulga programa\u00e7\u00e3o alusiva a Semana da Pessoa Idosa - R\u00e1dio Life FM","og_description":"No dia 1 de outubro \u00e9 comemorado o Dia Nacional do Idoso e o Dia Internacional da Terceira Idade. Devido a isso, o Conselho Municipal da Pessoa Idosa preparou uma programa\u00e7\u00e3o alusiva \u00e0 data. As atividades ser\u00e3o realizadas de 26 a 30 de setembro. Abrindo as programa\u00e7\u00f5es, na segunda-feira (26), Ilza Cilene Mota Constantino,\u00a0 presidente [&hellip;]","og_url":"https:\/\/radiolifefm.com.br\/noticias\/conselho-municipal-de-pessoa-idosa-de-adamantina-divulga-programacao-alusiva-a-semana-da-pessoa-idosa\/","og_site_name":"R\u00e1dio Life FM","article_publisher":"https:\/\/www.facebook.com\/radiolifefm\/","article_published_time":"2022-09-22T23:39:28+00:00","article_modified_time":"2026-03-12T07:16:21+00:00","og_image":[{"width":848,"height":307,"url":"https:\/\/radiolifefm.com.br\/noticias\/wp-content\/uploads\/2022\/09\/d26ab12920e90f4dae0641efc9947a3d.jpg","type":"image\/jpeg"}],"author":"ritanery","twitter_card":"summary_large_image","twitter_misc":{"Escrito por":"ritanery","Est. tempo de leitura":"2 minutos"},"schema":{"@context":"https:\/\/schema.org","@graph":[{"@type":"Article","@id":"https:\/\/radiolifefm.com.br\/noticias\/conselho-municipal-de-pessoa-idosa-de-adamantina-divulga-programacao-alusiva-a-semana-da-pessoa-idosa\/#article","isPartOf":{"@id":"https:\/\/radiolifefm.com.br\/noticias\/conselho-municipal-de-pessoa-idosa-de-adamantina-divulga-programacao-alusiva-a-semana-da-pessoa-idosa\/"},"author":{"name":"ritanery","@id":"https:\/\/radiolifefm.com.br\/noticias\/#\/schema\/person\/6339b9fac59d12b071dec680d7375d87"},"headline":"Conselho Municipal de Pessoa Idosa de Adamantina divulga programa\u00e7\u00e3o alusiva a Semana da Pessoa Idosa","datePublished":"2022-09-22T23:39:28+00:00","dateModified":"2026-03-12T07:16:21+00:00","mainEntityOfPage":{"@id":"https:\/\/radiolifefm.com.br\/noticias\/conselho-municipal-de-pessoa-idosa-de-adamantina-divulga-programacao-alusiva-a-semana-da-pessoa-idosa\/"},"wordCount":390,"publisher":{"@id":"https:\/\/radiolifefm.com.br\/noticias\/#organization"},"image":{"@id":"https:\/\/radiolifefm.com.br\/noticias\/conselho-municipal-de-pessoa-idosa-de-adamantina-divulga-programacao-alusiva-a-semana-da-pessoa-idosa\/#primaryimage"},"thumbnailUrl":"https:\/\/radiolifefm.com.br\/noticias\/wp-content\/uploads\/2022\/09\/d26ab12920e90f4dae0641efc9947a3d.jpg","articleSection":["Adamantina"],"inLanguage":"pt-BR"},{"@type":"WebPage","@id":"https:\/\/radiolifefm.com.br\/noticias\/conselho-municipal-de-pessoa-idosa-de-adamantina-divulga-programacao-alusiva-a-semana-da-pessoa-idosa\/","url":"https:\/\/radiolifefm.com.br\/noticias\/conselho-municipal-de-pessoa-idosa-de-adamantina-divulga-programacao-alusiva-a-semana-da-pessoa-idosa\/","name":"Conselho Municipal de Pessoa Idosa de Adamantina divulga programa\u00e7\u00e3o alusiva a Semana da Pessoa Idosa - R\u00e1dio Life FM","isPartOf":{"@id":"https:\/\/radiolifefm.com.br\/noticias\/#website"},"primaryImageOfPage":{"@id":"https:\/\/radiolifefm.com.br\/noticias\/conselho-municipal-de-pessoa-idosa-de-adamantina-divulga-programacao-alusiva-a-semana-da-pessoa-idosa\/#primaryimage"},"image":{"@id":"https:\/\/radiolifefm.com.br\/noticias\/conselho-municipal-de-pessoa-idosa-de-adamantina-divulga-programacao-alusiva-a-semana-da-pessoa-idosa\/#primaryimage"},"thumbnailUrl":"https:\/\/radiolifefm.com.br\/noticias\/wp-content\/uploads\/2022\/09\/d26ab12920e90f4dae0641efc9947a3d.jpg","datePublished":"2022-09-22T23:39:28+00:00","dateModified":"2026-03-12T07:16:21+00:00","breadcrumb":{"@id":"https:\/\/radiolifefm.com.br\/noticias\/conselho-municipal-de-pessoa-idosa-de-adamantina-divulga-programacao-alusiva-a-semana-da-pessoa-idosa\/#breadcrumb"},"inLanguage":"pt-BR","potentialAction":[{"@type":"ReadAction","target":["https:\/\/radiolifefm.com.br\/noticias\/conselho-municipal-de-pessoa-idosa-de-adamantina-divulga-programacao-alusiva-a-semana-da-pessoa-idosa\/"]}]},{"@type":"ImageObject","inLanguage":"pt-BR","@id":"https:\/\/radiolifefm.com.br\/noticias\/conselho-municipal-de-pessoa-idosa-de-adamantina-divulga-programacao-alusiva-a-semana-da-pessoa-idosa\/#primaryimage","url":"https:\/\/radiolifefm.com.br\/noticias\/wp-content\/uploads\/2022\/09\/d26ab12920e90f4dae0641efc9947a3d.jpg","contentUrl":"https:\/\/radiolifefm.com.br\/noticias\/wp-content\/uploads\/2022\/09\/d26ab12920e90f4dae0641efc9947a3d.jpg","width":848,"height":307},{"@type":"BreadcrumbList","@id":"https:\/\/radiolifefm.com.br\/noticias\/conselho-municipal-de-pessoa-idosa-de-adamantina-divulga-programacao-alusiva-a-semana-da-pessoa-idosa\/#breadcrumb","itemListElement":[{"@type":"ListItem","position":1,"name":"In\u00edcio","item":"https:\/\/radiolifefm.com.br\/noticias\/"},{"@type":"ListItem","position":2,"name":"Conselho Municipal de Pessoa Idosa de Adamantina divulga programa\u00e7\u00e3o alusiva a Semana da Pessoa Idosa"}]},{"@type":"WebSite","@id":"https:\/\/radiolifefm.com.br\/noticias\/#website","url":"https:\/\/radiolifefm.com.br\/noticias\/","name":"R\u00e1dio Life FM","description":"O Portal de Not\u00edcias de Adamantina","publisher":{"@id":"https:\/\/radiolifefm.com.br\/noticias\/#organization"},"alternateName":"Life FM","potentialAction":[{"@type":"SearchAction","target":{"@type":"EntryPoint","urlTemplate":"https:\/\/radiolifefm.com.br\/noticias\/?s={search_term_string}"},"query-input":{"@type":"PropertyValueSpecification","valueRequired":true,"valueName":"search_term_string"}}],"inLanguage":"pt-BR"},{"@type":"Organization","@id":"https:\/\/radiolifefm.com.br\/noticias\/#organization","name":"R\u00e1dio Life FM","alternateName":"Life FM","url":"https:\/\/radiolifefm.com.br\/noticias\/","logo":{"@type":"ImageObject","inLanguage":"pt-BR","@id":"https:\/\/radiolifefm.com.br\/noticias\/#\/schema\/logo\/image\/","url":"https:\/\/static.radiolifefm.com.br\/noticias\/wp-content\/uploads\/2019\/10\/logo-lifefm.png","contentUrl":"https:\/\/static.radiolifefm.com.br\/noticias\/wp-content\/uploads\/2019\/10\/logo-lifefm.png","width":196,"height":47,"caption":"R\u00e1dio Life FM"},"image":{"@id":"https:\/\/radiolifefm.com.br\/noticias\/#\/schema\/logo\/image\/"},"sameAs":["https:\/\/www.facebook.com\/radiolifefm\/","https:\/\/www.instagram.com\/life1079fm\/"]},{"@type":"Person","@id":"https:\/\/radiolifefm.com.br\/noticias\/#\/schema\/person\/6339b9fac59d12b071dec680d7375d87","name":"ritanery","image":{"@type":"ImageObject","inLanguage":"pt-BR","@id":"https:\/\/secure.gravatar.com\/avatar\/0e37bb19071f47c0b8a23f62a903df117c5a0e75f65a0c2901562f97cd41cf86?s=96&d=mm&r=g","url":"https:\/\/secure.gravatar.com\/avatar\/0e37bb19071f47c0b8a23f62a903df117c5a0e75f65a0c2901562f97cd41cf86?s=96&d=mm&r=g","contentUrl":"https:\/\/secure.gravatar.com\/avatar\/0e37bb19071f47c0b8a23f62a903df117c5a0e75f65a0c2901562f97cd41cf86?s=96&d=mm&r=g","caption":"ritanery"}}]}},"amp_enabled":true,"_links":{"self":[{"href":"https:\/\/radiolifefm.com.br\/noticias\/wp-json\/wp\/v2\/posts\/58430","targetHints":{"allow":["GET"]}}],"collection":[{"href":"https:\/\/radiolifefm.com.br\/noticias\/wp-json\/wp\/v2\/posts"}],"about":[{"href":"https:\/\/radiolifefm.com.br\/noticias\/wp-json\/wp\/v2\/types\/post"}],"author":[{"embeddable":true,"href":"https:\/\/radiolifefm.com.br\/noticias\/wp-json\/wp\/v2\/users\/13"}],"replies":[{"embeddable":true,"href":"https:\/\/radiolifefm.com.br\/noticias\/wp-json\/wp\/v2\/comments?post=58430"}],"version-history":[{"count":2,"href":"https:\/\/radiolifefm.com.br\/noticias\/wp-json\/wp\/v2\/posts\/58430\/revisions"}],"predecessor-version":[{"id":58433,"href":"https:\/\/radiolifefm.com.br\/noticias\/wp-json\/wp\/v2\/posts\/58430\/revisions\/58433"}],"wp:featuredmedia":[{"embeddable":true,"href":"https:\/\/radiolifefm.com.br\/noticias\/wp-json\/wp\/v2\/media\/58431"}],"wp:attachment":[{"href":"https:\/\/radiolifefm.com.br\/noticias\/wp-json\/wp\/v2\/media?parent=58430"}],"wp:term":[{"taxonomy":"category","embeddable":true,"href":"https:\/\/radiolifefm.com.br\/noticias\/wp-json\/wp\/v2\/categories?post=58430"},{"taxonomy":"post_tag","embeddable":true,"href":"https:\/\/radiolifefm.com.br\/noticias\/wp-json\/wp\/v2\/tags?post=58430"}],"curies":[{"name":"wp","href":"https:\/\/api.w.org\/{rel}","templated":true}]}}