{"id":58394,"date":"2022-09-21T21:24:40","date_gmt":"2022-09-22T00:24:40","guid":{"rendered":"https:\/\/radiolifefm.com.br\/noticias\/?p=58394"},"modified":"2026-03-05T12:13:09","modified_gmt":"2026-03-05T15:13:09","slug":"fios-e-cabos-soltos-ocorrem-em-diversos-pontos-de-adamantina-prefeitura-e-empresas-se-manifestam","status":"publish","type":"post","link":"https:\/\/radiolifefm.com.br\/noticias\/fios-e-cabos-soltos-ocorrem-em-diversos-pontos-de-adamantina-prefeitura-e-empresas-se-manifestam\/","title":{"rendered":"Fios e cabos soltos ocorrem em diversos pontos de Adamantina; Prefeitura e empresas se manifestam"},"content":{"rendered":"<div id=\"fb-root\"><\/div>\n<p>A exist\u00eancia de cabos e\/ou fios soltos na via p\u00fablica em Adamanina traz preocupa\u00e7\u00e3o aos moradores e d\u00favidas quanto aos procedimentos de manuten\u00e7\u00e3o e reparos, por parte das empresa que atuam no fornecimento de energia el\u00e9trica, telefonia ou dados, como tamb\u00e9m acerca da fiscaliza\u00e7\u00e3o pela Prefeitura local.<\/p>\n<p>O olhar sobre a realidade desse tema, na cidade, ganhou mais aten\u00e7\u00e3o ap\u00f3s o SIGA MAIS publicar sobre ferimentos causados a dois beb\u00eas g\u00eameos de um ano e seis meses, em Ja\u00fa, no \u00faltimo m\u00eas de agosto. <a href=\"https:\/\/www.sigamais.com\/noticias\/cidades\/em-jau-bebes-gemeos-sao-atingidos-no-rosto-por-chicotada-de-fiacao-solta-na-rua\/\" target=\"_blank\" rel=\"noopener\"><strong>Fios soltos na via p\u00fablica foram atingidos por um carro e chicotearam no rosto das duas crian\u00e7as, causando les\u00f5es<\/strong><\/a>.<\/p>\n<p>Com a repercuss\u00e3o sobre o caso, em Ja\u00fa, o SIGA MAIS perguntou em suas redes sociais sobre locais, em Adamantina, que pudessem ter fios e\/ou cabos soltos. Foram recebidas informa\u00e7\u00f5es sobre dezenas de endere\u00e7os. Nos dias 25 e 26 de agosto reportagem percorreu alguns deles e fez os registros em imagens, em bairros como Jardim dos Poetas, Parque do Sol, Parque Itapu\u00e3, Distrito Industrial nas proximidades do campus II da UniFAI, Residencial Monte Alegre e \u00e1rea central da cidade.<\/p>\n<p>Residencial Monte Alegre e \u00e1rea central da cidade.<\/p>\n<figure style=\"width: 540px\" class=\"wp-caption aligncenter\"><img loading=\"lazy\" decoding=\"async\" src=\"https:\/\/www.sigamais.com\/arquivo\/uploads\/av-adhemar-de-barros-225-1jpg1663763859632b05936ca70.jpg\" alt=\"\" width=\"540\" height=\"304\" \/><figcaption class=\"wp-caption-text\">Av. Dr. Adhemar de Barros, centro (Foto: Siga Mais).<\/figcaption><\/figure>\n<figure style=\"width: 540px\" class=\"wp-caption aligncenter\"><img loading=\"lazy\" decoding=\"async\" src=\"https:\/\/www.sigamais.com\/arquivo\/uploads\/img9283jpg1663763877632b05a5c001a.jpg\" alt=\"\" width=\"540\" height=\"304\" \/><figcaption class=\"wp-caption-text\">Rua Josefina Dall\u00b4Ant\u00f4nia Tiveron, em frente ao Tribunal de Contas (Foto: Siga Mais).<\/figcaption><\/figure>\n<figure style=\"width: 540px\" class=\"wp-caption aligncenter\"><img loading=\"lazy\" decoding=\"async\" src=\"https:\/\/www.sigamais.com\/arquivo\/uploads\/p4png1663763912632b05c8236b8.png\" alt=\"\" width=\"540\" height=\"304\" \/><figcaption class=\"wp-caption-text\">Rua Jos\u00e9 Urbano Luize, Parque do Sol (Foto: Siga Mais).<\/figcaption><\/figure>\n<p>Com o levantamento dos locais realizado, o SIGA MAIS procurou a Prefeitura de Adamantina, a concession\u00e1ria Energisa Sul-Sudeste \u2013 que \u00e9 detentora dos postes \u2013 e empresas que atuam com telefonia e internet na cidade, sobre o caso. Algumas das empresas contatadas solicitaram os endere\u00e7os e imagens dos locais, fornecidos pela reportagem.\u00a0Nenhuma delas assumiu responsabilidade pelos cabos e fios soltos localizados, muitos deles presos a postes da pr\u00f3pria rede estrutural, como tamb\u00e9m amarrados em \u00e1rvores e at\u00e9 em poste met\u00e1lico de sinaliza\u00e7\u00e3o de tr\u00e2nsito.<\/p>\n<figure style=\"width: 540px\" class=\"wp-caption aligncenter\"><img loading=\"lazy\" decoding=\"async\" src=\"https:\/\/www.sigamais.com\/arquivo\/uploads\/p10png1663764532632b083415bb7.png\" alt=\"\" width=\"540\" height=\"721\" \/><figcaption class=\"wp-caption-text\">Rua Duque de Caxias, centro (Foto: Siga Mais).<\/figcaption><\/figure>\n<figure style=\"width: 540px\" class=\"wp-caption aligncenter\"><img loading=\"lazy\" decoding=\"async\" src=\"https:\/\/www.sigamais.com\/arquivo\/uploads\/p11png1663764582632b08667e3e4.png\" alt=\"\" width=\"540\" height=\"405\" \/><figcaption class=\"wp-caption-text\">Rua Duque de Caxias, centro (Foto: Siga Mais).<\/figcaption><\/figure>\n<figure style=\"width: 540px\" class=\"wp-caption aligncenter\"><img loading=\"lazy\" decoding=\"async\" src=\"https:\/\/www.sigamais.com\/arquivo\/uploads\/p8png1663764547632b0843d68a5.png\" alt=\"\" width=\"540\" height=\"405\" \/><figcaption class=\"wp-caption-text\">Rua Olav Bilac, Jardim dos Poetas (Foto: Siga Mais).<\/figcaption><\/figure>\n<p>H\u00e1 empresas de dados que operam na cidade, procuradas pelo SIGA MAIS, que n\u00e3o responderam. Por\u00e9m, a Energisa Sul-Sudeste, goodU, Cabonnet, Vivo e Claro atenderam ao pedido de informa\u00e7\u00f5es e orientaram sobre as condutas de monitoramento e manuten\u00e7\u00e3o de suas estruturas, cuidados na aproxima\u00e7\u00e3o de cabos e fios soltos, como tamb\u00e9m informaram os seus canais de atendimento.<\/p>\n<p><strong>Adamantina tem lei municipal sobre o tema<\/strong><\/p>\n<p>Al\u00e9m das normas t\u00e9cnicas que regulam a disposi\u00e7\u00e3o de fios el\u00e9tricos e cabeamento telef\u00f4nico e de dados em postes, nas vias p\u00fablicas, Adamantina tem legisla\u00e7\u00e3o espec\u00edfica sobre esse tema. Trata-se da <a href=\"https:\/\/www.adamantina.sp.gov.br\/?pag=T0dRPU9EZz1PR009T1RnPQ==&amp;id=2765&amp;idtipolei=1\" target=\"_blank\" rel=\"noopener\"><strong>Lei Municipal N\u00ba 3.891, de 29 de abril de 2019<\/strong><\/a>, que obriga a empresa concession\u00e1ria de servi\u00e7o p\u00fablico de distribui\u00e7\u00e3o de energia el\u00e9trica e demais empresas ocupantes de sua infraestrutura a se restringir \u00e0 ocupa\u00e7\u00e3o do espa\u00e7o p\u00fablico dentro do que estabelece as normas t\u00e9cnicas aplic\u00e1veis, e promover a regulariza\u00e7\u00e3o e a retirada dos fios inutilizados em vias p\u00fablicas.<\/p>\n<p>Sobre os casos de cabos soltos, e a aplica\u00e7\u00e3o da Lei Municipal de 2019, o SIGA MAIS fez contato com a Prefeitura de Adamantina, que em nota respondeu sobre o tema, como tamb\u00e9m orientou sobre provid\u00eancias e os canais de den\u00fancia.<\/p>\n<figure style=\"width: 540px\" class=\"wp-caption aligncenter\"><img loading=\"lazy\" decoding=\"async\" src=\"https:\/\/www.sigamais.com\/arquivo\/uploads\/p16png1663764611632b0883040d1.png\" alt=\"\" width=\"540\" height=\"404\" \/><figcaption class=\"wp-caption-text\">Avenida Francisco Bellusci, em frente ao Campus II da UniFAI (Foto: Siga Mais).<\/figcaption><\/figure>\n<figure style=\"width: 540px\" class=\"wp-caption aligncenter\"><img loading=\"lazy\" decoding=\"async\" src=\"https:\/\/www.sigamais.com\/arquivo\/uploads\/p7png1663764637632b089d97157.png\" alt=\"\" width=\"540\" height=\"720\" \/><figcaption class=\"wp-caption-text\">Avenida Francisco Bellusci, em frente ao Campus II da UniFAI (Foto: Siga Mais).<\/figcaption><\/figure>\n<figure style=\"width: 540px\" class=\"wp-caption aligncenter\"><img loading=\"lazy\" decoding=\"async\" src=\"https:\/\/www.sigamais.com\/arquivo\/uploads\/p17png1663764652632b08acf3386.png\" alt=\"\" width=\"540\" height=\"405\" \/><figcaption class=\"wp-caption-text\">Avenida Francisco Bellusci, em frente ao Campus II da UniFAI (Foto: Siga Mais).<\/figcaption><\/figure>\n<figure style=\"width: 540px\" class=\"wp-caption aligncenter\"><img loading=\"lazy\" decoding=\"async\" src=\"https:\/\/www.sigamais.com\/arquivo\/uploads\/img8057jpg1663768022632b15d6099dc.jpg\" alt=\"\" width=\"540\" height=\"405\" \/><figcaption class=\"wp-caption-text\">Avenida Francisco Bellusci, em frente ao Campus II da UniFAI (Foto: Siga Mais).<\/figcaption><\/figure>\n<p>&nbsp;<\/p>\n<p>O poder p\u00fablico municipal, por sua vez, informou que notifica somente a concession\u00e1ria de energia el\u00e9trica, por ser a detentora dos postes, e que n\u00e3o notifica as demais empresas que tamb\u00e9m compartilham da mesma estrutura para fixa\u00e7\u00e3o de cabeamento a\u00e9reo. \u201cA Prefeitura de Adamantina, por meio da Secretaria de Fiscaliza\u00e7\u00e3o e Arrecada\u00e7\u00e3o Tribut\u00e1ria, informa que a concession\u00e1ria de energia el\u00e9trica \u00e9 a respons\u00e1vel pela fia\u00e7\u00e3o dos cabos soltos, cabendo ao Poder Executivo fazer a notifica\u00e7\u00e3o para resolu\u00e7\u00e3o da situa\u00e7\u00e3o. Neste ano, j\u00e1 foram feitas notifica\u00e7\u00f5es para a Energisa a fim de fazer a regulariza\u00e7\u00e3o dos fios soltos. Caso o mun\u00edcipe tenha uma den\u00fancia acerca de fios soltos, a orienta\u00e7\u00e3o \u00e9 entrar em contato com o Departamento de Fiscaliza\u00e7\u00e3o pelo telefone (18) 3502-9009 ou pelo e-mail: fiscal@adamantina.sp.gov.br\u201d.<\/p>\n<p><strong>O que diz a concession\u00e1ria de energia el\u00e9trica <\/strong><\/p>\n<p>Ap\u00f3s a manifesta\u00e7\u00e3o da Prefeitura de Adamantina o SIGA MAIS buscou a posi\u00e7\u00e3o da empresa Energisa Sul-Sudeste, que \u00e9 a detentora dos postes e responde pela sua estrutura de distribui\u00e7\u00e3o de energia el\u00e9trica, como tamb\u00e9m \u00e9 quem autoriza a utiliza\u00e7\u00e3o dos postes para sustenta\u00e7\u00e3o dos cabos de telefonia e dados, no munic\u00edpio. \u201cUma vez que os postes s\u00e3o compartilhados entre a concession\u00e1ria de energia, companhias telef\u00f4nicas e de internet, a legisla\u00e7\u00e3o \u00e9 clara ao definir que cada empresa \u00e9 respons\u00e1vel pela manuten\u00e7\u00e3o e regulariza\u00e7\u00e3o de seus cabos. Como distribuidora de energia el\u00e9trica, a Energisa disp\u00f5e de normas e padr\u00f5es t\u00e9cnicos que garantem a seguran\u00e7a da comunidade por onde passa a rede de energia\u201d, explica.<\/p>\n<figure style=\"width: 540px\" class=\"wp-caption aligncenter\"><img loading=\"lazy\" decoding=\"async\" src=\"https:\/\/www.sigamais.com\/arquivo\/uploads\/p5png1663764718632b08eee845c.png\" alt=\"\" width=\"540\" height=\"720\" \/><figcaption class=\"wp-caption-text\">Rua Santa Catarina, Parque Itapu\u00e3\u00a0(Foto: Siga Mais).<\/figcaption><\/figure>\n<figure style=\"width: 540px\" class=\"wp-caption aligncenter\"><img loading=\"lazy\" decoding=\"async\" src=\"https:\/\/www.sigamais.com\/arquivo\/uploads\/p19png1663764690632b08d2a0faa.png\" alt=\"\" width=\"540\" height=\"405\" \/><figcaption class=\"wp-caption-text\">Avenida Adhemar de Barros, centro(Foto: Siga Mais).<\/figcaption><\/figure>\n<figure style=\"width: 540px\" class=\"wp-caption aligncenter\"><img loading=\"lazy\" decoding=\"async\" src=\"https:\/\/www.sigamais.com\/arquivo\/uploads\/img9281aaaaaajpg1663764811632b094bed24f.jpg\" alt=\"\" width=\"540\" height=\"960\" \/><figcaption class=\"wp-caption-text\">Rua Josefina Dall\u00b4Ant\u00f4nia Tiveron, em frente ao Tribunal de Contas (Foto: Siga Mais).<\/figcaption><\/figure>\n<p><em>\u00a0<\/em><\/p>\n<p>De acordo com a coordenadora de Sa\u00fade e Seguran\u00e7a da Energisa Sul-Sudeste, Juliana Volpi \u2013 conforme a nota \u2013 a empresa sempre orienta a comunidade sobre os riscos de se aproximar de fios soltos ou cabos que tenham se partido em decorr\u00eancia de colis\u00e3o de ve\u00edculos, descargas atmosf\u00e9ricas, queda de postes ou \u00e1rvores. \u201cMesmo partido, o cabo pode estar energizado e provocar acidentes graves e at\u00e9 fatais. Por isso, sempre orientamos que ao encontrar um cabo partido na rua ou cal\u00e7ada, \u00e9 indispens\u00e1vel isolar o local, sair de perto e contatar a Energisa que enviar\u00e1 profissionais devidamente habilitados para atuar nessas situa\u00e7\u00f5es\u201d, afirma Juliana. \u201cComo \u00e9 dif\u00edcil para a popula\u00e7\u00e3o diferenciar um cabo de energia el\u00e9trica de telefone ou internet, a orienta\u00e7\u00e3o da Energisa \u00e9 sempre manter a dist\u00e2ncia ao encontrar um cabo partido. Tamb\u00e9m n\u00e3o se deve nem utilizar objetos de madeira ou met\u00e1licos para afastar esses cabos, devido ao risco de choque el\u00e9trico\u201d, refor\u00e7a a coordenadora.<\/p>\n<p>J\u00e1 nas situa\u00e7\u00f5es em que o cabo vier a cair sobre o ve\u00edculo, seja uma ruptura por transporte de carga alta, temporal ou qualquer outra circunst\u00e2ncia, a representante da Energisa ressalta que os ocupantes devem permanecer dentro do autom\u00f3vel, sem tocar nas partes met\u00e1licas, aguardando a chegada de uma equipe especializada da distribuidora, que ir\u00e1 realizar os procedimentos com a m\u00e1xima seguran\u00e7a. \u201cSomente profissionais autorizados pela Energisa devem fazer interven\u00e7\u00f5es na rede el\u00e9trica. Al\u00e9m de receberem treinamento espec\u00edfico, os t\u00e9cnicos utilizam equipamentos de prote\u00e7\u00e3o adequados \u00e0 atividade\u201d, finaliza.<\/p>\n<p>Para acionar a Energisa, o morador pode acessar um dos canais de atendimento: Call\u202fCenter \u2013 0800 70 10 326; Gisa (WhatsApp)\u202f- <a href=\"https:\/\/www.gisa.energisa.com.br\/\" target=\"_blank\" rel=\"noopener\"><strong>www.gisa.energisa.com.br<\/strong><\/a>; aplicativo para celular Energisa\u202fOn; ou site <a href=\"https:\/\/www.energisa.com.br\/\" target=\"_blank\" rel=\"noopener\"><strong>www.energisa.com.br<\/strong><\/a>.<\/p>\n<p><strong>Quatro empresas de internet e telefonia se manifetam<\/strong><\/p>\n<p>Dentre as empresas de telefonia e dados que atuam em Adamantina, procuradas pelo SIGA MAIS, quatro delas se manifestaram.<\/p>\n<p>A goodU, que opera servi\u00e7os de internet e telefonia em Adamantina, informou que os t\u00e9cnicos da empresa realizam o monitoramento sist\u00eamico da sua estrutura de cabeamento, \u201cque em caso da fibra da empresa, acusa falta de sinal\u201d. A empresa informou tamb\u00e9m que na ocorr\u00eancia de chamado apresentado pelo p\u00fablico, e sendo constatado que o cabeamento \u00e9 parte de sua estrutura, \u00e9 realizado o reparo. Caso n\u00e3o seja, o solicitante \u00e9 informado e orientado, e sempre que poss\u00edvel algum representante da empresa respons\u00e1vel \u00e9 contatado.<\/p>\n<p>Ainda de acordo com goodU, a concession\u00e1ria de energia el\u00e9trica, quando faz suas trocas de poste, tamb\u00e9m notifica as empresas que usufruem deles, \u201cassim quando tem nossa passagem j\u00e1 programamos o reparo imediato\u201d, diz. \u201cRessalto ainda que a goodU usa um \u00fanico padr\u00e3o de material da fibra tornando vis\u00edvel e f\u00e1cil a identifica\u00e7\u00e3o\u201d, esclarece.<\/p>\n<p>A empresa informou seus canais de atendimento, de relacionamento com o p\u00fablico, o que pode ser feito por liga\u00e7\u00e3o e WhatsApp nos telefones 0800 381 0101 e WhatsApp (18) 99637-6410.<\/p>\n<p>A operadora Vivo, que utiliza cabeamento em Adamantina para servi\u00e7os de telefonia e dados, tamb\u00e9m se posicionou sobre o tema. &#8220;A Vivo informa que mant\u00e9m um projeto de retirada e manuten\u00e7\u00e3o da sua rede a\u00e9rea, al\u00e9m de realizar a retirada de redes met\u00e1licas nos pontos modernizados com fibra \u00f3tica. A empresa refor\u00e7a que cumpre a legisla\u00e7\u00e3o vigente e monitora permanentemente a qualidade e a seguran\u00e7a de sua rede. A Vivo orienta a popula\u00e7\u00e3o a entrar em contato para informar sobre cabos soltos ou rompidos atrav\u00e9s do nosso site <a href=\"https:\/\/www.vivo.com.br\/para-voce\" target=\"_blank\" rel=\"noopener\"><strong>www.vivo.com.br<\/strong><\/a>, al\u00e9m dos canais oficiais no Facebook e Twitter\u201d.<\/p>\n<figure style=\"width: 540px\" class=\"wp-caption aligncenter\"><img loading=\"lazy\" decoding=\"async\" src=\"https:\/\/www.sigamais.com\/arquivo\/uploads\/p1png1663763799632b0557a2901.png\" alt=\"\" width=\"540\" height=\"304\" \/><figcaption class=\"wp-caption-text\">Alameda Padre N\u00f3brega, perto da ponte do Caldeira (Foto: Siga Mais).<\/figcaption><\/figure>\n<figure style=\"width: 540px\" class=\"wp-caption aligncenter\"><img loading=\"lazy\" decoding=\"async\" src=\"https:\/\/www.sigamais.com\/arquivo\/uploads\/p2png1663763813632b05650f3f5.png\" alt=\"\" width=\"540\" height=\"405\" \/><figcaption class=\"wp-caption-text\">Alameda Padre N\u00f3brega, perto da ponte do Caldeira (Foto: Siga Mais).<\/figcaption><\/figure>\n<figure style=\"width: 540px\" class=\"wp-caption aligncenter\"><img loading=\"lazy\" decoding=\"async\" src=\"https:\/\/www.sigamais.com\/arquivo\/uploads\/p3png1663763825632b0571075e8.png\" alt=\"\" width=\"540\" height=\"304\" \/><figcaption class=\"wp-caption-text\">\u00c1rea verde na Alameda Padre N\u00f3brega, perto da ponte do Caldeira (Foto: Siga Mais).<\/figcaption><\/figure>\n<p>A Claro tamb\u00e9m atendeu solicita\u00e7\u00e3o do SIGA MAIS, solicitou os endere\u00e7os visitados pela reportagem e mobilizou equipe at\u00e9 os locais, constatando que os cabos n\u00e3o s\u00e3o da sua estrutura, e forneceu orienta\u00e7\u00f5es. &#8220;A Claro informa que uma equipe t\u00e9cnica foi at\u00e9 o local e verificou que os cabos mencionados n\u00e3o pertencem \u00e0 operadora. A Claro afirma que obedece a r\u00edgidos padr\u00f5es de seguran\u00e7a na opera\u00e7\u00e3o de suas redes e possui uma rotina de manuten\u00e7\u00e3o preventiva e adequa\u00e7\u00e3o do cabeamento nas ruas das cidades. Al\u00e9m disso, a empresa segue os padr\u00f5es t\u00e9cnicos da concession\u00e1ria de energia el\u00e9trica, respons\u00e1vel pelo aluguel dos postes. Para comunicar o rompimento ou a presen\u00e7a de fios soltos e situa\u00e7\u00f5es relacionadas, a Claro orienta aos moradores da cidade a acessar o site <a href=\"https:\/\/www.claro.com.br\/FaleConosco\" target=\"_blank\" rel=\"noopener\"><strong>www.claro.com.br\/FaleConosco<\/strong><\/a>&#8220;.<\/p>\n<p>A Cabonnet informou ao SIGA MAIS que suas equipes t\u00e9cnicas fazem inspe\u00e7\u00e3o a campo, no dia-a-dia, e quando h\u00e1 detec\u00e7\u00e3o de cabos em desconformidade \u00e9 realizada a manuten\u00e7\u00e3o. A empresa informou ainda que a concession\u00e1ria respons\u00e1vel pelos postes tamb\u00e9m a notifica a quando algum cabo ou fio est\u00e1 solto ou ca\u00eddo.<\/p>\n<p>Outras notifica\u00e7\u00f5es chegam \u00e0 empresa por meio de chamados pelos seus canais de atendimento. \u201cNossos clientes podem entrar em contato conosco pelo telefone (18) 3522-4490 ou WhatsApp (18) 99123-9558, todos os dias, inclusive domingos e feriados, para informar sobre cabos ou fios soltos. Solicitamos o endere\u00e7o, n\u00famero da casa onde o fio est\u00e1 ca\u00eddo e uma foto do local para anex\u00e1-la \u00e0 ordem de servi\u00e7o que \u00e9 aberta pela central de atendimento. Tamb\u00e9m \u00e9 poss\u00edvel solicitar pessoalmente em loja a verifica\u00e7\u00e3o dos cabos\u201d, orienta. \u201cAp\u00f3s verificar que os cabos s\u00e3o da empresa, \u00e9 aberta uma ordem de servi\u00e7o e encaminhada a equipe t\u00e9cnica ao local para retirada ou corre\u00e7\u00e3o dos cabos\u201d, continua. Ao final, na nota ao SIGA MAIS, reiterou seus servi\u00e7os. \u201cAgradecemos o contato e estamos \u00e0 disposi\u00e7\u00e3o para quaisquer esclarecimentos. Ressalto que atendemos nossos clientes visando a qualidade\u201d.<\/p>\n<p>&nbsp;<\/p>\n<p>Fonte: Siga Mais<\/p>\n","protected":false},"excerpt":{"rendered":"<p>A exist\u00eancia de cabos e\/ou fios soltos na via p\u00fablica em Adamanina traz preocupa\u00e7\u00e3o aos moradores e d\u00favidas quanto aos procedimentos de manuten\u00e7\u00e3o e reparos, por parte das empresa que atuam no fornecimento de energia el\u00e9trica, telefonia ou dados, como tamb\u00e9m acerca da fiscaliza\u00e7\u00e3o pela Prefeitura local. O olhar sobre a realidade desse tema, na [&hellip;]<\/p>\n","protected":false},"author":13,"featured_media":58396,"comment_status":"closed","ping_status":"open","sticky":false,"template":"","format":"standard","meta":{"_acf_changed":false,"_exactmetrics_skip_tracking":false,"_exactmetrics_sitenote_active":false,"_exactmetrics_sitenote_note":"","_exactmetrics_sitenote_category":0,"footnotes":""},"categories":[21],"tags":[],"class_list":["post-58394","post","type-post","status-publish","format-standard","has-post-thumbnail","hentry","category-adamantina"],"acf":[],"yoast_head":"<!-- This site is optimized with the Yoast SEO plugin v27.2 - https:\/\/yoast.com\/product\/yoast-seo-wordpress\/ -->\n<title>Fios e cabos soltos ocorrem em diversos pontos de Adamantina; Prefeitura e empresas se manifestam - R\u00e1dio Life FM<\/title>\n<meta name=\"robots\" content=\"index, follow, max-snippet:-1, max-image-preview:large, max-video-preview:-1\" \/>\n<link rel=\"canonical\" href=\"https:\/\/radiolifefm.com.br\/noticias\/fios-e-cabos-soltos-ocorrem-em-diversos-pontos-de-adamantina-prefeitura-e-empresas-se-manifestam\/\" \/>\n<meta property=\"og:locale\" content=\"pt_BR\" \/>\n<meta property=\"og:type\" content=\"article\" \/>\n<meta property=\"og:title\" content=\"Fios e cabos soltos ocorrem em diversos pontos de Adamantina; Prefeitura e empresas se manifestam - R\u00e1dio Life FM\" \/>\n<meta property=\"og:description\" content=\"A exist\u00eancia de cabos e\/ou fios soltos na via p\u00fablica em Adamanina traz preocupa\u00e7\u00e3o aos moradores e d\u00favidas quanto aos procedimentos de manuten\u00e7\u00e3o e reparos, por parte das empresa que atuam no fornecimento de energia el\u00e9trica, telefonia ou dados, como tamb\u00e9m acerca da fiscaliza\u00e7\u00e3o pela Prefeitura local. O olhar sobre a realidade desse tema, na [&hellip;]\" \/>\n<meta property=\"og:url\" content=\"https:\/\/radiolifefm.com.br\/noticias\/fios-e-cabos-soltos-ocorrem-em-diversos-pontos-de-adamantina-prefeitura-e-empresas-se-manifestam\/\" \/>\n<meta property=\"og:site_name\" content=\"R\u00e1dio Life FM\" \/>\n<meta property=\"article:publisher\" content=\"https:\/\/www.facebook.com\/radiolifefm\/\" \/>\n<meta property=\"article:published_time\" content=\"2022-09-22T00:24:40+00:00\" \/>\n<meta property=\"article:modified_time\" content=\"2026-03-05T15:13:09+00:00\" \/>\n<meta property=\"og:image\" content=\"https:\/\/radiolifefm.com.br\/noticias\/wp-content\/uploads\/2022\/09\/capa-av-francisco-bellusci-em-frente-ao-hospital-veterinario-da-unifai-1jpg1663765311632b0b3f48c9d.jpg\" \/>\n\t<meta property=\"og:image:width\" content=\"600\" \/>\n\t<meta property=\"og:image:height\" content=\"337\" \/>\n\t<meta property=\"og:image:type\" content=\"image\/jpeg\" \/>\n<meta name=\"author\" content=\"ritanery\" \/>\n<meta name=\"twitter:card\" content=\"summary_large_image\" \/>\n<meta name=\"twitter:label1\" content=\"Escrito por\" \/>\n\t<meta name=\"twitter:data1\" content=\"ritanery\" \/>\n\t<meta name=\"twitter:label2\" content=\"Est. tempo de leitura\" \/>\n\t<meta name=\"twitter:data2\" content=\"14 minutos\" \/>\n<script type=\"application\/ld+json\" class=\"yoast-schema-graph\">{\"@context\":\"https:\/\/schema.org\",\"@graph\":[{\"@type\":\"Article\",\"@id\":\"https:\/\/radiolifefm.com.br\/noticias\/fios-e-cabos-soltos-ocorrem-em-diversos-pontos-de-adamantina-prefeitura-e-empresas-se-manifestam\/#article\",\"isPartOf\":{\"@id\":\"https:\/\/radiolifefm.com.br\/noticias\/fios-e-cabos-soltos-ocorrem-em-diversos-pontos-de-adamantina-prefeitura-e-empresas-se-manifestam\/\"},\"author\":{\"name\":\"ritanery\",\"@id\":\"https:\/\/radiolifefm.com.br\/noticias\/#\/schema\/person\/6339b9fac59d12b071dec680d7375d87\"},\"headline\":\"Fios e cabos soltos ocorrem em diversos pontos de Adamantina; Prefeitura e empresas se manifestam\",\"datePublished\":\"2022-09-22T00:24:40+00:00\",\"dateModified\":\"2026-03-05T15:13:09+00:00\",\"mainEntityOfPage\":{\"@id\":\"https:\/\/radiolifefm.com.br\/noticias\/fios-e-cabos-soltos-ocorrem-em-diversos-pontos-de-adamantina-prefeitura-e-empresas-se-manifestam\/\"},\"wordCount\":2087,\"publisher\":{\"@id\":\"https:\/\/radiolifefm.com.br\/noticias\/#organization\"},\"image\":{\"@id\":\"https:\/\/radiolifefm.com.br\/noticias\/fios-e-cabos-soltos-ocorrem-em-diversos-pontos-de-adamantina-prefeitura-e-empresas-se-manifestam\/#primaryimage\"},\"thumbnailUrl\":\"https:\/\/radiolifefm.com.br\/noticias\/wp-content\/uploads\/2022\/09\/capa-av-francisco-bellusci-em-frente-ao-hospital-veterinario-da-unifai-1jpg1663765311632b0b3f48c9d.jpg\",\"articleSection\":[\"Adamantina\"],\"inLanguage\":\"pt-BR\"},{\"@type\":\"WebPage\",\"@id\":\"https:\/\/radiolifefm.com.br\/noticias\/fios-e-cabos-soltos-ocorrem-em-diversos-pontos-de-adamantina-prefeitura-e-empresas-se-manifestam\/\",\"url\":\"https:\/\/radiolifefm.com.br\/noticias\/fios-e-cabos-soltos-ocorrem-em-diversos-pontos-de-adamantina-prefeitura-e-empresas-se-manifestam\/\",\"name\":\"Fios e cabos soltos ocorrem em diversos pontos de Adamantina; Prefeitura e empresas se manifestam - R\u00e1dio Life FM\",\"isPartOf\":{\"@id\":\"https:\/\/radiolifefm.com.br\/noticias\/#website\"},\"primaryImageOfPage\":{\"@id\":\"https:\/\/radiolifefm.com.br\/noticias\/fios-e-cabos-soltos-ocorrem-em-diversos-pontos-de-adamantina-prefeitura-e-empresas-se-manifestam\/#primaryimage\"},\"image\":{\"@id\":\"https:\/\/radiolifefm.com.br\/noticias\/fios-e-cabos-soltos-ocorrem-em-diversos-pontos-de-adamantina-prefeitura-e-empresas-se-manifestam\/#primaryimage\"},\"thumbnailUrl\":\"https:\/\/radiolifefm.com.br\/noticias\/wp-content\/uploads\/2022\/09\/capa-av-francisco-bellusci-em-frente-ao-hospital-veterinario-da-unifai-1jpg1663765311632b0b3f48c9d.jpg\",\"datePublished\":\"2022-09-22T00:24:40+00:00\",\"dateModified\":\"2026-03-05T15:13:09+00:00\",\"breadcrumb\":{\"@id\":\"https:\/\/radiolifefm.com.br\/noticias\/fios-e-cabos-soltos-ocorrem-em-diversos-pontos-de-adamantina-prefeitura-e-empresas-se-manifestam\/#breadcrumb\"},\"inLanguage\":\"pt-BR\",\"potentialAction\":[{\"@type\":\"ReadAction\",\"target\":[\"https:\/\/radiolifefm.com.br\/noticias\/fios-e-cabos-soltos-ocorrem-em-diversos-pontos-de-adamantina-prefeitura-e-empresas-se-manifestam\/\"]}]},{\"@type\":\"ImageObject\",\"inLanguage\":\"pt-BR\",\"@id\":\"https:\/\/radiolifefm.com.br\/noticias\/fios-e-cabos-soltos-ocorrem-em-diversos-pontos-de-adamantina-prefeitura-e-empresas-se-manifestam\/#primaryimage\",\"url\":\"https:\/\/radiolifefm.com.br\/noticias\/wp-content\/uploads\/2022\/09\/capa-av-francisco-bellusci-em-frente-ao-hospital-veterinario-da-unifai-1jpg1663765311632b0b3f48c9d.jpg\",\"contentUrl\":\"https:\/\/radiolifefm.com.br\/noticias\/wp-content\/uploads\/2022\/09\/capa-av-francisco-bellusci-em-frente-ao-hospital-veterinario-da-unifai-1jpg1663765311632b0b3f48c9d.jpg\",\"width\":600,\"height\":337,\"caption\":\"Fios\/cabos soltos enrolados ao poste na Avenida Francisco Bellusci, em frente ao campus II da UniFAI\"},{\"@type\":\"BreadcrumbList\",\"@id\":\"https:\/\/radiolifefm.com.br\/noticias\/fios-e-cabos-soltos-ocorrem-em-diversos-pontos-de-adamantina-prefeitura-e-empresas-se-manifestam\/#breadcrumb\",\"itemListElement\":[{\"@type\":\"ListItem\",\"position\":1,\"name\":\"In\u00edcio\",\"item\":\"https:\/\/radiolifefm.com.br\/noticias\/\"},{\"@type\":\"ListItem\",\"position\":2,\"name\":\"Fios e cabos soltos ocorrem em diversos pontos de Adamantina; Prefeitura e empresas se manifestam\"}]},{\"@type\":\"WebSite\",\"@id\":\"https:\/\/radiolifefm.com.br\/noticias\/#website\",\"url\":\"https:\/\/radiolifefm.com.br\/noticias\/\",\"name\":\"R\u00e1dio Life FM\",\"description\":\"O Portal de Not\u00edcias de Adamantina\",\"publisher\":{\"@id\":\"https:\/\/radiolifefm.com.br\/noticias\/#organization\"},\"alternateName\":\"Life FM\",\"potentialAction\":[{\"@type\":\"SearchAction\",\"target\":{\"@type\":\"EntryPoint\",\"urlTemplate\":\"https:\/\/radiolifefm.com.br\/noticias\/?s={search_term_string}\"},\"query-input\":{\"@type\":\"PropertyValueSpecification\",\"valueRequired\":true,\"valueName\":\"search_term_string\"}}],\"inLanguage\":\"pt-BR\"},{\"@type\":\"Organization\",\"@id\":\"https:\/\/radiolifefm.com.br\/noticias\/#organization\",\"name\":\"R\u00e1dio Life FM\",\"alternateName\":\"Life FM\",\"url\":\"https:\/\/radiolifefm.com.br\/noticias\/\",\"logo\":{\"@type\":\"ImageObject\",\"inLanguage\":\"pt-BR\",\"@id\":\"https:\/\/radiolifefm.com.br\/noticias\/#\/schema\/logo\/image\/\",\"url\":\"https:\/\/static.radiolifefm.com.br\/noticias\/wp-content\/uploads\/2019\/10\/logo-lifefm.png\",\"contentUrl\":\"https:\/\/static.radiolifefm.com.br\/noticias\/wp-content\/uploads\/2019\/10\/logo-lifefm.png\",\"width\":196,\"height\":47,\"caption\":\"R\u00e1dio Life FM\"},\"image\":{\"@id\":\"https:\/\/radiolifefm.com.br\/noticias\/#\/schema\/logo\/image\/\"},\"sameAs\":[\"https:\/\/www.facebook.com\/radiolifefm\/\",\"https:\/\/www.instagram.com\/life1079fm\/\"]},{\"@type\":\"Person\",\"@id\":\"https:\/\/radiolifefm.com.br\/noticias\/#\/schema\/person\/6339b9fac59d12b071dec680d7375d87\",\"name\":\"ritanery\",\"image\":{\"@type\":\"ImageObject\",\"inLanguage\":\"pt-BR\",\"@id\":\"https:\/\/secure.gravatar.com\/avatar\/0e37bb19071f47c0b8a23f62a903df117c5a0e75f65a0c2901562f97cd41cf86?s=96&d=mm&r=g\",\"url\":\"https:\/\/secure.gravatar.com\/avatar\/0e37bb19071f47c0b8a23f62a903df117c5a0e75f65a0c2901562f97cd41cf86?s=96&d=mm&r=g\",\"contentUrl\":\"https:\/\/secure.gravatar.com\/avatar\/0e37bb19071f47c0b8a23f62a903df117c5a0e75f65a0c2901562f97cd41cf86?s=96&d=mm&r=g\",\"caption\":\"ritanery\"}}]}<\/script>\n<!-- \/ Yoast SEO plugin. -->","yoast_head_json":{"title":"Fios e cabos soltos ocorrem em diversos pontos de Adamantina; Prefeitura e empresas se manifestam - R\u00e1dio Life FM","robots":{"index":"index","follow":"follow","max-snippet":"max-snippet:-1","max-image-preview":"max-image-preview:large","max-video-preview":"max-video-preview:-1"},"canonical":"https:\/\/radiolifefm.com.br\/noticias\/fios-e-cabos-soltos-ocorrem-em-diversos-pontos-de-adamantina-prefeitura-e-empresas-se-manifestam\/","og_locale":"pt_BR","og_type":"article","og_title":"Fios e cabos soltos ocorrem em diversos pontos de Adamantina; Prefeitura e empresas se manifestam - R\u00e1dio Life FM","og_description":"A exist\u00eancia de cabos e\/ou fios soltos na via p\u00fablica em Adamanina traz preocupa\u00e7\u00e3o aos moradores e d\u00favidas quanto aos procedimentos de manuten\u00e7\u00e3o e reparos, por parte das empresa que atuam no fornecimento de energia el\u00e9trica, telefonia ou dados, como tamb\u00e9m acerca da fiscaliza\u00e7\u00e3o pela Prefeitura local. O olhar sobre a realidade desse tema, na [&hellip;]","og_url":"https:\/\/radiolifefm.com.br\/noticias\/fios-e-cabos-soltos-ocorrem-em-diversos-pontos-de-adamantina-prefeitura-e-empresas-se-manifestam\/","og_site_name":"R\u00e1dio Life FM","article_publisher":"https:\/\/www.facebook.com\/radiolifefm\/","article_published_time":"2022-09-22T00:24:40+00:00","article_modified_time":"2026-03-05T15:13:09+00:00","og_image":[{"width":600,"height":337,"url":"https:\/\/radiolifefm.com.br\/noticias\/wp-content\/uploads\/2022\/09\/capa-av-francisco-bellusci-em-frente-ao-hospital-veterinario-da-unifai-1jpg1663765311632b0b3f48c9d.jpg","type":"image\/jpeg"}],"author":"ritanery","twitter_card":"summary_large_image","twitter_misc":{"Escrito por":"ritanery","Est. tempo de leitura":"14 minutos"},"schema":{"@context":"https:\/\/schema.org","@graph":[{"@type":"Article","@id":"https:\/\/radiolifefm.com.br\/noticias\/fios-e-cabos-soltos-ocorrem-em-diversos-pontos-de-adamantina-prefeitura-e-empresas-se-manifestam\/#article","isPartOf":{"@id":"https:\/\/radiolifefm.com.br\/noticias\/fios-e-cabos-soltos-ocorrem-em-diversos-pontos-de-adamantina-prefeitura-e-empresas-se-manifestam\/"},"author":{"name":"ritanery","@id":"https:\/\/radiolifefm.com.br\/noticias\/#\/schema\/person\/6339b9fac59d12b071dec680d7375d87"},"headline":"Fios e cabos soltos ocorrem em diversos pontos de Adamantina; Prefeitura e empresas se manifestam","datePublished":"2022-09-22T00:24:40+00:00","dateModified":"2026-03-05T15:13:09+00:00","mainEntityOfPage":{"@id":"https:\/\/radiolifefm.com.br\/noticias\/fios-e-cabos-soltos-ocorrem-em-diversos-pontos-de-adamantina-prefeitura-e-empresas-se-manifestam\/"},"wordCount":2087,"publisher":{"@id":"https:\/\/radiolifefm.com.br\/noticias\/#organization"},"image":{"@id":"https:\/\/radiolifefm.com.br\/noticias\/fios-e-cabos-soltos-ocorrem-em-diversos-pontos-de-adamantina-prefeitura-e-empresas-se-manifestam\/#primaryimage"},"thumbnailUrl":"https:\/\/radiolifefm.com.br\/noticias\/wp-content\/uploads\/2022\/09\/capa-av-francisco-bellusci-em-frente-ao-hospital-veterinario-da-unifai-1jpg1663765311632b0b3f48c9d.jpg","articleSection":["Adamantina"],"inLanguage":"pt-BR"},{"@type":"WebPage","@id":"https:\/\/radiolifefm.com.br\/noticias\/fios-e-cabos-soltos-ocorrem-em-diversos-pontos-de-adamantina-prefeitura-e-empresas-se-manifestam\/","url":"https:\/\/radiolifefm.com.br\/noticias\/fios-e-cabos-soltos-ocorrem-em-diversos-pontos-de-adamantina-prefeitura-e-empresas-se-manifestam\/","name":"Fios e cabos soltos ocorrem em diversos pontos de Adamantina; Prefeitura e empresas se manifestam - R\u00e1dio Life FM","isPartOf":{"@id":"https:\/\/radiolifefm.com.br\/noticias\/#website"},"primaryImageOfPage":{"@id":"https:\/\/radiolifefm.com.br\/noticias\/fios-e-cabos-soltos-ocorrem-em-diversos-pontos-de-adamantina-prefeitura-e-empresas-se-manifestam\/#primaryimage"},"image":{"@id":"https:\/\/radiolifefm.com.br\/noticias\/fios-e-cabos-soltos-ocorrem-em-diversos-pontos-de-adamantina-prefeitura-e-empresas-se-manifestam\/#primaryimage"},"thumbnailUrl":"https:\/\/radiolifefm.com.br\/noticias\/wp-content\/uploads\/2022\/09\/capa-av-francisco-bellusci-em-frente-ao-hospital-veterinario-da-unifai-1jpg1663765311632b0b3f48c9d.jpg","datePublished":"2022-09-22T00:24:40+00:00","dateModified":"2026-03-05T15:13:09+00:00","breadcrumb":{"@id":"https:\/\/radiolifefm.com.br\/noticias\/fios-e-cabos-soltos-ocorrem-em-diversos-pontos-de-adamantina-prefeitura-e-empresas-se-manifestam\/#breadcrumb"},"inLanguage":"pt-BR","potentialAction":[{"@type":"ReadAction","target":["https:\/\/radiolifefm.com.br\/noticias\/fios-e-cabos-soltos-ocorrem-em-diversos-pontos-de-adamantina-prefeitura-e-empresas-se-manifestam\/"]}]},{"@type":"ImageObject","inLanguage":"pt-BR","@id":"https:\/\/radiolifefm.com.br\/noticias\/fios-e-cabos-soltos-ocorrem-em-diversos-pontos-de-adamantina-prefeitura-e-empresas-se-manifestam\/#primaryimage","url":"https:\/\/radiolifefm.com.br\/noticias\/wp-content\/uploads\/2022\/09\/capa-av-francisco-bellusci-em-frente-ao-hospital-veterinario-da-unifai-1jpg1663765311632b0b3f48c9d.jpg","contentUrl":"https:\/\/radiolifefm.com.br\/noticias\/wp-content\/uploads\/2022\/09\/capa-av-francisco-bellusci-em-frente-ao-hospital-veterinario-da-unifai-1jpg1663765311632b0b3f48c9d.jpg","width":600,"height":337,"caption":"Fios\/cabos soltos enrolados ao poste na Avenida Francisco Bellusci, em frente ao campus II da UniFAI"},{"@type":"BreadcrumbList","@id":"https:\/\/radiolifefm.com.br\/noticias\/fios-e-cabos-soltos-ocorrem-em-diversos-pontos-de-adamantina-prefeitura-e-empresas-se-manifestam\/#breadcrumb","itemListElement":[{"@type":"ListItem","position":1,"name":"In\u00edcio","item":"https:\/\/radiolifefm.com.br\/noticias\/"},{"@type":"ListItem","position":2,"name":"Fios e cabos soltos ocorrem em diversos pontos de Adamantina; Prefeitura e empresas se manifestam"}]},{"@type":"WebSite","@id":"https:\/\/radiolifefm.com.br\/noticias\/#website","url":"https:\/\/radiolifefm.com.br\/noticias\/","name":"R\u00e1dio Life FM","description":"O Portal de Not\u00edcias de Adamantina","publisher":{"@id":"https:\/\/radiolifefm.com.br\/noticias\/#organization"},"alternateName":"Life FM","potentialAction":[{"@type":"SearchAction","target":{"@type":"EntryPoint","urlTemplate":"https:\/\/radiolifefm.com.br\/noticias\/?s={search_term_string}"},"query-input":{"@type":"PropertyValueSpecification","valueRequired":true,"valueName":"search_term_string"}}],"inLanguage":"pt-BR"},{"@type":"Organization","@id":"https:\/\/radiolifefm.com.br\/noticias\/#organization","name":"R\u00e1dio Life FM","alternateName":"Life FM","url":"https:\/\/radiolifefm.com.br\/noticias\/","logo":{"@type":"ImageObject","inLanguage":"pt-BR","@id":"https:\/\/radiolifefm.com.br\/noticias\/#\/schema\/logo\/image\/","url":"https:\/\/static.radiolifefm.com.br\/noticias\/wp-content\/uploads\/2019\/10\/logo-lifefm.png","contentUrl":"https:\/\/static.radiolifefm.com.br\/noticias\/wp-content\/uploads\/2019\/10\/logo-lifefm.png","width":196,"height":47,"caption":"R\u00e1dio Life FM"},"image":{"@id":"https:\/\/radiolifefm.com.br\/noticias\/#\/schema\/logo\/image\/"},"sameAs":["https:\/\/www.facebook.com\/radiolifefm\/","https:\/\/www.instagram.com\/life1079fm\/"]},{"@type":"Person","@id":"https:\/\/radiolifefm.com.br\/noticias\/#\/schema\/person\/6339b9fac59d12b071dec680d7375d87","name":"ritanery","image":{"@type":"ImageObject","inLanguage":"pt-BR","@id":"https:\/\/secure.gravatar.com\/avatar\/0e37bb19071f47c0b8a23f62a903df117c5a0e75f65a0c2901562f97cd41cf86?s=96&d=mm&r=g","url":"https:\/\/secure.gravatar.com\/avatar\/0e37bb19071f47c0b8a23f62a903df117c5a0e75f65a0c2901562f97cd41cf86?s=96&d=mm&r=g","contentUrl":"https:\/\/secure.gravatar.com\/avatar\/0e37bb19071f47c0b8a23f62a903df117c5a0e75f65a0c2901562f97cd41cf86?s=96&d=mm&r=g","caption":"ritanery"}}]}},"amp_enabled":true,"_links":{"self":[{"href":"https:\/\/radiolifefm.com.br\/noticias\/wp-json\/wp\/v2\/posts\/58394","targetHints":{"allow":["GET"]}}],"collection":[{"href":"https:\/\/radiolifefm.com.br\/noticias\/wp-json\/wp\/v2\/posts"}],"about":[{"href":"https:\/\/radiolifefm.com.br\/noticias\/wp-json\/wp\/v2\/types\/post"}],"author":[{"embeddable":true,"href":"https:\/\/radiolifefm.com.br\/noticias\/wp-json\/wp\/v2\/users\/13"}],"replies":[{"embeddable":true,"href":"https:\/\/radiolifefm.com.br\/noticias\/wp-json\/wp\/v2\/comments?post=58394"}],"version-history":[{"count":2,"href":"https:\/\/radiolifefm.com.br\/noticias\/wp-json\/wp\/v2\/posts\/58394\/revisions"}],"predecessor-version":[{"id":58398,"href":"https:\/\/radiolifefm.com.br\/noticias\/wp-json\/wp\/v2\/posts\/58394\/revisions\/58398"}],"wp:featuredmedia":[{"embeddable":true,"href":"https:\/\/radiolifefm.com.br\/noticias\/wp-json\/wp\/v2\/media\/58396"}],"wp:attachment":[{"href":"https:\/\/radiolifefm.com.br\/noticias\/wp-json\/wp\/v2\/media?parent=58394"}],"wp:term":[{"taxonomy":"category","embeddable":true,"href":"https:\/\/radiolifefm.com.br\/noticias\/wp-json\/wp\/v2\/categories?post=58394"},{"taxonomy":"post_tag","embeddable":true,"href":"https:\/\/radiolifefm.com.br\/noticias\/wp-json\/wp\/v2\/tags?post=58394"}],"curies":[{"name":"wp","href":"https:\/\/api.w.org\/{rel}","templated":true}]}}