{"id":58376,"date":"2022-09-21T20:58:39","date_gmt":"2022-09-21T23:58:39","guid":{"rendered":"https:\/\/radiolifefm.com.br\/noticias\/?p=58376"},"modified":"2026-03-26T12:39:22","modified_gmt":"2026-03-26T15:39:22","slug":"jardim-paulista-recebe-meu-bairro-em-acao-no-sabado-24","status":"publish","type":"post","link":"https:\/\/radiolifefm.com.br\/noticias\/jardim-paulista-recebe-meu-bairro-em-acao-no-sabado-24\/","title":{"rendered":"Jardim Paulista recebe Meu Bairro em A\u00e7\u00e3o no s\u00e1bado (24)"},"content":{"rendered":"<div id=\"fb-root\"><\/div>\n<p>O Projeto Meu Bairro em A\u00e7\u00e3o continua percorrendo diferentes pontos de Adamantina levando diversas atividades. Agora, chegou a vez do Jardim Paulista receber a iniciativa da Prefeitura de Adamantina.<\/p>\n<p>A programa\u00e7\u00e3o acontece s\u00e1bado, 24 de setembro, a partir das 9h na quadra do Projeto Asa que fica em frente ao centro comunit\u00e1rio do bairro<\/p>\n<p style=\"font-weight: 400\">A regi\u00e3o integra o setor laranja que contempla al\u00e9m do Jardim Paulista, os\u00a0bairros\u00a0Jardim Santa In\u00eas, Vila F\u00e1tima, Vila Sakai, Vila Nilza, Parque Igua\u00e7u, Jardim Ipiranga, Jardim Am\u00e9rica, Residencial Jaragu\u00e1, Residencial Adelaide, Residencial Campo Verde, Residencial Boa Vista, Residencial Millenium, Jardim Dalphalo, Conjunto Palmeiras, Vila Endo, Parque Cecap e Jardim Europa.<\/p>\n<p style=\"font-weight: 400\">\nEntre as atividades que ser\u00e3o realizadas no Centro Comunit\u00e1rio do Jardim Paulista est\u00e3o: jogos de futebol e de basquete, brinquedos infl\u00e1veis para as crian\u00e7as, jogos de t\u00eanis de mesa e futebol de bot\u00e3o, al\u00e9m do \u00f4nibus Roda Cultura.<\/p>\n<p>O Projeto\u00a0Meu\u00a0Bairro\u00a0em\u00a0A\u00e7\u00e3o\u00a0\u00e9 uma parceria entre as secretarias de Cultura e Turismo; Esportes, Lazer e Recrea\u00e7\u00e3o; Assist\u00eancia Social; Fundo Social de Solidariedade.<\/p>\n<p>O setor vermelho ser\u00e1 o pr\u00f3ximo contemplado com a\u00a0a\u00e7\u00e3o\u00a0no dia 29 de outubro no Centro Comunit\u00e1rio do Jardim Oiti\/Tipuanas para os moradores da Vila Cicma, Vila Olivero, Jardim San Fernando, Residencial Novo Horizonte, Jardim Avia\u00e7\u00e3o, Jardim Aeroporto, Residencial Gran Village, Residencial Santa Monica, Parque Para\u00edso, Jardim Tipuanas, Conjunto Oiti, Residencial Morumbi e Residencial San Jos\u00e9.<\/p>\n<p style=\"font-weight: 400\">O Projeto Meu Bairro em A\u00e7\u00e3o j\u00e1 foi realizado no Jardim Brasil, Parque do Sol, Jardim Adamantina e Conjunto Habitacional M\u00e1rio Covas e no Centro Comunit\u00e1rio do Jardim Bela Vista.<\/p>\n<p>&nbsp;<\/p>\n<p>Fonte: Assessoria de Imprensa<\/p>\n","protected":false},"excerpt":{"rendered":"<p>O Projeto Meu Bairro em A\u00e7\u00e3o continua percorrendo diferentes pontos de Adamantina levando diversas atividades. Agora, chegou a vez do Jardim Paulista receber a iniciativa da Prefeitura de Adamantina. A programa\u00e7\u00e3o acontece s\u00e1bado, 24 de setembro, a partir das 9h na quadra do Projeto Asa que fica em frente ao centro comunit\u00e1rio do bairro A [&hellip;]<\/p>\n","protected":false},"author":13,"featured_media":58377,"comment_status":"closed","ping_status":"open","sticky":false,"template":"","format":"standard","meta":{"_acf_changed":false,"_exactmetrics_skip_tracking":false,"_exactmetrics_sitenote_active":false,"_exactmetrics_sitenote_note":"","_exactmetrics_sitenote_category":0,"footnotes":""},"categories":[21],"tags":[],"class_list":["post-58376","post","type-post","status-publish","format-standard","has-post-thumbnail","hentry","category-adamantina"],"acf":[],"yoast_head":"<!-- This site is optimized with the Yoast SEO plugin v27.2 - https:\/\/yoast.com\/product\/yoast-seo-wordpress\/ -->\n<title>Jardim Paulista recebe Meu Bairro em A\u00e7\u00e3o no s\u00e1bado (24) - R\u00e1dio Life FM<\/title>\n<meta name=\"robots\" content=\"index, follow, max-snippet:-1, max-image-preview:large, max-video-preview:-1\" \/>\n<link rel=\"canonical\" href=\"https:\/\/radiolifefm.com.br\/noticias\/jardim-paulista-recebe-meu-bairro-em-acao-no-sabado-24\/\" \/>\n<meta property=\"og:locale\" content=\"pt_BR\" \/>\n<meta property=\"og:type\" content=\"article\" \/>\n<meta property=\"og:title\" content=\"Jardim Paulista recebe Meu Bairro em A\u00e7\u00e3o no s\u00e1bado (24) - R\u00e1dio Life FM\" \/>\n<meta property=\"og:description\" content=\"O Projeto Meu Bairro em A\u00e7\u00e3o continua percorrendo diferentes pontos de Adamantina levando diversas atividades. Agora, chegou a vez do Jardim Paulista receber a iniciativa da Prefeitura de Adamantina. A programa\u00e7\u00e3o acontece s\u00e1bado, 24 de setembro, a partir das 9h na quadra do Projeto Asa que fica em frente ao centro comunit\u00e1rio do bairro A [&hellip;]\" \/>\n<meta property=\"og:url\" content=\"https:\/\/radiolifefm.com.br\/noticias\/jardim-paulista-recebe-meu-bairro-em-acao-no-sabado-24\/\" \/>\n<meta property=\"og:site_name\" content=\"R\u00e1dio Life FM\" \/>\n<meta property=\"article:publisher\" content=\"https:\/\/www.facebook.com\/radiolifefm\/\" \/>\n<meta property=\"article:published_time\" content=\"2022-09-21T23:58:39+00:00\" \/>\n<meta property=\"article:modified_time\" content=\"2026-03-26T15:39:22+00:00\" \/>\n<meta property=\"og:image\" content=\"https:\/\/radiolifefm.com.br\/noticias\/wp-content\/uploads\/2022\/09\/meu-bairro.jpg\" \/>\n\t<meta property=\"og:image:width\" content=\"848\" \/>\n\t<meta property=\"og:image:height\" content=\"364\" \/>\n\t<meta property=\"og:image:type\" content=\"image\/jpeg\" \/>\n<meta name=\"author\" content=\"ritanery\" \/>\n<meta name=\"twitter:card\" content=\"summary_large_image\" \/>\n<meta name=\"twitter:label1\" content=\"Escrito por\" \/>\n\t<meta name=\"twitter:data1\" content=\"ritanery\" \/>\n\t<meta name=\"twitter:label2\" content=\"Est. tempo de leitura\" \/>\n\t<meta name=\"twitter:data2\" content=\"1 minuto\" \/>\n<script type=\"application\/ld+json\" class=\"yoast-schema-graph\">{\"@context\":\"https:\/\/schema.org\",\"@graph\":[{\"@type\":\"Article\",\"@id\":\"https:\/\/radiolifefm.com.br\/noticias\/jardim-paulista-recebe-meu-bairro-em-acao-no-sabado-24\/#article\",\"isPartOf\":{\"@id\":\"https:\/\/radiolifefm.com.br\/noticias\/jardim-paulista-recebe-meu-bairro-em-acao-no-sabado-24\/\"},\"author\":{\"name\":\"ritanery\",\"@id\":\"https:\/\/radiolifefm.com.br\/noticias\/#\/schema\/person\/6339b9fac59d12b071dec680d7375d87\"},\"headline\":\"Jardim Paulista recebe Meu Bairro em A\u00e7\u00e3o no s\u00e1bado (24)\",\"datePublished\":\"2022-09-21T23:58:39+00:00\",\"dateModified\":\"2026-03-26T15:39:22+00:00\",\"mainEntityOfPage\":{\"@id\":\"https:\/\/radiolifefm.com.br\/noticias\/jardim-paulista-recebe-meu-bairro-em-acao-no-sabado-24\/\"},\"wordCount\":300,\"publisher\":{\"@id\":\"https:\/\/radiolifefm.com.br\/noticias\/#organization\"},\"image\":{\"@id\":\"https:\/\/radiolifefm.com.br\/noticias\/jardim-paulista-recebe-meu-bairro-em-acao-no-sabado-24\/#primaryimage\"},\"thumbnailUrl\":\"https:\/\/radiolifefm.com.br\/noticias\/wp-content\/uploads\/2022\/09\/meu-bairro.jpg\",\"articleSection\":[\"Adamantina\"],\"inLanguage\":\"pt-BR\"},{\"@type\":\"WebPage\",\"@id\":\"https:\/\/radiolifefm.com.br\/noticias\/jardim-paulista-recebe-meu-bairro-em-acao-no-sabado-24\/\",\"url\":\"https:\/\/radiolifefm.com.br\/noticias\/jardim-paulista-recebe-meu-bairro-em-acao-no-sabado-24\/\",\"name\":\"Jardim Paulista recebe Meu Bairro em A\u00e7\u00e3o no s\u00e1bado (24) - R\u00e1dio Life FM\",\"isPartOf\":{\"@id\":\"https:\/\/radiolifefm.com.br\/noticias\/#website\"},\"primaryImageOfPage\":{\"@id\":\"https:\/\/radiolifefm.com.br\/noticias\/jardim-paulista-recebe-meu-bairro-em-acao-no-sabado-24\/#primaryimage\"},\"image\":{\"@id\":\"https:\/\/radiolifefm.com.br\/noticias\/jardim-paulista-recebe-meu-bairro-em-acao-no-sabado-24\/#primaryimage\"},\"thumbnailUrl\":\"https:\/\/radiolifefm.com.br\/noticias\/wp-content\/uploads\/2022\/09\/meu-bairro.jpg\",\"datePublished\":\"2022-09-21T23:58:39+00:00\",\"dateModified\":\"2026-03-26T15:39:22+00:00\",\"breadcrumb\":{\"@id\":\"https:\/\/radiolifefm.com.br\/noticias\/jardim-paulista-recebe-meu-bairro-em-acao-no-sabado-24\/#breadcrumb\"},\"inLanguage\":\"pt-BR\",\"potentialAction\":[{\"@type\":\"ReadAction\",\"target\":[\"https:\/\/radiolifefm.com.br\/noticias\/jardim-paulista-recebe-meu-bairro-em-acao-no-sabado-24\/\"]}]},{\"@type\":\"ImageObject\",\"inLanguage\":\"pt-BR\",\"@id\":\"https:\/\/radiolifefm.com.br\/noticias\/jardim-paulista-recebe-meu-bairro-em-acao-no-sabado-24\/#primaryimage\",\"url\":\"https:\/\/radiolifefm.com.br\/noticias\/wp-content\/uploads\/2022\/09\/meu-bairro.jpg\",\"contentUrl\":\"https:\/\/radiolifefm.com.br\/noticias\/wp-content\/uploads\/2022\/09\/meu-bairro.jpg\",\"width\":848,\"height\":364},{\"@type\":\"BreadcrumbList\",\"@id\":\"https:\/\/radiolifefm.com.br\/noticias\/jardim-paulista-recebe-meu-bairro-em-acao-no-sabado-24\/#breadcrumb\",\"itemListElement\":[{\"@type\":\"ListItem\",\"position\":1,\"name\":\"In\u00edcio\",\"item\":\"https:\/\/radiolifefm.com.br\/noticias\/\"},{\"@type\":\"ListItem\",\"position\":2,\"name\":\"Jardim Paulista recebe Meu Bairro em A\u00e7\u00e3o no s\u00e1bado (24)\"}]},{\"@type\":\"WebSite\",\"@id\":\"https:\/\/radiolifefm.com.br\/noticias\/#website\",\"url\":\"https:\/\/radiolifefm.com.br\/noticias\/\",\"name\":\"R\u00e1dio Life FM\",\"description\":\"O Portal de Not\u00edcias de Adamantina\",\"publisher\":{\"@id\":\"https:\/\/radiolifefm.com.br\/noticias\/#organization\"},\"alternateName\":\"Life FM\",\"potentialAction\":[{\"@type\":\"SearchAction\",\"target\":{\"@type\":\"EntryPoint\",\"urlTemplate\":\"https:\/\/radiolifefm.com.br\/noticias\/?s={search_term_string}\"},\"query-input\":{\"@type\":\"PropertyValueSpecification\",\"valueRequired\":true,\"valueName\":\"search_term_string\"}}],\"inLanguage\":\"pt-BR\"},{\"@type\":\"Organization\",\"@id\":\"https:\/\/radiolifefm.com.br\/noticias\/#organization\",\"name\":\"R\u00e1dio Life FM\",\"alternateName\":\"Life FM\",\"url\":\"https:\/\/radiolifefm.com.br\/noticias\/\",\"logo\":{\"@type\":\"ImageObject\",\"inLanguage\":\"pt-BR\",\"@id\":\"https:\/\/radiolifefm.com.br\/noticias\/#\/schema\/logo\/image\/\",\"url\":\"https:\/\/static.radiolifefm.com.br\/noticias\/wp-content\/uploads\/2019\/10\/logo-lifefm.png\",\"contentUrl\":\"https:\/\/static.radiolifefm.com.br\/noticias\/wp-content\/uploads\/2019\/10\/logo-lifefm.png\",\"width\":196,\"height\":47,\"caption\":\"R\u00e1dio Life FM\"},\"image\":{\"@id\":\"https:\/\/radiolifefm.com.br\/noticias\/#\/schema\/logo\/image\/\"},\"sameAs\":[\"https:\/\/www.facebook.com\/radiolifefm\/\",\"https:\/\/www.instagram.com\/life1079fm\/\"]},{\"@type\":\"Person\",\"@id\":\"https:\/\/radiolifefm.com.br\/noticias\/#\/schema\/person\/6339b9fac59d12b071dec680d7375d87\",\"name\":\"ritanery\",\"image\":{\"@type\":\"ImageObject\",\"inLanguage\":\"pt-BR\",\"@id\":\"https:\/\/secure.gravatar.com\/avatar\/0e37bb19071f47c0b8a23f62a903df117c5a0e75f65a0c2901562f97cd41cf86?s=96&d=mm&r=g\",\"url\":\"https:\/\/secure.gravatar.com\/avatar\/0e37bb19071f47c0b8a23f62a903df117c5a0e75f65a0c2901562f97cd41cf86?s=96&d=mm&r=g\",\"contentUrl\":\"https:\/\/secure.gravatar.com\/avatar\/0e37bb19071f47c0b8a23f62a903df117c5a0e75f65a0c2901562f97cd41cf86?s=96&d=mm&r=g\",\"caption\":\"ritanery\"}}]}<\/script>\n<!-- \/ Yoast SEO plugin. -->","yoast_head_json":{"title":"Jardim Paulista recebe Meu Bairro em A\u00e7\u00e3o no s\u00e1bado (24) - R\u00e1dio Life FM","robots":{"index":"index","follow":"follow","max-snippet":"max-snippet:-1","max-image-preview":"max-image-preview:large","max-video-preview":"max-video-preview:-1"},"canonical":"https:\/\/radiolifefm.com.br\/noticias\/jardim-paulista-recebe-meu-bairro-em-acao-no-sabado-24\/","og_locale":"pt_BR","og_type":"article","og_title":"Jardim Paulista recebe Meu Bairro em A\u00e7\u00e3o no s\u00e1bado (24) - R\u00e1dio Life FM","og_description":"O Projeto Meu Bairro em A\u00e7\u00e3o continua percorrendo diferentes pontos de Adamantina levando diversas atividades. Agora, chegou a vez do Jardim Paulista receber a iniciativa da Prefeitura de Adamantina. A programa\u00e7\u00e3o acontece s\u00e1bado, 24 de setembro, a partir das 9h na quadra do Projeto Asa que fica em frente ao centro comunit\u00e1rio do bairro A [&hellip;]","og_url":"https:\/\/radiolifefm.com.br\/noticias\/jardim-paulista-recebe-meu-bairro-em-acao-no-sabado-24\/","og_site_name":"R\u00e1dio Life FM","article_publisher":"https:\/\/www.facebook.com\/radiolifefm\/","article_published_time":"2022-09-21T23:58:39+00:00","article_modified_time":"2026-03-26T15:39:22+00:00","og_image":[{"width":848,"height":364,"url":"https:\/\/radiolifefm.com.br\/noticias\/wp-content\/uploads\/2022\/09\/meu-bairro.jpg","type":"image\/jpeg"}],"author":"ritanery","twitter_card":"summary_large_image","twitter_misc":{"Escrito por":"ritanery","Est. tempo de leitura":"1 minuto"},"schema":{"@context":"https:\/\/schema.org","@graph":[{"@type":"Article","@id":"https:\/\/radiolifefm.com.br\/noticias\/jardim-paulista-recebe-meu-bairro-em-acao-no-sabado-24\/#article","isPartOf":{"@id":"https:\/\/radiolifefm.com.br\/noticias\/jardim-paulista-recebe-meu-bairro-em-acao-no-sabado-24\/"},"author":{"name":"ritanery","@id":"https:\/\/radiolifefm.com.br\/noticias\/#\/schema\/person\/6339b9fac59d12b071dec680d7375d87"},"headline":"Jardim Paulista recebe Meu Bairro em A\u00e7\u00e3o no s\u00e1bado (24)","datePublished":"2022-09-21T23:58:39+00:00","dateModified":"2026-03-26T15:39:22+00:00","mainEntityOfPage":{"@id":"https:\/\/radiolifefm.com.br\/noticias\/jardim-paulista-recebe-meu-bairro-em-acao-no-sabado-24\/"},"wordCount":300,"publisher":{"@id":"https:\/\/radiolifefm.com.br\/noticias\/#organization"},"image":{"@id":"https:\/\/radiolifefm.com.br\/noticias\/jardim-paulista-recebe-meu-bairro-em-acao-no-sabado-24\/#primaryimage"},"thumbnailUrl":"https:\/\/radiolifefm.com.br\/noticias\/wp-content\/uploads\/2022\/09\/meu-bairro.jpg","articleSection":["Adamantina"],"inLanguage":"pt-BR"},{"@type":"WebPage","@id":"https:\/\/radiolifefm.com.br\/noticias\/jardim-paulista-recebe-meu-bairro-em-acao-no-sabado-24\/","url":"https:\/\/radiolifefm.com.br\/noticias\/jardim-paulista-recebe-meu-bairro-em-acao-no-sabado-24\/","name":"Jardim Paulista recebe Meu Bairro em A\u00e7\u00e3o no s\u00e1bado (24) - R\u00e1dio Life FM","isPartOf":{"@id":"https:\/\/radiolifefm.com.br\/noticias\/#website"},"primaryImageOfPage":{"@id":"https:\/\/radiolifefm.com.br\/noticias\/jardim-paulista-recebe-meu-bairro-em-acao-no-sabado-24\/#primaryimage"},"image":{"@id":"https:\/\/radiolifefm.com.br\/noticias\/jardim-paulista-recebe-meu-bairro-em-acao-no-sabado-24\/#primaryimage"},"thumbnailUrl":"https:\/\/radiolifefm.com.br\/noticias\/wp-content\/uploads\/2022\/09\/meu-bairro.jpg","datePublished":"2022-09-21T23:58:39+00:00","dateModified":"2026-03-26T15:39:22+00:00","breadcrumb":{"@id":"https:\/\/radiolifefm.com.br\/noticias\/jardim-paulista-recebe-meu-bairro-em-acao-no-sabado-24\/#breadcrumb"},"inLanguage":"pt-BR","potentialAction":[{"@type":"ReadAction","target":["https:\/\/radiolifefm.com.br\/noticias\/jardim-paulista-recebe-meu-bairro-em-acao-no-sabado-24\/"]}]},{"@type":"ImageObject","inLanguage":"pt-BR","@id":"https:\/\/radiolifefm.com.br\/noticias\/jardim-paulista-recebe-meu-bairro-em-acao-no-sabado-24\/#primaryimage","url":"https:\/\/radiolifefm.com.br\/noticias\/wp-content\/uploads\/2022\/09\/meu-bairro.jpg","contentUrl":"https:\/\/radiolifefm.com.br\/noticias\/wp-content\/uploads\/2022\/09\/meu-bairro.jpg","width":848,"height":364},{"@type":"BreadcrumbList","@id":"https:\/\/radiolifefm.com.br\/noticias\/jardim-paulista-recebe-meu-bairro-em-acao-no-sabado-24\/#breadcrumb","itemListElement":[{"@type":"ListItem","position":1,"name":"In\u00edcio","item":"https:\/\/radiolifefm.com.br\/noticias\/"},{"@type":"ListItem","position":2,"name":"Jardim Paulista recebe Meu Bairro em A\u00e7\u00e3o no s\u00e1bado (24)"}]},{"@type":"WebSite","@id":"https:\/\/radiolifefm.com.br\/noticias\/#website","url":"https:\/\/radiolifefm.com.br\/noticias\/","name":"R\u00e1dio Life FM","description":"O Portal de Not\u00edcias de Adamantina","publisher":{"@id":"https:\/\/radiolifefm.com.br\/noticias\/#organization"},"alternateName":"Life FM","potentialAction":[{"@type":"SearchAction","target":{"@type":"EntryPoint","urlTemplate":"https:\/\/radiolifefm.com.br\/noticias\/?s={search_term_string}"},"query-input":{"@type":"PropertyValueSpecification","valueRequired":true,"valueName":"search_term_string"}}],"inLanguage":"pt-BR"},{"@type":"Organization","@id":"https:\/\/radiolifefm.com.br\/noticias\/#organization","name":"R\u00e1dio Life FM","alternateName":"Life FM","url":"https:\/\/radiolifefm.com.br\/noticias\/","logo":{"@type":"ImageObject","inLanguage":"pt-BR","@id":"https:\/\/radiolifefm.com.br\/noticias\/#\/schema\/logo\/image\/","url":"https:\/\/static.radiolifefm.com.br\/noticias\/wp-content\/uploads\/2019\/10\/logo-lifefm.png","contentUrl":"https:\/\/static.radiolifefm.com.br\/noticias\/wp-content\/uploads\/2019\/10\/logo-lifefm.png","width":196,"height":47,"caption":"R\u00e1dio Life FM"},"image":{"@id":"https:\/\/radiolifefm.com.br\/noticias\/#\/schema\/logo\/image\/"},"sameAs":["https:\/\/www.facebook.com\/radiolifefm\/","https:\/\/www.instagram.com\/life1079fm\/"]},{"@type":"Person","@id":"https:\/\/radiolifefm.com.br\/noticias\/#\/schema\/person\/6339b9fac59d12b071dec680d7375d87","name":"ritanery","image":{"@type":"ImageObject","inLanguage":"pt-BR","@id":"https:\/\/secure.gravatar.com\/avatar\/0e37bb19071f47c0b8a23f62a903df117c5a0e75f65a0c2901562f97cd41cf86?s=96&d=mm&r=g","url":"https:\/\/secure.gravatar.com\/avatar\/0e37bb19071f47c0b8a23f62a903df117c5a0e75f65a0c2901562f97cd41cf86?s=96&d=mm&r=g","contentUrl":"https:\/\/secure.gravatar.com\/avatar\/0e37bb19071f47c0b8a23f62a903df117c5a0e75f65a0c2901562f97cd41cf86?s=96&d=mm&r=g","caption":"ritanery"}}]}},"amp_enabled":true,"_links":{"self":[{"href":"https:\/\/radiolifefm.com.br\/noticias\/wp-json\/wp\/v2\/posts\/58376","targetHints":{"allow":["GET"]}}],"collection":[{"href":"https:\/\/radiolifefm.com.br\/noticias\/wp-json\/wp\/v2\/posts"}],"about":[{"href":"https:\/\/radiolifefm.com.br\/noticias\/wp-json\/wp\/v2\/types\/post"}],"author":[{"embeddable":true,"href":"https:\/\/radiolifefm.com.br\/noticias\/wp-json\/wp\/v2\/users\/13"}],"replies":[{"embeddable":true,"href":"https:\/\/radiolifefm.com.br\/noticias\/wp-json\/wp\/v2\/comments?post=58376"}],"version-history":[{"count":6,"href":"https:\/\/radiolifefm.com.br\/noticias\/wp-json\/wp\/v2\/posts\/58376\/revisions"}],"predecessor-version":[{"id":58395,"href":"https:\/\/radiolifefm.com.br\/noticias\/wp-json\/wp\/v2\/posts\/58376\/revisions\/58395"}],"wp:featuredmedia":[{"embeddable":true,"href":"https:\/\/radiolifefm.com.br\/noticias\/wp-json\/wp\/v2\/media\/58377"}],"wp:attachment":[{"href":"https:\/\/radiolifefm.com.br\/noticias\/wp-json\/wp\/v2\/media?parent=58376"}],"wp:term":[{"taxonomy":"category","embeddable":true,"href":"https:\/\/radiolifefm.com.br\/noticias\/wp-json\/wp\/v2\/categories?post=58376"},{"taxonomy":"post_tag","embeddable":true,"href":"https:\/\/radiolifefm.com.br\/noticias\/wp-json\/wp\/v2\/tags?post=58376"}],"curies":[{"name":"wp","href":"https:\/\/api.w.org\/{rel}","templated":true}]}}