{"id":58347,"date":"2022-09-21T07:58:33","date_gmt":"2022-09-21T10:58:33","guid":{"rendered":"https:\/\/radiolifefm.com.br\/noticias\/?p=58347"},"modified":"2026-02-01T18:39:20","modified_gmt":"2026-02-01T21:39:20","slug":"os-rapazes-da-zona-azul-desta-provincia-do-faz-de-conta","status":"publish","type":"post","link":"https:\/\/radiolifefm.com.br\/noticias\/os-rapazes-da-zona-azul-desta-provincia-do-faz-de-conta\/","title":{"rendered":"OS \u201cRAPAZES\u201d DA ZONA AZUL DESTA PROV\u00cdNCIA DO FAZ DE CONTA&#8230;"},"content":{"rendered":"<div id=\"fb-root\"><\/div>\n<p><strong><em>\u00a0\u201cN\u00e3o importa a fun\u00e7\u00e3o, nem sal\u00e1rio, nem a empresa em que trabalha&#8230; Todo emprego \u00e9 digno e todo trabalhador merece conquistar seus maiores sonhos!\u201d (<\/em><\/strong><strong><em><a href=\"https:\/\/www.pensador.com\/autor\/taina_felipe_cerny\/\">Tain\u00e3 Felipe Cerny<\/a>)<\/em><\/strong><\/p>\n<p><strong><em>\u00a0<\/em><\/strong><\/p>\n<p><strong>\u00a0<\/strong><\/p>\n<p><strong>S\u00e9rgio Barbosa (*)<\/strong><\/p>\n<p>&nbsp;<\/p>\n<p><strong>Ao JAIR C., dedico!<\/strong><\/p>\n<p>&nbsp;<\/p>\n<p>Nas ruas provincianas o vai e vem dos ve\u00edculos deixam suas marcas no asfalto, claro, os buracos atrapalham, por\u00e9m, isto e mais aquilo ajuda nas marcas do tempo, quando asfaltar a cidade era uma marca registrada para o poder p\u00fablico local&#8230;<\/p>\n<p>Mas, tudo passa neste mundo diz o dito popular neste novo tempo, mesmo assim, vale a pena registrar o olhar de um garoto perdido numa rua qualquer do centro com seus vales de zona azul e nada mais&#8230;<\/p>\n<p>O jaleco \u00e9 azul, tal como a tal zona azul, gostaria de saber porque azul e n\u00e3o amarela ou at\u00e9 mesmo vermelha, pra mim, n\u00e3o sendo verde serve qualquer outra cor pintada nas sarjetas de uma rua central provinciana&#8230;<\/p>\n<p>A semana demora a passar, depende sempre do movimento di\u00e1rio deste ou daquele local, o que vale \u00e9 a correria para checar se o tal motorista colocou a \u201cfolha azul\u201d ou n\u00e3o, caso contr\u00e1rio pode-se levar uma bronca do supervisor e sua caneta censora para marcar a falta do dia em tempo de crise de movimento punitivo, afinal de contas, aquele motorista n\u00e3o colocou o sinal pelo uso do espa\u00e7o f\u00edsico sinalizado pela cor azul na tal sarjeta.<\/p>\n<p>A roupa \u00e9 a mesma de sempre, apenas o jaleco \u00e9 azul para dar destaque para o motorista desavisado, tamb\u00e9m, a maioria se faz de desatento com o azul, pelo jeito gostam das outras cores, como escrevi acima, n\u00e3o sendo verde, qualquer outra cor resolve o impasse entre as partes envolvidas na discuss\u00e3o local, ou seja, \u201cs\u00f3 vou ficar cinco minutinhos e nada mais\u201d.<\/p>\n<p>Ah! Claro, sempre se pode dar um jeitinho, al\u00e9m do mais, a tal \u201clei da vantagem\u201d \u00e9 o grito da vez para com o \u201cgaroto da zona azul\u201d ou at\u00e9 mesmo, \u201cvoc\u00ea sabe com quem est\u00e1 falando\u201d, cada qual, do seu jeito quer \u00e9 dar a volta por cima sem pagar pela sua vez na tal \u201czona azul\u201d.<\/p>\n<p>Trabalhar \u00e9 preciso para o \u201crapaz da zona azul\u201d, os nomes dos mesmos pouco ajuda nesta hora do \u201cvai uma folha senhor\u201d ou \u201ccoloca a\u00ed que na volta eu pago\u201d, mas tudo complica quando se tem que aplicar a tal lei desta marca\u00e7\u00e3o em azul e ponto quase final para fiscal e motorista.<\/p>\n<p>N\u00e3o se pode deixar de fazer o dever de casa, tamb\u00e9m, o dinheiro arrecado com o pagamento pela utiliza\u00e7\u00e3o da \u2018zona azul\u2019 vai para a institui\u00e7\u00e3o mantenedora do projeto, ainda, em tempo de p\u00f3s-globaliza\u00e7\u00e3o organizacional&#8230;<\/p>\n<p>O \u201crapaz da zona azul\u201d sabe das coisas e tudo mais em meio ao tudo de menos, tamb\u00e9m, est\u00e1 sempre andando de um lado para o outro no espa\u00e7o f\u00edsico pr\u00e9-determinado pela \u201cchefia\u201d de plant\u00e3o&#8230;<\/p>\n<p>Neste trabalho, deve-se considerar que nem tudo ocorre do jeito que deveria ser ou estar, todavia, a \u201cluta\u201d deve ser di\u00e1ria para os \u201crapazes da zona azul\u201d desta ou daquela Prov\u00edncia do faz de conta&#8230;<\/p>\n<p>AVE TRABALHADORES DA ZONA AZUL!<\/p>\n<p><strong><em>____________________________<\/em><\/strong><\/p>\n<p><strong><em>(*) jornalista diplomado e professor universit\u00e1rio.<\/em><\/strong><\/p>\n<p><strong><em>e-mail: <a href=\"mailto:barbosa.sebar@gmail.com\">barbosa.sebar@gmail.com<\/a><\/em><\/strong><\/p>\n<p>&nbsp;<\/p>\n","protected":false},"excerpt":{"rendered":"<p>\u00a0\u201cN\u00e3o importa a fun\u00e7\u00e3o, nem sal\u00e1rio, nem a empresa em que trabalha&#8230; Todo emprego \u00e9 digno e todo trabalhador merece conquistar seus maiores sonhos!\u201d (Tain\u00e3 Felipe Cerny) \u00a0 \u00a0 S\u00e9rgio Barbosa (*) &nbsp; Ao JAIR C., dedico! &nbsp; Nas ruas provincianas o vai e vem dos ve\u00edculos deixam suas marcas no asfalto, claro, os buracos [&hellip;]<\/p>\n","protected":false},"author":13,"featured_media":51988,"comment_status":"closed","ping_status":"open","sticky":false,"template":"","format":"standard","meta":{"_acf_changed":false,"_exactmetrics_skip_tracking":false,"_exactmetrics_sitenote_active":false,"_exactmetrics_sitenote_note":"","_exactmetrics_sitenote_category":0,"footnotes":""},"categories":[59],"tags":[],"class_list":["post-58347","post","type-post","status-publish","format-standard","has-post-thumbnail","hentry","category-opiniao"],"acf":[],"yoast_head":"<!-- This site is optimized with the Yoast SEO plugin v27.2 - https:\/\/yoast.com\/product\/yoast-seo-wordpress\/ -->\n<title>OS \u201cRAPAZES\u201d DA ZONA AZUL DESTA PROV\u00cdNCIA DO FAZ DE CONTA... - R\u00e1dio Life FM<\/title>\n<meta name=\"robots\" content=\"index, follow, max-snippet:-1, max-image-preview:large, max-video-preview:-1\" \/>\n<link rel=\"canonical\" href=\"https:\/\/radiolifefm.com.br\/noticias\/os-rapazes-da-zona-azul-desta-provincia-do-faz-de-conta\/\" \/>\n<meta property=\"og:locale\" content=\"pt_BR\" \/>\n<meta property=\"og:type\" content=\"article\" \/>\n<meta property=\"og:title\" content=\"OS \u201cRAPAZES\u201d DA ZONA AZUL DESTA PROV\u00cdNCIA DO FAZ DE CONTA... - R\u00e1dio Life FM\" \/>\n<meta property=\"og:description\" content=\"\u00a0\u201cN\u00e3o importa a fun\u00e7\u00e3o, nem sal\u00e1rio, nem a empresa em que trabalha&#8230; Todo emprego \u00e9 digno e todo trabalhador merece conquistar seus maiores sonhos!\u201d (Tain\u00e3 Felipe Cerny) \u00a0 \u00a0 S\u00e9rgio Barbosa (*) &nbsp; Ao JAIR C., dedico! &nbsp; Nas ruas provincianas o vai e vem dos ve\u00edculos deixam suas marcas no asfalto, claro, os buracos [&hellip;]\" \/>\n<meta property=\"og:url\" content=\"https:\/\/radiolifefm.com.br\/noticias\/os-rapazes-da-zona-azul-desta-provincia-do-faz-de-conta\/\" \/>\n<meta property=\"og:site_name\" content=\"R\u00e1dio Life FM\" \/>\n<meta property=\"article:publisher\" content=\"https:\/\/www.facebook.com\/radiolifefm\/\" \/>\n<meta property=\"article:published_time\" content=\"2022-09-21T10:58:33+00:00\" \/>\n<meta property=\"article:modified_time\" content=\"2026-02-01T21:39:20+00:00\" \/>\n<meta property=\"og:image\" content=\"https:\/\/radiolifefm.com.br\/noticias\/wp-content\/uploads\/2022\/04\/WhatsApp-Image-2022-04-10-at-18.43.02.jpeg\" \/>\n\t<meta property=\"og:image:width\" content=\"972\" \/>\n\t<meta property=\"og:image:height\" content=\"1296\" \/>\n\t<meta property=\"og:image:type\" content=\"image\/jpeg\" \/>\n<meta name=\"author\" content=\"ritanery\" \/>\n<meta name=\"twitter:card\" content=\"summary_large_image\" \/>\n<meta name=\"twitter:label1\" content=\"Escrito por\" \/>\n\t<meta name=\"twitter:data1\" content=\"ritanery\" \/>\n\t<meta name=\"twitter:label2\" content=\"Est. tempo de leitura\" \/>\n\t<meta name=\"twitter:data2\" content=\"3 minutos\" \/>\n<script type=\"application\/ld+json\" class=\"yoast-schema-graph\">{\"@context\":\"https:\/\/schema.org\",\"@graph\":[{\"@type\":\"Article\",\"@id\":\"https:\/\/radiolifefm.com.br\/noticias\/os-rapazes-da-zona-azul-desta-provincia-do-faz-de-conta\/#article\",\"isPartOf\":{\"@id\":\"https:\/\/radiolifefm.com.br\/noticias\/os-rapazes-da-zona-azul-desta-provincia-do-faz-de-conta\/\"},\"author\":{\"name\":\"ritanery\",\"@id\":\"https:\/\/radiolifefm.com.br\/noticias\/#\/schema\/person\/6339b9fac59d12b071dec680d7375d87\"},\"headline\":\"OS \u201cRAPAZES\u201d DA ZONA AZUL DESTA PROV\u00cdNCIA DO FAZ DE CONTA&#8230;\",\"datePublished\":\"2022-09-21T10:58:33+00:00\",\"dateModified\":\"2026-02-01T21:39:20+00:00\",\"mainEntityOfPage\":{\"@id\":\"https:\/\/radiolifefm.com.br\/noticias\/os-rapazes-da-zona-azul-desta-provincia-do-faz-de-conta\/\"},\"wordCount\":565,\"publisher\":{\"@id\":\"https:\/\/radiolifefm.com.br\/noticias\/#organization\"},\"image\":{\"@id\":\"https:\/\/radiolifefm.com.br\/noticias\/os-rapazes-da-zona-azul-desta-provincia-do-faz-de-conta\/#primaryimage\"},\"thumbnailUrl\":\"https:\/\/radiolifefm.com.br\/noticias\/wp-content\/uploads\/2022\/04\/WhatsApp-Image-2022-04-10-at-18.43.02.jpeg\",\"articleSection\":[\"Opini\u00e3o\"],\"inLanguage\":\"pt-BR\"},{\"@type\":\"WebPage\",\"@id\":\"https:\/\/radiolifefm.com.br\/noticias\/os-rapazes-da-zona-azul-desta-provincia-do-faz-de-conta\/\",\"url\":\"https:\/\/radiolifefm.com.br\/noticias\/os-rapazes-da-zona-azul-desta-provincia-do-faz-de-conta\/\",\"name\":\"OS \u201cRAPAZES\u201d DA ZONA AZUL DESTA PROV\u00cdNCIA DO FAZ DE CONTA... - R\u00e1dio Life FM\",\"isPartOf\":{\"@id\":\"https:\/\/radiolifefm.com.br\/noticias\/#website\"},\"primaryImageOfPage\":{\"@id\":\"https:\/\/radiolifefm.com.br\/noticias\/os-rapazes-da-zona-azul-desta-provincia-do-faz-de-conta\/#primaryimage\"},\"image\":{\"@id\":\"https:\/\/radiolifefm.com.br\/noticias\/os-rapazes-da-zona-azul-desta-provincia-do-faz-de-conta\/#primaryimage\"},\"thumbnailUrl\":\"https:\/\/radiolifefm.com.br\/noticias\/wp-content\/uploads\/2022\/04\/WhatsApp-Image-2022-04-10-at-18.43.02.jpeg\",\"datePublished\":\"2022-09-21T10:58:33+00:00\",\"dateModified\":\"2026-02-01T21:39:20+00:00\",\"breadcrumb\":{\"@id\":\"https:\/\/radiolifefm.com.br\/noticias\/os-rapazes-da-zona-azul-desta-provincia-do-faz-de-conta\/#breadcrumb\"},\"inLanguage\":\"pt-BR\",\"potentialAction\":[{\"@type\":\"ReadAction\",\"target\":[\"https:\/\/radiolifefm.com.br\/noticias\/os-rapazes-da-zona-azul-desta-provincia-do-faz-de-conta\/\"]}]},{\"@type\":\"ImageObject\",\"inLanguage\":\"pt-BR\",\"@id\":\"https:\/\/radiolifefm.com.br\/noticias\/os-rapazes-da-zona-azul-desta-provincia-do-faz-de-conta\/#primaryimage\",\"url\":\"https:\/\/radiolifefm.com.br\/noticias\/wp-content\/uploads\/2022\/04\/WhatsApp-Image-2022-04-10-at-18.43.02.jpeg\",\"contentUrl\":\"https:\/\/radiolifefm.com.br\/noticias\/wp-content\/uploads\/2022\/04\/WhatsApp-Image-2022-04-10-at-18.43.02.jpeg\",\"width\":972,\"height\":1296,\"caption\":\"S\u00e9rgio Barbosa\"},{\"@type\":\"BreadcrumbList\",\"@id\":\"https:\/\/radiolifefm.com.br\/noticias\/os-rapazes-da-zona-azul-desta-provincia-do-faz-de-conta\/#breadcrumb\",\"itemListElement\":[{\"@type\":\"ListItem\",\"position\":1,\"name\":\"In\u00edcio\",\"item\":\"https:\/\/radiolifefm.com.br\/noticias\/\"},{\"@type\":\"ListItem\",\"position\":2,\"name\":\"OS \u201cRAPAZES\u201d DA ZONA AZUL DESTA PROV\u00cdNCIA DO FAZ DE CONTA&#8230;\"}]},{\"@type\":\"WebSite\",\"@id\":\"https:\/\/radiolifefm.com.br\/noticias\/#website\",\"url\":\"https:\/\/radiolifefm.com.br\/noticias\/\",\"name\":\"R\u00e1dio Life FM\",\"description\":\"O Portal de Not\u00edcias de Adamantina\",\"publisher\":{\"@id\":\"https:\/\/radiolifefm.com.br\/noticias\/#organization\"},\"alternateName\":\"Life FM\",\"potentialAction\":[{\"@type\":\"SearchAction\",\"target\":{\"@type\":\"EntryPoint\",\"urlTemplate\":\"https:\/\/radiolifefm.com.br\/noticias\/?s={search_term_string}\"},\"query-input\":{\"@type\":\"PropertyValueSpecification\",\"valueRequired\":true,\"valueName\":\"search_term_string\"}}],\"inLanguage\":\"pt-BR\"},{\"@type\":\"Organization\",\"@id\":\"https:\/\/radiolifefm.com.br\/noticias\/#organization\",\"name\":\"R\u00e1dio Life FM\",\"alternateName\":\"Life FM\",\"url\":\"https:\/\/radiolifefm.com.br\/noticias\/\",\"logo\":{\"@type\":\"ImageObject\",\"inLanguage\":\"pt-BR\",\"@id\":\"https:\/\/radiolifefm.com.br\/noticias\/#\/schema\/logo\/image\/\",\"url\":\"https:\/\/static.radiolifefm.com.br\/noticias\/wp-content\/uploads\/2019\/10\/logo-lifefm.png\",\"contentUrl\":\"https:\/\/static.radiolifefm.com.br\/noticias\/wp-content\/uploads\/2019\/10\/logo-lifefm.png\",\"width\":196,\"height\":47,\"caption\":\"R\u00e1dio Life FM\"},\"image\":{\"@id\":\"https:\/\/radiolifefm.com.br\/noticias\/#\/schema\/logo\/image\/\"},\"sameAs\":[\"https:\/\/www.facebook.com\/radiolifefm\/\",\"https:\/\/www.instagram.com\/life1079fm\/\"]},{\"@type\":\"Person\",\"@id\":\"https:\/\/radiolifefm.com.br\/noticias\/#\/schema\/person\/6339b9fac59d12b071dec680d7375d87\",\"name\":\"ritanery\",\"image\":{\"@type\":\"ImageObject\",\"inLanguage\":\"pt-BR\",\"@id\":\"https:\/\/secure.gravatar.com\/avatar\/0e37bb19071f47c0b8a23f62a903df117c5a0e75f65a0c2901562f97cd41cf86?s=96&d=mm&r=g\",\"url\":\"https:\/\/secure.gravatar.com\/avatar\/0e37bb19071f47c0b8a23f62a903df117c5a0e75f65a0c2901562f97cd41cf86?s=96&d=mm&r=g\",\"contentUrl\":\"https:\/\/secure.gravatar.com\/avatar\/0e37bb19071f47c0b8a23f62a903df117c5a0e75f65a0c2901562f97cd41cf86?s=96&d=mm&r=g\",\"caption\":\"ritanery\"}}]}<\/script>\n<!-- \/ Yoast SEO plugin. -->","yoast_head_json":{"title":"OS \u201cRAPAZES\u201d DA ZONA AZUL DESTA PROV\u00cdNCIA DO FAZ DE CONTA... - R\u00e1dio Life FM","robots":{"index":"index","follow":"follow","max-snippet":"max-snippet:-1","max-image-preview":"max-image-preview:large","max-video-preview":"max-video-preview:-1"},"canonical":"https:\/\/radiolifefm.com.br\/noticias\/os-rapazes-da-zona-azul-desta-provincia-do-faz-de-conta\/","og_locale":"pt_BR","og_type":"article","og_title":"OS \u201cRAPAZES\u201d DA ZONA AZUL DESTA PROV\u00cdNCIA DO FAZ DE CONTA... - R\u00e1dio Life FM","og_description":"\u00a0\u201cN\u00e3o importa a fun\u00e7\u00e3o, nem sal\u00e1rio, nem a empresa em que trabalha&#8230; Todo emprego \u00e9 digno e todo trabalhador merece conquistar seus maiores sonhos!\u201d (Tain\u00e3 Felipe Cerny) \u00a0 \u00a0 S\u00e9rgio Barbosa (*) &nbsp; Ao JAIR C., dedico! &nbsp; Nas ruas provincianas o vai e vem dos ve\u00edculos deixam suas marcas no asfalto, claro, os buracos [&hellip;]","og_url":"https:\/\/radiolifefm.com.br\/noticias\/os-rapazes-da-zona-azul-desta-provincia-do-faz-de-conta\/","og_site_name":"R\u00e1dio Life FM","article_publisher":"https:\/\/www.facebook.com\/radiolifefm\/","article_published_time":"2022-09-21T10:58:33+00:00","article_modified_time":"2026-02-01T21:39:20+00:00","og_image":[{"width":972,"height":1296,"url":"https:\/\/radiolifefm.com.br\/noticias\/wp-content\/uploads\/2022\/04\/WhatsApp-Image-2022-04-10-at-18.43.02.jpeg","type":"image\/jpeg"}],"author":"ritanery","twitter_card":"summary_large_image","twitter_misc":{"Escrito por":"ritanery","Est. tempo de leitura":"3 minutos"},"schema":{"@context":"https:\/\/schema.org","@graph":[{"@type":"Article","@id":"https:\/\/radiolifefm.com.br\/noticias\/os-rapazes-da-zona-azul-desta-provincia-do-faz-de-conta\/#article","isPartOf":{"@id":"https:\/\/radiolifefm.com.br\/noticias\/os-rapazes-da-zona-azul-desta-provincia-do-faz-de-conta\/"},"author":{"name":"ritanery","@id":"https:\/\/radiolifefm.com.br\/noticias\/#\/schema\/person\/6339b9fac59d12b071dec680d7375d87"},"headline":"OS \u201cRAPAZES\u201d DA ZONA AZUL DESTA PROV\u00cdNCIA DO FAZ DE CONTA&#8230;","datePublished":"2022-09-21T10:58:33+00:00","dateModified":"2026-02-01T21:39:20+00:00","mainEntityOfPage":{"@id":"https:\/\/radiolifefm.com.br\/noticias\/os-rapazes-da-zona-azul-desta-provincia-do-faz-de-conta\/"},"wordCount":565,"publisher":{"@id":"https:\/\/radiolifefm.com.br\/noticias\/#organization"},"image":{"@id":"https:\/\/radiolifefm.com.br\/noticias\/os-rapazes-da-zona-azul-desta-provincia-do-faz-de-conta\/#primaryimage"},"thumbnailUrl":"https:\/\/radiolifefm.com.br\/noticias\/wp-content\/uploads\/2022\/04\/WhatsApp-Image-2022-04-10-at-18.43.02.jpeg","articleSection":["Opini\u00e3o"],"inLanguage":"pt-BR"},{"@type":"WebPage","@id":"https:\/\/radiolifefm.com.br\/noticias\/os-rapazes-da-zona-azul-desta-provincia-do-faz-de-conta\/","url":"https:\/\/radiolifefm.com.br\/noticias\/os-rapazes-da-zona-azul-desta-provincia-do-faz-de-conta\/","name":"OS \u201cRAPAZES\u201d DA ZONA AZUL DESTA PROV\u00cdNCIA DO FAZ DE CONTA... - R\u00e1dio Life FM","isPartOf":{"@id":"https:\/\/radiolifefm.com.br\/noticias\/#website"},"primaryImageOfPage":{"@id":"https:\/\/radiolifefm.com.br\/noticias\/os-rapazes-da-zona-azul-desta-provincia-do-faz-de-conta\/#primaryimage"},"image":{"@id":"https:\/\/radiolifefm.com.br\/noticias\/os-rapazes-da-zona-azul-desta-provincia-do-faz-de-conta\/#primaryimage"},"thumbnailUrl":"https:\/\/radiolifefm.com.br\/noticias\/wp-content\/uploads\/2022\/04\/WhatsApp-Image-2022-04-10-at-18.43.02.jpeg","datePublished":"2022-09-21T10:58:33+00:00","dateModified":"2026-02-01T21:39:20+00:00","breadcrumb":{"@id":"https:\/\/radiolifefm.com.br\/noticias\/os-rapazes-da-zona-azul-desta-provincia-do-faz-de-conta\/#breadcrumb"},"inLanguage":"pt-BR","potentialAction":[{"@type":"ReadAction","target":["https:\/\/radiolifefm.com.br\/noticias\/os-rapazes-da-zona-azul-desta-provincia-do-faz-de-conta\/"]}]},{"@type":"ImageObject","inLanguage":"pt-BR","@id":"https:\/\/radiolifefm.com.br\/noticias\/os-rapazes-da-zona-azul-desta-provincia-do-faz-de-conta\/#primaryimage","url":"https:\/\/radiolifefm.com.br\/noticias\/wp-content\/uploads\/2022\/04\/WhatsApp-Image-2022-04-10-at-18.43.02.jpeg","contentUrl":"https:\/\/radiolifefm.com.br\/noticias\/wp-content\/uploads\/2022\/04\/WhatsApp-Image-2022-04-10-at-18.43.02.jpeg","width":972,"height":1296,"caption":"S\u00e9rgio Barbosa"},{"@type":"BreadcrumbList","@id":"https:\/\/radiolifefm.com.br\/noticias\/os-rapazes-da-zona-azul-desta-provincia-do-faz-de-conta\/#breadcrumb","itemListElement":[{"@type":"ListItem","position":1,"name":"In\u00edcio","item":"https:\/\/radiolifefm.com.br\/noticias\/"},{"@type":"ListItem","position":2,"name":"OS \u201cRAPAZES\u201d DA ZONA AZUL DESTA PROV\u00cdNCIA DO FAZ DE CONTA&#8230;"}]},{"@type":"WebSite","@id":"https:\/\/radiolifefm.com.br\/noticias\/#website","url":"https:\/\/radiolifefm.com.br\/noticias\/","name":"R\u00e1dio Life FM","description":"O Portal de Not\u00edcias de Adamantina","publisher":{"@id":"https:\/\/radiolifefm.com.br\/noticias\/#organization"},"alternateName":"Life FM","potentialAction":[{"@type":"SearchAction","target":{"@type":"EntryPoint","urlTemplate":"https:\/\/radiolifefm.com.br\/noticias\/?s={search_term_string}"},"query-input":{"@type":"PropertyValueSpecification","valueRequired":true,"valueName":"search_term_string"}}],"inLanguage":"pt-BR"},{"@type":"Organization","@id":"https:\/\/radiolifefm.com.br\/noticias\/#organization","name":"R\u00e1dio Life FM","alternateName":"Life FM","url":"https:\/\/radiolifefm.com.br\/noticias\/","logo":{"@type":"ImageObject","inLanguage":"pt-BR","@id":"https:\/\/radiolifefm.com.br\/noticias\/#\/schema\/logo\/image\/","url":"https:\/\/static.radiolifefm.com.br\/noticias\/wp-content\/uploads\/2019\/10\/logo-lifefm.png","contentUrl":"https:\/\/static.radiolifefm.com.br\/noticias\/wp-content\/uploads\/2019\/10\/logo-lifefm.png","width":196,"height":47,"caption":"R\u00e1dio Life FM"},"image":{"@id":"https:\/\/radiolifefm.com.br\/noticias\/#\/schema\/logo\/image\/"},"sameAs":["https:\/\/www.facebook.com\/radiolifefm\/","https:\/\/www.instagram.com\/life1079fm\/"]},{"@type":"Person","@id":"https:\/\/radiolifefm.com.br\/noticias\/#\/schema\/person\/6339b9fac59d12b071dec680d7375d87","name":"ritanery","image":{"@type":"ImageObject","inLanguage":"pt-BR","@id":"https:\/\/secure.gravatar.com\/avatar\/0e37bb19071f47c0b8a23f62a903df117c5a0e75f65a0c2901562f97cd41cf86?s=96&d=mm&r=g","url":"https:\/\/secure.gravatar.com\/avatar\/0e37bb19071f47c0b8a23f62a903df117c5a0e75f65a0c2901562f97cd41cf86?s=96&d=mm&r=g","contentUrl":"https:\/\/secure.gravatar.com\/avatar\/0e37bb19071f47c0b8a23f62a903df117c5a0e75f65a0c2901562f97cd41cf86?s=96&d=mm&r=g","caption":"ritanery"}}]}},"amp_enabled":true,"_links":{"self":[{"href":"https:\/\/radiolifefm.com.br\/noticias\/wp-json\/wp\/v2\/posts\/58347","targetHints":{"allow":["GET"]}}],"collection":[{"href":"https:\/\/radiolifefm.com.br\/noticias\/wp-json\/wp\/v2\/posts"}],"about":[{"href":"https:\/\/radiolifefm.com.br\/noticias\/wp-json\/wp\/v2\/types\/post"}],"author":[{"embeddable":true,"href":"https:\/\/radiolifefm.com.br\/noticias\/wp-json\/wp\/v2\/users\/13"}],"replies":[{"embeddable":true,"href":"https:\/\/radiolifefm.com.br\/noticias\/wp-json\/wp\/v2\/comments?post=58347"}],"version-history":[{"count":1,"href":"https:\/\/radiolifefm.com.br\/noticias\/wp-json\/wp\/v2\/posts\/58347\/revisions"}],"predecessor-version":[{"id":58348,"href":"https:\/\/radiolifefm.com.br\/noticias\/wp-json\/wp\/v2\/posts\/58347\/revisions\/58348"}],"wp:featuredmedia":[{"embeddable":true,"href":"https:\/\/radiolifefm.com.br\/noticias\/wp-json\/wp\/v2\/media\/51988"}],"wp:attachment":[{"href":"https:\/\/radiolifefm.com.br\/noticias\/wp-json\/wp\/v2\/media?parent=58347"}],"wp:term":[{"taxonomy":"category","embeddable":true,"href":"https:\/\/radiolifefm.com.br\/noticias\/wp-json\/wp\/v2\/categories?post=58347"},{"taxonomy":"post_tag","embeddable":true,"href":"https:\/\/radiolifefm.com.br\/noticias\/wp-json\/wp\/v2\/tags?post=58347"}],"curies":[{"name":"wp","href":"https:\/\/api.w.org\/{rel}","templated":true}]}}