{"id":58330,"date":"2022-09-20T14:30:01","date_gmt":"2022-09-20T17:30:01","guid":{"rendered":"https:\/\/radiolifefm.com.br\/noticias\/?p=58330"},"modified":"2026-02-25T19:52:53","modified_gmt":"2026-02-25T22:52:53","slug":"inscricoes-para-1a-corrida-bombeiros-running-estao-abertas","status":"publish","type":"post","link":"https:\/\/radiolifefm.com.br\/noticias\/inscricoes-para-1a-corrida-bombeiros-running-estao-abertas\/","title":{"rendered":"Inscri\u00e7\u00f5es para 1\u00aa Corrida Bombeiros Running est\u00e3o abertas"},"content":{"rendered":"<div id=\"fb-root\"><\/div>\n<p style=\"font-weight: 400\"><strong>\u00a0<\/strong>Est\u00e3o abertas as inscri\u00e7\u00f5es para a 1\u00aa Corrida Bombeiros Runing que acontecer\u00e1 no dia 13 de novembro de 2022 a partir das 8h com sa\u00edda do Parque dos Pioneiros.<\/p>\n<p style=\"font-weight: 400\">O Pelot\u00e3o do Corpo de\u00a0Bombeiros\u00a0de Adamantina promove a a\u00e7\u00e3o e a Prefeitura de Adamantina, por meio das Secretarias de Esporte, Lazer e Recrea\u00e7\u00e3o e Desenvolvimento Econ\u00f4mico, \u00e9 parceira nessa iniciativa.<\/p>\n<p style=\"font-weight: 400\">A iniciativa visa mobilizar os atletas amadores da regi\u00e3o e de demais localidades que desejem participar, assim como os\u00a0bombeiros\u00a0que tamb\u00e9m praticam a atividade f\u00edsica. A\u00a0corrida\u00a0ter\u00e1 6 quil\u00f4metros.<\/p>\n<p style=\"font-weight: 400\">\n<p style=\"font-weight: 400\">Os interessados em participar devem efetuar sua inscri\u00e7\u00e3o no site\u00a0<a href=\"http:\/\/wxassessoria.com.br\/\" data-saferedirecturl=\"https:\/\/www.google.com\/url?q=http:\/\/wxassessoria.com.br\/&amp;source=gmail&amp;ust=1663780660691000&amp;usg=AOvVaw08TS0SFZVthPNsd8-UYKnn\">wxassessoria.com.br<\/a>\u00a0at\u00e9 o dia 6 de novembro. O percurso ter\u00e1 6 quil\u00f4metros.<\/p>\n<p style=\"font-weight: 400\">Para o p\u00fablico em geral, o valor da inscri\u00e7\u00e3o \u00e9 R$50,00, j\u00e1 para os militares que quiserem participar a taxa \u00e9 de R$25,00. Tem ainda a op\u00e7\u00e3o de caminhada com percurso de tr\u00eas quil\u00f4metros e a inscri\u00e7\u00e3o \u00e9 R$30,00.<\/p>\n<p style=\"font-weight: 400\">Todos os inscritos receber\u00e3o um kit contendo:<\/p>\n<p style=\"font-weight: 400\">&#8211; 1 camiseta 100% poliamida (obs. n\u00e3o haver\u00e1 troca do tamanho escolhido no ato da inscri\u00e7\u00e3o);<\/p>\n<p style=\"font-weight: 400\">&#8211; 1 sacochila<\/p>\n<p style=\"font-weight: 400\">&#8211; 1 n\u00famero de peito com quatro alfinetes (somente aos participantes da corrida);<\/p>\n<p style=\"font-weight: 400\">&#8211; 1 pulseira de identifica\u00e7\u00e3o (somente participantes da caminhada);<\/p>\n<p style=\"font-weight: 400\">&#8211; 1 chip eletr\u00f4nico descart\u00e1vel para cronometragem;<\/p>\n<p style=\"font-weight: 400\">&#8211; frutas, isot\u00f4nico e \u00e1gua;<\/p>\n<p style=\"font-weight: 400\">&#8211; 1 medalha de participa\u00e7\u00e3o para os atletas que conclu\u00edrem o percurso;<\/p>\n<p style=\"font-weight: 400\">A entrega do kit ser\u00e1 realizado no dia 12 de novembro das 13h \u00e0s 17h no Quartel do Corpo de Bombeiros, localizado na Rua Josefina Dall\u2019Antonia Tiveron n\u00ba 300, Centro, e, ainda, no domingo 13 de novembro das 6h30 \u00e0s 7h30h no local da prova, Academia Espa\u00e7o VIP, localizada Rua Sebasti\u00e3o Rombaldi n\u00ba 121.<\/p>\n<p style=\"font-weight: 400\"><strong>Premia\u00e7\u00e3o Geral<\/strong><\/p>\n<p style=\"font-weight: 400\">Ser\u00e3o premiados com trof\u00e9us os cinco primeiros colocados, tanto masculino quanto feminino. Ser\u00e3o premiados ainda com valores em dinheiro. O primeiro receber\u00e1 R$600; o segundo R$400,00; o terceiro R$300,00; 4\u00ba colocado R$200 e o 5\u00ba colocado R$100,00.<\/p>\n<p style=\"font-weight: 400\">Aqueles que tiverem d\u00favidas, poder\u00e3o entrar em contato pelo e-mail:\u00a0<a href=\"mailto:eder_farina@yahoo.com.br\">eder_farina@yahoo.com.br<\/a><\/p>\n<p>&nbsp;<\/p>\n<p>Fonte: Assessoria de Imprensa<\/p>\n","protected":false},"excerpt":{"rendered":"<p>\u00a0Est\u00e3o abertas as inscri\u00e7\u00f5es para a 1\u00aa Corrida Bombeiros Runing que acontecer\u00e1 no dia 13 de novembro de 2022 a partir das 8h com sa\u00edda do Parque dos Pioneiros. O Pelot\u00e3o do Corpo de\u00a0Bombeiros\u00a0de Adamantina promove a a\u00e7\u00e3o e a Prefeitura de Adamantina, por meio das Secretarias de Esporte, Lazer e Recrea\u00e7\u00e3o e Desenvolvimento Econ\u00f4mico, [&hellip;]<\/p>\n","protected":false},"author":13,"featured_media":58331,"comment_status":"closed","ping_status":"open","sticky":false,"template":"","format":"standard","meta":{"_acf_changed":false,"_exactmetrics_skip_tracking":false,"_exactmetrics_sitenote_active":false,"_exactmetrics_sitenote_note":"","_exactmetrics_sitenote_category":0,"footnotes":""},"categories":[21],"tags":[],"class_list":["post-58330","post","type-post","status-publish","format-standard","has-post-thumbnail","hentry","category-adamantina"],"acf":[],"yoast_head":"<!-- This site is optimized with the Yoast SEO plugin v27.2 - https:\/\/yoast.com\/product\/yoast-seo-wordpress\/ -->\n<title>Inscri\u00e7\u00f5es para 1\u00aa Corrida Bombeiros Running est\u00e3o abertas - R\u00e1dio Life FM<\/title>\n<meta name=\"robots\" content=\"index, follow, max-snippet:-1, max-image-preview:large, max-video-preview:-1\" \/>\n<link rel=\"canonical\" href=\"https:\/\/radiolifefm.com.br\/noticias\/inscricoes-para-1a-corrida-bombeiros-running-estao-abertas\/\" \/>\n<meta property=\"og:locale\" content=\"pt_BR\" \/>\n<meta property=\"og:type\" content=\"article\" \/>\n<meta property=\"og:title\" content=\"Inscri\u00e7\u00f5es para 1\u00aa Corrida Bombeiros Running est\u00e3o abertas - R\u00e1dio Life FM\" \/>\n<meta property=\"og:description\" content=\"\u00a0Est\u00e3o abertas as inscri\u00e7\u00f5es para a 1\u00aa Corrida Bombeiros Runing que acontecer\u00e1 no dia 13 de novembro de 2022 a partir das 8h com sa\u00edda do Parque dos Pioneiros. O Pelot\u00e3o do Corpo de\u00a0Bombeiros\u00a0de Adamantina promove a a\u00e7\u00e3o e a Prefeitura de Adamantina, por meio das Secretarias de Esporte, Lazer e Recrea\u00e7\u00e3o e Desenvolvimento Econ\u00f4mico, [&hellip;]\" \/>\n<meta property=\"og:url\" content=\"https:\/\/radiolifefm.com.br\/noticias\/inscricoes-para-1a-corrida-bombeiros-running-estao-abertas\/\" \/>\n<meta property=\"og:site_name\" content=\"R\u00e1dio Life FM\" \/>\n<meta property=\"article:publisher\" content=\"https:\/\/www.facebook.com\/radiolifefm\/\" \/>\n<meta property=\"article:published_time\" content=\"2022-09-20T17:30:01+00:00\" \/>\n<meta property=\"article:modified_time\" content=\"2026-02-25T22:52:53+00:00\" \/>\n<meta property=\"og:image\" content=\"https:\/\/radiolifefm.com.br\/noticias\/wp-content\/uploads\/2022\/09\/foto-3.jpeg\" \/>\n\t<meta property=\"og:image:width\" content=\"1280\" \/>\n\t<meta property=\"og:image:height\" content=\"704\" \/>\n\t<meta property=\"og:image:type\" content=\"image\/jpeg\" \/>\n<meta name=\"author\" content=\"ritanery\" \/>\n<meta name=\"twitter:card\" content=\"summary_large_image\" \/>\n<meta name=\"twitter:label1\" content=\"Escrito por\" \/>\n\t<meta name=\"twitter:data1\" content=\"ritanery\" \/>\n\t<meta name=\"twitter:label2\" content=\"Est. tempo de leitura\" \/>\n\t<meta name=\"twitter:data2\" content=\"2 minutos\" \/>\n<script type=\"application\/ld+json\" class=\"yoast-schema-graph\">{\"@context\":\"https:\/\/schema.org\",\"@graph\":[{\"@type\":\"Article\",\"@id\":\"https:\/\/radiolifefm.com.br\/noticias\/inscricoes-para-1a-corrida-bombeiros-running-estao-abertas\/#article\",\"isPartOf\":{\"@id\":\"https:\/\/radiolifefm.com.br\/noticias\/inscricoes-para-1a-corrida-bombeiros-running-estao-abertas\/\"},\"author\":{\"name\":\"ritanery\",\"@id\":\"https:\/\/radiolifefm.com.br\/noticias\/#\/schema\/person\/6339b9fac59d12b071dec680d7375d87\"},\"headline\":\"Inscri\u00e7\u00f5es para 1\u00aa Corrida Bombeiros Running est\u00e3o abertas\",\"datePublished\":\"2022-09-20T17:30:01+00:00\",\"dateModified\":\"2026-02-25T22:52:53+00:00\",\"mainEntityOfPage\":{\"@id\":\"https:\/\/radiolifefm.com.br\/noticias\/inscricoes-para-1a-corrida-bombeiros-running-estao-abertas\/\"},\"wordCount\":365,\"publisher\":{\"@id\":\"https:\/\/radiolifefm.com.br\/noticias\/#organization\"},\"image\":{\"@id\":\"https:\/\/radiolifefm.com.br\/noticias\/inscricoes-para-1a-corrida-bombeiros-running-estao-abertas\/#primaryimage\"},\"thumbnailUrl\":\"https:\/\/radiolifefm.com.br\/noticias\/wp-content\/uploads\/2022\/09\/foto-3.jpeg\",\"articleSection\":[\"Adamantina\"],\"inLanguage\":\"pt-BR\"},{\"@type\":\"WebPage\",\"@id\":\"https:\/\/radiolifefm.com.br\/noticias\/inscricoes-para-1a-corrida-bombeiros-running-estao-abertas\/\",\"url\":\"https:\/\/radiolifefm.com.br\/noticias\/inscricoes-para-1a-corrida-bombeiros-running-estao-abertas\/\",\"name\":\"Inscri\u00e7\u00f5es para 1\u00aa Corrida Bombeiros Running est\u00e3o abertas - R\u00e1dio Life FM\",\"isPartOf\":{\"@id\":\"https:\/\/radiolifefm.com.br\/noticias\/#website\"},\"primaryImageOfPage\":{\"@id\":\"https:\/\/radiolifefm.com.br\/noticias\/inscricoes-para-1a-corrida-bombeiros-running-estao-abertas\/#primaryimage\"},\"image\":{\"@id\":\"https:\/\/radiolifefm.com.br\/noticias\/inscricoes-para-1a-corrida-bombeiros-running-estao-abertas\/#primaryimage\"},\"thumbnailUrl\":\"https:\/\/radiolifefm.com.br\/noticias\/wp-content\/uploads\/2022\/09\/foto-3.jpeg\",\"datePublished\":\"2022-09-20T17:30:01+00:00\",\"dateModified\":\"2026-02-25T22:52:53+00:00\",\"breadcrumb\":{\"@id\":\"https:\/\/radiolifefm.com.br\/noticias\/inscricoes-para-1a-corrida-bombeiros-running-estao-abertas\/#breadcrumb\"},\"inLanguage\":\"pt-BR\",\"potentialAction\":[{\"@type\":\"ReadAction\",\"target\":[\"https:\/\/radiolifefm.com.br\/noticias\/inscricoes-para-1a-corrida-bombeiros-running-estao-abertas\/\"]}]},{\"@type\":\"ImageObject\",\"inLanguage\":\"pt-BR\",\"@id\":\"https:\/\/radiolifefm.com.br\/noticias\/inscricoes-para-1a-corrida-bombeiros-running-estao-abertas\/#primaryimage\",\"url\":\"https:\/\/radiolifefm.com.br\/noticias\/wp-content\/uploads\/2022\/09\/foto-3.jpeg\",\"contentUrl\":\"https:\/\/radiolifefm.com.br\/noticias\/wp-content\/uploads\/2022\/09\/foto-3.jpeg\",\"width\":1280,\"height\":704,\"caption\":\"Corrida ser\u00e1 realizada no dia 13 de novembro a partir das 8h com a largada no Parque dos Pioneiros\"},{\"@type\":\"BreadcrumbList\",\"@id\":\"https:\/\/radiolifefm.com.br\/noticias\/inscricoes-para-1a-corrida-bombeiros-running-estao-abertas\/#breadcrumb\",\"itemListElement\":[{\"@type\":\"ListItem\",\"position\":1,\"name\":\"In\u00edcio\",\"item\":\"https:\/\/radiolifefm.com.br\/noticias\/\"},{\"@type\":\"ListItem\",\"position\":2,\"name\":\"Inscri\u00e7\u00f5es para 1\u00aa Corrida Bombeiros Running est\u00e3o abertas\"}]},{\"@type\":\"WebSite\",\"@id\":\"https:\/\/radiolifefm.com.br\/noticias\/#website\",\"url\":\"https:\/\/radiolifefm.com.br\/noticias\/\",\"name\":\"R\u00e1dio Life FM\",\"description\":\"O Portal de Not\u00edcias de Adamantina\",\"publisher\":{\"@id\":\"https:\/\/radiolifefm.com.br\/noticias\/#organization\"},\"alternateName\":\"Life FM\",\"potentialAction\":[{\"@type\":\"SearchAction\",\"target\":{\"@type\":\"EntryPoint\",\"urlTemplate\":\"https:\/\/radiolifefm.com.br\/noticias\/?s={search_term_string}\"},\"query-input\":{\"@type\":\"PropertyValueSpecification\",\"valueRequired\":true,\"valueName\":\"search_term_string\"}}],\"inLanguage\":\"pt-BR\"},{\"@type\":\"Organization\",\"@id\":\"https:\/\/radiolifefm.com.br\/noticias\/#organization\",\"name\":\"R\u00e1dio Life FM\",\"alternateName\":\"Life FM\",\"url\":\"https:\/\/radiolifefm.com.br\/noticias\/\",\"logo\":{\"@type\":\"ImageObject\",\"inLanguage\":\"pt-BR\",\"@id\":\"https:\/\/radiolifefm.com.br\/noticias\/#\/schema\/logo\/image\/\",\"url\":\"https:\/\/static.radiolifefm.com.br\/noticias\/wp-content\/uploads\/2019\/10\/logo-lifefm.png\",\"contentUrl\":\"https:\/\/static.radiolifefm.com.br\/noticias\/wp-content\/uploads\/2019\/10\/logo-lifefm.png\",\"width\":196,\"height\":47,\"caption\":\"R\u00e1dio Life FM\"},\"image\":{\"@id\":\"https:\/\/radiolifefm.com.br\/noticias\/#\/schema\/logo\/image\/\"},\"sameAs\":[\"https:\/\/www.facebook.com\/radiolifefm\/\",\"https:\/\/www.instagram.com\/life1079fm\/\"]},{\"@type\":\"Person\",\"@id\":\"https:\/\/radiolifefm.com.br\/noticias\/#\/schema\/person\/6339b9fac59d12b071dec680d7375d87\",\"name\":\"ritanery\",\"image\":{\"@type\":\"ImageObject\",\"inLanguage\":\"pt-BR\",\"@id\":\"https:\/\/secure.gravatar.com\/avatar\/0e37bb19071f47c0b8a23f62a903df117c5a0e75f65a0c2901562f97cd41cf86?s=96&d=mm&r=g\",\"url\":\"https:\/\/secure.gravatar.com\/avatar\/0e37bb19071f47c0b8a23f62a903df117c5a0e75f65a0c2901562f97cd41cf86?s=96&d=mm&r=g\",\"contentUrl\":\"https:\/\/secure.gravatar.com\/avatar\/0e37bb19071f47c0b8a23f62a903df117c5a0e75f65a0c2901562f97cd41cf86?s=96&d=mm&r=g\",\"caption\":\"ritanery\"}}]}<\/script>\n<!-- \/ Yoast SEO plugin. -->","yoast_head_json":{"title":"Inscri\u00e7\u00f5es para 1\u00aa Corrida Bombeiros Running est\u00e3o abertas - R\u00e1dio Life FM","robots":{"index":"index","follow":"follow","max-snippet":"max-snippet:-1","max-image-preview":"max-image-preview:large","max-video-preview":"max-video-preview:-1"},"canonical":"https:\/\/radiolifefm.com.br\/noticias\/inscricoes-para-1a-corrida-bombeiros-running-estao-abertas\/","og_locale":"pt_BR","og_type":"article","og_title":"Inscri\u00e7\u00f5es para 1\u00aa Corrida Bombeiros Running est\u00e3o abertas - R\u00e1dio Life FM","og_description":"\u00a0Est\u00e3o abertas as inscri\u00e7\u00f5es para a 1\u00aa Corrida Bombeiros Runing que acontecer\u00e1 no dia 13 de novembro de 2022 a partir das 8h com sa\u00edda do Parque dos Pioneiros. O Pelot\u00e3o do Corpo de\u00a0Bombeiros\u00a0de Adamantina promove a a\u00e7\u00e3o e a Prefeitura de Adamantina, por meio das Secretarias de Esporte, Lazer e Recrea\u00e7\u00e3o e Desenvolvimento Econ\u00f4mico, [&hellip;]","og_url":"https:\/\/radiolifefm.com.br\/noticias\/inscricoes-para-1a-corrida-bombeiros-running-estao-abertas\/","og_site_name":"R\u00e1dio Life FM","article_publisher":"https:\/\/www.facebook.com\/radiolifefm\/","article_published_time":"2022-09-20T17:30:01+00:00","article_modified_time":"2026-02-25T22:52:53+00:00","og_image":[{"width":1280,"height":704,"url":"https:\/\/radiolifefm.com.br\/noticias\/wp-content\/uploads\/2022\/09\/foto-3.jpeg","type":"image\/jpeg"}],"author":"ritanery","twitter_card":"summary_large_image","twitter_misc":{"Escrito por":"ritanery","Est. tempo de leitura":"2 minutos"},"schema":{"@context":"https:\/\/schema.org","@graph":[{"@type":"Article","@id":"https:\/\/radiolifefm.com.br\/noticias\/inscricoes-para-1a-corrida-bombeiros-running-estao-abertas\/#article","isPartOf":{"@id":"https:\/\/radiolifefm.com.br\/noticias\/inscricoes-para-1a-corrida-bombeiros-running-estao-abertas\/"},"author":{"name":"ritanery","@id":"https:\/\/radiolifefm.com.br\/noticias\/#\/schema\/person\/6339b9fac59d12b071dec680d7375d87"},"headline":"Inscri\u00e7\u00f5es para 1\u00aa Corrida Bombeiros Running est\u00e3o abertas","datePublished":"2022-09-20T17:30:01+00:00","dateModified":"2026-02-25T22:52:53+00:00","mainEntityOfPage":{"@id":"https:\/\/radiolifefm.com.br\/noticias\/inscricoes-para-1a-corrida-bombeiros-running-estao-abertas\/"},"wordCount":365,"publisher":{"@id":"https:\/\/radiolifefm.com.br\/noticias\/#organization"},"image":{"@id":"https:\/\/radiolifefm.com.br\/noticias\/inscricoes-para-1a-corrida-bombeiros-running-estao-abertas\/#primaryimage"},"thumbnailUrl":"https:\/\/radiolifefm.com.br\/noticias\/wp-content\/uploads\/2022\/09\/foto-3.jpeg","articleSection":["Adamantina"],"inLanguage":"pt-BR"},{"@type":"WebPage","@id":"https:\/\/radiolifefm.com.br\/noticias\/inscricoes-para-1a-corrida-bombeiros-running-estao-abertas\/","url":"https:\/\/radiolifefm.com.br\/noticias\/inscricoes-para-1a-corrida-bombeiros-running-estao-abertas\/","name":"Inscri\u00e7\u00f5es para 1\u00aa Corrida Bombeiros Running est\u00e3o abertas - R\u00e1dio Life FM","isPartOf":{"@id":"https:\/\/radiolifefm.com.br\/noticias\/#website"},"primaryImageOfPage":{"@id":"https:\/\/radiolifefm.com.br\/noticias\/inscricoes-para-1a-corrida-bombeiros-running-estao-abertas\/#primaryimage"},"image":{"@id":"https:\/\/radiolifefm.com.br\/noticias\/inscricoes-para-1a-corrida-bombeiros-running-estao-abertas\/#primaryimage"},"thumbnailUrl":"https:\/\/radiolifefm.com.br\/noticias\/wp-content\/uploads\/2022\/09\/foto-3.jpeg","datePublished":"2022-09-20T17:30:01+00:00","dateModified":"2026-02-25T22:52:53+00:00","breadcrumb":{"@id":"https:\/\/radiolifefm.com.br\/noticias\/inscricoes-para-1a-corrida-bombeiros-running-estao-abertas\/#breadcrumb"},"inLanguage":"pt-BR","potentialAction":[{"@type":"ReadAction","target":["https:\/\/radiolifefm.com.br\/noticias\/inscricoes-para-1a-corrida-bombeiros-running-estao-abertas\/"]}]},{"@type":"ImageObject","inLanguage":"pt-BR","@id":"https:\/\/radiolifefm.com.br\/noticias\/inscricoes-para-1a-corrida-bombeiros-running-estao-abertas\/#primaryimage","url":"https:\/\/radiolifefm.com.br\/noticias\/wp-content\/uploads\/2022\/09\/foto-3.jpeg","contentUrl":"https:\/\/radiolifefm.com.br\/noticias\/wp-content\/uploads\/2022\/09\/foto-3.jpeg","width":1280,"height":704,"caption":"Corrida ser\u00e1 realizada no dia 13 de novembro a partir das 8h com a largada no Parque dos Pioneiros"},{"@type":"BreadcrumbList","@id":"https:\/\/radiolifefm.com.br\/noticias\/inscricoes-para-1a-corrida-bombeiros-running-estao-abertas\/#breadcrumb","itemListElement":[{"@type":"ListItem","position":1,"name":"In\u00edcio","item":"https:\/\/radiolifefm.com.br\/noticias\/"},{"@type":"ListItem","position":2,"name":"Inscri\u00e7\u00f5es para 1\u00aa Corrida Bombeiros Running est\u00e3o abertas"}]},{"@type":"WebSite","@id":"https:\/\/radiolifefm.com.br\/noticias\/#website","url":"https:\/\/radiolifefm.com.br\/noticias\/","name":"R\u00e1dio Life FM","description":"O Portal de Not\u00edcias de Adamantina","publisher":{"@id":"https:\/\/radiolifefm.com.br\/noticias\/#organization"},"alternateName":"Life FM","potentialAction":[{"@type":"SearchAction","target":{"@type":"EntryPoint","urlTemplate":"https:\/\/radiolifefm.com.br\/noticias\/?s={search_term_string}"},"query-input":{"@type":"PropertyValueSpecification","valueRequired":true,"valueName":"search_term_string"}}],"inLanguage":"pt-BR"},{"@type":"Organization","@id":"https:\/\/radiolifefm.com.br\/noticias\/#organization","name":"R\u00e1dio Life FM","alternateName":"Life FM","url":"https:\/\/radiolifefm.com.br\/noticias\/","logo":{"@type":"ImageObject","inLanguage":"pt-BR","@id":"https:\/\/radiolifefm.com.br\/noticias\/#\/schema\/logo\/image\/","url":"https:\/\/static.radiolifefm.com.br\/noticias\/wp-content\/uploads\/2019\/10\/logo-lifefm.png","contentUrl":"https:\/\/static.radiolifefm.com.br\/noticias\/wp-content\/uploads\/2019\/10\/logo-lifefm.png","width":196,"height":47,"caption":"R\u00e1dio Life FM"},"image":{"@id":"https:\/\/radiolifefm.com.br\/noticias\/#\/schema\/logo\/image\/"},"sameAs":["https:\/\/www.facebook.com\/radiolifefm\/","https:\/\/www.instagram.com\/life1079fm\/"]},{"@type":"Person","@id":"https:\/\/radiolifefm.com.br\/noticias\/#\/schema\/person\/6339b9fac59d12b071dec680d7375d87","name":"ritanery","image":{"@type":"ImageObject","inLanguage":"pt-BR","@id":"https:\/\/secure.gravatar.com\/avatar\/0e37bb19071f47c0b8a23f62a903df117c5a0e75f65a0c2901562f97cd41cf86?s=96&d=mm&r=g","url":"https:\/\/secure.gravatar.com\/avatar\/0e37bb19071f47c0b8a23f62a903df117c5a0e75f65a0c2901562f97cd41cf86?s=96&d=mm&r=g","contentUrl":"https:\/\/secure.gravatar.com\/avatar\/0e37bb19071f47c0b8a23f62a903df117c5a0e75f65a0c2901562f97cd41cf86?s=96&d=mm&r=g","caption":"ritanery"}}]}},"amp_enabled":true,"_links":{"self":[{"href":"https:\/\/radiolifefm.com.br\/noticias\/wp-json\/wp\/v2\/posts\/58330","targetHints":{"allow":["GET"]}}],"collection":[{"href":"https:\/\/radiolifefm.com.br\/noticias\/wp-json\/wp\/v2\/posts"}],"about":[{"href":"https:\/\/radiolifefm.com.br\/noticias\/wp-json\/wp\/v2\/types\/post"}],"author":[{"embeddable":true,"href":"https:\/\/radiolifefm.com.br\/noticias\/wp-json\/wp\/v2\/users\/13"}],"replies":[{"embeddable":true,"href":"https:\/\/radiolifefm.com.br\/noticias\/wp-json\/wp\/v2\/comments?post=58330"}],"version-history":[{"count":4,"href":"https:\/\/radiolifefm.com.br\/noticias\/wp-json\/wp\/v2\/posts\/58330\/revisions"}],"predecessor-version":[{"id":58335,"href":"https:\/\/radiolifefm.com.br\/noticias\/wp-json\/wp\/v2\/posts\/58330\/revisions\/58335"}],"wp:featuredmedia":[{"embeddable":true,"href":"https:\/\/radiolifefm.com.br\/noticias\/wp-json\/wp\/v2\/media\/58331"}],"wp:attachment":[{"href":"https:\/\/radiolifefm.com.br\/noticias\/wp-json\/wp\/v2\/media?parent=58330"}],"wp:term":[{"taxonomy":"category","embeddable":true,"href":"https:\/\/radiolifefm.com.br\/noticias\/wp-json\/wp\/v2\/categories?post=58330"},{"taxonomy":"post_tag","embeddable":true,"href":"https:\/\/radiolifefm.com.br\/noticias\/wp-json\/wp\/v2\/tags?post=58330"}],"curies":[{"name":"wp","href":"https:\/\/api.w.org\/{rel}","templated":true}]}}