{"id":58299,"date":"2022-09-20T08:36:27","date_gmt":"2022-09-20T11:36:27","guid":{"rendered":"https:\/\/radiolifefm.com.br\/noticias\/?p=58299"},"modified":"2026-04-11T19:20:48","modified_gmt":"2026-04-11T22:20:48","slug":"cultura-apresenta-a-terceira-margem-do-rio-de-joao-guimaraes-rosa","status":"publish","type":"post","link":"https:\/\/radiolifefm.com.br\/noticias\/cultura-apresenta-a-terceira-margem-do-rio-de-joao-guimaraes-rosa\/","title":{"rendered":"Cultura apresenta \u201cA Terceira Margem do Rio\u201d, de Jo\u00e3o Guimar\u00e3es Rosa"},"content":{"rendered":"<div id=\"fb-root\"><\/div>\n<p>Vivenciando uma excelente fase na cena cultural, Adamantina ser\u00e1 palco de mais uma pe\u00e7a de teatro. No pr\u00f3ximo dia 30 de setembro, sexta-feira, \u00e0s 20 horas, no anfiteatro Fernando Paloni, acontece a encena\u00e7\u00e3o de \u201cA Terceira Margem do Rio\u201d. A entrada \u00e9 gratuita e ser\u00e3o disponibilizados 250 lugares no momento do evento.<\/p>\n<p>Baseado na obra de Jo\u00e3o Guimar\u00e3es Rosa, o espet\u00e1culo encena a hist\u00f3ria de um homem que, desde crian\u00e7a, lamenta a estranha partida de seu pai. Aberta a m\u00faltiplas interpreta\u00e7\u00f5es, a narrativa trata de temas como valores familiares, amor, loucura e solid\u00e3o. Tudo com uma trilha sonora especial, que ressalta profundamente a alma, levado a questionar o pr\u00f3prio existir humano. \u201cDepois do rio, h\u00e1 sempre uma terceira margem que os olhos n\u00e3o podem ver, mas o cora\u00e7\u00e3o pode sentir\u201d.<\/p>\n<p>Trata-se de um mon\u00f3logo encenado por Marcus Andrade, ator da M\u00eanades &amp; S\u00e1tiros Cia. De Teatro, desde 2012. Ele \u00e9 professor de artes da Prefeitura de Osvaldo Cruz e tamb\u00e9m far\u00e1 um workshop para os alunos do curso de teatro da Secretaria de Cultura e Turismo de Adamantina, no s\u00e1bado (1\u00ba. De setembro), \u00e0s 14 horas.<\/p>\n<p>&nbsp;<\/p>\n<p>Fonte: Assessoria de Imprensa<\/p>\n","protected":false},"excerpt":{"rendered":"<p>Vivenciando uma excelente fase na cena cultural, Adamantina ser\u00e1 palco de mais uma pe\u00e7a de teatro. No pr\u00f3ximo dia 30 de setembro, sexta-feira, \u00e0s 20 horas, no anfiteatro Fernando Paloni, acontece a encena\u00e7\u00e3o de \u201cA Terceira Margem do Rio\u201d. A entrada \u00e9 gratuita e ser\u00e3o disponibilizados 250 lugares no momento do evento. Baseado na obra [&hellip;]<\/p>\n","protected":false},"author":13,"featured_media":58301,"comment_status":"closed","ping_status":"open","sticky":false,"template":"","format":"standard","meta":{"_acf_changed":false,"_exactmetrics_skip_tracking":false,"_exactmetrics_sitenote_active":false,"_exactmetrics_sitenote_note":"","_exactmetrics_sitenote_category":0,"footnotes":""},"categories":[21],"tags":[],"class_list":["post-58299","post","type-post","status-publish","format-standard","has-post-thumbnail","hentry","category-adamantina"],"acf":[],"yoast_head":"<!-- This site is optimized with the Yoast SEO plugin v27.2 - https:\/\/yoast.com\/product\/yoast-seo-wordpress\/ -->\n<title>Cultura apresenta \u201cA Terceira Margem do Rio\u201d, de Jo\u00e3o Guimar\u00e3es Rosa - R\u00e1dio Life FM<\/title>\n<meta name=\"robots\" content=\"index, follow, max-snippet:-1, max-image-preview:large, max-video-preview:-1\" \/>\n<link rel=\"canonical\" href=\"https:\/\/radiolifefm.com.br\/noticias\/cultura-apresenta-a-terceira-margem-do-rio-de-joao-guimaraes-rosa\/\" \/>\n<meta property=\"og:locale\" content=\"pt_BR\" \/>\n<meta property=\"og:type\" content=\"article\" \/>\n<meta property=\"og:title\" content=\"Cultura apresenta \u201cA Terceira Margem do Rio\u201d, de Jo\u00e3o Guimar\u00e3es Rosa - R\u00e1dio Life FM\" \/>\n<meta property=\"og:description\" content=\"Vivenciando uma excelente fase na cena cultural, Adamantina ser\u00e1 palco de mais uma pe\u00e7a de teatro. No pr\u00f3ximo dia 30 de setembro, sexta-feira, \u00e0s 20 horas, no anfiteatro Fernando Paloni, acontece a encena\u00e7\u00e3o de \u201cA Terceira Margem do Rio\u201d. A entrada \u00e9 gratuita e ser\u00e3o disponibilizados 250 lugares no momento do evento. Baseado na obra [&hellip;]\" \/>\n<meta property=\"og:url\" content=\"https:\/\/radiolifefm.com.br\/noticias\/cultura-apresenta-a-terceira-margem-do-rio-de-joao-guimaraes-rosa\/\" \/>\n<meta property=\"og:site_name\" content=\"R\u00e1dio Life FM\" \/>\n<meta property=\"article:publisher\" content=\"https:\/\/www.facebook.com\/radiolifefm\/\" \/>\n<meta property=\"article:published_time\" content=\"2022-09-20T11:36:27+00:00\" \/>\n<meta property=\"article:modified_time\" content=\"2026-04-11T22:20:48+00:00\" \/>\n<meta property=\"og:image\" content=\"https:\/\/radiolifefm.com.br\/noticias\/wp-content\/uploads\/2022\/09\/cats-32.jpg\" \/>\n\t<meta property=\"og:image:width\" content=\"1920\" \/>\n\t<meta property=\"og:image:height\" content=\"1080\" \/>\n\t<meta property=\"og:image:type\" content=\"image\/jpeg\" \/>\n<meta name=\"author\" content=\"ritanery\" \/>\n<meta name=\"twitter:card\" content=\"summary_large_image\" \/>\n<meta name=\"twitter:label1\" content=\"Escrito por\" \/>\n\t<meta name=\"twitter:data1\" content=\"ritanery\" \/>\n\t<meta name=\"twitter:label2\" content=\"Est. tempo de leitura\" \/>\n\t<meta name=\"twitter:data2\" content=\"2 minutos\" \/>\n<script type=\"application\/ld+json\" class=\"yoast-schema-graph\">{\"@context\":\"https:\/\/schema.org\",\"@graph\":[{\"@type\":\"Article\",\"@id\":\"https:\/\/radiolifefm.com.br\/noticias\/cultura-apresenta-a-terceira-margem-do-rio-de-joao-guimaraes-rosa\/#article\",\"isPartOf\":{\"@id\":\"https:\/\/radiolifefm.com.br\/noticias\/cultura-apresenta-a-terceira-margem-do-rio-de-joao-guimaraes-rosa\/\"},\"author\":{\"name\":\"ritanery\",\"@id\":\"https:\/\/radiolifefm.com.br\/noticias\/#\/schema\/person\/6339b9fac59d12b071dec680d7375d87\"},\"headline\":\"Cultura apresenta \u201cA Terceira Margem do Rio\u201d, de Jo\u00e3o Guimar\u00e3es Rosa\",\"datePublished\":\"2022-09-20T11:36:27+00:00\",\"dateModified\":\"2026-04-11T22:20:48+00:00\",\"mainEntityOfPage\":{\"@id\":\"https:\/\/radiolifefm.com.br\/noticias\/cultura-apresenta-a-terceira-margem-do-rio-de-joao-guimaraes-rosa\/\"},\"wordCount\":216,\"publisher\":{\"@id\":\"https:\/\/radiolifefm.com.br\/noticias\/#organization\"},\"image\":{\"@id\":\"https:\/\/radiolifefm.com.br\/noticias\/cultura-apresenta-a-terceira-margem-do-rio-de-joao-guimaraes-rosa\/#primaryimage\"},\"thumbnailUrl\":\"https:\/\/radiolifefm.com.br\/noticias\/wp-content\/uploads\/2022\/09\/cats-32.jpg\",\"articleSection\":[\"Adamantina\"],\"inLanguage\":\"pt-BR\"},{\"@type\":\"WebPage\",\"@id\":\"https:\/\/radiolifefm.com.br\/noticias\/cultura-apresenta-a-terceira-margem-do-rio-de-joao-guimaraes-rosa\/\",\"url\":\"https:\/\/radiolifefm.com.br\/noticias\/cultura-apresenta-a-terceira-margem-do-rio-de-joao-guimaraes-rosa\/\",\"name\":\"Cultura apresenta \u201cA Terceira Margem do Rio\u201d, de Jo\u00e3o Guimar\u00e3es Rosa - R\u00e1dio Life FM\",\"isPartOf\":{\"@id\":\"https:\/\/radiolifefm.com.br\/noticias\/#website\"},\"primaryImageOfPage\":{\"@id\":\"https:\/\/radiolifefm.com.br\/noticias\/cultura-apresenta-a-terceira-margem-do-rio-de-joao-guimaraes-rosa\/#primaryimage\"},\"image\":{\"@id\":\"https:\/\/radiolifefm.com.br\/noticias\/cultura-apresenta-a-terceira-margem-do-rio-de-joao-guimaraes-rosa\/#primaryimage\"},\"thumbnailUrl\":\"https:\/\/radiolifefm.com.br\/noticias\/wp-content\/uploads\/2022\/09\/cats-32.jpg\",\"datePublished\":\"2022-09-20T11:36:27+00:00\",\"dateModified\":\"2026-04-11T22:20:48+00:00\",\"breadcrumb\":{\"@id\":\"https:\/\/radiolifefm.com.br\/noticias\/cultura-apresenta-a-terceira-margem-do-rio-de-joao-guimaraes-rosa\/#breadcrumb\"},\"inLanguage\":\"pt-BR\",\"potentialAction\":[{\"@type\":\"ReadAction\",\"target\":[\"https:\/\/radiolifefm.com.br\/noticias\/cultura-apresenta-a-terceira-margem-do-rio-de-joao-guimaraes-rosa\/\"]}]},{\"@type\":\"ImageObject\",\"inLanguage\":\"pt-BR\",\"@id\":\"https:\/\/radiolifefm.com.br\/noticias\/cultura-apresenta-a-terceira-margem-do-rio-de-joao-guimaraes-rosa\/#primaryimage\",\"url\":\"https:\/\/radiolifefm.com.br\/noticias\/wp-content\/uploads\/2022\/09\/cats-32.jpg\",\"contentUrl\":\"https:\/\/radiolifefm.com.br\/noticias\/wp-content\/uploads\/2022\/09\/cats-32.jpg\",\"width\":1920,\"height\":1080},{\"@type\":\"BreadcrumbList\",\"@id\":\"https:\/\/radiolifefm.com.br\/noticias\/cultura-apresenta-a-terceira-margem-do-rio-de-joao-guimaraes-rosa\/#breadcrumb\",\"itemListElement\":[{\"@type\":\"ListItem\",\"position\":1,\"name\":\"In\u00edcio\",\"item\":\"https:\/\/radiolifefm.com.br\/noticias\/\"},{\"@type\":\"ListItem\",\"position\":2,\"name\":\"Cultura apresenta \u201cA Terceira Margem do Rio\u201d, de Jo\u00e3o Guimar\u00e3es Rosa\"}]},{\"@type\":\"WebSite\",\"@id\":\"https:\/\/radiolifefm.com.br\/noticias\/#website\",\"url\":\"https:\/\/radiolifefm.com.br\/noticias\/\",\"name\":\"R\u00e1dio Life FM\",\"description\":\"O Portal de Not\u00edcias de Adamantina\",\"publisher\":{\"@id\":\"https:\/\/radiolifefm.com.br\/noticias\/#organization\"},\"alternateName\":\"Life FM\",\"potentialAction\":[{\"@type\":\"SearchAction\",\"target\":{\"@type\":\"EntryPoint\",\"urlTemplate\":\"https:\/\/radiolifefm.com.br\/noticias\/?s={search_term_string}\"},\"query-input\":{\"@type\":\"PropertyValueSpecification\",\"valueRequired\":true,\"valueName\":\"search_term_string\"}}],\"inLanguage\":\"pt-BR\"},{\"@type\":\"Organization\",\"@id\":\"https:\/\/radiolifefm.com.br\/noticias\/#organization\",\"name\":\"R\u00e1dio Life FM\",\"alternateName\":\"Life FM\",\"url\":\"https:\/\/radiolifefm.com.br\/noticias\/\",\"logo\":{\"@type\":\"ImageObject\",\"inLanguage\":\"pt-BR\",\"@id\":\"https:\/\/radiolifefm.com.br\/noticias\/#\/schema\/logo\/image\/\",\"url\":\"https:\/\/static.radiolifefm.com.br\/noticias\/wp-content\/uploads\/2019\/10\/logo-lifefm.png\",\"contentUrl\":\"https:\/\/static.radiolifefm.com.br\/noticias\/wp-content\/uploads\/2019\/10\/logo-lifefm.png\",\"width\":196,\"height\":47,\"caption\":\"R\u00e1dio Life FM\"},\"image\":{\"@id\":\"https:\/\/radiolifefm.com.br\/noticias\/#\/schema\/logo\/image\/\"},\"sameAs\":[\"https:\/\/www.facebook.com\/radiolifefm\/\",\"https:\/\/www.instagram.com\/life1079fm\/\"]},{\"@type\":\"Person\",\"@id\":\"https:\/\/radiolifefm.com.br\/noticias\/#\/schema\/person\/6339b9fac59d12b071dec680d7375d87\",\"name\":\"ritanery\",\"image\":{\"@type\":\"ImageObject\",\"inLanguage\":\"pt-BR\",\"@id\":\"https:\/\/secure.gravatar.com\/avatar\/0e37bb19071f47c0b8a23f62a903df117c5a0e75f65a0c2901562f97cd41cf86?s=96&d=mm&r=g\",\"url\":\"https:\/\/secure.gravatar.com\/avatar\/0e37bb19071f47c0b8a23f62a903df117c5a0e75f65a0c2901562f97cd41cf86?s=96&d=mm&r=g\",\"contentUrl\":\"https:\/\/secure.gravatar.com\/avatar\/0e37bb19071f47c0b8a23f62a903df117c5a0e75f65a0c2901562f97cd41cf86?s=96&d=mm&r=g\",\"caption\":\"ritanery\"}}]}<\/script>\n<!-- \/ Yoast SEO plugin. -->","yoast_head_json":{"title":"Cultura apresenta \u201cA Terceira Margem do Rio\u201d, de Jo\u00e3o Guimar\u00e3es Rosa - R\u00e1dio Life FM","robots":{"index":"index","follow":"follow","max-snippet":"max-snippet:-1","max-image-preview":"max-image-preview:large","max-video-preview":"max-video-preview:-1"},"canonical":"https:\/\/radiolifefm.com.br\/noticias\/cultura-apresenta-a-terceira-margem-do-rio-de-joao-guimaraes-rosa\/","og_locale":"pt_BR","og_type":"article","og_title":"Cultura apresenta \u201cA Terceira Margem do Rio\u201d, de Jo\u00e3o Guimar\u00e3es Rosa - R\u00e1dio Life FM","og_description":"Vivenciando uma excelente fase na cena cultural, Adamantina ser\u00e1 palco de mais uma pe\u00e7a de teatro. No pr\u00f3ximo dia 30 de setembro, sexta-feira, \u00e0s 20 horas, no anfiteatro Fernando Paloni, acontece a encena\u00e7\u00e3o de \u201cA Terceira Margem do Rio\u201d. A entrada \u00e9 gratuita e ser\u00e3o disponibilizados 250 lugares no momento do evento. Baseado na obra [&hellip;]","og_url":"https:\/\/radiolifefm.com.br\/noticias\/cultura-apresenta-a-terceira-margem-do-rio-de-joao-guimaraes-rosa\/","og_site_name":"R\u00e1dio Life FM","article_publisher":"https:\/\/www.facebook.com\/radiolifefm\/","article_published_time":"2022-09-20T11:36:27+00:00","article_modified_time":"2026-04-11T22:20:48+00:00","og_image":[{"width":1920,"height":1080,"url":"https:\/\/radiolifefm.com.br\/noticias\/wp-content\/uploads\/2022\/09\/cats-32.jpg","type":"image\/jpeg"}],"author":"ritanery","twitter_card":"summary_large_image","twitter_misc":{"Escrito por":"ritanery","Est. tempo de leitura":"2 minutos"},"schema":{"@context":"https:\/\/schema.org","@graph":[{"@type":"Article","@id":"https:\/\/radiolifefm.com.br\/noticias\/cultura-apresenta-a-terceira-margem-do-rio-de-joao-guimaraes-rosa\/#article","isPartOf":{"@id":"https:\/\/radiolifefm.com.br\/noticias\/cultura-apresenta-a-terceira-margem-do-rio-de-joao-guimaraes-rosa\/"},"author":{"name":"ritanery","@id":"https:\/\/radiolifefm.com.br\/noticias\/#\/schema\/person\/6339b9fac59d12b071dec680d7375d87"},"headline":"Cultura apresenta \u201cA Terceira Margem do Rio\u201d, de Jo\u00e3o Guimar\u00e3es Rosa","datePublished":"2022-09-20T11:36:27+00:00","dateModified":"2026-04-11T22:20:48+00:00","mainEntityOfPage":{"@id":"https:\/\/radiolifefm.com.br\/noticias\/cultura-apresenta-a-terceira-margem-do-rio-de-joao-guimaraes-rosa\/"},"wordCount":216,"publisher":{"@id":"https:\/\/radiolifefm.com.br\/noticias\/#organization"},"image":{"@id":"https:\/\/radiolifefm.com.br\/noticias\/cultura-apresenta-a-terceira-margem-do-rio-de-joao-guimaraes-rosa\/#primaryimage"},"thumbnailUrl":"https:\/\/radiolifefm.com.br\/noticias\/wp-content\/uploads\/2022\/09\/cats-32.jpg","articleSection":["Adamantina"],"inLanguage":"pt-BR"},{"@type":"WebPage","@id":"https:\/\/radiolifefm.com.br\/noticias\/cultura-apresenta-a-terceira-margem-do-rio-de-joao-guimaraes-rosa\/","url":"https:\/\/radiolifefm.com.br\/noticias\/cultura-apresenta-a-terceira-margem-do-rio-de-joao-guimaraes-rosa\/","name":"Cultura apresenta \u201cA Terceira Margem do Rio\u201d, de Jo\u00e3o Guimar\u00e3es Rosa - R\u00e1dio Life FM","isPartOf":{"@id":"https:\/\/radiolifefm.com.br\/noticias\/#website"},"primaryImageOfPage":{"@id":"https:\/\/radiolifefm.com.br\/noticias\/cultura-apresenta-a-terceira-margem-do-rio-de-joao-guimaraes-rosa\/#primaryimage"},"image":{"@id":"https:\/\/radiolifefm.com.br\/noticias\/cultura-apresenta-a-terceira-margem-do-rio-de-joao-guimaraes-rosa\/#primaryimage"},"thumbnailUrl":"https:\/\/radiolifefm.com.br\/noticias\/wp-content\/uploads\/2022\/09\/cats-32.jpg","datePublished":"2022-09-20T11:36:27+00:00","dateModified":"2026-04-11T22:20:48+00:00","breadcrumb":{"@id":"https:\/\/radiolifefm.com.br\/noticias\/cultura-apresenta-a-terceira-margem-do-rio-de-joao-guimaraes-rosa\/#breadcrumb"},"inLanguage":"pt-BR","potentialAction":[{"@type":"ReadAction","target":["https:\/\/radiolifefm.com.br\/noticias\/cultura-apresenta-a-terceira-margem-do-rio-de-joao-guimaraes-rosa\/"]}]},{"@type":"ImageObject","inLanguage":"pt-BR","@id":"https:\/\/radiolifefm.com.br\/noticias\/cultura-apresenta-a-terceira-margem-do-rio-de-joao-guimaraes-rosa\/#primaryimage","url":"https:\/\/radiolifefm.com.br\/noticias\/wp-content\/uploads\/2022\/09\/cats-32.jpg","contentUrl":"https:\/\/radiolifefm.com.br\/noticias\/wp-content\/uploads\/2022\/09\/cats-32.jpg","width":1920,"height":1080},{"@type":"BreadcrumbList","@id":"https:\/\/radiolifefm.com.br\/noticias\/cultura-apresenta-a-terceira-margem-do-rio-de-joao-guimaraes-rosa\/#breadcrumb","itemListElement":[{"@type":"ListItem","position":1,"name":"In\u00edcio","item":"https:\/\/radiolifefm.com.br\/noticias\/"},{"@type":"ListItem","position":2,"name":"Cultura apresenta \u201cA Terceira Margem do Rio\u201d, de Jo\u00e3o Guimar\u00e3es Rosa"}]},{"@type":"WebSite","@id":"https:\/\/radiolifefm.com.br\/noticias\/#website","url":"https:\/\/radiolifefm.com.br\/noticias\/","name":"R\u00e1dio Life FM","description":"O Portal de Not\u00edcias de Adamantina","publisher":{"@id":"https:\/\/radiolifefm.com.br\/noticias\/#organization"},"alternateName":"Life FM","potentialAction":[{"@type":"SearchAction","target":{"@type":"EntryPoint","urlTemplate":"https:\/\/radiolifefm.com.br\/noticias\/?s={search_term_string}"},"query-input":{"@type":"PropertyValueSpecification","valueRequired":true,"valueName":"search_term_string"}}],"inLanguage":"pt-BR"},{"@type":"Organization","@id":"https:\/\/radiolifefm.com.br\/noticias\/#organization","name":"R\u00e1dio Life FM","alternateName":"Life FM","url":"https:\/\/radiolifefm.com.br\/noticias\/","logo":{"@type":"ImageObject","inLanguage":"pt-BR","@id":"https:\/\/radiolifefm.com.br\/noticias\/#\/schema\/logo\/image\/","url":"https:\/\/static.radiolifefm.com.br\/noticias\/wp-content\/uploads\/2019\/10\/logo-lifefm.png","contentUrl":"https:\/\/static.radiolifefm.com.br\/noticias\/wp-content\/uploads\/2019\/10\/logo-lifefm.png","width":196,"height":47,"caption":"R\u00e1dio Life FM"},"image":{"@id":"https:\/\/radiolifefm.com.br\/noticias\/#\/schema\/logo\/image\/"},"sameAs":["https:\/\/www.facebook.com\/radiolifefm\/","https:\/\/www.instagram.com\/life1079fm\/"]},{"@type":"Person","@id":"https:\/\/radiolifefm.com.br\/noticias\/#\/schema\/person\/6339b9fac59d12b071dec680d7375d87","name":"ritanery","image":{"@type":"ImageObject","inLanguage":"pt-BR","@id":"https:\/\/secure.gravatar.com\/avatar\/0e37bb19071f47c0b8a23f62a903df117c5a0e75f65a0c2901562f97cd41cf86?s=96&d=mm&r=g","url":"https:\/\/secure.gravatar.com\/avatar\/0e37bb19071f47c0b8a23f62a903df117c5a0e75f65a0c2901562f97cd41cf86?s=96&d=mm&r=g","contentUrl":"https:\/\/secure.gravatar.com\/avatar\/0e37bb19071f47c0b8a23f62a903df117c5a0e75f65a0c2901562f97cd41cf86?s=96&d=mm&r=g","caption":"ritanery"}}]}},"amp_enabled":true,"_links":{"self":[{"href":"https:\/\/radiolifefm.com.br\/noticias\/wp-json\/wp\/v2\/posts\/58299","targetHints":{"allow":["GET"]}}],"collection":[{"href":"https:\/\/radiolifefm.com.br\/noticias\/wp-json\/wp\/v2\/posts"}],"about":[{"href":"https:\/\/radiolifefm.com.br\/noticias\/wp-json\/wp\/v2\/types\/post"}],"author":[{"embeddable":true,"href":"https:\/\/radiolifefm.com.br\/noticias\/wp-json\/wp\/v2\/users\/13"}],"replies":[{"embeddable":true,"href":"https:\/\/radiolifefm.com.br\/noticias\/wp-json\/wp\/v2\/comments?post=58299"}],"version-history":[{"count":1,"href":"https:\/\/radiolifefm.com.br\/noticias\/wp-json\/wp\/v2\/posts\/58299\/revisions"}],"predecessor-version":[{"id":58302,"href":"https:\/\/radiolifefm.com.br\/noticias\/wp-json\/wp\/v2\/posts\/58299\/revisions\/58302"}],"wp:featuredmedia":[{"embeddable":true,"href":"https:\/\/radiolifefm.com.br\/noticias\/wp-json\/wp\/v2\/media\/58301"}],"wp:attachment":[{"href":"https:\/\/radiolifefm.com.br\/noticias\/wp-json\/wp\/v2\/media?parent=58299"}],"wp:term":[{"taxonomy":"category","embeddable":true,"href":"https:\/\/radiolifefm.com.br\/noticias\/wp-json\/wp\/v2\/categories?post=58299"},{"taxonomy":"post_tag","embeddable":true,"href":"https:\/\/radiolifefm.com.br\/noticias\/wp-json\/wp\/v2\/tags?post=58299"}],"curies":[{"name":"wp","href":"https:\/\/api.w.org\/{rel}","templated":true}]}}