{"id":58273,"date":"2022-09-19T12:33:13","date_gmt":"2022-09-19T15:33:13","guid":{"rendered":"https:\/\/radiolifefm.com.br\/noticias\/?p=58273"},"modified":"2026-04-03T01:41:51","modified_gmt":"2026-04-03T04:41:51","slug":"provincia-e-eleicoes-tudo-pode-ser-o-que-nunca-foi","status":"publish","type":"post","link":"https:\/\/radiolifefm.com.br\/noticias\/provincia-e-eleicoes-tudo-pode-ser-o-que-nunca-foi\/","title":{"rendered":"Prov\u00edncia e elei\u00e7\u00f5es: Tudo pode ser o que nunca foi&#8230;"},"content":{"rendered":"<div id=\"fb-root\"><\/div>\n<p><strong><em>\u201cNunca se mente tanto como antes das elei\u00e7\u00f5es, durante uma guerra e depois de uma ca\u00e7ada.\u201d (<\/em><\/strong><a href=\"https:\/\/www.pensador.com\/autor\/otto_von_bismarck\/\"><strong><em>Otto von Bismarck<\/em><\/strong><\/a><strong><em>)<\/em><\/strong><\/p>\n<p><strong><em>\u00a0<\/em><\/strong><\/p>\n<p><strong><em>\u201cA liberdade de elei\u00e7\u00f5es permite que voc\u00ea escolha o molho com o qual ser\u00e1 devorado.\u201d (<\/em><\/strong><a href=\"https:\/\/www.pensador.com\/autor\/eduardo_galeano\/\"><strong><em>Eduardo Galeano<\/em><\/strong><\/a><strong><em>)<\/em><\/strong><\/p>\n<p><strong><em>\u00a0<\/em><\/strong><\/p>\n<p><strong>S\u00e9rgio Barbosa (*)<\/strong><\/p>\n<p>&nbsp;<\/p>\n<p>Isso mesmo, ou seja, CADA QUAL COM SUAS ESCOLHAS em terras provincianas, ainda, mediadas pelas eternas TROCAS NADA SIMB\u00d3LICAS patrocinadas pelo PODER em nome do PODER com o PODER pelo PODER&#8230;<\/p>\n<p>Mas, nada mais interessante do que deixar o TEMPO correr sem mais e sem menos, tendo em vista que TUDO \u00c9 POSS\u00cdVEL nesta PROV\u00cdNCIA DO FAZ DE CONTA, at\u00e9 mesmo o IMPOSS\u00cdVEL e ponto quase final&#8230;<\/p>\n<p>A tal turma dos BONS pode ser no final das contas os MAUS de sempre, talvez com aquele toque do MAL que aparece para fazer a diferen\u00e7a neste CEN\u00c1RIO PROVINCIANO&#8230;<\/p>\n<p>Todavia, nem sempre tais DESENCONTROS permanecem para todos os lados de um mesmo lado, ainda mais em tempo de ELEI\u00c7\u00d5ES para diversos cargos em n\u00edveis estadual e federal&#8230;<\/p>\n<p>Se bem que as MENTES MED\u00cdOCRES continuam circulando nesta PROV\u00cdNCIA DO FAZ DE CONTA e seguindo o BERRANTE ou BUZINAS dos ve\u00edculos e MOTOS, assim, TODO CUIDADO \u00c9 POUCO com o COISO com suas COISAS&#8230;<\/p>\n<p>S\u00e3o centenas de CANDIDATOS\/AS deste ou daquele PARTIDO, entretanto, o\/a ELEITOR\/A deve separar o JOIO DO TRIGO, tendo em vista que depois n\u00e3o vai resolver ficar RECLAMANDO ou PROTESTANDO nas REDES SOCIAIS destas ESCOLHAS em tempo de DEGOVERNO BOZZONARO&#8230;<\/p>\n<p>A turma do BO.DO.QUIO PROVINCIANO, pra variar, continua fazendo e abusando das suas ALOPRA\u00c7\u00d5ES disto ou aquilo, haja vista os INVESTIMENTOS com eventos art\u00edsticos na EXPO VERDE&#8230;<\/p>\n<p>Tamb\u00e9m, ocorreram algumas TROCAS DE CADEIRAS naqueles lados, como sempre, tudo em nome dos interesses de sempre, considerando que depois das elei\u00e7\u00f5es de outubro, ainda, com primeiro ou segundo turno, tudo estar\u00e1 sendo PAUTADO pela outra ELEI\u00c7\u00c3O, ou seja, a escola do NOVO EXCUTOR MUNICIPAL desta PROV\u00cdNCIA DO FAZ DE CONTA&#8230;<\/p>\n<p>Desta forma, VOC\u00ca que estar\u00e1 VOTANDO no pr\u00f3ximo dia 2 de outubro, procure fazer a ESCOLHA mais do que ACERTADA em nome de PROPOSTAS EFETIVAS e n\u00e3o pautadas pelos famigerados FAKE NEWS&#8230;<\/p>\n<p>N\u00e3o se esque\u00e7a que de BONS, dizem, o INFERNO est\u00e1 ocupado pelos\/as ALOPRADOS\/AS escolhidos nas \u00faltimas elei\u00e7\u00f5es, tanto para PREFEITO\/A, VEREADORES\/AS, quando para as esferas FEDERAL E ESTADUAL em sua MAIORIA, neste caso, quase que ABSOLUTA&#8230;<\/p>\n<p>QUEM SOBREVIVER VAI SABER&#8230;<\/p>\n<p><strong><em><sup>_______________________<\/sup><\/em><\/strong><\/p>\n<p><strong><em><sup>(*) jornalista diplomado e professor universit\u00e1rio.<\/sup><\/em><\/strong><\/p>\n<p><strong><em><sup>e-mail: <\/sup><\/em><\/strong><a href=\"mailto:barbosa.sebar@gmail.com\"><strong><em><sup>barbosa.sebar@gmail.com<\/sup><\/em><\/strong><\/a><\/p>\n<p>&nbsp;<\/p>\n<p>&nbsp;<\/p>\n","protected":false},"excerpt":{"rendered":"<p>\u201cNunca se mente tanto como antes das elei\u00e7\u00f5es, durante uma guerra e depois de uma ca\u00e7ada.\u201d (Otto von Bismarck) \u00a0 \u201cA liberdade de elei\u00e7\u00f5es permite que voc\u00ea escolha o molho com o qual ser\u00e1 devorado.\u201d (Eduardo Galeano) \u00a0 S\u00e9rgio Barbosa (*) &nbsp; Isso mesmo, ou seja, CADA QUAL COM SUAS ESCOLHAS em terras provincianas, ainda, [&hellip;]<\/p>\n","protected":false},"author":13,"featured_media":51988,"comment_status":"closed","ping_status":"open","sticky":false,"template":"","format":"standard","meta":{"_acf_changed":false,"_exactmetrics_skip_tracking":false,"_exactmetrics_sitenote_active":false,"_exactmetrics_sitenote_note":"","_exactmetrics_sitenote_category":0,"footnotes":""},"categories":[59],"tags":[],"class_list":["post-58273","post","type-post","status-publish","format-standard","has-post-thumbnail","hentry","category-opiniao"],"acf":[],"yoast_head":"<!-- This site is optimized with the Yoast SEO plugin v27.2 - https:\/\/yoast.com\/product\/yoast-seo-wordpress\/ -->\n<title>Prov\u00edncia e elei\u00e7\u00f5es: Tudo pode ser o que nunca foi... - R\u00e1dio Life FM<\/title>\n<meta name=\"robots\" content=\"index, follow, max-snippet:-1, max-image-preview:large, max-video-preview:-1\" \/>\n<link rel=\"canonical\" href=\"https:\/\/radiolifefm.com.br\/noticias\/provincia-e-eleicoes-tudo-pode-ser-o-que-nunca-foi\/\" \/>\n<meta property=\"og:locale\" content=\"pt_BR\" \/>\n<meta property=\"og:type\" content=\"article\" \/>\n<meta property=\"og:title\" content=\"Prov\u00edncia e elei\u00e7\u00f5es: Tudo pode ser o que nunca foi... - R\u00e1dio Life FM\" \/>\n<meta property=\"og:description\" content=\"\u201cNunca se mente tanto como antes das elei\u00e7\u00f5es, durante uma guerra e depois de uma ca\u00e7ada.\u201d (Otto von Bismarck) \u00a0 \u201cA liberdade de elei\u00e7\u00f5es permite que voc\u00ea escolha o molho com o qual ser\u00e1 devorado.\u201d (Eduardo Galeano) \u00a0 S\u00e9rgio Barbosa (*) &nbsp; Isso mesmo, ou seja, CADA QUAL COM SUAS ESCOLHAS em terras provincianas, ainda, [&hellip;]\" \/>\n<meta property=\"og:url\" content=\"https:\/\/radiolifefm.com.br\/noticias\/provincia-e-eleicoes-tudo-pode-ser-o-que-nunca-foi\/\" \/>\n<meta property=\"og:site_name\" content=\"R\u00e1dio Life FM\" \/>\n<meta property=\"article:publisher\" content=\"https:\/\/www.facebook.com\/radiolifefm\/\" \/>\n<meta property=\"article:published_time\" content=\"2022-09-19T15:33:13+00:00\" \/>\n<meta property=\"article:modified_time\" content=\"2026-04-03T04:41:51+00:00\" \/>\n<meta property=\"og:image\" content=\"https:\/\/radiolifefm.com.br\/noticias\/wp-content\/uploads\/2022\/04\/WhatsApp-Image-2022-04-10-at-18.43.02.jpeg\" \/>\n\t<meta property=\"og:image:width\" content=\"972\" \/>\n\t<meta property=\"og:image:height\" content=\"1296\" \/>\n\t<meta property=\"og:image:type\" content=\"image\/jpeg\" \/>\n<meta name=\"author\" content=\"ritanery\" \/>\n<meta name=\"twitter:card\" content=\"summary_large_image\" \/>\n<meta name=\"twitter:label1\" content=\"Escrito por\" \/>\n\t<meta name=\"twitter:data1\" content=\"ritanery\" \/>\n\t<meta name=\"twitter:label2\" content=\"Est. tempo de leitura\" \/>\n\t<meta name=\"twitter:data2\" content=\"3 minutos\" \/>\n<script type=\"application\/ld+json\" class=\"yoast-schema-graph\">{\"@context\":\"https:\/\/schema.org\",\"@graph\":[{\"@type\":\"Article\",\"@id\":\"https:\/\/radiolifefm.com.br\/noticias\/provincia-e-eleicoes-tudo-pode-ser-o-que-nunca-foi\/#article\",\"isPartOf\":{\"@id\":\"https:\/\/radiolifefm.com.br\/noticias\/provincia-e-eleicoes-tudo-pode-ser-o-que-nunca-foi\/\"},\"author\":{\"name\":\"ritanery\",\"@id\":\"https:\/\/radiolifefm.com.br\/noticias\/#\/schema\/person\/6339b9fac59d12b071dec680d7375d87\"},\"headline\":\"Prov\u00edncia e elei\u00e7\u00f5es: Tudo pode ser o que nunca foi&#8230;\",\"datePublished\":\"2022-09-19T15:33:13+00:00\",\"dateModified\":\"2026-04-03T04:41:51+00:00\",\"mainEntityOfPage\":{\"@id\":\"https:\/\/radiolifefm.com.br\/noticias\/provincia-e-eleicoes-tudo-pode-ser-o-que-nunca-foi\/\"},\"wordCount\":447,\"publisher\":{\"@id\":\"https:\/\/radiolifefm.com.br\/noticias\/#organization\"},\"image\":{\"@id\":\"https:\/\/radiolifefm.com.br\/noticias\/provincia-e-eleicoes-tudo-pode-ser-o-que-nunca-foi\/#primaryimage\"},\"thumbnailUrl\":\"https:\/\/radiolifefm.com.br\/noticias\/wp-content\/uploads\/2022\/04\/WhatsApp-Image-2022-04-10-at-18.43.02.jpeg\",\"articleSection\":[\"Opini\u00e3o\"],\"inLanguage\":\"pt-BR\"},{\"@type\":\"WebPage\",\"@id\":\"https:\/\/radiolifefm.com.br\/noticias\/provincia-e-eleicoes-tudo-pode-ser-o-que-nunca-foi\/\",\"url\":\"https:\/\/radiolifefm.com.br\/noticias\/provincia-e-eleicoes-tudo-pode-ser-o-que-nunca-foi\/\",\"name\":\"Prov\u00edncia e elei\u00e7\u00f5es: Tudo pode ser o que nunca foi... - R\u00e1dio Life FM\",\"isPartOf\":{\"@id\":\"https:\/\/radiolifefm.com.br\/noticias\/#website\"},\"primaryImageOfPage\":{\"@id\":\"https:\/\/radiolifefm.com.br\/noticias\/provincia-e-eleicoes-tudo-pode-ser-o-que-nunca-foi\/#primaryimage\"},\"image\":{\"@id\":\"https:\/\/radiolifefm.com.br\/noticias\/provincia-e-eleicoes-tudo-pode-ser-o-que-nunca-foi\/#primaryimage\"},\"thumbnailUrl\":\"https:\/\/radiolifefm.com.br\/noticias\/wp-content\/uploads\/2022\/04\/WhatsApp-Image-2022-04-10-at-18.43.02.jpeg\",\"datePublished\":\"2022-09-19T15:33:13+00:00\",\"dateModified\":\"2026-04-03T04:41:51+00:00\",\"breadcrumb\":{\"@id\":\"https:\/\/radiolifefm.com.br\/noticias\/provincia-e-eleicoes-tudo-pode-ser-o-que-nunca-foi\/#breadcrumb\"},\"inLanguage\":\"pt-BR\",\"potentialAction\":[{\"@type\":\"ReadAction\",\"target\":[\"https:\/\/radiolifefm.com.br\/noticias\/provincia-e-eleicoes-tudo-pode-ser-o-que-nunca-foi\/\"]}]},{\"@type\":\"ImageObject\",\"inLanguage\":\"pt-BR\",\"@id\":\"https:\/\/radiolifefm.com.br\/noticias\/provincia-e-eleicoes-tudo-pode-ser-o-que-nunca-foi\/#primaryimage\",\"url\":\"https:\/\/radiolifefm.com.br\/noticias\/wp-content\/uploads\/2022\/04\/WhatsApp-Image-2022-04-10-at-18.43.02.jpeg\",\"contentUrl\":\"https:\/\/radiolifefm.com.br\/noticias\/wp-content\/uploads\/2022\/04\/WhatsApp-Image-2022-04-10-at-18.43.02.jpeg\",\"width\":972,\"height\":1296,\"caption\":\"S\u00e9rgio Barbosa\"},{\"@type\":\"BreadcrumbList\",\"@id\":\"https:\/\/radiolifefm.com.br\/noticias\/provincia-e-eleicoes-tudo-pode-ser-o-que-nunca-foi\/#breadcrumb\",\"itemListElement\":[{\"@type\":\"ListItem\",\"position\":1,\"name\":\"In\u00edcio\",\"item\":\"https:\/\/radiolifefm.com.br\/noticias\/\"},{\"@type\":\"ListItem\",\"position\":2,\"name\":\"Prov\u00edncia e elei\u00e7\u00f5es: Tudo pode ser o que nunca foi&#8230;\"}]},{\"@type\":\"WebSite\",\"@id\":\"https:\/\/radiolifefm.com.br\/noticias\/#website\",\"url\":\"https:\/\/radiolifefm.com.br\/noticias\/\",\"name\":\"R\u00e1dio Life FM\",\"description\":\"O Portal de Not\u00edcias de Adamantina\",\"publisher\":{\"@id\":\"https:\/\/radiolifefm.com.br\/noticias\/#organization\"},\"alternateName\":\"Life FM\",\"potentialAction\":[{\"@type\":\"SearchAction\",\"target\":{\"@type\":\"EntryPoint\",\"urlTemplate\":\"https:\/\/radiolifefm.com.br\/noticias\/?s={search_term_string}\"},\"query-input\":{\"@type\":\"PropertyValueSpecification\",\"valueRequired\":true,\"valueName\":\"search_term_string\"}}],\"inLanguage\":\"pt-BR\"},{\"@type\":\"Organization\",\"@id\":\"https:\/\/radiolifefm.com.br\/noticias\/#organization\",\"name\":\"R\u00e1dio Life FM\",\"alternateName\":\"Life FM\",\"url\":\"https:\/\/radiolifefm.com.br\/noticias\/\",\"logo\":{\"@type\":\"ImageObject\",\"inLanguage\":\"pt-BR\",\"@id\":\"https:\/\/radiolifefm.com.br\/noticias\/#\/schema\/logo\/image\/\",\"url\":\"https:\/\/static.radiolifefm.com.br\/noticias\/wp-content\/uploads\/2019\/10\/logo-lifefm.png\",\"contentUrl\":\"https:\/\/static.radiolifefm.com.br\/noticias\/wp-content\/uploads\/2019\/10\/logo-lifefm.png\",\"width\":196,\"height\":47,\"caption\":\"R\u00e1dio Life FM\"},\"image\":{\"@id\":\"https:\/\/radiolifefm.com.br\/noticias\/#\/schema\/logo\/image\/\"},\"sameAs\":[\"https:\/\/www.facebook.com\/radiolifefm\/\",\"https:\/\/www.instagram.com\/life1079fm\/\"]},{\"@type\":\"Person\",\"@id\":\"https:\/\/radiolifefm.com.br\/noticias\/#\/schema\/person\/6339b9fac59d12b071dec680d7375d87\",\"name\":\"ritanery\",\"image\":{\"@type\":\"ImageObject\",\"inLanguage\":\"pt-BR\",\"@id\":\"https:\/\/secure.gravatar.com\/avatar\/0e37bb19071f47c0b8a23f62a903df117c5a0e75f65a0c2901562f97cd41cf86?s=96&d=mm&r=g\",\"url\":\"https:\/\/secure.gravatar.com\/avatar\/0e37bb19071f47c0b8a23f62a903df117c5a0e75f65a0c2901562f97cd41cf86?s=96&d=mm&r=g\",\"contentUrl\":\"https:\/\/secure.gravatar.com\/avatar\/0e37bb19071f47c0b8a23f62a903df117c5a0e75f65a0c2901562f97cd41cf86?s=96&d=mm&r=g\",\"caption\":\"ritanery\"}}]}<\/script>\n<!-- \/ Yoast SEO plugin. -->","yoast_head_json":{"title":"Prov\u00edncia e elei\u00e7\u00f5es: Tudo pode ser o que nunca foi... - R\u00e1dio Life FM","robots":{"index":"index","follow":"follow","max-snippet":"max-snippet:-1","max-image-preview":"max-image-preview:large","max-video-preview":"max-video-preview:-1"},"canonical":"https:\/\/radiolifefm.com.br\/noticias\/provincia-e-eleicoes-tudo-pode-ser-o-que-nunca-foi\/","og_locale":"pt_BR","og_type":"article","og_title":"Prov\u00edncia e elei\u00e7\u00f5es: Tudo pode ser o que nunca foi... - R\u00e1dio Life FM","og_description":"\u201cNunca se mente tanto como antes das elei\u00e7\u00f5es, durante uma guerra e depois de uma ca\u00e7ada.\u201d (Otto von Bismarck) \u00a0 \u201cA liberdade de elei\u00e7\u00f5es permite que voc\u00ea escolha o molho com o qual ser\u00e1 devorado.\u201d (Eduardo Galeano) \u00a0 S\u00e9rgio Barbosa (*) &nbsp; Isso mesmo, ou seja, CADA QUAL COM SUAS ESCOLHAS em terras provincianas, ainda, [&hellip;]","og_url":"https:\/\/radiolifefm.com.br\/noticias\/provincia-e-eleicoes-tudo-pode-ser-o-que-nunca-foi\/","og_site_name":"R\u00e1dio Life FM","article_publisher":"https:\/\/www.facebook.com\/radiolifefm\/","article_published_time":"2022-09-19T15:33:13+00:00","article_modified_time":"2026-04-03T04:41:51+00:00","og_image":[{"width":972,"height":1296,"url":"https:\/\/radiolifefm.com.br\/noticias\/wp-content\/uploads\/2022\/04\/WhatsApp-Image-2022-04-10-at-18.43.02.jpeg","type":"image\/jpeg"}],"author":"ritanery","twitter_card":"summary_large_image","twitter_misc":{"Escrito por":"ritanery","Est. tempo de leitura":"3 minutos"},"schema":{"@context":"https:\/\/schema.org","@graph":[{"@type":"Article","@id":"https:\/\/radiolifefm.com.br\/noticias\/provincia-e-eleicoes-tudo-pode-ser-o-que-nunca-foi\/#article","isPartOf":{"@id":"https:\/\/radiolifefm.com.br\/noticias\/provincia-e-eleicoes-tudo-pode-ser-o-que-nunca-foi\/"},"author":{"name":"ritanery","@id":"https:\/\/radiolifefm.com.br\/noticias\/#\/schema\/person\/6339b9fac59d12b071dec680d7375d87"},"headline":"Prov\u00edncia e elei\u00e7\u00f5es: Tudo pode ser o que nunca foi&#8230;","datePublished":"2022-09-19T15:33:13+00:00","dateModified":"2026-04-03T04:41:51+00:00","mainEntityOfPage":{"@id":"https:\/\/radiolifefm.com.br\/noticias\/provincia-e-eleicoes-tudo-pode-ser-o-que-nunca-foi\/"},"wordCount":447,"publisher":{"@id":"https:\/\/radiolifefm.com.br\/noticias\/#organization"},"image":{"@id":"https:\/\/radiolifefm.com.br\/noticias\/provincia-e-eleicoes-tudo-pode-ser-o-que-nunca-foi\/#primaryimage"},"thumbnailUrl":"https:\/\/radiolifefm.com.br\/noticias\/wp-content\/uploads\/2022\/04\/WhatsApp-Image-2022-04-10-at-18.43.02.jpeg","articleSection":["Opini\u00e3o"],"inLanguage":"pt-BR"},{"@type":"WebPage","@id":"https:\/\/radiolifefm.com.br\/noticias\/provincia-e-eleicoes-tudo-pode-ser-o-que-nunca-foi\/","url":"https:\/\/radiolifefm.com.br\/noticias\/provincia-e-eleicoes-tudo-pode-ser-o-que-nunca-foi\/","name":"Prov\u00edncia e elei\u00e7\u00f5es: Tudo pode ser o que nunca foi... - R\u00e1dio Life FM","isPartOf":{"@id":"https:\/\/radiolifefm.com.br\/noticias\/#website"},"primaryImageOfPage":{"@id":"https:\/\/radiolifefm.com.br\/noticias\/provincia-e-eleicoes-tudo-pode-ser-o-que-nunca-foi\/#primaryimage"},"image":{"@id":"https:\/\/radiolifefm.com.br\/noticias\/provincia-e-eleicoes-tudo-pode-ser-o-que-nunca-foi\/#primaryimage"},"thumbnailUrl":"https:\/\/radiolifefm.com.br\/noticias\/wp-content\/uploads\/2022\/04\/WhatsApp-Image-2022-04-10-at-18.43.02.jpeg","datePublished":"2022-09-19T15:33:13+00:00","dateModified":"2026-04-03T04:41:51+00:00","breadcrumb":{"@id":"https:\/\/radiolifefm.com.br\/noticias\/provincia-e-eleicoes-tudo-pode-ser-o-que-nunca-foi\/#breadcrumb"},"inLanguage":"pt-BR","potentialAction":[{"@type":"ReadAction","target":["https:\/\/radiolifefm.com.br\/noticias\/provincia-e-eleicoes-tudo-pode-ser-o-que-nunca-foi\/"]}]},{"@type":"ImageObject","inLanguage":"pt-BR","@id":"https:\/\/radiolifefm.com.br\/noticias\/provincia-e-eleicoes-tudo-pode-ser-o-que-nunca-foi\/#primaryimage","url":"https:\/\/radiolifefm.com.br\/noticias\/wp-content\/uploads\/2022\/04\/WhatsApp-Image-2022-04-10-at-18.43.02.jpeg","contentUrl":"https:\/\/radiolifefm.com.br\/noticias\/wp-content\/uploads\/2022\/04\/WhatsApp-Image-2022-04-10-at-18.43.02.jpeg","width":972,"height":1296,"caption":"S\u00e9rgio Barbosa"},{"@type":"BreadcrumbList","@id":"https:\/\/radiolifefm.com.br\/noticias\/provincia-e-eleicoes-tudo-pode-ser-o-que-nunca-foi\/#breadcrumb","itemListElement":[{"@type":"ListItem","position":1,"name":"In\u00edcio","item":"https:\/\/radiolifefm.com.br\/noticias\/"},{"@type":"ListItem","position":2,"name":"Prov\u00edncia e elei\u00e7\u00f5es: Tudo pode ser o que nunca foi&#8230;"}]},{"@type":"WebSite","@id":"https:\/\/radiolifefm.com.br\/noticias\/#website","url":"https:\/\/radiolifefm.com.br\/noticias\/","name":"R\u00e1dio Life FM","description":"O Portal de Not\u00edcias de Adamantina","publisher":{"@id":"https:\/\/radiolifefm.com.br\/noticias\/#organization"},"alternateName":"Life FM","potentialAction":[{"@type":"SearchAction","target":{"@type":"EntryPoint","urlTemplate":"https:\/\/radiolifefm.com.br\/noticias\/?s={search_term_string}"},"query-input":{"@type":"PropertyValueSpecification","valueRequired":true,"valueName":"search_term_string"}}],"inLanguage":"pt-BR"},{"@type":"Organization","@id":"https:\/\/radiolifefm.com.br\/noticias\/#organization","name":"R\u00e1dio Life FM","alternateName":"Life FM","url":"https:\/\/radiolifefm.com.br\/noticias\/","logo":{"@type":"ImageObject","inLanguage":"pt-BR","@id":"https:\/\/radiolifefm.com.br\/noticias\/#\/schema\/logo\/image\/","url":"https:\/\/static.radiolifefm.com.br\/noticias\/wp-content\/uploads\/2019\/10\/logo-lifefm.png","contentUrl":"https:\/\/static.radiolifefm.com.br\/noticias\/wp-content\/uploads\/2019\/10\/logo-lifefm.png","width":196,"height":47,"caption":"R\u00e1dio Life FM"},"image":{"@id":"https:\/\/radiolifefm.com.br\/noticias\/#\/schema\/logo\/image\/"},"sameAs":["https:\/\/www.facebook.com\/radiolifefm\/","https:\/\/www.instagram.com\/life1079fm\/"]},{"@type":"Person","@id":"https:\/\/radiolifefm.com.br\/noticias\/#\/schema\/person\/6339b9fac59d12b071dec680d7375d87","name":"ritanery","image":{"@type":"ImageObject","inLanguage":"pt-BR","@id":"https:\/\/secure.gravatar.com\/avatar\/0e37bb19071f47c0b8a23f62a903df117c5a0e75f65a0c2901562f97cd41cf86?s=96&d=mm&r=g","url":"https:\/\/secure.gravatar.com\/avatar\/0e37bb19071f47c0b8a23f62a903df117c5a0e75f65a0c2901562f97cd41cf86?s=96&d=mm&r=g","contentUrl":"https:\/\/secure.gravatar.com\/avatar\/0e37bb19071f47c0b8a23f62a903df117c5a0e75f65a0c2901562f97cd41cf86?s=96&d=mm&r=g","caption":"ritanery"}}]}},"amp_enabled":true,"_links":{"self":[{"href":"https:\/\/radiolifefm.com.br\/noticias\/wp-json\/wp\/v2\/posts\/58273","targetHints":{"allow":["GET"]}}],"collection":[{"href":"https:\/\/radiolifefm.com.br\/noticias\/wp-json\/wp\/v2\/posts"}],"about":[{"href":"https:\/\/radiolifefm.com.br\/noticias\/wp-json\/wp\/v2\/types\/post"}],"author":[{"embeddable":true,"href":"https:\/\/radiolifefm.com.br\/noticias\/wp-json\/wp\/v2\/users\/13"}],"replies":[{"embeddable":true,"href":"https:\/\/radiolifefm.com.br\/noticias\/wp-json\/wp\/v2\/comments?post=58273"}],"version-history":[{"count":2,"href":"https:\/\/radiolifefm.com.br\/noticias\/wp-json\/wp\/v2\/posts\/58273\/revisions"}],"predecessor-version":[{"id":58275,"href":"https:\/\/radiolifefm.com.br\/noticias\/wp-json\/wp\/v2\/posts\/58273\/revisions\/58275"}],"wp:featuredmedia":[{"embeddable":true,"href":"https:\/\/radiolifefm.com.br\/noticias\/wp-json\/wp\/v2\/media\/51988"}],"wp:attachment":[{"href":"https:\/\/radiolifefm.com.br\/noticias\/wp-json\/wp\/v2\/media?parent=58273"}],"wp:term":[{"taxonomy":"category","embeddable":true,"href":"https:\/\/radiolifefm.com.br\/noticias\/wp-json\/wp\/v2\/categories?post=58273"},{"taxonomy":"post_tag","embeddable":true,"href":"https:\/\/radiolifefm.com.br\/noticias\/wp-json\/wp\/v2\/tags?post=58273"}],"curies":[{"name":"wp","href":"https:\/\/api.w.org\/{rel}","templated":true}]}}