{"id":58250,"date":"2022-09-19T08:24:30","date_gmt":"2022-09-19T11:24:30","guid":{"rendered":"https:\/\/radiolifefm.com.br\/noticias\/?p=58250"},"modified":"2026-01-09T23:57:27","modified_gmt":"2026-01-10T02:57:27","slug":"com-4-mil-inscritos-para-31-vagas-concurso-da-prefeitura-de-adamantina-tera-provas-em-23-de-outubro","status":"publish","type":"post","link":"https:\/\/radiolifefm.com.br\/noticias\/com-4-mil-inscritos-para-31-vagas-concurso-da-prefeitura-de-adamantina-tera-provas-em-23-de-outubro\/","title":{"rendered":"Com 4 mil inscritos para 31 vagas, concurso da Prefeitura de Adamantina ter\u00e1 provas em 23 de outubro"},"content":{"rendered":"<div id=\"fb-root\"><\/div>\n<div>\n<p>Com a oferta de 31 vagas e cadastro reserva em diferentes cargos, o <a href=\"https:\/\/www.sigamais.com\/noticias\/cidades\/abertas-as-inscricoes-para-o-concurso-publico-da-prefeitura-de-adamantina\/?utm_source=sigamais-share-whatsapp&amp;utm_medium=link%20\" target=\"_blank\" rel=\"noopener\"><strong>Concurso P\u00fablico N\u00ba 01\/2022 da Prefeitura de Adamantina<\/strong><\/a> tem o total de 4.091 inscritos, conforme <a href=\"http:\/\/www.conscamweb.com.br\/concurso\/downloadAnexo.do?idAnexo=5022\" target=\"_blank\" rel=\"noopener\"><strong>rela\u00e7\u00e3o<\/strong><\/a>divulgada pelo poder p\u00fablico municipal, consultada pelo SIGA MAIS.<\/p>\n<p>Com esse quando total a propor\u00e7\u00e3o geral \u00e9 de 131 candidatos por vaga, considerando todas as fun\u00e7\u00f5es dispon\u00edveis. Por\u00e9m, para auxiliar administrativo, que disponibiliza uma vaga, s\u00e3o 784 inscritos. Na sequ\u00eancia, o maior n\u00famero de inscritos \u00e9 para educador de EMEI ciclo I, com 678 candidatos para 20 vagas.<\/p>\n<p>As provas estavam inicialmente previstas para ocorrerem neste domingo (18). Por\u00e9m, conforme <a href=\"http:\/\/www.conscamweb.com.br\/concurso\/downloadAnexo.do?idAnexo=4946\" target=\"_blank\" rel=\"noopener\"><strong>rerratifica\u00e7\u00e3o ao edital publicada em 4 de agosto<\/strong><\/a>, foram reprogramadas para ocorrerem no dia 23 de outubro.<\/p>\n<p>Conforme o item 4.2 do edital, \u201ca divulga\u00e7\u00e3o do local e hor\u00e1rio das provas dever\u00e1 ser acompanhada pelo candidato por meio de edital de convoca\u00e7\u00e3o a ser disponibilizado nos sites www.conscamweb.com.br e www.adamantina.sp.gov.br, n\u00e3o podendo ser alegada qualquer esp\u00e9cie de desconhecimento\u201d.<\/p>\n<p><strong>Saiba mais<\/strong><\/p>\n<p>As inscri\u00e7\u00f5es do concurso foram recebidas de 8 a 23 de agosto. A remunera\u00e7\u00e3o para os cargos varia de R$ 1.220,35 e R$ 3.459,67.<\/p>\n<p>As vagas s\u00e3o para os cargos de ajudante geral (feminino), ajudante geral (masculino), auxiliar administrativo, auxiliar de atendimento especializado, auxiliar de desenvolvimento escolar, auxiliar de desenvolvimento infantil (feminino), dentista, educador de Emei ciclo I, inspetor de alunos de escola p\u00fablica, motorista, orientador social, professor de educa\u00e7\u00e3o infantil Emei ciclo II e professor de educa\u00e7\u00e3o fundamental \u2013 Peb II educa\u00e7\u00e3o art\u00edstica.<\/p>\n<p>O concurso ter\u00e1 provas objetivas de car\u00e1ter eliminat\u00f3rio e classificat\u00f3rio para todos os cargos e prova pr\u00e1tica de car\u00e1ter eliminat\u00f3ria e classificat\u00f3ria para os cargos de ajudante geral ( feminino), ajudante geral (masculino) e motorista e provas de t\u00edtulos de car\u00e1ter classificat\u00f3rio para os cargos de educador de Emei ciclo I; professor de educa\u00e7\u00e3o infantil Emei ciclo II e professor de educa\u00e7\u00e3o fundamental &#8211; Peb II &#8211; educa\u00e7\u00e3o art\u00edstica.<\/p>\n<\/div>\n<p>Fonte: Siga Mais<\/p>\n","protected":false},"excerpt":{"rendered":"<p>Com a oferta de 31 vagas e cadastro reserva em diferentes cargos, o Concurso P\u00fablico N\u00ba 01\/2022 da Prefeitura de Adamantina tem o total de 4.091 inscritos, conforme rela\u00e7\u00e3odivulgada pelo poder p\u00fablico municipal, consultada pelo SIGA MAIS. Com esse quando total a propor\u00e7\u00e3o geral \u00e9 de 131 candidatos por vaga, considerando todas as fun\u00e7\u00f5es dispon\u00edveis. [&hellip;]<\/p>\n","protected":false},"author":13,"featured_media":37049,"comment_status":"closed","ping_status":"open","sticky":false,"template":"","format":"standard","meta":{"_acf_changed":false,"_exactmetrics_skip_tracking":false,"_exactmetrics_sitenote_active":false,"_exactmetrics_sitenote_note":"","_exactmetrics_sitenote_category":0,"footnotes":""},"categories":[21],"tags":[],"class_list":["post-58250","post","type-post","status-publish","format-standard","has-post-thumbnail","hentry","category-adamantina"],"acf":[],"yoast_head":"<!-- This site is optimized with the Yoast SEO plugin v27.2 - https:\/\/yoast.com\/product\/yoast-seo-wordpress\/ -->\n<title>Com 4 mil inscritos para 31 vagas, concurso da Prefeitura de Adamantina ter\u00e1 provas em 23 de outubro - R\u00e1dio Life FM<\/title>\n<meta name=\"robots\" content=\"index, follow, max-snippet:-1, max-image-preview:large, max-video-preview:-1\" \/>\n<link rel=\"canonical\" href=\"https:\/\/radiolifefm.com.br\/noticias\/com-4-mil-inscritos-para-31-vagas-concurso-da-prefeitura-de-adamantina-tera-provas-em-23-de-outubro\/\" \/>\n<meta property=\"og:locale\" content=\"pt_BR\" \/>\n<meta property=\"og:type\" content=\"article\" \/>\n<meta property=\"og:title\" content=\"Com 4 mil inscritos para 31 vagas, concurso da Prefeitura de Adamantina ter\u00e1 provas em 23 de outubro - R\u00e1dio Life FM\" \/>\n<meta property=\"og:description\" content=\"Com a oferta de 31 vagas e cadastro reserva em diferentes cargos, o Concurso P\u00fablico N\u00ba 01\/2022 da Prefeitura de Adamantina tem o total de 4.091 inscritos, conforme rela\u00e7\u00e3odivulgada pelo poder p\u00fablico municipal, consultada pelo SIGA MAIS. Com esse quando total a propor\u00e7\u00e3o geral \u00e9 de 131 candidatos por vaga, considerando todas as fun\u00e7\u00f5es dispon\u00edveis. [&hellip;]\" \/>\n<meta property=\"og:url\" content=\"https:\/\/radiolifefm.com.br\/noticias\/com-4-mil-inscritos-para-31-vagas-concurso-da-prefeitura-de-adamantina-tera-provas-em-23-de-outubro\/\" \/>\n<meta property=\"og:site_name\" content=\"R\u00e1dio Life FM\" \/>\n<meta property=\"article:publisher\" content=\"https:\/\/www.facebook.com\/radiolifefm\/\" \/>\n<meta property=\"article:published_time\" content=\"2022-09-19T11:24:30+00:00\" \/>\n<meta property=\"article:modified_time\" content=\"2026-01-10T02:57:27+00:00\" \/>\n<meta property=\"og:image\" content=\"https:\/\/radiolifefm.com.br\/noticias\/wp-content\/uploads\/2021\/03\/pna-lupapng161694042360608d8786c6b.jpg\" \/>\n\t<meta property=\"og:image:width\" content=\"540\" \/>\n\t<meta property=\"og:image:height\" content=\"300\" \/>\n\t<meta property=\"og:image:type\" content=\"image\/jpeg\" \/>\n<meta name=\"author\" content=\"ritanery\" \/>\n<meta name=\"twitter:card\" content=\"summary_large_image\" \/>\n<meta name=\"twitter:label1\" content=\"Escrito por\" \/>\n\t<meta name=\"twitter:data1\" content=\"ritanery\" \/>\n\t<meta name=\"twitter:label2\" content=\"Est. tempo de leitura\" \/>\n\t<meta name=\"twitter:data2\" content=\"2 minutos\" \/>\n<script type=\"application\/ld+json\" class=\"yoast-schema-graph\">{\"@context\":\"https:\/\/schema.org\",\"@graph\":[{\"@type\":\"Article\",\"@id\":\"https:\/\/radiolifefm.com.br\/noticias\/com-4-mil-inscritos-para-31-vagas-concurso-da-prefeitura-de-adamantina-tera-provas-em-23-de-outubro\/#article\",\"isPartOf\":{\"@id\":\"https:\/\/radiolifefm.com.br\/noticias\/com-4-mil-inscritos-para-31-vagas-concurso-da-prefeitura-de-adamantina-tera-provas-em-23-de-outubro\/\"},\"author\":{\"name\":\"ritanery\",\"@id\":\"https:\/\/radiolifefm.com.br\/noticias\/#\/schema\/person\/6339b9fac59d12b071dec680d7375d87\"},\"headline\":\"Com 4 mil inscritos para 31 vagas, concurso da Prefeitura de Adamantina ter\u00e1 provas em 23 de outubro\",\"datePublished\":\"2022-09-19T11:24:30+00:00\",\"dateModified\":\"2026-01-10T02:57:27+00:00\",\"mainEntityOfPage\":{\"@id\":\"https:\/\/radiolifefm.com.br\/noticias\/com-4-mil-inscritos-para-31-vagas-concurso-da-prefeitura-de-adamantina-tera-provas-em-23-de-outubro\/\"},\"wordCount\":357,\"publisher\":{\"@id\":\"https:\/\/radiolifefm.com.br\/noticias\/#organization\"},\"image\":{\"@id\":\"https:\/\/radiolifefm.com.br\/noticias\/com-4-mil-inscritos-para-31-vagas-concurso-da-prefeitura-de-adamantina-tera-provas-em-23-de-outubro\/#primaryimage\"},\"thumbnailUrl\":\"https:\/\/radiolifefm.com.br\/noticias\/wp-content\/uploads\/2021\/03\/pna-lupapng161694042360608d8786c6b.jpg\",\"articleSection\":[\"Adamantina\"],\"inLanguage\":\"pt-BR\"},{\"@type\":\"WebPage\",\"@id\":\"https:\/\/radiolifefm.com.br\/noticias\/com-4-mil-inscritos-para-31-vagas-concurso-da-prefeitura-de-adamantina-tera-provas-em-23-de-outubro\/\",\"url\":\"https:\/\/radiolifefm.com.br\/noticias\/com-4-mil-inscritos-para-31-vagas-concurso-da-prefeitura-de-adamantina-tera-provas-em-23-de-outubro\/\",\"name\":\"Com 4 mil inscritos para 31 vagas, concurso da Prefeitura de Adamantina ter\u00e1 provas em 23 de outubro - R\u00e1dio Life FM\",\"isPartOf\":{\"@id\":\"https:\/\/radiolifefm.com.br\/noticias\/#website\"},\"primaryImageOfPage\":{\"@id\":\"https:\/\/radiolifefm.com.br\/noticias\/com-4-mil-inscritos-para-31-vagas-concurso-da-prefeitura-de-adamantina-tera-provas-em-23-de-outubro\/#primaryimage\"},\"image\":{\"@id\":\"https:\/\/radiolifefm.com.br\/noticias\/com-4-mil-inscritos-para-31-vagas-concurso-da-prefeitura-de-adamantina-tera-provas-em-23-de-outubro\/#primaryimage\"},\"thumbnailUrl\":\"https:\/\/radiolifefm.com.br\/noticias\/wp-content\/uploads\/2021\/03\/pna-lupapng161694042360608d8786c6b.jpg\",\"datePublished\":\"2022-09-19T11:24:30+00:00\",\"dateModified\":\"2026-01-10T02:57:27+00:00\",\"breadcrumb\":{\"@id\":\"https:\/\/radiolifefm.com.br\/noticias\/com-4-mil-inscritos-para-31-vagas-concurso-da-prefeitura-de-adamantina-tera-provas-em-23-de-outubro\/#breadcrumb\"},\"inLanguage\":\"pt-BR\",\"potentialAction\":[{\"@type\":\"ReadAction\",\"target\":[\"https:\/\/radiolifefm.com.br\/noticias\/com-4-mil-inscritos-para-31-vagas-concurso-da-prefeitura-de-adamantina-tera-provas-em-23-de-outubro\/\"]}]},{\"@type\":\"ImageObject\",\"inLanguage\":\"pt-BR\",\"@id\":\"https:\/\/radiolifefm.com.br\/noticias\/com-4-mil-inscritos-para-31-vagas-concurso-da-prefeitura-de-adamantina-tera-provas-em-23-de-outubro\/#primaryimage\",\"url\":\"https:\/\/radiolifefm.com.br\/noticias\/wp-content\/uploads\/2021\/03\/pna-lupapng161694042360608d8786c6b.jpg\",\"contentUrl\":\"https:\/\/radiolifefm.com.br\/noticias\/wp-content\/uploads\/2021\/03\/pna-lupapng161694042360608d8786c6b.jpg\",\"width\":540,\"height\":300,\"caption\":\"Coleta de lixo funcionar\u00e1 normalmente na segunda-feira (20) e na ter\u00e7a-feira (21)\"},{\"@type\":\"BreadcrumbList\",\"@id\":\"https:\/\/radiolifefm.com.br\/noticias\/com-4-mil-inscritos-para-31-vagas-concurso-da-prefeitura-de-adamantina-tera-provas-em-23-de-outubro\/#breadcrumb\",\"itemListElement\":[{\"@type\":\"ListItem\",\"position\":1,\"name\":\"In\u00edcio\",\"item\":\"https:\/\/radiolifefm.com.br\/noticias\/\"},{\"@type\":\"ListItem\",\"position\":2,\"name\":\"Com 4 mil inscritos para 31 vagas, concurso da Prefeitura de Adamantina ter\u00e1 provas em 23 de outubro\"}]},{\"@type\":\"WebSite\",\"@id\":\"https:\/\/radiolifefm.com.br\/noticias\/#website\",\"url\":\"https:\/\/radiolifefm.com.br\/noticias\/\",\"name\":\"R\u00e1dio Life FM\",\"description\":\"O Portal de Not\u00edcias de Adamantina\",\"publisher\":{\"@id\":\"https:\/\/radiolifefm.com.br\/noticias\/#organization\"},\"alternateName\":\"Life FM\",\"potentialAction\":[{\"@type\":\"SearchAction\",\"target\":{\"@type\":\"EntryPoint\",\"urlTemplate\":\"https:\/\/radiolifefm.com.br\/noticias\/?s={search_term_string}\"},\"query-input\":{\"@type\":\"PropertyValueSpecification\",\"valueRequired\":true,\"valueName\":\"search_term_string\"}}],\"inLanguage\":\"pt-BR\"},{\"@type\":\"Organization\",\"@id\":\"https:\/\/radiolifefm.com.br\/noticias\/#organization\",\"name\":\"R\u00e1dio Life FM\",\"alternateName\":\"Life FM\",\"url\":\"https:\/\/radiolifefm.com.br\/noticias\/\",\"logo\":{\"@type\":\"ImageObject\",\"inLanguage\":\"pt-BR\",\"@id\":\"https:\/\/radiolifefm.com.br\/noticias\/#\/schema\/logo\/image\/\",\"url\":\"https:\/\/static.radiolifefm.com.br\/noticias\/wp-content\/uploads\/2019\/10\/logo-lifefm.png\",\"contentUrl\":\"https:\/\/static.radiolifefm.com.br\/noticias\/wp-content\/uploads\/2019\/10\/logo-lifefm.png\",\"width\":196,\"height\":47,\"caption\":\"R\u00e1dio Life FM\"},\"image\":{\"@id\":\"https:\/\/radiolifefm.com.br\/noticias\/#\/schema\/logo\/image\/\"},\"sameAs\":[\"https:\/\/www.facebook.com\/radiolifefm\/\",\"https:\/\/www.instagram.com\/life1079fm\/\"]},{\"@type\":\"Person\",\"@id\":\"https:\/\/radiolifefm.com.br\/noticias\/#\/schema\/person\/6339b9fac59d12b071dec680d7375d87\",\"name\":\"ritanery\",\"image\":{\"@type\":\"ImageObject\",\"inLanguage\":\"pt-BR\",\"@id\":\"https:\/\/secure.gravatar.com\/avatar\/0e37bb19071f47c0b8a23f62a903df117c5a0e75f65a0c2901562f97cd41cf86?s=96&d=mm&r=g\",\"url\":\"https:\/\/secure.gravatar.com\/avatar\/0e37bb19071f47c0b8a23f62a903df117c5a0e75f65a0c2901562f97cd41cf86?s=96&d=mm&r=g\",\"contentUrl\":\"https:\/\/secure.gravatar.com\/avatar\/0e37bb19071f47c0b8a23f62a903df117c5a0e75f65a0c2901562f97cd41cf86?s=96&d=mm&r=g\",\"caption\":\"ritanery\"}}]}<\/script>\n<!-- \/ Yoast SEO plugin. -->","yoast_head_json":{"title":"Com 4 mil inscritos para 31 vagas, concurso da Prefeitura de Adamantina ter\u00e1 provas em 23 de outubro - R\u00e1dio Life FM","robots":{"index":"index","follow":"follow","max-snippet":"max-snippet:-1","max-image-preview":"max-image-preview:large","max-video-preview":"max-video-preview:-1"},"canonical":"https:\/\/radiolifefm.com.br\/noticias\/com-4-mil-inscritos-para-31-vagas-concurso-da-prefeitura-de-adamantina-tera-provas-em-23-de-outubro\/","og_locale":"pt_BR","og_type":"article","og_title":"Com 4 mil inscritos para 31 vagas, concurso da Prefeitura de Adamantina ter\u00e1 provas em 23 de outubro - R\u00e1dio Life FM","og_description":"Com a oferta de 31 vagas e cadastro reserva em diferentes cargos, o Concurso P\u00fablico N\u00ba 01\/2022 da Prefeitura de Adamantina tem o total de 4.091 inscritos, conforme rela\u00e7\u00e3odivulgada pelo poder p\u00fablico municipal, consultada pelo SIGA MAIS. Com esse quando total a propor\u00e7\u00e3o geral \u00e9 de 131 candidatos por vaga, considerando todas as fun\u00e7\u00f5es dispon\u00edveis. [&hellip;]","og_url":"https:\/\/radiolifefm.com.br\/noticias\/com-4-mil-inscritos-para-31-vagas-concurso-da-prefeitura-de-adamantina-tera-provas-em-23-de-outubro\/","og_site_name":"R\u00e1dio Life FM","article_publisher":"https:\/\/www.facebook.com\/radiolifefm\/","article_published_time":"2022-09-19T11:24:30+00:00","article_modified_time":"2026-01-10T02:57:27+00:00","og_image":[{"width":540,"height":300,"url":"https:\/\/radiolifefm.com.br\/noticias\/wp-content\/uploads\/2021\/03\/pna-lupapng161694042360608d8786c6b.jpg","type":"image\/jpeg"}],"author":"ritanery","twitter_card":"summary_large_image","twitter_misc":{"Escrito por":"ritanery","Est. tempo de leitura":"2 minutos"},"schema":{"@context":"https:\/\/schema.org","@graph":[{"@type":"Article","@id":"https:\/\/radiolifefm.com.br\/noticias\/com-4-mil-inscritos-para-31-vagas-concurso-da-prefeitura-de-adamantina-tera-provas-em-23-de-outubro\/#article","isPartOf":{"@id":"https:\/\/radiolifefm.com.br\/noticias\/com-4-mil-inscritos-para-31-vagas-concurso-da-prefeitura-de-adamantina-tera-provas-em-23-de-outubro\/"},"author":{"name":"ritanery","@id":"https:\/\/radiolifefm.com.br\/noticias\/#\/schema\/person\/6339b9fac59d12b071dec680d7375d87"},"headline":"Com 4 mil inscritos para 31 vagas, concurso da Prefeitura de Adamantina ter\u00e1 provas em 23 de outubro","datePublished":"2022-09-19T11:24:30+00:00","dateModified":"2026-01-10T02:57:27+00:00","mainEntityOfPage":{"@id":"https:\/\/radiolifefm.com.br\/noticias\/com-4-mil-inscritos-para-31-vagas-concurso-da-prefeitura-de-adamantina-tera-provas-em-23-de-outubro\/"},"wordCount":357,"publisher":{"@id":"https:\/\/radiolifefm.com.br\/noticias\/#organization"},"image":{"@id":"https:\/\/radiolifefm.com.br\/noticias\/com-4-mil-inscritos-para-31-vagas-concurso-da-prefeitura-de-adamantina-tera-provas-em-23-de-outubro\/#primaryimage"},"thumbnailUrl":"https:\/\/radiolifefm.com.br\/noticias\/wp-content\/uploads\/2021\/03\/pna-lupapng161694042360608d8786c6b.jpg","articleSection":["Adamantina"],"inLanguage":"pt-BR"},{"@type":"WebPage","@id":"https:\/\/radiolifefm.com.br\/noticias\/com-4-mil-inscritos-para-31-vagas-concurso-da-prefeitura-de-adamantina-tera-provas-em-23-de-outubro\/","url":"https:\/\/radiolifefm.com.br\/noticias\/com-4-mil-inscritos-para-31-vagas-concurso-da-prefeitura-de-adamantina-tera-provas-em-23-de-outubro\/","name":"Com 4 mil inscritos para 31 vagas, concurso da Prefeitura de Adamantina ter\u00e1 provas em 23 de outubro - R\u00e1dio Life FM","isPartOf":{"@id":"https:\/\/radiolifefm.com.br\/noticias\/#website"},"primaryImageOfPage":{"@id":"https:\/\/radiolifefm.com.br\/noticias\/com-4-mil-inscritos-para-31-vagas-concurso-da-prefeitura-de-adamantina-tera-provas-em-23-de-outubro\/#primaryimage"},"image":{"@id":"https:\/\/radiolifefm.com.br\/noticias\/com-4-mil-inscritos-para-31-vagas-concurso-da-prefeitura-de-adamantina-tera-provas-em-23-de-outubro\/#primaryimage"},"thumbnailUrl":"https:\/\/radiolifefm.com.br\/noticias\/wp-content\/uploads\/2021\/03\/pna-lupapng161694042360608d8786c6b.jpg","datePublished":"2022-09-19T11:24:30+00:00","dateModified":"2026-01-10T02:57:27+00:00","breadcrumb":{"@id":"https:\/\/radiolifefm.com.br\/noticias\/com-4-mil-inscritos-para-31-vagas-concurso-da-prefeitura-de-adamantina-tera-provas-em-23-de-outubro\/#breadcrumb"},"inLanguage":"pt-BR","potentialAction":[{"@type":"ReadAction","target":["https:\/\/radiolifefm.com.br\/noticias\/com-4-mil-inscritos-para-31-vagas-concurso-da-prefeitura-de-adamantina-tera-provas-em-23-de-outubro\/"]}]},{"@type":"ImageObject","inLanguage":"pt-BR","@id":"https:\/\/radiolifefm.com.br\/noticias\/com-4-mil-inscritos-para-31-vagas-concurso-da-prefeitura-de-adamantina-tera-provas-em-23-de-outubro\/#primaryimage","url":"https:\/\/radiolifefm.com.br\/noticias\/wp-content\/uploads\/2021\/03\/pna-lupapng161694042360608d8786c6b.jpg","contentUrl":"https:\/\/radiolifefm.com.br\/noticias\/wp-content\/uploads\/2021\/03\/pna-lupapng161694042360608d8786c6b.jpg","width":540,"height":300,"caption":"Coleta de lixo funcionar\u00e1 normalmente na segunda-feira (20) e na ter\u00e7a-feira (21)"},{"@type":"BreadcrumbList","@id":"https:\/\/radiolifefm.com.br\/noticias\/com-4-mil-inscritos-para-31-vagas-concurso-da-prefeitura-de-adamantina-tera-provas-em-23-de-outubro\/#breadcrumb","itemListElement":[{"@type":"ListItem","position":1,"name":"In\u00edcio","item":"https:\/\/radiolifefm.com.br\/noticias\/"},{"@type":"ListItem","position":2,"name":"Com 4 mil inscritos para 31 vagas, concurso da Prefeitura de Adamantina ter\u00e1 provas em 23 de outubro"}]},{"@type":"WebSite","@id":"https:\/\/radiolifefm.com.br\/noticias\/#website","url":"https:\/\/radiolifefm.com.br\/noticias\/","name":"R\u00e1dio Life FM","description":"O Portal de Not\u00edcias de Adamantina","publisher":{"@id":"https:\/\/radiolifefm.com.br\/noticias\/#organization"},"alternateName":"Life FM","potentialAction":[{"@type":"SearchAction","target":{"@type":"EntryPoint","urlTemplate":"https:\/\/radiolifefm.com.br\/noticias\/?s={search_term_string}"},"query-input":{"@type":"PropertyValueSpecification","valueRequired":true,"valueName":"search_term_string"}}],"inLanguage":"pt-BR"},{"@type":"Organization","@id":"https:\/\/radiolifefm.com.br\/noticias\/#organization","name":"R\u00e1dio Life FM","alternateName":"Life FM","url":"https:\/\/radiolifefm.com.br\/noticias\/","logo":{"@type":"ImageObject","inLanguage":"pt-BR","@id":"https:\/\/radiolifefm.com.br\/noticias\/#\/schema\/logo\/image\/","url":"https:\/\/static.radiolifefm.com.br\/noticias\/wp-content\/uploads\/2019\/10\/logo-lifefm.png","contentUrl":"https:\/\/static.radiolifefm.com.br\/noticias\/wp-content\/uploads\/2019\/10\/logo-lifefm.png","width":196,"height":47,"caption":"R\u00e1dio Life FM"},"image":{"@id":"https:\/\/radiolifefm.com.br\/noticias\/#\/schema\/logo\/image\/"},"sameAs":["https:\/\/www.facebook.com\/radiolifefm\/","https:\/\/www.instagram.com\/life1079fm\/"]},{"@type":"Person","@id":"https:\/\/radiolifefm.com.br\/noticias\/#\/schema\/person\/6339b9fac59d12b071dec680d7375d87","name":"ritanery","image":{"@type":"ImageObject","inLanguage":"pt-BR","@id":"https:\/\/secure.gravatar.com\/avatar\/0e37bb19071f47c0b8a23f62a903df117c5a0e75f65a0c2901562f97cd41cf86?s=96&d=mm&r=g","url":"https:\/\/secure.gravatar.com\/avatar\/0e37bb19071f47c0b8a23f62a903df117c5a0e75f65a0c2901562f97cd41cf86?s=96&d=mm&r=g","contentUrl":"https:\/\/secure.gravatar.com\/avatar\/0e37bb19071f47c0b8a23f62a903df117c5a0e75f65a0c2901562f97cd41cf86?s=96&d=mm&r=g","caption":"ritanery"}}]}},"amp_enabled":true,"_links":{"self":[{"href":"https:\/\/radiolifefm.com.br\/noticias\/wp-json\/wp\/v2\/posts\/58250","targetHints":{"allow":["GET"]}}],"collection":[{"href":"https:\/\/radiolifefm.com.br\/noticias\/wp-json\/wp\/v2\/posts"}],"about":[{"href":"https:\/\/radiolifefm.com.br\/noticias\/wp-json\/wp\/v2\/types\/post"}],"author":[{"embeddable":true,"href":"https:\/\/radiolifefm.com.br\/noticias\/wp-json\/wp\/v2\/users\/13"}],"replies":[{"embeddable":true,"href":"https:\/\/radiolifefm.com.br\/noticias\/wp-json\/wp\/v2\/comments?post=58250"}],"version-history":[{"count":2,"href":"https:\/\/radiolifefm.com.br\/noticias\/wp-json\/wp\/v2\/posts\/58250\/revisions"}],"predecessor-version":[{"id":58252,"href":"https:\/\/radiolifefm.com.br\/noticias\/wp-json\/wp\/v2\/posts\/58250\/revisions\/58252"}],"wp:featuredmedia":[{"embeddable":true,"href":"https:\/\/radiolifefm.com.br\/noticias\/wp-json\/wp\/v2\/media\/37049"}],"wp:attachment":[{"href":"https:\/\/radiolifefm.com.br\/noticias\/wp-json\/wp\/v2\/media?parent=58250"}],"wp:term":[{"taxonomy":"category","embeddable":true,"href":"https:\/\/radiolifefm.com.br\/noticias\/wp-json\/wp\/v2\/categories?post=58250"},{"taxonomy":"post_tag","embeddable":true,"href":"https:\/\/radiolifefm.com.br\/noticias\/wp-json\/wp\/v2\/tags?post=58250"}],"curies":[{"name":"wp","href":"https:\/\/api.w.org\/{rel}","templated":true}]}}