{"id":58213,"date":"2022-09-18T12:39:44","date_gmt":"2022-09-18T15:39:44","guid":{"rendered":"https:\/\/radiolifefm.com.br\/noticias\/?p=58213"},"modified":"2026-03-03T07:10:19","modified_gmt":"2026-03-03T10:10:19","slug":"apos-carro-colidir-com-caminhao-canavieiro-casal-morre-no-acesso-da-rodovia-general-euclides-de-oliveira-figueiredo-em-mirante-do-paranapanema","status":"publish","type":"post","link":"https:\/\/radiolifefm.com.br\/noticias\/apos-carro-colidir-com-caminhao-canavieiro-casal-morre-no-acesso-da-rodovia-general-euclides-de-oliveira-figueiredo-em-mirante-do-paranapanema\/","title":{"rendered":"Ap\u00f3s carro colidir com caminh\u00e3o canavieiro, casal morre no acesso da Rodovia General Euclides de Oliveira Figueiredo, em Mirante do Paranapanema"},"content":{"rendered":"<div id=\"fb-root\"><\/div>\n<p>Um homem, de 66 anos, e uma mulher, de 71 anos, morreram, na noite desta sexta-feira (16), ap\u00f3s colidir o carro que trafegavam na lateral de um caminh\u00e3o canavieiro no km 12,500 da SPA 001\/563, que d\u00e1 acesso \u00e0 Rodovia General Euclides de Oliveira Figueiredo (SP-563), em\u00a0<b><a style=\"font-style: inherit\" href=\"https:\/\/g1.globo.com\/sp\/presidente-prudente-regiao\/cidade\/mirante-do-paranapanema\/\">Mirante do Paranapanema (SP)<\/a><\/b>.<\/p>\n<p data-track-category=\"Link no Texto\" data-track-links=\"\">Conforme informa\u00e7\u00f5es da Pol\u00edcia Rodovi\u00e1ria, a equipe foi acionada para realizar o atendimento de um acidente e, no local, constatou que um carro com placas de\u00a0<b><a style=\"font-style: inherit\" href=\"https:\/\/g1.globo.com\/sp\/presidente-prudente-regiao\/cidade\/rosana\/\">Rosana (SP)<\/a><\/b>\u00a0colidiu na lateral esquerda de um caminh\u00e3o canavieiro, com placas de\u00a0<b><a style=\"font-style: inherit\" href=\"https:\/\/g1.globo.com\/sp\/sao-paulo\/cidade\/sao-paulo\/\">S\u00e3o Paulo (SP)<\/a><\/b>, que saia de \u00e1rea rural e fazia uma convers\u00e3o na pista.<\/p>\n<p data-track-category=\"Link no Texto\" data-track-links=\"\">O casal mora em Rosana e foi socorrido ao Pronto-Socorro de\u00a0<b><a style=\"font-style: inherit\" href=\"https:\/\/g1.globo.com\/sp\/presidente-prudente-regiao\/cidade\/teodoro-sampaio-sp\/\">Teodoro Sampaio (SP)<\/a><\/b>. Eles n\u00e3o resistiram aos ferimentos e morreram.<\/p>\n<p data-track-category=\"Link no Texto\" data-track-links=\"\">J\u00e1 o condutor do caminh\u00e3o n\u00e3o se feriu e realizou o teste do baf\u00f4metro, que n\u00e3o constatou presen\u00e7a de \u00e1lcool.<\/p>\n<p>&nbsp;<\/p>\n<p>&nbsp;<\/p>\n<p>Fonte: G1<\/p>\n","protected":false},"excerpt":{"rendered":"<p>Um homem, de 66 anos, e uma mulher, de 71 anos, morreram, na noite desta sexta-feira (16), ap\u00f3s colidir o carro que trafegavam na lateral de um caminh\u00e3o canavieiro no km 12,500 da SPA 001\/563, que d\u00e1 acesso \u00e0 Rodovia General Euclides de Oliveira Figueiredo (SP-563), em\u00a0Mirante do Paranapanema (SP). Conforme informa\u00e7\u00f5es da Pol\u00edcia Rodovi\u00e1ria, [&hellip;]<\/p>\n","protected":false},"author":13,"featured_media":58214,"comment_status":"closed","ping_status":"open","sticky":false,"template":"","format":"standard","meta":{"_acf_changed":false,"_exactmetrics_skip_tracking":false,"_exactmetrics_sitenote_active":false,"_exactmetrics_sitenote_note":"","_exactmetrics_sitenote_category":0,"footnotes":""},"categories":[21],"tags":[],"class_list":["post-58213","post","type-post","status-publish","format-standard","has-post-thumbnail","hentry","category-adamantina"],"acf":[],"yoast_head":"<!-- This site is optimized with the Yoast SEO plugin v27.2 - https:\/\/yoast.com\/product\/yoast-seo-wordpress\/ -->\n<title>Ap\u00f3s carro colidir com caminh\u00e3o canavieiro, casal morre no acesso da Rodovia General Euclides de Oliveira Figueiredo, em Mirante do Paranapanema - R\u00e1dio Life FM<\/title>\n<meta name=\"robots\" content=\"index, follow, max-snippet:-1, max-image-preview:large, max-video-preview:-1\" \/>\n<link rel=\"canonical\" href=\"https:\/\/radiolifefm.com.br\/noticias\/apos-carro-colidir-com-caminhao-canavieiro-casal-morre-no-acesso-da-rodovia-general-euclides-de-oliveira-figueiredo-em-mirante-do-paranapanema\/\" \/>\n<meta property=\"og:locale\" content=\"pt_BR\" \/>\n<meta property=\"og:type\" content=\"article\" \/>\n<meta property=\"og:title\" content=\"Ap\u00f3s carro colidir com caminh\u00e3o canavieiro, casal morre no acesso da Rodovia General Euclides de Oliveira Figueiredo, em Mirante do Paranapanema - R\u00e1dio Life FM\" \/>\n<meta property=\"og:description\" content=\"Um homem, de 66 anos, e uma mulher, de 71 anos, morreram, na noite desta sexta-feira (16), ap\u00f3s colidir o carro que trafegavam na lateral de um caminh\u00e3o canavieiro no km 12,500 da SPA 001\/563, que d\u00e1 acesso \u00e0 Rodovia General Euclides de Oliveira Figueiredo (SP-563), em\u00a0Mirante do Paranapanema (SP). Conforme informa\u00e7\u00f5es da Pol\u00edcia Rodovi\u00e1ria, [&hellip;]\" \/>\n<meta property=\"og:url\" content=\"https:\/\/radiolifefm.com.br\/noticias\/apos-carro-colidir-com-caminhao-canavieiro-casal-morre-no-acesso-da-rodovia-general-euclides-de-oliveira-figueiredo-em-mirante-do-paranapanema\/\" \/>\n<meta property=\"og:site_name\" content=\"R\u00e1dio Life FM\" \/>\n<meta property=\"article:publisher\" content=\"https:\/\/www.facebook.com\/radiolifefm\/\" \/>\n<meta property=\"article:published_time\" content=\"2022-09-18T15:39:44+00:00\" \/>\n<meta property=\"article:modified_time\" content=\"2026-03-03T10:10:19+00:00\" \/>\n<meta property=\"og:image\" content=\"https:\/\/radiolifefm.com.br\/noticias\/wp-content\/uploads\/2022\/09\/cats-29.jpg\" \/>\n\t<meta property=\"og:image:width\" content=\"984\" \/>\n\t<meta property=\"og:image:height\" content=\"738\" \/>\n\t<meta property=\"og:image:type\" content=\"image\/jpeg\" \/>\n<meta name=\"author\" content=\"ritanery\" \/>\n<meta name=\"twitter:card\" content=\"summary_large_image\" \/>\n<meta name=\"twitter:label1\" content=\"Escrito por\" \/>\n\t<meta name=\"twitter:data1\" content=\"ritanery\" \/>\n\t<meta name=\"twitter:label2\" content=\"Est. tempo de leitura\" \/>\n\t<meta name=\"twitter:data2\" content=\"1 minuto\" \/>\n<script type=\"application\/ld+json\" class=\"yoast-schema-graph\">{\"@context\":\"https:\/\/schema.org\",\"@graph\":[{\"@type\":\"Article\",\"@id\":\"https:\/\/radiolifefm.com.br\/noticias\/apos-carro-colidir-com-caminhao-canavieiro-casal-morre-no-acesso-da-rodovia-general-euclides-de-oliveira-figueiredo-em-mirante-do-paranapanema\/#article\",\"isPartOf\":{\"@id\":\"https:\/\/radiolifefm.com.br\/noticias\/apos-carro-colidir-com-caminhao-canavieiro-casal-morre-no-acesso-da-rodovia-general-euclides-de-oliveira-figueiredo-em-mirante-do-paranapanema\/\"},\"author\":{\"name\":\"ritanery\",\"@id\":\"https:\/\/radiolifefm.com.br\/noticias\/#\/schema\/person\/6339b9fac59d12b071dec680d7375d87\"},\"headline\":\"Ap\u00f3s carro colidir com caminh\u00e3o canavieiro, casal morre no acesso da Rodovia General Euclides de Oliveira Figueiredo, em Mirante do Paranapanema\",\"datePublished\":\"2022-09-18T15:39:44+00:00\",\"dateModified\":\"2026-03-03T10:10:19+00:00\",\"mainEntityOfPage\":{\"@id\":\"https:\/\/radiolifefm.com.br\/noticias\/apos-carro-colidir-com-caminhao-canavieiro-casal-morre-no-acesso-da-rodovia-general-euclides-de-oliveira-figueiredo-em-mirante-do-paranapanema\/\"},\"wordCount\":180,\"publisher\":{\"@id\":\"https:\/\/radiolifefm.com.br\/noticias\/#organization\"},\"image\":{\"@id\":\"https:\/\/radiolifefm.com.br\/noticias\/apos-carro-colidir-com-caminhao-canavieiro-casal-morre-no-acesso-da-rodovia-general-euclides-de-oliveira-figueiredo-em-mirante-do-paranapanema\/#primaryimage\"},\"thumbnailUrl\":\"https:\/\/radiolifefm.com.br\/noticias\/wp-content\/uploads\/2022\/09\/cats-29.jpg\",\"articleSection\":[\"Adamantina\"],\"inLanguage\":\"pt-BR\"},{\"@type\":\"WebPage\",\"@id\":\"https:\/\/radiolifefm.com.br\/noticias\/apos-carro-colidir-com-caminhao-canavieiro-casal-morre-no-acesso-da-rodovia-general-euclides-de-oliveira-figueiredo-em-mirante-do-paranapanema\/\",\"url\":\"https:\/\/radiolifefm.com.br\/noticias\/apos-carro-colidir-com-caminhao-canavieiro-casal-morre-no-acesso-da-rodovia-general-euclides-de-oliveira-figueiredo-em-mirante-do-paranapanema\/\",\"name\":\"Ap\u00f3s carro colidir com caminh\u00e3o canavieiro, casal morre no acesso da Rodovia General Euclides de Oliveira Figueiredo, em Mirante do Paranapanema - R\u00e1dio Life FM\",\"isPartOf\":{\"@id\":\"https:\/\/radiolifefm.com.br\/noticias\/#website\"},\"primaryImageOfPage\":{\"@id\":\"https:\/\/radiolifefm.com.br\/noticias\/apos-carro-colidir-com-caminhao-canavieiro-casal-morre-no-acesso-da-rodovia-general-euclides-de-oliveira-figueiredo-em-mirante-do-paranapanema\/#primaryimage\"},\"image\":{\"@id\":\"https:\/\/radiolifefm.com.br\/noticias\/apos-carro-colidir-com-caminhao-canavieiro-casal-morre-no-acesso-da-rodovia-general-euclides-de-oliveira-figueiredo-em-mirante-do-paranapanema\/#primaryimage\"},\"thumbnailUrl\":\"https:\/\/radiolifefm.com.br\/noticias\/wp-content\/uploads\/2022\/09\/cats-29.jpg\",\"datePublished\":\"2022-09-18T15:39:44+00:00\",\"dateModified\":\"2026-03-03T10:10:19+00:00\",\"breadcrumb\":{\"@id\":\"https:\/\/radiolifefm.com.br\/noticias\/apos-carro-colidir-com-caminhao-canavieiro-casal-morre-no-acesso-da-rodovia-general-euclides-de-oliveira-figueiredo-em-mirante-do-paranapanema\/#breadcrumb\"},\"inLanguage\":\"pt-BR\",\"potentialAction\":[{\"@type\":\"ReadAction\",\"target\":[\"https:\/\/radiolifefm.com.br\/noticias\/apos-carro-colidir-com-caminhao-canavieiro-casal-morre-no-acesso-da-rodovia-general-euclides-de-oliveira-figueiredo-em-mirante-do-paranapanema\/\"]}]},{\"@type\":\"ImageObject\",\"inLanguage\":\"pt-BR\",\"@id\":\"https:\/\/radiolifefm.com.br\/noticias\/apos-carro-colidir-com-caminhao-canavieiro-casal-morre-no-acesso-da-rodovia-general-euclides-de-oliveira-figueiredo-em-mirante-do-paranapanema\/#primaryimage\",\"url\":\"https:\/\/radiolifefm.com.br\/noticias\/wp-content\/uploads\/2022\/09\/cats-29.jpg\",\"contentUrl\":\"https:\/\/radiolifefm.com.br\/noticias\/wp-content\/uploads\/2022\/09\/cats-29.jpg\",\"width\":984,\"height\":738,\"caption\":\"Ocorr\u00eancia foi registrada na noite desta sexta-feira (16). V\u00edtimas foram conduzidas ao Pronto-Socorro de Teodoro Sampaio (SP), por\u00e9m, n\u00e3o resistiram aos ferimentos e morreram.\"},{\"@type\":\"BreadcrumbList\",\"@id\":\"https:\/\/radiolifefm.com.br\/noticias\/apos-carro-colidir-com-caminhao-canavieiro-casal-morre-no-acesso-da-rodovia-general-euclides-de-oliveira-figueiredo-em-mirante-do-paranapanema\/#breadcrumb\",\"itemListElement\":[{\"@type\":\"ListItem\",\"position\":1,\"name\":\"In\u00edcio\",\"item\":\"https:\/\/radiolifefm.com.br\/noticias\/\"},{\"@type\":\"ListItem\",\"position\":2,\"name\":\"Ap\u00f3s carro colidir com caminh\u00e3o canavieiro, casal morre no acesso da Rodovia General Euclides de Oliveira Figueiredo, em Mirante do Paranapanema\"}]},{\"@type\":\"WebSite\",\"@id\":\"https:\/\/radiolifefm.com.br\/noticias\/#website\",\"url\":\"https:\/\/radiolifefm.com.br\/noticias\/\",\"name\":\"R\u00e1dio Life FM\",\"description\":\"O Portal de Not\u00edcias de Adamantina\",\"publisher\":{\"@id\":\"https:\/\/radiolifefm.com.br\/noticias\/#organization\"},\"alternateName\":\"Life FM\",\"potentialAction\":[{\"@type\":\"SearchAction\",\"target\":{\"@type\":\"EntryPoint\",\"urlTemplate\":\"https:\/\/radiolifefm.com.br\/noticias\/?s={search_term_string}\"},\"query-input\":{\"@type\":\"PropertyValueSpecification\",\"valueRequired\":true,\"valueName\":\"search_term_string\"}}],\"inLanguage\":\"pt-BR\"},{\"@type\":\"Organization\",\"@id\":\"https:\/\/radiolifefm.com.br\/noticias\/#organization\",\"name\":\"R\u00e1dio Life FM\",\"alternateName\":\"Life FM\",\"url\":\"https:\/\/radiolifefm.com.br\/noticias\/\",\"logo\":{\"@type\":\"ImageObject\",\"inLanguage\":\"pt-BR\",\"@id\":\"https:\/\/radiolifefm.com.br\/noticias\/#\/schema\/logo\/image\/\",\"url\":\"https:\/\/static.radiolifefm.com.br\/noticias\/wp-content\/uploads\/2019\/10\/logo-lifefm.png\",\"contentUrl\":\"https:\/\/static.radiolifefm.com.br\/noticias\/wp-content\/uploads\/2019\/10\/logo-lifefm.png\",\"width\":196,\"height\":47,\"caption\":\"R\u00e1dio Life FM\"},\"image\":{\"@id\":\"https:\/\/radiolifefm.com.br\/noticias\/#\/schema\/logo\/image\/\"},\"sameAs\":[\"https:\/\/www.facebook.com\/radiolifefm\/\",\"https:\/\/www.instagram.com\/life1079fm\/\"]},{\"@type\":\"Person\",\"@id\":\"https:\/\/radiolifefm.com.br\/noticias\/#\/schema\/person\/6339b9fac59d12b071dec680d7375d87\",\"name\":\"ritanery\",\"image\":{\"@type\":\"ImageObject\",\"inLanguage\":\"pt-BR\",\"@id\":\"https:\/\/secure.gravatar.com\/avatar\/0e37bb19071f47c0b8a23f62a903df117c5a0e75f65a0c2901562f97cd41cf86?s=96&d=mm&r=g\",\"url\":\"https:\/\/secure.gravatar.com\/avatar\/0e37bb19071f47c0b8a23f62a903df117c5a0e75f65a0c2901562f97cd41cf86?s=96&d=mm&r=g\",\"contentUrl\":\"https:\/\/secure.gravatar.com\/avatar\/0e37bb19071f47c0b8a23f62a903df117c5a0e75f65a0c2901562f97cd41cf86?s=96&d=mm&r=g\",\"caption\":\"ritanery\"}}]}<\/script>\n<!-- \/ Yoast SEO plugin. -->","yoast_head_json":{"title":"Ap\u00f3s carro colidir com caminh\u00e3o canavieiro, casal morre no acesso da Rodovia General Euclides de Oliveira Figueiredo, em Mirante do Paranapanema - R\u00e1dio Life FM","robots":{"index":"index","follow":"follow","max-snippet":"max-snippet:-1","max-image-preview":"max-image-preview:large","max-video-preview":"max-video-preview:-1"},"canonical":"https:\/\/radiolifefm.com.br\/noticias\/apos-carro-colidir-com-caminhao-canavieiro-casal-morre-no-acesso-da-rodovia-general-euclides-de-oliveira-figueiredo-em-mirante-do-paranapanema\/","og_locale":"pt_BR","og_type":"article","og_title":"Ap\u00f3s carro colidir com caminh\u00e3o canavieiro, casal morre no acesso da Rodovia General Euclides de Oliveira Figueiredo, em Mirante do Paranapanema - R\u00e1dio Life FM","og_description":"Um homem, de 66 anos, e uma mulher, de 71 anos, morreram, na noite desta sexta-feira (16), ap\u00f3s colidir o carro que trafegavam na lateral de um caminh\u00e3o canavieiro no km 12,500 da SPA 001\/563, que d\u00e1 acesso \u00e0 Rodovia General Euclides de Oliveira Figueiredo (SP-563), em\u00a0Mirante do Paranapanema (SP). Conforme informa\u00e7\u00f5es da Pol\u00edcia Rodovi\u00e1ria, [&hellip;]","og_url":"https:\/\/radiolifefm.com.br\/noticias\/apos-carro-colidir-com-caminhao-canavieiro-casal-morre-no-acesso-da-rodovia-general-euclides-de-oliveira-figueiredo-em-mirante-do-paranapanema\/","og_site_name":"R\u00e1dio Life FM","article_publisher":"https:\/\/www.facebook.com\/radiolifefm\/","article_published_time":"2022-09-18T15:39:44+00:00","article_modified_time":"2026-03-03T10:10:19+00:00","og_image":[{"width":984,"height":738,"url":"https:\/\/radiolifefm.com.br\/noticias\/wp-content\/uploads\/2022\/09\/cats-29.jpg","type":"image\/jpeg"}],"author":"ritanery","twitter_card":"summary_large_image","twitter_misc":{"Escrito por":"ritanery","Est. tempo de leitura":"1 minuto"},"schema":{"@context":"https:\/\/schema.org","@graph":[{"@type":"Article","@id":"https:\/\/radiolifefm.com.br\/noticias\/apos-carro-colidir-com-caminhao-canavieiro-casal-morre-no-acesso-da-rodovia-general-euclides-de-oliveira-figueiredo-em-mirante-do-paranapanema\/#article","isPartOf":{"@id":"https:\/\/radiolifefm.com.br\/noticias\/apos-carro-colidir-com-caminhao-canavieiro-casal-morre-no-acesso-da-rodovia-general-euclides-de-oliveira-figueiredo-em-mirante-do-paranapanema\/"},"author":{"name":"ritanery","@id":"https:\/\/radiolifefm.com.br\/noticias\/#\/schema\/person\/6339b9fac59d12b071dec680d7375d87"},"headline":"Ap\u00f3s carro colidir com caminh\u00e3o canavieiro, casal morre no acesso da Rodovia General Euclides de Oliveira Figueiredo, em Mirante do Paranapanema","datePublished":"2022-09-18T15:39:44+00:00","dateModified":"2026-03-03T10:10:19+00:00","mainEntityOfPage":{"@id":"https:\/\/radiolifefm.com.br\/noticias\/apos-carro-colidir-com-caminhao-canavieiro-casal-morre-no-acesso-da-rodovia-general-euclides-de-oliveira-figueiredo-em-mirante-do-paranapanema\/"},"wordCount":180,"publisher":{"@id":"https:\/\/radiolifefm.com.br\/noticias\/#organization"},"image":{"@id":"https:\/\/radiolifefm.com.br\/noticias\/apos-carro-colidir-com-caminhao-canavieiro-casal-morre-no-acesso-da-rodovia-general-euclides-de-oliveira-figueiredo-em-mirante-do-paranapanema\/#primaryimage"},"thumbnailUrl":"https:\/\/radiolifefm.com.br\/noticias\/wp-content\/uploads\/2022\/09\/cats-29.jpg","articleSection":["Adamantina"],"inLanguage":"pt-BR"},{"@type":"WebPage","@id":"https:\/\/radiolifefm.com.br\/noticias\/apos-carro-colidir-com-caminhao-canavieiro-casal-morre-no-acesso-da-rodovia-general-euclides-de-oliveira-figueiredo-em-mirante-do-paranapanema\/","url":"https:\/\/radiolifefm.com.br\/noticias\/apos-carro-colidir-com-caminhao-canavieiro-casal-morre-no-acesso-da-rodovia-general-euclides-de-oliveira-figueiredo-em-mirante-do-paranapanema\/","name":"Ap\u00f3s carro colidir com caminh\u00e3o canavieiro, casal morre no acesso da Rodovia General Euclides de Oliveira Figueiredo, em Mirante do Paranapanema - R\u00e1dio Life FM","isPartOf":{"@id":"https:\/\/radiolifefm.com.br\/noticias\/#website"},"primaryImageOfPage":{"@id":"https:\/\/radiolifefm.com.br\/noticias\/apos-carro-colidir-com-caminhao-canavieiro-casal-morre-no-acesso-da-rodovia-general-euclides-de-oliveira-figueiredo-em-mirante-do-paranapanema\/#primaryimage"},"image":{"@id":"https:\/\/radiolifefm.com.br\/noticias\/apos-carro-colidir-com-caminhao-canavieiro-casal-morre-no-acesso-da-rodovia-general-euclides-de-oliveira-figueiredo-em-mirante-do-paranapanema\/#primaryimage"},"thumbnailUrl":"https:\/\/radiolifefm.com.br\/noticias\/wp-content\/uploads\/2022\/09\/cats-29.jpg","datePublished":"2022-09-18T15:39:44+00:00","dateModified":"2026-03-03T10:10:19+00:00","breadcrumb":{"@id":"https:\/\/radiolifefm.com.br\/noticias\/apos-carro-colidir-com-caminhao-canavieiro-casal-morre-no-acesso-da-rodovia-general-euclides-de-oliveira-figueiredo-em-mirante-do-paranapanema\/#breadcrumb"},"inLanguage":"pt-BR","potentialAction":[{"@type":"ReadAction","target":["https:\/\/radiolifefm.com.br\/noticias\/apos-carro-colidir-com-caminhao-canavieiro-casal-morre-no-acesso-da-rodovia-general-euclides-de-oliveira-figueiredo-em-mirante-do-paranapanema\/"]}]},{"@type":"ImageObject","inLanguage":"pt-BR","@id":"https:\/\/radiolifefm.com.br\/noticias\/apos-carro-colidir-com-caminhao-canavieiro-casal-morre-no-acesso-da-rodovia-general-euclides-de-oliveira-figueiredo-em-mirante-do-paranapanema\/#primaryimage","url":"https:\/\/radiolifefm.com.br\/noticias\/wp-content\/uploads\/2022\/09\/cats-29.jpg","contentUrl":"https:\/\/radiolifefm.com.br\/noticias\/wp-content\/uploads\/2022\/09\/cats-29.jpg","width":984,"height":738,"caption":"Ocorr\u00eancia foi registrada na noite desta sexta-feira (16). V\u00edtimas foram conduzidas ao Pronto-Socorro de Teodoro Sampaio (SP), por\u00e9m, n\u00e3o resistiram aos ferimentos e morreram."},{"@type":"BreadcrumbList","@id":"https:\/\/radiolifefm.com.br\/noticias\/apos-carro-colidir-com-caminhao-canavieiro-casal-morre-no-acesso-da-rodovia-general-euclides-de-oliveira-figueiredo-em-mirante-do-paranapanema\/#breadcrumb","itemListElement":[{"@type":"ListItem","position":1,"name":"In\u00edcio","item":"https:\/\/radiolifefm.com.br\/noticias\/"},{"@type":"ListItem","position":2,"name":"Ap\u00f3s carro colidir com caminh\u00e3o canavieiro, casal morre no acesso da Rodovia General Euclides de Oliveira Figueiredo, em Mirante do Paranapanema"}]},{"@type":"WebSite","@id":"https:\/\/radiolifefm.com.br\/noticias\/#website","url":"https:\/\/radiolifefm.com.br\/noticias\/","name":"R\u00e1dio Life FM","description":"O Portal de Not\u00edcias de Adamantina","publisher":{"@id":"https:\/\/radiolifefm.com.br\/noticias\/#organization"},"alternateName":"Life FM","potentialAction":[{"@type":"SearchAction","target":{"@type":"EntryPoint","urlTemplate":"https:\/\/radiolifefm.com.br\/noticias\/?s={search_term_string}"},"query-input":{"@type":"PropertyValueSpecification","valueRequired":true,"valueName":"search_term_string"}}],"inLanguage":"pt-BR"},{"@type":"Organization","@id":"https:\/\/radiolifefm.com.br\/noticias\/#organization","name":"R\u00e1dio Life FM","alternateName":"Life FM","url":"https:\/\/radiolifefm.com.br\/noticias\/","logo":{"@type":"ImageObject","inLanguage":"pt-BR","@id":"https:\/\/radiolifefm.com.br\/noticias\/#\/schema\/logo\/image\/","url":"https:\/\/static.radiolifefm.com.br\/noticias\/wp-content\/uploads\/2019\/10\/logo-lifefm.png","contentUrl":"https:\/\/static.radiolifefm.com.br\/noticias\/wp-content\/uploads\/2019\/10\/logo-lifefm.png","width":196,"height":47,"caption":"R\u00e1dio Life FM"},"image":{"@id":"https:\/\/radiolifefm.com.br\/noticias\/#\/schema\/logo\/image\/"},"sameAs":["https:\/\/www.facebook.com\/radiolifefm\/","https:\/\/www.instagram.com\/life1079fm\/"]},{"@type":"Person","@id":"https:\/\/radiolifefm.com.br\/noticias\/#\/schema\/person\/6339b9fac59d12b071dec680d7375d87","name":"ritanery","image":{"@type":"ImageObject","inLanguage":"pt-BR","@id":"https:\/\/secure.gravatar.com\/avatar\/0e37bb19071f47c0b8a23f62a903df117c5a0e75f65a0c2901562f97cd41cf86?s=96&d=mm&r=g","url":"https:\/\/secure.gravatar.com\/avatar\/0e37bb19071f47c0b8a23f62a903df117c5a0e75f65a0c2901562f97cd41cf86?s=96&d=mm&r=g","contentUrl":"https:\/\/secure.gravatar.com\/avatar\/0e37bb19071f47c0b8a23f62a903df117c5a0e75f65a0c2901562f97cd41cf86?s=96&d=mm&r=g","caption":"ritanery"}}]}},"amp_enabled":true,"_links":{"self":[{"href":"https:\/\/radiolifefm.com.br\/noticias\/wp-json\/wp\/v2\/posts\/58213","targetHints":{"allow":["GET"]}}],"collection":[{"href":"https:\/\/radiolifefm.com.br\/noticias\/wp-json\/wp\/v2\/posts"}],"about":[{"href":"https:\/\/radiolifefm.com.br\/noticias\/wp-json\/wp\/v2\/types\/post"}],"author":[{"embeddable":true,"href":"https:\/\/radiolifefm.com.br\/noticias\/wp-json\/wp\/v2\/users\/13"}],"replies":[{"embeddable":true,"href":"https:\/\/radiolifefm.com.br\/noticias\/wp-json\/wp\/v2\/comments?post=58213"}],"version-history":[{"count":4,"href":"https:\/\/radiolifefm.com.br\/noticias\/wp-json\/wp\/v2\/posts\/58213\/revisions"}],"predecessor-version":[{"id":58218,"href":"https:\/\/radiolifefm.com.br\/noticias\/wp-json\/wp\/v2\/posts\/58213\/revisions\/58218"}],"wp:featuredmedia":[{"embeddable":true,"href":"https:\/\/radiolifefm.com.br\/noticias\/wp-json\/wp\/v2\/media\/58214"}],"wp:attachment":[{"href":"https:\/\/radiolifefm.com.br\/noticias\/wp-json\/wp\/v2\/media?parent=58213"}],"wp:term":[{"taxonomy":"category","embeddable":true,"href":"https:\/\/radiolifefm.com.br\/noticias\/wp-json\/wp\/v2\/categories?post=58213"},{"taxonomy":"post_tag","embeddable":true,"href":"https:\/\/radiolifefm.com.br\/noticias\/wp-json\/wp\/v2\/tags?post=58213"}],"curies":[{"name":"wp","href":"https:\/\/api.w.org\/{rel}","templated":true}]}}