{"id":58146,"date":"2022-09-15T21:20:27","date_gmt":"2022-09-16T00:20:27","guid":{"rendered":"https:\/\/radiolifefm.com.br\/noticias\/?p=58146"},"modified":"2026-03-23T06:10:12","modified_gmt":"2026-03-23T09:10:12","slug":"apos-reportagem-energisa-substitui-poste-com-estrutura-comprometida-no-parque-iguacu","status":"publish","type":"post","link":"https:\/\/radiolifefm.com.br\/noticias\/apos-reportagem-energisa-substitui-poste-com-estrutura-comprometida-no-parque-iguacu\/","title":{"rendered":"Ap\u00f3s reportagem, Energisa substitui poste com estrutura comprometida no Parque Igua\u00e7u"},"content":{"rendered":"<div id=\"fb-root\"><\/div>\n<p>O poste de energia el\u00e9trica localizado na Rua Tatsuo Inada, no Parque Igua\u00e7u, em Adamantina, nas proximidades do ATC, que estava com a estrutura comprometida, e foi alvo de <a href=\"https:\/\/www.sigamais.com\/noticias\/cidades\/morador-denuncia-poste-com-estrutura-comprometida-no-parque-iguacu-energisa-fara-substituicao\/\" target=\"_blank\" rel=\"noopener\"><strong>reportagem publicada semana passada<\/strong><\/a> no SIGA MAIS, foi substitu\u00eddo pela concession\u00e1ria Energisa Sul-Sudeste, como se comprometeu a empresa ap\u00f3s ser procurada pelo portal de not\u00edcias.<\/p>\n<p>A reclama\u00e7\u00e3o partiu de um morador em um v\u00eddeo, o qual o SIGA MAIS teve acesso. Depois, a reda\u00e7\u00e3o fez contato com a concession\u00e1ria que atuou para resolver o problema levantado. Nesta quinta-feira (15), uma semana ap\u00f3s publicar sobre o tema, o SIGA MAIS voltou ao local e confirmou a realiza\u00e7\u00e3o dos servi\u00e7os.<\/p>\n<p><strong>Orienta\u00e7\u00f5es <\/strong><\/p>\n<p>Conforme informou a empresa semana passada, situa\u00e7\u00f5es como a reclamada pelo morador ou outras necessidades relacionadas ao fornecimento de energia el\u00e9trica s\u00e3o recebidas em seus canais de atendimento. Em caso de necessidade, a popula\u00e7\u00e3o pode entrar em contato pelo site\u00a0<strong><a href=\"http:\/\/www.energisa.com.br\/\" target=\"_blank\" rel=\"noopener\">www.energisa.com.br<\/a><\/strong>, pelo call center 0800 70 10 326 ou Whatsapp (Gisa) em\u00a0<strong><a href=\"http:\/\/www.gisa.energisa.com.br\/\" target=\"_blank\" rel=\"noopener\">www.gisa.energisa.com.br<\/a><\/strong>.\u00a0\u00a0A empresa tamb\u00e9m recebe demandas apontadas pelo poder p\u00fablico e atua com monitoramento e observa\u00e7\u00e3o da sua estrutura de distribui\u00e7\u00e3o por suas equipes.<\/p>\n<p>Na realiza\u00e7\u00e3o dessas manuten\u00e7\u00f5es programadas, a empresa informa os clientes da \u00e1rea impactada sobre as eventuais suspens\u00f5es tempor\u00e1rias no fornecimento de energia. \u201c\u00c9 importante ressaltar que a distribuidora mant\u00e9m um cronograma de manuten\u00e7\u00e3o e reparos nas estruturas e equipamentos da rede el\u00e9trica nos 82 munic\u00edpios onde atua. No caso das manuten\u00e7\u00f5es programadas, a Energisa tem o compromisso de informar os clientes da \u00e1rea impactada com at\u00e9 72 horas de anteced\u00eancia por meio de r\u00e1dios locais, aplicativo Energisa On e no site da empresa\u201d, completa o comunicado.<\/p>\n<p>&nbsp;<\/p>\n<p>Fonte: Siga Mais<\/p>\n","protected":false},"excerpt":{"rendered":"<p>O poste de energia el\u00e9trica localizado na Rua Tatsuo Inada, no Parque Igua\u00e7u, em Adamantina, nas proximidades do ATC, que estava com a estrutura comprometida, e foi alvo de reportagem publicada semana passada no SIGA MAIS, foi substitu\u00eddo pela concession\u00e1ria Energisa Sul-Sudeste, como se comprometeu a empresa ap\u00f3s ser procurada pelo portal de not\u00edcias. A [&hellip;]<\/p>\n","protected":false},"author":13,"featured_media":58147,"comment_status":"closed","ping_status":"open","sticky":false,"template":"","format":"standard","meta":{"_acf_changed":false,"_exactmetrics_skip_tracking":false,"_exactmetrics_sitenote_active":false,"_exactmetrics_sitenote_note":"","_exactmetrics_sitenote_category":0,"footnotes":""},"categories":[21],"tags":[],"class_list":["post-58146","post","type-post","status-publish","format-standard","has-post-thumbnail","hentry","category-adamantina"],"acf":[],"yoast_head":"<!-- This site is optimized with the Yoast SEO plugin v27.2 - https:\/\/yoast.com\/product\/yoast-seo-wordpress\/ -->\n<title>Ap\u00f3s reportagem, Energisa substitui poste com estrutura comprometida no Parque Igua\u00e7u - R\u00e1dio Life FM<\/title>\n<meta name=\"robots\" content=\"index, follow, max-snippet:-1, max-image-preview:large, max-video-preview:-1\" \/>\n<link rel=\"canonical\" href=\"https:\/\/radiolifefm.com.br\/noticias\/apos-reportagem-energisa-substitui-poste-com-estrutura-comprometida-no-parque-iguacu\/\" \/>\n<meta property=\"og:locale\" content=\"pt_BR\" \/>\n<meta property=\"og:type\" content=\"article\" \/>\n<meta property=\"og:title\" content=\"Ap\u00f3s reportagem, Energisa substitui poste com estrutura comprometida no Parque Igua\u00e7u - R\u00e1dio Life FM\" \/>\n<meta property=\"og:description\" content=\"O poste de energia el\u00e9trica localizado na Rua Tatsuo Inada, no Parque Igua\u00e7u, em Adamantina, nas proximidades do ATC, que estava com a estrutura comprometida, e foi alvo de reportagem publicada semana passada no SIGA MAIS, foi substitu\u00eddo pela concession\u00e1ria Energisa Sul-Sudeste, como se comprometeu a empresa ap\u00f3s ser procurada pelo portal de not\u00edcias. A [&hellip;]\" \/>\n<meta property=\"og:url\" content=\"https:\/\/radiolifefm.com.br\/noticias\/apos-reportagem-energisa-substitui-poste-com-estrutura-comprometida-no-parque-iguacu\/\" \/>\n<meta property=\"og:site_name\" content=\"R\u00e1dio Life FM\" \/>\n<meta property=\"article:publisher\" content=\"https:\/\/www.facebook.com\/radiolifefm\/\" \/>\n<meta property=\"article:published_time\" content=\"2022-09-16T00:20:27+00:00\" \/>\n<meta property=\"article:modified_time\" content=\"2026-03-23T09:10:12+00:00\" \/>\n<meta property=\"og:image\" content=\"https:\/\/radiolifefm.com.br\/noticias\/wp-content\/uploads\/2022\/09\/postepng166324939963232bf7ca1ba.jpeg\" \/>\n\t<meta property=\"og:image:width\" content=\"600\" \/>\n\t<meta property=\"og:image:height\" content=\"337\" \/>\n\t<meta property=\"og:image:type\" content=\"image\/jpeg\" \/>\n<meta name=\"author\" content=\"ritanery\" \/>\n<meta name=\"twitter:card\" content=\"summary_large_image\" \/>\n<meta name=\"twitter:label1\" content=\"Escrito por\" \/>\n\t<meta name=\"twitter:data1\" content=\"ritanery\" \/>\n\t<meta name=\"twitter:label2\" content=\"Est. tempo de leitura\" \/>\n\t<meta name=\"twitter:data2\" content=\"2 minutos\" \/>\n<script type=\"application\/ld+json\" class=\"yoast-schema-graph\">{\"@context\":\"https:\/\/schema.org\",\"@graph\":[{\"@type\":\"Article\",\"@id\":\"https:\/\/radiolifefm.com.br\/noticias\/apos-reportagem-energisa-substitui-poste-com-estrutura-comprometida-no-parque-iguacu\/#article\",\"isPartOf\":{\"@id\":\"https:\/\/radiolifefm.com.br\/noticias\/apos-reportagem-energisa-substitui-poste-com-estrutura-comprometida-no-parque-iguacu\/\"},\"author\":{\"name\":\"ritanery\",\"@id\":\"https:\/\/radiolifefm.com.br\/noticias\/#\/schema\/person\/6339b9fac59d12b071dec680d7375d87\"},\"headline\":\"Ap\u00f3s reportagem, Energisa substitui poste com estrutura comprometida no Parque Igua\u00e7u\",\"datePublished\":\"2022-09-16T00:20:27+00:00\",\"dateModified\":\"2026-03-23T09:10:12+00:00\",\"mainEntityOfPage\":{\"@id\":\"https:\/\/radiolifefm.com.br\/noticias\/apos-reportagem-energisa-substitui-poste-com-estrutura-comprometida-no-parque-iguacu\/\"},\"wordCount\":319,\"publisher\":{\"@id\":\"https:\/\/radiolifefm.com.br\/noticias\/#organization\"},\"image\":{\"@id\":\"https:\/\/radiolifefm.com.br\/noticias\/apos-reportagem-energisa-substitui-poste-com-estrutura-comprometida-no-parque-iguacu\/#primaryimage\"},\"thumbnailUrl\":\"https:\/\/radiolifefm.com.br\/noticias\/wp-content\/uploads\/2022\/09\/postepng166324939963232bf7ca1ba.jpeg\",\"articleSection\":[\"Adamantina\"],\"inLanguage\":\"pt-BR\"},{\"@type\":\"WebPage\",\"@id\":\"https:\/\/radiolifefm.com.br\/noticias\/apos-reportagem-energisa-substitui-poste-com-estrutura-comprometida-no-parque-iguacu\/\",\"url\":\"https:\/\/radiolifefm.com.br\/noticias\/apos-reportagem-energisa-substitui-poste-com-estrutura-comprometida-no-parque-iguacu\/\",\"name\":\"Ap\u00f3s reportagem, Energisa substitui poste com estrutura comprometida no Parque Igua\u00e7u - R\u00e1dio Life FM\",\"isPartOf\":{\"@id\":\"https:\/\/radiolifefm.com.br\/noticias\/#website\"},\"primaryImageOfPage\":{\"@id\":\"https:\/\/radiolifefm.com.br\/noticias\/apos-reportagem-energisa-substitui-poste-com-estrutura-comprometida-no-parque-iguacu\/#primaryimage\"},\"image\":{\"@id\":\"https:\/\/radiolifefm.com.br\/noticias\/apos-reportagem-energisa-substitui-poste-com-estrutura-comprometida-no-parque-iguacu\/#primaryimage\"},\"thumbnailUrl\":\"https:\/\/radiolifefm.com.br\/noticias\/wp-content\/uploads\/2022\/09\/postepng166324939963232bf7ca1ba.jpeg\",\"datePublished\":\"2022-09-16T00:20:27+00:00\",\"dateModified\":\"2026-03-23T09:10:12+00:00\",\"breadcrumb\":{\"@id\":\"https:\/\/radiolifefm.com.br\/noticias\/apos-reportagem-energisa-substitui-poste-com-estrutura-comprometida-no-parque-iguacu\/#breadcrumb\"},\"inLanguage\":\"pt-BR\",\"potentialAction\":[{\"@type\":\"ReadAction\",\"target\":[\"https:\/\/radiolifefm.com.br\/noticias\/apos-reportagem-energisa-substitui-poste-com-estrutura-comprometida-no-parque-iguacu\/\"]}]},{\"@type\":\"ImageObject\",\"inLanguage\":\"pt-BR\",\"@id\":\"https:\/\/radiolifefm.com.br\/noticias\/apos-reportagem-energisa-substitui-poste-com-estrutura-comprometida-no-parque-iguacu\/#primaryimage\",\"url\":\"https:\/\/radiolifefm.com.br\/noticias\/wp-content\/uploads\/2022\/09\/postepng166324939963232bf7ca1ba.jpeg\",\"contentUrl\":\"https:\/\/radiolifefm.com.br\/noticias\/wp-content\/uploads\/2022\/09\/postepng166324939963232bf7ca1ba.jpeg\",\"width\":600,\"height\":337,\"caption\":\"O antes e depois na Rua Tatsuo Inada, no Parque Igua\u00e7u, em Adamantina\"},{\"@type\":\"BreadcrumbList\",\"@id\":\"https:\/\/radiolifefm.com.br\/noticias\/apos-reportagem-energisa-substitui-poste-com-estrutura-comprometida-no-parque-iguacu\/#breadcrumb\",\"itemListElement\":[{\"@type\":\"ListItem\",\"position\":1,\"name\":\"In\u00edcio\",\"item\":\"https:\/\/radiolifefm.com.br\/noticias\/\"},{\"@type\":\"ListItem\",\"position\":2,\"name\":\"Ap\u00f3s reportagem, Energisa substitui poste com estrutura comprometida no Parque Igua\u00e7u\"}]},{\"@type\":\"WebSite\",\"@id\":\"https:\/\/radiolifefm.com.br\/noticias\/#website\",\"url\":\"https:\/\/radiolifefm.com.br\/noticias\/\",\"name\":\"R\u00e1dio Life FM\",\"description\":\"O Portal de Not\u00edcias de Adamantina\",\"publisher\":{\"@id\":\"https:\/\/radiolifefm.com.br\/noticias\/#organization\"},\"alternateName\":\"Life FM\",\"potentialAction\":[{\"@type\":\"SearchAction\",\"target\":{\"@type\":\"EntryPoint\",\"urlTemplate\":\"https:\/\/radiolifefm.com.br\/noticias\/?s={search_term_string}\"},\"query-input\":{\"@type\":\"PropertyValueSpecification\",\"valueRequired\":true,\"valueName\":\"search_term_string\"}}],\"inLanguage\":\"pt-BR\"},{\"@type\":\"Organization\",\"@id\":\"https:\/\/radiolifefm.com.br\/noticias\/#organization\",\"name\":\"R\u00e1dio Life FM\",\"alternateName\":\"Life FM\",\"url\":\"https:\/\/radiolifefm.com.br\/noticias\/\",\"logo\":{\"@type\":\"ImageObject\",\"inLanguage\":\"pt-BR\",\"@id\":\"https:\/\/radiolifefm.com.br\/noticias\/#\/schema\/logo\/image\/\",\"url\":\"https:\/\/static.radiolifefm.com.br\/noticias\/wp-content\/uploads\/2019\/10\/logo-lifefm.png\",\"contentUrl\":\"https:\/\/static.radiolifefm.com.br\/noticias\/wp-content\/uploads\/2019\/10\/logo-lifefm.png\",\"width\":196,\"height\":47,\"caption\":\"R\u00e1dio Life FM\"},\"image\":{\"@id\":\"https:\/\/radiolifefm.com.br\/noticias\/#\/schema\/logo\/image\/\"},\"sameAs\":[\"https:\/\/www.facebook.com\/radiolifefm\/\",\"https:\/\/www.instagram.com\/life1079fm\/\"]},{\"@type\":\"Person\",\"@id\":\"https:\/\/radiolifefm.com.br\/noticias\/#\/schema\/person\/6339b9fac59d12b071dec680d7375d87\",\"name\":\"ritanery\",\"image\":{\"@type\":\"ImageObject\",\"inLanguage\":\"pt-BR\",\"@id\":\"https:\/\/secure.gravatar.com\/avatar\/0e37bb19071f47c0b8a23f62a903df117c5a0e75f65a0c2901562f97cd41cf86?s=96&d=mm&r=g\",\"url\":\"https:\/\/secure.gravatar.com\/avatar\/0e37bb19071f47c0b8a23f62a903df117c5a0e75f65a0c2901562f97cd41cf86?s=96&d=mm&r=g\",\"contentUrl\":\"https:\/\/secure.gravatar.com\/avatar\/0e37bb19071f47c0b8a23f62a903df117c5a0e75f65a0c2901562f97cd41cf86?s=96&d=mm&r=g\",\"caption\":\"ritanery\"}}]}<\/script>\n<!-- \/ Yoast SEO plugin. -->","yoast_head_json":{"title":"Ap\u00f3s reportagem, Energisa substitui poste com estrutura comprometida no Parque Igua\u00e7u - R\u00e1dio Life FM","robots":{"index":"index","follow":"follow","max-snippet":"max-snippet:-1","max-image-preview":"max-image-preview:large","max-video-preview":"max-video-preview:-1"},"canonical":"https:\/\/radiolifefm.com.br\/noticias\/apos-reportagem-energisa-substitui-poste-com-estrutura-comprometida-no-parque-iguacu\/","og_locale":"pt_BR","og_type":"article","og_title":"Ap\u00f3s reportagem, Energisa substitui poste com estrutura comprometida no Parque Igua\u00e7u - R\u00e1dio Life FM","og_description":"O poste de energia el\u00e9trica localizado na Rua Tatsuo Inada, no Parque Igua\u00e7u, em Adamantina, nas proximidades do ATC, que estava com a estrutura comprometida, e foi alvo de reportagem publicada semana passada no SIGA MAIS, foi substitu\u00eddo pela concession\u00e1ria Energisa Sul-Sudeste, como se comprometeu a empresa ap\u00f3s ser procurada pelo portal de not\u00edcias. A [&hellip;]","og_url":"https:\/\/radiolifefm.com.br\/noticias\/apos-reportagem-energisa-substitui-poste-com-estrutura-comprometida-no-parque-iguacu\/","og_site_name":"R\u00e1dio Life FM","article_publisher":"https:\/\/www.facebook.com\/radiolifefm\/","article_published_time":"2022-09-16T00:20:27+00:00","article_modified_time":"2026-03-23T09:10:12+00:00","og_image":[{"width":600,"height":337,"url":"https:\/\/radiolifefm.com.br\/noticias\/wp-content\/uploads\/2022\/09\/postepng166324939963232bf7ca1ba.jpeg","type":"image\/jpeg"}],"author":"ritanery","twitter_card":"summary_large_image","twitter_misc":{"Escrito por":"ritanery","Est. tempo de leitura":"2 minutos"},"schema":{"@context":"https:\/\/schema.org","@graph":[{"@type":"Article","@id":"https:\/\/radiolifefm.com.br\/noticias\/apos-reportagem-energisa-substitui-poste-com-estrutura-comprometida-no-parque-iguacu\/#article","isPartOf":{"@id":"https:\/\/radiolifefm.com.br\/noticias\/apos-reportagem-energisa-substitui-poste-com-estrutura-comprometida-no-parque-iguacu\/"},"author":{"name":"ritanery","@id":"https:\/\/radiolifefm.com.br\/noticias\/#\/schema\/person\/6339b9fac59d12b071dec680d7375d87"},"headline":"Ap\u00f3s reportagem, Energisa substitui poste com estrutura comprometida no Parque Igua\u00e7u","datePublished":"2022-09-16T00:20:27+00:00","dateModified":"2026-03-23T09:10:12+00:00","mainEntityOfPage":{"@id":"https:\/\/radiolifefm.com.br\/noticias\/apos-reportagem-energisa-substitui-poste-com-estrutura-comprometida-no-parque-iguacu\/"},"wordCount":319,"publisher":{"@id":"https:\/\/radiolifefm.com.br\/noticias\/#organization"},"image":{"@id":"https:\/\/radiolifefm.com.br\/noticias\/apos-reportagem-energisa-substitui-poste-com-estrutura-comprometida-no-parque-iguacu\/#primaryimage"},"thumbnailUrl":"https:\/\/radiolifefm.com.br\/noticias\/wp-content\/uploads\/2022\/09\/postepng166324939963232bf7ca1ba.jpeg","articleSection":["Adamantina"],"inLanguage":"pt-BR"},{"@type":"WebPage","@id":"https:\/\/radiolifefm.com.br\/noticias\/apos-reportagem-energisa-substitui-poste-com-estrutura-comprometida-no-parque-iguacu\/","url":"https:\/\/radiolifefm.com.br\/noticias\/apos-reportagem-energisa-substitui-poste-com-estrutura-comprometida-no-parque-iguacu\/","name":"Ap\u00f3s reportagem, Energisa substitui poste com estrutura comprometida no Parque Igua\u00e7u - R\u00e1dio Life FM","isPartOf":{"@id":"https:\/\/radiolifefm.com.br\/noticias\/#website"},"primaryImageOfPage":{"@id":"https:\/\/radiolifefm.com.br\/noticias\/apos-reportagem-energisa-substitui-poste-com-estrutura-comprometida-no-parque-iguacu\/#primaryimage"},"image":{"@id":"https:\/\/radiolifefm.com.br\/noticias\/apos-reportagem-energisa-substitui-poste-com-estrutura-comprometida-no-parque-iguacu\/#primaryimage"},"thumbnailUrl":"https:\/\/radiolifefm.com.br\/noticias\/wp-content\/uploads\/2022\/09\/postepng166324939963232bf7ca1ba.jpeg","datePublished":"2022-09-16T00:20:27+00:00","dateModified":"2026-03-23T09:10:12+00:00","breadcrumb":{"@id":"https:\/\/radiolifefm.com.br\/noticias\/apos-reportagem-energisa-substitui-poste-com-estrutura-comprometida-no-parque-iguacu\/#breadcrumb"},"inLanguage":"pt-BR","potentialAction":[{"@type":"ReadAction","target":["https:\/\/radiolifefm.com.br\/noticias\/apos-reportagem-energisa-substitui-poste-com-estrutura-comprometida-no-parque-iguacu\/"]}]},{"@type":"ImageObject","inLanguage":"pt-BR","@id":"https:\/\/radiolifefm.com.br\/noticias\/apos-reportagem-energisa-substitui-poste-com-estrutura-comprometida-no-parque-iguacu\/#primaryimage","url":"https:\/\/radiolifefm.com.br\/noticias\/wp-content\/uploads\/2022\/09\/postepng166324939963232bf7ca1ba.jpeg","contentUrl":"https:\/\/radiolifefm.com.br\/noticias\/wp-content\/uploads\/2022\/09\/postepng166324939963232bf7ca1ba.jpeg","width":600,"height":337,"caption":"O antes e depois na Rua Tatsuo Inada, no Parque Igua\u00e7u, em Adamantina"},{"@type":"BreadcrumbList","@id":"https:\/\/radiolifefm.com.br\/noticias\/apos-reportagem-energisa-substitui-poste-com-estrutura-comprometida-no-parque-iguacu\/#breadcrumb","itemListElement":[{"@type":"ListItem","position":1,"name":"In\u00edcio","item":"https:\/\/radiolifefm.com.br\/noticias\/"},{"@type":"ListItem","position":2,"name":"Ap\u00f3s reportagem, Energisa substitui poste com estrutura comprometida no Parque Igua\u00e7u"}]},{"@type":"WebSite","@id":"https:\/\/radiolifefm.com.br\/noticias\/#website","url":"https:\/\/radiolifefm.com.br\/noticias\/","name":"R\u00e1dio Life FM","description":"O Portal de Not\u00edcias de Adamantina","publisher":{"@id":"https:\/\/radiolifefm.com.br\/noticias\/#organization"},"alternateName":"Life FM","potentialAction":[{"@type":"SearchAction","target":{"@type":"EntryPoint","urlTemplate":"https:\/\/radiolifefm.com.br\/noticias\/?s={search_term_string}"},"query-input":{"@type":"PropertyValueSpecification","valueRequired":true,"valueName":"search_term_string"}}],"inLanguage":"pt-BR"},{"@type":"Organization","@id":"https:\/\/radiolifefm.com.br\/noticias\/#organization","name":"R\u00e1dio Life FM","alternateName":"Life FM","url":"https:\/\/radiolifefm.com.br\/noticias\/","logo":{"@type":"ImageObject","inLanguage":"pt-BR","@id":"https:\/\/radiolifefm.com.br\/noticias\/#\/schema\/logo\/image\/","url":"https:\/\/static.radiolifefm.com.br\/noticias\/wp-content\/uploads\/2019\/10\/logo-lifefm.png","contentUrl":"https:\/\/static.radiolifefm.com.br\/noticias\/wp-content\/uploads\/2019\/10\/logo-lifefm.png","width":196,"height":47,"caption":"R\u00e1dio Life FM"},"image":{"@id":"https:\/\/radiolifefm.com.br\/noticias\/#\/schema\/logo\/image\/"},"sameAs":["https:\/\/www.facebook.com\/radiolifefm\/","https:\/\/www.instagram.com\/life1079fm\/"]},{"@type":"Person","@id":"https:\/\/radiolifefm.com.br\/noticias\/#\/schema\/person\/6339b9fac59d12b071dec680d7375d87","name":"ritanery","image":{"@type":"ImageObject","inLanguage":"pt-BR","@id":"https:\/\/secure.gravatar.com\/avatar\/0e37bb19071f47c0b8a23f62a903df117c5a0e75f65a0c2901562f97cd41cf86?s=96&d=mm&r=g","url":"https:\/\/secure.gravatar.com\/avatar\/0e37bb19071f47c0b8a23f62a903df117c5a0e75f65a0c2901562f97cd41cf86?s=96&d=mm&r=g","contentUrl":"https:\/\/secure.gravatar.com\/avatar\/0e37bb19071f47c0b8a23f62a903df117c5a0e75f65a0c2901562f97cd41cf86?s=96&d=mm&r=g","caption":"ritanery"}}]}},"amp_enabled":true,"_links":{"self":[{"href":"https:\/\/radiolifefm.com.br\/noticias\/wp-json\/wp\/v2\/posts\/58146","targetHints":{"allow":["GET"]}}],"collection":[{"href":"https:\/\/radiolifefm.com.br\/noticias\/wp-json\/wp\/v2\/posts"}],"about":[{"href":"https:\/\/radiolifefm.com.br\/noticias\/wp-json\/wp\/v2\/types\/post"}],"author":[{"embeddable":true,"href":"https:\/\/radiolifefm.com.br\/noticias\/wp-json\/wp\/v2\/users\/13"}],"replies":[{"embeddable":true,"href":"https:\/\/radiolifefm.com.br\/noticias\/wp-json\/wp\/v2\/comments?post=58146"}],"version-history":[{"count":2,"href":"https:\/\/radiolifefm.com.br\/noticias\/wp-json\/wp\/v2\/posts\/58146\/revisions"}],"predecessor-version":[{"id":58149,"href":"https:\/\/radiolifefm.com.br\/noticias\/wp-json\/wp\/v2\/posts\/58146\/revisions\/58149"}],"wp:featuredmedia":[{"embeddable":true,"href":"https:\/\/radiolifefm.com.br\/noticias\/wp-json\/wp\/v2\/media\/58147"}],"wp:attachment":[{"href":"https:\/\/radiolifefm.com.br\/noticias\/wp-json\/wp\/v2\/media?parent=58146"}],"wp:term":[{"taxonomy":"category","embeddable":true,"href":"https:\/\/radiolifefm.com.br\/noticias\/wp-json\/wp\/v2\/categories?post=58146"},{"taxonomy":"post_tag","embeddable":true,"href":"https:\/\/radiolifefm.com.br\/noticias\/wp-json\/wp\/v2\/tags?post=58146"}],"curies":[{"name":"wp","href":"https:\/\/api.w.org\/{rel}","templated":true}]}}