{"id":58013,"date":"2022-09-13T08:11:31","date_gmt":"2022-09-13T11:11:31","guid":{"rendered":"https:\/\/radiolifefm.com.br\/noticias\/?p=58013"},"modified":"2026-04-20T19:17:51","modified_gmt":"2026-04-20T22:17:51","slug":"em-protesto-pelo-piso-salarial-profissionais-de-enfermagem-vestem-preto-na-saude-de-adamantina","status":"publish","type":"post","link":"https:\/\/radiolifefm.com.br\/noticias\/em-protesto-pelo-piso-salarial-profissionais-de-enfermagem-vestem-preto-na-saude-de-adamantina\/","title":{"rendered":"Em protesto pelo piso salarial, profissionais de enfermagem vestem preto na sa\u00fade de Adamantina"},"content":{"rendered":"<div id=\"fb-root\"><\/div>\n<div>\n<p>Profissionais da enfermagem \u2013 enfermeiros, t\u00e9cnicos e auxiliares \u2013 que atuam na sa\u00fade p\u00fablica de Adamantina foram trabalhar nesta segunda-feira (12) vestindo preto, em protesto por melhorias salariais \u00e0 categoria, entre elas o novo piso nacional da enfermagem. A manifesta\u00e7\u00e3o ocorreu sem que houvesse preju\u00edzo ao atendimento \u00e0 popula\u00e7\u00e3o.<\/p>\n<p>O piso nacional da enfermagem foi institu\u00eddo pela <a href=\"https:\/\/in.gov.br\/en\/web\/dou\/-\/lei-n-14.434-de-4-de-agosto-de-2022-420535072\" target=\"_blank\" rel=\"noopener\"><strong>Lei n\u00ba 14.434\/2022<\/strong><\/a>, e atualmente est\u00e1 com sua <a href=\"https:\/\/www.sigamais.com\/noticias\/saude\/ministro-do-stf-suspende-aplicacao-do-piso-nacional-da-enfermagem\/\" target=\"_blank\" rel=\"noopener\"><strong>aplica\u00e7\u00e3o suspensa por 60 dias<\/strong><\/a> por decis\u00e3o monocr\u00e1tica do ministro Lu\u00eds Roberto Barroso, do Supremo Tribunal Federal, de 4 de setembro.<\/p>\n<p>A lei, que entrou em vigor no dia 4 de agosto \u00faltimo, garantia o pagamento imediato do piso salarial aos profissionais de enfermagem de todo o pa\u00eds. Atualmente a decis\u00e3o monocr\u00e1tica do ministro est\u00e1 sob vota\u00e7\u00e3o dos demais ministros no plen\u00e1rio virtual do STF.<\/p>\n<figure style=\"width: 540px\" class=\"wp-caption aligncenter\"><img loading=\"lazy\" decoding=\"async\" src=\"https:\/\/www.sigamais.com\/arquivo\/uploads\/whatsapp-image-20220912-at-111854jpg1662992836631f41c44dc2a.jpg\" alt=\"\" width=\"540\" height=\"558\" \/><figcaption class=\"wp-caption-text\">Protestos dos profissionais de enfermagem em Adamantina (Cedida).<\/figcaption><\/figure>\n<p><img loading=\"lazy\" decoding=\"async\" class=\"aligncenter\" src=\"https:\/\/www.sigamais.com\/arquivo\/uploads\/whatsapp-image-20220912-at-110003-1jpg1662992797631f419dcf23b.jpg\" alt=\"\" width=\"540\" height=\"594\" \/><\/p>\n<p>No dia 18 de agosto o SIGA MAIS publicou sobre uma <a href=\"https:\/\/www.sigamais.com\/noticias\/saude\/trabalhadores-na-saude-municipal-de-adamantina-cobram-adequacao-de-salarios-a-pisos-nacionais\/\" target=\"_blank\" rel=\"noopener\"><strong>mobiliza\u00e7\u00e3o dos agentes comunit\u00e1rios de sa\u00fade, agentes de controle de vetores e dos profissionais de enfermagem de Adamantina<\/strong><\/a>, formalizada por meio de um abaixo assinado encaminhado \u00e0 Prefeitura e C\u00e2mara Municipal, onde pedem a adequa\u00e7\u00e3o das remunera\u00e7\u00f5es aos pisos nacionais das respectivas categorias. O documento foi lido na sess\u00e3o da C\u00e2mara Municipal no dia 15 de agosto.<\/p>\n<p>A luta para o reconhecimento da enfermagem como trabalho essencial para a sociedade n\u00e3o \u00e9 de hoje. H\u00e1 quase 20 anos a import\u00e2ncia da regulamenta\u00e7\u00e3o dos sal\u00e1rios desses profissionais \u00e9 discutida. Atualmente existem aproximadamente dois milh\u00f5es e 600 mil profissionais de enfermagem no Brasil que seriam beneficiados com a lei do piso salarial.<\/p>\n<p><strong>Mobiliza\u00e7\u00f5es e repercuss\u00e3o<\/strong><\/p>\n<p>Em resposta \u00e0 suspens\u00e3o do piso pelo ministro Barroso, o F\u00f3rum Estadual da Enfermagem, formado por entidades representativas da categoria, idealizou um ato p\u00fablico realizado na sexta-feira (9) em S\u00e3o Paulo. O Conselho Regional de Enfermagem (Coren-SP) faz parte do F\u00f3rum, assim como diversas outras entidades e sindicatos que tamb\u00e9m participaram da manifesta\u00e7\u00e3o, como a Associa\u00e7\u00e3o Brasileira de Enfermagem \u2013 Se\u00e7\u00e3o S\u00e3o Paulo (ABEn-SP); o Sindicato dos Empregados em Estabelecimentos de Servi\u00e7os de Sa\u00fade de S\u00e3o Paulo (SinSa\u00fadeSP); o Sindicato dos Enfermeiros do Estado de S\u00e3o Paulo (SEESP); o Centro Acad\u00eamico XXXI de Outubro da Escola de Enfermagem da USP; a Federa\u00e7\u00e3o Estadual dos Trabalhadores da Sa\u00fade; o Sinsa\u00fade Campinas e Regi\u00e3o; o Sindicato dos T\u00e9cnicos e Auxiliares de Enfermagem de Ribeir\u00e3o Preto e outros.<\/p>\n<figure style=\"width: 540px\" class=\"wp-caption aligncenter\"><img loading=\"lazy\" decoding=\"async\" src=\"https:\/\/www.sigamais.com\/arquivo\/uploads\/whatsapp-image-20220912-at-110002jpg1662992814631f41ae7b00f.jpg\" alt=\"\" width=\"540\" height=\"540\" \/><figcaption class=\"wp-caption-text\">Protestos dos profissionais de enfermagem em Adamantina (Cedida).<\/figcaption><\/figure>\n<p>O presidente do Coren-SP, James Francisco dos Santos, explicou o tom da manifesta\u00e7\u00e3o, <a href=\"https:\/\/portal.coren-sp.gov.br\/noticias\/grande-passeata-contra-a-suspensao-do-piso-da-enfermagem-para-o-transito-na-avenida-paulista\/\" target=\"_blank\" rel=\"noopener\"><strong>como publicou o site do \u00f3rg\u00e3o de classe que representa a categoria<\/strong><\/a>. \u201c\u00c9 importante mostrarmos \u00e0 sociedade, aos deputados, senadores e principalmente aos ministros do STF o poder que a enfermagem tem quando trabalha unida. Esta \u00e9 uma manifesta\u00e7\u00e3o dos profissionais em prol do piso salarial. O voto do ministro Barroso, contr\u00e1rio ao nosso piso j\u00e1 foi colocado, mas acreditamos que a maioria do Supremo Tribunal Federal ir\u00e1 derrubar essa medida cautelar, fazendo com que nosso piso volte a vigorar\u201d, afirmou.<\/p>\n<figure style=\"width: 540px\" class=\"wp-caption aligncenter\"><img loading=\"lazy\" decoding=\"async\" src=\"https:\/\/www.sigamais.com\/arquivo\/uploads\/whatsapp-image-20220912-at-110034jpg1662992857631f41d92bddf.jpg\" alt=\"\" width=\"540\" height=\"827\" \/><figcaption class=\"wp-caption-text\">Protestos dos profissionais de enfermagem em Adamantina (Cedida).<\/figcaption><\/figure>\n<p>O conselheiro Luciano Santos, coordenador da Comiss\u00e3o de Rela\u00e7\u00f5es Institucionais do Coren-SP e representante do conselho na comiss\u00e3o organizadora do ato, afirmou que \u201co grande objetivo da enfermagem agora \u00e9 a derrubada da suspens\u00e3o da lei promovida pelo ministro Barroso. A vota\u00e7\u00e3o dessa quest\u00e3o no STF que come\u00e7ou nesta sexta e ir\u00e1 at\u00e9 o dia 16, e at\u00e9 l\u00e1 pretendemos mobilizar toda a sociedade, a classe pol\u00edtica e o STF para efetivar de fato a lei do piso salarial que \u00e9 um direito que conquistamos ap\u00f3s anos e anos de luta\u201d.<\/p>\n<figure style=\"width: 538px\" class=\"wp-caption aligncenter\"><img loading=\"lazy\" decoding=\"async\" src=\"https:\/\/www.sigamais.com\/arquivo\/uploads\/doisjpg1662992894631f41feaf742.jpg\" alt=\"\" width=\"538\" height=\"303\" \/><figcaption class=\"wp-caption-text\">Protestos dos profissionais de enfermagem em Adamantina (Cedida).<\/figcaption><\/figure>\n<p>A presidente do Sindicato dos Enfermeiros do Estado de S\u00e3o Paulo, Elaine Leoni, destacou a import\u00e2ncia da manifesta\u00e7\u00e3o popular em uma situa\u00e7\u00e3o como esta pela qual passa o piso da enfermagem. \u201cEst\u00e1 na hora da enfermagem mostrar que fazemos a diferen\u00e7a, somos uma das profiss\u00f5es na linha de frente da pandemia e sempre estamos \u00e0 frente de tudo na sa\u00fade. Est\u00e1 na hora de mudarmos o jogo e mostrarmos para que estamos aqui\u201d.<\/p>\n<p>Ap\u00f3s a decis\u00e3o monocr\u00e1tica do ministro Barroso, o <a href=\"http:\/\/www.cofen.gov.br\/nota-oficial-medida-cautelar-de-suspensao-da-lei-do-piso-salarial-por-60-dias_102282.html\" target=\"_blank\" rel=\"noopener\"><strong>Conselho Federal de Enfermagem publicou nota<\/strong><\/a> e se posicionou sobre o tema.<\/p>\n<\/div>\n<p>Fonte: Siga Mais<\/p>\n","protected":false},"excerpt":{"rendered":"<p>Profissionais da enfermagem \u2013 enfermeiros, t\u00e9cnicos e auxiliares \u2013 que atuam na sa\u00fade p\u00fablica de Adamantina foram trabalhar nesta segunda-feira (12) vestindo preto, em protesto por melhorias salariais \u00e0 categoria, entre elas o novo piso nacional da enfermagem. A manifesta\u00e7\u00e3o ocorreu sem que houvesse preju\u00edzo ao atendimento \u00e0 popula\u00e7\u00e3o. O piso nacional da enfermagem foi [&hellip;]<\/p>\n","protected":false},"author":13,"featured_media":58014,"comment_status":"closed","ping_status":"open","sticky":false,"template":"","format":"standard","meta":{"_acf_changed":false,"_exactmetrics_skip_tracking":false,"_exactmetrics_sitenote_active":false,"_exactmetrics_sitenote_note":"","_exactmetrics_sitenote_category":0,"footnotes":""},"categories":[21],"tags":[],"class_list":["post-58013","post","type-post","status-publish","format-standard","has-post-thumbnail","hentry","category-adamantina"],"acf":[],"yoast_head":"<!-- This site is optimized with the Yoast SEO plugin v27.2 - https:\/\/yoast.com\/product\/yoast-seo-wordpress\/ -->\n<title>Em protesto pelo piso salarial, profissionais de enfermagem vestem preto na sa\u00fade de Adamantina - R\u00e1dio Life FM<\/title>\n<meta name=\"robots\" content=\"index, follow, max-snippet:-1, max-image-preview:large, max-video-preview:-1\" \/>\n<link rel=\"canonical\" href=\"https:\/\/radiolifefm.com.br\/noticias\/em-protesto-pelo-piso-salarial-profissionais-de-enfermagem-vestem-preto-na-saude-de-adamantina\/\" \/>\n<meta property=\"og:locale\" content=\"pt_BR\" \/>\n<meta property=\"og:type\" content=\"article\" \/>\n<meta property=\"og:title\" content=\"Em protesto pelo piso salarial, profissionais de enfermagem vestem preto na sa\u00fade de Adamantina - R\u00e1dio Life FM\" \/>\n<meta property=\"og:description\" content=\"Profissionais da enfermagem \u2013 enfermeiros, t\u00e9cnicos e auxiliares \u2013 que atuam na sa\u00fade p\u00fablica de Adamantina foram trabalhar nesta segunda-feira (12) vestindo preto, em protesto por melhorias salariais \u00e0 categoria, entre elas o novo piso nacional da enfermagem. A manifesta\u00e7\u00e3o ocorreu sem que houvesse preju\u00edzo ao atendimento \u00e0 popula\u00e7\u00e3o. O piso nacional da enfermagem foi [&hellip;]\" \/>\n<meta property=\"og:url\" content=\"https:\/\/radiolifefm.com.br\/noticias\/em-protesto-pelo-piso-salarial-profissionais-de-enfermagem-vestem-preto-na-saude-de-adamantina\/\" \/>\n<meta property=\"og:site_name\" content=\"R\u00e1dio Life FM\" \/>\n<meta property=\"article:publisher\" content=\"https:\/\/www.facebook.com\/radiolifefm\/\" \/>\n<meta property=\"article:published_time\" content=\"2022-09-13T11:11:31+00:00\" \/>\n<meta property=\"article:modified_time\" content=\"2026-04-20T22:17:51+00:00\" \/>\n<meta property=\"og:image\" content=\"https:\/\/radiolifefm.com.br\/noticias\/wp-content\/uploads\/2022\/09\/whatsapp-image-20220912-at-094237-1jpeg1662992575631f40bf88574.jpeg\" \/>\n\t<meta property=\"og:image:width\" content=\"600\" \/>\n\t<meta property=\"og:image:height\" content=\"337\" \/>\n\t<meta property=\"og:image:type\" content=\"image\/jpeg\" \/>\n<meta name=\"author\" content=\"ritanery\" \/>\n<meta name=\"twitter:card\" content=\"summary_large_image\" \/>\n<meta name=\"twitter:label1\" content=\"Escrito por\" \/>\n\t<meta name=\"twitter:data1\" content=\"ritanery\" \/>\n\t<meta name=\"twitter:label2\" content=\"Est. tempo de leitura\" \/>\n\t<meta name=\"twitter:data2\" content=\"4 minutos\" \/>\n<script type=\"application\/ld+json\" class=\"yoast-schema-graph\">{\"@context\":\"https:\/\/schema.org\",\"@graph\":[{\"@type\":\"Article\",\"@id\":\"https:\/\/radiolifefm.com.br\/noticias\/em-protesto-pelo-piso-salarial-profissionais-de-enfermagem-vestem-preto-na-saude-de-adamantina\/#article\",\"isPartOf\":{\"@id\":\"https:\/\/radiolifefm.com.br\/noticias\/em-protesto-pelo-piso-salarial-profissionais-de-enfermagem-vestem-preto-na-saude-de-adamantina\/\"},\"author\":{\"name\":\"ritanery\",\"@id\":\"https:\/\/radiolifefm.com.br\/noticias\/#\/schema\/person\/6339b9fac59d12b071dec680d7375d87\"},\"headline\":\"Em protesto pelo piso salarial, profissionais de enfermagem vestem preto na sa\u00fade de Adamantina\",\"datePublished\":\"2022-09-13T11:11:31+00:00\",\"dateModified\":\"2026-04-20T22:17:51+00:00\",\"mainEntityOfPage\":{\"@id\":\"https:\/\/radiolifefm.com.br\/noticias\/em-protesto-pelo-piso-salarial-profissionais-de-enfermagem-vestem-preto-na-saude-de-adamantina\/\"},\"wordCount\":781,\"publisher\":{\"@id\":\"https:\/\/radiolifefm.com.br\/noticias\/#organization\"},\"image\":{\"@id\":\"https:\/\/radiolifefm.com.br\/noticias\/em-protesto-pelo-piso-salarial-profissionais-de-enfermagem-vestem-preto-na-saude-de-adamantina\/#primaryimage\"},\"thumbnailUrl\":\"https:\/\/radiolifefm.com.br\/noticias\/wp-content\/uploads\/2022\/09\/whatsapp-image-20220912-at-094237-1jpeg1662992575631f40bf88574.jpeg\",\"articleSection\":[\"Adamantina\"],\"inLanguage\":\"pt-BR\"},{\"@type\":\"WebPage\",\"@id\":\"https:\/\/radiolifefm.com.br\/noticias\/em-protesto-pelo-piso-salarial-profissionais-de-enfermagem-vestem-preto-na-saude-de-adamantina\/\",\"url\":\"https:\/\/radiolifefm.com.br\/noticias\/em-protesto-pelo-piso-salarial-profissionais-de-enfermagem-vestem-preto-na-saude-de-adamantina\/\",\"name\":\"Em protesto pelo piso salarial, profissionais de enfermagem vestem preto na sa\u00fade de Adamantina - R\u00e1dio Life FM\",\"isPartOf\":{\"@id\":\"https:\/\/radiolifefm.com.br\/noticias\/#website\"},\"primaryImageOfPage\":{\"@id\":\"https:\/\/radiolifefm.com.br\/noticias\/em-protesto-pelo-piso-salarial-profissionais-de-enfermagem-vestem-preto-na-saude-de-adamantina\/#primaryimage\"},\"image\":{\"@id\":\"https:\/\/radiolifefm.com.br\/noticias\/em-protesto-pelo-piso-salarial-profissionais-de-enfermagem-vestem-preto-na-saude-de-adamantina\/#primaryimage\"},\"thumbnailUrl\":\"https:\/\/radiolifefm.com.br\/noticias\/wp-content\/uploads\/2022\/09\/whatsapp-image-20220912-at-094237-1jpeg1662992575631f40bf88574.jpeg\",\"datePublished\":\"2022-09-13T11:11:31+00:00\",\"dateModified\":\"2026-04-20T22:17:51+00:00\",\"breadcrumb\":{\"@id\":\"https:\/\/radiolifefm.com.br\/noticias\/em-protesto-pelo-piso-salarial-profissionais-de-enfermagem-vestem-preto-na-saude-de-adamantina\/#breadcrumb\"},\"inLanguage\":\"pt-BR\",\"potentialAction\":[{\"@type\":\"ReadAction\",\"target\":[\"https:\/\/radiolifefm.com.br\/noticias\/em-protesto-pelo-piso-salarial-profissionais-de-enfermagem-vestem-preto-na-saude-de-adamantina\/\"]}]},{\"@type\":\"ImageObject\",\"inLanguage\":\"pt-BR\",\"@id\":\"https:\/\/radiolifefm.com.br\/noticias\/em-protesto-pelo-piso-salarial-profissionais-de-enfermagem-vestem-preto-na-saude-de-adamantina\/#primaryimage\",\"url\":\"https:\/\/radiolifefm.com.br\/noticias\/wp-content\/uploads\/2022\/09\/whatsapp-image-20220912-at-094237-1jpeg1662992575631f40bf88574.jpeg\",\"contentUrl\":\"https:\/\/radiolifefm.com.br\/noticias\/wp-content\/uploads\/2022\/09\/whatsapp-image-20220912-at-094237-1jpeg1662992575631f40bf88574.jpeg\",\"width\":600,\"height\":337,\"caption\":\"Profissionais de enfermagem do CIS (Centro Integrado de Sa\u00fade), na manh\u00e3 desta segunda-feira (Cedida).\"},{\"@type\":\"BreadcrumbList\",\"@id\":\"https:\/\/radiolifefm.com.br\/noticias\/em-protesto-pelo-piso-salarial-profissionais-de-enfermagem-vestem-preto-na-saude-de-adamantina\/#breadcrumb\",\"itemListElement\":[{\"@type\":\"ListItem\",\"position\":1,\"name\":\"In\u00edcio\",\"item\":\"https:\/\/radiolifefm.com.br\/noticias\/\"},{\"@type\":\"ListItem\",\"position\":2,\"name\":\"Em protesto pelo piso salarial, profissionais de enfermagem vestem preto na sa\u00fade de Adamantina\"}]},{\"@type\":\"WebSite\",\"@id\":\"https:\/\/radiolifefm.com.br\/noticias\/#website\",\"url\":\"https:\/\/radiolifefm.com.br\/noticias\/\",\"name\":\"R\u00e1dio Life FM\",\"description\":\"O Portal de Not\u00edcias de Adamantina\",\"publisher\":{\"@id\":\"https:\/\/radiolifefm.com.br\/noticias\/#organization\"},\"alternateName\":\"Life FM\",\"potentialAction\":[{\"@type\":\"SearchAction\",\"target\":{\"@type\":\"EntryPoint\",\"urlTemplate\":\"https:\/\/radiolifefm.com.br\/noticias\/?s={search_term_string}\"},\"query-input\":{\"@type\":\"PropertyValueSpecification\",\"valueRequired\":true,\"valueName\":\"search_term_string\"}}],\"inLanguage\":\"pt-BR\"},{\"@type\":\"Organization\",\"@id\":\"https:\/\/radiolifefm.com.br\/noticias\/#organization\",\"name\":\"R\u00e1dio Life FM\",\"alternateName\":\"Life FM\",\"url\":\"https:\/\/radiolifefm.com.br\/noticias\/\",\"logo\":{\"@type\":\"ImageObject\",\"inLanguage\":\"pt-BR\",\"@id\":\"https:\/\/radiolifefm.com.br\/noticias\/#\/schema\/logo\/image\/\",\"url\":\"https:\/\/static.radiolifefm.com.br\/noticias\/wp-content\/uploads\/2019\/10\/logo-lifefm.png\",\"contentUrl\":\"https:\/\/static.radiolifefm.com.br\/noticias\/wp-content\/uploads\/2019\/10\/logo-lifefm.png\",\"width\":196,\"height\":47,\"caption\":\"R\u00e1dio Life FM\"},\"image\":{\"@id\":\"https:\/\/radiolifefm.com.br\/noticias\/#\/schema\/logo\/image\/\"},\"sameAs\":[\"https:\/\/www.facebook.com\/radiolifefm\/\",\"https:\/\/www.instagram.com\/life1079fm\/\"]},{\"@type\":\"Person\",\"@id\":\"https:\/\/radiolifefm.com.br\/noticias\/#\/schema\/person\/6339b9fac59d12b071dec680d7375d87\",\"name\":\"ritanery\",\"image\":{\"@type\":\"ImageObject\",\"inLanguage\":\"pt-BR\",\"@id\":\"https:\/\/secure.gravatar.com\/avatar\/0e37bb19071f47c0b8a23f62a903df117c5a0e75f65a0c2901562f97cd41cf86?s=96&d=mm&r=g\",\"url\":\"https:\/\/secure.gravatar.com\/avatar\/0e37bb19071f47c0b8a23f62a903df117c5a0e75f65a0c2901562f97cd41cf86?s=96&d=mm&r=g\",\"contentUrl\":\"https:\/\/secure.gravatar.com\/avatar\/0e37bb19071f47c0b8a23f62a903df117c5a0e75f65a0c2901562f97cd41cf86?s=96&d=mm&r=g\",\"caption\":\"ritanery\"}}]}<\/script>\n<!-- \/ Yoast SEO plugin. -->","yoast_head_json":{"title":"Em protesto pelo piso salarial, profissionais de enfermagem vestem preto na sa\u00fade de Adamantina - R\u00e1dio Life FM","robots":{"index":"index","follow":"follow","max-snippet":"max-snippet:-1","max-image-preview":"max-image-preview:large","max-video-preview":"max-video-preview:-1"},"canonical":"https:\/\/radiolifefm.com.br\/noticias\/em-protesto-pelo-piso-salarial-profissionais-de-enfermagem-vestem-preto-na-saude-de-adamantina\/","og_locale":"pt_BR","og_type":"article","og_title":"Em protesto pelo piso salarial, profissionais de enfermagem vestem preto na sa\u00fade de Adamantina - R\u00e1dio Life FM","og_description":"Profissionais da enfermagem \u2013 enfermeiros, t\u00e9cnicos e auxiliares \u2013 que atuam na sa\u00fade p\u00fablica de Adamantina foram trabalhar nesta segunda-feira (12) vestindo preto, em protesto por melhorias salariais \u00e0 categoria, entre elas o novo piso nacional da enfermagem. A manifesta\u00e7\u00e3o ocorreu sem que houvesse preju\u00edzo ao atendimento \u00e0 popula\u00e7\u00e3o. O piso nacional da enfermagem foi [&hellip;]","og_url":"https:\/\/radiolifefm.com.br\/noticias\/em-protesto-pelo-piso-salarial-profissionais-de-enfermagem-vestem-preto-na-saude-de-adamantina\/","og_site_name":"R\u00e1dio Life FM","article_publisher":"https:\/\/www.facebook.com\/radiolifefm\/","article_published_time":"2022-09-13T11:11:31+00:00","article_modified_time":"2026-04-20T22:17:51+00:00","og_image":[{"width":600,"height":337,"url":"https:\/\/radiolifefm.com.br\/noticias\/wp-content\/uploads\/2022\/09\/whatsapp-image-20220912-at-094237-1jpeg1662992575631f40bf88574.jpeg","type":"image\/jpeg"}],"author":"ritanery","twitter_card":"summary_large_image","twitter_misc":{"Escrito por":"ritanery","Est. tempo de leitura":"4 minutos"},"schema":{"@context":"https:\/\/schema.org","@graph":[{"@type":"Article","@id":"https:\/\/radiolifefm.com.br\/noticias\/em-protesto-pelo-piso-salarial-profissionais-de-enfermagem-vestem-preto-na-saude-de-adamantina\/#article","isPartOf":{"@id":"https:\/\/radiolifefm.com.br\/noticias\/em-protesto-pelo-piso-salarial-profissionais-de-enfermagem-vestem-preto-na-saude-de-adamantina\/"},"author":{"name":"ritanery","@id":"https:\/\/radiolifefm.com.br\/noticias\/#\/schema\/person\/6339b9fac59d12b071dec680d7375d87"},"headline":"Em protesto pelo piso salarial, profissionais de enfermagem vestem preto na sa\u00fade de Adamantina","datePublished":"2022-09-13T11:11:31+00:00","dateModified":"2026-04-20T22:17:51+00:00","mainEntityOfPage":{"@id":"https:\/\/radiolifefm.com.br\/noticias\/em-protesto-pelo-piso-salarial-profissionais-de-enfermagem-vestem-preto-na-saude-de-adamantina\/"},"wordCount":781,"publisher":{"@id":"https:\/\/radiolifefm.com.br\/noticias\/#organization"},"image":{"@id":"https:\/\/radiolifefm.com.br\/noticias\/em-protesto-pelo-piso-salarial-profissionais-de-enfermagem-vestem-preto-na-saude-de-adamantina\/#primaryimage"},"thumbnailUrl":"https:\/\/radiolifefm.com.br\/noticias\/wp-content\/uploads\/2022\/09\/whatsapp-image-20220912-at-094237-1jpeg1662992575631f40bf88574.jpeg","articleSection":["Adamantina"],"inLanguage":"pt-BR"},{"@type":"WebPage","@id":"https:\/\/radiolifefm.com.br\/noticias\/em-protesto-pelo-piso-salarial-profissionais-de-enfermagem-vestem-preto-na-saude-de-adamantina\/","url":"https:\/\/radiolifefm.com.br\/noticias\/em-protesto-pelo-piso-salarial-profissionais-de-enfermagem-vestem-preto-na-saude-de-adamantina\/","name":"Em protesto pelo piso salarial, profissionais de enfermagem vestem preto na sa\u00fade de Adamantina - R\u00e1dio Life FM","isPartOf":{"@id":"https:\/\/radiolifefm.com.br\/noticias\/#website"},"primaryImageOfPage":{"@id":"https:\/\/radiolifefm.com.br\/noticias\/em-protesto-pelo-piso-salarial-profissionais-de-enfermagem-vestem-preto-na-saude-de-adamantina\/#primaryimage"},"image":{"@id":"https:\/\/radiolifefm.com.br\/noticias\/em-protesto-pelo-piso-salarial-profissionais-de-enfermagem-vestem-preto-na-saude-de-adamantina\/#primaryimage"},"thumbnailUrl":"https:\/\/radiolifefm.com.br\/noticias\/wp-content\/uploads\/2022\/09\/whatsapp-image-20220912-at-094237-1jpeg1662992575631f40bf88574.jpeg","datePublished":"2022-09-13T11:11:31+00:00","dateModified":"2026-04-20T22:17:51+00:00","breadcrumb":{"@id":"https:\/\/radiolifefm.com.br\/noticias\/em-protesto-pelo-piso-salarial-profissionais-de-enfermagem-vestem-preto-na-saude-de-adamantina\/#breadcrumb"},"inLanguage":"pt-BR","potentialAction":[{"@type":"ReadAction","target":["https:\/\/radiolifefm.com.br\/noticias\/em-protesto-pelo-piso-salarial-profissionais-de-enfermagem-vestem-preto-na-saude-de-adamantina\/"]}]},{"@type":"ImageObject","inLanguage":"pt-BR","@id":"https:\/\/radiolifefm.com.br\/noticias\/em-protesto-pelo-piso-salarial-profissionais-de-enfermagem-vestem-preto-na-saude-de-adamantina\/#primaryimage","url":"https:\/\/radiolifefm.com.br\/noticias\/wp-content\/uploads\/2022\/09\/whatsapp-image-20220912-at-094237-1jpeg1662992575631f40bf88574.jpeg","contentUrl":"https:\/\/radiolifefm.com.br\/noticias\/wp-content\/uploads\/2022\/09\/whatsapp-image-20220912-at-094237-1jpeg1662992575631f40bf88574.jpeg","width":600,"height":337,"caption":"Profissionais de enfermagem do CIS (Centro Integrado de Sa\u00fade), na manh\u00e3 desta segunda-feira (Cedida)."},{"@type":"BreadcrumbList","@id":"https:\/\/radiolifefm.com.br\/noticias\/em-protesto-pelo-piso-salarial-profissionais-de-enfermagem-vestem-preto-na-saude-de-adamantina\/#breadcrumb","itemListElement":[{"@type":"ListItem","position":1,"name":"In\u00edcio","item":"https:\/\/radiolifefm.com.br\/noticias\/"},{"@type":"ListItem","position":2,"name":"Em protesto pelo piso salarial, profissionais de enfermagem vestem preto na sa\u00fade de Adamantina"}]},{"@type":"WebSite","@id":"https:\/\/radiolifefm.com.br\/noticias\/#website","url":"https:\/\/radiolifefm.com.br\/noticias\/","name":"R\u00e1dio Life FM","description":"O Portal de Not\u00edcias de Adamantina","publisher":{"@id":"https:\/\/radiolifefm.com.br\/noticias\/#organization"},"alternateName":"Life FM","potentialAction":[{"@type":"SearchAction","target":{"@type":"EntryPoint","urlTemplate":"https:\/\/radiolifefm.com.br\/noticias\/?s={search_term_string}"},"query-input":{"@type":"PropertyValueSpecification","valueRequired":true,"valueName":"search_term_string"}}],"inLanguage":"pt-BR"},{"@type":"Organization","@id":"https:\/\/radiolifefm.com.br\/noticias\/#organization","name":"R\u00e1dio Life FM","alternateName":"Life FM","url":"https:\/\/radiolifefm.com.br\/noticias\/","logo":{"@type":"ImageObject","inLanguage":"pt-BR","@id":"https:\/\/radiolifefm.com.br\/noticias\/#\/schema\/logo\/image\/","url":"https:\/\/static.radiolifefm.com.br\/noticias\/wp-content\/uploads\/2019\/10\/logo-lifefm.png","contentUrl":"https:\/\/static.radiolifefm.com.br\/noticias\/wp-content\/uploads\/2019\/10\/logo-lifefm.png","width":196,"height":47,"caption":"R\u00e1dio Life FM"},"image":{"@id":"https:\/\/radiolifefm.com.br\/noticias\/#\/schema\/logo\/image\/"},"sameAs":["https:\/\/www.facebook.com\/radiolifefm\/","https:\/\/www.instagram.com\/life1079fm\/"]},{"@type":"Person","@id":"https:\/\/radiolifefm.com.br\/noticias\/#\/schema\/person\/6339b9fac59d12b071dec680d7375d87","name":"ritanery","image":{"@type":"ImageObject","inLanguage":"pt-BR","@id":"https:\/\/secure.gravatar.com\/avatar\/0e37bb19071f47c0b8a23f62a903df117c5a0e75f65a0c2901562f97cd41cf86?s=96&d=mm&r=g","url":"https:\/\/secure.gravatar.com\/avatar\/0e37bb19071f47c0b8a23f62a903df117c5a0e75f65a0c2901562f97cd41cf86?s=96&d=mm&r=g","contentUrl":"https:\/\/secure.gravatar.com\/avatar\/0e37bb19071f47c0b8a23f62a903df117c5a0e75f65a0c2901562f97cd41cf86?s=96&d=mm&r=g","caption":"ritanery"}}]}},"amp_enabled":true,"_links":{"self":[{"href":"https:\/\/radiolifefm.com.br\/noticias\/wp-json\/wp\/v2\/posts\/58013","targetHints":{"allow":["GET"]}}],"collection":[{"href":"https:\/\/radiolifefm.com.br\/noticias\/wp-json\/wp\/v2\/posts"}],"about":[{"href":"https:\/\/radiolifefm.com.br\/noticias\/wp-json\/wp\/v2\/types\/post"}],"author":[{"embeddable":true,"href":"https:\/\/radiolifefm.com.br\/noticias\/wp-json\/wp\/v2\/users\/13"}],"replies":[{"embeddable":true,"href":"https:\/\/radiolifefm.com.br\/noticias\/wp-json\/wp\/v2\/comments?post=58013"}],"version-history":[{"count":2,"href":"https:\/\/radiolifefm.com.br\/noticias\/wp-json\/wp\/v2\/posts\/58013\/revisions"}],"predecessor-version":[{"id":58016,"href":"https:\/\/radiolifefm.com.br\/noticias\/wp-json\/wp\/v2\/posts\/58013\/revisions\/58016"}],"wp:featuredmedia":[{"embeddable":true,"href":"https:\/\/radiolifefm.com.br\/noticias\/wp-json\/wp\/v2\/media\/58014"}],"wp:attachment":[{"href":"https:\/\/radiolifefm.com.br\/noticias\/wp-json\/wp\/v2\/media?parent=58013"}],"wp:term":[{"taxonomy":"category","embeddable":true,"href":"https:\/\/radiolifefm.com.br\/noticias\/wp-json\/wp\/v2\/categories?post=58013"},{"taxonomy":"post_tag","embeddable":true,"href":"https:\/\/radiolifefm.com.br\/noticias\/wp-json\/wp\/v2\/tags?post=58013"}],"curies":[{"name":"wp","href":"https:\/\/api.w.org\/{rel}","templated":true}]}}