{"id":57906,"date":"2022-09-09T22:55:08","date_gmt":"2022-09-10T01:55:08","guid":{"rendered":"https:\/\/radiolifefm.com.br\/noticias\/?p=57906"},"modified":"2026-04-26T18:49:58","modified_gmt":"2026-04-26T21:49:58","slug":"misterio-e-angustia-familias-procuram-por-tres-adamantinenses-desaparecidos-no-mato-grosso","status":"publish","type":"post","link":"https:\/\/radiolifefm.com.br\/noticias\/misterio-e-angustia-familias-procuram-por-tres-adamantinenses-desaparecidos-no-mato-grosso\/","title":{"rendered":"Mist\u00e9rio e ang\u00fastia: fam\u00edlias procuram por tr\u00eas adamantinenses desaparecidos no Mato Grosso"},"content":{"rendered":"<div id=\"fb-root\"><\/div>\n<div>\n<p>Familiares de tr\u00eas rapazes de Adamantina \u2013 Everton Passos de Andrade (Xuxinha), Matheus Augusto Drago Schnoor e Richard Bortolo \u2013 est\u00e3o mobilizados na internet \u00e0 procura dos mesmos, tidos como desaparecidos no Mato Grosso. H\u00e1 uma publica\u00e7\u00e3o em um site de not\u00edcias do estado mato-grossense com data desta sexta-feira (9), e duas publica\u00e7\u00f5es nas redes sociais de familiares, tamb\u00e9m feitas hoje, sobre os desaparecimentos <em>(mais detalhes abaixo)<\/em>.<\/p>\n<p>As circunst\u00e2ncias do caso ainda n\u00e3o s\u00e3o oficialmente conhecidas, e s\u00e3o objeto de especula\u00e7\u00f5es e diferentes vers\u00f5es, sobretudo em \u00e1udios que circulam nos aplicativos de mensagens. At\u00e9 o presente momento, o SIGA MAIS se restringe a divulgar o fato de estarem desaparecidos, e a mobiliza\u00e7\u00e3o de familiares para encontra-los.<\/p>\n<p>Os fatos teriam ocorrido em Sorriso, cidade mato-grossense de 92 mil habitantes, distante cerca de 400 km de Cuiab\u00e1, e mais de 1.600 km de Adamantina.<\/p>\n<p><strong>Quem s\u00e3o?<\/strong><\/p>\n<p><strong>\u2022 Everton Passos de Andrade (Xuxinha)<\/strong><\/p>\n<p>O portal JKNot\u00edcias, de Sorriso (MT), publicou nesta sexta-feira sobre o desaparecimento do adamantinense Everton Passos de Andrade, que tem o apelido de \u201cXuxinha\u201d, de 39 anos. Conforme a publica\u00e7\u00e3o, ele teria desaparecido no dia 6 de setembro \u00faltimo.<\/p>\n<p><img loading=\"lazy\" decoding=\"async\" src=\"https:\/\/www.sigamais.com\/arquivo\/uploads\/xuxajpg1662765049631bc7f969b97.jpg\" alt=\"\" width=\"540\" height=\"874\" \/><em>(Reprodu\u00e7\u00e3o).<\/em><\/p>\n<p><strong>\u2022 Matheus Augusto Drago Schnoor<\/strong><\/p>\n<p>No Facebook, Maria Luiza D. Schnoor, que \u00e9 irm\u00e3 de Matheus Augusto Drago Schnoor, fez nesta sexta-feira uma <a href=\"https:\/\/www.facebook.com\/photo\/?fbid=5297031067061995&amp;set=a.331282403636911\" target=\"_blank\" rel=\"noopener\"><strong>postagem<\/strong><\/a>onde relata sobre o desaparecimento do rapaz e pede empatia e ajuda para localiz\u00e1-lo. \u201cPessoal, apenas pe\u00e7o empatia neste momento t\u00e3o dif\u00edcil, angustiante e de muito medo e incertezas! No momento meu irm\u00e3o, Matheus Augusto Drago Schnoor se encontra desaparecido. Pe\u00e7o para que rezem muito para o desfecho dessa hist\u00f3ria, que consigamos encontr\u00e1-lo, que ele volte para n\u00f3s! Se souberem de qualquer informa\u00e7\u00e3o que nos ajude na busca, ser\u00e1 muito importante. Desde j\u00e1, agrade\u00e7o pela compreens\u00e3o e pelas ora\u00e7\u00f5es, Deus sabe de todas as coisas, que Nossa Senhora siga sempre \u00e0 frente de toda situa\u00e7\u00e3o\u201d, escreveu. Veja a publica\u00e7\u00e3o:<\/p>\n<p><img loading=\"lazy\" decoding=\"async\" class=\"aligncenter wp-image-57907 size-full\" src=\"https:\/\/static.radiolifefm.com.br\/wp-content\/uploads\/sites\/2\/2022\/09\/1-2.jpg\" alt=\"\" width=\"516\" height=\"585\" srcset=\"https:\/\/radiolifefm.com.br\/noticias\/wp-content\/uploads\/2022\/09\/1-2.jpg 516w, https:\/\/radiolifefm.com.br\/noticias\/wp-content\/uploads\/2022\/09\/1-2-265x300.jpg 265w\" sizes=\"auto, (max-width: 516px) 100vw, 516px\" \/><\/p>\n<p><strong>\u2022 Richard Bortolo<\/strong><\/p>\n<p>J\u00e1 em um perfil de amigos, um homem identificado por Padre Gabriel, irm\u00e3o do m\u00e9dico veterin\u00e1rio Richard Bortolo, fez uma <a href=\"https:\/\/www.facebook.com\/photo?fbid=5365594583523236&amp;set=a.139643762785037\" target=\"_blank\" rel=\"noopener\"><strong>postagem<\/strong><\/a>nesta sexta-feira onde tamb\u00e9m fala sobre o desaparecimento dele, e pede que o conte\u00fado seja compartilhado. \u201cOl\u00e1, queridos. Aqui quem escreve \u00e9 o Pe. Gabriel. Pe\u00e7o ora\u00e7\u00f5es pelo meu irm\u00e3o Richard, que est\u00e1 desaparecido desde ontem na cidade de Sorriso, Mato Grosso. Confiemos no Senhor! Jesus, eu confio em V\u00f3s! Compartilhem por favor\u201d, escreveu. Veja a publica\u00e7\u00e3o:<\/p>\n<p><img loading=\"lazy\" decoding=\"async\" class=\"aligncenter wp-image-57909 size-full\" src=\"https:\/\/static.radiolifefm.com.br\/wp-content\/uploads\/sites\/2\/2022\/09\/2.jpg\" alt=\"\" width=\"525\" height=\"585\" srcset=\"https:\/\/radiolifefm.com.br\/noticias\/wp-content\/uploads\/2022\/09\/2.jpg 525w, https:\/\/radiolifefm.com.br\/noticias\/wp-content\/uploads\/2022\/09\/2-269x300.jpg 269w\" sizes=\"auto, (max-width: 525px) 100vw, 525px\" \/><\/p>\n<\/div>\n<p>Fonte: Siga Mais<\/p>\n","protected":false},"excerpt":{"rendered":"<p>Familiares de tr\u00eas rapazes de Adamantina \u2013 Everton Passos de Andrade (Xuxinha), Matheus Augusto Drago Schnoor e Richard Bortolo \u2013 est\u00e3o mobilizados na internet \u00e0 procura dos mesmos, tidos como desaparecidos no Mato Grosso. H\u00e1 uma publica\u00e7\u00e3o em um site de not\u00edcias do estado mato-grossense com data desta sexta-feira (9), e duas publica\u00e7\u00f5es nas redes [&hellip;]<\/p>\n","protected":false},"author":13,"featured_media":57910,"comment_status":"closed","ping_status":"open","sticky":false,"template":"","format":"standard","meta":{"_acf_changed":false,"_exactmetrics_skip_tracking":false,"_exactmetrics_sitenote_active":false,"_exactmetrics_sitenote_note":"","_exactmetrics_sitenote_category":0,"footnotes":""},"categories":[21],"tags":[],"class_list":["post-57906","post","type-post","status-publish","format-standard","has-post-thumbnail","hentry","category-adamantina"],"acf":[],"yoast_head":"<!-- This site is optimized with the Yoast SEO plugin v27.2 - https:\/\/yoast.com\/product\/yoast-seo-wordpress\/ -->\n<title>Mist\u00e9rio e ang\u00fastia: fam\u00edlias procuram por tr\u00eas adamantinenses desaparecidos no Mato Grosso - R\u00e1dio Life FM<\/title>\n<meta name=\"robots\" content=\"index, follow, max-snippet:-1, max-image-preview:large, max-video-preview:-1\" \/>\n<link rel=\"canonical\" href=\"https:\/\/radiolifefm.com.br\/noticias\/misterio-e-angustia-familias-procuram-por-tres-adamantinenses-desaparecidos-no-mato-grosso\/\" \/>\n<meta property=\"og:locale\" content=\"pt_BR\" \/>\n<meta property=\"og:type\" content=\"article\" \/>\n<meta property=\"og:title\" content=\"Mist\u00e9rio e ang\u00fastia: fam\u00edlias procuram por tr\u00eas adamantinenses desaparecidos no Mato Grosso - R\u00e1dio Life FM\" \/>\n<meta property=\"og:description\" content=\"Familiares de tr\u00eas rapazes de Adamantina \u2013 Everton Passos de Andrade (Xuxinha), Matheus Augusto Drago Schnoor e Richard Bortolo \u2013 est\u00e3o mobilizados na internet \u00e0 procura dos mesmos, tidos como desaparecidos no Mato Grosso. H\u00e1 uma publica\u00e7\u00e3o em um site de not\u00edcias do estado mato-grossense com data desta sexta-feira (9), e duas publica\u00e7\u00f5es nas redes [&hellip;]\" \/>\n<meta property=\"og:url\" content=\"https:\/\/radiolifefm.com.br\/noticias\/misterio-e-angustia-familias-procuram-por-tres-adamantinenses-desaparecidos-no-mato-grosso\/\" \/>\n<meta property=\"og:site_name\" content=\"R\u00e1dio Life FM\" \/>\n<meta property=\"article:publisher\" content=\"https:\/\/www.facebook.com\/radiolifefm\/\" \/>\n<meta property=\"article:published_time\" content=\"2022-09-10T01:55:08+00:00\" \/>\n<meta property=\"article:modified_time\" content=\"2026-04-26T21:49:58+00:00\" \/>\n<meta property=\"og:image\" content=\"https:\/\/radiolifefm.com.br\/noticias\/wp-content\/uploads\/2022\/09\/trespng1662765383631bc947adda9.jpeg\" \/>\n\t<meta property=\"og:image:width\" content=\"600\" \/>\n\t<meta property=\"og:image:height\" content=\"337\" \/>\n\t<meta property=\"og:image:type\" content=\"image\/jpeg\" \/>\n<meta name=\"author\" content=\"ritanery\" \/>\n<meta name=\"twitter:card\" content=\"summary_large_image\" \/>\n<meta name=\"twitter:label1\" content=\"Escrito por\" \/>\n\t<meta name=\"twitter:data1\" content=\"ritanery\" \/>\n\t<meta name=\"twitter:label2\" content=\"Est. tempo de leitura\" \/>\n\t<meta name=\"twitter:data2\" content=\"3 minutos\" \/>\n<script type=\"application\/ld+json\" class=\"yoast-schema-graph\">{\"@context\":\"https:\/\/schema.org\",\"@graph\":[{\"@type\":\"Article\",\"@id\":\"https:\/\/radiolifefm.com.br\/noticias\/misterio-e-angustia-familias-procuram-por-tres-adamantinenses-desaparecidos-no-mato-grosso\/#article\",\"isPartOf\":{\"@id\":\"https:\/\/radiolifefm.com.br\/noticias\/misterio-e-angustia-familias-procuram-por-tres-adamantinenses-desaparecidos-no-mato-grosso\/\"},\"author\":{\"name\":\"ritanery\",\"@id\":\"https:\/\/radiolifefm.com.br\/noticias\/#\/schema\/person\/6339b9fac59d12b071dec680d7375d87\"},\"headline\":\"Mist\u00e9rio e ang\u00fastia: fam\u00edlias procuram por tr\u00eas adamantinenses desaparecidos no Mato Grosso\",\"datePublished\":\"2022-09-10T01:55:08+00:00\",\"dateModified\":\"2026-04-26T21:49:58+00:00\",\"mainEntityOfPage\":{\"@id\":\"https:\/\/radiolifefm.com.br\/noticias\/misterio-e-angustia-familias-procuram-por-tres-adamantinenses-desaparecidos-no-mato-grosso\/\"},\"wordCount\":440,\"publisher\":{\"@id\":\"https:\/\/radiolifefm.com.br\/noticias\/#organization\"},\"image\":{\"@id\":\"https:\/\/radiolifefm.com.br\/noticias\/misterio-e-angustia-familias-procuram-por-tres-adamantinenses-desaparecidos-no-mato-grosso\/#primaryimage\"},\"thumbnailUrl\":\"https:\/\/radiolifefm.com.br\/noticias\/wp-content\/uploads\/2022\/09\/trespng1662765383631bc947adda9.jpeg\",\"articleSection\":[\"Adamantina\"],\"inLanguage\":\"pt-BR\"},{\"@type\":\"WebPage\",\"@id\":\"https:\/\/radiolifefm.com.br\/noticias\/misterio-e-angustia-familias-procuram-por-tres-adamantinenses-desaparecidos-no-mato-grosso\/\",\"url\":\"https:\/\/radiolifefm.com.br\/noticias\/misterio-e-angustia-familias-procuram-por-tres-adamantinenses-desaparecidos-no-mato-grosso\/\",\"name\":\"Mist\u00e9rio e ang\u00fastia: fam\u00edlias procuram por tr\u00eas adamantinenses desaparecidos no Mato Grosso - R\u00e1dio Life FM\",\"isPartOf\":{\"@id\":\"https:\/\/radiolifefm.com.br\/noticias\/#website\"},\"primaryImageOfPage\":{\"@id\":\"https:\/\/radiolifefm.com.br\/noticias\/misterio-e-angustia-familias-procuram-por-tres-adamantinenses-desaparecidos-no-mato-grosso\/#primaryimage\"},\"image\":{\"@id\":\"https:\/\/radiolifefm.com.br\/noticias\/misterio-e-angustia-familias-procuram-por-tres-adamantinenses-desaparecidos-no-mato-grosso\/#primaryimage\"},\"thumbnailUrl\":\"https:\/\/radiolifefm.com.br\/noticias\/wp-content\/uploads\/2022\/09\/trespng1662765383631bc947adda9.jpeg\",\"datePublished\":\"2022-09-10T01:55:08+00:00\",\"dateModified\":\"2026-04-26T21:49:58+00:00\",\"breadcrumb\":{\"@id\":\"https:\/\/radiolifefm.com.br\/noticias\/misterio-e-angustia-familias-procuram-por-tres-adamantinenses-desaparecidos-no-mato-grosso\/#breadcrumb\"},\"inLanguage\":\"pt-BR\",\"potentialAction\":[{\"@type\":\"ReadAction\",\"target\":[\"https:\/\/radiolifefm.com.br\/noticias\/misterio-e-angustia-familias-procuram-por-tres-adamantinenses-desaparecidos-no-mato-grosso\/\"]}]},{\"@type\":\"ImageObject\",\"inLanguage\":\"pt-BR\",\"@id\":\"https:\/\/radiolifefm.com.br\/noticias\/misterio-e-angustia-familias-procuram-por-tres-adamantinenses-desaparecidos-no-mato-grosso\/#primaryimage\",\"url\":\"https:\/\/radiolifefm.com.br\/noticias\/wp-content\/uploads\/2022\/09\/trespng1662765383631bc947adda9.jpeg\",\"contentUrl\":\"https:\/\/radiolifefm.com.br\/noticias\/wp-content\/uploads\/2022\/09\/trespng1662765383631bc947adda9.jpeg\",\"width\":600,\"height\":337,\"caption\":\"Os tr\u00eas rapazes adamantinenses Everton Passos de Andrade (Xuxinha), Richard Bortolo e Matheus Augusto Drago Schnoor (Reprodu\u00e7\u00e3o).\"},{\"@type\":\"BreadcrumbList\",\"@id\":\"https:\/\/radiolifefm.com.br\/noticias\/misterio-e-angustia-familias-procuram-por-tres-adamantinenses-desaparecidos-no-mato-grosso\/#breadcrumb\",\"itemListElement\":[{\"@type\":\"ListItem\",\"position\":1,\"name\":\"In\u00edcio\",\"item\":\"https:\/\/radiolifefm.com.br\/noticias\/\"},{\"@type\":\"ListItem\",\"position\":2,\"name\":\"Mist\u00e9rio e ang\u00fastia: fam\u00edlias procuram por tr\u00eas adamantinenses desaparecidos no Mato Grosso\"}]},{\"@type\":\"WebSite\",\"@id\":\"https:\/\/radiolifefm.com.br\/noticias\/#website\",\"url\":\"https:\/\/radiolifefm.com.br\/noticias\/\",\"name\":\"R\u00e1dio Life FM\",\"description\":\"O Portal de Not\u00edcias de Adamantina\",\"publisher\":{\"@id\":\"https:\/\/radiolifefm.com.br\/noticias\/#organization\"},\"alternateName\":\"Life FM\",\"potentialAction\":[{\"@type\":\"SearchAction\",\"target\":{\"@type\":\"EntryPoint\",\"urlTemplate\":\"https:\/\/radiolifefm.com.br\/noticias\/?s={search_term_string}\"},\"query-input\":{\"@type\":\"PropertyValueSpecification\",\"valueRequired\":true,\"valueName\":\"search_term_string\"}}],\"inLanguage\":\"pt-BR\"},{\"@type\":\"Organization\",\"@id\":\"https:\/\/radiolifefm.com.br\/noticias\/#organization\",\"name\":\"R\u00e1dio Life FM\",\"alternateName\":\"Life FM\",\"url\":\"https:\/\/radiolifefm.com.br\/noticias\/\",\"logo\":{\"@type\":\"ImageObject\",\"inLanguage\":\"pt-BR\",\"@id\":\"https:\/\/radiolifefm.com.br\/noticias\/#\/schema\/logo\/image\/\",\"url\":\"https:\/\/static.radiolifefm.com.br\/noticias\/wp-content\/uploads\/2019\/10\/logo-lifefm.png\",\"contentUrl\":\"https:\/\/static.radiolifefm.com.br\/noticias\/wp-content\/uploads\/2019\/10\/logo-lifefm.png\",\"width\":196,\"height\":47,\"caption\":\"R\u00e1dio Life FM\"},\"image\":{\"@id\":\"https:\/\/radiolifefm.com.br\/noticias\/#\/schema\/logo\/image\/\"},\"sameAs\":[\"https:\/\/www.facebook.com\/radiolifefm\/\",\"https:\/\/www.instagram.com\/life1079fm\/\"]},{\"@type\":\"Person\",\"@id\":\"https:\/\/radiolifefm.com.br\/noticias\/#\/schema\/person\/6339b9fac59d12b071dec680d7375d87\",\"name\":\"ritanery\",\"image\":{\"@type\":\"ImageObject\",\"inLanguage\":\"pt-BR\",\"@id\":\"https:\/\/secure.gravatar.com\/avatar\/0e37bb19071f47c0b8a23f62a903df117c5a0e75f65a0c2901562f97cd41cf86?s=96&d=mm&r=g\",\"url\":\"https:\/\/secure.gravatar.com\/avatar\/0e37bb19071f47c0b8a23f62a903df117c5a0e75f65a0c2901562f97cd41cf86?s=96&d=mm&r=g\",\"contentUrl\":\"https:\/\/secure.gravatar.com\/avatar\/0e37bb19071f47c0b8a23f62a903df117c5a0e75f65a0c2901562f97cd41cf86?s=96&d=mm&r=g\",\"caption\":\"ritanery\"}}]}<\/script>\n<!-- \/ Yoast SEO plugin. -->","yoast_head_json":{"title":"Mist\u00e9rio e ang\u00fastia: fam\u00edlias procuram por tr\u00eas adamantinenses desaparecidos no Mato Grosso - R\u00e1dio Life FM","robots":{"index":"index","follow":"follow","max-snippet":"max-snippet:-1","max-image-preview":"max-image-preview:large","max-video-preview":"max-video-preview:-1"},"canonical":"https:\/\/radiolifefm.com.br\/noticias\/misterio-e-angustia-familias-procuram-por-tres-adamantinenses-desaparecidos-no-mato-grosso\/","og_locale":"pt_BR","og_type":"article","og_title":"Mist\u00e9rio e ang\u00fastia: fam\u00edlias procuram por tr\u00eas adamantinenses desaparecidos no Mato Grosso - R\u00e1dio Life FM","og_description":"Familiares de tr\u00eas rapazes de Adamantina \u2013 Everton Passos de Andrade (Xuxinha), Matheus Augusto Drago Schnoor e Richard Bortolo \u2013 est\u00e3o mobilizados na internet \u00e0 procura dos mesmos, tidos como desaparecidos no Mato Grosso. H\u00e1 uma publica\u00e7\u00e3o em um site de not\u00edcias do estado mato-grossense com data desta sexta-feira (9), e duas publica\u00e7\u00f5es nas redes [&hellip;]","og_url":"https:\/\/radiolifefm.com.br\/noticias\/misterio-e-angustia-familias-procuram-por-tres-adamantinenses-desaparecidos-no-mato-grosso\/","og_site_name":"R\u00e1dio Life FM","article_publisher":"https:\/\/www.facebook.com\/radiolifefm\/","article_published_time":"2022-09-10T01:55:08+00:00","article_modified_time":"2026-04-26T21:49:58+00:00","og_image":[{"width":600,"height":337,"url":"https:\/\/radiolifefm.com.br\/noticias\/wp-content\/uploads\/2022\/09\/trespng1662765383631bc947adda9.jpeg","type":"image\/jpeg"}],"author":"ritanery","twitter_card":"summary_large_image","twitter_misc":{"Escrito por":"ritanery","Est. tempo de leitura":"3 minutos"},"schema":{"@context":"https:\/\/schema.org","@graph":[{"@type":"Article","@id":"https:\/\/radiolifefm.com.br\/noticias\/misterio-e-angustia-familias-procuram-por-tres-adamantinenses-desaparecidos-no-mato-grosso\/#article","isPartOf":{"@id":"https:\/\/radiolifefm.com.br\/noticias\/misterio-e-angustia-familias-procuram-por-tres-adamantinenses-desaparecidos-no-mato-grosso\/"},"author":{"name":"ritanery","@id":"https:\/\/radiolifefm.com.br\/noticias\/#\/schema\/person\/6339b9fac59d12b071dec680d7375d87"},"headline":"Mist\u00e9rio e ang\u00fastia: fam\u00edlias procuram por tr\u00eas adamantinenses desaparecidos no Mato Grosso","datePublished":"2022-09-10T01:55:08+00:00","dateModified":"2026-04-26T21:49:58+00:00","mainEntityOfPage":{"@id":"https:\/\/radiolifefm.com.br\/noticias\/misterio-e-angustia-familias-procuram-por-tres-adamantinenses-desaparecidos-no-mato-grosso\/"},"wordCount":440,"publisher":{"@id":"https:\/\/radiolifefm.com.br\/noticias\/#organization"},"image":{"@id":"https:\/\/radiolifefm.com.br\/noticias\/misterio-e-angustia-familias-procuram-por-tres-adamantinenses-desaparecidos-no-mato-grosso\/#primaryimage"},"thumbnailUrl":"https:\/\/radiolifefm.com.br\/noticias\/wp-content\/uploads\/2022\/09\/trespng1662765383631bc947adda9.jpeg","articleSection":["Adamantina"],"inLanguage":"pt-BR"},{"@type":"WebPage","@id":"https:\/\/radiolifefm.com.br\/noticias\/misterio-e-angustia-familias-procuram-por-tres-adamantinenses-desaparecidos-no-mato-grosso\/","url":"https:\/\/radiolifefm.com.br\/noticias\/misterio-e-angustia-familias-procuram-por-tres-adamantinenses-desaparecidos-no-mato-grosso\/","name":"Mist\u00e9rio e ang\u00fastia: fam\u00edlias procuram por tr\u00eas adamantinenses desaparecidos no Mato Grosso - R\u00e1dio Life FM","isPartOf":{"@id":"https:\/\/radiolifefm.com.br\/noticias\/#website"},"primaryImageOfPage":{"@id":"https:\/\/radiolifefm.com.br\/noticias\/misterio-e-angustia-familias-procuram-por-tres-adamantinenses-desaparecidos-no-mato-grosso\/#primaryimage"},"image":{"@id":"https:\/\/radiolifefm.com.br\/noticias\/misterio-e-angustia-familias-procuram-por-tres-adamantinenses-desaparecidos-no-mato-grosso\/#primaryimage"},"thumbnailUrl":"https:\/\/radiolifefm.com.br\/noticias\/wp-content\/uploads\/2022\/09\/trespng1662765383631bc947adda9.jpeg","datePublished":"2022-09-10T01:55:08+00:00","dateModified":"2026-04-26T21:49:58+00:00","breadcrumb":{"@id":"https:\/\/radiolifefm.com.br\/noticias\/misterio-e-angustia-familias-procuram-por-tres-adamantinenses-desaparecidos-no-mato-grosso\/#breadcrumb"},"inLanguage":"pt-BR","potentialAction":[{"@type":"ReadAction","target":["https:\/\/radiolifefm.com.br\/noticias\/misterio-e-angustia-familias-procuram-por-tres-adamantinenses-desaparecidos-no-mato-grosso\/"]}]},{"@type":"ImageObject","inLanguage":"pt-BR","@id":"https:\/\/radiolifefm.com.br\/noticias\/misterio-e-angustia-familias-procuram-por-tres-adamantinenses-desaparecidos-no-mato-grosso\/#primaryimage","url":"https:\/\/radiolifefm.com.br\/noticias\/wp-content\/uploads\/2022\/09\/trespng1662765383631bc947adda9.jpeg","contentUrl":"https:\/\/radiolifefm.com.br\/noticias\/wp-content\/uploads\/2022\/09\/trespng1662765383631bc947adda9.jpeg","width":600,"height":337,"caption":"Os tr\u00eas rapazes adamantinenses Everton Passos de Andrade (Xuxinha), Richard Bortolo e Matheus Augusto Drago Schnoor (Reprodu\u00e7\u00e3o)."},{"@type":"BreadcrumbList","@id":"https:\/\/radiolifefm.com.br\/noticias\/misterio-e-angustia-familias-procuram-por-tres-adamantinenses-desaparecidos-no-mato-grosso\/#breadcrumb","itemListElement":[{"@type":"ListItem","position":1,"name":"In\u00edcio","item":"https:\/\/radiolifefm.com.br\/noticias\/"},{"@type":"ListItem","position":2,"name":"Mist\u00e9rio e ang\u00fastia: fam\u00edlias procuram por tr\u00eas adamantinenses desaparecidos no Mato Grosso"}]},{"@type":"WebSite","@id":"https:\/\/radiolifefm.com.br\/noticias\/#website","url":"https:\/\/radiolifefm.com.br\/noticias\/","name":"R\u00e1dio Life FM","description":"O Portal de Not\u00edcias de Adamantina","publisher":{"@id":"https:\/\/radiolifefm.com.br\/noticias\/#organization"},"alternateName":"Life FM","potentialAction":[{"@type":"SearchAction","target":{"@type":"EntryPoint","urlTemplate":"https:\/\/radiolifefm.com.br\/noticias\/?s={search_term_string}"},"query-input":{"@type":"PropertyValueSpecification","valueRequired":true,"valueName":"search_term_string"}}],"inLanguage":"pt-BR"},{"@type":"Organization","@id":"https:\/\/radiolifefm.com.br\/noticias\/#organization","name":"R\u00e1dio Life FM","alternateName":"Life FM","url":"https:\/\/radiolifefm.com.br\/noticias\/","logo":{"@type":"ImageObject","inLanguage":"pt-BR","@id":"https:\/\/radiolifefm.com.br\/noticias\/#\/schema\/logo\/image\/","url":"https:\/\/static.radiolifefm.com.br\/noticias\/wp-content\/uploads\/2019\/10\/logo-lifefm.png","contentUrl":"https:\/\/static.radiolifefm.com.br\/noticias\/wp-content\/uploads\/2019\/10\/logo-lifefm.png","width":196,"height":47,"caption":"R\u00e1dio Life FM"},"image":{"@id":"https:\/\/radiolifefm.com.br\/noticias\/#\/schema\/logo\/image\/"},"sameAs":["https:\/\/www.facebook.com\/radiolifefm\/","https:\/\/www.instagram.com\/life1079fm\/"]},{"@type":"Person","@id":"https:\/\/radiolifefm.com.br\/noticias\/#\/schema\/person\/6339b9fac59d12b071dec680d7375d87","name":"ritanery","image":{"@type":"ImageObject","inLanguage":"pt-BR","@id":"https:\/\/secure.gravatar.com\/avatar\/0e37bb19071f47c0b8a23f62a903df117c5a0e75f65a0c2901562f97cd41cf86?s=96&d=mm&r=g","url":"https:\/\/secure.gravatar.com\/avatar\/0e37bb19071f47c0b8a23f62a903df117c5a0e75f65a0c2901562f97cd41cf86?s=96&d=mm&r=g","contentUrl":"https:\/\/secure.gravatar.com\/avatar\/0e37bb19071f47c0b8a23f62a903df117c5a0e75f65a0c2901562f97cd41cf86?s=96&d=mm&r=g","caption":"ritanery"}}]}},"amp_enabled":true,"_links":{"self":[{"href":"https:\/\/radiolifefm.com.br\/noticias\/wp-json\/wp\/v2\/posts\/57906","targetHints":{"allow":["GET"]}}],"collection":[{"href":"https:\/\/radiolifefm.com.br\/noticias\/wp-json\/wp\/v2\/posts"}],"about":[{"href":"https:\/\/radiolifefm.com.br\/noticias\/wp-json\/wp\/v2\/types\/post"}],"author":[{"embeddable":true,"href":"https:\/\/radiolifefm.com.br\/noticias\/wp-json\/wp\/v2\/users\/13"}],"replies":[{"embeddable":true,"href":"https:\/\/radiolifefm.com.br\/noticias\/wp-json\/wp\/v2\/comments?post=57906"}],"version-history":[{"count":2,"href":"https:\/\/radiolifefm.com.br\/noticias\/wp-json\/wp\/v2\/posts\/57906\/revisions"}],"predecessor-version":[{"id":57912,"href":"https:\/\/radiolifefm.com.br\/noticias\/wp-json\/wp\/v2\/posts\/57906\/revisions\/57912"}],"wp:featuredmedia":[{"embeddable":true,"href":"https:\/\/radiolifefm.com.br\/noticias\/wp-json\/wp\/v2\/media\/57910"}],"wp:attachment":[{"href":"https:\/\/radiolifefm.com.br\/noticias\/wp-json\/wp\/v2\/media?parent=57906"}],"wp:term":[{"taxonomy":"category","embeddable":true,"href":"https:\/\/radiolifefm.com.br\/noticias\/wp-json\/wp\/v2\/categories?post=57906"},{"taxonomy":"post_tag","embeddable":true,"href":"https:\/\/radiolifefm.com.br\/noticias\/wp-json\/wp\/v2\/tags?post=57906"}],"curies":[{"name":"wp","href":"https:\/\/api.w.org\/{rel}","templated":true}]}}