{"id":57872,"date":"2022-09-07T16:38:42","date_gmt":"2022-09-07T19:38:42","guid":{"rendered":"https:\/\/radiolifefm.com.br\/noticias\/?p=57872"},"modified":"2026-01-25T18:11:38","modified_gmt":"2026-01-25T21:11:38","slug":"tjsp-mantem-condenacao-a-morador-de-adamantina-que-descumpriu-isolamento-apos-diagnostico-de-covid","status":"publish","type":"post","link":"https:\/\/radiolifefm.com.br\/noticias\/tjsp-mantem-condenacao-a-morador-de-adamantina-que-descumpriu-isolamento-apos-diagnostico-de-covid\/","title":{"rendered":"TJSP mant\u00e9m condena\u00e7\u00e3o a morador de Adamantina que descumpriu isolamento ap\u00f3s diagn\u00f3stico de Covid"},"content":{"rendered":"<div id=\"fb-root\"><\/div>\n<p>A\u00a0<a href=\"https:\/\/www.tjsp.jus.br\/Noticias\/Noticia?codigoNoticia=85576\"><strong>8\u00aa C\u00e2mara de Direito Privado do Tribunal de Justi\u00e7a de S\u00e3o Paulo<\/strong><\/a>\u00a0manteve decis\u00e3o do juiz Carlos Gustavo Urquiza Scarazzato, da 2\u00aa Vara de Adamantina, que condenou homem a pagar indeniza\u00e7\u00e3o por danos morais coletivos no valor de R$ 3 mil, em raz\u00e3o de descumprimento das medidas protetivas de vigil\u00e2ncia sanit\u00e1ria no combate \u00e0 pandemia de Covid-19.<\/p>\n<p>De acordo com os autos, o homem, que testou positivo para a doen\u00e7a, deveria permanecer em isolamento entre os dias 5 e 17 de mar\u00e7o do ano passado por determina\u00e7\u00e3o da autoridade sanit\u00e1ria. No entanto, o paciente descumpriu a medida e foi a jogo de futebol sem utilizar m\u00e1scara e no dia seguinte saiu de casa e entrou em contato com outras pessoas, tudo registrado por agentes municipais e por Boletim de Ocorr\u00eancia.<\/p>\n<p>Para o relator do recurso, desembargador Benedito Antonio Okuno, \u201cmuito embora estivesse ciente do seu estado de sa\u00fade e do alto risco de transmissibilidade do v\u00edrus Covid-19, o apelante permaneceu circulando socialmente, expondo a risco a vida e a sa\u00fade de toda a popula\u00e7\u00e3o\u201d. \u201cOs danos morais coletivos, no caso, decorreram de ato il\u00edcito praticado pelo apelante em raz\u00e3o de seu comportamento confessado nos autos, uma vez que decidiu ostensivamente contrariar as medidas ditadas pelas autoridades sanit\u00e1rias para enfrentamento da pandemia da Covid-19, violando preceitos b\u00e1sicos de sa\u00fade coletiva, a que todos t\u00eam direito de modo igualit\u00e1rio\u201d, concluiu.<\/p>\n<p>O julgamento, de vota\u00e7\u00e3o un\u00e2nime, teve a participa\u00e7\u00e3o dos desembargadores Salles Rossi e Clara Maria Ara\u00fajo Xavier.<\/p>\n<p>Apela\u00e7\u00e3o n\u00ba\u00a0<strong><a href=\"https:\/\/esaj.tjsp.jus.br\/cposg\/search.do;jsessionid=98BBEDB19B62C6B9395F1722E17F7C0A.cposg6?conversationId=&amp;paginaConsulta=0&amp;cbPesquisa=NUMPROC&amp;numeroDigitoAnoUnificado=1000591-61.2021&amp;foroNumeroUnificado=0081&amp;dePesquisaNuUnificado=1000591-61.2021.8.26.0081&amp;dePesquisaNuUnificado=UNIFICADO&amp;dePesquisa=&amp;tipoNuProcesso=UNIFICADO\">1000591-61.2021.8.26.0081<\/a><\/strong>.<\/p>\n<p>&nbsp;<\/p>\n<p>&nbsp;<\/p>\n<p>Fonte: Siga Mais<\/p>\n","protected":false},"excerpt":{"rendered":"<p>A\u00a08\u00aa C\u00e2mara de Direito Privado do Tribunal de Justi\u00e7a de S\u00e3o Paulo\u00a0manteve decis\u00e3o do juiz Carlos Gustavo Urquiza Scarazzato, da 2\u00aa Vara de Adamantina, que condenou homem a pagar indeniza\u00e7\u00e3o por danos morais coletivos no valor de R$ 3 mil, em raz\u00e3o de descumprimento das medidas protetivas de vigil\u00e2ncia sanit\u00e1ria no combate \u00e0 pandemia de [&hellip;]<\/p>\n","protected":false},"author":13,"featured_media":27866,"comment_status":"closed","ping_status":"open","sticky":false,"template":"","format":"standard","meta":{"_acf_changed":false,"_exactmetrics_skip_tracking":false,"_exactmetrics_sitenote_active":false,"_exactmetrics_sitenote_note":"","_exactmetrics_sitenote_category":0,"footnotes":""},"categories":[21],"tags":[],"class_list":["post-57872","post","type-post","status-publish","format-standard","has-post-thumbnail","hentry","category-adamantina"],"acf":[],"yoast_head":"<!-- This site is optimized with the Yoast SEO plugin v27.2 - https:\/\/yoast.com\/product\/yoast-seo-wordpress\/ -->\n<title>TJSP mant\u00e9m condena\u00e7\u00e3o a morador de Adamantina que descumpriu isolamento ap\u00f3s diagn\u00f3stico de Covid - R\u00e1dio Life FM<\/title>\n<meta name=\"robots\" content=\"index, follow, max-snippet:-1, max-image-preview:large, max-video-preview:-1\" \/>\n<link rel=\"canonical\" href=\"https:\/\/radiolifefm.com.br\/noticias\/tjsp-mantem-condenacao-a-morador-de-adamantina-que-descumpriu-isolamento-apos-diagnostico-de-covid\/\" \/>\n<meta property=\"og:locale\" content=\"pt_BR\" \/>\n<meta property=\"og:type\" content=\"article\" \/>\n<meta property=\"og:title\" content=\"TJSP mant\u00e9m condena\u00e7\u00e3o a morador de Adamantina que descumpriu isolamento ap\u00f3s diagn\u00f3stico de Covid - R\u00e1dio Life FM\" \/>\n<meta property=\"og:description\" content=\"A\u00a08\u00aa C\u00e2mara de Direito Privado do Tribunal de Justi\u00e7a de S\u00e3o Paulo\u00a0manteve decis\u00e3o do juiz Carlos Gustavo Urquiza Scarazzato, da 2\u00aa Vara de Adamantina, que condenou homem a pagar indeniza\u00e7\u00e3o por danos morais coletivos no valor de R$ 3 mil, em raz\u00e3o de descumprimento das medidas protetivas de vigil\u00e2ncia sanit\u00e1ria no combate \u00e0 pandemia de [&hellip;]\" \/>\n<meta property=\"og:url\" content=\"https:\/\/radiolifefm.com.br\/noticias\/tjsp-mantem-condenacao-a-morador-de-adamantina-que-descumpriu-isolamento-apos-diagnostico-de-covid\/\" \/>\n<meta property=\"og:site_name\" content=\"R\u00e1dio Life FM\" \/>\n<meta property=\"article:publisher\" content=\"https:\/\/www.facebook.com\/radiolifefm\/\" \/>\n<meta property=\"article:published_time\" content=\"2022-09-07T19:38:42+00:00\" \/>\n<meta property=\"article:modified_time\" content=\"2026-01-25T21:11:38+00:00\" \/>\n<meta property=\"og:image\" content=\"https:\/\/radiolifefm.com.br\/noticias\/wp-content\/uploads\/2020\/10\/justica.jpg\" \/>\n\t<meta property=\"og:image:width\" content=\"800\" \/>\n\t<meta property=\"og:image:height\" content=\"445\" \/>\n\t<meta property=\"og:image:type\" content=\"image\/jpeg\" \/>\n<meta name=\"author\" content=\"ritanery\" \/>\n<meta name=\"twitter:card\" content=\"summary_large_image\" \/>\n<meta name=\"twitter:label1\" content=\"Escrito por\" \/>\n\t<meta name=\"twitter:data1\" content=\"ritanery\" \/>\n\t<meta name=\"twitter:label2\" content=\"Est. tempo de leitura\" \/>\n\t<meta name=\"twitter:data2\" content=\"2 minutos\" \/>\n<script type=\"application\/ld+json\" class=\"yoast-schema-graph\">{\"@context\":\"https:\/\/schema.org\",\"@graph\":[{\"@type\":\"Article\",\"@id\":\"https:\/\/radiolifefm.com.br\/noticias\/tjsp-mantem-condenacao-a-morador-de-adamantina-que-descumpriu-isolamento-apos-diagnostico-de-covid\/#article\",\"isPartOf\":{\"@id\":\"https:\/\/radiolifefm.com.br\/noticias\/tjsp-mantem-condenacao-a-morador-de-adamantina-que-descumpriu-isolamento-apos-diagnostico-de-covid\/\"},\"author\":{\"name\":\"ritanery\",\"@id\":\"https:\/\/radiolifefm.com.br\/noticias\/#\/schema\/person\/6339b9fac59d12b071dec680d7375d87\"},\"headline\":\"TJSP mant\u00e9m condena\u00e7\u00e3o a morador de Adamantina que descumpriu isolamento ap\u00f3s diagn\u00f3stico de Covid\",\"datePublished\":\"2022-09-07T19:38:42+00:00\",\"dateModified\":\"2026-01-25T21:11:38+00:00\",\"mainEntityOfPage\":{\"@id\":\"https:\/\/radiolifefm.com.br\/noticias\/tjsp-mantem-condenacao-a-morador-de-adamantina-que-descumpriu-isolamento-apos-diagnostico-de-covid\/\"},\"wordCount\":296,\"publisher\":{\"@id\":\"https:\/\/radiolifefm.com.br\/noticias\/#organization\"},\"image\":{\"@id\":\"https:\/\/radiolifefm.com.br\/noticias\/tjsp-mantem-condenacao-a-morador-de-adamantina-que-descumpriu-isolamento-apos-diagnostico-de-covid\/#primaryimage\"},\"thumbnailUrl\":\"https:\/\/radiolifefm.com.br\/noticias\/wp-content\/uploads\/2020\/10\/justica.jpg\",\"articleSection\":[\"Adamantina\"],\"inLanguage\":\"pt-BR\"},{\"@type\":\"WebPage\",\"@id\":\"https:\/\/radiolifefm.com.br\/noticias\/tjsp-mantem-condenacao-a-morador-de-adamantina-que-descumpriu-isolamento-apos-diagnostico-de-covid\/\",\"url\":\"https:\/\/radiolifefm.com.br\/noticias\/tjsp-mantem-condenacao-a-morador-de-adamantina-que-descumpriu-isolamento-apos-diagnostico-de-covid\/\",\"name\":\"TJSP mant\u00e9m condena\u00e7\u00e3o a morador de Adamantina que descumpriu isolamento ap\u00f3s diagn\u00f3stico de Covid - R\u00e1dio Life FM\",\"isPartOf\":{\"@id\":\"https:\/\/radiolifefm.com.br\/noticias\/#website\"},\"primaryImageOfPage\":{\"@id\":\"https:\/\/radiolifefm.com.br\/noticias\/tjsp-mantem-condenacao-a-morador-de-adamantina-que-descumpriu-isolamento-apos-diagnostico-de-covid\/#primaryimage\"},\"image\":{\"@id\":\"https:\/\/radiolifefm.com.br\/noticias\/tjsp-mantem-condenacao-a-morador-de-adamantina-que-descumpriu-isolamento-apos-diagnostico-de-covid\/#primaryimage\"},\"thumbnailUrl\":\"https:\/\/radiolifefm.com.br\/noticias\/wp-content\/uploads\/2020\/10\/justica.jpg\",\"datePublished\":\"2022-09-07T19:38:42+00:00\",\"dateModified\":\"2026-01-25T21:11:38+00:00\",\"breadcrumb\":{\"@id\":\"https:\/\/radiolifefm.com.br\/noticias\/tjsp-mantem-condenacao-a-morador-de-adamantina-que-descumpriu-isolamento-apos-diagnostico-de-covid\/#breadcrumb\"},\"inLanguage\":\"pt-BR\",\"potentialAction\":[{\"@type\":\"ReadAction\",\"target\":[\"https:\/\/radiolifefm.com.br\/noticias\/tjsp-mantem-condenacao-a-morador-de-adamantina-que-descumpriu-isolamento-apos-diagnostico-de-covid\/\"]}]},{\"@type\":\"ImageObject\",\"inLanguage\":\"pt-BR\",\"@id\":\"https:\/\/radiolifefm.com.br\/noticias\/tjsp-mantem-condenacao-a-morador-de-adamantina-que-descumpriu-isolamento-apos-diagnostico-de-covid\/#primaryimage\",\"url\":\"https:\/\/radiolifefm.com.br\/noticias\/wp-content\/uploads\/2020\/10\/justica.jpg\",\"contentUrl\":\"https:\/\/radiolifefm.com.br\/noticias\/wp-content\/uploads\/2020\/10\/justica.jpg\",\"width\":800,\"height\":445,\"caption\":\"Ap\u00f3s condena\u00e7\u00e3o em Adamantina morador recorreu, e Tribunal de Justi\u00e7a manteve decis\u00e3o.\"},{\"@type\":\"BreadcrumbList\",\"@id\":\"https:\/\/radiolifefm.com.br\/noticias\/tjsp-mantem-condenacao-a-morador-de-adamantina-que-descumpriu-isolamento-apos-diagnostico-de-covid\/#breadcrumb\",\"itemListElement\":[{\"@type\":\"ListItem\",\"position\":1,\"name\":\"In\u00edcio\",\"item\":\"https:\/\/radiolifefm.com.br\/noticias\/\"},{\"@type\":\"ListItem\",\"position\":2,\"name\":\"TJSP mant\u00e9m condena\u00e7\u00e3o a morador de Adamantina que descumpriu isolamento ap\u00f3s diagn\u00f3stico de Covid\"}]},{\"@type\":\"WebSite\",\"@id\":\"https:\/\/radiolifefm.com.br\/noticias\/#website\",\"url\":\"https:\/\/radiolifefm.com.br\/noticias\/\",\"name\":\"R\u00e1dio Life FM\",\"description\":\"O Portal de Not\u00edcias de Adamantina\",\"publisher\":{\"@id\":\"https:\/\/radiolifefm.com.br\/noticias\/#organization\"},\"alternateName\":\"Life FM\",\"potentialAction\":[{\"@type\":\"SearchAction\",\"target\":{\"@type\":\"EntryPoint\",\"urlTemplate\":\"https:\/\/radiolifefm.com.br\/noticias\/?s={search_term_string}\"},\"query-input\":{\"@type\":\"PropertyValueSpecification\",\"valueRequired\":true,\"valueName\":\"search_term_string\"}}],\"inLanguage\":\"pt-BR\"},{\"@type\":\"Organization\",\"@id\":\"https:\/\/radiolifefm.com.br\/noticias\/#organization\",\"name\":\"R\u00e1dio Life FM\",\"alternateName\":\"Life FM\",\"url\":\"https:\/\/radiolifefm.com.br\/noticias\/\",\"logo\":{\"@type\":\"ImageObject\",\"inLanguage\":\"pt-BR\",\"@id\":\"https:\/\/radiolifefm.com.br\/noticias\/#\/schema\/logo\/image\/\",\"url\":\"https:\/\/static.radiolifefm.com.br\/noticias\/wp-content\/uploads\/2019\/10\/logo-lifefm.png\",\"contentUrl\":\"https:\/\/static.radiolifefm.com.br\/noticias\/wp-content\/uploads\/2019\/10\/logo-lifefm.png\",\"width\":196,\"height\":47,\"caption\":\"R\u00e1dio Life FM\"},\"image\":{\"@id\":\"https:\/\/radiolifefm.com.br\/noticias\/#\/schema\/logo\/image\/\"},\"sameAs\":[\"https:\/\/www.facebook.com\/radiolifefm\/\",\"https:\/\/www.instagram.com\/life1079fm\/\"]},{\"@type\":\"Person\",\"@id\":\"https:\/\/radiolifefm.com.br\/noticias\/#\/schema\/person\/6339b9fac59d12b071dec680d7375d87\",\"name\":\"ritanery\",\"image\":{\"@type\":\"ImageObject\",\"inLanguage\":\"pt-BR\",\"@id\":\"https:\/\/secure.gravatar.com\/avatar\/0e37bb19071f47c0b8a23f62a903df117c5a0e75f65a0c2901562f97cd41cf86?s=96&d=mm&r=g\",\"url\":\"https:\/\/secure.gravatar.com\/avatar\/0e37bb19071f47c0b8a23f62a903df117c5a0e75f65a0c2901562f97cd41cf86?s=96&d=mm&r=g\",\"contentUrl\":\"https:\/\/secure.gravatar.com\/avatar\/0e37bb19071f47c0b8a23f62a903df117c5a0e75f65a0c2901562f97cd41cf86?s=96&d=mm&r=g\",\"caption\":\"ritanery\"}}]}<\/script>\n<!-- \/ Yoast SEO plugin. -->","yoast_head_json":{"title":"TJSP mant\u00e9m condena\u00e7\u00e3o a morador de Adamantina que descumpriu isolamento ap\u00f3s diagn\u00f3stico de Covid - R\u00e1dio Life FM","robots":{"index":"index","follow":"follow","max-snippet":"max-snippet:-1","max-image-preview":"max-image-preview:large","max-video-preview":"max-video-preview:-1"},"canonical":"https:\/\/radiolifefm.com.br\/noticias\/tjsp-mantem-condenacao-a-morador-de-adamantina-que-descumpriu-isolamento-apos-diagnostico-de-covid\/","og_locale":"pt_BR","og_type":"article","og_title":"TJSP mant\u00e9m condena\u00e7\u00e3o a morador de Adamantina que descumpriu isolamento ap\u00f3s diagn\u00f3stico de Covid - R\u00e1dio Life FM","og_description":"A\u00a08\u00aa C\u00e2mara de Direito Privado do Tribunal de Justi\u00e7a de S\u00e3o Paulo\u00a0manteve decis\u00e3o do juiz Carlos Gustavo Urquiza Scarazzato, da 2\u00aa Vara de Adamantina, que condenou homem a pagar indeniza\u00e7\u00e3o por danos morais coletivos no valor de R$ 3 mil, em raz\u00e3o de descumprimento das medidas protetivas de vigil\u00e2ncia sanit\u00e1ria no combate \u00e0 pandemia de [&hellip;]","og_url":"https:\/\/radiolifefm.com.br\/noticias\/tjsp-mantem-condenacao-a-morador-de-adamantina-que-descumpriu-isolamento-apos-diagnostico-de-covid\/","og_site_name":"R\u00e1dio Life FM","article_publisher":"https:\/\/www.facebook.com\/radiolifefm\/","article_published_time":"2022-09-07T19:38:42+00:00","article_modified_time":"2026-01-25T21:11:38+00:00","og_image":[{"width":800,"height":445,"url":"https:\/\/radiolifefm.com.br\/noticias\/wp-content\/uploads\/2020\/10\/justica.jpg","type":"image\/jpeg"}],"author":"ritanery","twitter_card":"summary_large_image","twitter_misc":{"Escrito por":"ritanery","Est. tempo de leitura":"2 minutos"},"schema":{"@context":"https:\/\/schema.org","@graph":[{"@type":"Article","@id":"https:\/\/radiolifefm.com.br\/noticias\/tjsp-mantem-condenacao-a-morador-de-adamantina-que-descumpriu-isolamento-apos-diagnostico-de-covid\/#article","isPartOf":{"@id":"https:\/\/radiolifefm.com.br\/noticias\/tjsp-mantem-condenacao-a-morador-de-adamantina-que-descumpriu-isolamento-apos-diagnostico-de-covid\/"},"author":{"name":"ritanery","@id":"https:\/\/radiolifefm.com.br\/noticias\/#\/schema\/person\/6339b9fac59d12b071dec680d7375d87"},"headline":"TJSP mant\u00e9m condena\u00e7\u00e3o a morador de Adamantina que descumpriu isolamento ap\u00f3s diagn\u00f3stico de Covid","datePublished":"2022-09-07T19:38:42+00:00","dateModified":"2026-01-25T21:11:38+00:00","mainEntityOfPage":{"@id":"https:\/\/radiolifefm.com.br\/noticias\/tjsp-mantem-condenacao-a-morador-de-adamantina-que-descumpriu-isolamento-apos-diagnostico-de-covid\/"},"wordCount":296,"publisher":{"@id":"https:\/\/radiolifefm.com.br\/noticias\/#organization"},"image":{"@id":"https:\/\/radiolifefm.com.br\/noticias\/tjsp-mantem-condenacao-a-morador-de-adamantina-que-descumpriu-isolamento-apos-diagnostico-de-covid\/#primaryimage"},"thumbnailUrl":"https:\/\/radiolifefm.com.br\/noticias\/wp-content\/uploads\/2020\/10\/justica.jpg","articleSection":["Adamantina"],"inLanguage":"pt-BR"},{"@type":"WebPage","@id":"https:\/\/radiolifefm.com.br\/noticias\/tjsp-mantem-condenacao-a-morador-de-adamantina-que-descumpriu-isolamento-apos-diagnostico-de-covid\/","url":"https:\/\/radiolifefm.com.br\/noticias\/tjsp-mantem-condenacao-a-morador-de-adamantina-que-descumpriu-isolamento-apos-diagnostico-de-covid\/","name":"TJSP mant\u00e9m condena\u00e7\u00e3o a morador de Adamantina que descumpriu isolamento ap\u00f3s diagn\u00f3stico de Covid - R\u00e1dio Life FM","isPartOf":{"@id":"https:\/\/radiolifefm.com.br\/noticias\/#website"},"primaryImageOfPage":{"@id":"https:\/\/radiolifefm.com.br\/noticias\/tjsp-mantem-condenacao-a-morador-de-adamantina-que-descumpriu-isolamento-apos-diagnostico-de-covid\/#primaryimage"},"image":{"@id":"https:\/\/radiolifefm.com.br\/noticias\/tjsp-mantem-condenacao-a-morador-de-adamantina-que-descumpriu-isolamento-apos-diagnostico-de-covid\/#primaryimage"},"thumbnailUrl":"https:\/\/radiolifefm.com.br\/noticias\/wp-content\/uploads\/2020\/10\/justica.jpg","datePublished":"2022-09-07T19:38:42+00:00","dateModified":"2026-01-25T21:11:38+00:00","breadcrumb":{"@id":"https:\/\/radiolifefm.com.br\/noticias\/tjsp-mantem-condenacao-a-morador-de-adamantina-que-descumpriu-isolamento-apos-diagnostico-de-covid\/#breadcrumb"},"inLanguage":"pt-BR","potentialAction":[{"@type":"ReadAction","target":["https:\/\/radiolifefm.com.br\/noticias\/tjsp-mantem-condenacao-a-morador-de-adamantina-que-descumpriu-isolamento-apos-diagnostico-de-covid\/"]}]},{"@type":"ImageObject","inLanguage":"pt-BR","@id":"https:\/\/radiolifefm.com.br\/noticias\/tjsp-mantem-condenacao-a-morador-de-adamantina-que-descumpriu-isolamento-apos-diagnostico-de-covid\/#primaryimage","url":"https:\/\/radiolifefm.com.br\/noticias\/wp-content\/uploads\/2020\/10\/justica.jpg","contentUrl":"https:\/\/radiolifefm.com.br\/noticias\/wp-content\/uploads\/2020\/10\/justica.jpg","width":800,"height":445,"caption":"Ap\u00f3s condena\u00e7\u00e3o em Adamantina morador recorreu, e Tribunal de Justi\u00e7a manteve decis\u00e3o."},{"@type":"BreadcrumbList","@id":"https:\/\/radiolifefm.com.br\/noticias\/tjsp-mantem-condenacao-a-morador-de-adamantina-que-descumpriu-isolamento-apos-diagnostico-de-covid\/#breadcrumb","itemListElement":[{"@type":"ListItem","position":1,"name":"In\u00edcio","item":"https:\/\/radiolifefm.com.br\/noticias\/"},{"@type":"ListItem","position":2,"name":"TJSP mant\u00e9m condena\u00e7\u00e3o a morador de Adamantina que descumpriu isolamento ap\u00f3s diagn\u00f3stico de Covid"}]},{"@type":"WebSite","@id":"https:\/\/radiolifefm.com.br\/noticias\/#website","url":"https:\/\/radiolifefm.com.br\/noticias\/","name":"R\u00e1dio Life FM","description":"O Portal de Not\u00edcias de Adamantina","publisher":{"@id":"https:\/\/radiolifefm.com.br\/noticias\/#organization"},"alternateName":"Life FM","potentialAction":[{"@type":"SearchAction","target":{"@type":"EntryPoint","urlTemplate":"https:\/\/radiolifefm.com.br\/noticias\/?s={search_term_string}"},"query-input":{"@type":"PropertyValueSpecification","valueRequired":true,"valueName":"search_term_string"}}],"inLanguage":"pt-BR"},{"@type":"Organization","@id":"https:\/\/radiolifefm.com.br\/noticias\/#organization","name":"R\u00e1dio Life FM","alternateName":"Life FM","url":"https:\/\/radiolifefm.com.br\/noticias\/","logo":{"@type":"ImageObject","inLanguage":"pt-BR","@id":"https:\/\/radiolifefm.com.br\/noticias\/#\/schema\/logo\/image\/","url":"https:\/\/static.radiolifefm.com.br\/noticias\/wp-content\/uploads\/2019\/10\/logo-lifefm.png","contentUrl":"https:\/\/static.radiolifefm.com.br\/noticias\/wp-content\/uploads\/2019\/10\/logo-lifefm.png","width":196,"height":47,"caption":"R\u00e1dio Life FM"},"image":{"@id":"https:\/\/radiolifefm.com.br\/noticias\/#\/schema\/logo\/image\/"},"sameAs":["https:\/\/www.facebook.com\/radiolifefm\/","https:\/\/www.instagram.com\/life1079fm\/"]},{"@type":"Person","@id":"https:\/\/radiolifefm.com.br\/noticias\/#\/schema\/person\/6339b9fac59d12b071dec680d7375d87","name":"ritanery","image":{"@type":"ImageObject","inLanguage":"pt-BR","@id":"https:\/\/secure.gravatar.com\/avatar\/0e37bb19071f47c0b8a23f62a903df117c5a0e75f65a0c2901562f97cd41cf86?s=96&d=mm&r=g","url":"https:\/\/secure.gravatar.com\/avatar\/0e37bb19071f47c0b8a23f62a903df117c5a0e75f65a0c2901562f97cd41cf86?s=96&d=mm&r=g","contentUrl":"https:\/\/secure.gravatar.com\/avatar\/0e37bb19071f47c0b8a23f62a903df117c5a0e75f65a0c2901562f97cd41cf86?s=96&d=mm&r=g","caption":"ritanery"}}]}},"amp_enabled":true,"_links":{"self":[{"href":"https:\/\/radiolifefm.com.br\/noticias\/wp-json\/wp\/v2\/posts\/57872","targetHints":{"allow":["GET"]}}],"collection":[{"href":"https:\/\/radiolifefm.com.br\/noticias\/wp-json\/wp\/v2\/posts"}],"about":[{"href":"https:\/\/radiolifefm.com.br\/noticias\/wp-json\/wp\/v2\/types\/post"}],"author":[{"embeddable":true,"href":"https:\/\/radiolifefm.com.br\/noticias\/wp-json\/wp\/v2\/users\/13"}],"replies":[{"embeddable":true,"href":"https:\/\/radiolifefm.com.br\/noticias\/wp-json\/wp\/v2\/comments?post=57872"}],"version-history":[{"count":2,"href":"https:\/\/radiolifefm.com.br\/noticias\/wp-json\/wp\/v2\/posts\/57872\/revisions"}],"predecessor-version":[{"id":57874,"href":"https:\/\/radiolifefm.com.br\/noticias\/wp-json\/wp\/v2\/posts\/57872\/revisions\/57874"}],"wp:featuredmedia":[{"embeddable":true,"href":"https:\/\/radiolifefm.com.br\/noticias\/wp-json\/wp\/v2\/media\/27866"}],"wp:attachment":[{"href":"https:\/\/radiolifefm.com.br\/noticias\/wp-json\/wp\/v2\/media?parent=57872"}],"wp:term":[{"taxonomy":"category","embeddable":true,"href":"https:\/\/radiolifefm.com.br\/noticias\/wp-json\/wp\/v2\/categories?post=57872"},{"taxonomy":"post_tag","embeddable":true,"href":"https:\/\/radiolifefm.com.br\/noticias\/wp-json\/wp\/v2\/tags?post=57872"}],"curies":[{"name":"wp","href":"https:\/\/api.w.org\/{rel}","templated":true}]}}