{"id":57866,"date":"2022-09-07T16:09:12","date_gmt":"2022-09-07T19:09:12","guid":{"rendered":"https:\/\/radiolifefm.com.br\/noticias\/?p=57866"},"modified":"2026-04-02T06:10:54","modified_gmt":"2026-04-02T09:10:54","slug":"etica-cidadania-e-pais-do-faz-de-conta","status":"publish","type":"post","link":"https:\/\/radiolifefm.com.br\/noticias\/etica-cidadania-e-pais-do-faz-de-conta\/","title":{"rendered":"\u00c9TICA, CIDADANIA E \u201cPA\u00cdS DO FAZ DE CONTA&#8230;\u201d"},"content":{"rendered":"<div id=\"fb-root\"><\/div>\n<p><em>\u201cQuem faz o seu trabalho nunca suja as m\u00e3os\u201d (Prov\u00e9rbio Italiano)<\/em><\/p>\n<p><strong>\u00a0<\/strong><\/p>\n<p><strong>S\u00e9rgio Barbosa (*)<\/strong><\/p>\n<p>&nbsp;<\/p>\n<p>Um dos maiores problemas existentes no \u201cPa\u00eds do faz de conta\u201d \u00e9 a falta de compromisso com a cidadania, basta olhar para os lados e percebe-se um verdadeiro desencontro com a responsabilidade tupiniquim&#8230;<\/p>\n<p>O poder p\u00fablico em v\u00e1rios n\u00edveis, deixa de lado o compromisso firmado entre passado e presente, desta forma, compromete o futuro das novas gera\u00e7\u00f5es frente \u00e0s incertezas mediadas pela p\u00f3s-globaliza\u00e7\u00e3o&#8230;<\/p>\n<p>\u00c9 preciso fortalecer este compromisso cidad\u00e3o para estar em conex\u00e3o com a internacionaliza\u00e7\u00e3o nas \u00e1reas de interesse tupiniquim, mesmo assim, o pa\u00eds continua investindo nas prioridades de acordo com os interesses politiqueiros&#8230;<\/p>\n<p>Ainda, uma pr\u00e1tica centen\u00e1ria para os pol\u00edticos sem vontade para mudar, preferem, como sempre, repetir as mesmices do passado para um jogo duplo entre os dois ou mais lados de uma troca favor\u00e1vel aos interesses pessoais&#8230;<\/p>\n<p>O cen\u00e1rio tupiniquim continua deixando a desejar, basta acompanhar a m\u00eddia em n\u00edveis local, regional e nacional para perceber os desencontros midi\u00e1ticos em tempo de p\u00f3s-globaliza\u00e7\u00e3o midi\u00e1tica&#8230;<\/p>\n<p>A \u00c9tica anda esquecida no fundo de alguma \u201ccaixa preta\u201d, al\u00e9m do mais, a mesma, na maioria dos casos sem fatos ou vice-versa, \u00e9 \u201csurda, muda e cega\u201d para os descamisados de sempre no \u201cPa\u00eds do faz de conta\u201d&#8230;<\/p>\n<p>Entretanto, tudo pode acontecer neste meio sem termo, haja vista a falta de compromisso do poder p\u00fablico frente \u00e0s necessidades da comunidade, quando est\u00e3o presentes neste contexto tupiniquim os esc\u00e2ndalos patrocinados pela centraliza\u00e7\u00e3o do planalto central&#8230;<\/p>\n<p>Disse o pensador do outro tempo que \u201ca pol\u00edtica \u00e9 uma arte&#8230;\u201d, todavia, o que se encontra neste meio deixa a desejar para todos os lados de uma mesma reflex\u00e3o, pode-se buscar um caminho, por\u00e9m, as pedras estar\u00e3o presentes neste meio para atrapalhar as propostas acima de qualquer suspeita&#8230;<\/p>\n<p>Diz o dito mais do que popular que \u201cuma ma\u00e7\u00e3 podre apodrece as demais da mesma caixa\u201d, assim, \u201cuma andorinha s\u00f3 n\u00e3o faz ver\u00e3o\u201d, neste cen\u00e1rio o bem nunca atrapalha o mal e sim, o mal acaba prevalecendo sobre o bem e assim por diante, numa velocidade acima do permitido pela \u00e9tica pol\u00edtica&#8230;<\/p>\n<p>Nada contra isto ou aquilo, muito pelo contr\u00e1rio, acontece que o \u201cPa\u00eds do faz de conta\u201d continua repetindo o mesmo jogo de sempre, ou seja, o poder pelo poder, recriando as velhas f\u00f3rmulas do passado tupiniquim&#8230;<\/p>\n<p><strong><em>______________________________<\/em><\/strong><\/p>\n<p><strong><em>(*) Jornalista diplomado e professor universit\u00e1rio.<\/em><\/strong><\/p>\n<p><strong><em>E-Mail: barbosa.<a href=\"mailto:sebar2002@uol.com.br\">sebar@<\/a>gmail.com<\/em><\/strong><\/p>\n<p>&nbsp;<\/p>\n<p>&nbsp;<\/p>\n","protected":false},"excerpt":{"rendered":"<p>\u201cQuem faz o seu trabalho nunca suja as m\u00e3os\u201d (Prov\u00e9rbio Italiano) \u00a0 S\u00e9rgio Barbosa (*) &nbsp; Um dos maiores problemas existentes no \u201cPa\u00eds do faz de conta\u201d \u00e9 a falta de compromisso com a cidadania, basta olhar para os lados e percebe-se um verdadeiro desencontro com a responsabilidade tupiniquim&#8230; O poder p\u00fablico em v\u00e1rios n\u00edveis, [&hellip;]<\/p>\n","protected":false},"author":13,"featured_media":51988,"comment_status":"closed","ping_status":"open","sticky":false,"template":"","format":"standard","meta":{"_acf_changed":false,"_exactmetrics_skip_tracking":false,"_exactmetrics_sitenote_active":false,"_exactmetrics_sitenote_note":"","_exactmetrics_sitenote_category":0,"footnotes":""},"categories":[59],"tags":[],"class_list":["post-57866","post","type-post","status-publish","format-standard","has-post-thumbnail","hentry","category-opiniao"],"acf":[],"yoast_head":"<!-- This site is optimized with the Yoast SEO plugin v27.2 - https:\/\/yoast.com\/product\/yoast-seo-wordpress\/ -->\n<title>\u00c9TICA, CIDADANIA E \u201cPA\u00cdS DO FAZ DE CONTA...\u201d - R\u00e1dio Life FM<\/title>\n<meta name=\"robots\" content=\"index, follow, max-snippet:-1, max-image-preview:large, max-video-preview:-1\" \/>\n<link rel=\"canonical\" href=\"https:\/\/radiolifefm.com.br\/noticias\/etica-cidadania-e-pais-do-faz-de-conta\/\" \/>\n<meta property=\"og:locale\" content=\"pt_BR\" \/>\n<meta property=\"og:type\" content=\"article\" \/>\n<meta property=\"og:title\" content=\"\u00c9TICA, CIDADANIA E \u201cPA\u00cdS DO FAZ DE CONTA...\u201d - R\u00e1dio Life FM\" \/>\n<meta property=\"og:description\" content=\"\u201cQuem faz o seu trabalho nunca suja as m\u00e3os\u201d (Prov\u00e9rbio Italiano) \u00a0 S\u00e9rgio Barbosa (*) &nbsp; Um dos maiores problemas existentes no \u201cPa\u00eds do faz de conta\u201d \u00e9 a falta de compromisso com a cidadania, basta olhar para os lados e percebe-se um verdadeiro desencontro com a responsabilidade tupiniquim&#8230; O poder p\u00fablico em v\u00e1rios n\u00edveis, [&hellip;]\" \/>\n<meta property=\"og:url\" content=\"https:\/\/radiolifefm.com.br\/noticias\/etica-cidadania-e-pais-do-faz-de-conta\/\" \/>\n<meta property=\"og:site_name\" content=\"R\u00e1dio Life FM\" \/>\n<meta property=\"article:publisher\" content=\"https:\/\/www.facebook.com\/radiolifefm\/\" \/>\n<meta property=\"article:published_time\" content=\"2022-09-07T19:09:12+00:00\" \/>\n<meta property=\"article:modified_time\" content=\"2026-04-02T09:10:54+00:00\" \/>\n<meta property=\"og:image\" content=\"https:\/\/radiolifefm.com.br\/noticias\/wp-content\/uploads\/2022\/04\/WhatsApp-Image-2022-04-10-at-18.43.02.jpeg\" \/>\n\t<meta property=\"og:image:width\" content=\"972\" \/>\n\t<meta property=\"og:image:height\" content=\"1296\" \/>\n\t<meta property=\"og:image:type\" content=\"image\/jpeg\" \/>\n<meta name=\"author\" content=\"ritanery\" \/>\n<meta name=\"twitter:card\" content=\"summary_large_image\" \/>\n<meta name=\"twitter:label1\" content=\"Escrito por\" \/>\n\t<meta name=\"twitter:data1\" content=\"ritanery\" \/>\n\t<meta name=\"twitter:label2\" content=\"Est. tempo de leitura\" \/>\n\t<meta name=\"twitter:data2\" content=\"3 minutos\" \/>\n<script type=\"application\/ld+json\" class=\"yoast-schema-graph\">{\"@context\":\"https:\/\/schema.org\",\"@graph\":[{\"@type\":\"Article\",\"@id\":\"https:\/\/radiolifefm.com.br\/noticias\/etica-cidadania-e-pais-do-faz-de-conta\/#article\",\"isPartOf\":{\"@id\":\"https:\/\/radiolifefm.com.br\/noticias\/etica-cidadania-e-pais-do-faz-de-conta\/\"},\"author\":{\"name\":\"ritanery\",\"@id\":\"https:\/\/radiolifefm.com.br\/noticias\/#\/schema\/person\/6339b9fac59d12b071dec680d7375d87\"},\"headline\":\"\u00c9TICA, CIDADANIA E \u201cPA\u00cdS DO FAZ DE CONTA&#8230;\u201d\",\"datePublished\":\"2022-09-07T19:09:12+00:00\",\"dateModified\":\"2026-04-02T09:10:54+00:00\",\"mainEntityOfPage\":{\"@id\":\"https:\/\/radiolifefm.com.br\/noticias\/etica-cidadania-e-pais-do-faz-de-conta\/\"},\"wordCount\":445,\"publisher\":{\"@id\":\"https:\/\/radiolifefm.com.br\/noticias\/#organization\"},\"image\":{\"@id\":\"https:\/\/radiolifefm.com.br\/noticias\/etica-cidadania-e-pais-do-faz-de-conta\/#primaryimage\"},\"thumbnailUrl\":\"https:\/\/radiolifefm.com.br\/noticias\/wp-content\/uploads\/2022\/04\/WhatsApp-Image-2022-04-10-at-18.43.02.jpeg\",\"articleSection\":[\"Opini\u00e3o\"],\"inLanguage\":\"pt-BR\"},{\"@type\":\"WebPage\",\"@id\":\"https:\/\/radiolifefm.com.br\/noticias\/etica-cidadania-e-pais-do-faz-de-conta\/\",\"url\":\"https:\/\/radiolifefm.com.br\/noticias\/etica-cidadania-e-pais-do-faz-de-conta\/\",\"name\":\"\u00c9TICA, CIDADANIA E \u201cPA\u00cdS DO FAZ DE CONTA...\u201d - R\u00e1dio Life FM\",\"isPartOf\":{\"@id\":\"https:\/\/radiolifefm.com.br\/noticias\/#website\"},\"primaryImageOfPage\":{\"@id\":\"https:\/\/radiolifefm.com.br\/noticias\/etica-cidadania-e-pais-do-faz-de-conta\/#primaryimage\"},\"image\":{\"@id\":\"https:\/\/radiolifefm.com.br\/noticias\/etica-cidadania-e-pais-do-faz-de-conta\/#primaryimage\"},\"thumbnailUrl\":\"https:\/\/radiolifefm.com.br\/noticias\/wp-content\/uploads\/2022\/04\/WhatsApp-Image-2022-04-10-at-18.43.02.jpeg\",\"datePublished\":\"2022-09-07T19:09:12+00:00\",\"dateModified\":\"2026-04-02T09:10:54+00:00\",\"breadcrumb\":{\"@id\":\"https:\/\/radiolifefm.com.br\/noticias\/etica-cidadania-e-pais-do-faz-de-conta\/#breadcrumb\"},\"inLanguage\":\"pt-BR\",\"potentialAction\":[{\"@type\":\"ReadAction\",\"target\":[\"https:\/\/radiolifefm.com.br\/noticias\/etica-cidadania-e-pais-do-faz-de-conta\/\"]}]},{\"@type\":\"ImageObject\",\"inLanguage\":\"pt-BR\",\"@id\":\"https:\/\/radiolifefm.com.br\/noticias\/etica-cidadania-e-pais-do-faz-de-conta\/#primaryimage\",\"url\":\"https:\/\/radiolifefm.com.br\/noticias\/wp-content\/uploads\/2022\/04\/WhatsApp-Image-2022-04-10-at-18.43.02.jpeg\",\"contentUrl\":\"https:\/\/radiolifefm.com.br\/noticias\/wp-content\/uploads\/2022\/04\/WhatsApp-Image-2022-04-10-at-18.43.02.jpeg\",\"width\":972,\"height\":1296,\"caption\":\"S\u00e9rgio Barbosa\"},{\"@type\":\"BreadcrumbList\",\"@id\":\"https:\/\/radiolifefm.com.br\/noticias\/etica-cidadania-e-pais-do-faz-de-conta\/#breadcrumb\",\"itemListElement\":[{\"@type\":\"ListItem\",\"position\":1,\"name\":\"In\u00edcio\",\"item\":\"https:\/\/radiolifefm.com.br\/noticias\/\"},{\"@type\":\"ListItem\",\"position\":2,\"name\":\"\u00c9TICA, CIDADANIA E \u201cPA\u00cdS DO FAZ DE CONTA&#8230;\u201d\"}]},{\"@type\":\"WebSite\",\"@id\":\"https:\/\/radiolifefm.com.br\/noticias\/#website\",\"url\":\"https:\/\/radiolifefm.com.br\/noticias\/\",\"name\":\"R\u00e1dio Life FM\",\"description\":\"O Portal de Not\u00edcias de Adamantina\",\"publisher\":{\"@id\":\"https:\/\/radiolifefm.com.br\/noticias\/#organization\"},\"alternateName\":\"Life FM\",\"potentialAction\":[{\"@type\":\"SearchAction\",\"target\":{\"@type\":\"EntryPoint\",\"urlTemplate\":\"https:\/\/radiolifefm.com.br\/noticias\/?s={search_term_string}\"},\"query-input\":{\"@type\":\"PropertyValueSpecification\",\"valueRequired\":true,\"valueName\":\"search_term_string\"}}],\"inLanguage\":\"pt-BR\"},{\"@type\":\"Organization\",\"@id\":\"https:\/\/radiolifefm.com.br\/noticias\/#organization\",\"name\":\"R\u00e1dio Life FM\",\"alternateName\":\"Life FM\",\"url\":\"https:\/\/radiolifefm.com.br\/noticias\/\",\"logo\":{\"@type\":\"ImageObject\",\"inLanguage\":\"pt-BR\",\"@id\":\"https:\/\/radiolifefm.com.br\/noticias\/#\/schema\/logo\/image\/\",\"url\":\"https:\/\/static.radiolifefm.com.br\/noticias\/wp-content\/uploads\/2019\/10\/logo-lifefm.png\",\"contentUrl\":\"https:\/\/static.radiolifefm.com.br\/noticias\/wp-content\/uploads\/2019\/10\/logo-lifefm.png\",\"width\":196,\"height\":47,\"caption\":\"R\u00e1dio Life FM\"},\"image\":{\"@id\":\"https:\/\/radiolifefm.com.br\/noticias\/#\/schema\/logo\/image\/\"},\"sameAs\":[\"https:\/\/www.facebook.com\/radiolifefm\/\",\"https:\/\/www.instagram.com\/life1079fm\/\"]},{\"@type\":\"Person\",\"@id\":\"https:\/\/radiolifefm.com.br\/noticias\/#\/schema\/person\/6339b9fac59d12b071dec680d7375d87\",\"name\":\"ritanery\",\"image\":{\"@type\":\"ImageObject\",\"inLanguage\":\"pt-BR\",\"@id\":\"https:\/\/secure.gravatar.com\/avatar\/0e37bb19071f47c0b8a23f62a903df117c5a0e75f65a0c2901562f97cd41cf86?s=96&d=mm&r=g\",\"url\":\"https:\/\/secure.gravatar.com\/avatar\/0e37bb19071f47c0b8a23f62a903df117c5a0e75f65a0c2901562f97cd41cf86?s=96&d=mm&r=g\",\"contentUrl\":\"https:\/\/secure.gravatar.com\/avatar\/0e37bb19071f47c0b8a23f62a903df117c5a0e75f65a0c2901562f97cd41cf86?s=96&d=mm&r=g\",\"caption\":\"ritanery\"}}]}<\/script>\n<!-- \/ Yoast SEO plugin. -->","yoast_head_json":{"title":"\u00c9TICA, CIDADANIA E \u201cPA\u00cdS DO FAZ DE CONTA...\u201d - R\u00e1dio Life FM","robots":{"index":"index","follow":"follow","max-snippet":"max-snippet:-1","max-image-preview":"max-image-preview:large","max-video-preview":"max-video-preview:-1"},"canonical":"https:\/\/radiolifefm.com.br\/noticias\/etica-cidadania-e-pais-do-faz-de-conta\/","og_locale":"pt_BR","og_type":"article","og_title":"\u00c9TICA, CIDADANIA E \u201cPA\u00cdS DO FAZ DE CONTA...\u201d - R\u00e1dio Life FM","og_description":"\u201cQuem faz o seu trabalho nunca suja as m\u00e3os\u201d (Prov\u00e9rbio Italiano) \u00a0 S\u00e9rgio Barbosa (*) &nbsp; Um dos maiores problemas existentes no \u201cPa\u00eds do faz de conta\u201d \u00e9 a falta de compromisso com a cidadania, basta olhar para os lados e percebe-se um verdadeiro desencontro com a responsabilidade tupiniquim&#8230; O poder p\u00fablico em v\u00e1rios n\u00edveis, [&hellip;]","og_url":"https:\/\/radiolifefm.com.br\/noticias\/etica-cidadania-e-pais-do-faz-de-conta\/","og_site_name":"R\u00e1dio Life FM","article_publisher":"https:\/\/www.facebook.com\/radiolifefm\/","article_published_time":"2022-09-07T19:09:12+00:00","article_modified_time":"2026-04-02T09:10:54+00:00","og_image":[{"width":972,"height":1296,"url":"https:\/\/radiolifefm.com.br\/noticias\/wp-content\/uploads\/2022\/04\/WhatsApp-Image-2022-04-10-at-18.43.02.jpeg","type":"image\/jpeg"}],"author":"ritanery","twitter_card":"summary_large_image","twitter_misc":{"Escrito por":"ritanery","Est. tempo de leitura":"3 minutos"},"schema":{"@context":"https:\/\/schema.org","@graph":[{"@type":"Article","@id":"https:\/\/radiolifefm.com.br\/noticias\/etica-cidadania-e-pais-do-faz-de-conta\/#article","isPartOf":{"@id":"https:\/\/radiolifefm.com.br\/noticias\/etica-cidadania-e-pais-do-faz-de-conta\/"},"author":{"name":"ritanery","@id":"https:\/\/radiolifefm.com.br\/noticias\/#\/schema\/person\/6339b9fac59d12b071dec680d7375d87"},"headline":"\u00c9TICA, CIDADANIA E \u201cPA\u00cdS DO FAZ DE CONTA&#8230;\u201d","datePublished":"2022-09-07T19:09:12+00:00","dateModified":"2026-04-02T09:10:54+00:00","mainEntityOfPage":{"@id":"https:\/\/radiolifefm.com.br\/noticias\/etica-cidadania-e-pais-do-faz-de-conta\/"},"wordCount":445,"publisher":{"@id":"https:\/\/radiolifefm.com.br\/noticias\/#organization"},"image":{"@id":"https:\/\/radiolifefm.com.br\/noticias\/etica-cidadania-e-pais-do-faz-de-conta\/#primaryimage"},"thumbnailUrl":"https:\/\/radiolifefm.com.br\/noticias\/wp-content\/uploads\/2022\/04\/WhatsApp-Image-2022-04-10-at-18.43.02.jpeg","articleSection":["Opini\u00e3o"],"inLanguage":"pt-BR"},{"@type":"WebPage","@id":"https:\/\/radiolifefm.com.br\/noticias\/etica-cidadania-e-pais-do-faz-de-conta\/","url":"https:\/\/radiolifefm.com.br\/noticias\/etica-cidadania-e-pais-do-faz-de-conta\/","name":"\u00c9TICA, CIDADANIA E \u201cPA\u00cdS DO FAZ DE CONTA...\u201d - R\u00e1dio Life FM","isPartOf":{"@id":"https:\/\/radiolifefm.com.br\/noticias\/#website"},"primaryImageOfPage":{"@id":"https:\/\/radiolifefm.com.br\/noticias\/etica-cidadania-e-pais-do-faz-de-conta\/#primaryimage"},"image":{"@id":"https:\/\/radiolifefm.com.br\/noticias\/etica-cidadania-e-pais-do-faz-de-conta\/#primaryimage"},"thumbnailUrl":"https:\/\/radiolifefm.com.br\/noticias\/wp-content\/uploads\/2022\/04\/WhatsApp-Image-2022-04-10-at-18.43.02.jpeg","datePublished":"2022-09-07T19:09:12+00:00","dateModified":"2026-04-02T09:10:54+00:00","breadcrumb":{"@id":"https:\/\/radiolifefm.com.br\/noticias\/etica-cidadania-e-pais-do-faz-de-conta\/#breadcrumb"},"inLanguage":"pt-BR","potentialAction":[{"@type":"ReadAction","target":["https:\/\/radiolifefm.com.br\/noticias\/etica-cidadania-e-pais-do-faz-de-conta\/"]}]},{"@type":"ImageObject","inLanguage":"pt-BR","@id":"https:\/\/radiolifefm.com.br\/noticias\/etica-cidadania-e-pais-do-faz-de-conta\/#primaryimage","url":"https:\/\/radiolifefm.com.br\/noticias\/wp-content\/uploads\/2022\/04\/WhatsApp-Image-2022-04-10-at-18.43.02.jpeg","contentUrl":"https:\/\/radiolifefm.com.br\/noticias\/wp-content\/uploads\/2022\/04\/WhatsApp-Image-2022-04-10-at-18.43.02.jpeg","width":972,"height":1296,"caption":"S\u00e9rgio Barbosa"},{"@type":"BreadcrumbList","@id":"https:\/\/radiolifefm.com.br\/noticias\/etica-cidadania-e-pais-do-faz-de-conta\/#breadcrumb","itemListElement":[{"@type":"ListItem","position":1,"name":"In\u00edcio","item":"https:\/\/radiolifefm.com.br\/noticias\/"},{"@type":"ListItem","position":2,"name":"\u00c9TICA, CIDADANIA E \u201cPA\u00cdS DO FAZ DE CONTA&#8230;\u201d"}]},{"@type":"WebSite","@id":"https:\/\/radiolifefm.com.br\/noticias\/#website","url":"https:\/\/radiolifefm.com.br\/noticias\/","name":"R\u00e1dio Life FM","description":"O Portal de Not\u00edcias de Adamantina","publisher":{"@id":"https:\/\/radiolifefm.com.br\/noticias\/#organization"},"alternateName":"Life FM","potentialAction":[{"@type":"SearchAction","target":{"@type":"EntryPoint","urlTemplate":"https:\/\/radiolifefm.com.br\/noticias\/?s={search_term_string}"},"query-input":{"@type":"PropertyValueSpecification","valueRequired":true,"valueName":"search_term_string"}}],"inLanguage":"pt-BR"},{"@type":"Organization","@id":"https:\/\/radiolifefm.com.br\/noticias\/#organization","name":"R\u00e1dio Life FM","alternateName":"Life FM","url":"https:\/\/radiolifefm.com.br\/noticias\/","logo":{"@type":"ImageObject","inLanguage":"pt-BR","@id":"https:\/\/radiolifefm.com.br\/noticias\/#\/schema\/logo\/image\/","url":"https:\/\/static.radiolifefm.com.br\/noticias\/wp-content\/uploads\/2019\/10\/logo-lifefm.png","contentUrl":"https:\/\/static.radiolifefm.com.br\/noticias\/wp-content\/uploads\/2019\/10\/logo-lifefm.png","width":196,"height":47,"caption":"R\u00e1dio Life FM"},"image":{"@id":"https:\/\/radiolifefm.com.br\/noticias\/#\/schema\/logo\/image\/"},"sameAs":["https:\/\/www.facebook.com\/radiolifefm\/","https:\/\/www.instagram.com\/life1079fm\/"]},{"@type":"Person","@id":"https:\/\/radiolifefm.com.br\/noticias\/#\/schema\/person\/6339b9fac59d12b071dec680d7375d87","name":"ritanery","image":{"@type":"ImageObject","inLanguage":"pt-BR","@id":"https:\/\/secure.gravatar.com\/avatar\/0e37bb19071f47c0b8a23f62a903df117c5a0e75f65a0c2901562f97cd41cf86?s=96&d=mm&r=g","url":"https:\/\/secure.gravatar.com\/avatar\/0e37bb19071f47c0b8a23f62a903df117c5a0e75f65a0c2901562f97cd41cf86?s=96&d=mm&r=g","contentUrl":"https:\/\/secure.gravatar.com\/avatar\/0e37bb19071f47c0b8a23f62a903df117c5a0e75f65a0c2901562f97cd41cf86?s=96&d=mm&r=g","caption":"ritanery"}}]}},"amp_enabled":true,"_links":{"self":[{"href":"https:\/\/radiolifefm.com.br\/noticias\/wp-json\/wp\/v2\/posts\/57866","targetHints":{"allow":["GET"]}}],"collection":[{"href":"https:\/\/radiolifefm.com.br\/noticias\/wp-json\/wp\/v2\/posts"}],"about":[{"href":"https:\/\/radiolifefm.com.br\/noticias\/wp-json\/wp\/v2\/types\/post"}],"author":[{"embeddable":true,"href":"https:\/\/radiolifefm.com.br\/noticias\/wp-json\/wp\/v2\/users\/13"}],"replies":[{"embeddable":true,"href":"https:\/\/radiolifefm.com.br\/noticias\/wp-json\/wp\/v2\/comments?post=57866"}],"version-history":[{"count":1,"href":"https:\/\/radiolifefm.com.br\/noticias\/wp-json\/wp\/v2\/posts\/57866\/revisions"}],"predecessor-version":[{"id":57867,"href":"https:\/\/radiolifefm.com.br\/noticias\/wp-json\/wp\/v2\/posts\/57866\/revisions\/57867"}],"wp:featuredmedia":[{"embeddable":true,"href":"https:\/\/radiolifefm.com.br\/noticias\/wp-json\/wp\/v2\/media\/51988"}],"wp:attachment":[{"href":"https:\/\/radiolifefm.com.br\/noticias\/wp-json\/wp\/v2\/media?parent=57866"}],"wp:term":[{"taxonomy":"category","embeddable":true,"href":"https:\/\/radiolifefm.com.br\/noticias\/wp-json\/wp\/v2\/categories?post=57866"},{"taxonomy":"post_tag","embeddable":true,"href":"https:\/\/radiolifefm.com.br\/noticias\/wp-json\/wp\/v2\/tags?post=57866"}],"curies":[{"name":"wp","href":"https:\/\/api.w.org\/{rel}","templated":true}]}}