{"id":57803,"date":"2022-09-07T01:02:29","date_gmt":"2022-09-07T04:02:29","guid":{"rendered":"https:\/\/radiolifefm.com.br\/noticias\/?p=57803"},"modified":"2025-11-27T13:50:04","modified_gmt":"2025-11-27T16:50:04","slug":"new_radio-life-realiza-trabalho-diferenciado-durante-a-expoverde-e-recebe-reconhecimento-do-publico-e-dos-parceiros_lifefm","status":"publish","type":"post","link":"https:\/\/radiolifefm.com.br\/noticias\/new_radio-life-realiza-trabalho-diferenciado-durante-a-expoverde-e-recebe-reconhecimento-do-publico-e-dos-parceiros_lifefm\/","title":{"rendered":"R\u00e1dio Life realiza trabalho diferenciado durante a Expoverde e recebe reconhecimento do p\u00fablico e dos parceiros"},"content":{"rendered":"<div id=\"fb-root\"><\/div>\n<p>&nbsp;<\/p>\n<p>&nbsp;<\/p>\n<p>A Expoverde 2022, em sua 30\u00aa edi\u00e7\u00e3o aconteceu de 30\/08 a 04\/09 em Adamantina e foi evidenciada em toda sua estrutura pela R\u00e1dio Life FM.<\/p>\n<p>&nbsp;<\/p>\n<p>Durante os 6 dias de festa no poliesportivo de Adamantina foram feitas mais de 30 entrevistas, transmitidas ao vivo pelo Facebook, com stories no Instagram publicados simultaneamente e posterior publica\u00e7\u00e3o dos conte\u00fados no canal da Life FM no YouTube.<\/p>\n<p>&nbsp;<\/p>\n<p>A diretoria da Life FM fez quest\u00e3o de circular em todos os espa\u00e7os da feira e evidenciar todos os expositores dos pavilh\u00f5es.<\/p>\n<p>&nbsp;<\/p>\n<p>Nas mais de 30 entrevistas estivemos presente no pavilh\u00e3o da agropecu\u00e1ria entrevistando a pequena L\u00edvia, que esteve no camarim da Ana Castela e realizou o sonho de conhec\u00ea-la pessoalmente. E por falar em camarim, todos os artistas foram entrevistados.<\/p>\n<p>&nbsp;<\/p>\n<p>A Life tamb\u00e9m marcou presen\u00e7a nos camarotes, realizando entrevistas mais descontra\u00eddas.<\/p>\n<p>&nbsp;<\/p>\n<p>Em toda a extens\u00e3o do evento, v\u00e1rios stands foram visitados e os parceiros da Life evidenciados, a exemplo da Proeste, Comercial R2, Fiat Enzo Adamantina e E-leve.<\/p>\n<p>&nbsp;<\/p>\n<p>A UNIFAI montou um stand com mais de 100m, evidenciando todos os cursos e as oportunidades de est\u00e1gios remunerados. V\u00e1rias entrevistas foram feitas no local.<\/p>\n<p>&nbsp;<\/p>\n<p>A pra\u00e7a de alimenta\u00e7\u00e3o com a participa\u00e7\u00e3o das entidades tamb\u00e9m foi um sucesso.<\/p>\n<p>&nbsp;<\/p>\n<p>A Santa Casa de Adamantina ofereceu a deliciosa batata recheada com tr\u00eas op\u00e7\u00f5es de recheio: frango, carne e hotdog. Com um pre\u00e7o justo, houve noites em que esgotou. O Frei Messias, muito din\u00e2mico e simp\u00e1tico, deu aten\u00e7\u00e3o a todos.<\/p>\n<p>&nbsp;<\/p>\n<p>Na barraca do IAMA n\u00e3o foi diferente. Com mais de 40 volunt\u00e1rios o presidente Manfrinato serviu o p\u00fablico com os tradicionais e deliciosos espetos com acompanhamentos. O p\u00fablico fazia fila para saborear os espetos em fam\u00edlia.<\/p>\n<p>&nbsp;<\/p>\n<p>E, por falar em fam\u00edlia, a equipe da R\u00e1dio Life FM visitou tamb\u00e9m o parque de divers\u00e3o e conversou com o empres\u00e1rio Sr. Lauro que afirmou que Adamantina tem a melhor festa da regi\u00e3o.<\/p>\n<p>&nbsp;<\/p>\n<p>A R\u00e1dio Life FM agradece a todos pela aten\u00e7\u00e3o e respeito com a equipe e se compromete em continuar com a miss\u00e3o deixada pelo ex-diretor William Tofoli<em> (in memorian)<\/em>: viver essa cidade e evidenciar quem realmente faz de Adamantina uma das melhores cidades da microrregi\u00e3o.<\/p>\n<p>&nbsp;<\/p>\n<p>A maior motiva\u00e7\u00e3o para continuar nosso trabalho diferenciado s\u00e3o os ouvintes e internautas que reconhecem o trabalho da Life.<\/p>\n<p>&nbsp;<\/p>\n<p>Para finalizar, agradecemos as empresas:<br \/>\n<strong>Compacto M\u00f3veis<\/strong> sob medida, do amigo Jo\u00e3o Paulo, <strong>Vegas Country<\/strong>, do Felipe Boiago, <strong>Elegance Store<\/strong> moda feminina e masculina, <strong>E-leve<\/strong> engenharia sustent\u00e1vel e <strong>Supermercado Mituo<\/strong>. &#8220;Gratid\u00e3o por acreditarem no nosso trabalho e confiar a n\u00f3s evidenciar com respeito e profissionalismo suas marcas que foram constru\u00eddas com muito trabalho&#8221;, conclui Lucia Prado, diretora de Marketing da Life FM.<\/p>\n<p>&nbsp;<\/p>\n<p>&nbsp;<\/p>\n<p>Confira algumas fotos do evento:<\/p>\n<p>&nbsp;<\/p>\n<p>&nbsp;<\/p>\n<div class='flex flex-wrap items-center -mx-1'>\r\n<a class='thumbnail gallery p-1 w-1\/2 md:w-1\/4' href='https:\/\/radiolifefm.com.br\/noticias\/wp-content\/uploads\/2022\/09\/Expoverde-2022-36.jpeg'><img class='border border-white' src='https:\/\/radiolifefm.com.br\/noticias\/wp-content\/uploads\/2022\/09\/Expoverde-2022-36-200x200.jpeg' alt='Expoverde 2022 (36)' \/><\/a><a class='thumbnail gallery p-1 w-1\/2 md:w-1\/4' href='https:\/\/radiolifefm.com.br\/noticias\/wp-content\/uploads\/2022\/09\/Expoverde-2022-8-e1662521533151.jpeg'><img class='border border-white' src='https:\/\/radiolifefm.com.br\/noticias\/wp-content\/uploads\/2022\/09\/Expoverde-2022-8-e1662521533151-200x200.jpeg' alt='Expoverde 2022 (8)' \/><\/a><a class='thumbnail gallery p-1 w-1\/2 md:w-1\/4' href='https:\/\/radiolifefm.com.br\/noticias\/wp-content\/uploads\/2022\/09\/Expoverde-2022-6.jpeg'><img class='border border-white' src='https:\/\/radiolifefm.com.br\/noticias\/wp-content\/uploads\/2022\/09\/Expoverde-2022-6-200x200.jpeg' alt='Expoverde 2022 (6)' \/><\/a><a class='thumbnail gallery p-1 w-1\/2 md:w-1\/4' href='https:\/\/radiolifefm.com.br\/noticias\/wp-content\/uploads\/2022\/09\/Expoverde-2022-25.jpeg'><img class='border border-white' src='https:\/\/radiolifefm.com.br\/noticias\/wp-content\/uploads\/2022\/09\/Expoverde-2022-25-200x200.jpeg' alt='Expoverde 2022 (25)' \/><\/a><a class='thumbnail gallery p-1 w-1\/2 md:w-1\/4' href='https:\/\/radiolifefm.com.br\/noticias\/wp-content\/uploads\/2022\/09\/Expoverde-2022-32.jpeg'><img class='border border-white' src='https:\/\/radiolifefm.com.br\/noticias\/wp-content\/uploads\/2022\/09\/Expoverde-2022-32-200x200.jpeg' alt='Expoverde 2022 (32)' \/><\/a><a class='thumbnail gallery p-1 w-1\/2 md:w-1\/4' href='https:\/\/radiolifefm.com.br\/noticias\/wp-content\/uploads\/2022\/09\/Expoverde-2022-35.jpeg'><img class='border border-white' src='https:\/\/radiolifefm.com.br\/noticias\/wp-content\/uploads\/2022\/09\/Expoverde-2022-35-200x200.jpeg' alt='Expoverde 2022 (35)' \/><\/a><a class='thumbnail gallery p-1 w-1\/2 md:w-1\/4' href='https:\/\/radiolifefm.com.br\/noticias\/wp-content\/uploads\/2022\/09\/Expoverde-2022-33.jpeg'><img class='border border-white' src='https:\/\/radiolifefm.com.br\/noticias\/wp-content\/uploads\/2022\/09\/Expoverde-2022-33-200x200.jpeg' alt='Expoverde 2022 (33)' \/><\/a><a class='thumbnail gallery p-1 w-1\/2 md:w-1\/4' href='https:\/\/radiolifefm.com.br\/noticias\/wp-content\/uploads\/2022\/09\/Expoverde-2022-39.jpg'><img class='border border-white' src='https:\/\/radiolifefm.com.br\/noticias\/wp-content\/uploads\/2022\/09\/Expoverde-2022-39-200x200.jpg' alt='Expoverde 2022 (39)' \/><\/a><a class='thumbnail gallery p-1 w-1\/2 md:w-1\/4' href='https:\/\/radiolifefm.com.br\/noticias\/wp-content\/uploads\/2022\/09\/Expoverde-2022-21.jpeg'><img class='border border-white' src='https:\/\/radiolifefm.com.br\/noticias\/wp-content\/uploads\/2022\/09\/Expoverde-2022-21-200x200.jpeg' alt='Expoverde 2022 (21)' \/><\/a><a class='thumbnail gallery p-1 w-1\/2 md:w-1\/4' href='https:\/\/radiolifefm.com.br\/noticias\/wp-content\/uploads\/2022\/09\/Expoverde-2022-40.jpg'><img class='border border-white' src='https:\/\/radiolifefm.com.br\/noticias\/wp-content\/uploads\/2022\/09\/Expoverde-2022-40-200x200.jpg' alt='Expoverde 2022 (40)' \/><\/a><a class='thumbnail gallery p-1 w-1\/2 md:w-1\/4' href='https:\/\/radiolifefm.com.br\/noticias\/wp-content\/uploads\/2022\/09\/Expoverde-2022-9.jpeg'><img class='border border-white' src='https:\/\/radiolifefm.com.br\/noticias\/wp-content\/uploads\/2022\/09\/Expoverde-2022-9-200x200.jpeg' alt='Expoverde 2022 (9)' \/><\/a><a class='thumbnail gallery p-1 w-1\/2 md:w-1\/4' href='https:\/\/radiolifefm.com.br\/noticias\/wp-content\/uploads\/2022\/09\/Expoverde-2022-11.jpeg'><img class='border border-white' src='https:\/\/radiolifefm.com.br\/noticias\/wp-content\/uploads\/2022\/09\/Expoverde-2022-11-200x200.jpeg' alt='Expoverde 2022 (11)' \/><\/a><a class='thumbnail gallery p-1 w-1\/2 md:w-1\/4' href='https:\/\/radiolifefm.com.br\/noticias\/wp-content\/uploads\/2022\/09\/Expoverde-2022-37.jpg'><img class='border border-white' src='https:\/\/radiolifefm.com.br\/noticias\/wp-content\/uploads\/2022\/09\/Expoverde-2022-37-200x200.jpg' alt='Expoverde 2022 (37)' \/><\/a><a class='thumbnail gallery p-1 w-1\/2 md:w-1\/4' href='https:\/\/radiolifefm.com.br\/noticias\/wp-content\/uploads\/2022\/09\/Expoverde-2022-28.jpg'><img class='border border-white' src='https:\/\/radiolifefm.com.br\/noticias\/wp-content\/uploads\/2022\/09\/Expoverde-2022-28-200x200.jpg' alt='Expoverde 2022 (28)' \/><\/a><a class='thumbnail gallery p-1 w-1\/2 md:w-1\/4' href='https:\/\/radiolifefm.com.br\/noticias\/wp-content\/uploads\/2022\/09\/Expoverde-2022-38.jpeg'><img class='border border-white' src='https:\/\/radiolifefm.com.br\/noticias\/wp-content\/uploads\/2022\/09\/Expoverde-2022-38-200x200.jpeg' alt='Expoverde 2022 (38)' \/><\/a><a class='thumbnail gallery p-1 w-1\/2 md:w-1\/4' href='https:\/\/radiolifefm.com.br\/noticias\/wp-content\/uploads\/2022\/09\/Expoverde-2022-1.jpeg'><img class='border border-white' src='https:\/\/radiolifefm.com.br\/noticias\/wp-content\/uploads\/2022\/09\/Expoverde-2022-1-200x200.jpeg' alt='Expoverde 2022 (1)' \/><\/a><a class='thumbnail gallery p-1 w-1\/2 md:w-1\/4' href='https:\/\/radiolifefm.com.br\/noticias\/wp-content\/uploads\/2022\/09\/Expoverde-2022-43.jpg'><img class='border border-white' src='https:\/\/radiolifefm.com.br\/noticias\/wp-content\/uploads\/2022\/09\/Expoverde-2022-43-200x200.jpg' alt='Expoverde 2022 (43)' \/><\/a><a class='thumbnail gallery p-1 w-1\/2 md:w-1\/4' href='https:\/\/radiolifefm.com.br\/noticias\/wp-content\/uploads\/2022\/09\/Expoverde-2022-26.jpeg'><img class='border border-white' src='https:\/\/radiolifefm.com.br\/noticias\/wp-content\/uploads\/2022\/09\/Expoverde-2022-26-200x200.jpeg' alt='Expoverde 2022 (26)' \/><\/a><a class='thumbnail gallery p-1 w-1\/2 md:w-1\/4' href='https:\/\/radiolifefm.com.br\/noticias\/wp-content\/uploads\/2022\/09\/Expoverde-2022-31.jpeg'><img class='border border-white' src='https:\/\/radiolifefm.com.br\/noticias\/wp-content\/uploads\/2022\/09\/Expoverde-2022-31-200x200.jpeg' alt='Expoverde 2022 (31)' \/><\/a><a class='thumbnail gallery p-1 w-1\/2 md:w-1\/4' href='https:\/\/radiolifefm.com.br\/noticias\/wp-content\/uploads\/2022\/09\/Expoverde-2022-4.jpeg'><img class='border border-white' src='https:\/\/radiolifefm.com.br\/noticias\/wp-content\/uploads\/2022\/09\/Expoverde-2022-4-200x200.jpeg' alt='Expoverde 2022 (4)' \/><\/a><a class='thumbnail gallery p-1 w-1\/2 md:w-1\/4' href='https:\/\/radiolifefm.com.br\/noticias\/wp-content\/uploads\/2022\/09\/Expoverde-2022-44.jpg'><img class='border border-white' src='https:\/\/radiolifefm.com.br\/noticias\/wp-content\/uploads\/2022\/09\/Expoverde-2022-44-200x200.jpg' alt='Expoverde 2022 (44)' \/><\/a><a class='thumbnail gallery p-1 w-1\/2 md:w-1\/4' href='https:\/\/radiolifefm.com.br\/noticias\/wp-content\/uploads\/2022\/09\/Expoverde-2022-10.jpeg'><img class='border border-white' src='https:\/\/radiolifefm.com.br\/noticias\/wp-content\/uploads\/2022\/09\/Expoverde-2022-10-200x200.jpeg' alt='Expoverde 2022 (10)' \/><\/a><a class='thumbnail gallery p-1 w-1\/2 md:w-1\/4' href='https:\/\/radiolifefm.com.br\/noticias\/wp-content\/uploads\/2022\/09\/Expoverde-2022-12.jpeg'><img class='border border-white' src='https:\/\/radiolifefm.com.br\/noticias\/wp-content\/uploads\/2022\/09\/Expoverde-2022-12-200x200.jpeg' alt='Expoverde 2022 (12)' \/><\/a><a class='thumbnail gallery p-1 w-1\/2 md:w-1\/4' href='https:\/\/radiolifefm.com.br\/noticias\/wp-content\/uploads\/2022\/09\/Expoverde-2022-15.jpeg'><img class='border border-white' src='https:\/\/radiolifefm.com.br\/noticias\/wp-content\/uploads\/2022\/09\/Expoverde-2022-15-200x200.jpeg' alt='Expoverde 2022 (15)' \/><\/a><a class='thumbnail gallery p-1 w-1\/2 md:w-1\/4' href='https:\/\/radiolifefm.com.br\/noticias\/wp-content\/uploads\/2022\/09\/Expoverde-2022-16.jpeg'><img class='border border-white' src='https:\/\/radiolifefm.com.br\/noticias\/wp-content\/uploads\/2022\/09\/Expoverde-2022-16-200x200.jpeg' alt='Expoverde 2022 (16)' \/><\/a><a class='thumbnail gallery p-1 w-1\/2 md:w-1\/4' href='https:\/\/radiolifefm.com.br\/noticias\/wp-content\/uploads\/2022\/09\/Expoverde-2022-23.jpeg'><img class='border border-white' src='https:\/\/radiolifefm.com.br\/noticias\/wp-content\/uploads\/2022\/09\/Expoverde-2022-23-200x200.jpeg' alt='Expoverde 2022 (23)' \/><\/a><a class='thumbnail gallery p-1 w-1\/2 md:w-1\/4' href='https:\/\/radiolifefm.com.br\/noticias\/wp-content\/uploads\/2022\/09\/Expoverde-2022-42.jpg'><img class='border border-white' src='https:\/\/radiolifefm.com.br\/noticias\/wp-content\/uploads\/2022\/09\/Expoverde-2022-42-200x200.jpg' alt='Expoverde 2022 (42)' \/><\/a><a class='thumbnail gallery p-1 w-1\/2 md:w-1\/4' href='https:\/\/radiolifefm.com.br\/noticias\/wp-content\/uploads\/2022\/09\/Expoverde-2022-41.jpg'><img class='border border-white' src='https:\/\/radiolifefm.com.br\/noticias\/wp-content\/uploads\/2022\/09\/Expoverde-2022-41-200x200.jpg' alt='Expoverde 2022 (41)' \/><\/a><a class='thumbnail gallery p-1 w-1\/2 md:w-1\/4' href='https:\/\/radiolifefm.com.br\/noticias\/wp-content\/uploads\/2022\/09\/Expoverde-2022-30.jpeg'><img class='border border-white' src='https:\/\/radiolifefm.com.br\/noticias\/wp-content\/uploads\/2022\/09\/Expoverde-2022-30-200x200.jpeg' alt='Expoverde 2022 (30)' \/><\/a><a class='thumbnail gallery p-1 w-1\/2 md:w-1\/4' href='https:\/\/radiolifefm.com.br\/noticias\/wp-content\/uploads\/2022\/09\/Expoverde-2022-34.jpeg'><img class='border border-white' src='https:\/\/radiolifefm.com.br\/noticias\/wp-content\/uploads\/2022\/09\/Expoverde-2022-34-200x200.jpeg' alt='Expoverde 2022 (34)' \/><\/a><a class='thumbnail gallery p-1 w-1\/2 md:w-1\/4' href='https:\/\/radiolifefm.com.br\/noticias\/wp-content\/uploads\/2022\/09\/Expoverde-2022-29.jpg'><img class='border border-white' src='https:\/\/radiolifefm.com.br\/noticias\/wp-content\/uploads\/2022\/09\/Expoverde-2022-29-200x200.jpg' alt='Expoverde 2022 (29)' \/><\/a><a class='thumbnail gallery p-1 w-1\/2 md:w-1\/4' href='https:\/\/radiolifefm.com.br\/noticias\/wp-content\/uploads\/2022\/09\/Expoverde-2022-3.jpeg'><img class='border border-white' src='https:\/\/radiolifefm.com.br\/noticias\/wp-content\/uploads\/2022\/09\/Expoverde-2022-3-200x200.jpeg' alt='Expoverde 2022 (3)' \/><\/a><a class='thumbnail gallery p-1 w-1\/2 md:w-1\/4' href='https:\/\/radiolifefm.com.br\/noticias\/wp-content\/uploads\/2022\/09\/Expoverde-2022-7.jpeg'><img class='border border-white' src='https:\/\/radiolifefm.com.br\/noticias\/wp-content\/uploads\/2022\/09\/Expoverde-2022-7-200x200.jpeg' alt='Expoverde 2022 (7)' \/><\/a><a class='thumbnail gallery p-1 w-1\/2 md:w-1\/4' href='https:\/\/radiolifefm.com.br\/noticias\/wp-content\/uploads\/2022\/09\/Expoverde-2022-17.jpeg'><img class='border border-white' src='https:\/\/radiolifefm.com.br\/noticias\/wp-content\/uploads\/2022\/09\/Expoverde-2022-17-200x200.jpeg' alt='Expoverde 2022 (17)' \/><\/a><a class='thumbnail gallery p-1 w-1\/2 md:w-1\/4' href='https:\/\/radiolifefm.com.br\/noticias\/wp-content\/uploads\/2022\/09\/Expoverde-2022-18.jpeg'><img class='border border-white' src='https:\/\/radiolifefm.com.br\/noticias\/wp-content\/uploads\/2022\/09\/Expoverde-2022-18-200x200.jpeg' alt='Expoverde 2022 (18)' \/><\/a><a class='thumbnail gallery p-1 w-1\/2 md:w-1\/4' href='https:\/\/radiolifefm.com.br\/noticias\/wp-content\/uploads\/2022\/09\/Expoverde-2022-19.jpeg'><img class='border border-white' src='https:\/\/radiolifefm.com.br\/noticias\/wp-content\/uploads\/2022\/09\/Expoverde-2022-19-200x200.jpeg' alt='Expoverde 2022 (19)' \/><\/a><\/div>\n<p>&nbsp;<\/p>\n<p>&nbsp;<\/p>\n<p>&nbsp;<\/p>\n<p>Da Reda\u00e7\u00e3o<\/p>\n","protected":false},"excerpt":{"rendered":"<p>&nbsp; &nbsp; A Expoverde 2022, em sua 30\u00aa edi\u00e7\u00e3o aconteceu de 30\/08 a 04\/09 em Adamantina e foi evidenciada em toda sua estrutura pela R\u00e1dio Life FM. &nbsp; Durante os 6 dias de festa no poliesportivo de Adamantina foram feitas mais de 30 entrevistas, transmitidas ao vivo pelo Facebook, com stories no Instagram publicados simultaneamente [&hellip;]<\/p>\n","protected":false},"author":12,"featured_media":57845,"comment_status":"closed","ping_status":"open","sticky":false,"template":"","format":"standard","meta":{"_acf_changed":false,"_exactmetrics_skip_tracking":false,"_exactmetrics_sitenote_active":false,"_exactmetrics_sitenote_note":"","_exactmetrics_sitenote_category":0,"footnotes":""},"categories":[21],"tags":[],"class_list":["post-57803","post","type-post","status-publish","format-standard","has-post-thumbnail","hentry","category-adamantina"],"acf":[],"yoast_head":"<!-- This site is optimized with the Yoast SEO plugin v27.2 - https:\/\/yoast.com\/product\/yoast-seo-wordpress\/ -->\n<title>R\u00e1dio Life realiza trabalho diferenciado durante a Expoverde e recebe reconhecimento do p\u00fablico e dos parceiros - R\u00e1dio Life FM<\/title>\n<meta name=\"robots\" content=\"index, follow, max-snippet:-1, max-image-preview:large, max-video-preview:-1\" \/>\n<link rel=\"canonical\" href=\"https:\/\/radiolifefm.com.br\/noticias\/new_radio-life-realiza-trabalho-diferenciado-durante-a-expoverde-e-recebe-reconhecimento-do-publico-e-dos-parceiros_lifefm\/\" \/>\n<meta property=\"og:locale\" content=\"pt_BR\" \/>\n<meta property=\"og:type\" content=\"article\" \/>\n<meta property=\"og:title\" content=\"R\u00e1dio Life realiza trabalho diferenciado durante a Expoverde e recebe reconhecimento do p\u00fablico e dos parceiros - R\u00e1dio Life FM\" \/>\n<meta property=\"og:description\" content=\"&nbsp; &nbsp; A Expoverde 2022, em sua 30\u00aa edi\u00e7\u00e3o aconteceu de 30\/08 a 04\/09 em Adamantina e foi evidenciada em toda sua estrutura pela R\u00e1dio Life FM. &nbsp; Durante os 6 dias de festa no poliesportivo de Adamantina foram feitas mais de 30 entrevistas, transmitidas ao vivo pelo Facebook, com stories no Instagram publicados simultaneamente [&hellip;]\" \/>\n<meta property=\"og:url\" content=\"https:\/\/radiolifefm.com.br\/noticias\/new_radio-life-realiza-trabalho-diferenciado-durante-a-expoverde-e-recebe-reconhecimento-do-publico-e-dos-parceiros_lifefm\/\" \/>\n<meta property=\"og:site_name\" content=\"R\u00e1dio Life FM\" \/>\n<meta property=\"article:publisher\" content=\"https:\/\/www.facebook.com\/radiolifefm\/\" \/>\n<meta property=\"article:published_time\" content=\"2022-09-07T04:02:29+00:00\" \/>\n<meta property=\"article:modified_time\" content=\"2025-11-27T16:50:04+00:00\" \/>\n<meta property=\"og:image\" content=\"https:\/\/radiolifefm.com.br\/noticias\/wp-content\/uploads\/2022\/09\/Life-na-Expoveerde-2022.jpg\" \/>\n\t<meta property=\"og:image:width\" content=\"1748\" \/>\n\t<meta property=\"og:image:height\" content=\"1240\" \/>\n\t<meta property=\"og:image:type\" content=\"image\/jpeg\" \/>\n<meta name=\"author\" content=\"mayraferrari\" \/>\n<meta name=\"twitter:card\" content=\"summary_large_image\" \/>\n<meta name=\"twitter:label1\" content=\"Escrito por\" \/>\n\t<meta name=\"twitter:data1\" content=\"mayraferrari\" \/>\n\t<meta name=\"twitter:label2\" content=\"Est. tempo de leitura\" \/>\n\t<meta name=\"twitter:data2\" content=\"3 minutos\" \/>\n<script type=\"application\/ld+json\" class=\"yoast-schema-graph\">{\"@context\":\"https:\/\/schema.org\",\"@graph\":[{\"@type\":\"Article\",\"@id\":\"https:\/\/radiolifefm.com.br\/noticias\/new_radio-life-realiza-trabalho-diferenciado-durante-a-expoverde-e-recebe-reconhecimento-do-publico-e-dos-parceiros_lifefm\/#article\",\"isPartOf\":{\"@id\":\"https:\/\/radiolifefm.com.br\/noticias\/new_radio-life-realiza-trabalho-diferenciado-durante-a-expoverde-e-recebe-reconhecimento-do-publico-e-dos-parceiros_lifefm\/\"},\"author\":{\"name\":\"mayraferrari\",\"@id\":\"https:\/\/radiolifefm.com.br\/noticias\/#\/schema\/person\/d37940c51f50a0c5db4e065bb527a35d\"},\"headline\":\"R\u00e1dio Life realiza trabalho diferenciado durante a Expoverde e recebe reconhecimento do p\u00fablico e dos parceiros\",\"datePublished\":\"2022-09-07T04:02:29+00:00\",\"dateModified\":\"2025-11-27T16:50:04+00:00\",\"mainEntityOfPage\":{\"@id\":\"https:\/\/radiolifefm.com.br\/noticias\/new_radio-life-realiza-trabalho-diferenciado-durante-a-expoverde-e-recebe-reconhecimento-do-publico-e-dos-parceiros_lifefm\/\"},\"wordCount\":530,\"publisher\":{\"@id\":\"https:\/\/radiolifefm.com.br\/noticias\/#organization\"},\"image\":{\"@id\":\"https:\/\/radiolifefm.com.br\/noticias\/new_radio-life-realiza-trabalho-diferenciado-durante-a-expoverde-e-recebe-reconhecimento-do-publico-e-dos-parceiros_lifefm\/#primaryimage\"},\"thumbnailUrl\":\"https:\/\/radiolifefm.com.br\/noticias\/wp-content\/uploads\/2022\/09\/Life-na-Expoveerde-2022.jpg\",\"articleSection\":[\"Adamantina\"],\"inLanguage\":\"pt-BR\"},{\"@type\":\"WebPage\",\"@id\":\"https:\/\/radiolifefm.com.br\/noticias\/new_radio-life-realiza-trabalho-diferenciado-durante-a-expoverde-e-recebe-reconhecimento-do-publico-e-dos-parceiros_lifefm\/\",\"url\":\"https:\/\/radiolifefm.com.br\/noticias\/new_radio-life-realiza-trabalho-diferenciado-durante-a-expoverde-e-recebe-reconhecimento-do-publico-e-dos-parceiros_lifefm\/\",\"name\":\"R\u00e1dio Life realiza trabalho diferenciado durante a Expoverde e recebe reconhecimento do p\u00fablico e dos parceiros - R\u00e1dio Life FM\",\"isPartOf\":{\"@id\":\"https:\/\/radiolifefm.com.br\/noticias\/#website\"},\"primaryImageOfPage\":{\"@id\":\"https:\/\/radiolifefm.com.br\/noticias\/new_radio-life-realiza-trabalho-diferenciado-durante-a-expoverde-e-recebe-reconhecimento-do-publico-e-dos-parceiros_lifefm\/#primaryimage\"},\"image\":{\"@id\":\"https:\/\/radiolifefm.com.br\/noticias\/new_radio-life-realiza-trabalho-diferenciado-durante-a-expoverde-e-recebe-reconhecimento-do-publico-e-dos-parceiros_lifefm\/#primaryimage\"},\"thumbnailUrl\":\"https:\/\/radiolifefm.com.br\/noticias\/wp-content\/uploads\/2022\/09\/Life-na-Expoveerde-2022.jpg\",\"datePublished\":\"2022-09-07T04:02:29+00:00\",\"dateModified\":\"2025-11-27T16:50:04+00:00\",\"breadcrumb\":{\"@id\":\"https:\/\/radiolifefm.com.br\/noticias\/new_radio-life-realiza-trabalho-diferenciado-durante-a-expoverde-e-recebe-reconhecimento-do-publico-e-dos-parceiros_lifefm\/#breadcrumb\"},\"inLanguage\":\"pt-BR\",\"potentialAction\":[{\"@type\":\"ReadAction\",\"target\":[\"https:\/\/radiolifefm.com.br\/noticias\/new_radio-life-realiza-trabalho-diferenciado-durante-a-expoverde-e-recebe-reconhecimento-do-publico-e-dos-parceiros_lifefm\/\"]}]},{\"@type\":\"ImageObject\",\"inLanguage\":\"pt-BR\",\"@id\":\"https:\/\/radiolifefm.com.br\/noticias\/new_radio-life-realiza-trabalho-diferenciado-durante-a-expoverde-e-recebe-reconhecimento-do-publico-e-dos-parceiros_lifefm\/#primaryimage\",\"url\":\"https:\/\/radiolifefm.com.br\/noticias\/wp-content\/uploads\/2022\/09\/Life-na-Expoveerde-2022.jpg\",\"contentUrl\":\"https:\/\/radiolifefm.com.br\/noticias\/wp-content\/uploads\/2022\/09\/Life-na-Expoveerde-2022.jpg\",\"width\":1748,\"height\":1240},{\"@type\":\"BreadcrumbList\",\"@id\":\"https:\/\/radiolifefm.com.br\/noticias\/new_radio-life-realiza-trabalho-diferenciado-durante-a-expoverde-e-recebe-reconhecimento-do-publico-e-dos-parceiros_lifefm\/#breadcrumb\",\"itemListElement\":[{\"@type\":\"ListItem\",\"position\":1,\"name\":\"In\u00edcio\",\"item\":\"https:\/\/radiolifefm.com.br\/noticias\/\"},{\"@type\":\"ListItem\",\"position\":2,\"name\":\"R\u00e1dio Life realiza trabalho diferenciado durante a Expoverde e recebe reconhecimento do p\u00fablico e dos parceiros\"}]},{\"@type\":\"WebSite\",\"@id\":\"https:\/\/radiolifefm.com.br\/noticias\/#website\",\"url\":\"https:\/\/radiolifefm.com.br\/noticias\/\",\"name\":\"R\u00e1dio Life FM\",\"description\":\"O Portal de Not\u00edcias de Adamantina\",\"publisher\":{\"@id\":\"https:\/\/radiolifefm.com.br\/noticias\/#organization\"},\"alternateName\":\"Life FM\",\"potentialAction\":[{\"@type\":\"SearchAction\",\"target\":{\"@type\":\"EntryPoint\",\"urlTemplate\":\"https:\/\/radiolifefm.com.br\/noticias\/?s={search_term_string}\"},\"query-input\":{\"@type\":\"PropertyValueSpecification\",\"valueRequired\":true,\"valueName\":\"search_term_string\"}}],\"inLanguage\":\"pt-BR\"},{\"@type\":\"Organization\",\"@id\":\"https:\/\/radiolifefm.com.br\/noticias\/#organization\",\"name\":\"R\u00e1dio Life FM\",\"alternateName\":\"Life FM\",\"url\":\"https:\/\/radiolifefm.com.br\/noticias\/\",\"logo\":{\"@type\":\"ImageObject\",\"inLanguage\":\"pt-BR\",\"@id\":\"https:\/\/radiolifefm.com.br\/noticias\/#\/schema\/logo\/image\/\",\"url\":\"https:\/\/static.radiolifefm.com.br\/noticias\/wp-content\/uploads\/2019\/10\/logo-lifefm.png\",\"contentUrl\":\"https:\/\/static.radiolifefm.com.br\/noticias\/wp-content\/uploads\/2019\/10\/logo-lifefm.png\",\"width\":196,\"height\":47,\"caption\":\"R\u00e1dio Life FM\"},\"image\":{\"@id\":\"https:\/\/radiolifefm.com.br\/noticias\/#\/schema\/logo\/image\/\"},\"sameAs\":[\"https:\/\/www.facebook.com\/radiolifefm\/\",\"https:\/\/www.instagram.com\/life1079fm\/\"]},{\"@type\":\"Person\",\"@id\":\"https:\/\/radiolifefm.com.br\/noticias\/#\/schema\/person\/d37940c51f50a0c5db4e065bb527a35d\",\"name\":\"mayraferrari\",\"image\":{\"@type\":\"ImageObject\",\"inLanguage\":\"pt-BR\",\"@id\":\"https:\/\/secure.gravatar.com\/avatar\/69374fafea2eae004e87f555bcb8bb6e24c5d501c2ffec6bbedf0a8f25427b93?s=96&d=mm&r=g\",\"url\":\"https:\/\/secure.gravatar.com\/avatar\/69374fafea2eae004e87f555bcb8bb6e24c5d501c2ffec6bbedf0a8f25427b93?s=96&d=mm&r=g\",\"contentUrl\":\"https:\/\/secure.gravatar.com\/avatar\/69374fafea2eae004e87f555bcb8bb6e24c5d501c2ffec6bbedf0a8f25427b93?s=96&d=mm&r=g\",\"caption\":\"mayraferrari\"}}]}<\/script>\n<!-- \/ Yoast SEO plugin. -->","yoast_head_json":{"title":"R\u00e1dio Life realiza trabalho diferenciado durante a Expoverde e recebe reconhecimento do p\u00fablico e dos parceiros - R\u00e1dio Life FM","robots":{"index":"index","follow":"follow","max-snippet":"max-snippet:-1","max-image-preview":"max-image-preview:large","max-video-preview":"max-video-preview:-1"},"canonical":"https:\/\/radiolifefm.com.br\/noticias\/new_radio-life-realiza-trabalho-diferenciado-durante-a-expoverde-e-recebe-reconhecimento-do-publico-e-dos-parceiros_lifefm\/","og_locale":"pt_BR","og_type":"article","og_title":"R\u00e1dio Life realiza trabalho diferenciado durante a Expoverde e recebe reconhecimento do p\u00fablico e dos parceiros - R\u00e1dio Life FM","og_description":"&nbsp; &nbsp; A Expoverde 2022, em sua 30\u00aa edi\u00e7\u00e3o aconteceu de 30\/08 a 04\/09 em Adamantina e foi evidenciada em toda sua estrutura pela R\u00e1dio Life FM. &nbsp; Durante os 6 dias de festa no poliesportivo de Adamantina foram feitas mais de 30 entrevistas, transmitidas ao vivo pelo Facebook, com stories no Instagram publicados simultaneamente [&hellip;]","og_url":"https:\/\/radiolifefm.com.br\/noticias\/new_radio-life-realiza-trabalho-diferenciado-durante-a-expoverde-e-recebe-reconhecimento-do-publico-e-dos-parceiros_lifefm\/","og_site_name":"R\u00e1dio Life FM","article_publisher":"https:\/\/www.facebook.com\/radiolifefm\/","article_published_time":"2022-09-07T04:02:29+00:00","article_modified_time":"2025-11-27T16:50:04+00:00","og_image":[{"width":1748,"height":1240,"url":"https:\/\/radiolifefm.com.br\/noticias\/wp-content\/uploads\/2022\/09\/Life-na-Expoveerde-2022.jpg","type":"image\/jpeg"}],"author":"mayraferrari","twitter_card":"summary_large_image","twitter_misc":{"Escrito por":"mayraferrari","Est. tempo de leitura":"3 minutos"},"schema":{"@context":"https:\/\/schema.org","@graph":[{"@type":"Article","@id":"https:\/\/radiolifefm.com.br\/noticias\/new_radio-life-realiza-trabalho-diferenciado-durante-a-expoverde-e-recebe-reconhecimento-do-publico-e-dos-parceiros_lifefm\/#article","isPartOf":{"@id":"https:\/\/radiolifefm.com.br\/noticias\/new_radio-life-realiza-trabalho-diferenciado-durante-a-expoverde-e-recebe-reconhecimento-do-publico-e-dos-parceiros_lifefm\/"},"author":{"name":"mayraferrari","@id":"https:\/\/radiolifefm.com.br\/noticias\/#\/schema\/person\/d37940c51f50a0c5db4e065bb527a35d"},"headline":"R\u00e1dio Life realiza trabalho diferenciado durante a Expoverde e recebe reconhecimento do p\u00fablico e dos parceiros","datePublished":"2022-09-07T04:02:29+00:00","dateModified":"2025-11-27T16:50:04+00:00","mainEntityOfPage":{"@id":"https:\/\/radiolifefm.com.br\/noticias\/new_radio-life-realiza-trabalho-diferenciado-durante-a-expoverde-e-recebe-reconhecimento-do-publico-e-dos-parceiros_lifefm\/"},"wordCount":530,"publisher":{"@id":"https:\/\/radiolifefm.com.br\/noticias\/#organization"},"image":{"@id":"https:\/\/radiolifefm.com.br\/noticias\/new_radio-life-realiza-trabalho-diferenciado-durante-a-expoverde-e-recebe-reconhecimento-do-publico-e-dos-parceiros_lifefm\/#primaryimage"},"thumbnailUrl":"https:\/\/radiolifefm.com.br\/noticias\/wp-content\/uploads\/2022\/09\/Life-na-Expoveerde-2022.jpg","articleSection":["Adamantina"],"inLanguage":"pt-BR"},{"@type":"WebPage","@id":"https:\/\/radiolifefm.com.br\/noticias\/new_radio-life-realiza-trabalho-diferenciado-durante-a-expoverde-e-recebe-reconhecimento-do-publico-e-dos-parceiros_lifefm\/","url":"https:\/\/radiolifefm.com.br\/noticias\/new_radio-life-realiza-trabalho-diferenciado-durante-a-expoverde-e-recebe-reconhecimento-do-publico-e-dos-parceiros_lifefm\/","name":"R\u00e1dio Life realiza trabalho diferenciado durante a Expoverde e recebe reconhecimento do p\u00fablico e dos parceiros - R\u00e1dio Life FM","isPartOf":{"@id":"https:\/\/radiolifefm.com.br\/noticias\/#website"},"primaryImageOfPage":{"@id":"https:\/\/radiolifefm.com.br\/noticias\/new_radio-life-realiza-trabalho-diferenciado-durante-a-expoverde-e-recebe-reconhecimento-do-publico-e-dos-parceiros_lifefm\/#primaryimage"},"image":{"@id":"https:\/\/radiolifefm.com.br\/noticias\/new_radio-life-realiza-trabalho-diferenciado-durante-a-expoverde-e-recebe-reconhecimento-do-publico-e-dos-parceiros_lifefm\/#primaryimage"},"thumbnailUrl":"https:\/\/radiolifefm.com.br\/noticias\/wp-content\/uploads\/2022\/09\/Life-na-Expoveerde-2022.jpg","datePublished":"2022-09-07T04:02:29+00:00","dateModified":"2025-11-27T16:50:04+00:00","breadcrumb":{"@id":"https:\/\/radiolifefm.com.br\/noticias\/new_radio-life-realiza-trabalho-diferenciado-durante-a-expoverde-e-recebe-reconhecimento-do-publico-e-dos-parceiros_lifefm\/#breadcrumb"},"inLanguage":"pt-BR","potentialAction":[{"@type":"ReadAction","target":["https:\/\/radiolifefm.com.br\/noticias\/new_radio-life-realiza-trabalho-diferenciado-durante-a-expoverde-e-recebe-reconhecimento-do-publico-e-dos-parceiros_lifefm\/"]}]},{"@type":"ImageObject","inLanguage":"pt-BR","@id":"https:\/\/radiolifefm.com.br\/noticias\/new_radio-life-realiza-trabalho-diferenciado-durante-a-expoverde-e-recebe-reconhecimento-do-publico-e-dos-parceiros_lifefm\/#primaryimage","url":"https:\/\/radiolifefm.com.br\/noticias\/wp-content\/uploads\/2022\/09\/Life-na-Expoveerde-2022.jpg","contentUrl":"https:\/\/radiolifefm.com.br\/noticias\/wp-content\/uploads\/2022\/09\/Life-na-Expoveerde-2022.jpg","width":1748,"height":1240},{"@type":"BreadcrumbList","@id":"https:\/\/radiolifefm.com.br\/noticias\/new_radio-life-realiza-trabalho-diferenciado-durante-a-expoverde-e-recebe-reconhecimento-do-publico-e-dos-parceiros_lifefm\/#breadcrumb","itemListElement":[{"@type":"ListItem","position":1,"name":"In\u00edcio","item":"https:\/\/radiolifefm.com.br\/noticias\/"},{"@type":"ListItem","position":2,"name":"R\u00e1dio Life realiza trabalho diferenciado durante a Expoverde e recebe reconhecimento do p\u00fablico e dos parceiros"}]},{"@type":"WebSite","@id":"https:\/\/radiolifefm.com.br\/noticias\/#website","url":"https:\/\/radiolifefm.com.br\/noticias\/","name":"R\u00e1dio Life FM","description":"O Portal de Not\u00edcias de Adamantina","publisher":{"@id":"https:\/\/radiolifefm.com.br\/noticias\/#organization"},"alternateName":"Life FM","potentialAction":[{"@type":"SearchAction","target":{"@type":"EntryPoint","urlTemplate":"https:\/\/radiolifefm.com.br\/noticias\/?s={search_term_string}"},"query-input":{"@type":"PropertyValueSpecification","valueRequired":true,"valueName":"search_term_string"}}],"inLanguage":"pt-BR"},{"@type":"Organization","@id":"https:\/\/radiolifefm.com.br\/noticias\/#organization","name":"R\u00e1dio Life FM","alternateName":"Life FM","url":"https:\/\/radiolifefm.com.br\/noticias\/","logo":{"@type":"ImageObject","inLanguage":"pt-BR","@id":"https:\/\/radiolifefm.com.br\/noticias\/#\/schema\/logo\/image\/","url":"https:\/\/static.radiolifefm.com.br\/noticias\/wp-content\/uploads\/2019\/10\/logo-lifefm.png","contentUrl":"https:\/\/static.radiolifefm.com.br\/noticias\/wp-content\/uploads\/2019\/10\/logo-lifefm.png","width":196,"height":47,"caption":"R\u00e1dio Life FM"},"image":{"@id":"https:\/\/radiolifefm.com.br\/noticias\/#\/schema\/logo\/image\/"},"sameAs":["https:\/\/www.facebook.com\/radiolifefm\/","https:\/\/www.instagram.com\/life1079fm\/"]},{"@type":"Person","@id":"https:\/\/radiolifefm.com.br\/noticias\/#\/schema\/person\/d37940c51f50a0c5db4e065bb527a35d","name":"mayraferrari","image":{"@type":"ImageObject","inLanguage":"pt-BR","@id":"https:\/\/secure.gravatar.com\/avatar\/69374fafea2eae004e87f555bcb8bb6e24c5d501c2ffec6bbedf0a8f25427b93?s=96&d=mm&r=g","url":"https:\/\/secure.gravatar.com\/avatar\/69374fafea2eae004e87f555bcb8bb6e24c5d501c2ffec6bbedf0a8f25427b93?s=96&d=mm&r=g","contentUrl":"https:\/\/secure.gravatar.com\/avatar\/69374fafea2eae004e87f555bcb8bb6e24c5d501c2ffec6bbedf0a8f25427b93?s=96&d=mm&r=g","caption":"mayraferrari"}}]}},"amp_enabled":true,"_links":{"self":[{"href":"https:\/\/radiolifefm.com.br\/noticias\/wp-json\/wp\/v2\/posts\/57803","targetHints":{"allow":["GET"]}}],"collection":[{"href":"https:\/\/radiolifefm.com.br\/noticias\/wp-json\/wp\/v2\/posts"}],"about":[{"href":"https:\/\/radiolifefm.com.br\/noticias\/wp-json\/wp\/v2\/types\/post"}],"author":[{"embeddable":true,"href":"https:\/\/radiolifefm.com.br\/noticias\/wp-json\/wp\/v2\/users\/12"}],"replies":[{"embeddable":true,"href":"https:\/\/radiolifefm.com.br\/noticias\/wp-json\/wp\/v2\/comments?post=57803"}],"version-history":[{"count":2,"href":"https:\/\/radiolifefm.com.br\/noticias\/wp-json\/wp\/v2\/posts\/57803\/revisions"}],"predecessor-version":[{"id":57847,"href":"https:\/\/radiolifefm.com.br\/noticias\/wp-json\/wp\/v2\/posts\/57803\/revisions\/57847"}],"wp:featuredmedia":[{"embeddable":true,"href":"https:\/\/radiolifefm.com.br\/noticias\/wp-json\/wp\/v2\/media\/57845"}],"wp:attachment":[{"href":"https:\/\/radiolifefm.com.br\/noticias\/wp-json\/wp\/v2\/media?parent=57803"}],"wp:term":[{"taxonomy":"category","embeddable":true,"href":"https:\/\/radiolifefm.com.br\/noticias\/wp-json\/wp\/v2\/categories?post=57803"},{"taxonomy":"post_tag","embeddable":true,"href":"https:\/\/radiolifefm.com.br\/noticias\/wp-json\/wp\/v2\/tags?post=57803"}],"curies":[{"name":"wp","href":"https:\/\/api.w.org\/{rel}","templated":true}]}}