{"id":57785,"date":"2022-09-06T15:05:41","date_gmt":"2022-09-06T18:05:41","guid":{"rendered":"https:\/\/radiolifefm.com.br\/noticias\/?p=57785"},"modified":"2025-09-24T04:48:06","modified_gmt":"2025-09-24T07:48:06","slug":"prefeitura-de-adamantina-realiza-leilao-administrativo","status":"publish","type":"post","link":"https:\/\/radiolifefm.com.br\/noticias\/prefeitura-de-adamantina-realiza-leilao-administrativo\/","title":{"rendered":"Prefeitura de Adamantina realiza leil\u00e3o administrativo"},"content":{"rendered":"<div id=\"fb-root\"><\/div>\n<p style=\"font-weight: 400\">A Prefeitura de Adamantina realizar\u00e1\u00a0licita\u00e7\u00e3o na modalidade leil\u00e3o, do tipo maior lance por item, relativa a aliena\u00e7\u00e3o de bens m\u00f3veis (sucata\/ve\u00edculos e m\u00e1quinas) pertencentes a frota do munic\u00edpio.<\/p>\n<p style=\"font-weight: 400\">A sess\u00e3o de processamento do Leil\u00e3o ser\u00e1 realizada no dia 14 de setembro de 2022, a partir das 08h30, na sala de reuni\u00f5es do departamento de licita\u00e7\u00e3o no 4\u00ba andar do Pa\u00e7o Municipal,\u00a0localizada na Rua Osvaldo Cruz, 262 &#8211; Centro.<\/p>\n<p style=\"font-weight: 400\">Poder\u00e3o participar do certame quaisquer interessados nos bens m\u00f3veis,\u00a0sendo eles vendidos no estado e condi\u00e7\u00f5es em que se encontram,\u00a0devendo ser previamente examinados\u00a0pelos licitantes, n\u00e3o cabendo, pois, a respeito deles qualquer reclama\u00e7\u00e3o posterior.<\/p>\n<p style=\"font-weight: 400\">Os arrematantes poder\u00e3o durante o prazo de publica\u00e7\u00e3o do edital, vistoriar, examinar\u00a0e\u00a0levantar condi\u00e7\u00e3o de documentos\u00a0inerente aos bens destinados a leil\u00e3o, sendo de sua inteira responsabilidade fazer as averigua\u00e7\u00f5es quanto ao modelo, cor, ano de fabrica\u00e7\u00e3o,\u00a0potenciais\u00a0problemas mec\u00e2nicos, n\u00famero do motor e chassi, e estar ciente que caso esse n\u00famero n\u00e3o esteja leg\u00edvel e por ventura n\u00e3o sejam originais de fabrica, ter\u00e3o que trocar a pe\u00e7a e remarc\u00e1-la para posterior regulariza\u00e7\u00e3o junto aos \u00f3rg\u00e3os competentes.<\/p>\n<p>Os bens poder\u00e3o ser visitados pelos interessados na sede do Almoxarifado Municipal, localizado na Av. Francisco Bellusci, s\/n, Distrito Industrial, Adamantina \u2013 SP, at\u00e9 o \u00faltimo dia \u00fatil anterior \u00e0 data da sess\u00e3o de processamento do leil\u00e3o, devendo o licitante interessado agendar previamente, um dia \u00fatil anterior \u00e0 data da sess\u00e3o, referida visita, junto ao Departamento de Patrim\u00f4nio, que poder\u00e1 acompanhar o interessado.<\/p>\n<p style=\"font-weight: 400\">O arrematante pagar\u00e1, em at\u00e9 24h, guia de arrecada\u00e7\u00e3o gerada pelo Departamento de Tributa\u00e7\u00e3o equivalente\u00a0a\u00a0100 % do valor ofertado. O prazo para retirada dos bens arrematados ser\u00e1 de at\u00e9 20 (vinte) dias, contados a partir do pagamento total do mesmo.<\/p>\n<p>&nbsp;<\/p>\n<p>Fonte: Assessoria de Imprensa &#8211; foto: Siga Mais<\/p>\n","protected":false},"excerpt":{"rendered":"<p>A Prefeitura de Adamantina realizar\u00e1\u00a0licita\u00e7\u00e3o na modalidade leil\u00e3o, do tipo maior lance por item, relativa a aliena\u00e7\u00e3o de bens m\u00f3veis (sucata\/ve\u00edculos e m\u00e1quinas) pertencentes a frota do munic\u00edpio. A sess\u00e3o de processamento do Leil\u00e3o ser\u00e1 realizada no dia 14 de setembro de 2022, a partir das 08h30, na sala de reuni\u00f5es do departamento de licita\u00e7\u00e3o [&hellip;]<\/p>\n","protected":false},"author":13,"featured_media":57786,"comment_status":"closed","ping_status":"open","sticky":false,"template":"","format":"standard","meta":{"_acf_changed":false,"_exactmetrics_skip_tracking":false,"_exactmetrics_sitenote_active":false,"_exactmetrics_sitenote_note":"","_exactmetrics_sitenote_category":0,"footnotes":""},"categories":[21],"tags":[],"class_list":["post-57785","post","type-post","status-publish","format-standard","has-post-thumbnail","hentry","category-adamantina"],"acf":[],"yoast_head":"<!-- This site is optimized with the Yoast SEO plugin v27.2 - https:\/\/yoast.com\/product\/yoast-seo-wordpress\/ -->\n<title>Prefeitura de Adamantina realiza leil\u00e3o administrativo - R\u00e1dio Life FM<\/title>\n<meta name=\"robots\" content=\"index, follow, max-snippet:-1, max-image-preview:large, max-video-preview:-1\" \/>\n<link rel=\"canonical\" href=\"https:\/\/radiolifefm.com.br\/noticias\/prefeitura-de-adamantina-realiza-leilao-administrativo\/\" \/>\n<meta property=\"og:locale\" content=\"pt_BR\" \/>\n<meta property=\"og:type\" content=\"article\" \/>\n<meta property=\"og:title\" content=\"Prefeitura de Adamantina realiza leil\u00e3o administrativo - R\u00e1dio Life FM\" \/>\n<meta property=\"og:description\" content=\"A Prefeitura de Adamantina realizar\u00e1\u00a0licita\u00e7\u00e3o na modalidade leil\u00e3o, do tipo maior lance por item, relativa a aliena\u00e7\u00e3o de bens m\u00f3veis (sucata\/ve\u00edculos e m\u00e1quinas) pertencentes a frota do munic\u00edpio. A sess\u00e3o de processamento do Leil\u00e3o ser\u00e1 realizada no dia 14 de setembro de 2022, a partir das 08h30, na sala de reuni\u00f5es do departamento de licita\u00e7\u00e3o [&hellip;]\" \/>\n<meta property=\"og:url\" content=\"https:\/\/radiolifefm.com.br\/noticias\/prefeitura-de-adamantina-realiza-leilao-administrativo\/\" \/>\n<meta property=\"og:site_name\" content=\"R\u00e1dio Life FM\" \/>\n<meta property=\"article:publisher\" content=\"https:\/\/www.facebook.com\/radiolifefm\/\" \/>\n<meta property=\"article:published_time\" content=\"2022-09-06T18:05:41+00:00\" \/>\n<meta property=\"article:modified_time\" content=\"2025-09-24T07:48:06+00:00\" \/>\n<meta property=\"og:image\" content=\"https:\/\/static.radiolifefm.com.br\/noticias\/wp-content\/uploads\/2022\/09\/cats-9.jpg\" \/>\n\t<meta property=\"og:image:width\" content=\"714\" \/>\n\t<meta property=\"og:image:height\" content=\"397\" \/>\n\t<meta property=\"og:image:type\" content=\"image\/jpeg\" \/>\n<meta name=\"author\" content=\"ritanery\" \/>\n<meta name=\"twitter:card\" content=\"summary_large_image\" \/>\n<meta name=\"twitter:label1\" content=\"Escrito por\" \/>\n\t<meta name=\"twitter:data1\" content=\"ritanery\" \/>\n\t<meta name=\"twitter:label2\" content=\"Est. tempo de leitura\" \/>\n\t<meta name=\"twitter:data2\" content=\"2 minutos\" \/>\n<script type=\"application\/ld+json\" class=\"yoast-schema-graph\">{\"@context\":\"https:\/\/schema.org\",\"@graph\":[{\"@type\":\"Article\",\"@id\":\"https:\/\/radiolifefm.com.br\/noticias\/prefeitura-de-adamantina-realiza-leilao-administrativo\/#article\",\"isPartOf\":{\"@id\":\"https:\/\/radiolifefm.com.br\/noticias\/prefeitura-de-adamantina-realiza-leilao-administrativo\/\"},\"author\":{\"name\":\"ritanery\",\"@id\":\"https:\/\/radiolifefm.com.br\/noticias\/#\/schema\/person\/6339b9fac59d12b071dec680d7375d87\"},\"headline\":\"Prefeitura de Adamantina realiza leil\u00e3o administrativo\",\"datePublished\":\"2022-09-06T18:05:41+00:00\",\"dateModified\":\"2025-09-24T07:48:06+00:00\",\"mainEntityOfPage\":{\"@id\":\"https:\/\/radiolifefm.com.br\/noticias\/prefeitura-de-adamantina-realiza-leilao-administrativo\/\"},\"wordCount\":337,\"publisher\":{\"@id\":\"https:\/\/radiolifefm.com.br\/noticias\/#organization\"},\"image\":{\"@id\":\"https:\/\/radiolifefm.com.br\/noticias\/prefeitura-de-adamantina-realiza-leilao-administrativo\/#primaryimage\"},\"thumbnailUrl\":\"https:\/\/radiolifefm.com.br\/noticias\/wp-content\/uploads\/2022\/09\/cats-9.jpg\",\"articleSection\":[\"Adamantina\"],\"inLanguage\":\"pt-BR\"},{\"@type\":\"WebPage\",\"@id\":\"https:\/\/radiolifefm.com.br\/noticias\/prefeitura-de-adamantina-realiza-leilao-administrativo\/\",\"url\":\"https:\/\/radiolifefm.com.br\/noticias\/prefeitura-de-adamantina-realiza-leilao-administrativo\/\",\"name\":\"Prefeitura de Adamantina realiza leil\u00e3o administrativo - R\u00e1dio Life FM\",\"isPartOf\":{\"@id\":\"https:\/\/radiolifefm.com.br\/noticias\/#website\"},\"primaryImageOfPage\":{\"@id\":\"https:\/\/radiolifefm.com.br\/noticias\/prefeitura-de-adamantina-realiza-leilao-administrativo\/#primaryimage\"},\"image\":{\"@id\":\"https:\/\/radiolifefm.com.br\/noticias\/prefeitura-de-adamantina-realiza-leilao-administrativo\/#primaryimage\"},\"thumbnailUrl\":\"https:\/\/radiolifefm.com.br\/noticias\/wp-content\/uploads\/2022\/09\/cats-9.jpg\",\"datePublished\":\"2022-09-06T18:05:41+00:00\",\"dateModified\":\"2025-09-24T07:48:06+00:00\",\"breadcrumb\":{\"@id\":\"https:\/\/radiolifefm.com.br\/noticias\/prefeitura-de-adamantina-realiza-leilao-administrativo\/#breadcrumb\"},\"inLanguage\":\"pt-BR\",\"potentialAction\":[{\"@type\":\"ReadAction\",\"target\":[\"https:\/\/radiolifefm.com.br\/noticias\/prefeitura-de-adamantina-realiza-leilao-administrativo\/\"]}]},{\"@type\":\"ImageObject\",\"inLanguage\":\"pt-BR\",\"@id\":\"https:\/\/radiolifefm.com.br\/noticias\/prefeitura-de-adamantina-realiza-leilao-administrativo\/#primaryimage\",\"url\":\"https:\/\/radiolifefm.com.br\/noticias\/wp-content\/uploads\/2022\/09\/cats-9.jpg\",\"contentUrl\":\"https:\/\/radiolifefm.com.br\/noticias\/wp-content\/uploads\/2022\/09\/cats-9.jpg\",\"width\":714,\"height\":397},{\"@type\":\"BreadcrumbList\",\"@id\":\"https:\/\/radiolifefm.com.br\/noticias\/prefeitura-de-adamantina-realiza-leilao-administrativo\/#breadcrumb\",\"itemListElement\":[{\"@type\":\"ListItem\",\"position\":1,\"name\":\"In\u00edcio\",\"item\":\"https:\/\/radiolifefm.com.br\/noticias\/\"},{\"@type\":\"ListItem\",\"position\":2,\"name\":\"Prefeitura de Adamantina realiza leil\u00e3o administrativo\"}]},{\"@type\":\"WebSite\",\"@id\":\"https:\/\/radiolifefm.com.br\/noticias\/#website\",\"url\":\"https:\/\/radiolifefm.com.br\/noticias\/\",\"name\":\"R\u00e1dio Life FM\",\"description\":\"O Portal de Not\u00edcias de Adamantina\",\"publisher\":{\"@id\":\"https:\/\/radiolifefm.com.br\/noticias\/#organization\"},\"alternateName\":\"Life FM\",\"potentialAction\":[{\"@type\":\"SearchAction\",\"target\":{\"@type\":\"EntryPoint\",\"urlTemplate\":\"https:\/\/radiolifefm.com.br\/noticias\/?s={search_term_string}\"},\"query-input\":{\"@type\":\"PropertyValueSpecification\",\"valueRequired\":true,\"valueName\":\"search_term_string\"}}],\"inLanguage\":\"pt-BR\"},{\"@type\":\"Organization\",\"@id\":\"https:\/\/radiolifefm.com.br\/noticias\/#organization\",\"name\":\"R\u00e1dio Life FM\",\"alternateName\":\"Life FM\",\"url\":\"https:\/\/radiolifefm.com.br\/noticias\/\",\"logo\":{\"@type\":\"ImageObject\",\"inLanguage\":\"pt-BR\",\"@id\":\"https:\/\/radiolifefm.com.br\/noticias\/#\/schema\/logo\/image\/\",\"url\":\"https:\/\/static.radiolifefm.com.br\/noticias\/wp-content\/uploads\/2019\/10\/logo-lifefm.png\",\"contentUrl\":\"https:\/\/static.radiolifefm.com.br\/noticias\/wp-content\/uploads\/2019\/10\/logo-lifefm.png\",\"width\":196,\"height\":47,\"caption\":\"R\u00e1dio Life FM\"},\"image\":{\"@id\":\"https:\/\/radiolifefm.com.br\/noticias\/#\/schema\/logo\/image\/\"},\"sameAs\":[\"https:\/\/www.facebook.com\/radiolifefm\/\",\"https:\/\/www.instagram.com\/life1079fm\/\"]},{\"@type\":\"Person\",\"@id\":\"https:\/\/radiolifefm.com.br\/noticias\/#\/schema\/person\/6339b9fac59d12b071dec680d7375d87\",\"name\":\"ritanery\",\"image\":{\"@type\":\"ImageObject\",\"inLanguage\":\"pt-BR\",\"@id\":\"https:\/\/secure.gravatar.com\/avatar\/0e37bb19071f47c0b8a23f62a903df117c5a0e75f65a0c2901562f97cd41cf86?s=96&d=mm&r=g\",\"url\":\"https:\/\/secure.gravatar.com\/avatar\/0e37bb19071f47c0b8a23f62a903df117c5a0e75f65a0c2901562f97cd41cf86?s=96&d=mm&r=g\",\"contentUrl\":\"https:\/\/secure.gravatar.com\/avatar\/0e37bb19071f47c0b8a23f62a903df117c5a0e75f65a0c2901562f97cd41cf86?s=96&d=mm&r=g\",\"caption\":\"ritanery\"}}]}<\/script>\n<!-- \/ Yoast SEO plugin. -->","yoast_head_json":{"title":"Prefeitura de Adamantina realiza leil\u00e3o administrativo - R\u00e1dio Life FM","robots":{"index":"index","follow":"follow","max-snippet":"max-snippet:-1","max-image-preview":"max-image-preview:large","max-video-preview":"max-video-preview:-1"},"canonical":"https:\/\/radiolifefm.com.br\/noticias\/prefeitura-de-adamantina-realiza-leilao-administrativo\/","og_locale":"pt_BR","og_type":"article","og_title":"Prefeitura de Adamantina realiza leil\u00e3o administrativo - R\u00e1dio Life FM","og_description":"A Prefeitura de Adamantina realizar\u00e1\u00a0licita\u00e7\u00e3o na modalidade leil\u00e3o, do tipo maior lance por item, relativa a aliena\u00e7\u00e3o de bens m\u00f3veis (sucata\/ve\u00edculos e m\u00e1quinas) pertencentes a frota do munic\u00edpio. A sess\u00e3o de processamento do Leil\u00e3o ser\u00e1 realizada no dia 14 de setembro de 2022, a partir das 08h30, na sala de reuni\u00f5es do departamento de licita\u00e7\u00e3o [&hellip;]","og_url":"https:\/\/radiolifefm.com.br\/noticias\/prefeitura-de-adamantina-realiza-leilao-administrativo\/","og_site_name":"R\u00e1dio Life FM","article_publisher":"https:\/\/www.facebook.com\/radiolifefm\/","article_published_time":"2022-09-06T18:05:41+00:00","article_modified_time":"2025-09-24T07:48:06+00:00","og_image":[{"width":714,"height":397,"url":"https:\/\/static.radiolifefm.com.br\/noticias\/wp-content\/uploads\/2022\/09\/cats-9.jpg","type":"image\/jpeg"}],"author":"ritanery","twitter_card":"summary_large_image","twitter_misc":{"Escrito por":"ritanery","Est. tempo de leitura":"2 minutos"},"schema":{"@context":"https:\/\/schema.org","@graph":[{"@type":"Article","@id":"https:\/\/radiolifefm.com.br\/noticias\/prefeitura-de-adamantina-realiza-leilao-administrativo\/#article","isPartOf":{"@id":"https:\/\/radiolifefm.com.br\/noticias\/prefeitura-de-adamantina-realiza-leilao-administrativo\/"},"author":{"name":"ritanery","@id":"https:\/\/radiolifefm.com.br\/noticias\/#\/schema\/person\/6339b9fac59d12b071dec680d7375d87"},"headline":"Prefeitura de Adamantina realiza leil\u00e3o administrativo","datePublished":"2022-09-06T18:05:41+00:00","dateModified":"2025-09-24T07:48:06+00:00","mainEntityOfPage":{"@id":"https:\/\/radiolifefm.com.br\/noticias\/prefeitura-de-adamantina-realiza-leilao-administrativo\/"},"wordCount":337,"publisher":{"@id":"https:\/\/radiolifefm.com.br\/noticias\/#organization"},"image":{"@id":"https:\/\/radiolifefm.com.br\/noticias\/prefeitura-de-adamantina-realiza-leilao-administrativo\/#primaryimage"},"thumbnailUrl":"https:\/\/radiolifefm.com.br\/noticias\/wp-content\/uploads\/2022\/09\/cats-9.jpg","articleSection":["Adamantina"],"inLanguage":"pt-BR"},{"@type":"WebPage","@id":"https:\/\/radiolifefm.com.br\/noticias\/prefeitura-de-adamantina-realiza-leilao-administrativo\/","url":"https:\/\/radiolifefm.com.br\/noticias\/prefeitura-de-adamantina-realiza-leilao-administrativo\/","name":"Prefeitura de Adamantina realiza leil\u00e3o administrativo - R\u00e1dio Life FM","isPartOf":{"@id":"https:\/\/radiolifefm.com.br\/noticias\/#website"},"primaryImageOfPage":{"@id":"https:\/\/radiolifefm.com.br\/noticias\/prefeitura-de-adamantina-realiza-leilao-administrativo\/#primaryimage"},"image":{"@id":"https:\/\/radiolifefm.com.br\/noticias\/prefeitura-de-adamantina-realiza-leilao-administrativo\/#primaryimage"},"thumbnailUrl":"https:\/\/radiolifefm.com.br\/noticias\/wp-content\/uploads\/2022\/09\/cats-9.jpg","datePublished":"2022-09-06T18:05:41+00:00","dateModified":"2025-09-24T07:48:06+00:00","breadcrumb":{"@id":"https:\/\/radiolifefm.com.br\/noticias\/prefeitura-de-adamantina-realiza-leilao-administrativo\/#breadcrumb"},"inLanguage":"pt-BR","potentialAction":[{"@type":"ReadAction","target":["https:\/\/radiolifefm.com.br\/noticias\/prefeitura-de-adamantina-realiza-leilao-administrativo\/"]}]},{"@type":"ImageObject","inLanguage":"pt-BR","@id":"https:\/\/radiolifefm.com.br\/noticias\/prefeitura-de-adamantina-realiza-leilao-administrativo\/#primaryimage","url":"https:\/\/radiolifefm.com.br\/noticias\/wp-content\/uploads\/2022\/09\/cats-9.jpg","contentUrl":"https:\/\/radiolifefm.com.br\/noticias\/wp-content\/uploads\/2022\/09\/cats-9.jpg","width":714,"height":397},{"@type":"BreadcrumbList","@id":"https:\/\/radiolifefm.com.br\/noticias\/prefeitura-de-adamantina-realiza-leilao-administrativo\/#breadcrumb","itemListElement":[{"@type":"ListItem","position":1,"name":"In\u00edcio","item":"https:\/\/radiolifefm.com.br\/noticias\/"},{"@type":"ListItem","position":2,"name":"Prefeitura de Adamantina realiza leil\u00e3o administrativo"}]},{"@type":"WebSite","@id":"https:\/\/radiolifefm.com.br\/noticias\/#website","url":"https:\/\/radiolifefm.com.br\/noticias\/","name":"R\u00e1dio Life FM","description":"O Portal de Not\u00edcias de Adamantina","publisher":{"@id":"https:\/\/radiolifefm.com.br\/noticias\/#organization"},"alternateName":"Life FM","potentialAction":[{"@type":"SearchAction","target":{"@type":"EntryPoint","urlTemplate":"https:\/\/radiolifefm.com.br\/noticias\/?s={search_term_string}"},"query-input":{"@type":"PropertyValueSpecification","valueRequired":true,"valueName":"search_term_string"}}],"inLanguage":"pt-BR"},{"@type":"Organization","@id":"https:\/\/radiolifefm.com.br\/noticias\/#organization","name":"R\u00e1dio Life FM","alternateName":"Life FM","url":"https:\/\/radiolifefm.com.br\/noticias\/","logo":{"@type":"ImageObject","inLanguage":"pt-BR","@id":"https:\/\/radiolifefm.com.br\/noticias\/#\/schema\/logo\/image\/","url":"https:\/\/static.radiolifefm.com.br\/noticias\/wp-content\/uploads\/2019\/10\/logo-lifefm.png","contentUrl":"https:\/\/static.radiolifefm.com.br\/noticias\/wp-content\/uploads\/2019\/10\/logo-lifefm.png","width":196,"height":47,"caption":"R\u00e1dio Life FM"},"image":{"@id":"https:\/\/radiolifefm.com.br\/noticias\/#\/schema\/logo\/image\/"},"sameAs":["https:\/\/www.facebook.com\/radiolifefm\/","https:\/\/www.instagram.com\/life1079fm\/"]},{"@type":"Person","@id":"https:\/\/radiolifefm.com.br\/noticias\/#\/schema\/person\/6339b9fac59d12b071dec680d7375d87","name":"ritanery","image":{"@type":"ImageObject","inLanguage":"pt-BR","@id":"https:\/\/secure.gravatar.com\/avatar\/0e37bb19071f47c0b8a23f62a903df117c5a0e75f65a0c2901562f97cd41cf86?s=96&d=mm&r=g","url":"https:\/\/secure.gravatar.com\/avatar\/0e37bb19071f47c0b8a23f62a903df117c5a0e75f65a0c2901562f97cd41cf86?s=96&d=mm&r=g","contentUrl":"https:\/\/secure.gravatar.com\/avatar\/0e37bb19071f47c0b8a23f62a903df117c5a0e75f65a0c2901562f97cd41cf86?s=96&d=mm&r=g","caption":"ritanery"}}]}},"amp_enabled":true,"_links":{"self":[{"href":"https:\/\/radiolifefm.com.br\/noticias\/wp-json\/wp\/v2\/posts\/57785","targetHints":{"allow":["GET"]}}],"collection":[{"href":"https:\/\/radiolifefm.com.br\/noticias\/wp-json\/wp\/v2\/posts"}],"about":[{"href":"https:\/\/radiolifefm.com.br\/noticias\/wp-json\/wp\/v2\/types\/post"}],"author":[{"embeddable":true,"href":"https:\/\/radiolifefm.com.br\/noticias\/wp-json\/wp\/v2\/users\/13"}],"replies":[{"embeddable":true,"href":"https:\/\/radiolifefm.com.br\/noticias\/wp-json\/wp\/v2\/comments?post=57785"}],"version-history":[{"count":4,"href":"https:\/\/radiolifefm.com.br\/noticias\/wp-json\/wp\/v2\/posts\/57785\/revisions"}],"predecessor-version":[{"id":57790,"href":"https:\/\/radiolifefm.com.br\/noticias\/wp-json\/wp\/v2\/posts\/57785\/revisions\/57790"}],"wp:featuredmedia":[{"embeddable":true,"href":"https:\/\/radiolifefm.com.br\/noticias\/wp-json\/wp\/v2\/media\/57786"}],"wp:attachment":[{"href":"https:\/\/radiolifefm.com.br\/noticias\/wp-json\/wp\/v2\/media?parent=57785"}],"wp:term":[{"taxonomy":"category","embeddable":true,"href":"https:\/\/radiolifefm.com.br\/noticias\/wp-json\/wp\/v2\/categories?post=57785"},{"taxonomy":"post_tag","embeddable":true,"href":"https:\/\/radiolifefm.com.br\/noticias\/wp-json\/wp\/v2\/tags?post=57785"}],"curies":[{"name":"wp","href":"https:\/\/api.w.org\/{rel}","templated":true}]}}