{"id":57773,"date":"2022-09-06T14:42:28","date_gmt":"2022-09-06T17:42:28","guid":{"rendered":"https:\/\/radiolifefm.com.br\/noticias\/?p=57773"},"modified":"2026-03-14T11:41:26","modified_gmt":"2026-03-14T14:41:26","slug":"com-sucesso-nas-vendas-expositores-confirmam-participacao-na-edicao-de-2023-da-expoverde","status":"publish","type":"post","link":"https:\/\/radiolifefm.com.br\/noticias\/com-sucesso-nas-vendas-expositores-confirmam-participacao-na-edicao-de-2023-da-expoverde\/","title":{"rendered":"Com sucesso nas vendas, expositores confirmam participa\u00e7\u00e3o na edi\u00e7\u00e3o de 2023 da ExpoVerde"},"content":{"rendered":"<div id=\"fb-root\"><\/div>\n<p style=\"font-weight: 400\">Depois de dois anos sem a realiza\u00e7\u00e3o da ExpoVerde, com a retomada dos eventos na cidade e como forma de incentivar os expositores a participarem da festa trazendo flores e plantas, a Comiss\u00e3o Organizadora da ExpoVerde 2022 optou por disponibilizar para loca\u00e7\u00e3o os 52 m\u00f3dulos de 06 metros cada com quatro prateleiras, de forma gratuita como forma de estimular os expositores e fomentar ainda mais seus neg\u00f3cios.<\/p>\n<p>Essa a\u00e7\u00e3o fez com que em menos de 48 horas todos os espa\u00e7os estivessem locados. Pela primeira vez na feira, Juarez Dolabella, trouxe para comercializa\u00e7\u00e3o frutas ex\u00f3ticas. Ele veio da cidade de Americana.<\/p>\n<p>\u201cN\u00f3s vendemos bem. Eu n\u00e3o conhecia a log\u00edstica, mas se Deus quiser, ano que vem estaremos de volta e a tend\u00eancia \u00e9 melhorar trazendo mais op\u00e7\u00f5es\u201d, afirma.<\/p>\n<p>Tiago Rodrigues da Silva, da empresa Flora Rodrigues de Hercul\u00e2ndia, tamb\u00e9m participou da ExpoVerde pela primeira vez. \u201cA festa \u00e9 grandiosa e linda. Com certeza, vamos voltar para a 31\u00aa edi\u00e7\u00e3o\u201d, assegurou.<\/p>\n<p>O Orquid\u00e1rio Sabatine da cidade de Tup\u00e3 tamb\u00e9m esteve presente pela primeira vez. O propriet\u00e1rio Marcelo Sabatine, disse que se ele tiver a oportunidade, tamb\u00e9m pretende voltar para a edi\u00e7\u00e3o do pr\u00f3ximo ano. \u201cCome\u00e7amos agora com a empresa e essa \u00e9 a segunda feira que participamos. Queremos voltar!\u201d, diz.<\/p>\n<p>Vin\u00edcius Garcia, do Portal das Mudas de Adamantina, esteve presente na festa em 2019 e agora na 30\u00aa edi\u00e7\u00e3o. \u201cN\u00e3o temos do que reclamar, tudo muito bom. Queremos participar tamb\u00e9m o ano que vem\u201d, garantiu.<\/p>\n<p>O presidente da festa, Gustavo Taniguchi Rufino, agradece a participa\u00e7\u00e3o de todos os expositores. \u201cA exposi\u00e7\u00e3o foi linda. S\u00f3 podemos parabenizar a todos\u201d, finaliza.<\/p>\n<p>&nbsp;<\/p>\n<p>Fonte: Assessoria de Imprensa<\/p>\n","protected":false},"excerpt":{"rendered":"<p>Depois de dois anos sem a realiza\u00e7\u00e3o da ExpoVerde, com a retomada dos eventos na cidade e como forma de incentivar os expositores a participarem da festa trazendo flores e plantas, a Comiss\u00e3o Organizadora da ExpoVerde 2022 optou por disponibilizar para loca\u00e7\u00e3o os 52 m\u00f3dulos de 06 metros cada com quatro prateleiras, de forma gratuita [&hellip;]<\/p>\n","protected":false},"author":13,"featured_media":57774,"comment_status":"closed","ping_status":"open","sticky":false,"template":"","format":"standard","meta":{"_acf_changed":false,"_exactmetrics_skip_tracking":false,"_exactmetrics_sitenote_active":false,"_exactmetrics_sitenote_note":"","_exactmetrics_sitenote_category":0,"footnotes":""},"categories":[21],"tags":[],"class_list":["post-57773","post","type-post","status-publish","format-standard","has-post-thumbnail","hentry","category-adamantina"],"acf":[],"yoast_head":"<!-- This site is optimized with the Yoast SEO plugin v27.2 - https:\/\/yoast.com\/product\/yoast-seo-wordpress\/ -->\n<title>Com sucesso nas vendas, expositores confirmam participa\u00e7\u00e3o na edi\u00e7\u00e3o de 2023 da ExpoVerde - R\u00e1dio Life FM<\/title>\n<meta name=\"robots\" content=\"index, follow, max-snippet:-1, max-image-preview:large, max-video-preview:-1\" \/>\n<link rel=\"canonical\" href=\"https:\/\/radiolifefm.com.br\/noticias\/com-sucesso-nas-vendas-expositores-confirmam-participacao-na-edicao-de-2023-da-expoverde\/\" \/>\n<meta property=\"og:locale\" content=\"pt_BR\" \/>\n<meta property=\"og:type\" content=\"article\" \/>\n<meta property=\"og:title\" content=\"Com sucesso nas vendas, expositores confirmam participa\u00e7\u00e3o na edi\u00e7\u00e3o de 2023 da ExpoVerde - R\u00e1dio Life FM\" \/>\n<meta property=\"og:description\" content=\"Depois de dois anos sem a realiza\u00e7\u00e3o da ExpoVerde, com a retomada dos eventos na cidade e como forma de incentivar os expositores a participarem da festa trazendo flores e plantas, a Comiss\u00e3o Organizadora da ExpoVerde 2022 optou por disponibilizar para loca\u00e7\u00e3o os 52 m\u00f3dulos de 06 metros cada com quatro prateleiras, de forma gratuita [&hellip;]\" \/>\n<meta property=\"og:url\" content=\"https:\/\/radiolifefm.com.br\/noticias\/com-sucesso-nas-vendas-expositores-confirmam-participacao-na-edicao-de-2023-da-expoverde\/\" \/>\n<meta property=\"og:site_name\" content=\"R\u00e1dio Life FM\" \/>\n<meta property=\"article:publisher\" content=\"https:\/\/www.facebook.com\/radiolifefm\/\" \/>\n<meta property=\"article:published_time\" content=\"2022-09-06T17:42:28+00:00\" \/>\n<meta property=\"article:modified_time\" content=\"2026-03-14T14:41:26+00:00\" \/>\n<meta property=\"og:image\" content=\"https:\/\/radiolifefm.com.br\/noticias\/wp-content\/uploads\/2022\/09\/foto-2-scaled.jpg\" \/>\n\t<meta property=\"og:image:width\" content=\"2560\" \/>\n\t<meta property=\"og:image:height\" content=\"1711\" \/>\n\t<meta property=\"og:image:type\" content=\"image\/jpeg\" \/>\n<meta name=\"author\" content=\"ritanery\" \/>\n<meta name=\"twitter:card\" content=\"summary_large_image\" \/>\n<meta name=\"twitter:label1\" content=\"Escrito por\" \/>\n\t<meta name=\"twitter:data1\" content=\"ritanery\" \/>\n\t<meta name=\"twitter:label2\" content=\"Est. tempo de leitura\" \/>\n\t<meta name=\"twitter:data2\" content=\"1 minuto\" \/>\n<script type=\"application\/ld+json\" class=\"yoast-schema-graph\">{\"@context\":\"https:\/\/schema.org\",\"@graph\":[{\"@type\":\"Article\",\"@id\":\"https:\/\/radiolifefm.com.br\/noticias\/com-sucesso-nas-vendas-expositores-confirmam-participacao-na-edicao-de-2023-da-expoverde\/#article\",\"isPartOf\":{\"@id\":\"https:\/\/radiolifefm.com.br\/noticias\/com-sucesso-nas-vendas-expositores-confirmam-participacao-na-edicao-de-2023-da-expoverde\/\"},\"author\":{\"name\":\"ritanery\",\"@id\":\"https:\/\/radiolifefm.com.br\/noticias\/#\/schema\/person\/6339b9fac59d12b071dec680d7375d87\"},\"headline\":\"Com sucesso nas vendas, expositores confirmam participa\u00e7\u00e3o na edi\u00e7\u00e3o de 2023 da ExpoVerde\",\"datePublished\":\"2022-09-06T17:42:28+00:00\",\"dateModified\":\"2026-03-14T14:41:26+00:00\",\"mainEntityOfPage\":{\"@id\":\"https:\/\/radiolifefm.com.br\/noticias\/com-sucesso-nas-vendas-expositores-confirmam-participacao-na-edicao-de-2023-da-expoverde\/\"},\"wordCount\":306,\"publisher\":{\"@id\":\"https:\/\/radiolifefm.com.br\/noticias\/#organization\"},\"image\":{\"@id\":\"https:\/\/radiolifefm.com.br\/noticias\/com-sucesso-nas-vendas-expositores-confirmam-participacao-na-edicao-de-2023-da-expoverde\/#primaryimage\"},\"thumbnailUrl\":\"https:\/\/radiolifefm.com.br\/noticias\/wp-content\/uploads\/2022\/09\/foto-2-scaled.jpg\",\"articleSection\":[\"Adamantina\"],\"inLanguage\":\"pt-BR\"},{\"@type\":\"WebPage\",\"@id\":\"https:\/\/radiolifefm.com.br\/noticias\/com-sucesso-nas-vendas-expositores-confirmam-participacao-na-edicao-de-2023-da-expoverde\/\",\"url\":\"https:\/\/radiolifefm.com.br\/noticias\/com-sucesso-nas-vendas-expositores-confirmam-participacao-na-edicao-de-2023-da-expoverde\/\",\"name\":\"Com sucesso nas vendas, expositores confirmam participa\u00e7\u00e3o na edi\u00e7\u00e3o de 2023 da ExpoVerde - R\u00e1dio Life FM\",\"isPartOf\":{\"@id\":\"https:\/\/radiolifefm.com.br\/noticias\/#website\"},\"primaryImageOfPage\":{\"@id\":\"https:\/\/radiolifefm.com.br\/noticias\/com-sucesso-nas-vendas-expositores-confirmam-participacao-na-edicao-de-2023-da-expoverde\/#primaryimage\"},\"image\":{\"@id\":\"https:\/\/radiolifefm.com.br\/noticias\/com-sucesso-nas-vendas-expositores-confirmam-participacao-na-edicao-de-2023-da-expoverde\/#primaryimage\"},\"thumbnailUrl\":\"https:\/\/radiolifefm.com.br\/noticias\/wp-content\/uploads\/2022\/09\/foto-2-scaled.jpg\",\"datePublished\":\"2022-09-06T17:42:28+00:00\",\"dateModified\":\"2026-03-14T14:41:26+00:00\",\"breadcrumb\":{\"@id\":\"https:\/\/radiolifefm.com.br\/noticias\/com-sucesso-nas-vendas-expositores-confirmam-participacao-na-edicao-de-2023-da-expoverde\/#breadcrumb\"},\"inLanguage\":\"pt-BR\",\"potentialAction\":[{\"@type\":\"ReadAction\",\"target\":[\"https:\/\/radiolifefm.com.br\/noticias\/com-sucesso-nas-vendas-expositores-confirmam-participacao-na-edicao-de-2023-da-expoverde\/\"]}]},{\"@type\":\"ImageObject\",\"inLanguage\":\"pt-BR\",\"@id\":\"https:\/\/radiolifefm.com.br\/noticias\/com-sucesso-nas-vendas-expositores-confirmam-participacao-na-edicao-de-2023-da-expoverde\/#primaryimage\",\"url\":\"https:\/\/radiolifefm.com.br\/noticias\/wp-content\/uploads\/2022\/09\/foto-2-scaled.jpg\",\"contentUrl\":\"https:\/\/radiolifefm.com.br\/noticias\/wp-content\/uploads\/2022\/09\/foto-2-scaled.jpg\",\"width\":2560,\"height\":1711},{\"@type\":\"BreadcrumbList\",\"@id\":\"https:\/\/radiolifefm.com.br\/noticias\/com-sucesso-nas-vendas-expositores-confirmam-participacao-na-edicao-de-2023-da-expoverde\/#breadcrumb\",\"itemListElement\":[{\"@type\":\"ListItem\",\"position\":1,\"name\":\"In\u00edcio\",\"item\":\"https:\/\/radiolifefm.com.br\/noticias\/\"},{\"@type\":\"ListItem\",\"position\":2,\"name\":\"Com sucesso nas vendas, expositores confirmam participa\u00e7\u00e3o na edi\u00e7\u00e3o de 2023 da ExpoVerde\"}]},{\"@type\":\"WebSite\",\"@id\":\"https:\/\/radiolifefm.com.br\/noticias\/#website\",\"url\":\"https:\/\/radiolifefm.com.br\/noticias\/\",\"name\":\"R\u00e1dio Life FM\",\"description\":\"O Portal de Not\u00edcias de Adamantina\",\"publisher\":{\"@id\":\"https:\/\/radiolifefm.com.br\/noticias\/#organization\"},\"alternateName\":\"Life FM\",\"potentialAction\":[{\"@type\":\"SearchAction\",\"target\":{\"@type\":\"EntryPoint\",\"urlTemplate\":\"https:\/\/radiolifefm.com.br\/noticias\/?s={search_term_string}\"},\"query-input\":{\"@type\":\"PropertyValueSpecification\",\"valueRequired\":true,\"valueName\":\"search_term_string\"}}],\"inLanguage\":\"pt-BR\"},{\"@type\":\"Organization\",\"@id\":\"https:\/\/radiolifefm.com.br\/noticias\/#organization\",\"name\":\"R\u00e1dio Life FM\",\"alternateName\":\"Life FM\",\"url\":\"https:\/\/radiolifefm.com.br\/noticias\/\",\"logo\":{\"@type\":\"ImageObject\",\"inLanguage\":\"pt-BR\",\"@id\":\"https:\/\/radiolifefm.com.br\/noticias\/#\/schema\/logo\/image\/\",\"url\":\"https:\/\/static.radiolifefm.com.br\/noticias\/wp-content\/uploads\/2019\/10\/logo-lifefm.png\",\"contentUrl\":\"https:\/\/static.radiolifefm.com.br\/noticias\/wp-content\/uploads\/2019\/10\/logo-lifefm.png\",\"width\":196,\"height\":47,\"caption\":\"R\u00e1dio Life FM\"},\"image\":{\"@id\":\"https:\/\/radiolifefm.com.br\/noticias\/#\/schema\/logo\/image\/\"},\"sameAs\":[\"https:\/\/www.facebook.com\/radiolifefm\/\",\"https:\/\/www.instagram.com\/life1079fm\/\"]},{\"@type\":\"Person\",\"@id\":\"https:\/\/radiolifefm.com.br\/noticias\/#\/schema\/person\/6339b9fac59d12b071dec680d7375d87\",\"name\":\"ritanery\",\"image\":{\"@type\":\"ImageObject\",\"inLanguage\":\"pt-BR\",\"@id\":\"https:\/\/secure.gravatar.com\/avatar\/0e37bb19071f47c0b8a23f62a903df117c5a0e75f65a0c2901562f97cd41cf86?s=96&d=mm&r=g\",\"url\":\"https:\/\/secure.gravatar.com\/avatar\/0e37bb19071f47c0b8a23f62a903df117c5a0e75f65a0c2901562f97cd41cf86?s=96&d=mm&r=g\",\"contentUrl\":\"https:\/\/secure.gravatar.com\/avatar\/0e37bb19071f47c0b8a23f62a903df117c5a0e75f65a0c2901562f97cd41cf86?s=96&d=mm&r=g\",\"caption\":\"ritanery\"}}]}<\/script>\n<!-- \/ Yoast SEO plugin. -->","yoast_head_json":{"title":"Com sucesso nas vendas, expositores confirmam participa\u00e7\u00e3o na edi\u00e7\u00e3o de 2023 da ExpoVerde - R\u00e1dio Life FM","robots":{"index":"index","follow":"follow","max-snippet":"max-snippet:-1","max-image-preview":"max-image-preview:large","max-video-preview":"max-video-preview:-1"},"canonical":"https:\/\/radiolifefm.com.br\/noticias\/com-sucesso-nas-vendas-expositores-confirmam-participacao-na-edicao-de-2023-da-expoverde\/","og_locale":"pt_BR","og_type":"article","og_title":"Com sucesso nas vendas, expositores confirmam participa\u00e7\u00e3o na edi\u00e7\u00e3o de 2023 da ExpoVerde - R\u00e1dio Life FM","og_description":"Depois de dois anos sem a realiza\u00e7\u00e3o da ExpoVerde, com a retomada dos eventos na cidade e como forma de incentivar os expositores a participarem da festa trazendo flores e plantas, a Comiss\u00e3o Organizadora da ExpoVerde 2022 optou por disponibilizar para loca\u00e7\u00e3o os 52 m\u00f3dulos de 06 metros cada com quatro prateleiras, de forma gratuita [&hellip;]","og_url":"https:\/\/radiolifefm.com.br\/noticias\/com-sucesso-nas-vendas-expositores-confirmam-participacao-na-edicao-de-2023-da-expoverde\/","og_site_name":"R\u00e1dio Life FM","article_publisher":"https:\/\/www.facebook.com\/radiolifefm\/","article_published_time":"2022-09-06T17:42:28+00:00","article_modified_time":"2026-03-14T14:41:26+00:00","og_image":[{"width":2560,"height":1711,"url":"https:\/\/radiolifefm.com.br\/noticias\/wp-content\/uploads\/2022\/09\/foto-2-scaled.jpg","type":"image\/jpeg"}],"author":"ritanery","twitter_card":"summary_large_image","twitter_misc":{"Escrito por":"ritanery","Est. tempo de leitura":"1 minuto"},"schema":{"@context":"https:\/\/schema.org","@graph":[{"@type":"Article","@id":"https:\/\/radiolifefm.com.br\/noticias\/com-sucesso-nas-vendas-expositores-confirmam-participacao-na-edicao-de-2023-da-expoverde\/#article","isPartOf":{"@id":"https:\/\/radiolifefm.com.br\/noticias\/com-sucesso-nas-vendas-expositores-confirmam-participacao-na-edicao-de-2023-da-expoverde\/"},"author":{"name":"ritanery","@id":"https:\/\/radiolifefm.com.br\/noticias\/#\/schema\/person\/6339b9fac59d12b071dec680d7375d87"},"headline":"Com sucesso nas vendas, expositores confirmam participa\u00e7\u00e3o na edi\u00e7\u00e3o de 2023 da ExpoVerde","datePublished":"2022-09-06T17:42:28+00:00","dateModified":"2026-03-14T14:41:26+00:00","mainEntityOfPage":{"@id":"https:\/\/radiolifefm.com.br\/noticias\/com-sucesso-nas-vendas-expositores-confirmam-participacao-na-edicao-de-2023-da-expoverde\/"},"wordCount":306,"publisher":{"@id":"https:\/\/radiolifefm.com.br\/noticias\/#organization"},"image":{"@id":"https:\/\/radiolifefm.com.br\/noticias\/com-sucesso-nas-vendas-expositores-confirmam-participacao-na-edicao-de-2023-da-expoverde\/#primaryimage"},"thumbnailUrl":"https:\/\/radiolifefm.com.br\/noticias\/wp-content\/uploads\/2022\/09\/foto-2-scaled.jpg","articleSection":["Adamantina"],"inLanguage":"pt-BR"},{"@type":"WebPage","@id":"https:\/\/radiolifefm.com.br\/noticias\/com-sucesso-nas-vendas-expositores-confirmam-participacao-na-edicao-de-2023-da-expoverde\/","url":"https:\/\/radiolifefm.com.br\/noticias\/com-sucesso-nas-vendas-expositores-confirmam-participacao-na-edicao-de-2023-da-expoverde\/","name":"Com sucesso nas vendas, expositores confirmam participa\u00e7\u00e3o na edi\u00e7\u00e3o de 2023 da ExpoVerde - R\u00e1dio Life FM","isPartOf":{"@id":"https:\/\/radiolifefm.com.br\/noticias\/#website"},"primaryImageOfPage":{"@id":"https:\/\/radiolifefm.com.br\/noticias\/com-sucesso-nas-vendas-expositores-confirmam-participacao-na-edicao-de-2023-da-expoverde\/#primaryimage"},"image":{"@id":"https:\/\/radiolifefm.com.br\/noticias\/com-sucesso-nas-vendas-expositores-confirmam-participacao-na-edicao-de-2023-da-expoverde\/#primaryimage"},"thumbnailUrl":"https:\/\/radiolifefm.com.br\/noticias\/wp-content\/uploads\/2022\/09\/foto-2-scaled.jpg","datePublished":"2022-09-06T17:42:28+00:00","dateModified":"2026-03-14T14:41:26+00:00","breadcrumb":{"@id":"https:\/\/radiolifefm.com.br\/noticias\/com-sucesso-nas-vendas-expositores-confirmam-participacao-na-edicao-de-2023-da-expoverde\/#breadcrumb"},"inLanguage":"pt-BR","potentialAction":[{"@type":"ReadAction","target":["https:\/\/radiolifefm.com.br\/noticias\/com-sucesso-nas-vendas-expositores-confirmam-participacao-na-edicao-de-2023-da-expoverde\/"]}]},{"@type":"ImageObject","inLanguage":"pt-BR","@id":"https:\/\/radiolifefm.com.br\/noticias\/com-sucesso-nas-vendas-expositores-confirmam-participacao-na-edicao-de-2023-da-expoverde\/#primaryimage","url":"https:\/\/radiolifefm.com.br\/noticias\/wp-content\/uploads\/2022\/09\/foto-2-scaled.jpg","contentUrl":"https:\/\/radiolifefm.com.br\/noticias\/wp-content\/uploads\/2022\/09\/foto-2-scaled.jpg","width":2560,"height":1711},{"@type":"BreadcrumbList","@id":"https:\/\/radiolifefm.com.br\/noticias\/com-sucesso-nas-vendas-expositores-confirmam-participacao-na-edicao-de-2023-da-expoverde\/#breadcrumb","itemListElement":[{"@type":"ListItem","position":1,"name":"In\u00edcio","item":"https:\/\/radiolifefm.com.br\/noticias\/"},{"@type":"ListItem","position":2,"name":"Com sucesso nas vendas, expositores confirmam participa\u00e7\u00e3o na edi\u00e7\u00e3o de 2023 da ExpoVerde"}]},{"@type":"WebSite","@id":"https:\/\/radiolifefm.com.br\/noticias\/#website","url":"https:\/\/radiolifefm.com.br\/noticias\/","name":"R\u00e1dio Life FM","description":"O Portal de Not\u00edcias de Adamantina","publisher":{"@id":"https:\/\/radiolifefm.com.br\/noticias\/#organization"},"alternateName":"Life FM","potentialAction":[{"@type":"SearchAction","target":{"@type":"EntryPoint","urlTemplate":"https:\/\/radiolifefm.com.br\/noticias\/?s={search_term_string}"},"query-input":{"@type":"PropertyValueSpecification","valueRequired":true,"valueName":"search_term_string"}}],"inLanguage":"pt-BR"},{"@type":"Organization","@id":"https:\/\/radiolifefm.com.br\/noticias\/#organization","name":"R\u00e1dio Life FM","alternateName":"Life FM","url":"https:\/\/radiolifefm.com.br\/noticias\/","logo":{"@type":"ImageObject","inLanguage":"pt-BR","@id":"https:\/\/radiolifefm.com.br\/noticias\/#\/schema\/logo\/image\/","url":"https:\/\/static.radiolifefm.com.br\/noticias\/wp-content\/uploads\/2019\/10\/logo-lifefm.png","contentUrl":"https:\/\/static.radiolifefm.com.br\/noticias\/wp-content\/uploads\/2019\/10\/logo-lifefm.png","width":196,"height":47,"caption":"R\u00e1dio Life FM"},"image":{"@id":"https:\/\/radiolifefm.com.br\/noticias\/#\/schema\/logo\/image\/"},"sameAs":["https:\/\/www.facebook.com\/radiolifefm\/","https:\/\/www.instagram.com\/life1079fm\/"]},{"@type":"Person","@id":"https:\/\/radiolifefm.com.br\/noticias\/#\/schema\/person\/6339b9fac59d12b071dec680d7375d87","name":"ritanery","image":{"@type":"ImageObject","inLanguage":"pt-BR","@id":"https:\/\/secure.gravatar.com\/avatar\/0e37bb19071f47c0b8a23f62a903df117c5a0e75f65a0c2901562f97cd41cf86?s=96&d=mm&r=g","url":"https:\/\/secure.gravatar.com\/avatar\/0e37bb19071f47c0b8a23f62a903df117c5a0e75f65a0c2901562f97cd41cf86?s=96&d=mm&r=g","contentUrl":"https:\/\/secure.gravatar.com\/avatar\/0e37bb19071f47c0b8a23f62a903df117c5a0e75f65a0c2901562f97cd41cf86?s=96&d=mm&r=g","caption":"ritanery"}}]}},"amp_enabled":true,"_links":{"self":[{"href":"https:\/\/radiolifefm.com.br\/noticias\/wp-json\/wp\/v2\/posts\/57773","targetHints":{"allow":["GET"]}}],"collection":[{"href":"https:\/\/radiolifefm.com.br\/noticias\/wp-json\/wp\/v2\/posts"}],"about":[{"href":"https:\/\/radiolifefm.com.br\/noticias\/wp-json\/wp\/v2\/types\/post"}],"author":[{"embeddable":true,"href":"https:\/\/radiolifefm.com.br\/noticias\/wp-json\/wp\/v2\/users\/13"}],"replies":[{"embeddable":true,"href":"https:\/\/radiolifefm.com.br\/noticias\/wp-json\/wp\/v2\/comments?post=57773"}],"version-history":[{"count":4,"href":"https:\/\/radiolifefm.com.br\/noticias\/wp-json\/wp\/v2\/posts\/57773\/revisions"}],"predecessor-version":[{"id":57778,"href":"https:\/\/radiolifefm.com.br\/noticias\/wp-json\/wp\/v2\/posts\/57773\/revisions\/57778"}],"wp:featuredmedia":[{"embeddable":true,"href":"https:\/\/radiolifefm.com.br\/noticias\/wp-json\/wp\/v2\/media\/57774"}],"wp:attachment":[{"href":"https:\/\/radiolifefm.com.br\/noticias\/wp-json\/wp\/v2\/media?parent=57773"}],"wp:term":[{"taxonomy":"category","embeddable":true,"href":"https:\/\/radiolifefm.com.br\/noticias\/wp-json\/wp\/v2\/categories?post=57773"},{"taxonomy":"post_tag","embeddable":true,"href":"https:\/\/radiolifefm.com.br\/noticias\/wp-json\/wp\/v2\/tags?post=57773"}],"curies":[{"name":"wp","href":"https:\/\/api.w.org\/{rel}","templated":true}]}}