{"id":57746,"date":"2022-09-06T08:16:43","date_gmt":"2022-09-06T11:16:43","guid":{"rendered":"https:\/\/radiolifefm.com.br\/noticias\/?p=57746"},"modified":"2026-04-09T17:45:41","modified_gmt":"2026-04-09T20:45:41","slug":"30a-edicao-da-expoverde-chega-ao-fim-com-recorde-de-publico","status":"publish","type":"post","link":"https:\/\/radiolifefm.com.br\/noticias\/30a-edicao-da-expoverde-chega-ao-fim-com-recorde-de-publico\/","title":{"rendered":"30\u00aa edi\u00e7\u00e3o da ExpoVerde chega ao fim com recorde de p\u00fablico"},"content":{"rendered":"<div id=\"fb-root\"><\/div>\n<p style=\"font-weight: 400\">A 30\u00aa edi\u00e7\u00e3o da ExpoVerde chegou ao fim. No s\u00e1bado (3), mais uma vez com lota\u00e7\u00e3o m\u00e1xima, o show foi realizado pela cantora Lauana Prado. No domingo (4), show de encerramento com a apresenta\u00e7\u00e3o da Mariana, Dudinha e a Galinha Pintadinha trouxe as fam\u00edlias para aproveitarem a exposi\u00e7\u00e3o com uma programa\u00e7\u00e3o voltada para o p\u00fablico infantil.<\/p>\n<p style=\"font-weight: 400\">A festa come\u00e7ou na \u00faltima ter\u00e7a-feira (30) com show do Wesley Safad\u00e3o; na quarta-feira (31), subiu ao palco Ana Castela. Os port\u00f5es do poliesportivo precisaram ser fechados com lota\u00e7\u00e3o m\u00e1xima de p\u00fablico ainda durante a realiza\u00e7\u00e3o do rodeio e depois foram reabertos, levando o p\u00fablico a curtir o show.<\/p>\n<p style=\"font-weight: 400\">Na quinta-feira (1), Luan Pereira fez a sua apresenta\u00e7\u00e3o e na sexta-feira (2), o show foi realizado por Teodoro &amp; Sampaio. Neste dia, o p\u00fablico &#8220;raiz&#8221; da Expoverde pode aproveitar e curtir grandes momentos e m\u00fasicas que fizeram parte da hist\u00f3ria da festa.<\/p>\n<p style=\"font-weight: 400\">A edi\u00e7\u00e3o hist\u00f3rica ainda contou com uma homenagem aos idealizadores da festa. Antes da realiza\u00e7\u00e3o da primeira noite do rodeio, Jos\u00e9 Carlos Cavichioli e Jos\u00e9 Roberto Ferreira foram homenageados pelos excelentes servi\u00e7os prestados na realiza\u00e7\u00e3o das 30 edi\u00e7\u00f5es da festa. Foi um momento de grande emo\u00e7\u00e3o para os idealizadores.<\/p>\n<p>Na final do rodeio que aconteceu na noite de s\u00e1bado (3), o prefeito M\u00e1rcio Cardim anunciou que Gustavo Taniguchi Rufino ser\u00e1 o presidente da 31\u00aa edi\u00e7\u00e3o, que acontecer\u00e1 em setembro de 2023.<\/p>\n<p style=\"font-weight: 400\">\u201cTivemos uma festa linda, sem nenhum problema. Quando o Gustavo foi colocado no cargo de presidente, fiz um pedido para que ele se dedicasse e fizesse uma edi\u00e7\u00e3o hist\u00f3rica e assim foi. Parab\u00e9ns Gustavo e toda comiss\u00e3o organizadora pelo empenho\u201d, afirmou o prefeito M\u00e1rcio Cardim.<\/p>\n<p>Gustavo Taniguchi Rufino disse estar surpreso com a nova nomea\u00e7\u00e3o para o cargo.<\/p>\n<p>\u201cGostaria de agradecer mais uma vez a confian\u00e7a do prefeito e ressaltar o trabalho de toda a comiss\u00e3o, pois sem o comprometimento de cada funcion\u00e1rio da Prefeitura de Adamantina isso n\u00e3o seria poss\u00edvel\u201d, finalizou.<\/p>\n<p>&nbsp;<\/p>\n<p>Fonte: Assessoria de Imprensa<\/p>\n<p>Cr\u00e9dito da foto: Florada Po\u00e7os Artesianos<\/p>\n","protected":false},"excerpt":{"rendered":"<p>A 30\u00aa edi\u00e7\u00e3o da ExpoVerde chegou ao fim. No s\u00e1bado (3), mais uma vez com lota\u00e7\u00e3o m\u00e1xima, o show foi realizado pela cantora Lauana Prado. No domingo (4), show de encerramento com a apresenta\u00e7\u00e3o da Mariana, Dudinha e a Galinha Pintadinha trouxe as fam\u00edlias para aproveitarem a exposi\u00e7\u00e3o com uma programa\u00e7\u00e3o voltada para o p\u00fablico [&hellip;]<\/p>\n","protected":false},"author":13,"featured_media":57747,"comment_status":"closed","ping_status":"open","sticky":false,"template":"","format":"standard","meta":{"_acf_changed":false,"_exactmetrics_skip_tracking":false,"_exactmetrics_sitenote_active":false,"_exactmetrics_sitenote_note":"","_exactmetrics_sitenote_category":0,"footnotes":""},"categories":[21],"tags":[],"class_list":["post-57746","post","type-post","status-publish","format-standard","has-post-thumbnail","hentry","category-adamantina"],"acf":[],"yoast_head":"<!-- This site is optimized with the Yoast SEO plugin v27.2 - https:\/\/yoast.com\/product\/yoast-seo-wordpress\/ -->\n<title>30\u00aa edi\u00e7\u00e3o da ExpoVerde chega ao fim com recorde de p\u00fablico - R\u00e1dio Life FM<\/title>\n<meta name=\"robots\" content=\"index, follow, max-snippet:-1, max-image-preview:large, max-video-preview:-1\" \/>\n<link rel=\"canonical\" href=\"https:\/\/radiolifefm.com.br\/noticias\/30a-edicao-da-expoverde-chega-ao-fim-com-recorde-de-publico\/\" \/>\n<meta property=\"og:locale\" content=\"pt_BR\" \/>\n<meta property=\"og:type\" content=\"article\" \/>\n<meta property=\"og:title\" content=\"30\u00aa edi\u00e7\u00e3o da ExpoVerde chega ao fim com recorde de p\u00fablico - R\u00e1dio Life FM\" \/>\n<meta property=\"og:description\" content=\"A 30\u00aa edi\u00e7\u00e3o da ExpoVerde chegou ao fim. No s\u00e1bado (3), mais uma vez com lota\u00e7\u00e3o m\u00e1xima, o show foi realizado pela cantora Lauana Prado. No domingo (4), show de encerramento com a apresenta\u00e7\u00e3o da Mariana, Dudinha e a Galinha Pintadinha trouxe as fam\u00edlias para aproveitarem a exposi\u00e7\u00e3o com uma programa\u00e7\u00e3o voltada para o p\u00fablico [&hellip;]\" \/>\n<meta property=\"og:url\" content=\"https:\/\/radiolifefm.com.br\/noticias\/30a-edicao-da-expoverde-chega-ao-fim-com-recorde-de-publico\/\" \/>\n<meta property=\"og:site_name\" content=\"R\u00e1dio Life FM\" \/>\n<meta property=\"article:publisher\" content=\"https:\/\/www.facebook.com\/radiolifefm\/\" \/>\n<meta property=\"article:published_time\" content=\"2022-09-06T11:16:43+00:00\" \/>\n<meta property=\"article:modified_time\" content=\"2026-04-09T20:45:41+00:00\" \/>\n<meta property=\"og:image\" content=\"https:\/\/radiolifefm.com.br\/noticias\/wp-content\/uploads\/2022\/09\/foto.jpeg\" \/>\n\t<meta property=\"og:image:width\" content=\"1600\" \/>\n\t<meta property=\"og:image:height\" content=\"1200\" \/>\n\t<meta property=\"og:image:type\" content=\"image\/jpeg\" \/>\n<meta name=\"author\" content=\"ritanery\" \/>\n<meta name=\"twitter:card\" content=\"summary_large_image\" \/>\n<meta name=\"twitter:label1\" content=\"Escrito por\" \/>\n\t<meta name=\"twitter:data1\" content=\"ritanery\" \/>\n\t<meta name=\"twitter:label2\" content=\"Est. tempo de leitura\" \/>\n\t<meta name=\"twitter:data2\" content=\"2 minutos\" \/>\n<script type=\"application\/ld+json\" class=\"yoast-schema-graph\">{\"@context\":\"https:\/\/schema.org\",\"@graph\":[{\"@type\":\"Article\",\"@id\":\"https:\/\/radiolifefm.com.br\/noticias\/30a-edicao-da-expoverde-chega-ao-fim-com-recorde-de-publico\/#article\",\"isPartOf\":{\"@id\":\"https:\/\/radiolifefm.com.br\/noticias\/30a-edicao-da-expoverde-chega-ao-fim-com-recorde-de-publico\/\"},\"author\":{\"name\":\"ritanery\",\"@id\":\"https:\/\/radiolifefm.com.br\/noticias\/#\/schema\/person\/6339b9fac59d12b071dec680d7375d87\"},\"headline\":\"30\u00aa edi\u00e7\u00e3o da ExpoVerde chega ao fim com recorde de p\u00fablico\",\"datePublished\":\"2022-09-06T11:16:43+00:00\",\"dateModified\":\"2026-04-09T20:45:41+00:00\",\"mainEntityOfPage\":{\"@id\":\"https:\/\/radiolifefm.com.br\/noticias\/30a-edicao-da-expoverde-chega-ao-fim-com-recorde-de-publico\/\"},\"wordCount\":378,\"publisher\":{\"@id\":\"https:\/\/radiolifefm.com.br\/noticias\/#organization\"},\"image\":{\"@id\":\"https:\/\/radiolifefm.com.br\/noticias\/30a-edicao-da-expoverde-chega-ao-fim-com-recorde-de-publico\/#primaryimage\"},\"thumbnailUrl\":\"https:\/\/radiolifefm.com.br\/noticias\/wp-content\/uploads\/2022\/09\/foto.jpeg\",\"articleSection\":[\"Adamantina\"],\"inLanguage\":\"pt-BR\"},{\"@type\":\"WebPage\",\"@id\":\"https:\/\/radiolifefm.com.br\/noticias\/30a-edicao-da-expoverde-chega-ao-fim-com-recorde-de-publico\/\",\"url\":\"https:\/\/radiolifefm.com.br\/noticias\/30a-edicao-da-expoverde-chega-ao-fim-com-recorde-de-publico\/\",\"name\":\"30\u00aa edi\u00e7\u00e3o da ExpoVerde chega ao fim com recorde de p\u00fablico - R\u00e1dio Life FM\",\"isPartOf\":{\"@id\":\"https:\/\/radiolifefm.com.br\/noticias\/#website\"},\"primaryImageOfPage\":{\"@id\":\"https:\/\/radiolifefm.com.br\/noticias\/30a-edicao-da-expoverde-chega-ao-fim-com-recorde-de-publico\/#primaryimage\"},\"image\":{\"@id\":\"https:\/\/radiolifefm.com.br\/noticias\/30a-edicao-da-expoverde-chega-ao-fim-com-recorde-de-publico\/#primaryimage\"},\"thumbnailUrl\":\"https:\/\/radiolifefm.com.br\/noticias\/wp-content\/uploads\/2022\/09\/foto.jpeg\",\"datePublished\":\"2022-09-06T11:16:43+00:00\",\"dateModified\":\"2026-04-09T20:45:41+00:00\",\"breadcrumb\":{\"@id\":\"https:\/\/radiolifefm.com.br\/noticias\/30a-edicao-da-expoverde-chega-ao-fim-com-recorde-de-publico\/#breadcrumb\"},\"inLanguage\":\"pt-BR\",\"potentialAction\":[{\"@type\":\"ReadAction\",\"target\":[\"https:\/\/radiolifefm.com.br\/noticias\/30a-edicao-da-expoverde-chega-ao-fim-com-recorde-de-publico\/\"]}]},{\"@type\":\"ImageObject\",\"inLanguage\":\"pt-BR\",\"@id\":\"https:\/\/radiolifefm.com.br\/noticias\/30a-edicao-da-expoverde-chega-ao-fim-com-recorde-de-publico\/#primaryimage\",\"url\":\"https:\/\/radiolifefm.com.br\/noticias\/wp-content\/uploads\/2022\/09\/foto.jpeg\",\"contentUrl\":\"https:\/\/radiolifefm.com.br\/noticias\/wp-content\/uploads\/2022\/09\/foto.jpeg\",\"width\":1600,\"height\":1200},{\"@type\":\"BreadcrumbList\",\"@id\":\"https:\/\/radiolifefm.com.br\/noticias\/30a-edicao-da-expoverde-chega-ao-fim-com-recorde-de-publico\/#breadcrumb\",\"itemListElement\":[{\"@type\":\"ListItem\",\"position\":1,\"name\":\"In\u00edcio\",\"item\":\"https:\/\/radiolifefm.com.br\/noticias\/\"},{\"@type\":\"ListItem\",\"position\":2,\"name\":\"30\u00aa edi\u00e7\u00e3o da ExpoVerde chega ao fim com recorde de p\u00fablico\"}]},{\"@type\":\"WebSite\",\"@id\":\"https:\/\/radiolifefm.com.br\/noticias\/#website\",\"url\":\"https:\/\/radiolifefm.com.br\/noticias\/\",\"name\":\"R\u00e1dio Life FM\",\"description\":\"O Portal de Not\u00edcias de Adamantina\",\"publisher\":{\"@id\":\"https:\/\/radiolifefm.com.br\/noticias\/#organization\"},\"alternateName\":\"Life FM\",\"potentialAction\":[{\"@type\":\"SearchAction\",\"target\":{\"@type\":\"EntryPoint\",\"urlTemplate\":\"https:\/\/radiolifefm.com.br\/noticias\/?s={search_term_string}\"},\"query-input\":{\"@type\":\"PropertyValueSpecification\",\"valueRequired\":true,\"valueName\":\"search_term_string\"}}],\"inLanguage\":\"pt-BR\"},{\"@type\":\"Organization\",\"@id\":\"https:\/\/radiolifefm.com.br\/noticias\/#organization\",\"name\":\"R\u00e1dio Life FM\",\"alternateName\":\"Life FM\",\"url\":\"https:\/\/radiolifefm.com.br\/noticias\/\",\"logo\":{\"@type\":\"ImageObject\",\"inLanguage\":\"pt-BR\",\"@id\":\"https:\/\/radiolifefm.com.br\/noticias\/#\/schema\/logo\/image\/\",\"url\":\"https:\/\/static.radiolifefm.com.br\/noticias\/wp-content\/uploads\/2019\/10\/logo-lifefm.png\",\"contentUrl\":\"https:\/\/static.radiolifefm.com.br\/noticias\/wp-content\/uploads\/2019\/10\/logo-lifefm.png\",\"width\":196,\"height\":47,\"caption\":\"R\u00e1dio Life FM\"},\"image\":{\"@id\":\"https:\/\/radiolifefm.com.br\/noticias\/#\/schema\/logo\/image\/\"},\"sameAs\":[\"https:\/\/www.facebook.com\/radiolifefm\/\",\"https:\/\/www.instagram.com\/life1079fm\/\"]},{\"@type\":\"Person\",\"@id\":\"https:\/\/radiolifefm.com.br\/noticias\/#\/schema\/person\/6339b9fac59d12b071dec680d7375d87\",\"name\":\"ritanery\",\"image\":{\"@type\":\"ImageObject\",\"inLanguage\":\"pt-BR\",\"@id\":\"https:\/\/secure.gravatar.com\/avatar\/0e37bb19071f47c0b8a23f62a903df117c5a0e75f65a0c2901562f97cd41cf86?s=96&d=mm&r=g\",\"url\":\"https:\/\/secure.gravatar.com\/avatar\/0e37bb19071f47c0b8a23f62a903df117c5a0e75f65a0c2901562f97cd41cf86?s=96&d=mm&r=g\",\"contentUrl\":\"https:\/\/secure.gravatar.com\/avatar\/0e37bb19071f47c0b8a23f62a903df117c5a0e75f65a0c2901562f97cd41cf86?s=96&d=mm&r=g\",\"caption\":\"ritanery\"}}]}<\/script>\n<!-- \/ Yoast SEO plugin. -->","yoast_head_json":{"title":"30\u00aa edi\u00e7\u00e3o da ExpoVerde chega ao fim com recorde de p\u00fablico - R\u00e1dio Life FM","robots":{"index":"index","follow":"follow","max-snippet":"max-snippet:-1","max-image-preview":"max-image-preview:large","max-video-preview":"max-video-preview:-1"},"canonical":"https:\/\/radiolifefm.com.br\/noticias\/30a-edicao-da-expoverde-chega-ao-fim-com-recorde-de-publico\/","og_locale":"pt_BR","og_type":"article","og_title":"30\u00aa edi\u00e7\u00e3o da ExpoVerde chega ao fim com recorde de p\u00fablico - R\u00e1dio Life FM","og_description":"A 30\u00aa edi\u00e7\u00e3o da ExpoVerde chegou ao fim. No s\u00e1bado (3), mais uma vez com lota\u00e7\u00e3o m\u00e1xima, o show foi realizado pela cantora Lauana Prado. No domingo (4), show de encerramento com a apresenta\u00e7\u00e3o da Mariana, Dudinha e a Galinha Pintadinha trouxe as fam\u00edlias para aproveitarem a exposi\u00e7\u00e3o com uma programa\u00e7\u00e3o voltada para o p\u00fablico [&hellip;]","og_url":"https:\/\/radiolifefm.com.br\/noticias\/30a-edicao-da-expoverde-chega-ao-fim-com-recorde-de-publico\/","og_site_name":"R\u00e1dio Life FM","article_publisher":"https:\/\/www.facebook.com\/radiolifefm\/","article_published_time":"2022-09-06T11:16:43+00:00","article_modified_time":"2026-04-09T20:45:41+00:00","og_image":[{"width":1600,"height":1200,"url":"https:\/\/radiolifefm.com.br\/noticias\/wp-content\/uploads\/2022\/09\/foto.jpeg","type":"image\/jpeg"}],"author":"ritanery","twitter_card":"summary_large_image","twitter_misc":{"Escrito por":"ritanery","Est. tempo de leitura":"2 minutos"},"schema":{"@context":"https:\/\/schema.org","@graph":[{"@type":"Article","@id":"https:\/\/radiolifefm.com.br\/noticias\/30a-edicao-da-expoverde-chega-ao-fim-com-recorde-de-publico\/#article","isPartOf":{"@id":"https:\/\/radiolifefm.com.br\/noticias\/30a-edicao-da-expoverde-chega-ao-fim-com-recorde-de-publico\/"},"author":{"name":"ritanery","@id":"https:\/\/radiolifefm.com.br\/noticias\/#\/schema\/person\/6339b9fac59d12b071dec680d7375d87"},"headline":"30\u00aa edi\u00e7\u00e3o da ExpoVerde chega ao fim com recorde de p\u00fablico","datePublished":"2022-09-06T11:16:43+00:00","dateModified":"2026-04-09T20:45:41+00:00","mainEntityOfPage":{"@id":"https:\/\/radiolifefm.com.br\/noticias\/30a-edicao-da-expoverde-chega-ao-fim-com-recorde-de-publico\/"},"wordCount":378,"publisher":{"@id":"https:\/\/radiolifefm.com.br\/noticias\/#organization"},"image":{"@id":"https:\/\/radiolifefm.com.br\/noticias\/30a-edicao-da-expoverde-chega-ao-fim-com-recorde-de-publico\/#primaryimage"},"thumbnailUrl":"https:\/\/radiolifefm.com.br\/noticias\/wp-content\/uploads\/2022\/09\/foto.jpeg","articleSection":["Adamantina"],"inLanguage":"pt-BR"},{"@type":"WebPage","@id":"https:\/\/radiolifefm.com.br\/noticias\/30a-edicao-da-expoverde-chega-ao-fim-com-recorde-de-publico\/","url":"https:\/\/radiolifefm.com.br\/noticias\/30a-edicao-da-expoverde-chega-ao-fim-com-recorde-de-publico\/","name":"30\u00aa edi\u00e7\u00e3o da ExpoVerde chega ao fim com recorde de p\u00fablico - R\u00e1dio Life FM","isPartOf":{"@id":"https:\/\/radiolifefm.com.br\/noticias\/#website"},"primaryImageOfPage":{"@id":"https:\/\/radiolifefm.com.br\/noticias\/30a-edicao-da-expoverde-chega-ao-fim-com-recorde-de-publico\/#primaryimage"},"image":{"@id":"https:\/\/radiolifefm.com.br\/noticias\/30a-edicao-da-expoverde-chega-ao-fim-com-recorde-de-publico\/#primaryimage"},"thumbnailUrl":"https:\/\/radiolifefm.com.br\/noticias\/wp-content\/uploads\/2022\/09\/foto.jpeg","datePublished":"2022-09-06T11:16:43+00:00","dateModified":"2026-04-09T20:45:41+00:00","breadcrumb":{"@id":"https:\/\/radiolifefm.com.br\/noticias\/30a-edicao-da-expoverde-chega-ao-fim-com-recorde-de-publico\/#breadcrumb"},"inLanguage":"pt-BR","potentialAction":[{"@type":"ReadAction","target":["https:\/\/radiolifefm.com.br\/noticias\/30a-edicao-da-expoverde-chega-ao-fim-com-recorde-de-publico\/"]}]},{"@type":"ImageObject","inLanguage":"pt-BR","@id":"https:\/\/radiolifefm.com.br\/noticias\/30a-edicao-da-expoverde-chega-ao-fim-com-recorde-de-publico\/#primaryimage","url":"https:\/\/radiolifefm.com.br\/noticias\/wp-content\/uploads\/2022\/09\/foto.jpeg","contentUrl":"https:\/\/radiolifefm.com.br\/noticias\/wp-content\/uploads\/2022\/09\/foto.jpeg","width":1600,"height":1200},{"@type":"BreadcrumbList","@id":"https:\/\/radiolifefm.com.br\/noticias\/30a-edicao-da-expoverde-chega-ao-fim-com-recorde-de-publico\/#breadcrumb","itemListElement":[{"@type":"ListItem","position":1,"name":"In\u00edcio","item":"https:\/\/radiolifefm.com.br\/noticias\/"},{"@type":"ListItem","position":2,"name":"30\u00aa edi\u00e7\u00e3o da ExpoVerde chega ao fim com recorde de p\u00fablico"}]},{"@type":"WebSite","@id":"https:\/\/radiolifefm.com.br\/noticias\/#website","url":"https:\/\/radiolifefm.com.br\/noticias\/","name":"R\u00e1dio Life FM","description":"O Portal de Not\u00edcias de Adamantina","publisher":{"@id":"https:\/\/radiolifefm.com.br\/noticias\/#organization"},"alternateName":"Life FM","potentialAction":[{"@type":"SearchAction","target":{"@type":"EntryPoint","urlTemplate":"https:\/\/radiolifefm.com.br\/noticias\/?s={search_term_string}"},"query-input":{"@type":"PropertyValueSpecification","valueRequired":true,"valueName":"search_term_string"}}],"inLanguage":"pt-BR"},{"@type":"Organization","@id":"https:\/\/radiolifefm.com.br\/noticias\/#organization","name":"R\u00e1dio Life FM","alternateName":"Life FM","url":"https:\/\/radiolifefm.com.br\/noticias\/","logo":{"@type":"ImageObject","inLanguage":"pt-BR","@id":"https:\/\/radiolifefm.com.br\/noticias\/#\/schema\/logo\/image\/","url":"https:\/\/static.radiolifefm.com.br\/noticias\/wp-content\/uploads\/2019\/10\/logo-lifefm.png","contentUrl":"https:\/\/static.radiolifefm.com.br\/noticias\/wp-content\/uploads\/2019\/10\/logo-lifefm.png","width":196,"height":47,"caption":"R\u00e1dio Life FM"},"image":{"@id":"https:\/\/radiolifefm.com.br\/noticias\/#\/schema\/logo\/image\/"},"sameAs":["https:\/\/www.facebook.com\/radiolifefm\/","https:\/\/www.instagram.com\/life1079fm\/"]},{"@type":"Person","@id":"https:\/\/radiolifefm.com.br\/noticias\/#\/schema\/person\/6339b9fac59d12b071dec680d7375d87","name":"ritanery","image":{"@type":"ImageObject","inLanguage":"pt-BR","@id":"https:\/\/secure.gravatar.com\/avatar\/0e37bb19071f47c0b8a23f62a903df117c5a0e75f65a0c2901562f97cd41cf86?s=96&d=mm&r=g","url":"https:\/\/secure.gravatar.com\/avatar\/0e37bb19071f47c0b8a23f62a903df117c5a0e75f65a0c2901562f97cd41cf86?s=96&d=mm&r=g","contentUrl":"https:\/\/secure.gravatar.com\/avatar\/0e37bb19071f47c0b8a23f62a903df117c5a0e75f65a0c2901562f97cd41cf86?s=96&d=mm&r=g","caption":"ritanery"}}]}},"amp_enabled":true,"_links":{"self":[{"href":"https:\/\/radiolifefm.com.br\/noticias\/wp-json\/wp\/v2\/posts\/57746","targetHints":{"allow":["GET"]}}],"collection":[{"href":"https:\/\/radiolifefm.com.br\/noticias\/wp-json\/wp\/v2\/posts"}],"about":[{"href":"https:\/\/radiolifefm.com.br\/noticias\/wp-json\/wp\/v2\/types\/post"}],"author":[{"embeddable":true,"href":"https:\/\/radiolifefm.com.br\/noticias\/wp-json\/wp\/v2\/users\/13"}],"replies":[{"embeddable":true,"href":"https:\/\/radiolifefm.com.br\/noticias\/wp-json\/wp\/v2\/comments?post=57746"}],"version-history":[{"count":4,"href":"https:\/\/radiolifefm.com.br\/noticias\/wp-json\/wp\/v2\/posts\/57746\/revisions"}],"predecessor-version":[{"id":57752,"href":"https:\/\/radiolifefm.com.br\/noticias\/wp-json\/wp\/v2\/posts\/57746\/revisions\/57752"}],"wp:featuredmedia":[{"embeddable":true,"href":"https:\/\/radiolifefm.com.br\/noticias\/wp-json\/wp\/v2\/media\/57747"}],"wp:attachment":[{"href":"https:\/\/radiolifefm.com.br\/noticias\/wp-json\/wp\/v2\/media?parent=57746"}],"wp:term":[{"taxonomy":"category","embeddable":true,"href":"https:\/\/radiolifefm.com.br\/noticias\/wp-json\/wp\/v2\/categories?post=57746"},{"taxonomy":"post_tag","embeddable":true,"href":"https:\/\/radiolifefm.com.br\/noticias\/wp-json\/wp\/v2\/tags?post=57746"}],"curies":[{"name":"wp","href":"https:\/\/api.w.org\/{rel}","templated":true}]}}