{"id":57719,"date":"2022-09-05T08:06:03","date_gmt":"2022-09-05T11:06:03","guid":{"rendered":"https:\/\/radiolifefm.com.br\/noticias\/?p=57719"},"modified":"2026-04-01T23:39:57","modified_gmt":"2026-04-02T02:39:57","slug":"provincia-expo-meio-milhao-e-outros-desencontros","status":"publish","type":"post","link":"https:\/\/radiolifefm.com.br\/noticias\/provincia-expo-meio-milhao-e-outros-desencontros\/","title":{"rendered":"Prov\u00edncia, Expo, \u201cmeio milh\u00e3o\u201d e outros desencontros&#8230;"},"content":{"rendered":"<div id=\"fb-root\"><\/div>\n<p><strong><em>\u00a0\u201cQue continuemos a nos omitir da pol\u00edtica \u00e9 tudo o que os malfeitores da vida p\u00fablica mais querem.\u201d (<\/em><\/strong><a href=\"https:\/\/www.pensador.com\/autor\/bertolt_brecht\/\"><strong><em>Bertolt Brecht<\/em><\/strong><\/a><strong><em>)<\/em><\/strong><\/p>\n<p><strong>\u00a0<\/strong><\/p>\n<p><strong>S\u00e9rgio Barbosa (*)<\/strong><\/p>\n<p>Como sempre, ainda, como afirma o dito mais do que popular, \u201cnem tudo que reluz \u00e9 ouro\u201d, ainda, aquela frase que tem a ver com o Imp\u00e9rio Romano nos seus \u00e1ureos tempos, a saber; P\u00c3O E CIRCO para o POV\u00c3O&#8230;<\/p>\n<p>Entretanto, n\u00e3o \u00e9 o que est\u00e1 ocorrendo em TERRAS PROVINCIANAS nestes \u00faltimos dias, tendo em vista o INVESTIMENTO DE RECURSOS com a promo\u00e7\u00e3o e realiza\u00e7\u00e3o de atividades de ENTRETENIMENTO em evento nesta PROV\u00cdNCIA DO FAZ DE CONTA&#8230;<\/p>\n<p>Por\u00e9m, NADA CONTRA&#8230; NADA A FAVOR&#8230; ainda, MUITO PELO CONTR\u00c1RIO&#8230;<\/p>\n<p>Mas, n\u00e3o se pode deixar de lado que a maioria que predomina nos quatro cantos provincianos s\u00e3o as denominadas e idolatradas MENTES MED\u00cdOCRES, ou seja, aqueles\/as que continuam seguindo o BERRANTE mediado pelo COISO com suas COISAS&#8230;<\/p>\n<p>Al\u00e9m do mais em meio ao tudo de menos, BO.DO.QUIO e sua turma de aloprados\/as continuam no COMANDO para fortalecer este ou aquele NOME nas pr\u00f3ximas elei\u00e7\u00f5es para o EXECUTIVO PROVINCIANO&#8230;<\/p>\n<p>Tamb\u00e9m, a MAIORIA DO EDIS est\u00e3o preocupado em FAZER M\u00c9DIA com os\/as PROVINCIANOS\/AS quanto ao INVESTIMENTO P\u00daBLICO, ou seja, fazem como a AVESTRUZ que prefere colocar a cabe\u00e7a pra baixo do que ENFRENTAR O DESAFIO&#8230;<\/p>\n<p>Bem como, tem este ou aquele LEGISLADOR PROVINCIANO que est\u00e1 com o PENSAMENTO em ser CANDIDATO, desta forma, FICA O DITO PELO N\u00c3O DITO e tudo fica na MESMICE DE SEMPRE&#8230;<\/p>\n<p>Neste CEN\u00c1RIO CIRCENSE por um lado e TRAGIC\u00d4MICO por outro, tendo em vista os diversos PROBLEMAS que a PROV\u00cdNCIA apresenta, entre as quais na SA\u00daDE com falta disto e mais aquilo&#8230;<\/p>\n<p>Lamentavelmente, a M\u00cdDIA PROVINCIANA continua OMISSA quanto ao SENSO CR\u00cdTICO nestes DESMANDOS, isso \u00e9, al\u00e9m do necess\u00e1rio e sendo desnecess\u00e1rio, tamb\u00e9m, de GR\u00c3O EM GR\u00c3O, diz o dito popular, A GALINHA ENCHE O PAPO&#8230;<\/p>\n<p>Nestes DESENCONTROS mediados pela REFLEX\u00c3O CR\u00cdTICA, deve-se buscar informa\u00e7\u00f5es quando ao CONSENSO FABRICADO do pesquisador dos Estados Unidos, NOAM CHOMSKY, mas, nestes OCASOS DE UM TALVEZ, melhor ficar com o livro dos crist\u00e3os que afirmar, a saber. P\u00c9ROLAS AOS PORCOS&#8230;<\/p>\n<p>QUEM SOBREVIVER VAI SABER&#8230;<\/p>\n<p><strong>_____________________________<\/strong><\/p>\n<p><strong>(*) jornalista diplomado e professor universit\u00e1rio.<\/strong><\/p>\n<p><strong>e-mail: <\/strong><a href=\"mailto:barbosa.sebar@gmail.com\"><strong>barbosa.sebar@gmail.com<\/strong><\/a><\/p>\n","protected":false},"excerpt":{"rendered":"<p>\u00a0\u201cQue continuemos a nos omitir da pol\u00edtica \u00e9 tudo o que os malfeitores da vida p\u00fablica mais querem.\u201d (Bertolt Brecht) \u00a0 S\u00e9rgio Barbosa (*) Como sempre, ainda, como afirma o dito mais do que popular, \u201cnem tudo que reluz \u00e9 ouro\u201d, ainda, aquela frase que tem a ver com o Imp\u00e9rio Romano nos seus \u00e1ureos [&hellip;]<\/p>\n","protected":false},"author":13,"featured_media":51988,"comment_status":"closed","ping_status":"open","sticky":false,"template":"","format":"standard","meta":{"_acf_changed":false,"_exactmetrics_skip_tracking":false,"_exactmetrics_sitenote_active":false,"_exactmetrics_sitenote_note":"","_exactmetrics_sitenote_category":0,"footnotes":""},"categories":[59],"tags":[],"class_list":["post-57719","post","type-post","status-publish","format-standard","has-post-thumbnail","hentry","category-opiniao"],"acf":[],"yoast_head":"<!-- This site is optimized with the Yoast SEO plugin v27.2 - https:\/\/yoast.com\/product\/yoast-seo-wordpress\/ -->\n<title>Prov\u00edncia, Expo, \u201cmeio milh\u00e3o\u201d e outros desencontros... - R\u00e1dio Life FM<\/title>\n<meta name=\"robots\" content=\"index, follow, max-snippet:-1, max-image-preview:large, max-video-preview:-1\" \/>\n<link rel=\"canonical\" href=\"https:\/\/radiolifefm.com.br\/noticias\/provincia-expo-meio-milhao-e-outros-desencontros\/\" \/>\n<meta property=\"og:locale\" content=\"pt_BR\" \/>\n<meta property=\"og:type\" content=\"article\" \/>\n<meta property=\"og:title\" content=\"Prov\u00edncia, Expo, \u201cmeio milh\u00e3o\u201d e outros desencontros... - R\u00e1dio Life FM\" \/>\n<meta property=\"og:description\" content=\"\u00a0\u201cQue continuemos a nos omitir da pol\u00edtica \u00e9 tudo o que os malfeitores da vida p\u00fablica mais querem.\u201d (Bertolt Brecht) \u00a0 S\u00e9rgio Barbosa (*) Como sempre, ainda, como afirma o dito mais do que popular, \u201cnem tudo que reluz \u00e9 ouro\u201d, ainda, aquela frase que tem a ver com o Imp\u00e9rio Romano nos seus \u00e1ureos [&hellip;]\" \/>\n<meta property=\"og:url\" content=\"https:\/\/radiolifefm.com.br\/noticias\/provincia-expo-meio-milhao-e-outros-desencontros\/\" \/>\n<meta property=\"og:site_name\" content=\"R\u00e1dio Life FM\" \/>\n<meta property=\"article:publisher\" content=\"https:\/\/www.facebook.com\/radiolifefm\/\" \/>\n<meta property=\"article:published_time\" content=\"2022-09-05T11:06:03+00:00\" \/>\n<meta property=\"article:modified_time\" content=\"2026-04-02T02:39:57+00:00\" \/>\n<meta property=\"og:image\" content=\"https:\/\/radiolifefm.com.br\/noticias\/wp-content\/uploads\/2022\/04\/WhatsApp-Image-2022-04-10-at-18.43.02.jpeg\" \/>\n\t<meta property=\"og:image:width\" content=\"972\" \/>\n\t<meta property=\"og:image:height\" content=\"1296\" \/>\n\t<meta property=\"og:image:type\" content=\"image\/jpeg\" \/>\n<meta name=\"author\" content=\"ritanery\" \/>\n<meta name=\"twitter:card\" content=\"summary_large_image\" \/>\n<meta name=\"twitter:label1\" content=\"Escrito por\" \/>\n\t<meta name=\"twitter:data1\" content=\"ritanery\" \/>\n\t<meta name=\"twitter:label2\" content=\"Est. tempo de leitura\" \/>\n\t<meta name=\"twitter:data2\" content=\"2 minutos\" \/>\n<script type=\"application\/ld+json\" class=\"yoast-schema-graph\">{\"@context\":\"https:\/\/schema.org\",\"@graph\":[{\"@type\":\"Article\",\"@id\":\"https:\/\/radiolifefm.com.br\/noticias\/provincia-expo-meio-milhao-e-outros-desencontros\/#article\",\"isPartOf\":{\"@id\":\"https:\/\/radiolifefm.com.br\/noticias\/provincia-expo-meio-milhao-e-outros-desencontros\/\"},\"author\":{\"name\":\"ritanery\",\"@id\":\"https:\/\/radiolifefm.com.br\/noticias\/#\/schema\/person\/6339b9fac59d12b071dec680d7375d87\"},\"headline\":\"Prov\u00edncia, Expo, \u201cmeio milh\u00e3o\u201d e outros desencontros&#8230;\",\"datePublished\":\"2022-09-05T11:06:03+00:00\",\"dateModified\":\"2026-04-02T02:39:57+00:00\",\"mainEntityOfPage\":{\"@id\":\"https:\/\/radiolifefm.com.br\/noticias\/provincia-expo-meio-milhao-e-outros-desencontros\/\"},\"wordCount\":415,\"publisher\":{\"@id\":\"https:\/\/radiolifefm.com.br\/noticias\/#organization\"},\"image\":{\"@id\":\"https:\/\/radiolifefm.com.br\/noticias\/provincia-expo-meio-milhao-e-outros-desencontros\/#primaryimage\"},\"thumbnailUrl\":\"https:\/\/radiolifefm.com.br\/noticias\/wp-content\/uploads\/2022\/04\/WhatsApp-Image-2022-04-10-at-18.43.02.jpeg\",\"articleSection\":[\"Opini\u00e3o\"],\"inLanguage\":\"pt-BR\"},{\"@type\":\"WebPage\",\"@id\":\"https:\/\/radiolifefm.com.br\/noticias\/provincia-expo-meio-milhao-e-outros-desencontros\/\",\"url\":\"https:\/\/radiolifefm.com.br\/noticias\/provincia-expo-meio-milhao-e-outros-desencontros\/\",\"name\":\"Prov\u00edncia, Expo, \u201cmeio milh\u00e3o\u201d e outros desencontros... - R\u00e1dio Life FM\",\"isPartOf\":{\"@id\":\"https:\/\/radiolifefm.com.br\/noticias\/#website\"},\"primaryImageOfPage\":{\"@id\":\"https:\/\/radiolifefm.com.br\/noticias\/provincia-expo-meio-milhao-e-outros-desencontros\/#primaryimage\"},\"image\":{\"@id\":\"https:\/\/radiolifefm.com.br\/noticias\/provincia-expo-meio-milhao-e-outros-desencontros\/#primaryimage\"},\"thumbnailUrl\":\"https:\/\/radiolifefm.com.br\/noticias\/wp-content\/uploads\/2022\/04\/WhatsApp-Image-2022-04-10-at-18.43.02.jpeg\",\"datePublished\":\"2022-09-05T11:06:03+00:00\",\"dateModified\":\"2026-04-02T02:39:57+00:00\",\"breadcrumb\":{\"@id\":\"https:\/\/radiolifefm.com.br\/noticias\/provincia-expo-meio-milhao-e-outros-desencontros\/#breadcrumb\"},\"inLanguage\":\"pt-BR\",\"potentialAction\":[{\"@type\":\"ReadAction\",\"target\":[\"https:\/\/radiolifefm.com.br\/noticias\/provincia-expo-meio-milhao-e-outros-desencontros\/\"]}]},{\"@type\":\"ImageObject\",\"inLanguage\":\"pt-BR\",\"@id\":\"https:\/\/radiolifefm.com.br\/noticias\/provincia-expo-meio-milhao-e-outros-desencontros\/#primaryimage\",\"url\":\"https:\/\/radiolifefm.com.br\/noticias\/wp-content\/uploads\/2022\/04\/WhatsApp-Image-2022-04-10-at-18.43.02.jpeg\",\"contentUrl\":\"https:\/\/radiolifefm.com.br\/noticias\/wp-content\/uploads\/2022\/04\/WhatsApp-Image-2022-04-10-at-18.43.02.jpeg\",\"width\":972,\"height\":1296,\"caption\":\"S\u00e9rgio Barbosa\"},{\"@type\":\"BreadcrumbList\",\"@id\":\"https:\/\/radiolifefm.com.br\/noticias\/provincia-expo-meio-milhao-e-outros-desencontros\/#breadcrumb\",\"itemListElement\":[{\"@type\":\"ListItem\",\"position\":1,\"name\":\"In\u00edcio\",\"item\":\"https:\/\/radiolifefm.com.br\/noticias\/\"},{\"@type\":\"ListItem\",\"position\":2,\"name\":\"Prov\u00edncia, Expo, \u201cmeio milh\u00e3o\u201d e outros desencontros&#8230;\"}]},{\"@type\":\"WebSite\",\"@id\":\"https:\/\/radiolifefm.com.br\/noticias\/#website\",\"url\":\"https:\/\/radiolifefm.com.br\/noticias\/\",\"name\":\"R\u00e1dio Life FM\",\"description\":\"O Portal de Not\u00edcias de Adamantina\",\"publisher\":{\"@id\":\"https:\/\/radiolifefm.com.br\/noticias\/#organization\"},\"alternateName\":\"Life FM\",\"potentialAction\":[{\"@type\":\"SearchAction\",\"target\":{\"@type\":\"EntryPoint\",\"urlTemplate\":\"https:\/\/radiolifefm.com.br\/noticias\/?s={search_term_string}\"},\"query-input\":{\"@type\":\"PropertyValueSpecification\",\"valueRequired\":true,\"valueName\":\"search_term_string\"}}],\"inLanguage\":\"pt-BR\"},{\"@type\":\"Organization\",\"@id\":\"https:\/\/radiolifefm.com.br\/noticias\/#organization\",\"name\":\"R\u00e1dio Life FM\",\"alternateName\":\"Life FM\",\"url\":\"https:\/\/radiolifefm.com.br\/noticias\/\",\"logo\":{\"@type\":\"ImageObject\",\"inLanguage\":\"pt-BR\",\"@id\":\"https:\/\/radiolifefm.com.br\/noticias\/#\/schema\/logo\/image\/\",\"url\":\"https:\/\/static.radiolifefm.com.br\/noticias\/wp-content\/uploads\/2019\/10\/logo-lifefm.png\",\"contentUrl\":\"https:\/\/static.radiolifefm.com.br\/noticias\/wp-content\/uploads\/2019\/10\/logo-lifefm.png\",\"width\":196,\"height\":47,\"caption\":\"R\u00e1dio Life FM\"},\"image\":{\"@id\":\"https:\/\/radiolifefm.com.br\/noticias\/#\/schema\/logo\/image\/\"},\"sameAs\":[\"https:\/\/www.facebook.com\/radiolifefm\/\",\"https:\/\/www.instagram.com\/life1079fm\/\"]},{\"@type\":\"Person\",\"@id\":\"https:\/\/radiolifefm.com.br\/noticias\/#\/schema\/person\/6339b9fac59d12b071dec680d7375d87\",\"name\":\"ritanery\",\"image\":{\"@type\":\"ImageObject\",\"inLanguage\":\"pt-BR\",\"@id\":\"https:\/\/secure.gravatar.com\/avatar\/0e37bb19071f47c0b8a23f62a903df117c5a0e75f65a0c2901562f97cd41cf86?s=96&d=mm&r=g\",\"url\":\"https:\/\/secure.gravatar.com\/avatar\/0e37bb19071f47c0b8a23f62a903df117c5a0e75f65a0c2901562f97cd41cf86?s=96&d=mm&r=g\",\"contentUrl\":\"https:\/\/secure.gravatar.com\/avatar\/0e37bb19071f47c0b8a23f62a903df117c5a0e75f65a0c2901562f97cd41cf86?s=96&d=mm&r=g\",\"caption\":\"ritanery\"}}]}<\/script>\n<!-- \/ Yoast SEO plugin. -->","yoast_head_json":{"title":"Prov\u00edncia, Expo, \u201cmeio milh\u00e3o\u201d e outros desencontros... - R\u00e1dio Life FM","robots":{"index":"index","follow":"follow","max-snippet":"max-snippet:-1","max-image-preview":"max-image-preview:large","max-video-preview":"max-video-preview:-1"},"canonical":"https:\/\/radiolifefm.com.br\/noticias\/provincia-expo-meio-milhao-e-outros-desencontros\/","og_locale":"pt_BR","og_type":"article","og_title":"Prov\u00edncia, Expo, \u201cmeio milh\u00e3o\u201d e outros desencontros... - R\u00e1dio Life FM","og_description":"\u00a0\u201cQue continuemos a nos omitir da pol\u00edtica \u00e9 tudo o que os malfeitores da vida p\u00fablica mais querem.\u201d (Bertolt Brecht) \u00a0 S\u00e9rgio Barbosa (*) Como sempre, ainda, como afirma o dito mais do que popular, \u201cnem tudo que reluz \u00e9 ouro\u201d, ainda, aquela frase que tem a ver com o Imp\u00e9rio Romano nos seus \u00e1ureos [&hellip;]","og_url":"https:\/\/radiolifefm.com.br\/noticias\/provincia-expo-meio-milhao-e-outros-desencontros\/","og_site_name":"R\u00e1dio Life FM","article_publisher":"https:\/\/www.facebook.com\/radiolifefm\/","article_published_time":"2022-09-05T11:06:03+00:00","article_modified_time":"2026-04-02T02:39:57+00:00","og_image":[{"width":972,"height":1296,"url":"https:\/\/radiolifefm.com.br\/noticias\/wp-content\/uploads\/2022\/04\/WhatsApp-Image-2022-04-10-at-18.43.02.jpeg","type":"image\/jpeg"}],"author":"ritanery","twitter_card":"summary_large_image","twitter_misc":{"Escrito por":"ritanery","Est. tempo de leitura":"2 minutos"},"schema":{"@context":"https:\/\/schema.org","@graph":[{"@type":"Article","@id":"https:\/\/radiolifefm.com.br\/noticias\/provincia-expo-meio-milhao-e-outros-desencontros\/#article","isPartOf":{"@id":"https:\/\/radiolifefm.com.br\/noticias\/provincia-expo-meio-milhao-e-outros-desencontros\/"},"author":{"name":"ritanery","@id":"https:\/\/radiolifefm.com.br\/noticias\/#\/schema\/person\/6339b9fac59d12b071dec680d7375d87"},"headline":"Prov\u00edncia, Expo, \u201cmeio milh\u00e3o\u201d e outros desencontros&#8230;","datePublished":"2022-09-05T11:06:03+00:00","dateModified":"2026-04-02T02:39:57+00:00","mainEntityOfPage":{"@id":"https:\/\/radiolifefm.com.br\/noticias\/provincia-expo-meio-milhao-e-outros-desencontros\/"},"wordCount":415,"publisher":{"@id":"https:\/\/radiolifefm.com.br\/noticias\/#organization"},"image":{"@id":"https:\/\/radiolifefm.com.br\/noticias\/provincia-expo-meio-milhao-e-outros-desencontros\/#primaryimage"},"thumbnailUrl":"https:\/\/radiolifefm.com.br\/noticias\/wp-content\/uploads\/2022\/04\/WhatsApp-Image-2022-04-10-at-18.43.02.jpeg","articleSection":["Opini\u00e3o"],"inLanguage":"pt-BR"},{"@type":"WebPage","@id":"https:\/\/radiolifefm.com.br\/noticias\/provincia-expo-meio-milhao-e-outros-desencontros\/","url":"https:\/\/radiolifefm.com.br\/noticias\/provincia-expo-meio-milhao-e-outros-desencontros\/","name":"Prov\u00edncia, Expo, \u201cmeio milh\u00e3o\u201d e outros desencontros... - R\u00e1dio Life FM","isPartOf":{"@id":"https:\/\/radiolifefm.com.br\/noticias\/#website"},"primaryImageOfPage":{"@id":"https:\/\/radiolifefm.com.br\/noticias\/provincia-expo-meio-milhao-e-outros-desencontros\/#primaryimage"},"image":{"@id":"https:\/\/radiolifefm.com.br\/noticias\/provincia-expo-meio-milhao-e-outros-desencontros\/#primaryimage"},"thumbnailUrl":"https:\/\/radiolifefm.com.br\/noticias\/wp-content\/uploads\/2022\/04\/WhatsApp-Image-2022-04-10-at-18.43.02.jpeg","datePublished":"2022-09-05T11:06:03+00:00","dateModified":"2026-04-02T02:39:57+00:00","breadcrumb":{"@id":"https:\/\/radiolifefm.com.br\/noticias\/provincia-expo-meio-milhao-e-outros-desencontros\/#breadcrumb"},"inLanguage":"pt-BR","potentialAction":[{"@type":"ReadAction","target":["https:\/\/radiolifefm.com.br\/noticias\/provincia-expo-meio-milhao-e-outros-desencontros\/"]}]},{"@type":"ImageObject","inLanguage":"pt-BR","@id":"https:\/\/radiolifefm.com.br\/noticias\/provincia-expo-meio-milhao-e-outros-desencontros\/#primaryimage","url":"https:\/\/radiolifefm.com.br\/noticias\/wp-content\/uploads\/2022\/04\/WhatsApp-Image-2022-04-10-at-18.43.02.jpeg","contentUrl":"https:\/\/radiolifefm.com.br\/noticias\/wp-content\/uploads\/2022\/04\/WhatsApp-Image-2022-04-10-at-18.43.02.jpeg","width":972,"height":1296,"caption":"S\u00e9rgio Barbosa"},{"@type":"BreadcrumbList","@id":"https:\/\/radiolifefm.com.br\/noticias\/provincia-expo-meio-milhao-e-outros-desencontros\/#breadcrumb","itemListElement":[{"@type":"ListItem","position":1,"name":"In\u00edcio","item":"https:\/\/radiolifefm.com.br\/noticias\/"},{"@type":"ListItem","position":2,"name":"Prov\u00edncia, Expo, \u201cmeio milh\u00e3o\u201d e outros desencontros&#8230;"}]},{"@type":"WebSite","@id":"https:\/\/radiolifefm.com.br\/noticias\/#website","url":"https:\/\/radiolifefm.com.br\/noticias\/","name":"R\u00e1dio Life FM","description":"O Portal de Not\u00edcias de Adamantina","publisher":{"@id":"https:\/\/radiolifefm.com.br\/noticias\/#organization"},"alternateName":"Life FM","potentialAction":[{"@type":"SearchAction","target":{"@type":"EntryPoint","urlTemplate":"https:\/\/radiolifefm.com.br\/noticias\/?s={search_term_string}"},"query-input":{"@type":"PropertyValueSpecification","valueRequired":true,"valueName":"search_term_string"}}],"inLanguage":"pt-BR"},{"@type":"Organization","@id":"https:\/\/radiolifefm.com.br\/noticias\/#organization","name":"R\u00e1dio Life FM","alternateName":"Life FM","url":"https:\/\/radiolifefm.com.br\/noticias\/","logo":{"@type":"ImageObject","inLanguage":"pt-BR","@id":"https:\/\/radiolifefm.com.br\/noticias\/#\/schema\/logo\/image\/","url":"https:\/\/static.radiolifefm.com.br\/noticias\/wp-content\/uploads\/2019\/10\/logo-lifefm.png","contentUrl":"https:\/\/static.radiolifefm.com.br\/noticias\/wp-content\/uploads\/2019\/10\/logo-lifefm.png","width":196,"height":47,"caption":"R\u00e1dio Life FM"},"image":{"@id":"https:\/\/radiolifefm.com.br\/noticias\/#\/schema\/logo\/image\/"},"sameAs":["https:\/\/www.facebook.com\/radiolifefm\/","https:\/\/www.instagram.com\/life1079fm\/"]},{"@type":"Person","@id":"https:\/\/radiolifefm.com.br\/noticias\/#\/schema\/person\/6339b9fac59d12b071dec680d7375d87","name":"ritanery","image":{"@type":"ImageObject","inLanguage":"pt-BR","@id":"https:\/\/secure.gravatar.com\/avatar\/0e37bb19071f47c0b8a23f62a903df117c5a0e75f65a0c2901562f97cd41cf86?s=96&d=mm&r=g","url":"https:\/\/secure.gravatar.com\/avatar\/0e37bb19071f47c0b8a23f62a903df117c5a0e75f65a0c2901562f97cd41cf86?s=96&d=mm&r=g","contentUrl":"https:\/\/secure.gravatar.com\/avatar\/0e37bb19071f47c0b8a23f62a903df117c5a0e75f65a0c2901562f97cd41cf86?s=96&d=mm&r=g","caption":"ritanery"}}]}},"amp_enabled":true,"_links":{"self":[{"href":"https:\/\/radiolifefm.com.br\/noticias\/wp-json\/wp\/v2\/posts\/57719","targetHints":{"allow":["GET"]}}],"collection":[{"href":"https:\/\/radiolifefm.com.br\/noticias\/wp-json\/wp\/v2\/posts"}],"about":[{"href":"https:\/\/radiolifefm.com.br\/noticias\/wp-json\/wp\/v2\/types\/post"}],"author":[{"embeddable":true,"href":"https:\/\/radiolifefm.com.br\/noticias\/wp-json\/wp\/v2\/users\/13"}],"replies":[{"embeddable":true,"href":"https:\/\/radiolifefm.com.br\/noticias\/wp-json\/wp\/v2\/comments?post=57719"}],"version-history":[{"count":1,"href":"https:\/\/radiolifefm.com.br\/noticias\/wp-json\/wp\/v2\/posts\/57719\/revisions"}],"predecessor-version":[{"id":57720,"href":"https:\/\/radiolifefm.com.br\/noticias\/wp-json\/wp\/v2\/posts\/57719\/revisions\/57720"}],"wp:featuredmedia":[{"embeddable":true,"href":"https:\/\/radiolifefm.com.br\/noticias\/wp-json\/wp\/v2\/media\/51988"}],"wp:attachment":[{"href":"https:\/\/radiolifefm.com.br\/noticias\/wp-json\/wp\/v2\/media?parent=57719"}],"wp:term":[{"taxonomy":"category","embeddable":true,"href":"https:\/\/radiolifefm.com.br\/noticias\/wp-json\/wp\/v2\/categories?post=57719"},{"taxonomy":"post_tag","embeddable":true,"href":"https:\/\/radiolifefm.com.br\/noticias\/wp-json\/wp\/v2\/tags?post=57719"}],"curies":[{"name":"wp","href":"https:\/\/api.w.org\/{rel}","templated":true}]}}