{"id":57652,"date":"2022-09-02T08:01:04","date_gmt":"2022-09-02T11:01:04","guid":{"rendered":"https:\/\/radiolifefm.com.br\/noticias\/?p=57652"},"modified":"2026-04-04T12:28:06","modified_gmt":"2026-04-04T15:28:06","slug":"motorista-e-flagrada-no-centro-de-adamantina-desacatando-colaborador-da-zona-azul","status":"publish","type":"post","link":"https:\/\/radiolifefm.com.br\/noticias\/motorista-e-flagrada-no-centro-de-adamantina-desacatando-colaborador-da-zona-azul\/","title":{"rendered":"Motorista \u00e9 flagrada no centro de Adamantina desacatando colaborador da zona azul"},"content":{"rendered":"<div id=\"fb-root\"><\/div>\n<div>\n<p>O jornal Di\u00e1rio do Oeste publicou nesta quinta-feira (1) uma reportagem onde mostra a conduta de uma motorista de um autom\u00f3vel, no centro de Adamantina, que teria se recusado a pagar o cart\u00e3o, no valor R$ 2, e estava deixando o local sem devolv\u00ea-lo. O cart\u00e3o havia sido colocado no carro pelo agente.<\/p>\n<p>A situa\u00e7\u00e3o gerou uma discuss\u00e3o entre a motorista e o funcion\u00e1rio da zona azul, o que foi registrado em v\u00eddeo pelo supervisor da equipe que atua na \u00e1rea central da cidade. Conforme destaca o Di\u00e1rio do Oeste, a zona azul foi criada com o objetivos de proporcionar maior rotatividade das vagas na \u00e1rea central da cidade. A operacionaliza\u00e7\u00e3o do servi\u00e7o \u00e9 feita pelo Instituto de Assist\u00eancia ao Menor de Adamantina (IAMA).<\/p>\n<p><!-- Embedded with Magic Embeds - https:\/\/magicembeds.com --><\/p>\n<div class=\"wef-measure\" style=\"max-width: 450px;\"><\/div>\n<div class=\"fb-video\" data-href=\"https:\/\/www.facebook.com\/watch\/?v=1129755477960305\" data-allowfullscreen=\"true\" data-autoplay=\"false\" data-width=\"450\" data-show-text=\"false\" data-show-captions=\"true\"><\/div>\n<p>Desde sua implanta\u00e7\u00e3o, no entanto, o servi\u00e7o \u00e9 alvo de reclama\u00e7\u00f5es por parte de motoristas e tamb\u00e9m de empres\u00e1rios, resistentes \u00e0 cobran\u00e7a. Em algumas situa\u00e7\u00f5es, os colaboradores do IAMA s\u00e3o alvos de preconceito e agress\u00f5es verbais, como a registrada em v\u00eddeo nesta quarta-feira.<\/p>\n<p>A motorista teria estacionado o ve\u00edculo, sem o cart\u00e3o da cobran\u00e7a, o que foi depositado no para-brisa pelo agente, para que a cobran\u00e7a ocorresse no retorno da mesma ao autom\u00f3vel. Por\u00e9m, a usu\u00e1ria teria se recusado a pagar, e estaria deixando o local levando o cart\u00e3o, quando foi interpelada pelo funcion\u00e1rio.<\/p>\n<p>No di\u00e1logo que foi gravado pelo supervisor do servi\u00e7o \u2013 como mostra o v\u00eddeo e relata a reportagem do Di\u00e1rio do Oeste \u2013 a motorista \u00e9 alertada pelo colaborador do IAMA para devolver o cart\u00e3o quando ela questiona o motivo dele ter anotado a placa de seu ve\u00edculo: \u201cA senhora n\u00e3o vai pagar a zona azul, vai ser multada\u201d.<\/p>\n<p>Inicialmente, segundo publicou o Di\u00e1rio do Oeste, a motorista responde que poderia \u201cfazer a multa\u201d, mas depois solta um xingamento \u201cpega essa p&#8230; desse dinheiro aqui, toma, pode pegar\u201d. Mediante o pagamento, ao receber o cart\u00e3o de estacionamento, a motorista amassa o ticket e o joga no ch\u00e3o, fechando o vidro do ve\u00edculo e deixando o local em velocidade supostamente desproporcional aos limites da via, colocando em risco a seguran\u00e7a e integridade f\u00edsica de terceiros.<\/p>\n<p><strong>Valor<\/strong><\/p>\n<p>Conforme publicou o Di\u00e1rio do Oeste, a taxa cobrada pelo per\u00edodo de duas horas de estacionamento nas \u00e1reas delimitadas com a cor azul, na \u00e1rea central de Adamantina, \u00e9 de R$ 2. O valor foi reajustado em R$ 0,50 a partir de mar\u00e7o, atendendo solicita\u00e7\u00e3o do presidente do IAMA, Dorival Manfrinato.<\/p>\n<p>O valor da tarifa n\u00e3o era reajustado desde novembro de 2014, per\u00edodo em que foram aplicados reajustes consider\u00e1veis de sal\u00e1rios e encargos sociais e trabalhistas, al\u00e9m de outras despesas da entidade, que tamb\u00e9m sofreram reajustes. \u201cA zona azul foi criada tamb\u00e9m para ajudar o IAMA, mas n\u00e3o estamos tendo lucro com o servi\u00e7o. Esses 50 centavos a mais v\u00e3o ajudar a desafogar as contas da entidade e fazer com que possamos melhorar o servi\u00e7o\u201d, enfatiza Manfrinato.<\/p>\n<p><strong>Entidade<\/strong><\/p>\n<p>Atendendo a 130 crian\u00e7as e adolescentes do Jardim Brasil, com atividades no contraturno escolar, oferecendo ainda tr\u00eas refei\u00e7\u00f5es ao dia, al\u00e9m de acompanhamento profissional prestado por uma equipe multidisciplinar, o IAMA presta relevantes servi\u00e7os \u00e0 comunidade.<\/p>\n<p>O Instituto de Assist\u00eancia ao Menor de Adamantina, no entanto \u2013 conforme a reportagem do Di\u00e1rio do Oeste \u2013 enfrenta situa\u00e7\u00e3o financeira delicada, mesma situa\u00e7\u00e3o enfrentada pela maioria das entidades. Em grande parte, pela impossibilidade de realiza\u00e7\u00e3o de eventos, fonte complementar de renda. \u201cDia 19 ter\u00edamos um ch\u00e1 beneficente, mas tivemos que cancelar\u201d, destaca Manfrinato.<\/p>\n<p>O presidente da entidade destaca que 30% das receitas s\u00e3o provenientes de eventos, especialmente durante a Festa do Pe\u00e3o e ExpoVerde. \u201cO d\u00e9ficit que temos atualmente \u00e9 basicamente o que falta da complementa\u00e7\u00e3o de nossas receitas com as promo\u00e7\u00f5es\u201d, explica.<\/p>\n<p>Mesmo diante deste complexo cen\u00e1rio, Manfrinato agradece o empenho dos profissionais e volunt\u00e1rios da entidade, que continuam atuando para buscar fontes de renda e redu\u00e7\u00e3o de despesas.<\/p>\n<\/div>\n<p>Fonte: Siga Mais<\/p>\n","protected":false},"excerpt":{"rendered":"<p>O jornal Di\u00e1rio do Oeste publicou nesta quinta-feira (1) uma reportagem onde mostra a conduta de uma motorista de um autom\u00f3vel, no centro de Adamantina, que teria se recusado a pagar o cart\u00e3o, no valor R$ 2, e estava deixando o local sem devolv\u00ea-lo. O cart\u00e3o havia sido colocado no carro pelo agente. A situa\u00e7\u00e3o [&hellip;]<\/p>\n","protected":false},"author":13,"featured_media":57653,"comment_status":"closed","ping_status":"open","sticky":false,"template":"","format":"standard","meta":{"_acf_changed":false,"_exactmetrics_skip_tracking":false,"_exactmetrics_sitenote_active":false,"_exactmetrics_sitenote_note":"","_exactmetrics_sitenote_category":0,"footnotes":""},"categories":[21],"tags":[],"class_list":["post-57652","post","type-post","status-publish","format-standard","has-post-thumbnail","hentry","category-adamantina"],"acf":[],"yoast_head":"<!-- This site is optimized with the Yoast SEO plugin v27.2 - https:\/\/yoast.com\/product\/yoast-seo-wordpress\/ -->\n<title>Motorista \u00e9 flagrada no centro de Adamantina desacatando colaborador da zona azul - R\u00e1dio Life FM<\/title>\n<meta name=\"robots\" content=\"index, follow, max-snippet:-1, max-image-preview:large, max-video-preview:-1\" \/>\n<link rel=\"canonical\" href=\"https:\/\/radiolifefm.com.br\/noticias\/motorista-e-flagrada-no-centro-de-adamantina-desacatando-colaborador-da-zona-azul\/\" \/>\n<meta property=\"og:locale\" content=\"pt_BR\" \/>\n<meta property=\"og:type\" content=\"article\" \/>\n<meta property=\"og:title\" content=\"Motorista \u00e9 flagrada no centro de Adamantina desacatando colaborador da zona azul - R\u00e1dio Life FM\" \/>\n<meta property=\"og:description\" content=\"O jornal Di\u00e1rio do Oeste publicou nesta quinta-feira (1) uma reportagem onde mostra a conduta de uma motorista de um autom\u00f3vel, no centro de Adamantina, que teria se recusado a pagar o cart\u00e3o, no valor R$ 2, e estava deixando o local sem devolv\u00ea-lo. O cart\u00e3o havia sido colocado no carro pelo agente. A situa\u00e7\u00e3o [&hellip;]\" \/>\n<meta property=\"og:url\" content=\"https:\/\/radiolifefm.com.br\/noticias\/motorista-e-flagrada-no-centro-de-adamantina-desacatando-colaborador-da-zona-azul\/\" \/>\n<meta property=\"og:site_name\" content=\"R\u00e1dio Life FM\" \/>\n<meta property=\"article:publisher\" content=\"https:\/\/www.facebook.com\/radiolifefm\/\" \/>\n<meta property=\"article:published_time\" content=\"2022-09-02T11:01:04+00:00\" \/>\n<meta property=\"article:modified_time\" content=\"2026-04-04T15:28:06+00:00\" \/>\n<meta property=\"og:image\" content=\"https:\/\/radiolifefm.com.br\/noticias\/wp-content\/uploads\/2022\/09\/zona-azul-capapng16620558706310f5beb5b69.jpg\" \/>\n\t<meta property=\"og:image:width\" content=\"600\" \/>\n\t<meta property=\"og:image:height\" content=\"337\" \/>\n\t<meta property=\"og:image:type\" content=\"image\/jpeg\" \/>\n<meta name=\"author\" content=\"ritanery\" \/>\n<meta name=\"twitter:card\" content=\"summary_large_image\" \/>\n<meta name=\"twitter:label1\" content=\"Escrito por\" \/>\n\t<meta name=\"twitter:data1\" content=\"ritanery\" \/>\n\t<meta name=\"twitter:label2\" content=\"Est. tempo de leitura\" \/>\n\t<meta name=\"twitter:data2\" content=\"4 minutos\" \/>\n<script type=\"application\/ld+json\" class=\"yoast-schema-graph\">{\"@context\":\"https:\/\/schema.org\",\"@graph\":[{\"@type\":\"Article\",\"@id\":\"https:\/\/radiolifefm.com.br\/noticias\/motorista-e-flagrada-no-centro-de-adamantina-desacatando-colaborador-da-zona-azul\/#article\",\"isPartOf\":{\"@id\":\"https:\/\/radiolifefm.com.br\/noticias\/motorista-e-flagrada-no-centro-de-adamantina-desacatando-colaborador-da-zona-azul\/\"},\"author\":{\"name\":\"ritanery\",\"@id\":\"https:\/\/radiolifefm.com.br\/noticias\/#\/schema\/person\/6339b9fac59d12b071dec680d7375d87\"},\"headline\":\"Motorista \u00e9 flagrada no centro de Adamantina desacatando colaborador da zona azul\",\"datePublished\":\"2022-09-02T11:01:04+00:00\",\"dateModified\":\"2026-04-04T15:28:06+00:00\",\"mainEntityOfPage\":{\"@id\":\"https:\/\/radiolifefm.com.br\/noticias\/motorista-e-flagrada-no-centro-de-adamantina-desacatando-colaborador-da-zona-azul\/\"},\"wordCount\":720,\"publisher\":{\"@id\":\"https:\/\/radiolifefm.com.br\/noticias\/#organization\"},\"image\":{\"@id\":\"https:\/\/radiolifefm.com.br\/noticias\/motorista-e-flagrada-no-centro-de-adamantina-desacatando-colaborador-da-zona-azul\/#primaryimage\"},\"thumbnailUrl\":\"https:\/\/radiolifefm.com.br\/noticias\/wp-content\/uploads\/2022\/09\/zona-azul-capapng16620558706310f5beb5b69.jpg\",\"articleSection\":[\"Adamantina\"],\"inLanguage\":\"pt-BR\"},{\"@type\":\"WebPage\",\"@id\":\"https:\/\/radiolifefm.com.br\/noticias\/motorista-e-flagrada-no-centro-de-adamantina-desacatando-colaborador-da-zona-azul\/\",\"url\":\"https:\/\/radiolifefm.com.br\/noticias\/motorista-e-flagrada-no-centro-de-adamantina-desacatando-colaborador-da-zona-azul\/\",\"name\":\"Motorista \u00e9 flagrada no centro de Adamantina desacatando colaborador da zona azul - R\u00e1dio Life FM\",\"isPartOf\":{\"@id\":\"https:\/\/radiolifefm.com.br\/noticias\/#website\"},\"primaryImageOfPage\":{\"@id\":\"https:\/\/radiolifefm.com.br\/noticias\/motorista-e-flagrada-no-centro-de-adamantina-desacatando-colaborador-da-zona-azul\/#primaryimage\"},\"image\":{\"@id\":\"https:\/\/radiolifefm.com.br\/noticias\/motorista-e-flagrada-no-centro-de-adamantina-desacatando-colaborador-da-zona-azul\/#primaryimage\"},\"thumbnailUrl\":\"https:\/\/radiolifefm.com.br\/noticias\/wp-content\/uploads\/2022\/09\/zona-azul-capapng16620558706310f5beb5b69.jpg\",\"datePublished\":\"2022-09-02T11:01:04+00:00\",\"dateModified\":\"2026-04-04T15:28:06+00:00\",\"breadcrumb\":{\"@id\":\"https:\/\/radiolifefm.com.br\/noticias\/motorista-e-flagrada-no-centro-de-adamantina-desacatando-colaborador-da-zona-azul\/#breadcrumb\"},\"inLanguage\":\"pt-BR\",\"potentialAction\":[{\"@type\":\"ReadAction\",\"target\":[\"https:\/\/radiolifefm.com.br\/noticias\/motorista-e-flagrada-no-centro-de-adamantina-desacatando-colaborador-da-zona-azul\/\"]}]},{\"@type\":\"ImageObject\",\"inLanguage\":\"pt-BR\",\"@id\":\"https:\/\/radiolifefm.com.br\/noticias\/motorista-e-flagrada-no-centro-de-adamantina-desacatando-colaborador-da-zona-azul\/#primaryimage\",\"url\":\"https:\/\/radiolifefm.com.br\/noticias\/wp-content\/uploads\/2022\/09\/zona-azul-capapng16620558706310f5beb5b69.jpg\",\"contentUrl\":\"https:\/\/radiolifefm.com.br\/noticias\/wp-content\/uploads\/2022\/09\/zona-azul-capapng16620558706310f5beb5b69.jpg\",\"width\":600,\"height\":337,\"caption\":\"Sequ\u00eancia de imagens extra\u00eddas do v\u00eddeo\"},{\"@type\":\"BreadcrumbList\",\"@id\":\"https:\/\/radiolifefm.com.br\/noticias\/motorista-e-flagrada-no-centro-de-adamantina-desacatando-colaborador-da-zona-azul\/#breadcrumb\",\"itemListElement\":[{\"@type\":\"ListItem\",\"position\":1,\"name\":\"In\u00edcio\",\"item\":\"https:\/\/radiolifefm.com.br\/noticias\/\"},{\"@type\":\"ListItem\",\"position\":2,\"name\":\"Motorista \u00e9 flagrada no centro de Adamantina desacatando colaborador da zona azul\"}]},{\"@type\":\"WebSite\",\"@id\":\"https:\/\/radiolifefm.com.br\/noticias\/#website\",\"url\":\"https:\/\/radiolifefm.com.br\/noticias\/\",\"name\":\"R\u00e1dio Life FM\",\"description\":\"O Portal de Not\u00edcias de Adamantina\",\"publisher\":{\"@id\":\"https:\/\/radiolifefm.com.br\/noticias\/#organization\"},\"alternateName\":\"Life FM\",\"potentialAction\":[{\"@type\":\"SearchAction\",\"target\":{\"@type\":\"EntryPoint\",\"urlTemplate\":\"https:\/\/radiolifefm.com.br\/noticias\/?s={search_term_string}\"},\"query-input\":{\"@type\":\"PropertyValueSpecification\",\"valueRequired\":true,\"valueName\":\"search_term_string\"}}],\"inLanguage\":\"pt-BR\"},{\"@type\":\"Organization\",\"@id\":\"https:\/\/radiolifefm.com.br\/noticias\/#organization\",\"name\":\"R\u00e1dio Life FM\",\"alternateName\":\"Life FM\",\"url\":\"https:\/\/radiolifefm.com.br\/noticias\/\",\"logo\":{\"@type\":\"ImageObject\",\"inLanguage\":\"pt-BR\",\"@id\":\"https:\/\/radiolifefm.com.br\/noticias\/#\/schema\/logo\/image\/\",\"url\":\"https:\/\/static.radiolifefm.com.br\/noticias\/wp-content\/uploads\/2019\/10\/logo-lifefm.png\",\"contentUrl\":\"https:\/\/static.radiolifefm.com.br\/noticias\/wp-content\/uploads\/2019\/10\/logo-lifefm.png\",\"width\":196,\"height\":47,\"caption\":\"R\u00e1dio Life FM\"},\"image\":{\"@id\":\"https:\/\/radiolifefm.com.br\/noticias\/#\/schema\/logo\/image\/\"},\"sameAs\":[\"https:\/\/www.facebook.com\/radiolifefm\/\",\"https:\/\/www.instagram.com\/life1079fm\/\"]},{\"@type\":\"Person\",\"@id\":\"https:\/\/radiolifefm.com.br\/noticias\/#\/schema\/person\/6339b9fac59d12b071dec680d7375d87\",\"name\":\"ritanery\",\"image\":{\"@type\":\"ImageObject\",\"inLanguage\":\"pt-BR\",\"@id\":\"https:\/\/secure.gravatar.com\/avatar\/0e37bb19071f47c0b8a23f62a903df117c5a0e75f65a0c2901562f97cd41cf86?s=96&d=mm&r=g\",\"url\":\"https:\/\/secure.gravatar.com\/avatar\/0e37bb19071f47c0b8a23f62a903df117c5a0e75f65a0c2901562f97cd41cf86?s=96&d=mm&r=g\",\"contentUrl\":\"https:\/\/secure.gravatar.com\/avatar\/0e37bb19071f47c0b8a23f62a903df117c5a0e75f65a0c2901562f97cd41cf86?s=96&d=mm&r=g\",\"caption\":\"ritanery\"}}]}<\/script>\n<!-- \/ Yoast SEO plugin. -->","yoast_head_json":{"title":"Motorista \u00e9 flagrada no centro de Adamantina desacatando colaborador da zona azul - R\u00e1dio Life FM","robots":{"index":"index","follow":"follow","max-snippet":"max-snippet:-1","max-image-preview":"max-image-preview:large","max-video-preview":"max-video-preview:-1"},"canonical":"https:\/\/radiolifefm.com.br\/noticias\/motorista-e-flagrada-no-centro-de-adamantina-desacatando-colaborador-da-zona-azul\/","og_locale":"pt_BR","og_type":"article","og_title":"Motorista \u00e9 flagrada no centro de Adamantina desacatando colaborador da zona azul - R\u00e1dio Life FM","og_description":"O jornal Di\u00e1rio do Oeste publicou nesta quinta-feira (1) uma reportagem onde mostra a conduta de uma motorista de um autom\u00f3vel, no centro de Adamantina, que teria se recusado a pagar o cart\u00e3o, no valor R$ 2, e estava deixando o local sem devolv\u00ea-lo. O cart\u00e3o havia sido colocado no carro pelo agente. A situa\u00e7\u00e3o [&hellip;]","og_url":"https:\/\/radiolifefm.com.br\/noticias\/motorista-e-flagrada-no-centro-de-adamantina-desacatando-colaborador-da-zona-azul\/","og_site_name":"R\u00e1dio Life FM","article_publisher":"https:\/\/www.facebook.com\/radiolifefm\/","article_published_time":"2022-09-02T11:01:04+00:00","article_modified_time":"2026-04-04T15:28:06+00:00","og_image":[{"width":600,"height":337,"url":"https:\/\/radiolifefm.com.br\/noticias\/wp-content\/uploads\/2022\/09\/zona-azul-capapng16620558706310f5beb5b69.jpg","type":"image\/jpeg"}],"author":"ritanery","twitter_card":"summary_large_image","twitter_misc":{"Escrito por":"ritanery","Est. tempo de leitura":"4 minutos"},"schema":{"@context":"https:\/\/schema.org","@graph":[{"@type":"Article","@id":"https:\/\/radiolifefm.com.br\/noticias\/motorista-e-flagrada-no-centro-de-adamantina-desacatando-colaborador-da-zona-azul\/#article","isPartOf":{"@id":"https:\/\/radiolifefm.com.br\/noticias\/motorista-e-flagrada-no-centro-de-adamantina-desacatando-colaborador-da-zona-azul\/"},"author":{"name":"ritanery","@id":"https:\/\/radiolifefm.com.br\/noticias\/#\/schema\/person\/6339b9fac59d12b071dec680d7375d87"},"headline":"Motorista \u00e9 flagrada no centro de Adamantina desacatando colaborador da zona azul","datePublished":"2022-09-02T11:01:04+00:00","dateModified":"2026-04-04T15:28:06+00:00","mainEntityOfPage":{"@id":"https:\/\/radiolifefm.com.br\/noticias\/motorista-e-flagrada-no-centro-de-adamantina-desacatando-colaborador-da-zona-azul\/"},"wordCount":720,"publisher":{"@id":"https:\/\/radiolifefm.com.br\/noticias\/#organization"},"image":{"@id":"https:\/\/radiolifefm.com.br\/noticias\/motorista-e-flagrada-no-centro-de-adamantina-desacatando-colaborador-da-zona-azul\/#primaryimage"},"thumbnailUrl":"https:\/\/radiolifefm.com.br\/noticias\/wp-content\/uploads\/2022\/09\/zona-azul-capapng16620558706310f5beb5b69.jpg","articleSection":["Adamantina"],"inLanguage":"pt-BR"},{"@type":"WebPage","@id":"https:\/\/radiolifefm.com.br\/noticias\/motorista-e-flagrada-no-centro-de-adamantina-desacatando-colaborador-da-zona-azul\/","url":"https:\/\/radiolifefm.com.br\/noticias\/motorista-e-flagrada-no-centro-de-adamantina-desacatando-colaborador-da-zona-azul\/","name":"Motorista \u00e9 flagrada no centro de Adamantina desacatando colaborador da zona azul - R\u00e1dio Life FM","isPartOf":{"@id":"https:\/\/radiolifefm.com.br\/noticias\/#website"},"primaryImageOfPage":{"@id":"https:\/\/radiolifefm.com.br\/noticias\/motorista-e-flagrada-no-centro-de-adamantina-desacatando-colaborador-da-zona-azul\/#primaryimage"},"image":{"@id":"https:\/\/radiolifefm.com.br\/noticias\/motorista-e-flagrada-no-centro-de-adamantina-desacatando-colaborador-da-zona-azul\/#primaryimage"},"thumbnailUrl":"https:\/\/radiolifefm.com.br\/noticias\/wp-content\/uploads\/2022\/09\/zona-azul-capapng16620558706310f5beb5b69.jpg","datePublished":"2022-09-02T11:01:04+00:00","dateModified":"2026-04-04T15:28:06+00:00","breadcrumb":{"@id":"https:\/\/radiolifefm.com.br\/noticias\/motorista-e-flagrada-no-centro-de-adamantina-desacatando-colaborador-da-zona-azul\/#breadcrumb"},"inLanguage":"pt-BR","potentialAction":[{"@type":"ReadAction","target":["https:\/\/radiolifefm.com.br\/noticias\/motorista-e-flagrada-no-centro-de-adamantina-desacatando-colaborador-da-zona-azul\/"]}]},{"@type":"ImageObject","inLanguage":"pt-BR","@id":"https:\/\/radiolifefm.com.br\/noticias\/motorista-e-flagrada-no-centro-de-adamantina-desacatando-colaborador-da-zona-azul\/#primaryimage","url":"https:\/\/radiolifefm.com.br\/noticias\/wp-content\/uploads\/2022\/09\/zona-azul-capapng16620558706310f5beb5b69.jpg","contentUrl":"https:\/\/radiolifefm.com.br\/noticias\/wp-content\/uploads\/2022\/09\/zona-azul-capapng16620558706310f5beb5b69.jpg","width":600,"height":337,"caption":"Sequ\u00eancia de imagens extra\u00eddas do v\u00eddeo"},{"@type":"BreadcrumbList","@id":"https:\/\/radiolifefm.com.br\/noticias\/motorista-e-flagrada-no-centro-de-adamantina-desacatando-colaborador-da-zona-azul\/#breadcrumb","itemListElement":[{"@type":"ListItem","position":1,"name":"In\u00edcio","item":"https:\/\/radiolifefm.com.br\/noticias\/"},{"@type":"ListItem","position":2,"name":"Motorista \u00e9 flagrada no centro de Adamantina desacatando colaborador da zona azul"}]},{"@type":"WebSite","@id":"https:\/\/radiolifefm.com.br\/noticias\/#website","url":"https:\/\/radiolifefm.com.br\/noticias\/","name":"R\u00e1dio Life FM","description":"O Portal de Not\u00edcias de Adamantina","publisher":{"@id":"https:\/\/radiolifefm.com.br\/noticias\/#organization"},"alternateName":"Life FM","potentialAction":[{"@type":"SearchAction","target":{"@type":"EntryPoint","urlTemplate":"https:\/\/radiolifefm.com.br\/noticias\/?s={search_term_string}"},"query-input":{"@type":"PropertyValueSpecification","valueRequired":true,"valueName":"search_term_string"}}],"inLanguage":"pt-BR"},{"@type":"Organization","@id":"https:\/\/radiolifefm.com.br\/noticias\/#organization","name":"R\u00e1dio Life FM","alternateName":"Life FM","url":"https:\/\/radiolifefm.com.br\/noticias\/","logo":{"@type":"ImageObject","inLanguage":"pt-BR","@id":"https:\/\/radiolifefm.com.br\/noticias\/#\/schema\/logo\/image\/","url":"https:\/\/static.radiolifefm.com.br\/noticias\/wp-content\/uploads\/2019\/10\/logo-lifefm.png","contentUrl":"https:\/\/static.radiolifefm.com.br\/noticias\/wp-content\/uploads\/2019\/10\/logo-lifefm.png","width":196,"height":47,"caption":"R\u00e1dio Life FM"},"image":{"@id":"https:\/\/radiolifefm.com.br\/noticias\/#\/schema\/logo\/image\/"},"sameAs":["https:\/\/www.facebook.com\/radiolifefm\/","https:\/\/www.instagram.com\/life1079fm\/"]},{"@type":"Person","@id":"https:\/\/radiolifefm.com.br\/noticias\/#\/schema\/person\/6339b9fac59d12b071dec680d7375d87","name":"ritanery","image":{"@type":"ImageObject","inLanguage":"pt-BR","@id":"https:\/\/secure.gravatar.com\/avatar\/0e37bb19071f47c0b8a23f62a903df117c5a0e75f65a0c2901562f97cd41cf86?s=96&d=mm&r=g","url":"https:\/\/secure.gravatar.com\/avatar\/0e37bb19071f47c0b8a23f62a903df117c5a0e75f65a0c2901562f97cd41cf86?s=96&d=mm&r=g","contentUrl":"https:\/\/secure.gravatar.com\/avatar\/0e37bb19071f47c0b8a23f62a903df117c5a0e75f65a0c2901562f97cd41cf86?s=96&d=mm&r=g","caption":"ritanery"}}]}},"amp_enabled":true,"_links":{"self":[{"href":"https:\/\/radiolifefm.com.br\/noticias\/wp-json\/wp\/v2\/posts\/57652","targetHints":{"allow":["GET"]}}],"collection":[{"href":"https:\/\/radiolifefm.com.br\/noticias\/wp-json\/wp\/v2\/posts"}],"about":[{"href":"https:\/\/radiolifefm.com.br\/noticias\/wp-json\/wp\/v2\/types\/post"}],"author":[{"embeddable":true,"href":"https:\/\/radiolifefm.com.br\/noticias\/wp-json\/wp\/v2\/users\/13"}],"replies":[{"embeddable":true,"href":"https:\/\/radiolifefm.com.br\/noticias\/wp-json\/wp\/v2\/comments?post=57652"}],"version-history":[{"count":2,"href":"https:\/\/radiolifefm.com.br\/noticias\/wp-json\/wp\/v2\/posts\/57652\/revisions"}],"predecessor-version":[{"id":57655,"href":"https:\/\/radiolifefm.com.br\/noticias\/wp-json\/wp\/v2\/posts\/57652\/revisions\/57655"}],"wp:featuredmedia":[{"embeddable":true,"href":"https:\/\/radiolifefm.com.br\/noticias\/wp-json\/wp\/v2\/media\/57653"}],"wp:attachment":[{"href":"https:\/\/radiolifefm.com.br\/noticias\/wp-json\/wp\/v2\/media?parent=57652"}],"wp:term":[{"taxonomy":"category","embeddable":true,"href":"https:\/\/radiolifefm.com.br\/noticias\/wp-json\/wp\/v2\/categories?post=57652"},{"taxonomy":"post_tag","embeddable":true,"href":"https:\/\/radiolifefm.com.br\/noticias\/wp-json\/wp\/v2\/tags?post=57652"}],"curies":[{"name":"wp","href":"https:\/\/api.w.org\/{rel}","templated":true}]}}