{"id":57645,"date":"2022-09-01T17:40:15","date_gmt":"2022-09-01T20:40:15","guid":{"rendered":"https:\/\/radiolifefm.com.br\/noticias\/?p=57645"},"modified":"2026-04-14T01:22:28","modified_gmt":"2026-04-14T04:22:28","slug":"expoverde_supermercado-mituo-realiza-o-sonho-da-pequena-livia-bianco-garcia-de-10-anos-conhecer-a-cantora-ana-castela_lifefm","status":"publish","type":"post","link":"https:\/\/radiolifefm.com.br\/noticias\/expoverde_supermercado-mituo-realiza-o-sonho-da-pequena-livia-bianco-garcia-de-10-anos-conhecer-a-cantora-ana-castela_lifefm\/","title":{"rendered":"Supermercado Mituo realiza o sonho da pequena L\u00edvia Bianco Garcia, de 10 anos: conhecer a cantora Ana Castela"},"content":{"rendered":"<div id=\"fb-root\"><\/div>\n<p>&nbsp;<\/p>\n<p>O sonho da pequena L\u00edvia Bianco Garcia, de 10 anos, era conhecer de perto a cantora Ana Castela e esse sonho foi realizado pelo supermercado Mituo nesta quarta-feira (31\/08), na segunda noite da Expoverde 2022 em Adamantina.<\/p>\n<p>&nbsp;<\/p>\n<p>L\u00edvia \u00e9 filha da Patr\u00edcia Bianco Garcia que relata que a pequena \u00e9 apaixonada pela cantora. &#8220;Ela \u00e9 muito f\u00e3. Vive de chap\u00e9u o dia todo, cantando os sucessos da Ana e dan\u00e7ando as coreografias&#8221;, declara Patr\u00edcia.<\/p>\n<p>&nbsp;<\/p>\n<div style=\"width: 640px;\" class=\"wp-video\"><!--[if lt IE 9]><script>document.createElement('video');<\/script><![endif]-->\n<video class=\"wp-video-shortcode\" id=\"video-57645-1\" width=\"640\" height=\"352\" preload=\"metadata\" controls=\"controls\"><source type=\"video\/mp4\" src=\"https:\/\/static.radiolifefm.com.br\/wp-content\/uploads\/sites\/2\/2022\/09\/Video-Livia.mp4?_=1\" \/><a href=\"https:\/\/static.radiolifefm.com.br\/wp-content\/uploads\/sites\/2\/2022\/09\/Video-Livia.mp4\">https:\/\/static.radiolifefm.com.br\/wp-content\/uploads\/sites\/2\/2022\/09\/Video-Livia.mp4<\/a><\/video><\/div>\n<p>&nbsp;<\/p>\n<p>L\u00edvia gravou um v\u00eddeo que chegou at\u00e9 o Carlinhos do Mituo. Ele, encantado com a hist\u00f3ria da pequena L\u00edvia, fez quest\u00e3o de convidar toda a fam\u00edlia para o camarote, de onde assistiu as montarias, e quando chegou o grande momento, Carlinhos e sua esposa levaram L\u00edvia at\u00e9 o camarim da Ana Castela.<\/p>\n<p>&nbsp;<\/p>\n<p>A m\u00e3e vinha preparando esse momento a v\u00e1rios dias, mas n\u00e3o contou nada para L\u00edvia, com receio de n\u00e3o dar certo e ela ficar decepcionada e triste.<\/p>\n<p>&nbsp;<\/p>\n<p>Final feliz para todos: L\u00edvia realizou o sonho, a m\u00e3e viu a felicidade no rosto da pequena e o empres\u00e1rio Carlinhos teve a maior recompensa que \u00e9 saber que contribui na realiza\u00e7\u00e3o do sonho de uma crian\u00e7a.<\/p>\n<p>&nbsp;<\/p>\n<p><img loading=\"lazy\" decoding=\"async\" class=\"alignnone size-medium wp-image-57648\" src=\"https:\/\/static.radiolifefm.com.br\/wp-content\/uploads\/sites\/2\/2022\/09\/Livia-e-Ana-Castela-225x300.jpeg\" alt=\"\" width=\"225\" height=\"300\" srcset=\"https:\/\/radiolifefm.com.br\/noticias\/wp-content\/uploads\/2022\/09\/Livia-e-Ana-Castela-225x300.jpeg 225w, https:\/\/radiolifefm.com.br\/noticias\/wp-content\/uploads\/2022\/09\/Livia-e-Ana-Castela.jpeg 768w\" sizes=\"auto, (max-width: 225px) 100vw, 225px\" \/><\/p>\n<p>&nbsp;<\/p>\n<p>Como um dos patrocinadores Master da Expoverde 2022, Carlinhos declara estar muito satisfeito com a parceria. &#8220;Fizemos o investimento de marketing por j\u00e1 imagin\u00e1vamos que, com Cabeludo Eventos, a festa seria esse grande sucesso, mas realizar o sonho da pequena L\u00edvia foi minha maior recompensa&#8221;, finaliza.<\/p>\n<p>&nbsp;<\/p>\n<p>&nbsp;<\/p>\n<p>Da Reda\u00e7\u00e3o<\/p>\n","protected":false},"excerpt":{"rendered":"<p>&nbsp; O sonho da pequena L\u00edvia Bianco Garcia, de 10 anos, era conhecer de perto a cantora Ana Castela e esse sonho foi realizado pelo supermercado Mituo nesta quarta-feira (31\/08), na segunda noite da Expoverde 2022 em Adamantina. &nbsp; L\u00edvia \u00e9 filha da Patr\u00edcia Bianco Garcia que relata que a pequena \u00e9 apaixonada pela cantora. [&hellip;]<\/p>\n","protected":false},"author":12,"featured_media":57647,"comment_status":"closed","ping_status":"open","sticky":false,"template":"","format":"standard","meta":{"_acf_changed":false,"_exactmetrics_skip_tracking":false,"_exactmetrics_sitenote_active":false,"_exactmetrics_sitenote_note":"","_exactmetrics_sitenote_category":0,"footnotes":""},"categories":[21],"tags":[],"class_list":["post-57645","post","type-post","status-publish","format-standard","has-post-thumbnail","hentry","category-adamantina"],"acf":[],"yoast_head":"<!-- This site is optimized with the Yoast SEO plugin v27.2 - https:\/\/yoast.com\/product\/yoast-seo-wordpress\/ -->\n<title>Supermercado Mituo realiza o sonho da pequena L\u00edvia Bianco Garcia, de 10 anos: conhecer a cantora Ana Castela - R\u00e1dio Life FM<\/title>\n<meta name=\"robots\" content=\"index, follow, max-snippet:-1, max-image-preview:large, max-video-preview:-1\" \/>\n<link rel=\"canonical\" href=\"https:\/\/radiolifefm.com.br\/noticias\/expoverde_supermercado-mituo-realiza-o-sonho-da-pequena-livia-bianco-garcia-de-10-anos-conhecer-a-cantora-ana-castela_lifefm\/\" \/>\n<meta property=\"og:locale\" content=\"pt_BR\" \/>\n<meta property=\"og:type\" content=\"article\" \/>\n<meta property=\"og:title\" content=\"Supermercado Mituo realiza o sonho da pequena L\u00edvia Bianco Garcia, de 10 anos: conhecer a cantora Ana Castela - R\u00e1dio Life FM\" \/>\n<meta property=\"og:description\" content=\"&nbsp; O sonho da pequena L\u00edvia Bianco Garcia, de 10 anos, era conhecer de perto a cantora Ana Castela e esse sonho foi realizado pelo supermercado Mituo nesta quarta-feira (31\/08), na segunda noite da Expoverde 2022 em Adamantina. &nbsp; L\u00edvia \u00e9 filha da Patr\u00edcia Bianco Garcia que relata que a pequena \u00e9 apaixonada pela cantora. [&hellip;]\" \/>\n<meta property=\"og:url\" content=\"https:\/\/radiolifefm.com.br\/noticias\/expoverde_supermercado-mituo-realiza-o-sonho-da-pequena-livia-bianco-garcia-de-10-anos-conhecer-a-cantora-ana-castela_lifefm\/\" \/>\n<meta property=\"og:site_name\" content=\"R\u00e1dio Life FM\" \/>\n<meta property=\"article:publisher\" content=\"https:\/\/www.facebook.com\/radiolifefm\/\" \/>\n<meta property=\"article:published_time\" content=\"2022-09-01T20:40:15+00:00\" \/>\n<meta property=\"article:modified_time\" content=\"2026-04-14T04:22:28+00:00\" \/>\n<meta property=\"og:image\" content=\"https:\/\/radiolifefm.com.br\/noticias\/wp-content\/uploads\/2022\/09\/Mituo-e-Livia-e1662064804936.jpeg\" \/>\n\t<meta property=\"og:image:width\" content=\"768\" \/>\n\t<meta property=\"og:image:height\" content=\"601\" \/>\n\t<meta property=\"og:image:type\" content=\"image\/jpeg\" \/>\n<meta name=\"author\" content=\"mayraferrari\" \/>\n<meta name=\"twitter:card\" content=\"summary_large_image\" \/>\n<meta name=\"twitter:label1\" content=\"Escrito por\" \/>\n\t<meta name=\"twitter:data1\" content=\"mayraferrari\" \/>\n\t<meta name=\"twitter:label2\" content=\"Est. tempo de leitura\" \/>\n\t<meta name=\"twitter:data2\" content=\"2 minutos\" \/>\n<script type=\"application\/ld+json\" class=\"yoast-schema-graph\">{\"@context\":\"https:\/\/schema.org\",\"@graph\":[{\"@type\":\"Article\",\"@id\":\"https:\/\/radiolifefm.com.br\/noticias\/expoverde_supermercado-mituo-realiza-o-sonho-da-pequena-livia-bianco-garcia-de-10-anos-conhecer-a-cantora-ana-castela_lifefm\/#article\",\"isPartOf\":{\"@id\":\"https:\/\/radiolifefm.com.br\/noticias\/expoverde_supermercado-mituo-realiza-o-sonho-da-pequena-livia-bianco-garcia-de-10-anos-conhecer-a-cantora-ana-castela_lifefm\/\"},\"author\":{\"name\":\"mayraferrari\",\"@id\":\"https:\/\/radiolifefm.com.br\/noticias\/#\/schema\/person\/d37940c51f50a0c5db4e065bb527a35d\"},\"headline\":\"Supermercado Mituo realiza o sonho da pequena L\u00edvia Bianco Garcia, de 10 anos: conhecer a cantora Ana Castela\",\"datePublished\":\"2022-09-01T20:40:15+00:00\",\"dateModified\":\"2026-04-14T04:22:28+00:00\",\"mainEntityOfPage\":{\"@id\":\"https:\/\/radiolifefm.com.br\/noticias\/expoverde_supermercado-mituo-realiza-o-sonho-da-pequena-livia-bianco-garcia-de-10-anos-conhecer-a-cantora-ana-castela_lifefm\/\"},\"wordCount\":299,\"publisher\":{\"@id\":\"https:\/\/radiolifefm.com.br\/noticias\/#organization\"},\"image\":{\"@id\":\"https:\/\/radiolifefm.com.br\/noticias\/expoverde_supermercado-mituo-realiza-o-sonho-da-pequena-livia-bianco-garcia-de-10-anos-conhecer-a-cantora-ana-castela_lifefm\/#primaryimage\"},\"thumbnailUrl\":\"https:\/\/radiolifefm.com.br\/noticias\/wp-content\/uploads\/2022\/09\/Mituo-e-Livia-e1662064804936.jpeg\",\"articleSection\":[\"Adamantina\"],\"inLanguage\":\"pt-BR\"},{\"@type\":\"WebPage\",\"@id\":\"https:\/\/radiolifefm.com.br\/noticias\/expoverde_supermercado-mituo-realiza-o-sonho-da-pequena-livia-bianco-garcia-de-10-anos-conhecer-a-cantora-ana-castela_lifefm\/\",\"url\":\"https:\/\/radiolifefm.com.br\/noticias\/expoverde_supermercado-mituo-realiza-o-sonho-da-pequena-livia-bianco-garcia-de-10-anos-conhecer-a-cantora-ana-castela_lifefm\/\",\"name\":\"Supermercado Mituo realiza o sonho da pequena L\u00edvia Bianco Garcia, de 10 anos: conhecer a cantora Ana Castela - R\u00e1dio Life FM\",\"isPartOf\":{\"@id\":\"https:\/\/radiolifefm.com.br\/noticias\/#website\"},\"primaryImageOfPage\":{\"@id\":\"https:\/\/radiolifefm.com.br\/noticias\/expoverde_supermercado-mituo-realiza-o-sonho-da-pequena-livia-bianco-garcia-de-10-anos-conhecer-a-cantora-ana-castela_lifefm\/#primaryimage\"},\"image\":{\"@id\":\"https:\/\/radiolifefm.com.br\/noticias\/expoverde_supermercado-mituo-realiza-o-sonho-da-pequena-livia-bianco-garcia-de-10-anos-conhecer-a-cantora-ana-castela_lifefm\/#primaryimage\"},\"thumbnailUrl\":\"https:\/\/radiolifefm.com.br\/noticias\/wp-content\/uploads\/2022\/09\/Mituo-e-Livia-e1662064804936.jpeg\",\"datePublished\":\"2022-09-01T20:40:15+00:00\",\"dateModified\":\"2026-04-14T04:22:28+00:00\",\"breadcrumb\":{\"@id\":\"https:\/\/radiolifefm.com.br\/noticias\/expoverde_supermercado-mituo-realiza-o-sonho-da-pequena-livia-bianco-garcia-de-10-anos-conhecer-a-cantora-ana-castela_lifefm\/#breadcrumb\"},\"inLanguage\":\"pt-BR\",\"potentialAction\":[{\"@type\":\"ReadAction\",\"target\":[\"https:\/\/radiolifefm.com.br\/noticias\/expoverde_supermercado-mituo-realiza-o-sonho-da-pequena-livia-bianco-garcia-de-10-anos-conhecer-a-cantora-ana-castela_lifefm\/\"]}]},{\"@type\":\"ImageObject\",\"inLanguage\":\"pt-BR\",\"@id\":\"https:\/\/radiolifefm.com.br\/noticias\/expoverde_supermercado-mituo-realiza-o-sonho-da-pequena-livia-bianco-garcia-de-10-anos-conhecer-a-cantora-ana-castela_lifefm\/#primaryimage\",\"url\":\"https:\/\/radiolifefm.com.br\/noticias\/wp-content\/uploads\/2022\/09\/Mituo-e-Livia-e1662064804936.jpeg\",\"contentUrl\":\"https:\/\/radiolifefm.com.br\/noticias\/wp-content\/uploads\/2022\/09\/Mituo-e-Livia-e1662064804936.jpeg\",\"width\":768,\"height\":601},{\"@type\":\"BreadcrumbList\",\"@id\":\"https:\/\/radiolifefm.com.br\/noticias\/expoverde_supermercado-mituo-realiza-o-sonho-da-pequena-livia-bianco-garcia-de-10-anos-conhecer-a-cantora-ana-castela_lifefm\/#breadcrumb\",\"itemListElement\":[{\"@type\":\"ListItem\",\"position\":1,\"name\":\"In\u00edcio\",\"item\":\"https:\/\/radiolifefm.com.br\/noticias\/\"},{\"@type\":\"ListItem\",\"position\":2,\"name\":\"Supermercado Mituo realiza o sonho da pequena L\u00edvia Bianco Garcia, de 10 anos: conhecer a cantora Ana Castela\"}]},{\"@type\":\"WebSite\",\"@id\":\"https:\/\/radiolifefm.com.br\/noticias\/#website\",\"url\":\"https:\/\/radiolifefm.com.br\/noticias\/\",\"name\":\"R\u00e1dio Life FM\",\"description\":\"O Portal de Not\u00edcias de Adamantina\",\"publisher\":{\"@id\":\"https:\/\/radiolifefm.com.br\/noticias\/#organization\"},\"alternateName\":\"Life FM\",\"potentialAction\":[{\"@type\":\"SearchAction\",\"target\":{\"@type\":\"EntryPoint\",\"urlTemplate\":\"https:\/\/radiolifefm.com.br\/noticias\/?s={search_term_string}\"},\"query-input\":{\"@type\":\"PropertyValueSpecification\",\"valueRequired\":true,\"valueName\":\"search_term_string\"}}],\"inLanguage\":\"pt-BR\"},{\"@type\":\"Organization\",\"@id\":\"https:\/\/radiolifefm.com.br\/noticias\/#organization\",\"name\":\"R\u00e1dio Life FM\",\"alternateName\":\"Life FM\",\"url\":\"https:\/\/radiolifefm.com.br\/noticias\/\",\"logo\":{\"@type\":\"ImageObject\",\"inLanguage\":\"pt-BR\",\"@id\":\"https:\/\/radiolifefm.com.br\/noticias\/#\/schema\/logo\/image\/\",\"url\":\"https:\/\/static.radiolifefm.com.br\/noticias\/wp-content\/uploads\/2019\/10\/logo-lifefm.png\",\"contentUrl\":\"https:\/\/static.radiolifefm.com.br\/noticias\/wp-content\/uploads\/2019\/10\/logo-lifefm.png\",\"width\":196,\"height\":47,\"caption\":\"R\u00e1dio Life FM\"},\"image\":{\"@id\":\"https:\/\/radiolifefm.com.br\/noticias\/#\/schema\/logo\/image\/\"},\"sameAs\":[\"https:\/\/www.facebook.com\/radiolifefm\/\",\"https:\/\/www.instagram.com\/life1079fm\/\"]},{\"@type\":\"Person\",\"@id\":\"https:\/\/radiolifefm.com.br\/noticias\/#\/schema\/person\/d37940c51f50a0c5db4e065bb527a35d\",\"name\":\"mayraferrari\",\"image\":{\"@type\":\"ImageObject\",\"inLanguage\":\"pt-BR\",\"@id\":\"https:\/\/secure.gravatar.com\/avatar\/69374fafea2eae004e87f555bcb8bb6e24c5d501c2ffec6bbedf0a8f25427b93?s=96&d=mm&r=g\",\"url\":\"https:\/\/secure.gravatar.com\/avatar\/69374fafea2eae004e87f555bcb8bb6e24c5d501c2ffec6bbedf0a8f25427b93?s=96&d=mm&r=g\",\"contentUrl\":\"https:\/\/secure.gravatar.com\/avatar\/69374fafea2eae004e87f555bcb8bb6e24c5d501c2ffec6bbedf0a8f25427b93?s=96&d=mm&r=g\",\"caption\":\"mayraferrari\"}}]}<\/script>\n<!-- \/ Yoast SEO plugin. -->","yoast_head_json":{"title":"Supermercado Mituo realiza o sonho da pequena L\u00edvia Bianco Garcia, de 10 anos: conhecer a cantora Ana Castela - R\u00e1dio Life FM","robots":{"index":"index","follow":"follow","max-snippet":"max-snippet:-1","max-image-preview":"max-image-preview:large","max-video-preview":"max-video-preview:-1"},"canonical":"https:\/\/radiolifefm.com.br\/noticias\/expoverde_supermercado-mituo-realiza-o-sonho-da-pequena-livia-bianco-garcia-de-10-anos-conhecer-a-cantora-ana-castela_lifefm\/","og_locale":"pt_BR","og_type":"article","og_title":"Supermercado Mituo realiza o sonho da pequena L\u00edvia Bianco Garcia, de 10 anos: conhecer a cantora Ana Castela - R\u00e1dio Life FM","og_description":"&nbsp; O sonho da pequena L\u00edvia Bianco Garcia, de 10 anos, era conhecer de perto a cantora Ana Castela e esse sonho foi realizado pelo supermercado Mituo nesta quarta-feira (31\/08), na segunda noite da Expoverde 2022 em Adamantina. &nbsp; L\u00edvia \u00e9 filha da Patr\u00edcia Bianco Garcia que relata que a pequena \u00e9 apaixonada pela cantora. [&hellip;]","og_url":"https:\/\/radiolifefm.com.br\/noticias\/expoverde_supermercado-mituo-realiza-o-sonho-da-pequena-livia-bianco-garcia-de-10-anos-conhecer-a-cantora-ana-castela_lifefm\/","og_site_name":"R\u00e1dio Life FM","article_publisher":"https:\/\/www.facebook.com\/radiolifefm\/","article_published_time":"2022-09-01T20:40:15+00:00","article_modified_time":"2026-04-14T04:22:28+00:00","og_image":[{"width":768,"height":601,"url":"https:\/\/radiolifefm.com.br\/noticias\/wp-content\/uploads\/2022\/09\/Mituo-e-Livia-e1662064804936.jpeg","type":"image\/jpeg"}],"author":"mayraferrari","twitter_card":"summary_large_image","twitter_misc":{"Escrito por":"mayraferrari","Est. tempo de leitura":"2 minutos"},"schema":{"@context":"https:\/\/schema.org","@graph":[{"@type":"Article","@id":"https:\/\/radiolifefm.com.br\/noticias\/expoverde_supermercado-mituo-realiza-o-sonho-da-pequena-livia-bianco-garcia-de-10-anos-conhecer-a-cantora-ana-castela_lifefm\/#article","isPartOf":{"@id":"https:\/\/radiolifefm.com.br\/noticias\/expoverde_supermercado-mituo-realiza-o-sonho-da-pequena-livia-bianco-garcia-de-10-anos-conhecer-a-cantora-ana-castela_lifefm\/"},"author":{"name":"mayraferrari","@id":"https:\/\/radiolifefm.com.br\/noticias\/#\/schema\/person\/d37940c51f50a0c5db4e065bb527a35d"},"headline":"Supermercado Mituo realiza o sonho da pequena L\u00edvia Bianco Garcia, de 10 anos: conhecer a cantora Ana Castela","datePublished":"2022-09-01T20:40:15+00:00","dateModified":"2026-04-14T04:22:28+00:00","mainEntityOfPage":{"@id":"https:\/\/radiolifefm.com.br\/noticias\/expoverde_supermercado-mituo-realiza-o-sonho-da-pequena-livia-bianco-garcia-de-10-anos-conhecer-a-cantora-ana-castela_lifefm\/"},"wordCount":299,"publisher":{"@id":"https:\/\/radiolifefm.com.br\/noticias\/#organization"},"image":{"@id":"https:\/\/radiolifefm.com.br\/noticias\/expoverde_supermercado-mituo-realiza-o-sonho-da-pequena-livia-bianco-garcia-de-10-anos-conhecer-a-cantora-ana-castela_lifefm\/#primaryimage"},"thumbnailUrl":"https:\/\/radiolifefm.com.br\/noticias\/wp-content\/uploads\/2022\/09\/Mituo-e-Livia-e1662064804936.jpeg","articleSection":["Adamantina"],"inLanguage":"pt-BR"},{"@type":"WebPage","@id":"https:\/\/radiolifefm.com.br\/noticias\/expoverde_supermercado-mituo-realiza-o-sonho-da-pequena-livia-bianco-garcia-de-10-anos-conhecer-a-cantora-ana-castela_lifefm\/","url":"https:\/\/radiolifefm.com.br\/noticias\/expoverde_supermercado-mituo-realiza-o-sonho-da-pequena-livia-bianco-garcia-de-10-anos-conhecer-a-cantora-ana-castela_lifefm\/","name":"Supermercado Mituo realiza o sonho da pequena L\u00edvia Bianco Garcia, de 10 anos: conhecer a cantora Ana Castela - R\u00e1dio Life FM","isPartOf":{"@id":"https:\/\/radiolifefm.com.br\/noticias\/#website"},"primaryImageOfPage":{"@id":"https:\/\/radiolifefm.com.br\/noticias\/expoverde_supermercado-mituo-realiza-o-sonho-da-pequena-livia-bianco-garcia-de-10-anos-conhecer-a-cantora-ana-castela_lifefm\/#primaryimage"},"image":{"@id":"https:\/\/radiolifefm.com.br\/noticias\/expoverde_supermercado-mituo-realiza-o-sonho-da-pequena-livia-bianco-garcia-de-10-anos-conhecer-a-cantora-ana-castela_lifefm\/#primaryimage"},"thumbnailUrl":"https:\/\/radiolifefm.com.br\/noticias\/wp-content\/uploads\/2022\/09\/Mituo-e-Livia-e1662064804936.jpeg","datePublished":"2022-09-01T20:40:15+00:00","dateModified":"2026-04-14T04:22:28+00:00","breadcrumb":{"@id":"https:\/\/radiolifefm.com.br\/noticias\/expoverde_supermercado-mituo-realiza-o-sonho-da-pequena-livia-bianco-garcia-de-10-anos-conhecer-a-cantora-ana-castela_lifefm\/#breadcrumb"},"inLanguage":"pt-BR","potentialAction":[{"@type":"ReadAction","target":["https:\/\/radiolifefm.com.br\/noticias\/expoverde_supermercado-mituo-realiza-o-sonho-da-pequena-livia-bianco-garcia-de-10-anos-conhecer-a-cantora-ana-castela_lifefm\/"]}]},{"@type":"ImageObject","inLanguage":"pt-BR","@id":"https:\/\/radiolifefm.com.br\/noticias\/expoverde_supermercado-mituo-realiza-o-sonho-da-pequena-livia-bianco-garcia-de-10-anos-conhecer-a-cantora-ana-castela_lifefm\/#primaryimage","url":"https:\/\/radiolifefm.com.br\/noticias\/wp-content\/uploads\/2022\/09\/Mituo-e-Livia-e1662064804936.jpeg","contentUrl":"https:\/\/radiolifefm.com.br\/noticias\/wp-content\/uploads\/2022\/09\/Mituo-e-Livia-e1662064804936.jpeg","width":768,"height":601},{"@type":"BreadcrumbList","@id":"https:\/\/radiolifefm.com.br\/noticias\/expoverde_supermercado-mituo-realiza-o-sonho-da-pequena-livia-bianco-garcia-de-10-anos-conhecer-a-cantora-ana-castela_lifefm\/#breadcrumb","itemListElement":[{"@type":"ListItem","position":1,"name":"In\u00edcio","item":"https:\/\/radiolifefm.com.br\/noticias\/"},{"@type":"ListItem","position":2,"name":"Supermercado Mituo realiza o sonho da pequena L\u00edvia Bianco Garcia, de 10 anos: conhecer a cantora Ana Castela"}]},{"@type":"WebSite","@id":"https:\/\/radiolifefm.com.br\/noticias\/#website","url":"https:\/\/radiolifefm.com.br\/noticias\/","name":"R\u00e1dio Life FM","description":"O Portal de Not\u00edcias de Adamantina","publisher":{"@id":"https:\/\/radiolifefm.com.br\/noticias\/#organization"},"alternateName":"Life FM","potentialAction":[{"@type":"SearchAction","target":{"@type":"EntryPoint","urlTemplate":"https:\/\/radiolifefm.com.br\/noticias\/?s={search_term_string}"},"query-input":{"@type":"PropertyValueSpecification","valueRequired":true,"valueName":"search_term_string"}}],"inLanguage":"pt-BR"},{"@type":"Organization","@id":"https:\/\/radiolifefm.com.br\/noticias\/#organization","name":"R\u00e1dio Life FM","alternateName":"Life FM","url":"https:\/\/radiolifefm.com.br\/noticias\/","logo":{"@type":"ImageObject","inLanguage":"pt-BR","@id":"https:\/\/radiolifefm.com.br\/noticias\/#\/schema\/logo\/image\/","url":"https:\/\/static.radiolifefm.com.br\/noticias\/wp-content\/uploads\/2019\/10\/logo-lifefm.png","contentUrl":"https:\/\/static.radiolifefm.com.br\/noticias\/wp-content\/uploads\/2019\/10\/logo-lifefm.png","width":196,"height":47,"caption":"R\u00e1dio Life FM"},"image":{"@id":"https:\/\/radiolifefm.com.br\/noticias\/#\/schema\/logo\/image\/"},"sameAs":["https:\/\/www.facebook.com\/radiolifefm\/","https:\/\/www.instagram.com\/life1079fm\/"]},{"@type":"Person","@id":"https:\/\/radiolifefm.com.br\/noticias\/#\/schema\/person\/d37940c51f50a0c5db4e065bb527a35d","name":"mayraferrari","image":{"@type":"ImageObject","inLanguage":"pt-BR","@id":"https:\/\/secure.gravatar.com\/avatar\/69374fafea2eae004e87f555bcb8bb6e24c5d501c2ffec6bbedf0a8f25427b93?s=96&d=mm&r=g","url":"https:\/\/secure.gravatar.com\/avatar\/69374fafea2eae004e87f555bcb8bb6e24c5d501c2ffec6bbedf0a8f25427b93?s=96&d=mm&r=g","contentUrl":"https:\/\/secure.gravatar.com\/avatar\/69374fafea2eae004e87f555bcb8bb6e24c5d501c2ffec6bbedf0a8f25427b93?s=96&d=mm&r=g","caption":"mayraferrari"}}]}},"amp_enabled":true,"_links":{"self":[{"href":"https:\/\/radiolifefm.com.br\/noticias\/wp-json\/wp\/v2\/posts\/57645","targetHints":{"allow":["GET"]}}],"collection":[{"href":"https:\/\/radiolifefm.com.br\/noticias\/wp-json\/wp\/v2\/posts"}],"about":[{"href":"https:\/\/radiolifefm.com.br\/noticias\/wp-json\/wp\/v2\/types\/post"}],"author":[{"embeddable":true,"href":"https:\/\/radiolifefm.com.br\/noticias\/wp-json\/wp\/v2\/users\/12"}],"replies":[{"embeddable":true,"href":"https:\/\/radiolifefm.com.br\/noticias\/wp-json\/wp\/v2\/comments?post=57645"}],"version-history":[{"count":1,"href":"https:\/\/radiolifefm.com.br\/noticias\/wp-json\/wp\/v2\/posts\/57645\/revisions"}],"predecessor-version":[{"id":57649,"href":"https:\/\/radiolifefm.com.br\/noticias\/wp-json\/wp\/v2\/posts\/57645\/revisions\/57649"}],"wp:featuredmedia":[{"embeddable":true,"href":"https:\/\/radiolifefm.com.br\/noticias\/wp-json\/wp\/v2\/media\/57647"}],"wp:attachment":[{"href":"https:\/\/radiolifefm.com.br\/noticias\/wp-json\/wp\/v2\/media?parent=57645"}],"wp:term":[{"taxonomy":"category","embeddable":true,"href":"https:\/\/radiolifefm.com.br\/noticias\/wp-json\/wp\/v2\/categories?post=57645"},{"taxonomy":"post_tag","embeddable":true,"href":"https:\/\/radiolifefm.com.br\/noticias\/wp-json\/wp\/v2\/tags?post=57645"}],"curies":[{"name":"wp","href":"https:\/\/api.w.org\/{rel}","templated":true}]}}