{"id":57636,"date":"2022-09-01T14:34:51","date_gmt":"2022-09-01T17:34:51","guid":{"rendered":"https:\/\/radiolifefm.com.br\/noticias\/?p=57636"},"modified":"2026-04-22T20:02:38","modified_gmt":"2026-04-22T23:02:38","slug":"2o-dia-de-expoverde-tem-lotacao-maxima","status":"publish","type":"post","link":"https:\/\/radiolifefm.com.br\/noticias\/2o-dia-de-expoverde-tem-lotacao-maxima\/","title":{"rendered":"2\u00ba Dia de ExpoVerde tem lota\u00e7\u00e3o m\u00e1xima"},"content":{"rendered":"<div id=\"fb-root\"><\/div>\n<p>Lota\u00e7\u00e3o m\u00e1xima. Assim foi a segunda noite da ExpoVerde 2022. Durante a realiza\u00e7\u00e3o do rodeio, as catracas precisaram ser fechadas, pois n\u00e3o havia mais espa\u00e7o na parte interna do recinto poliesportivo que tem capacidade de aproximadamente 16 mil pessoas.<\/p>\n<div><\/div>\n<div>Com o fim das montarias, os port\u00f5es foram reabertos, pois assim foi poss\u00edvel aproveitar o show da arena.<\/p>\n<p>Ainda no camarim, Ana Castela foi informada que os port\u00f5es haviam sido fechados e que a fila est\u00e1 a 8 quarteir\u00f5es da entrada. Ela ficou surpresa com a informa\u00e7\u00e3o. Ao subir no palco, afirmou que n\u00e3o esperava tanta gente. O p\u00fablico que aguardava ansioso dan\u00e7ou os sucessos da \u201cBoiadeira\u201d.<\/p>\n<p>Na noite de ontem (31), teve in\u00edcio o rodeio que segue at\u00e9 o pr\u00f3ximo s\u00e1bado (3). Para hoje (1), a exposi\u00e7\u00e3o no Pavilh\u00e3o de Flores e Plantas, \u00c1rea Comercial e no Pavilh\u00e3o do Agroneg\u00f3cio continua aberta das 9h \u00e0s 17h e depois das 19h \u00e0s 22h. No palco, Luan Pereira comanda a festa.<\/p>\n<p>Durante o dia continuam as palestras no Espa\u00e7o de Inova\u00e7\u00e3o e Eventos. Na manh\u00e3 de hoje (1), os temas abordados foram \u201cOrienta\u00e7\u00f5es de Primeiros Socorros\u201d e \u201cUniverso da Moda: Consci\u00eancia e Sustentabilidade\u201d.<\/p><\/div>\n<div><\/div>\n<div>A partir das 14h, as tem\u00e1ticas abordadas ser\u00e3o \u201cTurismo Rural e de Neg\u00f3cios&#8221; e \u201cConceitos e Projetos de Ilumina\u00e7\u00e3o P\u00fablica\u201d.<\/p>\n<p><b>Programa\u00e7\u00e3o no Espa\u00e7o Inova\u00e7\u00e3o e Eventos<\/p>\n<p><\/b><\/div>\n<div><b>02 de setembro<\/b><br \/>\nNa sexta, 2 de setembro, a primeira apresenta\u00e7\u00e3o ser\u00e1 sobre Desengasgamento.\u00a0 A Associa\u00e7\u00e3o Brasileira de Criadores ZEBU (ABCZ) trar\u00e1 para os produtores a tem\u00e1tica \u201cVantagens da utiliza\u00e7\u00e3o de Touro Melhorador\u201d.<\/p>\n<p>Aqueles que t\u00eam interesse em vender para o poder p\u00fablico, poder\u00e3o ter informa\u00e7\u00f5es a respeito disso, por meio da palestra ministrada pelo Sebrae que come\u00e7a \u00e0s 14h; \u00e0s 15h o Hinap &#8211; \u00a0Hub de Inova\u00e7\u00e3o da Nova Alta Paulista ministrar\u00e1 uma palestra sobre \u201cConceitos e Projetos de Efici\u00eancia Energ\u00e9tica\u201d.<\/p>\n<p>A Secretaria de Agricultura, Abastecimento e Meio Ambiente (SAAMA) tamb\u00e9m far\u00e1 uma apresenta\u00e7\u00e3o com o tema \u201cManuten\u00e7\u00e3o de Jardim e Ornamenta\u00e7\u00e3o\u201d.<\/p>\n<p><b>03 de setembro<\/b><\/p>\n<p>Encerrando as palestras, no s\u00e1bado, o cabo PM Ebelig estar\u00e1 tirando d\u00favidas e dando informa\u00e7\u00f5es a respeito da profiss\u00e3o de bombeiro a partir das 9h30.<\/p>\n<p>Aqueles que desejarem aprender sobre o cultivo de orqu\u00eddeas poder\u00e3o participar do curso que ser\u00e1 ministrado \u00e0s 10h30 ou \u00e0s 14h. A \u00faltima apresenta\u00e7\u00e3o ser\u00e1 voltada ao \u201cManejo Parasit\u00e1rio de Ovinos\u201d.<\/p>\n<p><b>Shows<\/b><br \/>\nOs shows continuam. Na sexta-feira (2), Teodoro e Sampaio sobem ao palco e no s\u00e1bado (3), Lauana Prado. No domingo (4), ser\u00e1 realizado um show infantil com Dudinha e Mariana e a Galinha Pintadinha.<\/div>\n<div>\n<b>Inova\u00e7\u00e3o na ExpoVerde 2022<\/b><br \/>\nA Comiss\u00e3o Organizadora quer trazer mais do que a comercializa\u00e7\u00e3o de flores, plantas e demais itens e o entretenimento. O objetivo tamb\u00e9m \u00e9 gerar conhecimento. Para isso, foi criado o espa\u00e7o que recebe o nome de Espa\u00e7o Inova\u00e7\u00e3o e Eventos &#8211; Expoverde 2022.<\/div>\n<div><\/div>\n<div>Nele, est\u00e3o sendo ministradas diversas palestras gratuitas com diferentes tem\u00e1ticas. O local foi criado em parceria com o Hinap \u2013 Hub de Inova\u00e7\u00e3o da Nova Alta Paulista.<\/div>\n<div><\/div>\n<div>Fonte: Assessoria de Imprensa<\/div>\n","protected":false},"excerpt":{"rendered":"<p>Lota\u00e7\u00e3o m\u00e1xima. Assim foi a segunda noite da ExpoVerde 2022. Durante a realiza\u00e7\u00e3o do rodeio, as catracas precisaram ser fechadas, pois n\u00e3o havia mais espa\u00e7o na parte interna do recinto poliesportivo que tem capacidade de aproximadamente 16 mil pessoas. Com o fim das montarias, os port\u00f5es foram reabertos, pois assim foi poss\u00edvel aproveitar o show [&hellip;]<\/p>\n","protected":false},"author":13,"featured_media":57637,"comment_status":"closed","ping_status":"open","sticky":false,"template":"","format":"standard","meta":{"_acf_changed":false,"_exactmetrics_skip_tracking":false,"_exactmetrics_sitenote_active":false,"_exactmetrics_sitenote_note":"","_exactmetrics_sitenote_category":0,"footnotes":""},"categories":[21],"tags":[],"class_list":["post-57636","post","type-post","status-publish","format-standard","has-post-thumbnail","hentry","category-adamantina"],"acf":[],"yoast_head":"<!-- This site is optimized with the Yoast SEO plugin v27.2 - https:\/\/yoast.com\/product\/yoast-seo-wordpress\/ -->\n<title>2\u00ba Dia de ExpoVerde tem lota\u00e7\u00e3o m\u00e1xima - R\u00e1dio Life FM<\/title>\n<meta name=\"robots\" content=\"index, follow, max-snippet:-1, max-image-preview:large, max-video-preview:-1\" \/>\n<link rel=\"canonical\" href=\"https:\/\/radiolifefm.com.br\/noticias\/2o-dia-de-expoverde-tem-lotacao-maxima\/\" \/>\n<meta property=\"og:locale\" content=\"pt_BR\" \/>\n<meta property=\"og:type\" content=\"article\" \/>\n<meta property=\"og:title\" content=\"2\u00ba Dia de ExpoVerde tem lota\u00e7\u00e3o m\u00e1xima - R\u00e1dio Life FM\" \/>\n<meta property=\"og:description\" content=\"Lota\u00e7\u00e3o m\u00e1xima. Assim foi a segunda noite da ExpoVerde 2022. Durante a realiza\u00e7\u00e3o do rodeio, as catracas precisaram ser fechadas, pois n\u00e3o havia mais espa\u00e7o na parte interna do recinto poliesportivo que tem capacidade de aproximadamente 16 mil pessoas. Com o fim das montarias, os port\u00f5es foram reabertos, pois assim foi poss\u00edvel aproveitar o show [&hellip;]\" \/>\n<meta property=\"og:url\" content=\"https:\/\/radiolifefm.com.br\/noticias\/2o-dia-de-expoverde-tem-lotacao-maxima\/\" \/>\n<meta property=\"og:site_name\" content=\"R\u00e1dio Life FM\" \/>\n<meta property=\"article:publisher\" content=\"https:\/\/www.facebook.com\/radiolifefm\/\" \/>\n<meta property=\"article:published_time\" content=\"2022-09-01T17:34:51+00:00\" \/>\n<meta property=\"article:modified_time\" content=\"2026-04-22T23:02:38+00:00\" \/>\n<meta property=\"og:image\" content=\"https:\/\/radiolifefm.com.br\/noticias\/wp-content\/uploads\/2022\/09\/foto-scaled.jpg\" \/>\n\t<meta property=\"og:image:width\" content=\"2560\" \/>\n\t<meta property=\"og:image:height\" content=\"1711\" \/>\n\t<meta property=\"og:image:type\" content=\"image\/jpeg\" \/>\n<meta name=\"author\" content=\"ritanery\" \/>\n<meta name=\"twitter:card\" content=\"summary_large_image\" \/>\n<meta name=\"twitter:label1\" content=\"Escrito por\" \/>\n\t<meta name=\"twitter:data1\" content=\"ritanery\" \/>\n\t<meta name=\"twitter:label2\" content=\"Est. tempo de leitura\" \/>\n\t<meta name=\"twitter:data2\" content=\"3 minutos\" \/>\n<script type=\"application\/ld+json\" class=\"yoast-schema-graph\">{\"@context\":\"https:\/\/schema.org\",\"@graph\":[{\"@type\":\"Article\",\"@id\":\"https:\/\/radiolifefm.com.br\/noticias\/2o-dia-de-expoverde-tem-lotacao-maxima\/#article\",\"isPartOf\":{\"@id\":\"https:\/\/radiolifefm.com.br\/noticias\/2o-dia-de-expoverde-tem-lotacao-maxima\/\"},\"author\":{\"name\":\"ritanery\",\"@id\":\"https:\/\/radiolifefm.com.br\/noticias\/#\/schema\/person\/6339b9fac59d12b071dec680d7375d87\"},\"headline\":\"2\u00ba Dia de ExpoVerde tem lota\u00e7\u00e3o m\u00e1xima\",\"datePublished\":\"2022-09-01T17:34:51+00:00\",\"dateModified\":\"2026-04-22T23:02:38+00:00\",\"mainEntityOfPage\":{\"@id\":\"https:\/\/radiolifefm.com.br\/noticias\/2o-dia-de-expoverde-tem-lotacao-maxima\/\"},\"wordCount\":550,\"publisher\":{\"@id\":\"https:\/\/radiolifefm.com.br\/noticias\/#organization\"},\"image\":{\"@id\":\"https:\/\/radiolifefm.com.br\/noticias\/2o-dia-de-expoverde-tem-lotacao-maxima\/#primaryimage\"},\"thumbnailUrl\":\"https:\/\/radiolifefm.com.br\/noticias\/wp-content\/uploads\/2022\/09\/foto-scaled.jpg\",\"articleSection\":[\"Adamantina\"],\"inLanguage\":\"pt-BR\"},{\"@type\":\"WebPage\",\"@id\":\"https:\/\/radiolifefm.com.br\/noticias\/2o-dia-de-expoverde-tem-lotacao-maxima\/\",\"url\":\"https:\/\/radiolifefm.com.br\/noticias\/2o-dia-de-expoverde-tem-lotacao-maxima\/\",\"name\":\"2\u00ba Dia de ExpoVerde tem lota\u00e7\u00e3o m\u00e1xima - R\u00e1dio Life FM\",\"isPartOf\":{\"@id\":\"https:\/\/radiolifefm.com.br\/noticias\/#website\"},\"primaryImageOfPage\":{\"@id\":\"https:\/\/radiolifefm.com.br\/noticias\/2o-dia-de-expoverde-tem-lotacao-maxima\/#primaryimage\"},\"image\":{\"@id\":\"https:\/\/radiolifefm.com.br\/noticias\/2o-dia-de-expoverde-tem-lotacao-maxima\/#primaryimage\"},\"thumbnailUrl\":\"https:\/\/radiolifefm.com.br\/noticias\/wp-content\/uploads\/2022\/09\/foto-scaled.jpg\",\"datePublished\":\"2022-09-01T17:34:51+00:00\",\"dateModified\":\"2026-04-22T23:02:38+00:00\",\"breadcrumb\":{\"@id\":\"https:\/\/radiolifefm.com.br\/noticias\/2o-dia-de-expoverde-tem-lotacao-maxima\/#breadcrumb\"},\"inLanguage\":\"pt-BR\",\"potentialAction\":[{\"@type\":\"ReadAction\",\"target\":[\"https:\/\/radiolifefm.com.br\/noticias\/2o-dia-de-expoverde-tem-lotacao-maxima\/\"]}]},{\"@type\":\"ImageObject\",\"inLanguage\":\"pt-BR\",\"@id\":\"https:\/\/radiolifefm.com.br\/noticias\/2o-dia-de-expoverde-tem-lotacao-maxima\/#primaryimage\",\"url\":\"https:\/\/radiolifefm.com.br\/noticias\/wp-content\/uploads\/2022\/09\/foto-scaled.jpg\",\"contentUrl\":\"https:\/\/radiolifefm.com.br\/noticias\/wp-content\/uploads\/2022\/09\/foto-scaled.jpg\",\"width\":2560,\"height\":1711,\"caption\":\"Lota\u00e7\u00e3o m\u00e1xima. Assim foi a segunda noite da ExpoVerde 2022. Durante a realiza\u00e7\u00e3o do rodeio, as catracas precisaram ser fechadas, pois n\u00e3o havia mais espa\u00e7o na parte interna do recinto poliesportivo que tem capacidade de aproximadamente 16 mil pessoas. Com o fim das montarias, os port\u00f5es foram reabertos, pois assim foi poss\u00edvel aproveitar o show da arena. Ainda no camarim, Ana Castela foi informada que os port\u00f5es haviam sido fechados e que a fila est\u00e1 a 8 quarteir\u00f5es da entrada. Ela ficou surpresa com a informa\u00e7\u00e3o. Ao subir no palco, afirmou que n\u00e3o esperava tanta gente. O p\u00fablico que aguardava ansioso dan\u00e7ou os sucessos da \u201cBoiadeira\u201d. Na noite de ontem (31), teve in\u00edcio o rodeio que segue at\u00e9 o pr\u00f3ximo s\u00e1bado (3). Para hoje (1), a exposi\u00e7\u00e3o no Pavilh\u00e3o de Flores e Plantas, \u00c1rea Comercial e no Pavilh\u00e3o do Agroneg\u00f3cio continua aberta das 9h \u00e0s 17h e depois das 19h \u00e0s 22h. No palco, Luan Pereira comanda a festa. Durante o dia continuam as palestras no Espa\u00e7o de Inova\u00e7\u00e3o e Eventos. Na manh\u00e3 de hoje (1), os temas abordados foram \u201cOrienta\u00e7\u00f5es de Primeiros Socorros\u201d e \u201cUniverso da Moda: Consci\u00eancia e Sustentabilidade\u201d. A partir das 14h, as tem\u00e1ticas abordadas ser\u00e3o \u201cTurismo Rural e de Neg\u00f3cios\\\" e \u201cConceitos e Projetos de Ilumina\u00e7\u00e3o P\u00fablica\u201d. Programa\u00e7\u00e3o no Espa\u00e7o Inova\u00e7\u00e3o e Eventos 02 de setembro Na sexta, 2 de setembro, a primeira apresenta\u00e7\u00e3o ser\u00e1 sobre Desengasgamento. A Associa\u00e7\u00e3o Brasileira de Criadores ZEBU (ABCZ) trar\u00e1 para os produtores a tem\u00e1tica \u201cVantagens da utiliza\u00e7\u00e3o de Touro Melhorador\u201d. Aqueles que t\u00eam interesse em vender para o poder p\u00fablico, poder\u00e3o ter informa\u00e7\u00f5es a respeito disso, por meio da palestra ministrada pelo Sebrae que come\u00e7a \u00e0s 14h; \u00e0s 15h o Hinap - Hub de Inova\u00e7\u00e3o da Nova Alta Paulista ministrar\u00e1 uma palestra sobre \u201cConceitos e Projetos de Efici\u00eancia Energ\u00e9tica\u201d. A Secretaria de Agricultura, Abastecimento e Meio Ambiente (SAAMA) tamb\u00e9m far\u00e1 uma apresenta\u00e7\u00e3o com o tema \u201cManuten\u00e7\u00e3o de Jardim e Ornamenta\u00e7\u00e3o\u201d. 03 de setembro Encerrando as palestras, no s\u00e1bado, o cabo PM Ebelig estar\u00e1 tirando d\u00favidas e dando informa\u00e7\u00f5es a respeito da profiss\u00e3o de bombeiro a partir das 9h30. Aqueles que desejarem aprender sobre o cultivo de orqu\u00eddeas poder\u00e3o participar do curso que ser\u00e1 ministrado \u00e0s 10h30 ou \u00e0s 14h. A \u00faltima apresenta\u00e7\u00e3o ser\u00e1 voltada ao \u201cManejo Parasit\u00e1rio de Ovinos\u201d. Shows Os shows continuam. Na sexta-feira (2), Teodoro e Sampaio sobem ao palco e no s\u00e1bado (3), Lauana Prado. No domingo (4), ser\u00e1 realizado um show infantil com Dudinha e Mariana e a Galinha Pintadinha. Inova\u00e7\u00e3o na ExpoVerde 2022 A Comiss\u00e3o Organizadora quer trazer mais do que a comercializa\u00e7\u00e3o de flores, plantas e demais itens e o entretenimento. O objetivo tamb\u00e9m \u00e9 gerar conhecimento. Para isso, foi criado o espa\u00e7o que recebe o nome de Espa\u00e7o Inova\u00e7\u00e3o e Eventos - Expoverde 2022. Nele, est\u00e3o sendo ministradas diversas palestras gratuitas com diferentes tem\u00e1ticas. O local foi criado em parceria com o Hinap \u2013 Hub de Inova\u00e7\u00e3o da Nova Alta Paulista.\"},{\"@type\":\"BreadcrumbList\",\"@id\":\"https:\/\/radiolifefm.com.br\/noticias\/2o-dia-de-expoverde-tem-lotacao-maxima\/#breadcrumb\",\"itemListElement\":[{\"@type\":\"ListItem\",\"position\":1,\"name\":\"In\u00edcio\",\"item\":\"https:\/\/radiolifefm.com.br\/noticias\/\"},{\"@type\":\"ListItem\",\"position\":2,\"name\":\"2\u00ba Dia de ExpoVerde tem lota\u00e7\u00e3o m\u00e1xima\"}]},{\"@type\":\"WebSite\",\"@id\":\"https:\/\/radiolifefm.com.br\/noticias\/#website\",\"url\":\"https:\/\/radiolifefm.com.br\/noticias\/\",\"name\":\"R\u00e1dio Life FM\",\"description\":\"O Portal de Not\u00edcias de Adamantina\",\"publisher\":{\"@id\":\"https:\/\/radiolifefm.com.br\/noticias\/#organization\"},\"alternateName\":\"Life FM\",\"potentialAction\":[{\"@type\":\"SearchAction\",\"target\":{\"@type\":\"EntryPoint\",\"urlTemplate\":\"https:\/\/radiolifefm.com.br\/noticias\/?s={search_term_string}\"},\"query-input\":{\"@type\":\"PropertyValueSpecification\",\"valueRequired\":true,\"valueName\":\"search_term_string\"}}],\"inLanguage\":\"pt-BR\"},{\"@type\":\"Organization\",\"@id\":\"https:\/\/radiolifefm.com.br\/noticias\/#organization\",\"name\":\"R\u00e1dio Life FM\",\"alternateName\":\"Life FM\",\"url\":\"https:\/\/radiolifefm.com.br\/noticias\/\",\"logo\":{\"@type\":\"ImageObject\",\"inLanguage\":\"pt-BR\",\"@id\":\"https:\/\/radiolifefm.com.br\/noticias\/#\/schema\/logo\/image\/\",\"url\":\"https:\/\/static.radiolifefm.com.br\/noticias\/wp-content\/uploads\/2019\/10\/logo-lifefm.png\",\"contentUrl\":\"https:\/\/static.radiolifefm.com.br\/noticias\/wp-content\/uploads\/2019\/10\/logo-lifefm.png\",\"width\":196,\"height\":47,\"caption\":\"R\u00e1dio Life FM\"},\"image\":{\"@id\":\"https:\/\/radiolifefm.com.br\/noticias\/#\/schema\/logo\/image\/\"},\"sameAs\":[\"https:\/\/www.facebook.com\/radiolifefm\/\",\"https:\/\/www.instagram.com\/life1079fm\/\"]},{\"@type\":\"Person\",\"@id\":\"https:\/\/radiolifefm.com.br\/noticias\/#\/schema\/person\/6339b9fac59d12b071dec680d7375d87\",\"name\":\"ritanery\",\"image\":{\"@type\":\"ImageObject\",\"inLanguage\":\"pt-BR\",\"@id\":\"https:\/\/secure.gravatar.com\/avatar\/0e37bb19071f47c0b8a23f62a903df117c5a0e75f65a0c2901562f97cd41cf86?s=96&d=mm&r=g\",\"url\":\"https:\/\/secure.gravatar.com\/avatar\/0e37bb19071f47c0b8a23f62a903df117c5a0e75f65a0c2901562f97cd41cf86?s=96&d=mm&r=g\",\"contentUrl\":\"https:\/\/secure.gravatar.com\/avatar\/0e37bb19071f47c0b8a23f62a903df117c5a0e75f65a0c2901562f97cd41cf86?s=96&d=mm&r=g\",\"caption\":\"ritanery\"}}]}<\/script>\n<!-- \/ Yoast SEO plugin. -->","yoast_head_json":{"title":"2\u00ba Dia de ExpoVerde tem lota\u00e7\u00e3o m\u00e1xima - R\u00e1dio Life FM","robots":{"index":"index","follow":"follow","max-snippet":"max-snippet:-1","max-image-preview":"max-image-preview:large","max-video-preview":"max-video-preview:-1"},"canonical":"https:\/\/radiolifefm.com.br\/noticias\/2o-dia-de-expoverde-tem-lotacao-maxima\/","og_locale":"pt_BR","og_type":"article","og_title":"2\u00ba Dia de ExpoVerde tem lota\u00e7\u00e3o m\u00e1xima - R\u00e1dio Life FM","og_description":"Lota\u00e7\u00e3o m\u00e1xima. Assim foi a segunda noite da ExpoVerde 2022. Durante a realiza\u00e7\u00e3o do rodeio, as catracas precisaram ser fechadas, pois n\u00e3o havia mais espa\u00e7o na parte interna do recinto poliesportivo que tem capacidade de aproximadamente 16 mil pessoas. Com o fim das montarias, os port\u00f5es foram reabertos, pois assim foi poss\u00edvel aproveitar o show [&hellip;]","og_url":"https:\/\/radiolifefm.com.br\/noticias\/2o-dia-de-expoverde-tem-lotacao-maxima\/","og_site_name":"R\u00e1dio Life FM","article_publisher":"https:\/\/www.facebook.com\/radiolifefm\/","article_published_time":"2022-09-01T17:34:51+00:00","article_modified_time":"2026-04-22T23:02:38+00:00","og_image":[{"width":2560,"height":1711,"url":"https:\/\/radiolifefm.com.br\/noticias\/wp-content\/uploads\/2022\/09\/foto-scaled.jpg","type":"image\/jpeg"}],"author":"ritanery","twitter_card":"summary_large_image","twitter_misc":{"Escrito por":"ritanery","Est. tempo de leitura":"3 minutos"},"schema":{"@context":"https:\/\/schema.org","@graph":[{"@type":"Article","@id":"https:\/\/radiolifefm.com.br\/noticias\/2o-dia-de-expoverde-tem-lotacao-maxima\/#article","isPartOf":{"@id":"https:\/\/radiolifefm.com.br\/noticias\/2o-dia-de-expoverde-tem-lotacao-maxima\/"},"author":{"name":"ritanery","@id":"https:\/\/radiolifefm.com.br\/noticias\/#\/schema\/person\/6339b9fac59d12b071dec680d7375d87"},"headline":"2\u00ba Dia de ExpoVerde tem lota\u00e7\u00e3o m\u00e1xima","datePublished":"2022-09-01T17:34:51+00:00","dateModified":"2026-04-22T23:02:38+00:00","mainEntityOfPage":{"@id":"https:\/\/radiolifefm.com.br\/noticias\/2o-dia-de-expoverde-tem-lotacao-maxima\/"},"wordCount":550,"publisher":{"@id":"https:\/\/radiolifefm.com.br\/noticias\/#organization"},"image":{"@id":"https:\/\/radiolifefm.com.br\/noticias\/2o-dia-de-expoverde-tem-lotacao-maxima\/#primaryimage"},"thumbnailUrl":"https:\/\/radiolifefm.com.br\/noticias\/wp-content\/uploads\/2022\/09\/foto-scaled.jpg","articleSection":["Adamantina"],"inLanguage":"pt-BR"},{"@type":"WebPage","@id":"https:\/\/radiolifefm.com.br\/noticias\/2o-dia-de-expoverde-tem-lotacao-maxima\/","url":"https:\/\/radiolifefm.com.br\/noticias\/2o-dia-de-expoverde-tem-lotacao-maxima\/","name":"2\u00ba Dia de ExpoVerde tem lota\u00e7\u00e3o m\u00e1xima - R\u00e1dio Life FM","isPartOf":{"@id":"https:\/\/radiolifefm.com.br\/noticias\/#website"},"primaryImageOfPage":{"@id":"https:\/\/radiolifefm.com.br\/noticias\/2o-dia-de-expoverde-tem-lotacao-maxima\/#primaryimage"},"image":{"@id":"https:\/\/radiolifefm.com.br\/noticias\/2o-dia-de-expoverde-tem-lotacao-maxima\/#primaryimage"},"thumbnailUrl":"https:\/\/radiolifefm.com.br\/noticias\/wp-content\/uploads\/2022\/09\/foto-scaled.jpg","datePublished":"2022-09-01T17:34:51+00:00","dateModified":"2026-04-22T23:02:38+00:00","breadcrumb":{"@id":"https:\/\/radiolifefm.com.br\/noticias\/2o-dia-de-expoverde-tem-lotacao-maxima\/#breadcrumb"},"inLanguage":"pt-BR","potentialAction":[{"@type":"ReadAction","target":["https:\/\/radiolifefm.com.br\/noticias\/2o-dia-de-expoverde-tem-lotacao-maxima\/"]}]},{"@type":"ImageObject","inLanguage":"pt-BR","@id":"https:\/\/radiolifefm.com.br\/noticias\/2o-dia-de-expoverde-tem-lotacao-maxima\/#primaryimage","url":"https:\/\/radiolifefm.com.br\/noticias\/wp-content\/uploads\/2022\/09\/foto-scaled.jpg","contentUrl":"https:\/\/radiolifefm.com.br\/noticias\/wp-content\/uploads\/2022\/09\/foto-scaled.jpg","width":2560,"height":1711,"caption":"Lota\u00e7\u00e3o m\u00e1xima. Assim foi a segunda noite da ExpoVerde 2022. Durante a realiza\u00e7\u00e3o do rodeio, as catracas precisaram ser fechadas, pois n\u00e3o havia mais espa\u00e7o na parte interna do recinto poliesportivo que tem capacidade de aproximadamente 16 mil pessoas. Com o fim das montarias, os port\u00f5es foram reabertos, pois assim foi poss\u00edvel aproveitar o show da arena. Ainda no camarim, Ana Castela foi informada que os port\u00f5es haviam sido fechados e que a fila est\u00e1 a 8 quarteir\u00f5es da entrada. Ela ficou surpresa com a informa\u00e7\u00e3o. Ao subir no palco, afirmou que n\u00e3o esperava tanta gente. O p\u00fablico que aguardava ansioso dan\u00e7ou os sucessos da \u201cBoiadeira\u201d. Na noite de ontem (31), teve in\u00edcio o rodeio que segue at\u00e9 o pr\u00f3ximo s\u00e1bado (3). Para hoje (1), a exposi\u00e7\u00e3o no Pavilh\u00e3o de Flores e Plantas, \u00c1rea Comercial e no Pavilh\u00e3o do Agroneg\u00f3cio continua aberta das 9h \u00e0s 17h e depois das 19h \u00e0s 22h. No palco, Luan Pereira comanda a festa. Durante o dia continuam as palestras no Espa\u00e7o de Inova\u00e7\u00e3o e Eventos. Na manh\u00e3 de hoje (1), os temas abordados foram \u201cOrienta\u00e7\u00f5es de Primeiros Socorros\u201d e \u201cUniverso da Moda: Consci\u00eancia e Sustentabilidade\u201d. A partir das 14h, as tem\u00e1ticas abordadas ser\u00e3o \u201cTurismo Rural e de Neg\u00f3cios\" e \u201cConceitos e Projetos de Ilumina\u00e7\u00e3o P\u00fablica\u201d. Programa\u00e7\u00e3o no Espa\u00e7o Inova\u00e7\u00e3o e Eventos 02 de setembro Na sexta, 2 de setembro, a primeira apresenta\u00e7\u00e3o ser\u00e1 sobre Desengasgamento. A Associa\u00e7\u00e3o Brasileira de Criadores ZEBU (ABCZ) trar\u00e1 para os produtores a tem\u00e1tica \u201cVantagens da utiliza\u00e7\u00e3o de Touro Melhorador\u201d. Aqueles que t\u00eam interesse em vender para o poder p\u00fablico, poder\u00e3o ter informa\u00e7\u00f5es a respeito disso, por meio da palestra ministrada pelo Sebrae que come\u00e7a \u00e0s 14h; \u00e0s 15h o Hinap - Hub de Inova\u00e7\u00e3o da Nova Alta Paulista ministrar\u00e1 uma palestra sobre \u201cConceitos e Projetos de Efici\u00eancia Energ\u00e9tica\u201d. A Secretaria de Agricultura, Abastecimento e Meio Ambiente (SAAMA) tamb\u00e9m far\u00e1 uma apresenta\u00e7\u00e3o com o tema \u201cManuten\u00e7\u00e3o de Jardim e Ornamenta\u00e7\u00e3o\u201d. 03 de setembro Encerrando as palestras, no s\u00e1bado, o cabo PM Ebelig estar\u00e1 tirando d\u00favidas e dando informa\u00e7\u00f5es a respeito da profiss\u00e3o de bombeiro a partir das 9h30. Aqueles que desejarem aprender sobre o cultivo de orqu\u00eddeas poder\u00e3o participar do curso que ser\u00e1 ministrado \u00e0s 10h30 ou \u00e0s 14h. A \u00faltima apresenta\u00e7\u00e3o ser\u00e1 voltada ao \u201cManejo Parasit\u00e1rio de Ovinos\u201d. Shows Os shows continuam. Na sexta-feira (2), Teodoro e Sampaio sobem ao palco e no s\u00e1bado (3), Lauana Prado. No domingo (4), ser\u00e1 realizado um show infantil com Dudinha e Mariana e a Galinha Pintadinha. Inova\u00e7\u00e3o na ExpoVerde 2022 A Comiss\u00e3o Organizadora quer trazer mais do que a comercializa\u00e7\u00e3o de flores, plantas e demais itens e o entretenimento. O objetivo tamb\u00e9m \u00e9 gerar conhecimento. Para isso, foi criado o espa\u00e7o que recebe o nome de Espa\u00e7o Inova\u00e7\u00e3o e Eventos - Expoverde 2022. Nele, est\u00e3o sendo ministradas diversas palestras gratuitas com diferentes tem\u00e1ticas. O local foi criado em parceria com o Hinap \u2013 Hub de Inova\u00e7\u00e3o da Nova Alta Paulista."},{"@type":"BreadcrumbList","@id":"https:\/\/radiolifefm.com.br\/noticias\/2o-dia-de-expoverde-tem-lotacao-maxima\/#breadcrumb","itemListElement":[{"@type":"ListItem","position":1,"name":"In\u00edcio","item":"https:\/\/radiolifefm.com.br\/noticias\/"},{"@type":"ListItem","position":2,"name":"2\u00ba Dia de ExpoVerde tem lota\u00e7\u00e3o m\u00e1xima"}]},{"@type":"WebSite","@id":"https:\/\/radiolifefm.com.br\/noticias\/#website","url":"https:\/\/radiolifefm.com.br\/noticias\/","name":"R\u00e1dio Life FM","description":"O Portal de Not\u00edcias de Adamantina","publisher":{"@id":"https:\/\/radiolifefm.com.br\/noticias\/#organization"},"alternateName":"Life FM","potentialAction":[{"@type":"SearchAction","target":{"@type":"EntryPoint","urlTemplate":"https:\/\/radiolifefm.com.br\/noticias\/?s={search_term_string}"},"query-input":{"@type":"PropertyValueSpecification","valueRequired":true,"valueName":"search_term_string"}}],"inLanguage":"pt-BR"},{"@type":"Organization","@id":"https:\/\/radiolifefm.com.br\/noticias\/#organization","name":"R\u00e1dio Life FM","alternateName":"Life FM","url":"https:\/\/radiolifefm.com.br\/noticias\/","logo":{"@type":"ImageObject","inLanguage":"pt-BR","@id":"https:\/\/radiolifefm.com.br\/noticias\/#\/schema\/logo\/image\/","url":"https:\/\/static.radiolifefm.com.br\/noticias\/wp-content\/uploads\/2019\/10\/logo-lifefm.png","contentUrl":"https:\/\/static.radiolifefm.com.br\/noticias\/wp-content\/uploads\/2019\/10\/logo-lifefm.png","width":196,"height":47,"caption":"R\u00e1dio Life FM"},"image":{"@id":"https:\/\/radiolifefm.com.br\/noticias\/#\/schema\/logo\/image\/"},"sameAs":["https:\/\/www.facebook.com\/radiolifefm\/","https:\/\/www.instagram.com\/life1079fm\/"]},{"@type":"Person","@id":"https:\/\/radiolifefm.com.br\/noticias\/#\/schema\/person\/6339b9fac59d12b071dec680d7375d87","name":"ritanery","image":{"@type":"ImageObject","inLanguage":"pt-BR","@id":"https:\/\/secure.gravatar.com\/avatar\/0e37bb19071f47c0b8a23f62a903df117c5a0e75f65a0c2901562f97cd41cf86?s=96&d=mm&r=g","url":"https:\/\/secure.gravatar.com\/avatar\/0e37bb19071f47c0b8a23f62a903df117c5a0e75f65a0c2901562f97cd41cf86?s=96&d=mm&r=g","contentUrl":"https:\/\/secure.gravatar.com\/avatar\/0e37bb19071f47c0b8a23f62a903df117c5a0e75f65a0c2901562f97cd41cf86?s=96&d=mm&r=g","caption":"ritanery"}}]}},"amp_enabled":true,"_links":{"self":[{"href":"https:\/\/radiolifefm.com.br\/noticias\/wp-json\/wp\/v2\/posts\/57636","targetHints":{"allow":["GET"]}}],"collection":[{"href":"https:\/\/radiolifefm.com.br\/noticias\/wp-json\/wp\/v2\/posts"}],"about":[{"href":"https:\/\/radiolifefm.com.br\/noticias\/wp-json\/wp\/v2\/types\/post"}],"author":[{"embeddable":true,"href":"https:\/\/radiolifefm.com.br\/noticias\/wp-json\/wp\/v2\/users\/13"}],"replies":[{"embeddable":true,"href":"https:\/\/radiolifefm.com.br\/noticias\/wp-json\/wp\/v2\/comments?post=57636"}],"version-history":[{"count":3,"href":"https:\/\/radiolifefm.com.br\/noticias\/wp-json\/wp\/v2\/posts\/57636\/revisions"}],"predecessor-version":[{"id":57640,"href":"https:\/\/radiolifefm.com.br\/noticias\/wp-json\/wp\/v2\/posts\/57636\/revisions\/57640"}],"wp:featuredmedia":[{"embeddable":true,"href":"https:\/\/radiolifefm.com.br\/noticias\/wp-json\/wp\/v2\/media\/57637"}],"wp:attachment":[{"href":"https:\/\/radiolifefm.com.br\/noticias\/wp-json\/wp\/v2\/media?parent=57636"}],"wp:term":[{"taxonomy":"category","embeddable":true,"href":"https:\/\/radiolifefm.com.br\/noticias\/wp-json\/wp\/v2\/categories?post=57636"},{"taxonomy":"post_tag","embeddable":true,"href":"https:\/\/radiolifefm.com.br\/noticias\/wp-json\/wp\/v2\/tags?post=57636"}],"curies":[{"name":"wp","href":"https:\/\/api.w.org\/{rel}","templated":true}]}}