{"id":57611,"date":"2022-08-31T14:42:26","date_gmt":"2022-08-31T17:42:26","guid":{"rendered":"https:\/\/radiolifefm.com.br\/noticias\/?p=57611"},"modified":"2025-06-19T20:24:12","modified_gmt":"2025-06-19T23:24:12","slug":"memoria-estoria-historia-e-abutres","status":"publish","type":"post","link":"https:\/\/radiolifefm.com.br\/noticias\/memoria-estoria-historia-e-abutres\/","title":{"rendered":"MEM\u00d3RIA, EST\u00d3RIA, HIST\u00d3RIA E ABUTRES&#8230;"},"content":{"rendered":"<div id=\"fb-root\"><\/div>\n<p><em>\u201cNa prov\u00edncia n\u00e3o \u00e9 permitido ser original: isto \u00e9, ter id\u00e9ias incompreendidas pelos demais, e o que a\u00ed se quer \u00e9 a igualdade do esp\u00edrito, assim como a igualdade dos costumes\u201d. (Balzac, escritor \u20181799-1850\u2019 in Livro: \u201cA Solteirona\u201d).<\/em><\/p>\n<p>&nbsp;<\/p>\n<p><strong><em>S\u00e9rgio Barbosa (*)<\/em><\/strong><\/p>\n<p>&nbsp;<\/p>\n<p>Ainda bem que existe a \u201cmem\u00f3ria\u201d como documento registrado para deixar as marcas pelo caminho de uma est\u00f3ria mal contada, ainda, manobrada nos bastidores com interesses escusos e objetivos atrelados ao poder pelo poder em busca do poder em nome do poder&#8230;<\/p>\n<p>Os profetas do ocaso est\u00e3o de prontid\u00e3o, portanto, \u201ctodo cuidado \u00e9 pouco\u201d, bem como, para com aqueles que rondam como ratazanas os corredores desta ou daquela organiza\u00e7\u00e3o em dias de neblina paulistana&#8230;<\/p>\n<p>O tempo ser\u00e1 o senhor destas manobras provincianas em tempo de p\u00f3s-globaliza\u00e7\u00e3o para um olhar cr\u00edtico frente aos interesses de plant\u00e3o nas esquinas desertas de uma prov\u00edncia, ainda, que sonha em levar adiante o seu projeto organizacional como meio e n\u00e3o apenas fim de um sonho&#8230;<\/p>\n<p>\u00c9 preciso estar atento aos traidores do passado, sendo que, os mesmos continuam com as mesmas t\u00e1ticas dos \u201canos de chumbo\u201d, tamb\u00e9m, golpistas de sempre em nome disto ou daquilo&#8230;<\/p>\n<p>O projeto depende do trabalho em equipe, entretanto, os perdedores ficam sempre a espreita para dar o bote no peda\u00e7o de carne, neste caso, o melhor seria preparar um contragolpe com peda\u00e7os de \u201ccarne podre\u201d para os abutres provincianos&#8230;<\/p>\n<p>As amea\u00e7as fazem parte deste jogo, isso pode determinar a troca de jogadores e at\u00e9 mesmo de posi\u00e7\u00e3o entre uma e outra jogada pelos interessados em assumir a cadeira do poder, inclusive, o ano promete em termos de elei\u00e7\u00f5es e outros desencontros mediados pelos interesses patrocinados pelo poder em nome do poder&#8230;<\/p>\n<p>N\u00e3o se pode ficar em cima do muro daqui pra frente, portanto, as pe\u00e7as deste tabuleiro viciado, ter\u00e3o que ser apresentada, todavia, faz-se necess\u00e1rio estar em conex\u00e3o com os ru\u00eddos das bocas de trombone&#8230;<\/p>\n<p>Ou seja, aquelas pessoas que se re\u00fanem em becos e ruas sem fim para uma reflex\u00e3o manipulada pelos donos da prov\u00edncia do faz de conta&#8230;<\/p>\n<p>\u00c9 necess\u00e1rio estar de prontid\u00e3o para derrubar os sinais do apocalipse provinciano, nada contra&#8230; nada a favor&#8230; ainda, muito pelo contr\u00e1rio&#8230; e refor\u00e7ando, \u201dnada a declarar daqui pra frente\u201d&#8230;<\/p>\n<p>Este \u00e9 o jogo do poder supremo dos traidores de sempre, para isto, basta rever a est\u00f3ria ou hist\u00f3ria de uma prov\u00edncia qualquer do \u201cPa\u00eds do faz de conta\u201d&#8230;<\/p>\n<p><strong><em>____________________________________<\/em><\/strong><\/p>\n<p><strong><em>(*) Jornalista diplomado e professor universit\u00e1rio.<\/em><\/strong><\/p>\n<p><strong><em>E-Mail: <a href=\"mailto:barbosa.sebar@gmail.com\">barbosa.sebar@gmail.com<\/a><\/em><\/strong><\/p>\n<p><em>\u00a0<\/em><\/p>\n<p>&nbsp;<\/p>\n","protected":false},"excerpt":{"rendered":"<p>\u201cNa prov\u00edncia n\u00e3o \u00e9 permitido ser original: isto \u00e9, ter id\u00e9ias incompreendidas pelos demais, e o que a\u00ed se quer \u00e9 a igualdade do esp\u00edrito, assim como a igualdade dos costumes\u201d. (Balzac, escritor \u20181799-1850\u2019 in Livro: \u201cA Solteirona\u201d). &nbsp; S\u00e9rgio Barbosa (*) &nbsp; Ainda bem que existe a \u201cmem\u00f3ria\u201d como documento registrado para deixar as [&hellip;]<\/p>\n","protected":false},"author":13,"featured_media":51988,"comment_status":"closed","ping_status":"open","sticky":false,"template":"","format":"standard","meta":{"_acf_changed":false,"_exactmetrics_skip_tracking":false,"_exactmetrics_sitenote_active":false,"_exactmetrics_sitenote_note":"","_exactmetrics_sitenote_category":0,"footnotes":""},"categories":[59],"tags":[],"class_list":["post-57611","post","type-post","status-publish","format-standard","has-post-thumbnail","hentry","category-opiniao"],"acf":[],"yoast_head":"<!-- This site is optimized with the Yoast SEO plugin v27.2 - https:\/\/yoast.com\/product\/yoast-seo-wordpress\/ -->\n<title>MEM\u00d3RIA, EST\u00d3RIA, HIST\u00d3RIA E ABUTRES... - R\u00e1dio Life FM<\/title>\n<meta name=\"robots\" content=\"index, follow, max-snippet:-1, max-image-preview:large, max-video-preview:-1\" \/>\n<link rel=\"canonical\" href=\"https:\/\/radiolifefm.com.br\/noticias\/memoria-estoria-historia-e-abutres\/\" \/>\n<meta property=\"og:locale\" content=\"pt_BR\" \/>\n<meta property=\"og:type\" content=\"article\" \/>\n<meta property=\"og:title\" content=\"MEM\u00d3RIA, EST\u00d3RIA, HIST\u00d3RIA E ABUTRES... - R\u00e1dio Life FM\" \/>\n<meta property=\"og:description\" content=\"\u201cNa prov\u00edncia n\u00e3o \u00e9 permitido ser original: isto \u00e9, ter id\u00e9ias incompreendidas pelos demais, e o que a\u00ed se quer \u00e9 a igualdade do esp\u00edrito, assim como a igualdade dos costumes\u201d. (Balzac, escritor \u20181799-1850\u2019 in Livro: \u201cA Solteirona\u201d). &nbsp; S\u00e9rgio Barbosa (*) &nbsp; Ainda bem que existe a \u201cmem\u00f3ria\u201d como documento registrado para deixar as [&hellip;]\" \/>\n<meta property=\"og:url\" content=\"https:\/\/radiolifefm.com.br\/noticias\/memoria-estoria-historia-e-abutres\/\" \/>\n<meta property=\"og:site_name\" content=\"R\u00e1dio Life FM\" \/>\n<meta property=\"article:publisher\" content=\"https:\/\/www.facebook.com\/radiolifefm\/\" \/>\n<meta property=\"article:published_time\" content=\"2022-08-31T17:42:26+00:00\" \/>\n<meta property=\"article:modified_time\" content=\"2025-06-19T23:24:12+00:00\" \/>\n<meta property=\"og:image\" content=\"https:\/\/static.radiolifefm.com.br\/noticias\/wp-content\/uploads\/2022\/04\/WhatsApp-Image-2022-04-10-at-18.43.02.jpeg\" \/>\n\t<meta property=\"og:image:width\" content=\"972\" \/>\n\t<meta property=\"og:image:height\" content=\"1296\" \/>\n\t<meta property=\"og:image:type\" content=\"image\/jpeg\" \/>\n<meta name=\"author\" content=\"ritanery\" \/>\n<meta name=\"twitter:card\" content=\"summary_large_image\" \/>\n<meta name=\"twitter:label1\" content=\"Escrito por\" \/>\n\t<meta name=\"twitter:data1\" content=\"ritanery\" \/>\n\t<meta name=\"twitter:label2\" content=\"Est. tempo de leitura\" \/>\n\t<meta name=\"twitter:data2\" content=\"2 minutos\" \/>\n<script type=\"application\/ld+json\" class=\"yoast-schema-graph\">{\"@context\":\"https:\/\/schema.org\",\"@graph\":[{\"@type\":\"Article\",\"@id\":\"https:\/\/radiolifefm.com.br\/noticias\/memoria-estoria-historia-e-abutres\/#article\",\"isPartOf\":{\"@id\":\"https:\/\/radiolifefm.com.br\/noticias\/memoria-estoria-historia-e-abutres\/\"},\"author\":{\"name\":\"ritanery\",\"@id\":\"https:\/\/radiolifefm.com.br\/noticias\/#\/schema\/person\/6339b9fac59d12b071dec680d7375d87\"},\"headline\":\"MEM\u00d3RIA, EST\u00d3RIA, HIST\u00d3RIA E ABUTRES&#8230;\",\"datePublished\":\"2022-08-31T17:42:26+00:00\",\"dateModified\":\"2025-06-19T23:24:12+00:00\",\"mainEntityOfPage\":{\"@id\":\"https:\/\/radiolifefm.com.br\/noticias\/memoria-estoria-historia-e-abutres\/\"},\"wordCount\":453,\"publisher\":{\"@id\":\"https:\/\/radiolifefm.com.br\/noticias\/#organization\"},\"image\":{\"@id\":\"https:\/\/radiolifefm.com.br\/noticias\/memoria-estoria-historia-e-abutres\/#primaryimage\"},\"thumbnailUrl\":\"https:\/\/radiolifefm.com.br\/noticias\/wp-content\/uploads\/2022\/04\/WhatsApp-Image-2022-04-10-at-18.43.02.jpeg\",\"articleSection\":[\"Opini\u00e3o\"],\"inLanguage\":\"pt-BR\"},{\"@type\":\"WebPage\",\"@id\":\"https:\/\/radiolifefm.com.br\/noticias\/memoria-estoria-historia-e-abutres\/\",\"url\":\"https:\/\/radiolifefm.com.br\/noticias\/memoria-estoria-historia-e-abutres\/\",\"name\":\"MEM\u00d3RIA, EST\u00d3RIA, HIST\u00d3RIA E ABUTRES... - R\u00e1dio Life FM\",\"isPartOf\":{\"@id\":\"https:\/\/radiolifefm.com.br\/noticias\/#website\"},\"primaryImageOfPage\":{\"@id\":\"https:\/\/radiolifefm.com.br\/noticias\/memoria-estoria-historia-e-abutres\/#primaryimage\"},\"image\":{\"@id\":\"https:\/\/radiolifefm.com.br\/noticias\/memoria-estoria-historia-e-abutres\/#primaryimage\"},\"thumbnailUrl\":\"https:\/\/radiolifefm.com.br\/noticias\/wp-content\/uploads\/2022\/04\/WhatsApp-Image-2022-04-10-at-18.43.02.jpeg\",\"datePublished\":\"2022-08-31T17:42:26+00:00\",\"dateModified\":\"2025-06-19T23:24:12+00:00\",\"breadcrumb\":{\"@id\":\"https:\/\/radiolifefm.com.br\/noticias\/memoria-estoria-historia-e-abutres\/#breadcrumb\"},\"inLanguage\":\"pt-BR\",\"potentialAction\":[{\"@type\":\"ReadAction\",\"target\":[\"https:\/\/radiolifefm.com.br\/noticias\/memoria-estoria-historia-e-abutres\/\"]}]},{\"@type\":\"ImageObject\",\"inLanguage\":\"pt-BR\",\"@id\":\"https:\/\/radiolifefm.com.br\/noticias\/memoria-estoria-historia-e-abutres\/#primaryimage\",\"url\":\"https:\/\/radiolifefm.com.br\/noticias\/wp-content\/uploads\/2022\/04\/WhatsApp-Image-2022-04-10-at-18.43.02.jpeg\",\"contentUrl\":\"https:\/\/radiolifefm.com.br\/noticias\/wp-content\/uploads\/2022\/04\/WhatsApp-Image-2022-04-10-at-18.43.02.jpeg\",\"width\":972,\"height\":1296,\"caption\":\"S\u00e9rgio Barbosa\"},{\"@type\":\"BreadcrumbList\",\"@id\":\"https:\/\/radiolifefm.com.br\/noticias\/memoria-estoria-historia-e-abutres\/#breadcrumb\",\"itemListElement\":[{\"@type\":\"ListItem\",\"position\":1,\"name\":\"In\u00edcio\",\"item\":\"https:\/\/radiolifefm.com.br\/noticias\/\"},{\"@type\":\"ListItem\",\"position\":2,\"name\":\"MEM\u00d3RIA, EST\u00d3RIA, HIST\u00d3RIA E ABUTRES&#8230;\"}]},{\"@type\":\"WebSite\",\"@id\":\"https:\/\/radiolifefm.com.br\/noticias\/#website\",\"url\":\"https:\/\/radiolifefm.com.br\/noticias\/\",\"name\":\"R\u00e1dio Life FM\",\"description\":\"O Portal de Not\u00edcias de Adamantina\",\"publisher\":{\"@id\":\"https:\/\/radiolifefm.com.br\/noticias\/#organization\"},\"alternateName\":\"Life FM\",\"potentialAction\":[{\"@type\":\"SearchAction\",\"target\":{\"@type\":\"EntryPoint\",\"urlTemplate\":\"https:\/\/radiolifefm.com.br\/noticias\/?s={search_term_string}\"},\"query-input\":{\"@type\":\"PropertyValueSpecification\",\"valueRequired\":true,\"valueName\":\"search_term_string\"}}],\"inLanguage\":\"pt-BR\"},{\"@type\":\"Organization\",\"@id\":\"https:\/\/radiolifefm.com.br\/noticias\/#organization\",\"name\":\"R\u00e1dio Life FM\",\"alternateName\":\"Life FM\",\"url\":\"https:\/\/radiolifefm.com.br\/noticias\/\",\"logo\":{\"@type\":\"ImageObject\",\"inLanguage\":\"pt-BR\",\"@id\":\"https:\/\/radiolifefm.com.br\/noticias\/#\/schema\/logo\/image\/\",\"url\":\"https:\/\/static.radiolifefm.com.br\/noticias\/wp-content\/uploads\/2019\/10\/logo-lifefm.png\",\"contentUrl\":\"https:\/\/static.radiolifefm.com.br\/noticias\/wp-content\/uploads\/2019\/10\/logo-lifefm.png\",\"width\":196,\"height\":47,\"caption\":\"R\u00e1dio Life FM\"},\"image\":{\"@id\":\"https:\/\/radiolifefm.com.br\/noticias\/#\/schema\/logo\/image\/\"},\"sameAs\":[\"https:\/\/www.facebook.com\/radiolifefm\/\",\"https:\/\/www.instagram.com\/life1079fm\/\"]},{\"@type\":\"Person\",\"@id\":\"https:\/\/radiolifefm.com.br\/noticias\/#\/schema\/person\/6339b9fac59d12b071dec680d7375d87\",\"name\":\"ritanery\",\"image\":{\"@type\":\"ImageObject\",\"inLanguage\":\"pt-BR\",\"@id\":\"https:\/\/secure.gravatar.com\/avatar\/0e37bb19071f47c0b8a23f62a903df117c5a0e75f65a0c2901562f97cd41cf86?s=96&d=mm&r=g\",\"url\":\"https:\/\/secure.gravatar.com\/avatar\/0e37bb19071f47c0b8a23f62a903df117c5a0e75f65a0c2901562f97cd41cf86?s=96&d=mm&r=g\",\"contentUrl\":\"https:\/\/secure.gravatar.com\/avatar\/0e37bb19071f47c0b8a23f62a903df117c5a0e75f65a0c2901562f97cd41cf86?s=96&d=mm&r=g\",\"caption\":\"ritanery\"}}]}<\/script>\n<!-- \/ Yoast SEO plugin. -->","yoast_head_json":{"title":"MEM\u00d3RIA, EST\u00d3RIA, HIST\u00d3RIA E ABUTRES... - R\u00e1dio Life FM","robots":{"index":"index","follow":"follow","max-snippet":"max-snippet:-1","max-image-preview":"max-image-preview:large","max-video-preview":"max-video-preview:-1"},"canonical":"https:\/\/radiolifefm.com.br\/noticias\/memoria-estoria-historia-e-abutres\/","og_locale":"pt_BR","og_type":"article","og_title":"MEM\u00d3RIA, EST\u00d3RIA, HIST\u00d3RIA E ABUTRES... - R\u00e1dio Life FM","og_description":"\u201cNa prov\u00edncia n\u00e3o \u00e9 permitido ser original: isto \u00e9, ter id\u00e9ias incompreendidas pelos demais, e o que a\u00ed se quer \u00e9 a igualdade do esp\u00edrito, assim como a igualdade dos costumes\u201d. (Balzac, escritor \u20181799-1850\u2019 in Livro: \u201cA Solteirona\u201d). &nbsp; S\u00e9rgio Barbosa (*) &nbsp; Ainda bem que existe a \u201cmem\u00f3ria\u201d como documento registrado para deixar as [&hellip;]","og_url":"https:\/\/radiolifefm.com.br\/noticias\/memoria-estoria-historia-e-abutres\/","og_site_name":"R\u00e1dio Life FM","article_publisher":"https:\/\/www.facebook.com\/radiolifefm\/","article_published_time":"2022-08-31T17:42:26+00:00","article_modified_time":"2025-06-19T23:24:12+00:00","og_image":[{"width":972,"height":1296,"url":"https:\/\/static.radiolifefm.com.br\/noticias\/wp-content\/uploads\/2022\/04\/WhatsApp-Image-2022-04-10-at-18.43.02.jpeg","type":"image\/jpeg"}],"author":"ritanery","twitter_card":"summary_large_image","twitter_misc":{"Escrito por":"ritanery","Est. tempo de leitura":"2 minutos"},"schema":{"@context":"https:\/\/schema.org","@graph":[{"@type":"Article","@id":"https:\/\/radiolifefm.com.br\/noticias\/memoria-estoria-historia-e-abutres\/#article","isPartOf":{"@id":"https:\/\/radiolifefm.com.br\/noticias\/memoria-estoria-historia-e-abutres\/"},"author":{"name":"ritanery","@id":"https:\/\/radiolifefm.com.br\/noticias\/#\/schema\/person\/6339b9fac59d12b071dec680d7375d87"},"headline":"MEM\u00d3RIA, EST\u00d3RIA, HIST\u00d3RIA E ABUTRES&#8230;","datePublished":"2022-08-31T17:42:26+00:00","dateModified":"2025-06-19T23:24:12+00:00","mainEntityOfPage":{"@id":"https:\/\/radiolifefm.com.br\/noticias\/memoria-estoria-historia-e-abutres\/"},"wordCount":453,"publisher":{"@id":"https:\/\/radiolifefm.com.br\/noticias\/#organization"},"image":{"@id":"https:\/\/radiolifefm.com.br\/noticias\/memoria-estoria-historia-e-abutres\/#primaryimage"},"thumbnailUrl":"https:\/\/radiolifefm.com.br\/noticias\/wp-content\/uploads\/2022\/04\/WhatsApp-Image-2022-04-10-at-18.43.02.jpeg","articleSection":["Opini\u00e3o"],"inLanguage":"pt-BR"},{"@type":"WebPage","@id":"https:\/\/radiolifefm.com.br\/noticias\/memoria-estoria-historia-e-abutres\/","url":"https:\/\/radiolifefm.com.br\/noticias\/memoria-estoria-historia-e-abutres\/","name":"MEM\u00d3RIA, EST\u00d3RIA, HIST\u00d3RIA E ABUTRES... - R\u00e1dio Life FM","isPartOf":{"@id":"https:\/\/radiolifefm.com.br\/noticias\/#website"},"primaryImageOfPage":{"@id":"https:\/\/radiolifefm.com.br\/noticias\/memoria-estoria-historia-e-abutres\/#primaryimage"},"image":{"@id":"https:\/\/radiolifefm.com.br\/noticias\/memoria-estoria-historia-e-abutres\/#primaryimage"},"thumbnailUrl":"https:\/\/radiolifefm.com.br\/noticias\/wp-content\/uploads\/2022\/04\/WhatsApp-Image-2022-04-10-at-18.43.02.jpeg","datePublished":"2022-08-31T17:42:26+00:00","dateModified":"2025-06-19T23:24:12+00:00","breadcrumb":{"@id":"https:\/\/radiolifefm.com.br\/noticias\/memoria-estoria-historia-e-abutres\/#breadcrumb"},"inLanguage":"pt-BR","potentialAction":[{"@type":"ReadAction","target":["https:\/\/radiolifefm.com.br\/noticias\/memoria-estoria-historia-e-abutres\/"]}]},{"@type":"ImageObject","inLanguage":"pt-BR","@id":"https:\/\/radiolifefm.com.br\/noticias\/memoria-estoria-historia-e-abutres\/#primaryimage","url":"https:\/\/radiolifefm.com.br\/noticias\/wp-content\/uploads\/2022\/04\/WhatsApp-Image-2022-04-10-at-18.43.02.jpeg","contentUrl":"https:\/\/radiolifefm.com.br\/noticias\/wp-content\/uploads\/2022\/04\/WhatsApp-Image-2022-04-10-at-18.43.02.jpeg","width":972,"height":1296,"caption":"S\u00e9rgio Barbosa"},{"@type":"BreadcrumbList","@id":"https:\/\/radiolifefm.com.br\/noticias\/memoria-estoria-historia-e-abutres\/#breadcrumb","itemListElement":[{"@type":"ListItem","position":1,"name":"In\u00edcio","item":"https:\/\/radiolifefm.com.br\/noticias\/"},{"@type":"ListItem","position":2,"name":"MEM\u00d3RIA, EST\u00d3RIA, HIST\u00d3RIA E ABUTRES&#8230;"}]},{"@type":"WebSite","@id":"https:\/\/radiolifefm.com.br\/noticias\/#website","url":"https:\/\/radiolifefm.com.br\/noticias\/","name":"R\u00e1dio Life FM","description":"O Portal de Not\u00edcias de Adamantina","publisher":{"@id":"https:\/\/radiolifefm.com.br\/noticias\/#organization"},"alternateName":"Life FM","potentialAction":[{"@type":"SearchAction","target":{"@type":"EntryPoint","urlTemplate":"https:\/\/radiolifefm.com.br\/noticias\/?s={search_term_string}"},"query-input":{"@type":"PropertyValueSpecification","valueRequired":true,"valueName":"search_term_string"}}],"inLanguage":"pt-BR"},{"@type":"Organization","@id":"https:\/\/radiolifefm.com.br\/noticias\/#organization","name":"R\u00e1dio Life FM","alternateName":"Life FM","url":"https:\/\/radiolifefm.com.br\/noticias\/","logo":{"@type":"ImageObject","inLanguage":"pt-BR","@id":"https:\/\/radiolifefm.com.br\/noticias\/#\/schema\/logo\/image\/","url":"https:\/\/static.radiolifefm.com.br\/noticias\/wp-content\/uploads\/2019\/10\/logo-lifefm.png","contentUrl":"https:\/\/static.radiolifefm.com.br\/noticias\/wp-content\/uploads\/2019\/10\/logo-lifefm.png","width":196,"height":47,"caption":"R\u00e1dio Life FM"},"image":{"@id":"https:\/\/radiolifefm.com.br\/noticias\/#\/schema\/logo\/image\/"},"sameAs":["https:\/\/www.facebook.com\/radiolifefm\/","https:\/\/www.instagram.com\/life1079fm\/"]},{"@type":"Person","@id":"https:\/\/radiolifefm.com.br\/noticias\/#\/schema\/person\/6339b9fac59d12b071dec680d7375d87","name":"ritanery","image":{"@type":"ImageObject","inLanguage":"pt-BR","@id":"https:\/\/secure.gravatar.com\/avatar\/0e37bb19071f47c0b8a23f62a903df117c5a0e75f65a0c2901562f97cd41cf86?s=96&d=mm&r=g","url":"https:\/\/secure.gravatar.com\/avatar\/0e37bb19071f47c0b8a23f62a903df117c5a0e75f65a0c2901562f97cd41cf86?s=96&d=mm&r=g","contentUrl":"https:\/\/secure.gravatar.com\/avatar\/0e37bb19071f47c0b8a23f62a903df117c5a0e75f65a0c2901562f97cd41cf86?s=96&d=mm&r=g","caption":"ritanery"}}]}},"amp_enabled":true,"_links":{"self":[{"href":"https:\/\/radiolifefm.com.br\/noticias\/wp-json\/wp\/v2\/posts\/57611","targetHints":{"allow":["GET"]}}],"collection":[{"href":"https:\/\/radiolifefm.com.br\/noticias\/wp-json\/wp\/v2\/posts"}],"about":[{"href":"https:\/\/radiolifefm.com.br\/noticias\/wp-json\/wp\/v2\/types\/post"}],"author":[{"embeddable":true,"href":"https:\/\/radiolifefm.com.br\/noticias\/wp-json\/wp\/v2\/users\/13"}],"replies":[{"embeddable":true,"href":"https:\/\/radiolifefm.com.br\/noticias\/wp-json\/wp\/v2\/comments?post=57611"}],"version-history":[{"count":1,"href":"https:\/\/radiolifefm.com.br\/noticias\/wp-json\/wp\/v2\/posts\/57611\/revisions"}],"predecessor-version":[{"id":57612,"href":"https:\/\/radiolifefm.com.br\/noticias\/wp-json\/wp\/v2\/posts\/57611\/revisions\/57612"}],"wp:featuredmedia":[{"embeddable":true,"href":"https:\/\/radiolifefm.com.br\/noticias\/wp-json\/wp\/v2\/media\/51988"}],"wp:attachment":[{"href":"https:\/\/radiolifefm.com.br\/noticias\/wp-json\/wp\/v2\/media?parent=57611"}],"wp:term":[{"taxonomy":"category","embeddable":true,"href":"https:\/\/radiolifefm.com.br\/noticias\/wp-json\/wp\/v2\/categories?post=57611"},{"taxonomy":"post_tag","embeddable":true,"href":"https:\/\/radiolifefm.com.br\/noticias\/wp-json\/wp\/v2\/tags?post=57611"}],"curies":[{"name":"wp","href":"https:\/\/api.w.org\/{rel}","templated":true}]}}