{"id":57584,"date":"2022-08-30T08:07:17","date_gmt":"2022-08-30T11:07:17","guid":{"rendered":"https:\/\/radiolifefm.com.br\/noticias\/?p=57584"},"modified":"2025-10-03T09:04:21","modified_gmt":"2025-10-03T12:04:21","slug":"expoverde-inicia-30a-edicao-nesta-terca-feira-com-expectativa-de-atrair-100-mil-pessoas-em-seis-dias-de-evento-em-adamantina","status":"publish","type":"post","link":"https:\/\/radiolifefm.com.br\/noticias\/expoverde-inicia-30a-edicao-nesta-terca-feira-com-expectativa-de-atrair-100-mil-pessoas-em-seis-dias-de-evento-em-adamantina\/","title":{"rendered":"ExpoVerde inicia 30\u00aa edi\u00e7\u00e3o nesta ter\u00e7a-feira com expectativa de atrair 100 mil pessoas em seis dias de evento em Adamantina"},"content":{"rendered":"<div id=\"fb-root\"><\/div>\n<p>Com entrada gratuita em todas as apresenta\u00e7\u00f5es, os shows da 30\u00aa edi\u00e7\u00e3o da ExpoVerde come\u00e7am nesta ter\u00e7a-feira (30), em\u00a0<b><a style=\"font-style: inherit\" href=\"https:\/\/g1.globo.com\/sp\/presidente-prudente-regiao\/cidade\/adamantina\/\">Adamantina (SP)<\/a><\/b>. Ser\u00e3o seis dias de festa e, para comemorar os 30 anos da realiza\u00e7\u00e3o da exposi\u00e7\u00e3o, a estreia do evento ter\u00e1 uma apresenta\u00e7\u00e3o do cantor\u00a0<b><strong style=\"font-style: inherit\">Wesley Safad\u00e3o<\/strong><\/b>.<\/p>\n<p data-track-category=\"Link no Texto\" data-track-links=\"\">As estruturas foram montadas no Pavilh\u00e3o Principal, que conta com uma \u00e1rea comercial, na \u00e1rea externa, que tamb\u00e9m \u00e9 dedicada ao com\u00e9rcio, e no pavilh\u00e3o do agroneg\u00f3cio, onde ficam os grandes animais. A expectativa \u00e9 de que sejam expostos aproximadamente 60 animais entre bovinos e ovinos machos e f\u00eameas.<\/p>\n<p data-track-category=\"Link no Texto\" data-track-links=\"\">O evento tamb\u00e9m ter\u00e1 a exposi\u00e7\u00e3o de uma maquete sustent\u00e1vel que retrata todo o processo, desenvolvido no p\u00e1tio de compostagem pela Prefeitura de Adamantina, de diferen\u00e7a entre as culturas que recebem o composto org\u00e2nico e as que n\u00e3o recebem.<\/p>\n<p data-track-category=\"Link no Texto\" data-track-links=\"\">O presidente da Comiss\u00e3o Organizadora do evento, Gustavo Taniguchi Rufino, informou que a estimativa de p\u00fablico para os seis dias \u00e9 de aproximadamente 100 mil pessoas.<\/p>\n<p>&nbsp;<\/p>\n<p><strong>Shows<\/strong><\/p>\n<p>Al\u00e9m de\u00a0<strong>Wesley Safad\u00e3o,<\/strong>\u00a0que sobe ao palco nesta ter\u00e7a-feira (30), o evento contar\u00e1 com as seguintes atra\u00e7\u00f5es art\u00edsticas musicais:<\/p>\n<ul>\n<li><strong>Ana Castela<\/strong>&#8211; quarta-feira (31);<\/li>\n<li><strong>Luan Pereira<\/strong>&#8211; quinta-feira (1\u00ba);<\/li>\n<li><strong>Teodoro e Sampaio<\/strong>&#8211; sexta-feira (2);<\/li>\n<li><strong>Lauana Prado<\/strong>&#8211; s\u00e1bado (3); e<\/li>\n<li><strong>Dudinha e Mariana<\/strong>\/<strong>Galinha Pintadinha<\/strong>&#8211; domingo (4).<\/li>\n<\/ul>\n<p>&nbsp;<\/p>\n<h2>Alimenta\u00e7\u00e3o<\/h2>\n<p>A 30\u00aa ExpoVerde contar\u00e1 com a presen\u00e7a do Instituto Assist\u00eancia ao Menor de Adamantina Santo Cheraria (Iama) e da Santa Casa de Miseric\u00f3rdia de Adamantina na pra\u00e7a de alimenta\u00e7\u00e3o na \u00e1rea das entidades.<\/p>\n<p data-track-category=\"Link no Texto\" data-track-links=\"\">O Iama servir\u00e1 dois tipos de espeto: espeto duplo, de alcatra, e o espeto misto, de contrafil\u00e9 e lingui\u00e7a, e ter\u00e1 como alternativa o costel\u00e3o. O card\u00e1pio ainda conta com o acompanhamento de arroz, vinagrete, mandioca e bebidas.<\/p>\n<p data-track-category=\"Link no Texto\" data-track-links=\"\">A Santa Casa de Miseric\u00f3rdia ir\u00e1 vender batata recheada com tr\u00eas sabores: strogonoff de carne, frango ao molho vermelho e salsicha. Al\u00e9m disso, tamb\u00e9m vender\u00e1 sorvete, bebidas, pr\u00f3polis e caf\u00e9.<\/p>\n<p data-track-category=\"Link no Texto\" data-track-links=\"\">A abertura do evento ocorreu neste domingo (28), com a Cavalgada do Bem. A iniciativa foi organizada por um grupo de volunt\u00e1rios, que destinaram os recursos arrecadados para a Sociedade de S\u00e3o Vicente de Paulo (Vicentinos) e para a Casa da Sopa (Joanna de \u00c2ngelis).<\/p>\n<p>&nbsp;<\/p>\n<h2>Servi\u00e7o<\/h2>\n<p>Nesta ter\u00e7a-feira (30), a ExpoVerde come\u00e7a a partir das 19h. De quarta-feira (30) a s\u00e1bado (3), a exposi\u00e7\u00e3o estar\u00e1 aberta das 9h \u00e0s 17h. Das 17h \u00e0s 19h, o recinto poliesportivo estar\u00e1 fechado e depois reabrir\u00e1 \u00e0s 19h. No domingo (4), a programa\u00e7\u00e3o tem in\u00edcio \u00e0s 9h, sem hor\u00e1rio de fechamento.<\/p>\n<p>&nbsp;<\/p>\n<p>Fonte: G1<\/p>\n","protected":false},"excerpt":{"rendered":"<p>Com entrada gratuita em todas as apresenta\u00e7\u00f5es, os shows da 30\u00aa edi\u00e7\u00e3o da ExpoVerde come\u00e7am nesta ter\u00e7a-feira (30), em\u00a0Adamantina (SP). Ser\u00e3o seis dias de festa e, para comemorar os 30 anos da realiza\u00e7\u00e3o da exposi\u00e7\u00e3o, a estreia do evento ter\u00e1 uma apresenta\u00e7\u00e3o do cantor\u00a0Wesley Safad\u00e3o. As estruturas foram montadas no Pavilh\u00e3o Principal, que conta com [&hellip;]<\/p>\n","protected":false},"author":13,"featured_media":57585,"comment_status":"closed","ping_status":"open","sticky":false,"template":"","format":"standard","meta":{"_acf_changed":false,"_exactmetrics_skip_tracking":false,"_exactmetrics_sitenote_active":false,"_exactmetrics_sitenote_note":"","_exactmetrics_sitenote_category":0,"footnotes":""},"categories":[21],"tags":[],"class_list":["post-57584","post","type-post","status-publish","format-standard","has-post-thumbnail","hentry","category-adamantina"],"acf":[],"yoast_head":"<!-- This site is optimized with the Yoast SEO plugin v27.2 - https:\/\/yoast.com\/product\/yoast-seo-wordpress\/ -->\n<title>ExpoVerde inicia 30\u00aa edi\u00e7\u00e3o nesta ter\u00e7a-feira com expectativa de atrair 100 mil pessoas em seis dias de evento em Adamantina - R\u00e1dio Life FM<\/title>\n<meta name=\"robots\" content=\"index, follow, max-snippet:-1, max-image-preview:large, max-video-preview:-1\" \/>\n<link rel=\"canonical\" href=\"https:\/\/radiolifefm.com.br\/noticias\/expoverde-inicia-30a-edicao-nesta-terca-feira-com-expectativa-de-atrair-100-mil-pessoas-em-seis-dias-de-evento-em-adamantina\/\" \/>\n<meta property=\"og:locale\" content=\"pt_BR\" \/>\n<meta property=\"og:type\" content=\"article\" \/>\n<meta property=\"og:title\" content=\"ExpoVerde inicia 30\u00aa edi\u00e7\u00e3o nesta ter\u00e7a-feira com expectativa de atrair 100 mil pessoas em seis dias de evento em Adamantina - R\u00e1dio Life FM\" \/>\n<meta property=\"og:description\" content=\"Com entrada gratuita em todas as apresenta\u00e7\u00f5es, os shows da 30\u00aa edi\u00e7\u00e3o da ExpoVerde come\u00e7am nesta ter\u00e7a-feira (30), em\u00a0Adamantina (SP). Ser\u00e3o seis dias de festa e, para comemorar os 30 anos da realiza\u00e7\u00e3o da exposi\u00e7\u00e3o, a estreia do evento ter\u00e1 uma apresenta\u00e7\u00e3o do cantor\u00a0Wesley Safad\u00e3o. As estruturas foram montadas no Pavilh\u00e3o Principal, que conta com [&hellip;]\" \/>\n<meta property=\"og:url\" content=\"https:\/\/radiolifefm.com.br\/noticias\/expoverde-inicia-30a-edicao-nesta-terca-feira-com-expectativa-de-atrair-100-mil-pessoas-em-seis-dias-de-evento-em-adamantina\/\" \/>\n<meta property=\"og:site_name\" content=\"R\u00e1dio Life FM\" \/>\n<meta property=\"article:publisher\" content=\"https:\/\/www.facebook.com\/radiolifefm\/\" \/>\n<meta property=\"article:published_time\" content=\"2022-08-30T11:07:17+00:00\" \/>\n<meta property=\"article:modified_time\" content=\"2025-10-03T12:04:21+00:00\" \/>\n<meta property=\"og:image\" content=\"https:\/\/static.radiolifefm.com.br\/noticias\/wp-content\/uploads\/2022\/08\/wesl.jpg\" \/>\n\t<meta property=\"og:image:width\" content=\"984\" \/>\n\t<meta property=\"og:image:height\" content=\"618\" \/>\n\t<meta property=\"og:image:type\" content=\"image\/jpeg\" \/>\n<meta name=\"author\" content=\"ritanery\" \/>\n<meta name=\"twitter:card\" content=\"summary_large_image\" \/>\n<meta name=\"twitter:label1\" content=\"Escrito por\" \/>\n\t<meta name=\"twitter:data1\" content=\"ritanery\" \/>\n\t<meta name=\"twitter:label2\" content=\"Est. tempo de leitura\" \/>\n\t<meta name=\"twitter:data2\" content=\"2 minutos\" \/>\n<script type=\"application\/ld+json\" class=\"yoast-schema-graph\">{\"@context\":\"https:\/\/schema.org\",\"@graph\":[{\"@type\":\"Article\",\"@id\":\"https:\/\/radiolifefm.com.br\/noticias\/expoverde-inicia-30a-edicao-nesta-terca-feira-com-expectativa-de-atrair-100-mil-pessoas-em-seis-dias-de-evento-em-adamantina\/#article\",\"isPartOf\":{\"@id\":\"https:\/\/radiolifefm.com.br\/noticias\/expoverde-inicia-30a-edicao-nesta-terca-feira-com-expectativa-de-atrair-100-mil-pessoas-em-seis-dias-de-evento-em-adamantina\/\"},\"author\":{\"name\":\"ritanery\",\"@id\":\"https:\/\/radiolifefm.com.br\/noticias\/#\/schema\/person\/6339b9fac59d12b071dec680d7375d87\"},\"headline\":\"ExpoVerde inicia 30\u00aa edi\u00e7\u00e3o nesta ter\u00e7a-feira com expectativa de atrair 100 mil pessoas em seis dias de evento em Adamantina\",\"datePublished\":\"2022-08-30T11:07:17+00:00\",\"dateModified\":\"2025-10-03T12:04:21+00:00\",\"mainEntityOfPage\":{\"@id\":\"https:\/\/radiolifefm.com.br\/noticias\/expoverde-inicia-30a-edicao-nesta-terca-feira-com-expectativa-de-atrair-100-mil-pessoas-em-seis-dias-de-evento-em-adamantina\/\"},\"wordCount\":466,\"publisher\":{\"@id\":\"https:\/\/radiolifefm.com.br\/noticias\/#organization\"},\"image\":{\"@id\":\"https:\/\/radiolifefm.com.br\/noticias\/expoverde-inicia-30a-edicao-nesta-terca-feira-com-expectativa-de-atrair-100-mil-pessoas-em-seis-dias-de-evento-em-adamantina\/#primaryimage\"},\"thumbnailUrl\":\"https:\/\/radiolifefm.com.br\/noticias\/wp-content\/uploads\/2022\/08\/wesl.jpg\",\"articleSection\":[\"Adamantina\"],\"inLanguage\":\"pt-BR\"},{\"@type\":\"WebPage\",\"@id\":\"https:\/\/radiolifefm.com.br\/noticias\/expoverde-inicia-30a-edicao-nesta-terca-feira-com-expectativa-de-atrair-100-mil-pessoas-em-seis-dias-de-evento-em-adamantina\/\",\"url\":\"https:\/\/radiolifefm.com.br\/noticias\/expoverde-inicia-30a-edicao-nesta-terca-feira-com-expectativa-de-atrair-100-mil-pessoas-em-seis-dias-de-evento-em-adamantina\/\",\"name\":\"ExpoVerde inicia 30\u00aa edi\u00e7\u00e3o nesta ter\u00e7a-feira com expectativa de atrair 100 mil pessoas em seis dias de evento em Adamantina - R\u00e1dio Life FM\",\"isPartOf\":{\"@id\":\"https:\/\/radiolifefm.com.br\/noticias\/#website\"},\"primaryImageOfPage\":{\"@id\":\"https:\/\/radiolifefm.com.br\/noticias\/expoverde-inicia-30a-edicao-nesta-terca-feira-com-expectativa-de-atrair-100-mil-pessoas-em-seis-dias-de-evento-em-adamantina\/#primaryimage\"},\"image\":{\"@id\":\"https:\/\/radiolifefm.com.br\/noticias\/expoverde-inicia-30a-edicao-nesta-terca-feira-com-expectativa-de-atrair-100-mil-pessoas-em-seis-dias-de-evento-em-adamantina\/#primaryimage\"},\"thumbnailUrl\":\"https:\/\/radiolifefm.com.br\/noticias\/wp-content\/uploads\/2022\/08\/wesl.jpg\",\"datePublished\":\"2022-08-30T11:07:17+00:00\",\"dateModified\":\"2025-10-03T12:04:21+00:00\",\"breadcrumb\":{\"@id\":\"https:\/\/radiolifefm.com.br\/noticias\/expoverde-inicia-30a-edicao-nesta-terca-feira-com-expectativa-de-atrair-100-mil-pessoas-em-seis-dias-de-evento-em-adamantina\/#breadcrumb\"},\"inLanguage\":\"pt-BR\",\"potentialAction\":[{\"@type\":\"ReadAction\",\"target\":[\"https:\/\/radiolifefm.com.br\/noticias\/expoverde-inicia-30a-edicao-nesta-terca-feira-com-expectativa-de-atrair-100-mil-pessoas-em-seis-dias-de-evento-em-adamantina\/\"]}]},{\"@type\":\"ImageObject\",\"inLanguage\":\"pt-BR\",\"@id\":\"https:\/\/radiolifefm.com.br\/noticias\/expoverde-inicia-30a-edicao-nesta-terca-feira-com-expectativa-de-atrair-100-mil-pessoas-em-seis-dias-de-evento-em-adamantina\/#primaryimage\",\"url\":\"https:\/\/radiolifefm.com.br\/noticias\/wp-content\/uploads\/2022\/08\/wesl.jpg\",\"contentUrl\":\"https:\/\/radiolifefm.com.br\/noticias\/wp-content\/uploads\/2022\/08\/wesl.jpg\",\"width\":984,\"height\":618,\"caption\":\"Festa segue at\u00e9 domingo (4) com apresenta\u00e7\u00f5es gratuitas de Wesley Safad\u00e3o, Ana Castela, Luan Pereira e Lauana Prado, entre outros artistas.\"},{\"@type\":\"BreadcrumbList\",\"@id\":\"https:\/\/radiolifefm.com.br\/noticias\/expoverde-inicia-30a-edicao-nesta-terca-feira-com-expectativa-de-atrair-100-mil-pessoas-em-seis-dias-de-evento-em-adamantina\/#breadcrumb\",\"itemListElement\":[{\"@type\":\"ListItem\",\"position\":1,\"name\":\"In\u00edcio\",\"item\":\"https:\/\/radiolifefm.com.br\/noticias\/\"},{\"@type\":\"ListItem\",\"position\":2,\"name\":\"ExpoVerde inicia 30\u00aa edi\u00e7\u00e3o nesta ter\u00e7a-feira com expectativa de atrair 100 mil pessoas em seis dias de evento em Adamantina\"}]},{\"@type\":\"WebSite\",\"@id\":\"https:\/\/radiolifefm.com.br\/noticias\/#website\",\"url\":\"https:\/\/radiolifefm.com.br\/noticias\/\",\"name\":\"R\u00e1dio Life FM\",\"description\":\"O Portal de Not\u00edcias de Adamantina\",\"publisher\":{\"@id\":\"https:\/\/radiolifefm.com.br\/noticias\/#organization\"},\"alternateName\":\"Life FM\",\"potentialAction\":[{\"@type\":\"SearchAction\",\"target\":{\"@type\":\"EntryPoint\",\"urlTemplate\":\"https:\/\/radiolifefm.com.br\/noticias\/?s={search_term_string}\"},\"query-input\":{\"@type\":\"PropertyValueSpecification\",\"valueRequired\":true,\"valueName\":\"search_term_string\"}}],\"inLanguage\":\"pt-BR\"},{\"@type\":\"Organization\",\"@id\":\"https:\/\/radiolifefm.com.br\/noticias\/#organization\",\"name\":\"R\u00e1dio Life FM\",\"alternateName\":\"Life FM\",\"url\":\"https:\/\/radiolifefm.com.br\/noticias\/\",\"logo\":{\"@type\":\"ImageObject\",\"inLanguage\":\"pt-BR\",\"@id\":\"https:\/\/radiolifefm.com.br\/noticias\/#\/schema\/logo\/image\/\",\"url\":\"https:\/\/static.radiolifefm.com.br\/noticias\/wp-content\/uploads\/2019\/10\/logo-lifefm.png\",\"contentUrl\":\"https:\/\/static.radiolifefm.com.br\/noticias\/wp-content\/uploads\/2019\/10\/logo-lifefm.png\",\"width\":196,\"height\":47,\"caption\":\"R\u00e1dio Life FM\"},\"image\":{\"@id\":\"https:\/\/radiolifefm.com.br\/noticias\/#\/schema\/logo\/image\/\"},\"sameAs\":[\"https:\/\/www.facebook.com\/radiolifefm\/\",\"https:\/\/www.instagram.com\/life1079fm\/\"]},{\"@type\":\"Person\",\"@id\":\"https:\/\/radiolifefm.com.br\/noticias\/#\/schema\/person\/6339b9fac59d12b071dec680d7375d87\",\"name\":\"ritanery\",\"image\":{\"@type\":\"ImageObject\",\"inLanguage\":\"pt-BR\",\"@id\":\"https:\/\/secure.gravatar.com\/avatar\/0e37bb19071f47c0b8a23f62a903df117c5a0e75f65a0c2901562f97cd41cf86?s=96&d=mm&r=g\",\"url\":\"https:\/\/secure.gravatar.com\/avatar\/0e37bb19071f47c0b8a23f62a903df117c5a0e75f65a0c2901562f97cd41cf86?s=96&d=mm&r=g\",\"contentUrl\":\"https:\/\/secure.gravatar.com\/avatar\/0e37bb19071f47c0b8a23f62a903df117c5a0e75f65a0c2901562f97cd41cf86?s=96&d=mm&r=g\",\"caption\":\"ritanery\"}}]}<\/script>\n<!-- \/ Yoast SEO plugin. -->","yoast_head_json":{"title":"ExpoVerde inicia 30\u00aa edi\u00e7\u00e3o nesta ter\u00e7a-feira com expectativa de atrair 100 mil pessoas em seis dias de evento em Adamantina - R\u00e1dio Life FM","robots":{"index":"index","follow":"follow","max-snippet":"max-snippet:-1","max-image-preview":"max-image-preview:large","max-video-preview":"max-video-preview:-1"},"canonical":"https:\/\/radiolifefm.com.br\/noticias\/expoverde-inicia-30a-edicao-nesta-terca-feira-com-expectativa-de-atrair-100-mil-pessoas-em-seis-dias-de-evento-em-adamantina\/","og_locale":"pt_BR","og_type":"article","og_title":"ExpoVerde inicia 30\u00aa edi\u00e7\u00e3o nesta ter\u00e7a-feira com expectativa de atrair 100 mil pessoas em seis dias de evento em Adamantina - R\u00e1dio Life FM","og_description":"Com entrada gratuita em todas as apresenta\u00e7\u00f5es, os shows da 30\u00aa edi\u00e7\u00e3o da ExpoVerde come\u00e7am nesta ter\u00e7a-feira (30), em\u00a0Adamantina (SP). Ser\u00e3o seis dias de festa e, para comemorar os 30 anos da realiza\u00e7\u00e3o da exposi\u00e7\u00e3o, a estreia do evento ter\u00e1 uma apresenta\u00e7\u00e3o do cantor\u00a0Wesley Safad\u00e3o. As estruturas foram montadas no Pavilh\u00e3o Principal, que conta com [&hellip;]","og_url":"https:\/\/radiolifefm.com.br\/noticias\/expoverde-inicia-30a-edicao-nesta-terca-feira-com-expectativa-de-atrair-100-mil-pessoas-em-seis-dias-de-evento-em-adamantina\/","og_site_name":"R\u00e1dio Life FM","article_publisher":"https:\/\/www.facebook.com\/radiolifefm\/","article_published_time":"2022-08-30T11:07:17+00:00","article_modified_time":"2025-10-03T12:04:21+00:00","og_image":[{"width":984,"height":618,"url":"https:\/\/static.radiolifefm.com.br\/noticias\/wp-content\/uploads\/2022\/08\/wesl.jpg","type":"image\/jpeg"}],"author":"ritanery","twitter_card":"summary_large_image","twitter_misc":{"Escrito por":"ritanery","Est. tempo de leitura":"2 minutos"},"schema":{"@context":"https:\/\/schema.org","@graph":[{"@type":"Article","@id":"https:\/\/radiolifefm.com.br\/noticias\/expoverde-inicia-30a-edicao-nesta-terca-feira-com-expectativa-de-atrair-100-mil-pessoas-em-seis-dias-de-evento-em-adamantina\/#article","isPartOf":{"@id":"https:\/\/radiolifefm.com.br\/noticias\/expoverde-inicia-30a-edicao-nesta-terca-feira-com-expectativa-de-atrair-100-mil-pessoas-em-seis-dias-de-evento-em-adamantina\/"},"author":{"name":"ritanery","@id":"https:\/\/radiolifefm.com.br\/noticias\/#\/schema\/person\/6339b9fac59d12b071dec680d7375d87"},"headline":"ExpoVerde inicia 30\u00aa edi\u00e7\u00e3o nesta ter\u00e7a-feira com expectativa de atrair 100 mil pessoas em seis dias de evento em Adamantina","datePublished":"2022-08-30T11:07:17+00:00","dateModified":"2025-10-03T12:04:21+00:00","mainEntityOfPage":{"@id":"https:\/\/radiolifefm.com.br\/noticias\/expoverde-inicia-30a-edicao-nesta-terca-feira-com-expectativa-de-atrair-100-mil-pessoas-em-seis-dias-de-evento-em-adamantina\/"},"wordCount":466,"publisher":{"@id":"https:\/\/radiolifefm.com.br\/noticias\/#organization"},"image":{"@id":"https:\/\/radiolifefm.com.br\/noticias\/expoverde-inicia-30a-edicao-nesta-terca-feira-com-expectativa-de-atrair-100-mil-pessoas-em-seis-dias-de-evento-em-adamantina\/#primaryimage"},"thumbnailUrl":"https:\/\/radiolifefm.com.br\/noticias\/wp-content\/uploads\/2022\/08\/wesl.jpg","articleSection":["Adamantina"],"inLanguage":"pt-BR"},{"@type":"WebPage","@id":"https:\/\/radiolifefm.com.br\/noticias\/expoverde-inicia-30a-edicao-nesta-terca-feira-com-expectativa-de-atrair-100-mil-pessoas-em-seis-dias-de-evento-em-adamantina\/","url":"https:\/\/radiolifefm.com.br\/noticias\/expoverde-inicia-30a-edicao-nesta-terca-feira-com-expectativa-de-atrair-100-mil-pessoas-em-seis-dias-de-evento-em-adamantina\/","name":"ExpoVerde inicia 30\u00aa edi\u00e7\u00e3o nesta ter\u00e7a-feira com expectativa de atrair 100 mil pessoas em seis dias de evento em Adamantina - R\u00e1dio Life FM","isPartOf":{"@id":"https:\/\/radiolifefm.com.br\/noticias\/#website"},"primaryImageOfPage":{"@id":"https:\/\/radiolifefm.com.br\/noticias\/expoverde-inicia-30a-edicao-nesta-terca-feira-com-expectativa-de-atrair-100-mil-pessoas-em-seis-dias-de-evento-em-adamantina\/#primaryimage"},"image":{"@id":"https:\/\/radiolifefm.com.br\/noticias\/expoverde-inicia-30a-edicao-nesta-terca-feira-com-expectativa-de-atrair-100-mil-pessoas-em-seis-dias-de-evento-em-adamantina\/#primaryimage"},"thumbnailUrl":"https:\/\/radiolifefm.com.br\/noticias\/wp-content\/uploads\/2022\/08\/wesl.jpg","datePublished":"2022-08-30T11:07:17+00:00","dateModified":"2025-10-03T12:04:21+00:00","breadcrumb":{"@id":"https:\/\/radiolifefm.com.br\/noticias\/expoverde-inicia-30a-edicao-nesta-terca-feira-com-expectativa-de-atrair-100-mil-pessoas-em-seis-dias-de-evento-em-adamantina\/#breadcrumb"},"inLanguage":"pt-BR","potentialAction":[{"@type":"ReadAction","target":["https:\/\/radiolifefm.com.br\/noticias\/expoverde-inicia-30a-edicao-nesta-terca-feira-com-expectativa-de-atrair-100-mil-pessoas-em-seis-dias-de-evento-em-adamantina\/"]}]},{"@type":"ImageObject","inLanguage":"pt-BR","@id":"https:\/\/radiolifefm.com.br\/noticias\/expoverde-inicia-30a-edicao-nesta-terca-feira-com-expectativa-de-atrair-100-mil-pessoas-em-seis-dias-de-evento-em-adamantina\/#primaryimage","url":"https:\/\/radiolifefm.com.br\/noticias\/wp-content\/uploads\/2022\/08\/wesl.jpg","contentUrl":"https:\/\/radiolifefm.com.br\/noticias\/wp-content\/uploads\/2022\/08\/wesl.jpg","width":984,"height":618,"caption":"Festa segue at\u00e9 domingo (4) com apresenta\u00e7\u00f5es gratuitas de Wesley Safad\u00e3o, Ana Castela, Luan Pereira e Lauana Prado, entre outros artistas."},{"@type":"BreadcrumbList","@id":"https:\/\/radiolifefm.com.br\/noticias\/expoverde-inicia-30a-edicao-nesta-terca-feira-com-expectativa-de-atrair-100-mil-pessoas-em-seis-dias-de-evento-em-adamantina\/#breadcrumb","itemListElement":[{"@type":"ListItem","position":1,"name":"In\u00edcio","item":"https:\/\/radiolifefm.com.br\/noticias\/"},{"@type":"ListItem","position":2,"name":"ExpoVerde inicia 30\u00aa edi\u00e7\u00e3o nesta ter\u00e7a-feira com expectativa de atrair 100 mil pessoas em seis dias de evento em Adamantina"}]},{"@type":"WebSite","@id":"https:\/\/radiolifefm.com.br\/noticias\/#website","url":"https:\/\/radiolifefm.com.br\/noticias\/","name":"R\u00e1dio Life FM","description":"O Portal de Not\u00edcias de Adamantina","publisher":{"@id":"https:\/\/radiolifefm.com.br\/noticias\/#organization"},"alternateName":"Life FM","potentialAction":[{"@type":"SearchAction","target":{"@type":"EntryPoint","urlTemplate":"https:\/\/radiolifefm.com.br\/noticias\/?s={search_term_string}"},"query-input":{"@type":"PropertyValueSpecification","valueRequired":true,"valueName":"search_term_string"}}],"inLanguage":"pt-BR"},{"@type":"Organization","@id":"https:\/\/radiolifefm.com.br\/noticias\/#organization","name":"R\u00e1dio Life FM","alternateName":"Life FM","url":"https:\/\/radiolifefm.com.br\/noticias\/","logo":{"@type":"ImageObject","inLanguage":"pt-BR","@id":"https:\/\/radiolifefm.com.br\/noticias\/#\/schema\/logo\/image\/","url":"https:\/\/static.radiolifefm.com.br\/noticias\/wp-content\/uploads\/2019\/10\/logo-lifefm.png","contentUrl":"https:\/\/static.radiolifefm.com.br\/noticias\/wp-content\/uploads\/2019\/10\/logo-lifefm.png","width":196,"height":47,"caption":"R\u00e1dio Life FM"},"image":{"@id":"https:\/\/radiolifefm.com.br\/noticias\/#\/schema\/logo\/image\/"},"sameAs":["https:\/\/www.facebook.com\/radiolifefm\/","https:\/\/www.instagram.com\/life1079fm\/"]},{"@type":"Person","@id":"https:\/\/radiolifefm.com.br\/noticias\/#\/schema\/person\/6339b9fac59d12b071dec680d7375d87","name":"ritanery","image":{"@type":"ImageObject","inLanguage":"pt-BR","@id":"https:\/\/secure.gravatar.com\/avatar\/0e37bb19071f47c0b8a23f62a903df117c5a0e75f65a0c2901562f97cd41cf86?s=96&d=mm&r=g","url":"https:\/\/secure.gravatar.com\/avatar\/0e37bb19071f47c0b8a23f62a903df117c5a0e75f65a0c2901562f97cd41cf86?s=96&d=mm&r=g","contentUrl":"https:\/\/secure.gravatar.com\/avatar\/0e37bb19071f47c0b8a23f62a903df117c5a0e75f65a0c2901562f97cd41cf86?s=96&d=mm&r=g","caption":"ritanery"}}]}},"amp_enabled":true,"_links":{"self":[{"href":"https:\/\/radiolifefm.com.br\/noticias\/wp-json\/wp\/v2\/posts\/57584","targetHints":{"allow":["GET"]}}],"collection":[{"href":"https:\/\/radiolifefm.com.br\/noticias\/wp-json\/wp\/v2\/posts"}],"about":[{"href":"https:\/\/radiolifefm.com.br\/noticias\/wp-json\/wp\/v2\/types\/post"}],"author":[{"embeddable":true,"href":"https:\/\/radiolifefm.com.br\/noticias\/wp-json\/wp\/v2\/users\/13"}],"replies":[{"embeddable":true,"href":"https:\/\/radiolifefm.com.br\/noticias\/wp-json\/wp\/v2\/comments?post=57584"}],"version-history":[{"count":4,"href":"https:\/\/radiolifefm.com.br\/noticias\/wp-json\/wp\/v2\/posts\/57584\/revisions"}],"predecessor-version":[{"id":57589,"href":"https:\/\/radiolifefm.com.br\/noticias\/wp-json\/wp\/v2\/posts\/57584\/revisions\/57589"}],"wp:featuredmedia":[{"embeddable":true,"href":"https:\/\/radiolifefm.com.br\/noticias\/wp-json\/wp\/v2\/media\/57585"}],"wp:attachment":[{"href":"https:\/\/radiolifefm.com.br\/noticias\/wp-json\/wp\/v2\/media?parent=57584"}],"wp:term":[{"taxonomy":"category","embeddable":true,"href":"https:\/\/radiolifefm.com.br\/noticias\/wp-json\/wp\/v2\/categories?post=57584"},{"taxonomy":"post_tag","embeddable":true,"href":"https:\/\/radiolifefm.com.br\/noticias\/wp-json\/wp\/v2\/tags?post=57584"}],"curies":[{"name":"wp","href":"https:\/\/api.w.org\/{rel}","templated":true}]}}