{"id":57545,"date":"2022-08-29T08:03:29","date_gmt":"2022-08-29T11:03:29","guid":{"rendered":"https:\/\/radiolifefm.com.br\/noticias\/?p=57545"},"modified":"2026-01-16T20:27:52","modified_gmt":"2026-01-16T23:27:52","slug":"provincia-sem-pao-e-remedios-porem-o-circo-chegou","status":"publish","type":"post","link":"https:\/\/radiolifefm.com.br\/noticias\/provincia-sem-pao-e-remedios-porem-o-circo-chegou\/","title":{"rendered":"Prov\u00edncia, \u201csem p\u00e3o e rem\u00e9dios\u201d, por\u00e9m, o Circo chegou&#8230;"},"content":{"rendered":"<div id=\"fb-root\"><\/div>\n<p><strong><em>\u00a0\u201cBrasil \u00e9 o \u00fanico circo onde o palha\u00e7o \u00e9 a pr\u00f3pria plateia.\u201d (<\/em><\/strong><strong><em>E<\/em><\/strong><a href=\"https:\/\/www.pensador.com\/autor\/eziel_mingorance\/\"><strong><em>ziel Mingorance<\/em><\/strong><\/a><strong><em>)<\/em><\/strong><\/p>\n<p><strong>\u00a0<\/strong><\/p>\n<p><strong>S\u00e9rgio Barbosa (*)<\/strong><\/p>\n<p>Isso mesmo prezados\/as PROVINCIANOS\/AS, ou seja, ap\u00f3s a divulga\u00e7\u00e3o dos ARTISTAS (sic) contratados para um dos EVENTOS patrocinados pelo PODER P\u00daBLICO, fica evidente que depois do tempo deste tempo, finalmente, o CIRCO CHEGOU nesta PROV\u00cdNCIA DO FAZ DE CONTA&#8230;<\/p>\n<p>Pelas contas deste e do outro lado, o valor deste PATROC\u00cdNIO em tempo BICUDOS com problemas em diversas \u00e1reas de atendimento pra COMUNIDADE PROVINCIANA, ultrapassa os 800 mil reais, bem como, apenas para um dos contratos EFETIVADOS, quase MEIO MILH\u00c3O DE REAIS&#8230;<\/p>\n<p>Tudo indica que BO.DO.QUIO e sua turma de ALOPRADOS\/AS est\u00e3o mais do que animados com o EVENTO em pauta e assim por diante, tamb\u00e9m, usando e abusando dos COFRES P\u00daBLICOS, tudo \u00e9 poss\u00edvel neste CEN\u00c1RIO PROVINCIANO com as MENTES MED\u00cdOCRES de sempre&#8230;<\/p>\n<p>Tamb\u00e9m, espera-se que o LEGISLATIVO PROVINCIANO possa fazer o seu PAPEL DE FISCALIZA\u00c7\u00c3O destes pseudos INVESTIMENTOS em nome disto ou daquilo, ainda, sem mais e com muito menos para a COMUNIDADE&#8230;<\/p>\n<p>Todavia, entendo que n\u00e3o se pode esperar muito dos EDIS nestas quest\u00f5es, tendo em vista os INTERESSES focados nas a\u00e7\u00f5es mediadas pela POLICAGEM local e ponto quase final&#8230;<\/p>\n<p>Na realidade, existem muitos interesses neste JOGO VICIADO que ocorre nesta PROV\u00cdNCIA DO FAZ DE CONTA faz anos e anos, ou seja, MUDAM AS MOSCAS, MAS A M&#8230; \u00c9 SEMPRE A MESMA&#8230;<\/p>\n<p>Entretanto, existe sempre aquela MINORIA que continua de PLANT\u00c3O para uma movimenta\u00e7\u00e3o CONTR\u00c1RIA ao JOGO DO PODER PELO PODER EM NOME DO PODER&#8230;<\/p>\n<p>Os diversos PROBLEMAS PROVINCIANOS continuam agitando todos os lados de um mesmo lado, entre os quais, a eterna FALTA DE REM\u00c9DIOS, bem como, M\u00c9DICOS\/AS especializados\/as, al\u00e9m de outros DESENCONTROS que se arrastam desde o PRIMEIRO MANDATO do BO.DO.QUIO, ainda, naquele outro tempo do tempo, era PIN\u00d3QUIO PROVINCIANO&#8230;<\/p>\n<p>Mesmo assim, pode-se registrar que na FALTA DE P\u00c3O e outras necessidades, a COMUNIDADE PROVINCIANA dever\u00e1 se contentar com as ATIVIDADES CIRCENSES, por\u00e9m, com \u201ctodo o respeito\u201d aos artistas desta ARTE MILENAR&#8230;<\/p>\n<p>Tamb\u00e9m, entendo que a M\u00cdDIA local dever\u00e1 ficar no seu CANTO DE SEMPRE, haja vista que sempre SOBRA algumas MIGALHAS para isto e mais aquilo quando se trata do famoso CALA A BOCA&#8230;<\/p>\n<p>QUEM SOBREVIVER VAI SABER&#8230;<\/p>\n<p><strong><em>________________________<\/em><\/strong><\/p>\n<p><strong><em>(*) jornalista diplomado e professor universit\u00e1rio.<\/em><\/strong><\/p>\n<p><strong><em>e-mail: <\/em><\/strong><a href=\"mailto:barbosa.sebar@gmail.com\"><strong><em>barbosa.sebar@gmail.com<\/em><\/strong><\/a><\/p>\n<p>&nbsp;<\/p>\n","protected":false},"excerpt":{"rendered":"<p>\u00a0\u201cBrasil \u00e9 o \u00fanico circo onde o palha\u00e7o \u00e9 a pr\u00f3pria plateia.\u201d (Eziel Mingorance) \u00a0 S\u00e9rgio Barbosa (*) Isso mesmo prezados\/as PROVINCIANOS\/AS, ou seja, ap\u00f3s a divulga\u00e7\u00e3o dos ARTISTAS (sic) contratados para um dos EVENTOS patrocinados pelo PODER P\u00daBLICO, fica evidente que depois do tempo deste tempo, finalmente, o CIRCO CHEGOU nesta PROV\u00cdNCIA DO FAZ [&hellip;]<\/p>\n","protected":false},"author":13,"featured_media":51988,"comment_status":"closed","ping_status":"open","sticky":false,"template":"","format":"standard","meta":{"_acf_changed":false,"_exactmetrics_skip_tracking":false,"_exactmetrics_sitenote_active":false,"_exactmetrics_sitenote_note":"","_exactmetrics_sitenote_category":0,"footnotes":""},"categories":[59],"tags":[],"class_list":["post-57545","post","type-post","status-publish","format-standard","has-post-thumbnail","hentry","category-opiniao"],"acf":[],"yoast_head":"<!-- This site is optimized with the Yoast SEO plugin v27.2 - https:\/\/yoast.com\/product\/yoast-seo-wordpress\/ -->\n<title>Prov\u00edncia, \u201csem p\u00e3o e rem\u00e9dios\u201d, por\u00e9m, o Circo chegou... - R\u00e1dio Life FM<\/title>\n<meta name=\"robots\" content=\"index, follow, max-snippet:-1, max-image-preview:large, max-video-preview:-1\" \/>\n<link rel=\"canonical\" href=\"https:\/\/radiolifefm.com.br\/noticias\/provincia-sem-pao-e-remedios-porem-o-circo-chegou\/\" \/>\n<meta property=\"og:locale\" content=\"pt_BR\" \/>\n<meta property=\"og:type\" content=\"article\" \/>\n<meta property=\"og:title\" content=\"Prov\u00edncia, \u201csem p\u00e3o e rem\u00e9dios\u201d, por\u00e9m, o Circo chegou... - R\u00e1dio Life FM\" \/>\n<meta property=\"og:description\" content=\"\u00a0\u201cBrasil \u00e9 o \u00fanico circo onde o palha\u00e7o \u00e9 a pr\u00f3pria plateia.\u201d (Eziel Mingorance) \u00a0 S\u00e9rgio Barbosa (*) Isso mesmo prezados\/as PROVINCIANOS\/AS, ou seja, ap\u00f3s a divulga\u00e7\u00e3o dos ARTISTAS (sic) contratados para um dos EVENTOS patrocinados pelo PODER P\u00daBLICO, fica evidente que depois do tempo deste tempo, finalmente, o CIRCO CHEGOU nesta PROV\u00cdNCIA DO FAZ [&hellip;]\" \/>\n<meta property=\"og:url\" content=\"https:\/\/radiolifefm.com.br\/noticias\/provincia-sem-pao-e-remedios-porem-o-circo-chegou\/\" \/>\n<meta property=\"og:site_name\" content=\"R\u00e1dio Life FM\" \/>\n<meta property=\"article:publisher\" content=\"https:\/\/www.facebook.com\/radiolifefm\/\" \/>\n<meta property=\"article:published_time\" content=\"2022-08-29T11:03:29+00:00\" \/>\n<meta property=\"article:modified_time\" content=\"2026-01-16T23:27:52+00:00\" \/>\n<meta property=\"og:image\" content=\"https:\/\/radiolifefm.com.br\/noticias\/wp-content\/uploads\/2022\/04\/WhatsApp-Image-2022-04-10-at-18.43.02.jpeg\" \/>\n\t<meta property=\"og:image:width\" content=\"972\" \/>\n\t<meta property=\"og:image:height\" content=\"1296\" \/>\n\t<meta property=\"og:image:type\" content=\"image\/jpeg\" \/>\n<meta name=\"author\" content=\"ritanery\" \/>\n<meta name=\"twitter:card\" content=\"summary_large_image\" \/>\n<meta name=\"twitter:label1\" content=\"Escrito por\" \/>\n\t<meta name=\"twitter:data1\" content=\"ritanery\" \/>\n\t<meta name=\"twitter:label2\" content=\"Est. tempo de leitura\" \/>\n\t<meta name=\"twitter:data2\" content=\"3 minutos\" \/>\n<script type=\"application\/ld+json\" class=\"yoast-schema-graph\">{\"@context\":\"https:\/\/schema.org\",\"@graph\":[{\"@type\":\"Article\",\"@id\":\"https:\/\/radiolifefm.com.br\/noticias\/provincia-sem-pao-e-remedios-porem-o-circo-chegou\/#article\",\"isPartOf\":{\"@id\":\"https:\/\/radiolifefm.com.br\/noticias\/provincia-sem-pao-e-remedios-porem-o-circo-chegou\/\"},\"author\":{\"name\":\"ritanery\",\"@id\":\"https:\/\/radiolifefm.com.br\/noticias\/#\/schema\/person\/6339b9fac59d12b071dec680d7375d87\"},\"headline\":\"Prov\u00edncia, \u201csem p\u00e3o e rem\u00e9dios\u201d, por\u00e9m, o Circo chegou&#8230;\",\"datePublished\":\"2022-08-29T11:03:29+00:00\",\"dateModified\":\"2026-01-16T23:27:52+00:00\",\"mainEntityOfPage\":{\"@id\":\"https:\/\/radiolifefm.com.br\/noticias\/provincia-sem-pao-e-remedios-porem-o-circo-chegou\/\"},\"wordCount\":431,\"publisher\":{\"@id\":\"https:\/\/radiolifefm.com.br\/noticias\/#organization\"},\"image\":{\"@id\":\"https:\/\/radiolifefm.com.br\/noticias\/provincia-sem-pao-e-remedios-porem-o-circo-chegou\/#primaryimage\"},\"thumbnailUrl\":\"https:\/\/radiolifefm.com.br\/noticias\/wp-content\/uploads\/2022\/04\/WhatsApp-Image-2022-04-10-at-18.43.02.jpeg\",\"articleSection\":[\"Opini\u00e3o\"],\"inLanguage\":\"pt-BR\"},{\"@type\":\"WebPage\",\"@id\":\"https:\/\/radiolifefm.com.br\/noticias\/provincia-sem-pao-e-remedios-porem-o-circo-chegou\/\",\"url\":\"https:\/\/radiolifefm.com.br\/noticias\/provincia-sem-pao-e-remedios-porem-o-circo-chegou\/\",\"name\":\"Prov\u00edncia, \u201csem p\u00e3o e rem\u00e9dios\u201d, por\u00e9m, o Circo chegou... - R\u00e1dio Life FM\",\"isPartOf\":{\"@id\":\"https:\/\/radiolifefm.com.br\/noticias\/#website\"},\"primaryImageOfPage\":{\"@id\":\"https:\/\/radiolifefm.com.br\/noticias\/provincia-sem-pao-e-remedios-porem-o-circo-chegou\/#primaryimage\"},\"image\":{\"@id\":\"https:\/\/radiolifefm.com.br\/noticias\/provincia-sem-pao-e-remedios-porem-o-circo-chegou\/#primaryimage\"},\"thumbnailUrl\":\"https:\/\/radiolifefm.com.br\/noticias\/wp-content\/uploads\/2022\/04\/WhatsApp-Image-2022-04-10-at-18.43.02.jpeg\",\"datePublished\":\"2022-08-29T11:03:29+00:00\",\"dateModified\":\"2026-01-16T23:27:52+00:00\",\"breadcrumb\":{\"@id\":\"https:\/\/radiolifefm.com.br\/noticias\/provincia-sem-pao-e-remedios-porem-o-circo-chegou\/#breadcrumb\"},\"inLanguage\":\"pt-BR\",\"potentialAction\":[{\"@type\":\"ReadAction\",\"target\":[\"https:\/\/radiolifefm.com.br\/noticias\/provincia-sem-pao-e-remedios-porem-o-circo-chegou\/\"]}]},{\"@type\":\"ImageObject\",\"inLanguage\":\"pt-BR\",\"@id\":\"https:\/\/radiolifefm.com.br\/noticias\/provincia-sem-pao-e-remedios-porem-o-circo-chegou\/#primaryimage\",\"url\":\"https:\/\/radiolifefm.com.br\/noticias\/wp-content\/uploads\/2022\/04\/WhatsApp-Image-2022-04-10-at-18.43.02.jpeg\",\"contentUrl\":\"https:\/\/radiolifefm.com.br\/noticias\/wp-content\/uploads\/2022\/04\/WhatsApp-Image-2022-04-10-at-18.43.02.jpeg\",\"width\":972,\"height\":1296,\"caption\":\"S\u00e9rgio Barbosa\"},{\"@type\":\"BreadcrumbList\",\"@id\":\"https:\/\/radiolifefm.com.br\/noticias\/provincia-sem-pao-e-remedios-porem-o-circo-chegou\/#breadcrumb\",\"itemListElement\":[{\"@type\":\"ListItem\",\"position\":1,\"name\":\"In\u00edcio\",\"item\":\"https:\/\/radiolifefm.com.br\/noticias\/\"},{\"@type\":\"ListItem\",\"position\":2,\"name\":\"Prov\u00edncia, \u201csem p\u00e3o e rem\u00e9dios\u201d, por\u00e9m, o Circo chegou&#8230;\"}]},{\"@type\":\"WebSite\",\"@id\":\"https:\/\/radiolifefm.com.br\/noticias\/#website\",\"url\":\"https:\/\/radiolifefm.com.br\/noticias\/\",\"name\":\"R\u00e1dio Life FM\",\"description\":\"O Portal de Not\u00edcias de Adamantina\",\"publisher\":{\"@id\":\"https:\/\/radiolifefm.com.br\/noticias\/#organization\"},\"alternateName\":\"Life FM\",\"potentialAction\":[{\"@type\":\"SearchAction\",\"target\":{\"@type\":\"EntryPoint\",\"urlTemplate\":\"https:\/\/radiolifefm.com.br\/noticias\/?s={search_term_string}\"},\"query-input\":{\"@type\":\"PropertyValueSpecification\",\"valueRequired\":true,\"valueName\":\"search_term_string\"}}],\"inLanguage\":\"pt-BR\"},{\"@type\":\"Organization\",\"@id\":\"https:\/\/radiolifefm.com.br\/noticias\/#organization\",\"name\":\"R\u00e1dio Life FM\",\"alternateName\":\"Life FM\",\"url\":\"https:\/\/radiolifefm.com.br\/noticias\/\",\"logo\":{\"@type\":\"ImageObject\",\"inLanguage\":\"pt-BR\",\"@id\":\"https:\/\/radiolifefm.com.br\/noticias\/#\/schema\/logo\/image\/\",\"url\":\"https:\/\/static.radiolifefm.com.br\/noticias\/wp-content\/uploads\/2019\/10\/logo-lifefm.png\",\"contentUrl\":\"https:\/\/static.radiolifefm.com.br\/noticias\/wp-content\/uploads\/2019\/10\/logo-lifefm.png\",\"width\":196,\"height\":47,\"caption\":\"R\u00e1dio Life FM\"},\"image\":{\"@id\":\"https:\/\/radiolifefm.com.br\/noticias\/#\/schema\/logo\/image\/\"},\"sameAs\":[\"https:\/\/www.facebook.com\/radiolifefm\/\",\"https:\/\/www.instagram.com\/life1079fm\/\"]},{\"@type\":\"Person\",\"@id\":\"https:\/\/radiolifefm.com.br\/noticias\/#\/schema\/person\/6339b9fac59d12b071dec680d7375d87\",\"name\":\"ritanery\",\"image\":{\"@type\":\"ImageObject\",\"inLanguage\":\"pt-BR\",\"@id\":\"https:\/\/secure.gravatar.com\/avatar\/0e37bb19071f47c0b8a23f62a903df117c5a0e75f65a0c2901562f97cd41cf86?s=96&d=mm&r=g\",\"url\":\"https:\/\/secure.gravatar.com\/avatar\/0e37bb19071f47c0b8a23f62a903df117c5a0e75f65a0c2901562f97cd41cf86?s=96&d=mm&r=g\",\"contentUrl\":\"https:\/\/secure.gravatar.com\/avatar\/0e37bb19071f47c0b8a23f62a903df117c5a0e75f65a0c2901562f97cd41cf86?s=96&d=mm&r=g\",\"caption\":\"ritanery\"}}]}<\/script>\n<!-- \/ Yoast SEO plugin. -->","yoast_head_json":{"title":"Prov\u00edncia, \u201csem p\u00e3o e rem\u00e9dios\u201d, por\u00e9m, o Circo chegou... - R\u00e1dio Life FM","robots":{"index":"index","follow":"follow","max-snippet":"max-snippet:-1","max-image-preview":"max-image-preview:large","max-video-preview":"max-video-preview:-1"},"canonical":"https:\/\/radiolifefm.com.br\/noticias\/provincia-sem-pao-e-remedios-porem-o-circo-chegou\/","og_locale":"pt_BR","og_type":"article","og_title":"Prov\u00edncia, \u201csem p\u00e3o e rem\u00e9dios\u201d, por\u00e9m, o Circo chegou... - R\u00e1dio Life FM","og_description":"\u00a0\u201cBrasil \u00e9 o \u00fanico circo onde o palha\u00e7o \u00e9 a pr\u00f3pria plateia.\u201d (Eziel Mingorance) \u00a0 S\u00e9rgio Barbosa (*) Isso mesmo prezados\/as PROVINCIANOS\/AS, ou seja, ap\u00f3s a divulga\u00e7\u00e3o dos ARTISTAS (sic) contratados para um dos EVENTOS patrocinados pelo PODER P\u00daBLICO, fica evidente que depois do tempo deste tempo, finalmente, o CIRCO CHEGOU nesta PROV\u00cdNCIA DO FAZ [&hellip;]","og_url":"https:\/\/radiolifefm.com.br\/noticias\/provincia-sem-pao-e-remedios-porem-o-circo-chegou\/","og_site_name":"R\u00e1dio Life FM","article_publisher":"https:\/\/www.facebook.com\/radiolifefm\/","article_published_time":"2022-08-29T11:03:29+00:00","article_modified_time":"2026-01-16T23:27:52+00:00","og_image":[{"width":972,"height":1296,"url":"https:\/\/radiolifefm.com.br\/noticias\/wp-content\/uploads\/2022\/04\/WhatsApp-Image-2022-04-10-at-18.43.02.jpeg","type":"image\/jpeg"}],"author":"ritanery","twitter_card":"summary_large_image","twitter_misc":{"Escrito por":"ritanery","Est. tempo de leitura":"3 minutos"},"schema":{"@context":"https:\/\/schema.org","@graph":[{"@type":"Article","@id":"https:\/\/radiolifefm.com.br\/noticias\/provincia-sem-pao-e-remedios-porem-o-circo-chegou\/#article","isPartOf":{"@id":"https:\/\/radiolifefm.com.br\/noticias\/provincia-sem-pao-e-remedios-porem-o-circo-chegou\/"},"author":{"name":"ritanery","@id":"https:\/\/radiolifefm.com.br\/noticias\/#\/schema\/person\/6339b9fac59d12b071dec680d7375d87"},"headline":"Prov\u00edncia, \u201csem p\u00e3o e rem\u00e9dios\u201d, por\u00e9m, o Circo chegou&#8230;","datePublished":"2022-08-29T11:03:29+00:00","dateModified":"2026-01-16T23:27:52+00:00","mainEntityOfPage":{"@id":"https:\/\/radiolifefm.com.br\/noticias\/provincia-sem-pao-e-remedios-porem-o-circo-chegou\/"},"wordCount":431,"publisher":{"@id":"https:\/\/radiolifefm.com.br\/noticias\/#organization"},"image":{"@id":"https:\/\/radiolifefm.com.br\/noticias\/provincia-sem-pao-e-remedios-porem-o-circo-chegou\/#primaryimage"},"thumbnailUrl":"https:\/\/radiolifefm.com.br\/noticias\/wp-content\/uploads\/2022\/04\/WhatsApp-Image-2022-04-10-at-18.43.02.jpeg","articleSection":["Opini\u00e3o"],"inLanguage":"pt-BR"},{"@type":"WebPage","@id":"https:\/\/radiolifefm.com.br\/noticias\/provincia-sem-pao-e-remedios-porem-o-circo-chegou\/","url":"https:\/\/radiolifefm.com.br\/noticias\/provincia-sem-pao-e-remedios-porem-o-circo-chegou\/","name":"Prov\u00edncia, \u201csem p\u00e3o e rem\u00e9dios\u201d, por\u00e9m, o Circo chegou... - R\u00e1dio Life FM","isPartOf":{"@id":"https:\/\/radiolifefm.com.br\/noticias\/#website"},"primaryImageOfPage":{"@id":"https:\/\/radiolifefm.com.br\/noticias\/provincia-sem-pao-e-remedios-porem-o-circo-chegou\/#primaryimage"},"image":{"@id":"https:\/\/radiolifefm.com.br\/noticias\/provincia-sem-pao-e-remedios-porem-o-circo-chegou\/#primaryimage"},"thumbnailUrl":"https:\/\/radiolifefm.com.br\/noticias\/wp-content\/uploads\/2022\/04\/WhatsApp-Image-2022-04-10-at-18.43.02.jpeg","datePublished":"2022-08-29T11:03:29+00:00","dateModified":"2026-01-16T23:27:52+00:00","breadcrumb":{"@id":"https:\/\/radiolifefm.com.br\/noticias\/provincia-sem-pao-e-remedios-porem-o-circo-chegou\/#breadcrumb"},"inLanguage":"pt-BR","potentialAction":[{"@type":"ReadAction","target":["https:\/\/radiolifefm.com.br\/noticias\/provincia-sem-pao-e-remedios-porem-o-circo-chegou\/"]}]},{"@type":"ImageObject","inLanguage":"pt-BR","@id":"https:\/\/radiolifefm.com.br\/noticias\/provincia-sem-pao-e-remedios-porem-o-circo-chegou\/#primaryimage","url":"https:\/\/radiolifefm.com.br\/noticias\/wp-content\/uploads\/2022\/04\/WhatsApp-Image-2022-04-10-at-18.43.02.jpeg","contentUrl":"https:\/\/radiolifefm.com.br\/noticias\/wp-content\/uploads\/2022\/04\/WhatsApp-Image-2022-04-10-at-18.43.02.jpeg","width":972,"height":1296,"caption":"S\u00e9rgio Barbosa"},{"@type":"BreadcrumbList","@id":"https:\/\/radiolifefm.com.br\/noticias\/provincia-sem-pao-e-remedios-porem-o-circo-chegou\/#breadcrumb","itemListElement":[{"@type":"ListItem","position":1,"name":"In\u00edcio","item":"https:\/\/radiolifefm.com.br\/noticias\/"},{"@type":"ListItem","position":2,"name":"Prov\u00edncia, \u201csem p\u00e3o e rem\u00e9dios\u201d, por\u00e9m, o Circo chegou&#8230;"}]},{"@type":"WebSite","@id":"https:\/\/radiolifefm.com.br\/noticias\/#website","url":"https:\/\/radiolifefm.com.br\/noticias\/","name":"R\u00e1dio Life FM","description":"O Portal de Not\u00edcias de Adamantina","publisher":{"@id":"https:\/\/radiolifefm.com.br\/noticias\/#organization"},"alternateName":"Life FM","potentialAction":[{"@type":"SearchAction","target":{"@type":"EntryPoint","urlTemplate":"https:\/\/radiolifefm.com.br\/noticias\/?s={search_term_string}"},"query-input":{"@type":"PropertyValueSpecification","valueRequired":true,"valueName":"search_term_string"}}],"inLanguage":"pt-BR"},{"@type":"Organization","@id":"https:\/\/radiolifefm.com.br\/noticias\/#organization","name":"R\u00e1dio Life FM","alternateName":"Life FM","url":"https:\/\/radiolifefm.com.br\/noticias\/","logo":{"@type":"ImageObject","inLanguage":"pt-BR","@id":"https:\/\/radiolifefm.com.br\/noticias\/#\/schema\/logo\/image\/","url":"https:\/\/static.radiolifefm.com.br\/noticias\/wp-content\/uploads\/2019\/10\/logo-lifefm.png","contentUrl":"https:\/\/static.radiolifefm.com.br\/noticias\/wp-content\/uploads\/2019\/10\/logo-lifefm.png","width":196,"height":47,"caption":"R\u00e1dio Life FM"},"image":{"@id":"https:\/\/radiolifefm.com.br\/noticias\/#\/schema\/logo\/image\/"},"sameAs":["https:\/\/www.facebook.com\/radiolifefm\/","https:\/\/www.instagram.com\/life1079fm\/"]},{"@type":"Person","@id":"https:\/\/radiolifefm.com.br\/noticias\/#\/schema\/person\/6339b9fac59d12b071dec680d7375d87","name":"ritanery","image":{"@type":"ImageObject","inLanguage":"pt-BR","@id":"https:\/\/secure.gravatar.com\/avatar\/0e37bb19071f47c0b8a23f62a903df117c5a0e75f65a0c2901562f97cd41cf86?s=96&d=mm&r=g","url":"https:\/\/secure.gravatar.com\/avatar\/0e37bb19071f47c0b8a23f62a903df117c5a0e75f65a0c2901562f97cd41cf86?s=96&d=mm&r=g","contentUrl":"https:\/\/secure.gravatar.com\/avatar\/0e37bb19071f47c0b8a23f62a903df117c5a0e75f65a0c2901562f97cd41cf86?s=96&d=mm&r=g","caption":"ritanery"}}]}},"amp_enabled":true,"_links":{"self":[{"href":"https:\/\/radiolifefm.com.br\/noticias\/wp-json\/wp\/v2\/posts\/57545","targetHints":{"allow":["GET"]}}],"collection":[{"href":"https:\/\/radiolifefm.com.br\/noticias\/wp-json\/wp\/v2\/posts"}],"about":[{"href":"https:\/\/radiolifefm.com.br\/noticias\/wp-json\/wp\/v2\/types\/post"}],"author":[{"embeddable":true,"href":"https:\/\/radiolifefm.com.br\/noticias\/wp-json\/wp\/v2\/users\/13"}],"replies":[{"embeddable":true,"href":"https:\/\/radiolifefm.com.br\/noticias\/wp-json\/wp\/v2\/comments?post=57545"}],"version-history":[{"count":1,"href":"https:\/\/radiolifefm.com.br\/noticias\/wp-json\/wp\/v2\/posts\/57545\/revisions"}],"predecessor-version":[{"id":57546,"href":"https:\/\/radiolifefm.com.br\/noticias\/wp-json\/wp\/v2\/posts\/57545\/revisions\/57546"}],"wp:featuredmedia":[{"embeddable":true,"href":"https:\/\/radiolifefm.com.br\/noticias\/wp-json\/wp\/v2\/media\/51988"}],"wp:attachment":[{"href":"https:\/\/radiolifefm.com.br\/noticias\/wp-json\/wp\/v2\/media?parent=57545"}],"wp:term":[{"taxonomy":"category","embeddable":true,"href":"https:\/\/radiolifefm.com.br\/noticias\/wp-json\/wp\/v2\/categories?post=57545"},{"taxonomy":"post_tag","embeddable":true,"href":"https:\/\/radiolifefm.com.br\/noticias\/wp-json\/wp\/v2\/tags?post=57545"}],"curies":[{"name":"wp","href":"https:\/\/api.w.org\/{rel}","templated":true}]}}